{"id":9796,"date":"2025-09-03T21:17:18","date_gmt":"2025-09-03T19:17:18","guid":{"rendered":"https:\/\/vieassociative.be\/actualites\/google-facilite-le-partage-de-laudio-sur-plusieurs-ecouteurs\/"},"modified":"2025-09-03T21:17:18","modified_gmt":"2025-09-03T19:17:18","slug":"google-facilite-le-partage-de-laudio-sur-plusieurs-ecouteurs","status":"publish","type":"post","link":"https:\/\/vieassociative.be\/actualites\/google-facilite-le-partage-de-laudio-sur-plusieurs-ecouteurs\/","title":{"rendered":"Google facilite le partage de l&rsquo;audio sur plusieurs \u00e9couteurs"},"content":{"rendered":"<div class=\"mt-4 leading-6 md:mb-8\">Google \u00e9tend la prise en charge \u00ab\u00a0Auracast\u00a0\u00bb sur Android.<\/div>\n<p><\/p>\n<p><em>Saviez-vous que vous pouvez personnaliser Google pour filtrer les ordures? Prendre ces \u00e9tapes<\/em><em> Pour de meilleurs r\u00e9sultats de recherche, notamment en ajoutant mon travail chez Vie Associative comme source pr\u00e9f\u00e9r\u00e9e<\/em><em>.<\/em><\/p>\n<hr>\n<p>Si vous avez un pixel et que vous voulez \u00e9couter de la musique ou regarder un film avec un ami, vous n&rsquo;avez pas une tonne d&rsquo;options. Vous pouvez partager des \u00e9couteurs &#8211; qui, brut &#8211; ou \u00e9couter le haut-parleur, qui d\u00e9rangeront tout le monde autour de vous. Cela change maintenant, gr\u00e2ce \u00e0 un soutien \u00e9largi pour Auracast et Le Bluetooth Audio.  <\/p>\n<p>Le Audio est une norme Bluetooth qui permet une multitude de nouvelles fonctionnalit\u00e9s pour les appareils compatibles, notamment Auracast. Avec Auracast, un appareil peut sortir un signal audio que vous pouvez ramasser avec vos \u00e9couteurs ou vos aides auditives. Les cas d&rsquo;utilisation ex\u00e9cutent la gamme, du partage audio priv\u00e9 entre les appareils, \u00e0 la possibilit\u00e9 de puiser dans les annonces dans les espaces publics. <\/p>\n<div class=\"mx-auto mb-12 mt-5 w-full max-w-3xl rounded-md border-2 border-gray-100 p-3 shadow-md md:px-7 md:pb-7 md:pt-5\" id=\"related-video\">\n<div class=\"mb-3 flex items-center md:mb-5\">\n        <img decoding=\"async\" class=\"mr-4 mt-0 h-10 w-10 md:mr-5 md:h-12 md:w-12\" src=\"https:\/\/vieassociative.be\/actualites\/wp-content\/uploads\/2025\/08\/1754414314_422_Les-brins-du-NYT-daujourdhui-indiquent-et-repondent-pour-le.jpg\" alt=\"Logo Lifehacker\"><\/p><\/div>\n<div class=\"aspect-video w-full overflow-hidden rounded-md\">\n<div id=\"video-container-01K48E57EG6DGJYWEVXCP1CPJ9\"><\/div>\n<\/p><\/div>\n<\/div>\n<p>Google travaille sur l&rsquo;int\u00e9gration d&rsquo;Auracast avec Android depuis un certain temps maintenant, mais Android 16 Ratchets Up Support de mani\u00e8re majeure. La soci\u00e9t\u00e9 a annonc\u00e9 deux mises \u00e0 niveau cl\u00e9s d&rsquo;Auracast que les utilisateurs peuvent appr\u00e9cier, en supposant qu&rsquo;ils ont \u00e0 la fois un appareil Android pris en charge ainsi qu&rsquo;une paire d&rsquo;\u00e9couteurs audio. <\/p>\n<h2 id=\"expanded-auracast-support\">Support \u00e9largi Auracast <\/h2>\n<p>Tout d&rsquo;abord: Auracast ne fonctionnera que si vous avez des appareils qui le soutiennent. En tant que tel, une partie de l&rsquo;annonce d&rsquo;aujourd&rsquo;hui implique une prise en charge \u00e9largie de la norme: sur le front du p\u00e9riph\u00e9rique audio, Google dit qu&rsquo;il d\u00e9ploie les capacit\u00e9s audio LE pour les \u00e9couteurs Sony. Il d\u00e9ploie \u00e9galement le support d&rsquo;Auracast pour certains t\u00e9l\u00e9phones \u00e0 pixels. <\/p>\n<p>Avec cette nouvelle, il s&rsquo;agit de la liste compl\u00e8te des appareils Android de Google qui peuvent profiter d&rsquo;Auracast et de ses fonctionnalit\u00e9s:<\/p>\n<ul>\n<li>\n<p>Google Pixel 8 et plus r\u00e9cent<\/p>\n<\/li>\n<li>\n<p>Samsung Galaxy S23<\/p>\n<\/li>\n<li>\n<p>Samsung Galaxy S24<\/p>\n<\/li>\n<li>\n<p>Samsung Galaxy S25<\/p>\n<\/li>\n<li>\n<p>Samsung Galaxy z pli 5<\/p>\n<\/li>\n<li>\n<p>Samsung Galaxy z pli 6<\/p>\n<\/li>\n<li>\n<p>Samsung Galaxy z pli 7<\/p>\n<\/li>\n<li>\n<p>Xiaomi 14T<\/p>\n<\/li>\n<li>\n<p>Xiaomi 14t pro<\/p>\n<\/li>\n<li>\n<p>Xiaomi 14<\/p>\n<\/li>\n<li>\n<p>Xiaomi 15<\/p>\n<\/li>\n<li>\n<p>Xiaomi 14 Ultra<\/p>\n<\/li>\n<li>\n<p>Xiaomi 15 ultra<\/p>\n<\/li>\n<li>\n<p>Flip de m\u00e9lange de xiaomi<\/p>\n<\/li>\n<li>\n<p>POCO X6 Pro <\/p>\n<\/li>\n<li>\n<p>POCO F6 Pro<\/p>\n<\/li>\n<li>\n<p>POCO F7 Pro<\/p>\n<\/li>\n<li>\n<p>POCO F7 Ultra<\/p>\n<\/li>\n<\/ul>\n<h2 id=\"audio-sharing\">Partage audio<\/h2>\n<p>Si vous et un ami avez chacun une paire d&rsquo;appareils audio LE, vous pouvez d\u00e9sormais les associer simultan\u00e9ment \u00e0 votre appareil Android compatible pour partager l&rsquo;audio, ce qui est beaucoup plus pr\u00e9f\u00e9rable que le partage des \u00e9couteurs. Cela \u00e9tait possible auparavant sur certains appareils Android, mais il \u00e9tait beaucoup plus limit\u00e9 et similaire \u00e0 la fa\u00e7on dont Apple prend en charge les connexions AirPods ou bat simultan\u00e9es.<\/p>\n<p>De m\u00eame, vous pouvez \u00e9galement partager l&rsquo;audio dans AA \u00ab\u00a0Private Broadcast\u00a0\u00bb avec des groupes de personnes via Auracast. Les amis peuvent associer leurs \u00e9couteurs \u00e0 votre appareil via une paire rapide, ou peuvent scanner un code QR pour appuyer. Google ne dit pas s&rsquo;il y a une limite au nombre de participants sur ces \u00e9missions priv\u00e9es, bien que la soci\u00e9t\u00e9 dise que \u00ab\u00a0l&rsquo;ensemble du groupe\u00a0\u00bb peut sauter. Tous vos amis ont besoin d&rsquo;\u00eatre des \u00e9couteurs audio: m\u00eame s&rsquo;ils ont un smartphone ou un streaming diff\u00e9rent de celui-ci, ils peuvent toujours participer. <\/p>\n","protected":false},"excerpt":{"rendered":"<p>Google \u00e9tend la prise en charge \u00ab\u00a0Auracast\u00a0\u00bb sur Android. Saviez-vous que vous pouvez personnaliser Google pour filtrer les ordures? Prendre ces \u00e9tapes Pour de meilleurs<\/p>\n","protected":false},"author":1,"featured_media":9797,"comment_status":"","ping_status":"","sticky":false,"template":"","format":"standard","meta":{"footnotes":""},"categories":[13],"tags":[1537,448,968,8392,1276,3320,33],"class_list":["post-9796","post","type-post","status-publish","format-standard","has-post-thumbnail","hentry","category-technologie","tag-ecouteurs","tag-facilite","tag-google","tag-laudio","tag-partage","tag-plusieurs","tag-sur","generate-columns","tablet-grid-50","mobile-grid-100","grid-parent","grid-33"],"yoast_head":"<!-- This site is optimized with the Yoast SEO plugin v24.0 - https:\/\/yoast.com\/wordpress\/plugins\/seo\/ -->\n<title>Google facilite le partage de l&#039;audio sur plusieurs \u00e9couteurs | Vie Associative<\/title>\n<meta name=\"robots\" content=\"index, follow, max-snippet:-1, max-image-preview:large, max-video-preview:-1\" \/>\n<link rel=\"canonical\" href=\"https:\/\/vieassociative.be\/actualites\/google-facilite-le-partage-de-laudio-sur-plusieurs-ecouteurs\/\" \/>\n<meta property=\"og:locale\" content=\"fr_FR\" \/>\n<meta property=\"og:type\" content=\"article\" \/>\n<meta property=\"og:title\" content=\"Google facilite le partage de l&#039;audio sur plusieurs \u00e9couteurs | Vie Associative\" \/>\n<meta property=\"og:description\" content=\"Google \u00e9tend la prise en charge \u00ab\u00a0Auracast\u00a0\u00bb sur Android. Saviez-vous que vous pouvez personnaliser Google pour filtrer les ordures? Prendre ces \u00e9tapes Pour de meilleurs\" \/>\n<meta property=\"og:url\" content=\"https:\/\/vieassociative.be\/actualites\/google-facilite-le-partage-de-laudio-sur-plusieurs-ecouteurs\/\" \/>\n<meta property=\"og:site_name\" content=\"Vie Associative\" \/>\n<meta property=\"article:published_time\" content=\"2025-09-03T19:17:18+00:00\" \/>\n<meta property=\"og:image\" content=\"https:\/\/vieassociative.be\/actualites\/wp-content\/uploads\/2025\/08\/1754414314_422_Les-brins-du-NYT-daujourdhui-indiquent-et-repondent-pour-le.jpg\" \/>\n<meta name=\"author\" content=\"Julien\" \/>\n<meta name=\"twitter:card\" content=\"summary_large_image\" \/>\n<meta name=\"twitter:label1\" content=\"\u00c9crit par\" \/>\n\t<meta name=\"twitter:data1\" content=\"Julien\" \/>\n\t<meta name=\"twitter:label2\" content=\"Dur\u00e9e de lecture est.\" \/>\n\t<meta name=\"twitter:data2\" content=\"3 minutes\" \/>\n<script type=\"application\/ld+json\" class=\"yoast-schema-graph\">{\"@context\":\"https:\/\/schema.org\",\"@graph\":[{\"@type\":\"Article\",\"@id\":\"https:\/\/vieassociative.be\/actualites\/google-facilite-le-partage-de-laudio-sur-plusieurs-ecouteurs\/#article\",\"isPartOf\":{\"@id\":\"https:\/\/vieassociative.be\/actualites\/google-facilite-le-partage-de-laudio-sur-plusieurs-ecouteurs\/\"},\"author\":{\"name\":\"Julien\",\"@id\":\"https:\/\/vieassociative.be\/actualites\/#\/schema\/person\/b87ac4f82f9d4e7b7cec7395b679edc4\"},\"headline\":\"Google facilite le partage de l&rsquo;audio sur plusieurs \u00e9couteurs\",\"datePublished\":\"2025-09-03T19:17:18+00:00\",\"dateModified\":\"2025-09-03T19:17:18+00:00\",\"mainEntityOfPage\":{\"@id\":\"https:\/\/vieassociative.be\/actualites\/google-facilite-le-partage-de-laudio-sur-plusieurs-ecouteurs\/\"},\"wordCount\":578,\"publisher\":{\"@id\":\"https:\/\/vieassociative.be\/actualites\/#organization\"},\"image\":{\"@id\":\"https:\/\/vieassociative.be\/actualites\/google-facilite-le-partage-de-laudio-sur-plusieurs-ecouteurs\/#primaryimage\"},\"thumbnailUrl\":\"https:\/\/vieassociative.be\/actualites\/wp-content\/uploads\/2025\/09\/Google-facilite-le-partage-de-laudio-sur-plusieurs-ecouteurs.png\",\"keywords\":[\"\u00e9couteurs\",\"facilite\",\"Google\",\"laudio\",\"partag\u00e9\",\"Plusieurs\",\"sur\"],\"articleSection\":[\"Technologie\"],\"inLanguage\":\"fr-BE\"},{\"@type\":\"WebPage\",\"@id\":\"https:\/\/vieassociative.be\/actualites\/google-facilite-le-partage-de-laudio-sur-plusieurs-ecouteurs\/\",\"url\":\"https:\/\/vieassociative.be\/actualites\/google-facilite-le-partage-de-laudio-sur-plusieurs-ecouteurs\/\",\"name\":\"Google facilite le partage de l'audio sur plusieurs \u00e9couteurs | Vie Associative\",\"isPartOf\":{\"@id\":\"https:\/\/vieassociative.be\/actualites\/#website\"},\"primaryImageOfPage\":{\"@id\":\"https:\/\/vieassociative.be\/actualites\/google-facilite-le-partage-de-laudio-sur-plusieurs-ecouteurs\/#primaryimage\"},\"image\":{\"@id\":\"https:\/\/vieassociative.be\/actualites\/google-facilite-le-partage-de-laudio-sur-plusieurs-ecouteurs\/#primaryimage\"},\"thumbnailUrl\":\"https:\/\/vieassociative.be\/actualites\/wp-content\/uploads\/2025\/09\/Google-facilite-le-partage-de-laudio-sur-plusieurs-ecouteurs.png\",\"datePublished\":\"2025-09-03T19:17:18+00:00\",\"dateModified\":\"2025-09-03T19:17:18+00:00\",\"breadcrumb\":{\"@id\":\"https:\/\/vieassociative.be\/actualites\/google-facilite-le-partage-de-laudio-sur-plusieurs-ecouteurs\/#breadcrumb\"},\"inLanguage\":\"fr-BE\",\"potentialAction\":[{\"@type\":\"ReadAction\",\"target\":[\"https:\/\/vieassociative.be\/actualites\/google-facilite-le-partage-de-laudio-sur-plusieurs-ecouteurs\/\"]}]},{\"@type\":\"ImageObject\",\"inLanguage\":\"fr-BE\",\"@id\":\"https:\/\/vieassociative.be\/actualites\/google-facilite-le-partage-de-laudio-sur-plusieurs-ecouteurs\/#primaryimage\",\"url\":\"https:\/\/vieassociative.be\/actualites\/wp-content\/uploads\/2025\/09\/Google-facilite-le-partage-de-laudio-sur-plusieurs-ecouteurs.png\",\"contentUrl\":\"https:\/\/vieassociative.be\/actualites\/wp-content\/uploads\/2025\/09\/Google-facilite-le-partage-de-laudio-sur-plusieurs-ecouteurs.png\",\"width\":1200,\"height\":675,\"caption\":\"Google facilite le partage de l'audio sur plusieurs \u00e9couteurs\"},{\"@type\":\"BreadcrumbList\",\"@id\":\"https:\/\/vieassociative.be\/actualites\/google-facilite-le-partage-de-laudio-sur-plusieurs-ecouteurs\/#breadcrumb\",\"itemListElement\":[{\"@type\":\"ListItem\",\"position\":1,\"name\":\"Accueil\",\"item\":\"https:\/\/vieassociative.be\/actualites\/\"},{\"@type\":\"ListItem\",\"position\":2,\"name\":\"Google facilite le partage de l&rsquo;audio sur plusieurs \u00e9couteurs\"}]},{\"@type\":\"WebSite\",\"@id\":\"https:\/\/vieassociative.be\/actualites\/#website\",\"url\":\"https:\/\/vieassociative.be\/actualites\/\",\"name\":\"Vie Associative\",\"description\":\"\",\"publisher\":{\"@id\":\"https:\/\/vieassociative.be\/actualites\/#organization\"},\"potentialAction\":[{\"@type\":\"SearchAction\",\"target\":{\"@type\":\"EntryPoint\",\"urlTemplate\":\"https:\/\/vieassociative.be\/actualites\/?s={search_term_string}\"},\"query-input\":{\"@type\":\"PropertyValueSpecification\",\"valueRequired\":true,\"valueName\":\"search_term_string\"}}],\"inLanguage\":\"fr-BE\"},{\"@type\":\"Organization\",\"@id\":\"https:\/\/vieassociative.be\/actualites\/#organization\",\"name\":\"Vie Associative\",\"url\":\"https:\/\/vieassociative.be\/actualites\/\",\"logo\":{\"@type\":\"ImageObject\",\"inLanguage\":\"fr-BE\",\"@id\":\"https:\/\/vieassociative.be\/actualites\/#\/schema\/logo\/image\/\",\"url\":\"https:\/\/vieassociative.be\/actualites\/wp-content\/uploads\/2024\/09\/cropped-vieassociative_favicon.ico.png\",\"contentUrl\":\"https:\/\/vieassociative.be\/actualites\/wp-content\/uploads\/2024\/09\/cropped-vieassociative_favicon.ico.png\",\"width\":512,\"height\":512,\"caption\":\"Vie Associative\"},\"image\":{\"@id\":\"https:\/\/vieassociative.be\/actualites\/#\/schema\/logo\/image\/\"}},{\"@type\":\"Person\",\"@id\":\"https:\/\/vieassociative.be\/actualites\/#\/schema\/person\/b87ac4f82f9d4e7b7cec7395b679edc4\",\"name\":\"Julien\",\"image\":{\"@type\":\"ImageObject\",\"inLanguage\":\"fr-BE\",\"@id\":\"https:\/\/vieassociative.be\/actualites\/#\/schema\/person\/image\/\",\"url\":\"https:\/\/vieassociative.be\/actualites\/wp-content\/uploads\/2024\/09\/vie-associative-1-150x150.jpg\",\"contentUrl\":\"https:\/\/vieassociative.be\/actualites\/wp-content\/uploads\/2024\/09\/vie-associative-1-150x150.jpg\",\"caption\":\"Julien\"},\"description\":\"Je suis Julien, r\u00e9dacteur pour Vie Associative. Passionn\u00e9 par le monde associatif depuis plus de 10 ans, j'ai \u00e0 c\u0153ur de partager des histoires inspirantes et de mettre en lumi\u00e8re les initiatives locales. Mon objectif est de sensibiliser et d'encourager l'engagement communautaire \u00e0 travers mes articles.\",\"sameAs\":[\"https:\/\/vieassociative.be\/\"]}]}<\/script>\n<!-- \/ Yoast SEO plugin. -->","yoast_head_json":{"title":"Google facilite le partage de l'audio sur plusieurs \u00e9couteurs | Vie Associative","robots":{"index":"index","follow":"follow","max-snippet":"max-snippet:-1","max-image-preview":"max-image-preview:large","max-video-preview":"max-video-preview:-1"},"canonical":"https:\/\/vieassociative.be\/actualites\/google-facilite-le-partage-de-laudio-sur-plusieurs-ecouteurs\/","og_locale":"fr_FR","og_type":"article","og_title":"Google facilite le partage de l'audio sur plusieurs \u00e9couteurs | Vie Associative","og_description":"Google \u00e9tend la prise en charge \u00ab\u00a0Auracast\u00a0\u00bb sur Android. Saviez-vous que vous pouvez personnaliser Google pour filtrer les ordures? Prendre ces \u00e9tapes Pour de meilleurs","og_url":"https:\/\/vieassociative.be\/actualites\/google-facilite-le-partage-de-laudio-sur-plusieurs-ecouteurs\/","og_site_name":"Vie Associative","article_published_time":"2025-09-03T19:17:18+00:00","og_image":[{"url":"https:\/\/vieassociative.be\/actualites\/wp-content\/uploads\/2025\/08\/1754414314_422_Les-brins-du-NYT-daujourdhui-indiquent-et-repondent-pour-le.jpg","type":"","width":"","height":""}],"author":"Julien","twitter_card":"summary_large_image","twitter_misc":{"\u00c9crit par":"Julien","Dur\u00e9e de lecture est.":"3 minutes"},"schema":{"@context":"https:\/\/schema.org","@graph":[{"@type":"Article","@id":"https:\/\/vieassociative.be\/actualites\/google-facilite-le-partage-de-laudio-sur-plusieurs-ecouteurs\/#article","isPartOf":{"@id":"https:\/\/vieassociative.be\/actualites\/google-facilite-le-partage-de-laudio-sur-plusieurs-ecouteurs\/"},"author":{"name":"Julien","@id":"https:\/\/vieassociative.be\/actualites\/#\/schema\/person\/b87ac4f82f9d4e7b7cec7395b679edc4"},"headline":"Google facilite le partage de l&rsquo;audio sur plusieurs \u00e9couteurs","datePublished":"2025-09-03T19:17:18+00:00","dateModified":"2025-09-03T19:17:18+00:00","mainEntityOfPage":{"@id":"https:\/\/vieassociative.be\/actualites\/google-facilite-le-partage-de-laudio-sur-plusieurs-ecouteurs\/"},"wordCount":578,"publisher":{"@id":"https:\/\/vieassociative.be\/actualites\/#organization"},"image":{"@id":"https:\/\/vieassociative.be\/actualites\/google-facilite-le-partage-de-laudio-sur-plusieurs-ecouteurs\/#primaryimage"},"thumbnailUrl":"https:\/\/vieassociative.be\/actualites\/wp-content\/uploads\/2025\/09\/Google-facilite-le-partage-de-laudio-sur-plusieurs-ecouteurs.png","keywords":["\u00e9couteurs","facilite","Google","laudio","partag\u00e9","Plusieurs","sur"],"articleSection":["Technologie"],"inLanguage":"fr-BE"},{"@type":"WebPage","@id":"https:\/\/vieassociative.be\/actualites\/google-facilite-le-partage-de-laudio-sur-plusieurs-ecouteurs\/","url":"https:\/\/vieassociative.be\/actualites\/google-facilite-le-partage-de-laudio-sur-plusieurs-ecouteurs\/","name":"Google facilite le partage de l'audio sur plusieurs \u00e9couteurs | Vie Associative","isPartOf":{"@id":"https:\/\/vieassociative.be\/actualites\/#website"},"primaryImageOfPage":{"@id":"https:\/\/vieassociative.be\/actualites\/google-facilite-le-partage-de-laudio-sur-plusieurs-ecouteurs\/#primaryimage"},"image":{"@id":"https:\/\/vieassociative.be\/actualites\/google-facilite-le-partage-de-laudio-sur-plusieurs-ecouteurs\/#primaryimage"},"thumbnailUrl":"https:\/\/vieassociative.be\/actualites\/wp-content\/uploads\/2025\/09\/Google-facilite-le-partage-de-laudio-sur-plusieurs-ecouteurs.png","datePublished":"2025-09-03T19:17:18+00:00","dateModified":"2025-09-03T19:17:18+00:00","breadcrumb":{"@id":"https:\/\/vieassociative.be\/actualites\/google-facilite-le-partage-de-laudio-sur-plusieurs-ecouteurs\/#breadcrumb"},"inLanguage":"fr-BE","potentialAction":[{"@type":"ReadAction","target":["https:\/\/vieassociative.be\/actualites\/google-facilite-le-partage-de-laudio-sur-plusieurs-ecouteurs\/"]}]},{"@type":"ImageObject","inLanguage":"fr-BE","@id":"https:\/\/vieassociative.be\/actualites\/google-facilite-le-partage-de-laudio-sur-plusieurs-ecouteurs\/#primaryimage","url":"https:\/\/vieassociative.be\/actualites\/wp-content\/uploads\/2025\/09\/Google-facilite-le-partage-de-laudio-sur-plusieurs-ecouteurs.png","contentUrl":"https:\/\/vieassociative.be\/actualites\/wp-content\/uploads\/2025\/09\/Google-facilite-le-partage-de-laudio-sur-plusieurs-ecouteurs.png","width":1200,"height":675,"caption":"Google facilite le partage de l'audio sur plusieurs \u00e9couteurs"},{"@type":"BreadcrumbList","@id":"https:\/\/vieassociative.be\/actualites\/google-facilite-le-partage-de-laudio-sur-plusieurs-ecouteurs\/#breadcrumb","itemListElement":[{"@type":"ListItem","position":1,"name":"Accueil","item":"https:\/\/vieassociative.be\/actualites\/"},{"@type":"ListItem","position":2,"name":"Google facilite le partage de l&rsquo;audio sur plusieurs \u00e9couteurs"}]},{"@type":"WebSite","@id":"https:\/\/vieassociative.be\/actualites\/#website","url":"https:\/\/vieassociative.be\/actualites\/","name":"Vie Associative","description":"","publisher":{"@id":"https:\/\/vieassociative.be\/actualites\/#organization"},"potentialAction":[{"@type":"SearchAction","target":{"@type":"EntryPoint","urlTemplate":"https:\/\/vieassociative.be\/actualites\/?s={search_term_string}"},"query-input":{"@type":"PropertyValueSpecification","valueRequired":true,"valueName":"search_term_string"}}],"inLanguage":"fr-BE"},{"@type":"Organization","@id":"https:\/\/vieassociative.be\/actualites\/#organization","name":"Vie Associative","url":"https:\/\/vieassociative.be\/actualites\/","logo":{"@type":"ImageObject","inLanguage":"fr-BE","@id":"https:\/\/vieassociative.be\/actualites\/#\/schema\/logo\/image\/","url":"https:\/\/vieassociative.be\/actualites\/wp-content\/uploads\/2024\/09\/cropped-vieassociative_favicon.ico.png","contentUrl":"https:\/\/vieassociative.be\/actualites\/wp-content\/uploads\/2024\/09\/cropped-vieassociative_favicon.ico.png","width":512,"height":512,"caption":"Vie Associative"},"image":{"@id":"https:\/\/vieassociative.be\/actualites\/#\/schema\/logo\/image\/"}},{"@type":"Person","@id":"https:\/\/vieassociative.be\/actualites\/#\/schema\/person\/b87ac4f82f9d4e7b7cec7395b679edc4","name":"Julien","image":{"@type":"ImageObject","inLanguage":"fr-BE","@id":"https:\/\/vieassociative.be\/actualites\/#\/schema\/person\/image\/","url":"https:\/\/vieassociative.be\/actualites\/wp-content\/uploads\/2024\/09\/vie-associative-1-150x150.jpg","contentUrl":"https:\/\/vieassociative.be\/actualites\/wp-content\/uploads\/2024\/09\/vie-associative-1-150x150.jpg","caption":"Julien"},"description":"Je suis Julien, r\u00e9dacteur pour Vie Associative. Passionn\u00e9 par le monde associatif depuis plus de 10 ans, j'ai \u00e0 c\u0153ur de partager des histoires inspirantes et de mettre en lumi\u00e8re les initiatives locales. Mon objectif est de sensibiliser et d'encourager l'engagement communautaire \u00e0 travers mes articles.","sameAs":["https:\/\/vieassociative.be\/"]}]}},"_links":{"self":[{"href":"https:\/\/vieassociative.be\/actualites\/wp-json\/wp\/v2\/posts\/9796"}],"collection":[{"href":"https:\/\/vieassociative.be\/actualites\/wp-json\/wp\/v2\/posts"}],"about":[{"href":"https:\/\/vieassociative.be\/actualites\/wp-json\/wp\/v2\/types\/post"}],"author":[{"embeddable":true,"href":"https:\/\/vieassociative.be\/actualites\/wp-json\/wp\/v2\/users\/1"}],"replies":[{"embeddable":true,"href":"https:\/\/vieassociative.be\/actualites\/wp-json\/wp\/v2\/comments?post=9796"}],"version-history":[{"count":0,"href":"https:\/\/vieassociative.be\/actualites\/wp-json\/wp\/v2\/posts\/9796\/revisions"}],"wp:featuredmedia":[{"embeddable":true,"href":"https:\/\/vieassociative.be\/actualites\/wp-json\/wp\/v2\/media\/9797"}],"wp:attachment":[{"href":"https:\/\/vieassociative.be\/actualites\/wp-json\/wp\/v2\/media?parent=9796"}],"wp:term":[{"taxonomy":"category","embeddable":true,"href":"https:\/\/vieassociative.be\/actualites\/wp-json\/wp\/v2\/categories?post=9796"},{"taxonomy":"post_tag","embeddable":true,"href":"https:\/\/vieassociative.be\/actualites\/wp-json\/wp\/v2\/tags?post=9796"}],"curies":[{"name":"wp","href":"https:\/\/api.w.org\/{rel}","templated":true}]}}