{"id":9792,"date":"2025-09-03T16:24:21","date_gmt":"2025-09-03T14:24:21","guid":{"rendered":"https:\/\/vieassociative.be\/actualites\/monde-de-leau-fascinant-sur-le-velo-a-travers-eupens\/"},"modified":"2025-09-03T16:24:21","modified_gmt":"2025-09-03T14:24:21","slug":"monde-de-leau-fascinant-sur-le-velo-a-travers-eupens","status":"publish","type":"post","link":"https:\/\/vieassociative.be\/actualites\/monde-de-leau-fascinant-sur-le-velo-a-travers-eupens\/","title":{"rendered":"Monde de l&rsquo;eau fascinant sur le v\u00e9lo \u00e0 travers Eupens"},"content":{"rendered":"<p><strong>Un weser, une colline en une g\u00e9n\u00e9ration: immerger dans le monde de l&rsquo;eau fascinant autour d&rsquo;Eupen &#8211; dirig\u00e9 par le Guide de la nature et auteur Peter Schmitz, connu pour son livre \u00ab\u00a0On the Trail of Life\u00a0\u00bb.<\/strong><\/p>\n<p><span id=\"more-423710\"><\/span>Vous pouvez ressentir l&rsquo;importance de l&rsquo;eau d&rsquo;Eupen de pr\u00e8s sur environ 20 kilom\u00e8tres et 220 m\u00e8tres d&rsquo;altitude &#8211; et cela sur deux roues! La randonn\u00e9e de v\u00e9lo guid\u00e9e prend environ trois heures et le fait dans un voyage passionnant de d\u00e9couverte.<\/p>\n<p><strong>&#8211; en un coup d&rsquo;\u0153il: un coup d&rsquo;\u0153il:<\/strong> Le d\u00e9but est \u00e0 ScheiblerPlatz dans l&rsquo;UPnercol UnterStadt. De l\u00e0, il monte \u00e0 l&rsquo;\u00e9tage sur le Wetzlarbad jusqu&rsquo;au pont noir et vers le Hilltalsperre. Ensuite, l&rsquo;itin\u00e9raire m\u00e8ne \u00e0 la couronne de la chaire et \u00e0 l&rsquo;\u00e9tang idyllique Clouse. <\/p>\n<p>Nous continuons vers le barrage du Wesertalsperre et de l&rsquo;usine de traitement des eaux us\u00e9es avant d&rsquo;atteindre le Weserpavillon dans le Temsepark via Langesthal, Bellmerin, Haagenstra\u00dfe et Weserstrasse &#8211; o\u00f9 notre visite se termine confortablement.<\/p>\n<p><strong>&#8211; Commencez dans la ville inf\u00e9rieure.<\/strong> ScheiblerPlatz (14 h), fin de la tourn\u00e9e sur le Weserpavillon dans le Temsepark (environ 17 h)<\/p>\n<p><strong>&#8211; Frais de participation:<\/strong> 12,00 \u20ac par personne (barre d&rsquo;origine, par contact bancaire au bureau ou par transfert bancaire sur le compte BE25 7312 0050 0082)<\/p>\n<p><strong>&#8211; Inscription requise:<\/strong><\/p>\n<p>T\u00e9l: +32 (0) 87 55 34 50<br \/>\nMail: info@rsm-eupen.be<br \/>\n(Le nombre de participants est limit\u00e9 &#8211; s&rsquo;inscrivez-vous rapidement!)<\/p>\n<p><em>Remarque &#8211; B\u00e9lo de financement requis | Obligation de casque | Participation \u00e0 vos propres risques.<\/em><\/p>\n","protected":false},"excerpt":{"rendered":"<p>Un weser, une colline en une g\u00e9n\u00e9ration: immerger dans le monde de l&rsquo;eau fascinant autour d&rsquo;Eupen &#8211; dirig\u00e9 par le Guide de la nature et<\/p>\n","protected":false},"author":1,"featured_media":9793,"comment_status":"","ping_status":"","sticky":false,"template":"","format":"standard","meta":{"footnotes":""},"categories":[298],"tags":[8388,8387,1438,237,33,838,921],"class_list":["post-9792","post","type-post","status-publish","format-standard","has-post-thumbnail","hentry","category-belgique","tag-eupens","tag-fascinant","tag-leau","tag-monde","tag-sur","tag-travers","tag-velo","generate-columns","tablet-grid-50","mobile-grid-100","grid-parent","grid-33"],"yoast_head":"<!-- This site is optimized with the Yoast SEO plugin v24.0 - https:\/\/yoast.com\/wordpress\/plugins\/seo\/ -->\n<title>Monde de l&#039;eau fascinant sur le v\u00e9lo \u00e0 travers Eupens | Vie Associative<\/title>\n<meta name=\"robots\" content=\"index, follow, max-snippet:-1, max-image-preview:large, max-video-preview:-1\" \/>\n<link rel=\"canonical\" href=\"https:\/\/vieassociative.be\/actualites\/monde-de-leau-fascinant-sur-le-velo-a-travers-eupens\/\" \/>\n<meta property=\"og:locale\" content=\"fr_FR\" \/>\n<meta property=\"og:type\" content=\"article\" \/>\n<meta property=\"og:title\" content=\"Monde de l&#039;eau fascinant sur le v\u00e9lo \u00e0 travers Eupens | Vie Associative\" \/>\n<meta property=\"og:description\" content=\"Un weser, une colline en une g\u00e9n\u00e9ration: immerger dans le monde de l&rsquo;eau fascinant autour d&rsquo;Eupen &#8211; dirig\u00e9 par le Guide de la nature et\" \/>\n<meta property=\"og:url\" content=\"https:\/\/vieassociative.be\/actualites\/monde-de-leau-fascinant-sur-le-velo-a-travers-eupens\/\" \/>\n<meta property=\"og:site_name\" content=\"Vie Associative\" \/>\n<meta property=\"article:published_time\" content=\"2025-09-03T14:24:21+00:00\" \/>\n<meta property=\"og:image\" content=\"https:\/\/vieassociative.be\/actualites\/wp-content\/uploads\/2024\/09\/header_backgroundk-01-e1726694325946.png\" \/>\n\t<meta property=\"og:image:width\" content=\"279\" \/>\n\t<meta property=\"og:image:height\" content=\"92\" \/>\n\t<meta property=\"og:image:type\" content=\"image\/png\" \/>\n<meta name=\"author\" content=\"Julien\" \/>\n<meta name=\"twitter:card\" content=\"summary_large_image\" \/>\n<meta name=\"twitter:label1\" content=\"\u00c9crit par\" \/>\n\t<meta name=\"twitter:data1\" content=\"Julien\" \/>\n\t<meta name=\"twitter:label2\" content=\"Dur\u00e9e de lecture est.\" \/>\n\t<meta name=\"twitter:data2\" content=\"1 minute\" \/>\n<script type=\"application\/ld+json\" class=\"yoast-schema-graph\">{\"@context\":\"https:\/\/schema.org\",\"@graph\":[{\"@type\":\"Article\",\"@id\":\"https:\/\/vieassociative.be\/actualites\/monde-de-leau-fascinant-sur-le-velo-a-travers-eupens\/#article\",\"isPartOf\":{\"@id\":\"https:\/\/vieassociative.be\/actualites\/monde-de-leau-fascinant-sur-le-velo-a-travers-eupens\/\"},\"author\":{\"name\":\"Julien\",\"@id\":\"https:\/\/vieassociative.be\/actualites\/#\/schema\/person\/b87ac4f82f9d4e7b7cec7395b679edc4\"},\"headline\":\"Monde de l&rsquo;eau fascinant sur le v\u00e9lo \u00e0 travers Eupens\",\"datePublished\":\"2025-09-03T14:24:21+00:00\",\"dateModified\":\"2025-09-03T14:24:21+00:00\",\"mainEntityOfPage\":{\"@id\":\"https:\/\/vieassociative.be\/actualites\/monde-de-leau-fascinant-sur-le-velo-a-travers-eupens\/\"},\"wordCount\":270,\"publisher\":{\"@id\":\"https:\/\/vieassociative.be\/actualites\/#organization\"},\"image\":{\"@id\":\"https:\/\/vieassociative.be\/actualites\/monde-de-leau-fascinant-sur-le-velo-a-travers-eupens\/#primaryimage\"},\"thumbnailUrl\":\"https:\/\/vieassociative.be\/actualites\/wp-content\/uploads\/2025\/09\/Monde-de-leau-fascinant-sur-le-velo-a-travers-Eupens.jpg\",\"keywords\":[\"Eupens\",\"fascinant\",\"leau\",\"monde\",\"sur\",\"travers\",\"v\u00e9lo\"],\"articleSection\":[\"Belgique\"],\"inLanguage\":\"fr-BE\"},{\"@type\":\"WebPage\",\"@id\":\"https:\/\/vieassociative.be\/actualites\/monde-de-leau-fascinant-sur-le-velo-a-travers-eupens\/\",\"url\":\"https:\/\/vieassociative.be\/actualites\/monde-de-leau-fascinant-sur-le-velo-a-travers-eupens\/\",\"name\":\"Monde de l'eau fascinant sur le v\u00e9lo \u00e0 travers Eupens | Vie Associative\",\"isPartOf\":{\"@id\":\"https:\/\/vieassociative.be\/actualites\/#website\"},\"primaryImageOfPage\":{\"@id\":\"https:\/\/vieassociative.be\/actualites\/monde-de-leau-fascinant-sur-le-velo-a-travers-eupens\/#primaryimage\"},\"image\":{\"@id\":\"https:\/\/vieassociative.be\/actualites\/monde-de-leau-fascinant-sur-le-velo-a-travers-eupens\/#primaryimage\"},\"thumbnailUrl\":\"https:\/\/vieassociative.be\/actualites\/wp-content\/uploads\/2025\/09\/Monde-de-leau-fascinant-sur-le-velo-a-travers-Eupens.jpg\",\"datePublished\":\"2025-09-03T14:24:21+00:00\",\"dateModified\":\"2025-09-03T14:24:21+00:00\",\"breadcrumb\":{\"@id\":\"https:\/\/vieassociative.be\/actualites\/monde-de-leau-fascinant-sur-le-velo-a-travers-eupens\/#breadcrumb\"},\"inLanguage\":\"fr-BE\",\"potentialAction\":[{\"@type\":\"ReadAction\",\"target\":[\"https:\/\/vieassociative.be\/actualites\/monde-de-leau-fascinant-sur-le-velo-a-travers-eupens\/\"]}]},{\"@type\":\"ImageObject\",\"inLanguage\":\"fr-BE\",\"@id\":\"https:\/\/vieassociative.be\/actualites\/monde-de-leau-fascinant-sur-le-velo-a-travers-eupens\/#primaryimage\",\"url\":\"https:\/\/vieassociative.be\/actualites\/wp-content\/uploads\/2025\/09\/Monde-de-leau-fascinant-sur-le-velo-a-travers-Eupens.jpg\",\"contentUrl\":\"https:\/\/vieassociative.be\/actualites\/wp-content\/uploads\/2025\/09\/Monde-de-leau-fascinant-sur-le-velo-a-travers-Eupens.jpg\",\"width\":1200,\"height\":554,\"caption\":\"Monde de l'eau fascinant sur le v\u00e9lo \u00e0 travers Eupens\"},{\"@type\":\"BreadcrumbList\",\"@id\":\"https:\/\/vieassociative.be\/actualites\/monde-de-leau-fascinant-sur-le-velo-a-travers-eupens\/#breadcrumb\",\"itemListElement\":[{\"@type\":\"ListItem\",\"position\":1,\"name\":\"Accueil\",\"item\":\"https:\/\/vieassociative.be\/actualites\/\"},{\"@type\":\"ListItem\",\"position\":2,\"name\":\"Monde de l&rsquo;eau fascinant sur le v\u00e9lo \u00e0 travers Eupens\"}]},{\"@type\":\"WebSite\",\"@id\":\"https:\/\/vieassociative.be\/actualites\/#website\",\"url\":\"https:\/\/vieassociative.be\/actualites\/\",\"name\":\"Vie Associative\",\"description\":\"\",\"publisher\":{\"@id\":\"https:\/\/vieassociative.be\/actualites\/#organization\"},\"potentialAction\":[{\"@type\":\"SearchAction\",\"target\":{\"@type\":\"EntryPoint\",\"urlTemplate\":\"https:\/\/vieassociative.be\/actualites\/?s={search_term_string}\"},\"query-input\":{\"@type\":\"PropertyValueSpecification\",\"valueRequired\":true,\"valueName\":\"search_term_string\"}}],\"inLanguage\":\"fr-BE\"},{\"@type\":\"Organization\",\"@id\":\"https:\/\/vieassociative.be\/actualites\/#organization\",\"name\":\"Vie Associative\",\"url\":\"https:\/\/vieassociative.be\/actualites\/\",\"logo\":{\"@type\":\"ImageObject\",\"inLanguage\":\"fr-BE\",\"@id\":\"https:\/\/vieassociative.be\/actualites\/#\/schema\/logo\/image\/\",\"url\":\"https:\/\/vieassociative.be\/actualites\/wp-content\/uploads\/2024\/09\/cropped-vieassociative_favicon.ico.png\",\"contentUrl\":\"https:\/\/vieassociative.be\/actualites\/wp-content\/uploads\/2024\/09\/cropped-vieassociative_favicon.ico.png\",\"width\":512,\"height\":512,\"caption\":\"Vie Associative\"},\"image\":{\"@id\":\"https:\/\/vieassociative.be\/actualites\/#\/schema\/logo\/image\/\"}},{\"@type\":\"Person\",\"@id\":\"https:\/\/vieassociative.be\/actualites\/#\/schema\/person\/b87ac4f82f9d4e7b7cec7395b679edc4\",\"name\":\"Julien\",\"image\":{\"@type\":\"ImageObject\",\"inLanguage\":\"fr-BE\",\"@id\":\"https:\/\/vieassociative.be\/actualites\/#\/schema\/person\/image\/\",\"url\":\"https:\/\/vieassociative.be\/actualites\/wp-content\/uploads\/2024\/09\/vie-associative-1-150x150.jpg\",\"contentUrl\":\"https:\/\/vieassociative.be\/actualites\/wp-content\/uploads\/2024\/09\/vie-associative-1-150x150.jpg\",\"caption\":\"Julien\"},\"description\":\"Je suis Julien, r\u00e9dacteur pour Vie Associative. Passionn\u00e9 par le monde associatif depuis plus de 10 ans, j'ai \u00e0 c\u0153ur de partager des histoires inspirantes et de mettre en lumi\u00e8re les initiatives locales. Mon objectif est de sensibiliser et d'encourager l'engagement communautaire \u00e0 travers mes articles.\",\"sameAs\":[\"https:\/\/vieassociative.be\/\"]}]}<\/script>\n<!-- \/ Yoast SEO plugin. -->","yoast_head_json":{"title":"Monde de l'eau fascinant sur le v\u00e9lo \u00e0 travers Eupens | Vie Associative","robots":{"index":"index","follow":"follow","max-snippet":"max-snippet:-1","max-image-preview":"max-image-preview:large","max-video-preview":"max-video-preview:-1"},"canonical":"https:\/\/vieassociative.be\/actualites\/monde-de-leau-fascinant-sur-le-velo-a-travers-eupens\/","og_locale":"fr_FR","og_type":"article","og_title":"Monde de l'eau fascinant sur le v\u00e9lo \u00e0 travers Eupens | Vie Associative","og_description":"Un weser, une colline en une g\u00e9n\u00e9ration: immerger dans le monde de l&rsquo;eau fascinant autour d&rsquo;Eupen &#8211; dirig\u00e9 par le Guide de la nature et","og_url":"https:\/\/vieassociative.be\/actualites\/monde-de-leau-fascinant-sur-le-velo-a-travers-eupens\/","og_site_name":"Vie Associative","article_published_time":"2025-09-03T14:24:21+00:00","og_image":[{"width":279,"height":92,"url":"https:\/\/vieassociative.be\/actualites\/wp-content\/uploads\/2024\/09\/header_backgroundk-01-e1726694325946.png","type":"image\/png"}],"author":"Julien","twitter_card":"summary_large_image","twitter_misc":{"\u00c9crit par":"Julien","Dur\u00e9e de lecture est.":"1 minute"},"schema":{"@context":"https:\/\/schema.org","@graph":[{"@type":"Article","@id":"https:\/\/vieassociative.be\/actualites\/monde-de-leau-fascinant-sur-le-velo-a-travers-eupens\/#article","isPartOf":{"@id":"https:\/\/vieassociative.be\/actualites\/monde-de-leau-fascinant-sur-le-velo-a-travers-eupens\/"},"author":{"name":"Julien","@id":"https:\/\/vieassociative.be\/actualites\/#\/schema\/person\/b87ac4f82f9d4e7b7cec7395b679edc4"},"headline":"Monde de l&rsquo;eau fascinant sur le v\u00e9lo \u00e0 travers Eupens","datePublished":"2025-09-03T14:24:21+00:00","dateModified":"2025-09-03T14:24:21+00:00","mainEntityOfPage":{"@id":"https:\/\/vieassociative.be\/actualites\/monde-de-leau-fascinant-sur-le-velo-a-travers-eupens\/"},"wordCount":270,"publisher":{"@id":"https:\/\/vieassociative.be\/actualites\/#organization"},"image":{"@id":"https:\/\/vieassociative.be\/actualites\/monde-de-leau-fascinant-sur-le-velo-a-travers-eupens\/#primaryimage"},"thumbnailUrl":"https:\/\/vieassociative.be\/actualites\/wp-content\/uploads\/2025\/09\/Monde-de-leau-fascinant-sur-le-velo-a-travers-Eupens.jpg","keywords":["Eupens","fascinant","leau","monde","sur","travers","v\u00e9lo"],"articleSection":["Belgique"],"inLanguage":"fr-BE"},{"@type":"WebPage","@id":"https:\/\/vieassociative.be\/actualites\/monde-de-leau-fascinant-sur-le-velo-a-travers-eupens\/","url":"https:\/\/vieassociative.be\/actualites\/monde-de-leau-fascinant-sur-le-velo-a-travers-eupens\/","name":"Monde de l'eau fascinant sur le v\u00e9lo \u00e0 travers Eupens | Vie Associative","isPartOf":{"@id":"https:\/\/vieassociative.be\/actualites\/#website"},"primaryImageOfPage":{"@id":"https:\/\/vieassociative.be\/actualites\/monde-de-leau-fascinant-sur-le-velo-a-travers-eupens\/#primaryimage"},"image":{"@id":"https:\/\/vieassociative.be\/actualites\/monde-de-leau-fascinant-sur-le-velo-a-travers-eupens\/#primaryimage"},"thumbnailUrl":"https:\/\/vieassociative.be\/actualites\/wp-content\/uploads\/2025\/09\/Monde-de-leau-fascinant-sur-le-velo-a-travers-Eupens.jpg","datePublished":"2025-09-03T14:24:21+00:00","dateModified":"2025-09-03T14:24:21+00:00","breadcrumb":{"@id":"https:\/\/vieassociative.be\/actualites\/monde-de-leau-fascinant-sur-le-velo-a-travers-eupens\/#breadcrumb"},"inLanguage":"fr-BE","potentialAction":[{"@type":"ReadAction","target":["https:\/\/vieassociative.be\/actualites\/monde-de-leau-fascinant-sur-le-velo-a-travers-eupens\/"]}]},{"@type":"ImageObject","inLanguage":"fr-BE","@id":"https:\/\/vieassociative.be\/actualites\/monde-de-leau-fascinant-sur-le-velo-a-travers-eupens\/#primaryimage","url":"https:\/\/vieassociative.be\/actualites\/wp-content\/uploads\/2025\/09\/Monde-de-leau-fascinant-sur-le-velo-a-travers-Eupens.jpg","contentUrl":"https:\/\/vieassociative.be\/actualites\/wp-content\/uploads\/2025\/09\/Monde-de-leau-fascinant-sur-le-velo-a-travers-Eupens.jpg","width":1200,"height":554,"caption":"Monde de l'eau fascinant sur le v\u00e9lo \u00e0 travers Eupens"},{"@type":"BreadcrumbList","@id":"https:\/\/vieassociative.be\/actualites\/monde-de-leau-fascinant-sur-le-velo-a-travers-eupens\/#breadcrumb","itemListElement":[{"@type":"ListItem","position":1,"name":"Accueil","item":"https:\/\/vieassociative.be\/actualites\/"},{"@type":"ListItem","position":2,"name":"Monde de l&rsquo;eau fascinant sur le v\u00e9lo \u00e0 travers Eupens"}]},{"@type":"WebSite","@id":"https:\/\/vieassociative.be\/actualites\/#website","url":"https:\/\/vieassociative.be\/actualites\/","name":"Vie Associative","description":"","publisher":{"@id":"https:\/\/vieassociative.be\/actualites\/#organization"},"potentialAction":[{"@type":"SearchAction","target":{"@type":"EntryPoint","urlTemplate":"https:\/\/vieassociative.be\/actualites\/?s={search_term_string}"},"query-input":{"@type":"PropertyValueSpecification","valueRequired":true,"valueName":"search_term_string"}}],"inLanguage":"fr-BE"},{"@type":"Organization","@id":"https:\/\/vieassociative.be\/actualites\/#organization","name":"Vie Associative","url":"https:\/\/vieassociative.be\/actualites\/","logo":{"@type":"ImageObject","inLanguage":"fr-BE","@id":"https:\/\/vieassociative.be\/actualites\/#\/schema\/logo\/image\/","url":"https:\/\/vieassociative.be\/actualites\/wp-content\/uploads\/2024\/09\/cropped-vieassociative_favicon.ico.png","contentUrl":"https:\/\/vieassociative.be\/actualites\/wp-content\/uploads\/2024\/09\/cropped-vieassociative_favicon.ico.png","width":512,"height":512,"caption":"Vie Associative"},"image":{"@id":"https:\/\/vieassociative.be\/actualites\/#\/schema\/logo\/image\/"}},{"@type":"Person","@id":"https:\/\/vieassociative.be\/actualites\/#\/schema\/person\/b87ac4f82f9d4e7b7cec7395b679edc4","name":"Julien","image":{"@type":"ImageObject","inLanguage":"fr-BE","@id":"https:\/\/vieassociative.be\/actualites\/#\/schema\/person\/image\/","url":"https:\/\/vieassociative.be\/actualites\/wp-content\/uploads\/2024\/09\/vie-associative-1-150x150.jpg","contentUrl":"https:\/\/vieassociative.be\/actualites\/wp-content\/uploads\/2024\/09\/vie-associative-1-150x150.jpg","caption":"Julien"},"description":"Je suis Julien, r\u00e9dacteur pour Vie Associative. Passionn\u00e9 par le monde associatif depuis plus de 10 ans, j'ai \u00e0 c\u0153ur de partager des histoires inspirantes et de mettre en lumi\u00e8re les initiatives locales. Mon objectif est de sensibiliser et d'encourager l'engagement communautaire \u00e0 travers mes articles.","sameAs":["https:\/\/vieassociative.be\/"]}]}},"_links":{"self":[{"href":"https:\/\/vieassociative.be\/actualites\/wp-json\/wp\/v2\/posts\/9792"}],"collection":[{"href":"https:\/\/vieassociative.be\/actualites\/wp-json\/wp\/v2\/posts"}],"about":[{"href":"https:\/\/vieassociative.be\/actualites\/wp-json\/wp\/v2\/types\/post"}],"author":[{"embeddable":true,"href":"https:\/\/vieassociative.be\/actualites\/wp-json\/wp\/v2\/users\/1"}],"replies":[{"embeddable":true,"href":"https:\/\/vieassociative.be\/actualites\/wp-json\/wp\/v2\/comments?post=9792"}],"version-history":[{"count":0,"href":"https:\/\/vieassociative.be\/actualites\/wp-json\/wp\/v2\/posts\/9792\/revisions"}],"wp:featuredmedia":[{"embeddable":true,"href":"https:\/\/vieassociative.be\/actualites\/wp-json\/wp\/v2\/media\/9793"}],"wp:attachment":[{"href":"https:\/\/vieassociative.be\/actualites\/wp-json\/wp\/v2\/media?parent=9792"}],"wp:term":[{"taxonomy":"category","embeddable":true,"href":"https:\/\/vieassociative.be\/actualites\/wp-json\/wp\/v2\/categories?post=9792"},{"taxonomy":"post_tag","embeddable":true,"href":"https:\/\/vieassociative.be\/actualites\/wp-json\/wp\/v2\/tags?post=9792"}],"curies":[{"name":"wp","href":"https:\/\/api.w.org\/{rel}","templated":true}]}}