{"id":9790,"date":"2025-09-03T15:17:38","date_gmt":"2025-09-03T13:17:38","guid":{"rendered":"https:\/\/vieassociative.be\/actualites\/quatre-facons-dont-ces-plantes-dinterieur-peuvent-ameliorer-votre-qualite-de-vie\/"},"modified":"2025-09-03T15:17:38","modified_gmt":"2025-09-03T13:17:38","slug":"quatre-facons-dont-ces-plantes-dinterieur-peuvent-ameliorer-votre-qualite-de-vie","status":"publish","type":"post","link":"https:\/\/vieassociative.be\/actualites\/quatre-facons-dont-ces-plantes-dinterieur-peuvent-ameliorer-votre-qualite-de-vie\/","title":{"rendered":"Quatre fa\u00e7ons dont ces plantes d&rsquo;int\u00e9rieur peuvent am\u00e9liorer votre qualit\u00e9 de vie"},"content":{"rendered":"<div class=\"mt-4 leading-6 md:mb-8\">Certaines plantes d&rsquo;int\u00e9rieur ont des utilisations pratiques au-del\u00e0 de l&rsquo;esth\u00e9tique.<\/div>\n<p><\/p>\n<p>Il y a une raison d&rsquo;environ les deux tiers des m\u00e9nages en Am\u00e9rique ont au moins une plante d&rsquo;int\u00e9rieur &#8211; de nombreuses raisons, en fait. D&rsquo;une part, ils sont beaux, apportant une explosion de beaut\u00e9 fra\u00eeche et naturelle dans nos maisons. D&rsquo;autre part, ils sont relativement peu co\u00fbteux, surtout par rapport \u00e0 d&rsquo;autres \u00e9l\u00e9ments de design d&rsquo;int\u00e9rieur. Et certaines plantes d&rsquo;int\u00e9rieur sont faciles \u00e0 prendre en charge, ce qui est id\u00e9al pour des vies occup\u00e9es.<\/p>\n<p>Malgr\u00e9 leur popularit\u00e9, cependant, la plupart d&rsquo;entre nous dorment sur un autre avantage potentiel des plantes d&rsquo;int\u00e9rieur: utilisations pratiques et quotidiennes. Les plantes d&rsquo;int\u00e9rieur ne doivent pas \u00eatre simplement d\u00e9coratives &#8211; celles les bonnes combinent cette beaut\u00e9 naturelle avec des applications qui peuvent am\u00e9liorer votre vie de multiples fa\u00e7ons. Si vous cherchez \u00e0 d\u00e9marrer un jardin int\u00e9rieur ou \u00e0 ajouter \u00e0 votre collection existante, voici quelques-unes des plantes d&rsquo;int\u00e9rieur les plus utiles que vous puissiez acqu\u00e9rir.<\/p>\n<h2 id=\"best-houseplants-for-air-quality\">Meilleures plantes d&rsquo;int\u00e9rieur pour la qualit\u00e9 de l&rsquo;air<\/h2>\n<p>Bien que les affirmations selon lesquelles les plantes d&rsquo;int\u00e9rieur se frotteront et purifieront votre air int\u00e9rieur sont exag\u00e9r\u00e9s, il ne fait aucun doute que les plantes d&rsquo;int\u00e9rieur <em>faire<\/em> Ayez un impact positif sur votre qualit\u00e9 d&rsquo;air int\u00e9rieur. Toutes les plantes absorbent le dioxyde de carbone et les excr\u00e8tent de l&rsquo;oxyg\u00e8ne, apr\u00e8s tout, donc juste en les faisant rafra\u00eechir l&rsquo;air de votre maison. Mais les plantes sp\u00e9cifiques ont \u00e9galement plus d&rsquo;utilisations:<\/p>\n<div class=\"mx-auto mb-12 mt-5 w-full max-w-3xl rounded-md border-2 border-gray-100 p-3 shadow-md md:px-7 md:pb-7 md:pt-5\" id=\"related-video\">\n<div class=\"mb-3 flex items-center md:mb-5\">\n        <img decoding=\"async\" class=\"mr-4 mt-0 h-10 w-10 md:mr-5 md:h-12 md:w-12\" src=\"https:\/\/vieassociative.be\/actualites\/wp-content\/uploads\/2025\/08\/1754414314_422_Les-brins-du-NYT-daujourdhui-indiquent-et-repondent-pour-le.jpg\" alt=\"Logo Lifehacker\"><\/p><\/div>\n<div class=\"aspect-video w-full overflow-hidden rounded-md\">\n<div id=\"video-container-01K47SKVF09QGQ2AGVB0ZZH9PR\"><\/div>\n<\/p><\/div>\n<\/div>\n<ul>\n<li>\n<p><strong>Am\u00e9liorer l&rsquo;humidit\u00e9.<\/strong> Si votre maison se sent s\u00e8che, vous donnant des yeux et une peau qui d\u00e9mangent <strong>araign\u00e9es<\/strong> aux pi\u00e8ces sp\u00e9cifiques peuvent am\u00e9liorer la situation. Des \u00e9tudes ont montr\u00e9 que les plantes d&rsquo;araign\u00e9e peuvent am\u00e9liorer l&rsquo;humidit\u00e9 relative dans une pi\u00e8ce, ce qui rend l&rsquo;espace plus confortable. Il convient de noter qu&rsquo;il s&rsquo;agit de surface des feuilles, vous avez donc besoin de beaucoup d&rsquo;entre eux pour faire une r\u00e9elle diff\u00e9rence: 25 plantes dans des pots de 4 pouces ont entra\u00een\u00e9 un gain de 10% d&rsquo;humidit\u00e9 relative dans l&rsquo;\u00e9tude, par exemple, bien que vous puissiez avoir moins de plantes si elles \u00e9taient plus grandes.<\/p>\n<\/li>\n<li>\n<p><strong>R\u00e9duction de la poussi\u00e8re.<\/strong> De nombreuses plantes d&rsquo;int\u00e9rieur peuvent am\u00e9liorer la qualit\u00e9 de l&rsquo;air dans votre maison en capturant la poussi\u00e8re et d&rsquo;autres contaminants, pi\u00e9geant les trucs sur leurs feuilles et tiges stri\u00e9es. <strong>Lys de paix<\/strong>,<strong> Lierre anglais<\/strong>et <strong>plantes en caoutchouc<\/strong> sont d&rsquo;excellents choix \u00e0 avoir dans la maison pour le contr\u00f4le des poussi\u00e8res. Notez que ces plantes \u00e9liminent m\u00e9caniquement la poussi\u00e8re en la capturant, et non en l&rsquo;absorbant de quelque mani\u00e8re que ce soit &#8211; vous devrez les d\u00e9poussi\u00e9rer pour retirer la poussi\u00e8re.<\/p>\n<\/li>\n<\/ul>\n<h2 id=\"plants-with-medicinal-uses\">Plantes avec des utilisations m\u00e9dicinales<\/h2>\n<p>Certaines plantes d&rsquo;int\u00e9rieur sont utiles car elles peuvent \u00eatre utilis\u00e9es pour traiter une gamme d&rsquo;inconfort et de blessures l\u00e9gers. Vous ne pourrez peut-\u00eatre pas jeter tous vos trucs achet\u00e9s en magasin simplement parce que vous avez quelques plantes en pot, mais si vous incluez certaines de ces plantes dans votre collection, vous pouvez b\u00e9n\u00e9ficier de leurs qualit\u00e9s de gu\u00e9rison \u00e9prouv\u00e9es:<\/p>\n<ul>\n<li>\n<p><strong>Aloe vera<\/strong> A des propri\u00e9t\u00e9s apaisantes, et le gel d&rsquo;une feuille coup\u00e9e peut \u00eatre utilis\u00e9 pour traiter les br\u00fblures mineures (y compris les coups de soleil) ou d&rsquo;autres irritations cutan\u00e9es. Il est \u00e9galement souvent utilis\u00e9 comme un laxatif doux.<\/p>\n<\/li>\n<li>\n<p><strong>Menthe<\/strong>. Les th\u00e9s \u00e0 feuilles de menthe sont utilis\u00e9es en m\u00e9decine folklorique depuis des si\u00e8cles, et il existe des preuves que les th\u00e9s \u00e0 feuilles peuvent apaiser le tube digestif. Avoir de la menthe fra\u00eeche sous la forme d&rsquo;une plante d&rsquo;int\u00e9rieur attrayante signifie que vous pouvez pr\u00e9parer un peu de soulagement \u00e0 tout moment.<\/p>\n<\/li>\n<li>\n<p><strong>Camomille.<\/strong> La camomille est souvent not\u00e9e pour ses qualit\u00e9s apaisantes, r\u00e9duisant l&rsquo;anxi\u00e9t\u00e9, aidant la digestion et am\u00e9liorant le sommeil.<\/p>\n<\/li>\n<\/ul>\n<h2 id=\"edible-plants-to-grow-indoors\">Plantes comestibles pour pousser \u00e0 l&rsquo;int\u00e9rieur<\/h2>\n<p>Vos plantes d&rsquo;int\u00e9rieur peuvent \u00eatre une source d&rsquo;ingr\u00e9dients dans votre cuisine:<\/p>\n<ul>\n<li>\n<p><strong>Herbes.<\/strong> Les choix les plus \u00e9vidents seront des herbes comme <strong>basilic<\/strong>, <strong>sage<\/strong>et <strong>persil<\/strong> (Parmi beaucoup, de nombreux autres choix). Ces plantes sont attrayantes, faciles \u00e0 cultiver \u00e0 l&rsquo;int\u00e9rieur et peuvent vous fournir un assaisonnement frais pour vos repas.<\/p>\n<\/li>\n<li>\n<p><strong>Fruits.<\/strong> Plusieurs arbres fruitiers prosp\u00e8rent en fait \u00e0 l&rsquo;int\u00e9rieur. Les figues, les citrons, les cerises, les bleuets et m\u00eame les bananes peuvent \u00eatre cultiv\u00e9s \u00e0 l&rsquo;int\u00e9rieur, compl\u00e9tant vos factures d&rsquo;\u00e9picerie toute l&rsquo;ann\u00e9e.<\/p>\n<\/li>\n<li>\n<p><strong>L\u00e9gumes<\/strong>. <strong>Tomates<\/strong>, <strong>poivrons<\/strong>et <strong>chou fris\u00e9<\/strong> sont tous de belles plantes d&rsquo;int\u00e9rieur qui produiront \u00e9galement de d\u00e9licieux l\u00e9gumes pour vos salades et autres recettes.<\/p>\n<\/li>\n<\/ul>\n<h2 id=\"best-plants-for-sleep-aid\">Meilleures plantes pour l&rsquo;aide au sommeil<\/h2>\n<p>Il y a beaucoup de raisons de mettre des plantes d&rsquo;int\u00e9rieur dans votre chambre, et un meilleur sommeil en fait partie. Si vous avez du mal \u00e0 vous d\u00e9tendre et \u00e0 vous endormir, le simple fait d&rsquo;avoir des plantes dans votre chambre peut cr\u00e9er une atmosph\u00e8re plus sereine et calme qui peut favoriser un meilleur sommeil. Il existe \u00e9galement des preuves que le parfum peut influencer la qualit\u00e9 et la dur\u00e9e des cycles de sommeil, mais cela ne doit pas \u00eatre compliqu\u00e9. Avoir des plantes qui font que la chambre sent bon (comme la lavande, le jasmin ou le val\u00e9rien) peut contribuer \u00e0 une atmosph\u00e8re agr\u00e9able qui est propice \u00e0 une bonne nuit de sommeil.<\/p>\n","protected":false},"excerpt":{"rendered":"<p>Certaines plantes d&rsquo;int\u00e9rieur ont des utilisations pratiques au-del\u00e0 de l&rsquo;esth\u00e9tique. Il y a une raison d&rsquo;environ les deux tiers des m\u00e9nages en Am\u00e9rique ont au<\/p>\n","protected":false},"author":1,"featured_media":9791,"comment_status":"","ping_status":"","sticky":false,"template":"","format":"standard","meta":{"footnotes":""},"categories":[40],"tags":[1828,248,3597,257,119,293,2277,791,1435,58,8],"class_list":["post-9790","post","type-post","status-publish","format-standard","has-post-thumbnail","hentry","category-maison","tag-ameliorer","tag-ces","tag-dinterieur","tag-dont","tag-facons","tag-peuvent","tag-plantes","tag-qualite","tag-quatre","tag-vie","tag-votre","generate-columns","tablet-grid-50","mobile-grid-100","grid-parent","grid-33"],"yoast_head":"<!-- This site is optimized with the Yoast SEO plugin v24.0 - https:\/\/yoast.com\/wordpress\/plugins\/seo\/ -->\n<title>Quatre fa\u00e7ons dont ces plantes d&#039;int\u00e9rieur peuvent am\u00e9liorer votre qualit\u00e9 de vie | Vie Associative<\/title>\n<meta name=\"robots\" content=\"index, follow, max-snippet:-1, max-image-preview:large, max-video-preview:-1\" \/>\n<link rel=\"canonical\" href=\"https:\/\/vieassociative.be\/actualites\/quatre-facons-dont-ces-plantes-dinterieur-peuvent-ameliorer-votre-qualite-de-vie\/\" \/>\n<meta property=\"og:locale\" content=\"fr_FR\" \/>\n<meta property=\"og:type\" content=\"article\" \/>\n<meta property=\"og:title\" content=\"Quatre fa\u00e7ons dont ces plantes d&#039;int\u00e9rieur peuvent am\u00e9liorer votre qualit\u00e9 de vie | Vie Associative\" \/>\n<meta property=\"og:description\" content=\"Certaines plantes d&rsquo;int\u00e9rieur ont des utilisations pratiques au-del\u00e0 de l&rsquo;esth\u00e9tique. Il y a une raison d&rsquo;environ les deux tiers des m\u00e9nages en Am\u00e9rique ont au\" \/>\n<meta property=\"og:url\" content=\"https:\/\/vieassociative.be\/actualites\/quatre-facons-dont-ces-plantes-dinterieur-peuvent-ameliorer-votre-qualite-de-vie\/\" \/>\n<meta property=\"og:site_name\" content=\"Vie Associative\" \/>\n<meta property=\"article:published_time\" content=\"2025-09-03T13:17:38+00:00\" \/>\n<meta property=\"og:image\" content=\"https:\/\/vieassociative.be\/actualites\/wp-content\/uploads\/2025\/08\/1754414314_422_Les-brins-du-NYT-daujourdhui-indiquent-et-repondent-pour-le.jpg\" \/>\n<meta name=\"author\" content=\"Julien\" \/>\n<meta name=\"twitter:card\" content=\"summary_large_image\" \/>\n<meta name=\"twitter:label1\" content=\"\u00c9crit par\" \/>\n\t<meta name=\"twitter:data1\" content=\"Julien\" \/>\n\t<meta name=\"twitter:label2\" content=\"Dur\u00e9e de lecture est.\" \/>\n\t<meta name=\"twitter:data2\" content=\"5 minutes\" \/>\n<script type=\"application\/ld+json\" class=\"yoast-schema-graph\">{\"@context\":\"https:\/\/schema.org\",\"@graph\":[{\"@type\":\"Article\",\"@id\":\"https:\/\/vieassociative.be\/actualites\/quatre-facons-dont-ces-plantes-dinterieur-peuvent-ameliorer-votre-qualite-de-vie\/#article\",\"isPartOf\":{\"@id\":\"https:\/\/vieassociative.be\/actualites\/quatre-facons-dont-ces-plantes-dinterieur-peuvent-ameliorer-votre-qualite-de-vie\/\"},\"author\":{\"name\":\"Julien\",\"@id\":\"https:\/\/vieassociative.be\/actualites\/#\/schema\/person\/b87ac4f82f9d4e7b7cec7395b679edc4\"},\"headline\":\"Quatre fa\u00e7ons dont ces plantes d&rsquo;int\u00e9rieur peuvent am\u00e9liorer votre qualit\u00e9 de vie\",\"datePublished\":\"2025-09-03T13:17:38+00:00\",\"dateModified\":\"2025-09-03T13:17:38+00:00\",\"mainEntityOfPage\":{\"@id\":\"https:\/\/vieassociative.be\/actualites\/quatre-facons-dont-ces-plantes-dinterieur-peuvent-ameliorer-votre-qualite-de-vie\/\"},\"wordCount\":995,\"publisher\":{\"@id\":\"https:\/\/vieassociative.be\/actualites\/#organization\"},\"image\":{\"@id\":\"https:\/\/vieassociative.be\/actualites\/quatre-facons-dont-ces-plantes-dinterieur-peuvent-ameliorer-votre-qualite-de-vie\/#primaryimage\"},\"thumbnailUrl\":\"https:\/\/vieassociative.be\/actualites\/wp-content\/uploads\/2025\/09\/Quatre-facons-dont-ces-plantes-dinterieur-peuvent-ameliorer-votre-qualite.png\",\"keywords\":[\"am\u00e9liorer\",\"ces\",\"dint\u00e9rieur\",\"dont\",\"fa\u00e7ons\",\"peuvent\",\"plantes\",\"qualit\u00e9\",\"Quatre\",\"vie\",\"votre\"],\"articleSection\":[\"Maison\"],\"inLanguage\":\"fr-BE\"},{\"@type\":\"WebPage\",\"@id\":\"https:\/\/vieassociative.be\/actualites\/quatre-facons-dont-ces-plantes-dinterieur-peuvent-ameliorer-votre-qualite-de-vie\/\",\"url\":\"https:\/\/vieassociative.be\/actualites\/quatre-facons-dont-ces-plantes-dinterieur-peuvent-ameliorer-votre-qualite-de-vie\/\",\"name\":\"Quatre fa\u00e7ons dont ces plantes d'int\u00e9rieur peuvent am\u00e9liorer votre qualit\u00e9 de vie | Vie Associative\",\"isPartOf\":{\"@id\":\"https:\/\/vieassociative.be\/actualites\/#website\"},\"primaryImageOfPage\":{\"@id\":\"https:\/\/vieassociative.be\/actualites\/quatre-facons-dont-ces-plantes-dinterieur-peuvent-ameliorer-votre-qualite-de-vie\/#primaryimage\"},\"image\":{\"@id\":\"https:\/\/vieassociative.be\/actualites\/quatre-facons-dont-ces-plantes-dinterieur-peuvent-ameliorer-votre-qualite-de-vie\/#primaryimage\"},\"thumbnailUrl\":\"https:\/\/vieassociative.be\/actualites\/wp-content\/uploads\/2025\/09\/Quatre-facons-dont-ces-plantes-dinterieur-peuvent-ameliorer-votre-qualite.png\",\"datePublished\":\"2025-09-03T13:17:38+00:00\",\"dateModified\":\"2025-09-03T13:17:38+00:00\",\"breadcrumb\":{\"@id\":\"https:\/\/vieassociative.be\/actualites\/quatre-facons-dont-ces-plantes-dinterieur-peuvent-ameliorer-votre-qualite-de-vie\/#breadcrumb\"},\"inLanguage\":\"fr-BE\",\"potentialAction\":[{\"@type\":\"ReadAction\",\"target\":[\"https:\/\/vieassociative.be\/actualites\/quatre-facons-dont-ces-plantes-dinterieur-peuvent-ameliorer-votre-qualite-de-vie\/\"]}]},{\"@type\":\"ImageObject\",\"inLanguage\":\"fr-BE\",\"@id\":\"https:\/\/vieassociative.be\/actualites\/quatre-facons-dont-ces-plantes-dinterieur-peuvent-ameliorer-votre-qualite-de-vie\/#primaryimage\",\"url\":\"https:\/\/vieassociative.be\/actualites\/wp-content\/uploads\/2025\/09\/Quatre-facons-dont-ces-plantes-dinterieur-peuvent-ameliorer-votre-qualite.png\",\"contentUrl\":\"https:\/\/vieassociative.be\/actualites\/wp-content\/uploads\/2025\/09\/Quatre-facons-dont-ces-plantes-dinterieur-peuvent-ameliorer-votre-qualite.png\",\"width\":1200,\"height\":675,\"caption\":\"Quatre fa\u00e7ons dont ces plantes d'int\u00e9rieur peuvent am\u00e9liorer votre qualit\u00e9 de vie\"},{\"@type\":\"BreadcrumbList\",\"@id\":\"https:\/\/vieassociative.be\/actualites\/quatre-facons-dont-ces-plantes-dinterieur-peuvent-ameliorer-votre-qualite-de-vie\/#breadcrumb\",\"itemListElement\":[{\"@type\":\"ListItem\",\"position\":1,\"name\":\"Accueil\",\"item\":\"https:\/\/vieassociative.be\/actualites\/\"},{\"@type\":\"ListItem\",\"position\":2,\"name\":\"Quatre fa\u00e7ons dont ces plantes d&rsquo;int\u00e9rieur peuvent am\u00e9liorer votre qualit\u00e9 de vie\"}]},{\"@type\":\"WebSite\",\"@id\":\"https:\/\/vieassociative.be\/actualites\/#website\",\"url\":\"https:\/\/vieassociative.be\/actualites\/\",\"name\":\"Vie Associative\",\"description\":\"\",\"publisher\":{\"@id\":\"https:\/\/vieassociative.be\/actualites\/#organization\"},\"potentialAction\":[{\"@type\":\"SearchAction\",\"target\":{\"@type\":\"EntryPoint\",\"urlTemplate\":\"https:\/\/vieassociative.be\/actualites\/?s={search_term_string}\"},\"query-input\":{\"@type\":\"PropertyValueSpecification\",\"valueRequired\":true,\"valueName\":\"search_term_string\"}}],\"inLanguage\":\"fr-BE\"},{\"@type\":\"Organization\",\"@id\":\"https:\/\/vieassociative.be\/actualites\/#organization\",\"name\":\"Vie Associative\",\"url\":\"https:\/\/vieassociative.be\/actualites\/\",\"logo\":{\"@type\":\"ImageObject\",\"inLanguage\":\"fr-BE\",\"@id\":\"https:\/\/vieassociative.be\/actualites\/#\/schema\/logo\/image\/\",\"url\":\"https:\/\/vieassociative.be\/actualites\/wp-content\/uploads\/2024\/09\/cropped-vieassociative_favicon.ico.png\",\"contentUrl\":\"https:\/\/vieassociative.be\/actualites\/wp-content\/uploads\/2024\/09\/cropped-vieassociative_favicon.ico.png\",\"width\":512,\"height\":512,\"caption\":\"Vie Associative\"},\"image\":{\"@id\":\"https:\/\/vieassociative.be\/actualites\/#\/schema\/logo\/image\/\"}},{\"@type\":\"Person\",\"@id\":\"https:\/\/vieassociative.be\/actualites\/#\/schema\/person\/b87ac4f82f9d4e7b7cec7395b679edc4\",\"name\":\"Julien\",\"image\":{\"@type\":\"ImageObject\",\"inLanguage\":\"fr-BE\",\"@id\":\"https:\/\/vieassociative.be\/actualites\/#\/schema\/person\/image\/\",\"url\":\"https:\/\/vieassociative.be\/actualites\/wp-content\/uploads\/2024\/09\/vie-associative-1-150x150.jpg\",\"contentUrl\":\"https:\/\/vieassociative.be\/actualites\/wp-content\/uploads\/2024\/09\/vie-associative-1-150x150.jpg\",\"caption\":\"Julien\"},\"description\":\"Je suis Julien, r\u00e9dacteur pour Vie Associative. Passionn\u00e9 par le monde associatif depuis plus de 10 ans, j'ai \u00e0 c\u0153ur de partager des histoires inspirantes et de mettre en lumi\u00e8re les initiatives locales. Mon objectif est de sensibiliser et d'encourager l'engagement communautaire \u00e0 travers mes articles.\",\"sameAs\":[\"https:\/\/vieassociative.be\/\"]}]}<\/script>\n<!-- \/ Yoast SEO plugin. -->","yoast_head_json":{"title":"Quatre fa\u00e7ons dont ces plantes d'int\u00e9rieur peuvent am\u00e9liorer votre qualit\u00e9 de vie | Vie Associative","robots":{"index":"index","follow":"follow","max-snippet":"max-snippet:-1","max-image-preview":"max-image-preview:large","max-video-preview":"max-video-preview:-1"},"canonical":"https:\/\/vieassociative.be\/actualites\/quatre-facons-dont-ces-plantes-dinterieur-peuvent-ameliorer-votre-qualite-de-vie\/","og_locale":"fr_FR","og_type":"article","og_title":"Quatre fa\u00e7ons dont ces plantes d'int\u00e9rieur peuvent am\u00e9liorer votre qualit\u00e9 de vie | Vie Associative","og_description":"Certaines plantes d&rsquo;int\u00e9rieur ont des utilisations pratiques au-del\u00e0 de l&rsquo;esth\u00e9tique. Il y a une raison d&rsquo;environ les deux tiers des m\u00e9nages en Am\u00e9rique ont au","og_url":"https:\/\/vieassociative.be\/actualites\/quatre-facons-dont-ces-plantes-dinterieur-peuvent-ameliorer-votre-qualite-de-vie\/","og_site_name":"Vie Associative","article_published_time":"2025-09-03T13:17:38+00:00","og_image":[{"url":"https:\/\/vieassociative.be\/actualites\/wp-content\/uploads\/2025\/08\/1754414314_422_Les-brins-du-NYT-daujourdhui-indiquent-et-repondent-pour-le.jpg","type":"","width":"","height":""}],"author":"Julien","twitter_card":"summary_large_image","twitter_misc":{"\u00c9crit par":"Julien","Dur\u00e9e de lecture est.":"5 minutes"},"schema":{"@context":"https:\/\/schema.org","@graph":[{"@type":"Article","@id":"https:\/\/vieassociative.be\/actualites\/quatre-facons-dont-ces-plantes-dinterieur-peuvent-ameliorer-votre-qualite-de-vie\/#article","isPartOf":{"@id":"https:\/\/vieassociative.be\/actualites\/quatre-facons-dont-ces-plantes-dinterieur-peuvent-ameliorer-votre-qualite-de-vie\/"},"author":{"name":"Julien","@id":"https:\/\/vieassociative.be\/actualites\/#\/schema\/person\/b87ac4f82f9d4e7b7cec7395b679edc4"},"headline":"Quatre fa\u00e7ons dont ces plantes d&rsquo;int\u00e9rieur peuvent am\u00e9liorer votre qualit\u00e9 de vie","datePublished":"2025-09-03T13:17:38+00:00","dateModified":"2025-09-03T13:17:38+00:00","mainEntityOfPage":{"@id":"https:\/\/vieassociative.be\/actualites\/quatre-facons-dont-ces-plantes-dinterieur-peuvent-ameliorer-votre-qualite-de-vie\/"},"wordCount":995,"publisher":{"@id":"https:\/\/vieassociative.be\/actualites\/#organization"},"image":{"@id":"https:\/\/vieassociative.be\/actualites\/quatre-facons-dont-ces-plantes-dinterieur-peuvent-ameliorer-votre-qualite-de-vie\/#primaryimage"},"thumbnailUrl":"https:\/\/vieassociative.be\/actualites\/wp-content\/uploads\/2025\/09\/Quatre-facons-dont-ces-plantes-dinterieur-peuvent-ameliorer-votre-qualite.png","keywords":["am\u00e9liorer","ces","dint\u00e9rieur","dont","fa\u00e7ons","peuvent","plantes","qualit\u00e9","Quatre","vie","votre"],"articleSection":["Maison"],"inLanguage":"fr-BE"},{"@type":"WebPage","@id":"https:\/\/vieassociative.be\/actualites\/quatre-facons-dont-ces-plantes-dinterieur-peuvent-ameliorer-votre-qualite-de-vie\/","url":"https:\/\/vieassociative.be\/actualites\/quatre-facons-dont-ces-plantes-dinterieur-peuvent-ameliorer-votre-qualite-de-vie\/","name":"Quatre fa\u00e7ons dont ces plantes d'int\u00e9rieur peuvent am\u00e9liorer votre qualit\u00e9 de vie | Vie Associative","isPartOf":{"@id":"https:\/\/vieassociative.be\/actualites\/#website"},"primaryImageOfPage":{"@id":"https:\/\/vieassociative.be\/actualites\/quatre-facons-dont-ces-plantes-dinterieur-peuvent-ameliorer-votre-qualite-de-vie\/#primaryimage"},"image":{"@id":"https:\/\/vieassociative.be\/actualites\/quatre-facons-dont-ces-plantes-dinterieur-peuvent-ameliorer-votre-qualite-de-vie\/#primaryimage"},"thumbnailUrl":"https:\/\/vieassociative.be\/actualites\/wp-content\/uploads\/2025\/09\/Quatre-facons-dont-ces-plantes-dinterieur-peuvent-ameliorer-votre-qualite.png","datePublished":"2025-09-03T13:17:38+00:00","dateModified":"2025-09-03T13:17:38+00:00","breadcrumb":{"@id":"https:\/\/vieassociative.be\/actualites\/quatre-facons-dont-ces-plantes-dinterieur-peuvent-ameliorer-votre-qualite-de-vie\/#breadcrumb"},"inLanguage":"fr-BE","potentialAction":[{"@type":"ReadAction","target":["https:\/\/vieassociative.be\/actualites\/quatre-facons-dont-ces-plantes-dinterieur-peuvent-ameliorer-votre-qualite-de-vie\/"]}]},{"@type":"ImageObject","inLanguage":"fr-BE","@id":"https:\/\/vieassociative.be\/actualites\/quatre-facons-dont-ces-plantes-dinterieur-peuvent-ameliorer-votre-qualite-de-vie\/#primaryimage","url":"https:\/\/vieassociative.be\/actualites\/wp-content\/uploads\/2025\/09\/Quatre-facons-dont-ces-plantes-dinterieur-peuvent-ameliorer-votre-qualite.png","contentUrl":"https:\/\/vieassociative.be\/actualites\/wp-content\/uploads\/2025\/09\/Quatre-facons-dont-ces-plantes-dinterieur-peuvent-ameliorer-votre-qualite.png","width":1200,"height":675,"caption":"Quatre fa\u00e7ons dont ces plantes d'int\u00e9rieur peuvent am\u00e9liorer votre qualit\u00e9 de vie"},{"@type":"BreadcrumbList","@id":"https:\/\/vieassociative.be\/actualites\/quatre-facons-dont-ces-plantes-dinterieur-peuvent-ameliorer-votre-qualite-de-vie\/#breadcrumb","itemListElement":[{"@type":"ListItem","position":1,"name":"Accueil","item":"https:\/\/vieassociative.be\/actualites\/"},{"@type":"ListItem","position":2,"name":"Quatre fa\u00e7ons dont ces plantes d&rsquo;int\u00e9rieur peuvent am\u00e9liorer votre qualit\u00e9 de vie"}]},{"@type":"WebSite","@id":"https:\/\/vieassociative.be\/actualites\/#website","url":"https:\/\/vieassociative.be\/actualites\/","name":"Vie Associative","description":"","publisher":{"@id":"https:\/\/vieassociative.be\/actualites\/#organization"},"potentialAction":[{"@type":"SearchAction","target":{"@type":"EntryPoint","urlTemplate":"https:\/\/vieassociative.be\/actualites\/?s={search_term_string}"},"query-input":{"@type":"PropertyValueSpecification","valueRequired":true,"valueName":"search_term_string"}}],"inLanguage":"fr-BE"},{"@type":"Organization","@id":"https:\/\/vieassociative.be\/actualites\/#organization","name":"Vie Associative","url":"https:\/\/vieassociative.be\/actualites\/","logo":{"@type":"ImageObject","inLanguage":"fr-BE","@id":"https:\/\/vieassociative.be\/actualites\/#\/schema\/logo\/image\/","url":"https:\/\/vieassociative.be\/actualites\/wp-content\/uploads\/2024\/09\/cropped-vieassociative_favicon.ico.png","contentUrl":"https:\/\/vieassociative.be\/actualites\/wp-content\/uploads\/2024\/09\/cropped-vieassociative_favicon.ico.png","width":512,"height":512,"caption":"Vie Associative"},"image":{"@id":"https:\/\/vieassociative.be\/actualites\/#\/schema\/logo\/image\/"}},{"@type":"Person","@id":"https:\/\/vieassociative.be\/actualites\/#\/schema\/person\/b87ac4f82f9d4e7b7cec7395b679edc4","name":"Julien","image":{"@type":"ImageObject","inLanguage":"fr-BE","@id":"https:\/\/vieassociative.be\/actualites\/#\/schema\/person\/image\/","url":"https:\/\/vieassociative.be\/actualites\/wp-content\/uploads\/2024\/09\/vie-associative-1-150x150.jpg","contentUrl":"https:\/\/vieassociative.be\/actualites\/wp-content\/uploads\/2024\/09\/vie-associative-1-150x150.jpg","caption":"Julien"},"description":"Je suis Julien, r\u00e9dacteur pour Vie Associative. Passionn\u00e9 par le monde associatif depuis plus de 10 ans, j'ai \u00e0 c\u0153ur de partager des histoires inspirantes et de mettre en lumi\u00e8re les initiatives locales. Mon objectif est de sensibiliser et d'encourager l'engagement communautaire \u00e0 travers mes articles.","sameAs":["https:\/\/vieassociative.be\/"]}]}},"_links":{"self":[{"href":"https:\/\/vieassociative.be\/actualites\/wp-json\/wp\/v2\/posts\/9790"}],"collection":[{"href":"https:\/\/vieassociative.be\/actualites\/wp-json\/wp\/v2\/posts"}],"about":[{"href":"https:\/\/vieassociative.be\/actualites\/wp-json\/wp\/v2\/types\/post"}],"author":[{"embeddable":true,"href":"https:\/\/vieassociative.be\/actualites\/wp-json\/wp\/v2\/users\/1"}],"replies":[{"embeddable":true,"href":"https:\/\/vieassociative.be\/actualites\/wp-json\/wp\/v2\/comments?post=9790"}],"version-history":[{"count":0,"href":"https:\/\/vieassociative.be\/actualites\/wp-json\/wp\/v2\/posts\/9790\/revisions"}],"wp:featuredmedia":[{"embeddable":true,"href":"https:\/\/vieassociative.be\/actualites\/wp-json\/wp\/v2\/media\/9791"}],"wp:attachment":[{"href":"https:\/\/vieassociative.be\/actualites\/wp-json\/wp\/v2\/media?parent=9790"}],"wp:term":[{"taxonomy":"category","embeddable":true,"href":"https:\/\/vieassociative.be\/actualites\/wp-json\/wp\/v2\/categories?post=9790"},{"taxonomy":"post_tag","embeddable":true,"href":"https:\/\/vieassociative.be\/actualites\/wp-json\/wp\/v2\/tags?post=9790"}],"curies":[{"name":"wp","href":"https:\/\/api.w.org\/{rel}","templated":true}]}}