{"id":9786,"date":"2025-09-03T09:17:27","date_gmt":"2025-09-03T07:17:27","guid":{"rendered":"https:\/\/vieassociative.be\/actualites\/lapplication-photos-dios-26-etiquetera-les-concerts-et-les-evenements-sportifs-auxquels-vous-avez-assiste\/"},"modified":"2025-09-03T09:17:27","modified_gmt":"2025-09-03T07:17:27","slug":"lapplication-photos-dios-26-etiquetera-les-concerts-et-les-evenements-sportifs-auxquels-vous-avez-assiste","status":"publish","type":"post","link":"https:\/\/vieassociative.be\/actualites\/lapplication-photos-dios-26-etiquetera-les-concerts-et-les-evenements-sportifs-auxquels-vous-avez-assiste\/","title":{"rendered":"L&rsquo;application Photos d&rsquo;iOS 26 \u00e9tiquetera les concerts et les \u00e9v\u00e9nements sportifs auxquels vous avez assist\u00e9"},"content":{"rendered":"<div class=\"mt-4 leading-6 md:mb-8\">N&rsquo;oubliez jamais la liste des sets de ce spectacle de taxi de la mort.<\/div>\n<p><\/p>\n<p>Votre biblioth\u00e8que de photos regorge probablement d&rsquo;ann\u00e9es de souvenirs des vacances, des rassemblements et des \u00e9v\u00e9nements. Vous pourriez avoir des milliers, sinon dix milliers, de photos et de vid\u00e9os dans votre flux, et il y a une nouvelle fonctionnalit\u00e9 iOS qui vous aidera \u00e0 vous rappeler exactement quand et o\u00f9 une photo ou une vid\u00e9o particuli\u00e8re a \u00e9t\u00e9 prise &#8211; en supposant que vous avez captur\u00e9 le moment lors d&rsquo;un spectacle ou d&rsquo;un jeu en direct. Cela s&rsquo;appelle \u00abReconnaissance des \u00e9v\u00e9nements\u00bb et sera exp\u00e9di\u00e9 avec iOS 26 lorsque Apple le sortira plus tard ce mois-ci. <\/p>\n<p>Voici comment cela fonctionne: les photos jettent un coup d&rsquo;\u0153il aux m\u00e9tadonn\u00e9es pour vos photos et vid\u00e9os, ou les informations associ\u00e9es \u00e0 cette image, \u00e0 la recherche de d\u00e9tails qui peuvent confirmer s&rsquo;il a \u00e9t\u00e9 pris lors d&rsquo;un \u00e9v\u00e9nement majeur. L&rsquo;application peut utiliser la date, l&rsquo;heure, l&#8217;emplacement et d&rsquo;autres points de donn\u00e9es pour ce faire, et, une fois confirm\u00e9, il marque la photo ou la vid\u00e9o avec les informations de l&rsquo;\u00e9v\u00e9nement. \u00c0 l&rsquo;heure actuelle, cette fonctionnalit\u00e9 fonctionne pour les deux concerts ainsi que pour des \u00e9v\u00e9nements sportifs.<\/p>\n<h2 id=\"how-event-recognition-in-the-ios-26-photos-app-works\">Comment fonctionne la reconnaissance des \u00e9v\u00e9nements dans l&rsquo;application iOS 26 Photos<\/h2>\n<p>Disons que vous avez assist\u00e9 \u00e0 un cabinet Death Cab for Cutie, comme le r\u00e9dacteur en chef de Vie Associative, Joel Cunningham, le mois dernier \u00e0 Brooklyn. Lorsque vous faites d\u00e9filer ces photos et vid\u00e9os de votre biblioth\u00e8que, vous verrez une ic\u00f4ne de billets de concert appara\u00eetre en bas de l&rsquo;\u00e9cran. Appuyez sur ceci, et il tirera la page de m\u00e9tadonn\u00e9es de l&rsquo;image, avec une \u00e9tiquette \u00e9tiquet\u00e9e \u00ab\u00a0Death Cab for Cutie Concert\u00a0\u00bb. Si vous appuyez sur cette \u00e9tiquette, vous tirerez une page d\u00e9di\u00e9e aux d\u00e9tails entourant l&rsquo;\u00e9v\u00e9nement, y compris la date du concert, l&rsquo;heure, l&#8217;emplacement, le lieu et m\u00eame une liste de chansons jou\u00e9es. En plus des d\u00e9tails sur l&rsquo;\u00e9mission elle-m\u00eame, vous obtiendrez \u00e9galement du contenu accompagn\u00e9 associ\u00e9 \u00e0 l&rsquo;artiste qui a jou\u00e9, tels que les listes de lecture Apple Music et les spectacles \u00e0 venir. La balise d&rsquo;\u00e9v\u00e9nement pourrait m\u00eame s&rsquo;\u00e9tendre aux choses que vous avez faites imm\u00e9diatement avant ou apr\u00e8s le spectacle &#8211; dans le r\u00f4le de la cam\u00e9ra de Joel, le restaurant \u00e0 proximit\u00e9 auquel il a mang\u00e9 avant le fait de la mort de la mort est \u00e9galement \u00e9tiquet\u00e9 avec une ic\u00f4ne de billets.<\/p>\n<div class=\"mx-auto mb-12 mt-5 w-full max-w-3xl rounded-md border-2 border-gray-100 p-3 shadow-md md:px-7 md:pb-7 md:pt-5\" id=\"related-video\">\n<div class=\"mb-3 flex items-center md:mb-5\">\n        <img decoding=\"async\" class=\"mr-4 mt-0 h-10 w-10 md:mr-5 md:h-12 md:w-12\" src=\"https:\/\/vieassociative.be\/actualites\/wp-content\/uploads\/2025\/08\/1754414314_422_Les-brins-du-NYT-daujourdhui-indiquent-et-repondent-pour-le.jpg\" alt=\"Logo Lifehacker\"><\/p><\/div>\n<div class=\"aspect-video w-full overflow-hidden rounded-md\">\n<div id=\"video-container-01K475AH8Y4GDQAE15ZXCM55TV\"><\/div>\n<\/p><\/div>\n<\/div>\n<p>Si votre photo a \u00e9t\u00e9 prise lors d&rsquo;un \u00e9v\u00e9nement sportif au lieu d&rsquo;un concert, cette fonctionnalit\u00e9 vous montrera des d\u00e9tails comme le score du jeu, du lieu et des \u00e9v\u00e9nements \u00e0 venir l\u00e0-bas.<\/p>\n<p>\u00c0 l&rsquo;heure actuelle, la fonctionnalit\u00e9 est active pour certains lieux et \u00e9v\u00e9nements, mais pas d&rsquo;autres (Joel n&rsquo;a vu aucune information suppl\u00e9mentaire pour un spectacle de 2018 dans un petit lieu, Brooklyn Steel); Esp\u00e9rons que cela deviendra plus robuste avec le passage du temps. <\/p>\n<p>Ce n&rsquo;est pas n\u00e9cessairement une nouvelle fonctionnalit\u00e9 r\u00e9volutionnaire, mais c&rsquo;est amusant, et cela facilite le souvenir des d\u00e9tails des concerts et des jeux auxquels vous avez assist\u00e9 il y a longtemps. Il rejoint une s\u00e9rie d&rsquo;autres modifications de l&rsquo;application Photos dans iOS 26, y compris de nouvelles modifications de mise en page, des filtres frais et une barre d&rsquo;onglet inf\u00e9rieure. <\/p>\n","protected":false},"excerpt":{"rendered":"<p>N&rsquo;oubliez jamais la liste des sets de ce spectacle de taxi de la mort. Votre biblioth\u00e8que de photos regorge probablement d&rsquo;ann\u00e9es de souvenirs des vacances,<\/p>\n","protected":false},"author":1,"featured_media":9787,"comment_status":"","ping_status":"","sticky":false,"template":"","format":"standard","meta":{"footnotes":""},"categories":[13],"tags":[8386,2288,258,8384,285,8383,4651,282,14,283,8385,4],"class_list":["post-9786","post","type-post","status-publish","format-standard","has-post-thumbnail","hentry","category-technologie","tag-assiste","tag-auxquels","tag-avez","tag-concerts","tag-dios","tag-etiquetera","tag-evenements","tag-lapplication","tag-les","tag-photos","tag-sportifs","tag-vous","generate-columns","tablet-grid-50","mobile-grid-100","grid-parent","grid-33"],"yoast_head":"<!-- This site is optimized with the Yoast SEO plugin v24.0 - https:\/\/yoast.com\/wordpress\/plugins\/seo\/ -->\n<title>L&#039;application Photos d&#039;iOS 26 \u00e9tiquetera les concerts et les \u00e9v\u00e9nements sportifs auxquels vous avez assist\u00e9 | Vie Associative<\/title>\n<meta name=\"robots\" content=\"index, follow, max-snippet:-1, max-image-preview:large, max-video-preview:-1\" \/>\n<link rel=\"canonical\" href=\"https:\/\/vieassociative.be\/actualites\/lapplication-photos-dios-26-etiquetera-les-concerts-et-les-evenements-sportifs-auxquels-vous-avez-assiste\/\" \/>\n<meta property=\"og:locale\" content=\"fr_FR\" \/>\n<meta property=\"og:type\" content=\"article\" \/>\n<meta property=\"og:title\" content=\"L&#039;application Photos d&#039;iOS 26 \u00e9tiquetera les concerts et les \u00e9v\u00e9nements sportifs auxquels vous avez assist\u00e9 | Vie Associative\" \/>\n<meta property=\"og:description\" content=\"N&rsquo;oubliez jamais la liste des sets de ce spectacle de taxi de la mort. Votre biblioth\u00e8que de photos regorge probablement d&rsquo;ann\u00e9es de souvenirs des vacances,\" \/>\n<meta property=\"og:url\" content=\"https:\/\/vieassociative.be\/actualites\/lapplication-photos-dios-26-etiquetera-les-concerts-et-les-evenements-sportifs-auxquels-vous-avez-assiste\/\" \/>\n<meta property=\"og:site_name\" content=\"Vie Associative\" \/>\n<meta property=\"article:published_time\" content=\"2025-09-03T07:17:27+00:00\" \/>\n<meta property=\"og:image\" content=\"https:\/\/vieassociative.be\/actualites\/wp-content\/uploads\/2025\/08\/1754414314_422_Les-brins-du-NYT-daujourdhui-indiquent-et-repondent-pour-le.jpg\" \/>\n<meta name=\"author\" content=\"Julien\" \/>\n<meta name=\"twitter:card\" content=\"summary_large_image\" \/>\n<meta name=\"twitter:label1\" content=\"\u00c9crit par\" \/>\n\t<meta name=\"twitter:data1\" content=\"Julien\" \/>\n\t<meta name=\"twitter:label2\" content=\"Dur\u00e9e de lecture est.\" \/>\n\t<meta name=\"twitter:data2\" content=\"3 minutes\" \/>\n<script type=\"application\/ld+json\" class=\"yoast-schema-graph\">{\"@context\":\"https:\/\/schema.org\",\"@graph\":[{\"@type\":\"Article\",\"@id\":\"https:\/\/vieassociative.be\/actualites\/lapplication-photos-dios-26-etiquetera-les-concerts-et-les-evenements-sportifs-auxquels-vous-avez-assiste\/#article\",\"isPartOf\":{\"@id\":\"https:\/\/vieassociative.be\/actualites\/lapplication-photos-dios-26-etiquetera-les-concerts-et-les-evenements-sportifs-auxquels-vous-avez-assiste\/\"},\"author\":{\"name\":\"Julien\",\"@id\":\"https:\/\/vieassociative.be\/actualites\/#\/schema\/person\/b87ac4f82f9d4e7b7cec7395b679edc4\"},\"headline\":\"L&rsquo;application Photos d&rsquo;iOS 26 \u00e9tiquetera les concerts et les \u00e9v\u00e9nements sportifs auxquels vous avez assist\u00e9\",\"datePublished\":\"2025-09-03T07:17:27+00:00\",\"dateModified\":\"2025-09-03T07:17:27+00:00\",\"mainEntityOfPage\":{\"@id\":\"https:\/\/vieassociative.be\/actualites\/lapplication-photos-dios-26-etiquetera-les-concerts-et-les-evenements-sportifs-auxquels-vous-avez-assiste\/\"},\"wordCount\":622,\"publisher\":{\"@id\":\"https:\/\/vieassociative.be\/actualites\/#organization\"},\"image\":{\"@id\":\"https:\/\/vieassociative.be\/actualites\/lapplication-photos-dios-26-etiquetera-les-concerts-et-les-evenements-sportifs-auxquels-vous-avez-assiste\/#primaryimage\"},\"thumbnailUrl\":\"https:\/\/vieassociative.be\/actualites\/wp-content\/uploads\/2025\/09\/Lapplication-Photos-diOS-26-etiquetera-les-concerts-et-les-evenements.png\",\"keywords\":[\"assist\u00e9\",\"auxquels\",\"avez\",\"concerts\",\"diOS\",\"\u00e9tiquetera\",\"\u00e9v\u00e9nements\",\"lapplication\",\"Les\",\"Photos\",\"sportifs\",\"Vous\"],\"articleSection\":[\"Technologie\"],\"inLanguage\":\"fr-BE\"},{\"@type\":\"WebPage\",\"@id\":\"https:\/\/vieassociative.be\/actualites\/lapplication-photos-dios-26-etiquetera-les-concerts-et-les-evenements-sportifs-auxquels-vous-avez-assiste\/\",\"url\":\"https:\/\/vieassociative.be\/actualites\/lapplication-photos-dios-26-etiquetera-les-concerts-et-les-evenements-sportifs-auxquels-vous-avez-assiste\/\",\"name\":\"L'application Photos d'iOS 26 \u00e9tiquetera les concerts et les \u00e9v\u00e9nements sportifs auxquels vous avez assist\u00e9 | Vie Associative\",\"isPartOf\":{\"@id\":\"https:\/\/vieassociative.be\/actualites\/#website\"},\"primaryImageOfPage\":{\"@id\":\"https:\/\/vieassociative.be\/actualites\/lapplication-photos-dios-26-etiquetera-les-concerts-et-les-evenements-sportifs-auxquels-vous-avez-assiste\/#primaryimage\"},\"image\":{\"@id\":\"https:\/\/vieassociative.be\/actualites\/lapplication-photos-dios-26-etiquetera-les-concerts-et-les-evenements-sportifs-auxquels-vous-avez-assiste\/#primaryimage\"},\"thumbnailUrl\":\"https:\/\/vieassociative.be\/actualites\/wp-content\/uploads\/2025\/09\/Lapplication-Photos-diOS-26-etiquetera-les-concerts-et-les-evenements.png\",\"datePublished\":\"2025-09-03T07:17:27+00:00\",\"dateModified\":\"2025-09-03T07:17:27+00:00\",\"breadcrumb\":{\"@id\":\"https:\/\/vieassociative.be\/actualites\/lapplication-photos-dios-26-etiquetera-les-concerts-et-les-evenements-sportifs-auxquels-vous-avez-assiste\/#breadcrumb\"},\"inLanguage\":\"fr-BE\",\"potentialAction\":[{\"@type\":\"ReadAction\",\"target\":[\"https:\/\/vieassociative.be\/actualites\/lapplication-photos-dios-26-etiquetera-les-concerts-et-les-evenements-sportifs-auxquels-vous-avez-assiste\/\"]}]},{\"@type\":\"ImageObject\",\"inLanguage\":\"fr-BE\",\"@id\":\"https:\/\/vieassociative.be\/actualites\/lapplication-photos-dios-26-etiquetera-les-concerts-et-les-evenements-sportifs-auxquels-vous-avez-assiste\/#primaryimage\",\"url\":\"https:\/\/vieassociative.be\/actualites\/wp-content\/uploads\/2025\/09\/Lapplication-Photos-diOS-26-etiquetera-les-concerts-et-les-evenements.png\",\"contentUrl\":\"https:\/\/vieassociative.be\/actualites\/wp-content\/uploads\/2025\/09\/Lapplication-Photos-diOS-26-etiquetera-les-concerts-et-les-evenements.png\",\"width\":1200,\"height\":675,\"caption\":\"L'application Photos d'iOS 26 \u00e9tiquetera les concerts et les \u00e9v\u00e9nements sportifs auxquels vous avez assist\u00e9\"},{\"@type\":\"BreadcrumbList\",\"@id\":\"https:\/\/vieassociative.be\/actualites\/lapplication-photos-dios-26-etiquetera-les-concerts-et-les-evenements-sportifs-auxquels-vous-avez-assiste\/#breadcrumb\",\"itemListElement\":[{\"@type\":\"ListItem\",\"position\":1,\"name\":\"Accueil\",\"item\":\"https:\/\/vieassociative.be\/actualites\/\"},{\"@type\":\"ListItem\",\"position\":2,\"name\":\"L&rsquo;application Photos d&rsquo;iOS 26 \u00e9tiquetera les concerts et les \u00e9v\u00e9nements sportifs auxquels vous avez assist\u00e9\"}]},{\"@type\":\"WebSite\",\"@id\":\"https:\/\/vieassociative.be\/actualites\/#website\",\"url\":\"https:\/\/vieassociative.be\/actualites\/\",\"name\":\"Vie Associative\",\"description\":\"\",\"publisher\":{\"@id\":\"https:\/\/vieassociative.be\/actualites\/#organization\"},\"potentialAction\":[{\"@type\":\"SearchAction\",\"target\":{\"@type\":\"EntryPoint\",\"urlTemplate\":\"https:\/\/vieassociative.be\/actualites\/?s={search_term_string}\"},\"query-input\":{\"@type\":\"PropertyValueSpecification\",\"valueRequired\":true,\"valueName\":\"search_term_string\"}}],\"inLanguage\":\"fr-BE\"},{\"@type\":\"Organization\",\"@id\":\"https:\/\/vieassociative.be\/actualites\/#organization\",\"name\":\"Vie Associative\",\"url\":\"https:\/\/vieassociative.be\/actualites\/\",\"logo\":{\"@type\":\"ImageObject\",\"inLanguage\":\"fr-BE\",\"@id\":\"https:\/\/vieassociative.be\/actualites\/#\/schema\/logo\/image\/\",\"url\":\"https:\/\/vieassociative.be\/actualites\/wp-content\/uploads\/2024\/09\/cropped-vieassociative_favicon.ico.png\",\"contentUrl\":\"https:\/\/vieassociative.be\/actualites\/wp-content\/uploads\/2024\/09\/cropped-vieassociative_favicon.ico.png\",\"width\":512,\"height\":512,\"caption\":\"Vie Associative\"},\"image\":{\"@id\":\"https:\/\/vieassociative.be\/actualites\/#\/schema\/logo\/image\/\"}},{\"@type\":\"Person\",\"@id\":\"https:\/\/vieassociative.be\/actualites\/#\/schema\/person\/b87ac4f82f9d4e7b7cec7395b679edc4\",\"name\":\"Julien\",\"image\":{\"@type\":\"ImageObject\",\"inLanguage\":\"fr-BE\",\"@id\":\"https:\/\/vieassociative.be\/actualites\/#\/schema\/person\/image\/\",\"url\":\"https:\/\/vieassociative.be\/actualites\/wp-content\/uploads\/2024\/09\/vie-associative-1-150x150.jpg\",\"contentUrl\":\"https:\/\/vieassociative.be\/actualites\/wp-content\/uploads\/2024\/09\/vie-associative-1-150x150.jpg\",\"caption\":\"Julien\"},\"description\":\"Je suis Julien, r\u00e9dacteur pour Vie Associative. Passionn\u00e9 par le monde associatif depuis plus de 10 ans, j'ai \u00e0 c\u0153ur de partager des histoires inspirantes et de mettre en lumi\u00e8re les initiatives locales. Mon objectif est de sensibiliser et d'encourager l'engagement communautaire \u00e0 travers mes articles.\",\"sameAs\":[\"https:\/\/vieassociative.be\/\"]}]}<\/script>\n<!-- \/ Yoast SEO plugin. -->","yoast_head_json":{"title":"L'application Photos d'iOS 26 \u00e9tiquetera les concerts et les \u00e9v\u00e9nements sportifs auxquels vous avez assist\u00e9 | Vie Associative","robots":{"index":"index","follow":"follow","max-snippet":"max-snippet:-1","max-image-preview":"max-image-preview:large","max-video-preview":"max-video-preview:-1"},"canonical":"https:\/\/vieassociative.be\/actualites\/lapplication-photos-dios-26-etiquetera-les-concerts-et-les-evenements-sportifs-auxquels-vous-avez-assiste\/","og_locale":"fr_FR","og_type":"article","og_title":"L'application Photos d'iOS 26 \u00e9tiquetera les concerts et les \u00e9v\u00e9nements sportifs auxquels vous avez assist\u00e9 | Vie Associative","og_description":"N&rsquo;oubliez jamais la liste des sets de ce spectacle de taxi de la mort. Votre biblioth\u00e8que de photos regorge probablement d&rsquo;ann\u00e9es de souvenirs des vacances,","og_url":"https:\/\/vieassociative.be\/actualites\/lapplication-photos-dios-26-etiquetera-les-concerts-et-les-evenements-sportifs-auxquels-vous-avez-assiste\/","og_site_name":"Vie Associative","article_published_time":"2025-09-03T07:17:27+00:00","og_image":[{"url":"https:\/\/vieassociative.be\/actualites\/wp-content\/uploads\/2025\/08\/1754414314_422_Les-brins-du-NYT-daujourdhui-indiquent-et-repondent-pour-le.jpg","type":"","width":"","height":""}],"author":"Julien","twitter_card":"summary_large_image","twitter_misc":{"\u00c9crit par":"Julien","Dur\u00e9e de lecture est.":"3 minutes"},"schema":{"@context":"https:\/\/schema.org","@graph":[{"@type":"Article","@id":"https:\/\/vieassociative.be\/actualites\/lapplication-photos-dios-26-etiquetera-les-concerts-et-les-evenements-sportifs-auxquels-vous-avez-assiste\/#article","isPartOf":{"@id":"https:\/\/vieassociative.be\/actualites\/lapplication-photos-dios-26-etiquetera-les-concerts-et-les-evenements-sportifs-auxquels-vous-avez-assiste\/"},"author":{"name":"Julien","@id":"https:\/\/vieassociative.be\/actualites\/#\/schema\/person\/b87ac4f82f9d4e7b7cec7395b679edc4"},"headline":"L&rsquo;application Photos d&rsquo;iOS 26 \u00e9tiquetera les concerts et les \u00e9v\u00e9nements sportifs auxquels vous avez assist\u00e9","datePublished":"2025-09-03T07:17:27+00:00","dateModified":"2025-09-03T07:17:27+00:00","mainEntityOfPage":{"@id":"https:\/\/vieassociative.be\/actualites\/lapplication-photos-dios-26-etiquetera-les-concerts-et-les-evenements-sportifs-auxquels-vous-avez-assiste\/"},"wordCount":622,"publisher":{"@id":"https:\/\/vieassociative.be\/actualites\/#organization"},"image":{"@id":"https:\/\/vieassociative.be\/actualites\/lapplication-photos-dios-26-etiquetera-les-concerts-et-les-evenements-sportifs-auxquels-vous-avez-assiste\/#primaryimage"},"thumbnailUrl":"https:\/\/vieassociative.be\/actualites\/wp-content\/uploads\/2025\/09\/Lapplication-Photos-diOS-26-etiquetera-les-concerts-et-les-evenements.png","keywords":["assist\u00e9","auxquels","avez","concerts","diOS","\u00e9tiquetera","\u00e9v\u00e9nements","lapplication","Les","Photos","sportifs","Vous"],"articleSection":["Technologie"],"inLanguage":"fr-BE"},{"@type":"WebPage","@id":"https:\/\/vieassociative.be\/actualites\/lapplication-photos-dios-26-etiquetera-les-concerts-et-les-evenements-sportifs-auxquels-vous-avez-assiste\/","url":"https:\/\/vieassociative.be\/actualites\/lapplication-photos-dios-26-etiquetera-les-concerts-et-les-evenements-sportifs-auxquels-vous-avez-assiste\/","name":"L'application Photos d'iOS 26 \u00e9tiquetera les concerts et les \u00e9v\u00e9nements sportifs auxquels vous avez assist\u00e9 | Vie Associative","isPartOf":{"@id":"https:\/\/vieassociative.be\/actualites\/#website"},"primaryImageOfPage":{"@id":"https:\/\/vieassociative.be\/actualites\/lapplication-photos-dios-26-etiquetera-les-concerts-et-les-evenements-sportifs-auxquels-vous-avez-assiste\/#primaryimage"},"image":{"@id":"https:\/\/vieassociative.be\/actualites\/lapplication-photos-dios-26-etiquetera-les-concerts-et-les-evenements-sportifs-auxquels-vous-avez-assiste\/#primaryimage"},"thumbnailUrl":"https:\/\/vieassociative.be\/actualites\/wp-content\/uploads\/2025\/09\/Lapplication-Photos-diOS-26-etiquetera-les-concerts-et-les-evenements.png","datePublished":"2025-09-03T07:17:27+00:00","dateModified":"2025-09-03T07:17:27+00:00","breadcrumb":{"@id":"https:\/\/vieassociative.be\/actualites\/lapplication-photos-dios-26-etiquetera-les-concerts-et-les-evenements-sportifs-auxquels-vous-avez-assiste\/#breadcrumb"},"inLanguage":"fr-BE","potentialAction":[{"@type":"ReadAction","target":["https:\/\/vieassociative.be\/actualites\/lapplication-photos-dios-26-etiquetera-les-concerts-et-les-evenements-sportifs-auxquels-vous-avez-assiste\/"]}]},{"@type":"ImageObject","inLanguage":"fr-BE","@id":"https:\/\/vieassociative.be\/actualites\/lapplication-photos-dios-26-etiquetera-les-concerts-et-les-evenements-sportifs-auxquels-vous-avez-assiste\/#primaryimage","url":"https:\/\/vieassociative.be\/actualites\/wp-content\/uploads\/2025\/09\/Lapplication-Photos-diOS-26-etiquetera-les-concerts-et-les-evenements.png","contentUrl":"https:\/\/vieassociative.be\/actualites\/wp-content\/uploads\/2025\/09\/Lapplication-Photos-diOS-26-etiquetera-les-concerts-et-les-evenements.png","width":1200,"height":675,"caption":"L'application Photos d'iOS 26 \u00e9tiquetera les concerts et les \u00e9v\u00e9nements sportifs auxquels vous avez assist\u00e9"},{"@type":"BreadcrumbList","@id":"https:\/\/vieassociative.be\/actualites\/lapplication-photos-dios-26-etiquetera-les-concerts-et-les-evenements-sportifs-auxquels-vous-avez-assiste\/#breadcrumb","itemListElement":[{"@type":"ListItem","position":1,"name":"Accueil","item":"https:\/\/vieassociative.be\/actualites\/"},{"@type":"ListItem","position":2,"name":"L&rsquo;application Photos d&rsquo;iOS 26 \u00e9tiquetera les concerts et les \u00e9v\u00e9nements sportifs auxquels vous avez assist\u00e9"}]},{"@type":"WebSite","@id":"https:\/\/vieassociative.be\/actualites\/#website","url":"https:\/\/vieassociative.be\/actualites\/","name":"Vie Associative","description":"","publisher":{"@id":"https:\/\/vieassociative.be\/actualites\/#organization"},"potentialAction":[{"@type":"SearchAction","target":{"@type":"EntryPoint","urlTemplate":"https:\/\/vieassociative.be\/actualites\/?s={search_term_string}"},"query-input":{"@type":"PropertyValueSpecification","valueRequired":true,"valueName":"search_term_string"}}],"inLanguage":"fr-BE"},{"@type":"Organization","@id":"https:\/\/vieassociative.be\/actualites\/#organization","name":"Vie Associative","url":"https:\/\/vieassociative.be\/actualites\/","logo":{"@type":"ImageObject","inLanguage":"fr-BE","@id":"https:\/\/vieassociative.be\/actualites\/#\/schema\/logo\/image\/","url":"https:\/\/vieassociative.be\/actualites\/wp-content\/uploads\/2024\/09\/cropped-vieassociative_favicon.ico.png","contentUrl":"https:\/\/vieassociative.be\/actualites\/wp-content\/uploads\/2024\/09\/cropped-vieassociative_favicon.ico.png","width":512,"height":512,"caption":"Vie Associative"},"image":{"@id":"https:\/\/vieassociative.be\/actualites\/#\/schema\/logo\/image\/"}},{"@type":"Person","@id":"https:\/\/vieassociative.be\/actualites\/#\/schema\/person\/b87ac4f82f9d4e7b7cec7395b679edc4","name":"Julien","image":{"@type":"ImageObject","inLanguage":"fr-BE","@id":"https:\/\/vieassociative.be\/actualites\/#\/schema\/person\/image\/","url":"https:\/\/vieassociative.be\/actualites\/wp-content\/uploads\/2024\/09\/vie-associative-1-150x150.jpg","contentUrl":"https:\/\/vieassociative.be\/actualites\/wp-content\/uploads\/2024\/09\/vie-associative-1-150x150.jpg","caption":"Julien"},"description":"Je suis Julien, r\u00e9dacteur pour Vie Associative. Passionn\u00e9 par le monde associatif depuis plus de 10 ans, j'ai \u00e0 c\u0153ur de partager des histoires inspirantes et de mettre en lumi\u00e8re les initiatives locales. Mon objectif est de sensibiliser et d'encourager l'engagement communautaire \u00e0 travers mes articles.","sameAs":["https:\/\/vieassociative.be\/"]}]}},"_links":{"self":[{"href":"https:\/\/vieassociative.be\/actualites\/wp-json\/wp\/v2\/posts\/9786"}],"collection":[{"href":"https:\/\/vieassociative.be\/actualites\/wp-json\/wp\/v2\/posts"}],"about":[{"href":"https:\/\/vieassociative.be\/actualites\/wp-json\/wp\/v2\/types\/post"}],"author":[{"embeddable":true,"href":"https:\/\/vieassociative.be\/actualites\/wp-json\/wp\/v2\/users\/1"}],"replies":[{"embeddable":true,"href":"https:\/\/vieassociative.be\/actualites\/wp-json\/wp\/v2\/comments?post=9786"}],"version-history":[{"count":0,"href":"https:\/\/vieassociative.be\/actualites\/wp-json\/wp\/v2\/posts\/9786\/revisions"}],"wp:featuredmedia":[{"embeddable":true,"href":"https:\/\/vieassociative.be\/actualites\/wp-json\/wp\/v2\/media\/9787"}],"wp:attachment":[{"href":"https:\/\/vieassociative.be\/actualites\/wp-json\/wp\/v2\/media?parent=9786"}],"wp:term":[{"taxonomy":"category","embeddable":true,"href":"https:\/\/vieassociative.be\/actualites\/wp-json\/wp\/v2\/categories?post=9786"},{"taxonomy":"post_tag","embeddable":true,"href":"https:\/\/vieassociative.be\/actualites\/wp-json\/wp\/v2\/tags?post=9786"}],"curies":[{"name":"wp","href":"https:\/\/api.w.org\/{rel}","templated":true}]}}