{"id":9782,"date":"2025-09-03T04:19:50","date_gmt":"2025-09-03T02:19:50","guid":{"rendered":"https:\/\/vieassociative.be\/actualites\/le-gouvernement-parvient-a-laccord-belgique-pour-la-reconnaissance-dun-etat-palestinien-dans-des-conditions\/"},"modified":"2025-09-03T04:19:50","modified_gmt":"2025-09-03T02:19:50","slug":"le-gouvernement-parvient-a-laccord-belgique-pour-la-reconnaissance-dun-etat-palestinien-dans-des-conditions","status":"publish","type":"post","link":"https:\/\/vieassociative.be\/actualites\/le-gouvernement-parvient-a-laccord-belgique-pour-la-reconnaissance-dun-etat-palestinien-dans-des-conditions\/","title":{"rendered":"Le gouvernement parvient \u00e0 l&rsquo;accord: Belgique pour la reconnaissance d&rsquo;un \u00c9tat palestinien (dans des conditions)"},"content":{"rendered":"<p><strong>Dans la nuit de mardi, le gouvernement f\u00e9d\u00e9ral belge a convenu dans une position de base du Cabinet dans une position de Belgique sur le conflit isra\u00e9lo-palestinien et la situation dans la bande de Gaza, comme l&rsquo;a annonc\u00e9 le ministre des Affaires \u00e9trang\u00e8res Maxime Pr\u00e9vot (Les Engages) dans un communiqu\u00e9 apr\u00e8s la r\u00e9union.<\/strong><\/p>\n<p><span id=\"more-423629\"><\/span>Les sanctions contre Isra\u00ebl et la reconnaissance d&rsquo;un \u00c9tat palestinien avant l&rsquo;ONU ont \u00e9t\u00e9 d\u00e9cid\u00e9es, qui, cependant, ne devraient \u00eatre officiellement confirm\u00e9es que dans certaines conditions par un d\u00e9cret royal. Si ces conditions sont remplies, la reconnaissance est automatiquement re\u00e7ue, confirm\u00e9e le pr\u00e9sident de la f\u00eate Les Engages, Yvan Verogstraete.<\/p>\n<p>Les divers organismes responsables sont charg\u00e9s de proposer des \u00absanctions claires\u00bb contre les colons juifs violents et les dirigeants du Hamas (restrictions financi\u00e8res, gel des actifs, etc.).<\/p>\n<div id=\"attachment_388081\" class=\"wp-caption alignleft\" style=\"max-width: 300px\"><img fetchpriority=\"high\" decoding=\"async\" class=\"wp-image-388081 size-medium\" src=\"https:\/\/vieassociative.be\/actualites\/wp-content\/uploads\/2025\/09\/Le-gouvernement-parvient-a-laccord-Belgique-pour-la-reconnaissance-dun.jpg\" alt=\"\" width=\"300\" height=\"200\"><\/div>\n<p>Dans l&rsquo;intervalle, la Belgique impose certaines sanctions. Par exemple, les colons violents, les terroristes du Hamas ainsi que le ministre isra\u00e9lien extr\u00e9miste Itamar Ben Gvir et Bezalel Smotrich et les dirigeants politiques et militaires du Hamas sont d\u00e9clar\u00e9s des personnes ind\u00e9sirables sur son territoire. Les mesures sont prises par le bureau d&rsquo;immigration dans le Schengen Information System (SIS).<\/p>\n<p>Une interdiction nationale d&rsquo;importation pour les produits des zones palestiniennes occup\u00e9es par Isra\u00ebl est \u00e9galement mise en \u0153uvre, selon un jugement de la Cour internationale de justice du 19 juillet 2024. La Belgique est donc le troisi\u00e8me pays europ\u00e9en en Irlande et en Slov\u00e9nie qui emprunte cette voie. Les Belges, qui vivent dans les r\u00e9gions palestiniennes des colonies isra\u00e9liennes, ne recevront pas de soutien consulaire sauf en cas d&rsquo;urgence.<\/p>\n<p>Le procureur f\u00e9d\u00e9ral est charg\u00e9 de poursuivre tous les Belges ou personnes ayant des sursis ordinaires en Belgique qui sont coupables de violation du droit humanitaire ou d&rsquo;un crime terroriste en Isra\u00ebl ou dans les r\u00e9gions palestiniennes. Les demandes des autorit\u00e9s isra\u00e9liennes pour les vols militaires vers l&rsquo;espace a\u00e9rien belge sont rejet\u00e9es.<\/p>\n<p>De plus, l&rsquo;interdiction de l&rsquo;exportation et du transport en commun est \u00e9largie par des biens militaires. Tous les biens militaires destin\u00e9s \u00e0 Isra\u00ebl et non seulement \u00e0 l&rsquo;arm\u00e9e isra\u00e9lienne sont touch\u00e9s. Les marchandises \u00e0 double usage (civil et militaire) tombent \u00e9galement en dessous, dans la mesure o\u00f9 le consommateur final est militaire. \u00c9tant donn\u00e9 que la responsabilit\u00e9 est largement r\u00e9gionale, le gouvernement travaillera dans ce sens dans les r\u00e9gions.<\/p>\n<div id=\"attachment_420581\" class=\"wp-caption alignleft\" style=\"max-width: 300px\"><img decoding=\"async\" class=\"wp-image-420581 size-medium\" src=\"https:\/\/vieassociative.be\/actualites\/wp-content\/uploads\/2025\/09\/1756865990_588_Le-gouvernement-parvient-a-laccord-Belgique-pour-la-reconnaissance-dun.jpg\" alt=\"\" width=\"300\" height=\"200\"><\/div>\n<p>Au niveau europ\u00e9en, la Belgique soutiendra la suspension compl\u00e8te des parties commerciales et de recherche de l&rsquo;accord d&rsquo;association avec Isra\u00ebl. La Belgique \u00ab\u00a0rejoint les nations\u00a0\u00bb que la Palestine reconna\u00eet.<\/p>\n<p>La reconnaissance d&rsquo;un \u00c9tat palestinien \u00e9tait l&rsquo;autre sujet d\u00e9licat des discussions. Vendredi, la Belgique a d\u00fb d\u00e9cider si ce serait l&rsquo;initiative de la France et de l&rsquo;Arabie saoudite, qui a \u00e9t\u00e9 sp\u00e9cifi\u00e9e dans \u00abl&rsquo;explication de New York\u00bb et reprendra le 22 septembre sur la touche de l&rsquo;Assembl\u00e9e g\u00e9n\u00e9rale des Nations Unies.<\/p>\n<p>\u00ab\u00a0La Belgique a toujours fait campagne pour une solution \u00e0 deux \u00c9tats et confirme cette attitude en rejoignant la participation \u00e0 l&rsquo;explication de New York\u00a0\u00bb, dit l&rsquo;explication. \u00ab\u00a0Pour cette raison, la Belgique aimerait envoyer un fort signal politique et diplomatique en rejoignant les nations qui annonceront la reconnaissance de l&rsquo;\u00c9tat de Palestine\u00a0\u00bb, ajoute le texte.<br \/>\n\u00ab\u00a0Dans la conscience du traumatisme\u00a0\u00bb, qui a \u00e9t\u00e9 caus\u00e9e par l&rsquo;attaque terroriste du Hamas le 7 octobre 2023, la reconnaissance n&rsquo;est officialis\u00e9e que dans un d\u00e9cret royal lorsque les derniers otages isra\u00e9liens sont lib\u00e9r\u00e9s et que des organisations terroristes telles que le Hamas ont \u00e9t\u00e9 retir\u00e9es du gouvernement de la Palestine. (Cre)<\/p>\n","protected":false},"excerpt":{"rendered":"<p>Dans la nuit de mardi, le gouvernement f\u00e9d\u00e9ral belge a convenu dans une position de base du Cabinet dans une position de Belgique sur le<\/p>\n","protected":false},"author":1,"featured_media":9783,"comment_status":"","ping_status":"","sticky":false,"template":"","format":"standard","meta":{"footnotes":""},"categories":[298],"tags":[383,7085,166,29,354,1142,615,3058,8382,3820,81,8381],"class_list":["post-9782","post","type-post","status-publish","format-standard","has-post-thumbnail","hentry","category-belgique","tag-belgique","tag-conditions","tag-dans","tag-des","tag-dun","tag-etat","tag-gouvernement","tag-laccord","tag-palestinien","tag-parvient","tag-pour","tag-reconnaissance","generate-columns","tablet-grid-50","mobile-grid-100","grid-parent","grid-33"],"yoast_head":"<!-- This site is optimized with the Yoast SEO plugin v24.0 - https:\/\/yoast.com\/wordpress\/plugins\/seo\/ -->\n<title>Le gouvernement parvient \u00e0 l&#039;accord: Belgique pour la reconnaissance d&#039;un \u00c9tat palestinien (dans des conditions) | Vie Associative<\/title>\n<meta name=\"robots\" content=\"index, follow, max-snippet:-1, max-image-preview:large, max-video-preview:-1\" \/>\n<link rel=\"canonical\" href=\"https:\/\/vieassociative.be\/actualites\/le-gouvernement-parvient-a-laccord-belgique-pour-la-reconnaissance-dun-etat-palestinien-dans-des-conditions\/\" \/>\n<meta property=\"og:locale\" content=\"fr_FR\" \/>\n<meta property=\"og:type\" content=\"article\" \/>\n<meta property=\"og:title\" content=\"Le gouvernement parvient \u00e0 l&#039;accord: Belgique pour la reconnaissance d&#039;un \u00c9tat palestinien (dans des conditions) | Vie Associative\" \/>\n<meta property=\"og:description\" content=\"Dans la nuit de mardi, le gouvernement f\u00e9d\u00e9ral belge a convenu dans une position de base du Cabinet dans une position de Belgique sur le\" \/>\n<meta property=\"og:url\" content=\"https:\/\/vieassociative.be\/actualites\/le-gouvernement-parvient-a-laccord-belgique-pour-la-reconnaissance-dun-etat-palestinien-dans-des-conditions\/\" \/>\n<meta property=\"og:site_name\" content=\"Vie Associative\" \/>\n<meta property=\"article:published_time\" content=\"2025-09-03T02:19:50+00:00\" \/>\n<meta property=\"og:image\" content=\"https:\/\/vieassociative.be\/actualites\/wp-content\/uploads\/2024\/09\/header_backgroundk-01-e1726694325946.png\" \/>\n\t<meta property=\"og:image:width\" content=\"279\" \/>\n\t<meta property=\"og:image:height\" content=\"92\" \/>\n\t<meta property=\"og:image:type\" content=\"image\/png\" \/>\n<meta name=\"author\" content=\"Julien\" \/>\n<meta name=\"twitter:card\" content=\"summary_large_image\" \/>\n<meta name=\"twitter:label1\" content=\"\u00c9crit par\" \/>\n\t<meta name=\"twitter:data1\" content=\"Julien\" \/>\n\t<meta name=\"twitter:label2\" content=\"Dur\u00e9e de lecture est.\" \/>\n\t<meta name=\"twitter:data2\" content=\"3 minutes\" \/>\n<script type=\"application\/ld+json\" class=\"yoast-schema-graph\">{\"@context\":\"https:\/\/schema.org\",\"@graph\":[{\"@type\":\"Article\",\"@id\":\"https:\/\/vieassociative.be\/actualites\/le-gouvernement-parvient-a-laccord-belgique-pour-la-reconnaissance-dun-etat-palestinien-dans-des-conditions\/#article\",\"isPartOf\":{\"@id\":\"https:\/\/vieassociative.be\/actualites\/le-gouvernement-parvient-a-laccord-belgique-pour-la-reconnaissance-dun-etat-palestinien-dans-des-conditions\/\"},\"author\":{\"name\":\"Julien\",\"@id\":\"https:\/\/vieassociative.be\/actualites\/#\/schema\/person\/b87ac4f82f9d4e7b7cec7395b679edc4\"},\"headline\":\"Le gouvernement parvient \u00e0 l&rsquo;accord: Belgique pour la reconnaissance d&rsquo;un \u00c9tat palestinien (dans des conditions)\",\"datePublished\":\"2025-09-03T02:19:50+00:00\",\"dateModified\":\"2025-09-03T02:19:50+00:00\",\"mainEntityOfPage\":{\"@id\":\"https:\/\/vieassociative.be\/actualites\/le-gouvernement-parvient-a-laccord-belgique-pour-la-reconnaissance-dun-etat-palestinien-dans-des-conditions\/\"},\"wordCount\":659,\"publisher\":{\"@id\":\"https:\/\/vieassociative.be\/actualites\/#organization\"},\"image\":{\"@id\":\"https:\/\/vieassociative.be\/actualites\/le-gouvernement-parvient-a-laccord-belgique-pour-la-reconnaissance-dun-etat-palestinien-dans-des-conditions\/#primaryimage\"},\"thumbnailUrl\":\"https:\/\/vieassociative.be\/actualites\/wp-content\/uploads\/2025\/09\/1756865991_Le-gouvernement-parvient-a-laccord-Belgique-pour-la-reconnaissance-dun.jpg\",\"keywords\":[\"Belgique\",\"conditions\",\"dans\",\"Des\",\"dun\",\"\u00e9tat\",\"gouvernement\",\"Laccord\",\"palestinien\",\"parvient\",\"pour\",\"reconnaissance\"],\"articleSection\":[\"Belgique\"],\"inLanguage\":\"fr-BE\"},{\"@type\":\"WebPage\",\"@id\":\"https:\/\/vieassociative.be\/actualites\/le-gouvernement-parvient-a-laccord-belgique-pour-la-reconnaissance-dun-etat-palestinien-dans-des-conditions\/\",\"url\":\"https:\/\/vieassociative.be\/actualites\/le-gouvernement-parvient-a-laccord-belgique-pour-la-reconnaissance-dun-etat-palestinien-dans-des-conditions\/\",\"name\":\"Le gouvernement parvient \u00e0 l'accord: Belgique pour la reconnaissance d'un \u00c9tat palestinien (dans des conditions) | Vie Associative\",\"isPartOf\":{\"@id\":\"https:\/\/vieassociative.be\/actualites\/#website\"},\"primaryImageOfPage\":{\"@id\":\"https:\/\/vieassociative.be\/actualites\/le-gouvernement-parvient-a-laccord-belgique-pour-la-reconnaissance-dun-etat-palestinien-dans-des-conditions\/#primaryimage\"},\"image\":{\"@id\":\"https:\/\/vieassociative.be\/actualites\/le-gouvernement-parvient-a-laccord-belgique-pour-la-reconnaissance-dun-etat-palestinien-dans-des-conditions\/#primaryimage\"},\"thumbnailUrl\":\"https:\/\/vieassociative.be\/actualites\/wp-content\/uploads\/2025\/09\/1756865991_Le-gouvernement-parvient-a-laccord-Belgique-pour-la-reconnaissance-dun.jpg\",\"datePublished\":\"2025-09-03T02:19:50+00:00\",\"dateModified\":\"2025-09-03T02:19:50+00:00\",\"breadcrumb\":{\"@id\":\"https:\/\/vieassociative.be\/actualites\/le-gouvernement-parvient-a-laccord-belgique-pour-la-reconnaissance-dun-etat-palestinien-dans-des-conditions\/#breadcrumb\"},\"inLanguage\":\"fr-BE\",\"potentialAction\":[{\"@type\":\"ReadAction\",\"target\":[\"https:\/\/vieassociative.be\/actualites\/le-gouvernement-parvient-a-laccord-belgique-pour-la-reconnaissance-dun-etat-palestinien-dans-des-conditions\/\"]}]},{\"@type\":\"ImageObject\",\"inLanguage\":\"fr-BE\",\"@id\":\"https:\/\/vieassociative.be\/actualites\/le-gouvernement-parvient-a-laccord-belgique-pour-la-reconnaissance-dun-etat-palestinien-dans-des-conditions\/#primaryimage\",\"url\":\"https:\/\/vieassociative.be\/actualites\/wp-content\/uploads\/2025\/09\/1756865991_Le-gouvernement-parvient-a-laccord-Belgique-pour-la-reconnaissance-dun.jpg\",\"contentUrl\":\"https:\/\/vieassociative.be\/actualites\/wp-content\/uploads\/2025\/09\/1756865991_Le-gouvernement-parvient-a-laccord-Belgique-pour-la-reconnaissance-dun.jpg\",\"width\":1200,\"height\":667,\"caption\":\"Le gouvernement parvient \u00e0 l'accord: Belgique pour la reconnaissance d'un \u00c9tat palestinien (dans des conditions)\"},{\"@type\":\"BreadcrumbList\",\"@id\":\"https:\/\/vieassociative.be\/actualites\/le-gouvernement-parvient-a-laccord-belgique-pour-la-reconnaissance-dun-etat-palestinien-dans-des-conditions\/#breadcrumb\",\"itemListElement\":[{\"@type\":\"ListItem\",\"position\":1,\"name\":\"Accueil\",\"item\":\"https:\/\/vieassociative.be\/actualites\/\"},{\"@type\":\"ListItem\",\"position\":2,\"name\":\"Le gouvernement parvient \u00e0 l&rsquo;accord: Belgique pour la reconnaissance d&rsquo;un \u00c9tat palestinien (dans des conditions)\"}]},{\"@type\":\"WebSite\",\"@id\":\"https:\/\/vieassociative.be\/actualites\/#website\",\"url\":\"https:\/\/vieassociative.be\/actualites\/\",\"name\":\"Vie Associative\",\"description\":\"\",\"publisher\":{\"@id\":\"https:\/\/vieassociative.be\/actualites\/#organization\"},\"potentialAction\":[{\"@type\":\"SearchAction\",\"target\":{\"@type\":\"EntryPoint\",\"urlTemplate\":\"https:\/\/vieassociative.be\/actualites\/?s={search_term_string}\"},\"query-input\":{\"@type\":\"PropertyValueSpecification\",\"valueRequired\":true,\"valueName\":\"search_term_string\"}}],\"inLanguage\":\"fr-BE\"},{\"@type\":\"Organization\",\"@id\":\"https:\/\/vieassociative.be\/actualites\/#organization\",\"name\":\"Vie Associative\",\"url\":\"https:\/\/vieassociative.be\/actualites\/\",\"logo\":{\"@type\":\"ImageObject\",\"inLanguage\":\"fr-BE\",\"@id\":\"https:\/\/vieassociative.be\/actualites\/#\/schema\/logo\/image\/\",\"url\":\"https:\/\/vieassociative.be\/actualites\/wp-content\/uploads\/2024\/09\/cropped-vieassociative_favicon.ico.png\",\"contentUrl\":\"https:\/\/vieassociative.be\/actualites\/wp-content\/uploads\/2024\/09\/cropped-vieassociative_favicon.ico.png\",\"width\":512,\"height\":512,\"caption\":\"Vie Associative\"},\"image\":{\"@id\":\"https:\/\/vieassociative.be\/actualites\/#\/schema\/logo\/image\/\"}},{\"@type\":\"Person\",\"@id\":\"https:\/\/vieassociative.be\/actualites\/#\/schema\/person\/b87ac4f82f9d4e7b7cec7395b679edc4\",\"name\":\"Julien\",\"image\":{\"@type\":\"ImageObject\",\"inLanguage\":\"fr-BE\",\"@id\":\"https:\/\/vieassociative.be\/actualites\/#\/schema\/person\/image\/\",\"url\":\"https:\/\/vieassociative.be\/actualites\/wp-content\/uploads\/2024\/09\/vie-associative-1-150x150.jpg\",\"contentUrl\":\"https:\/\/vieassociative.be\/actualites\/wp-content\/uploads\/2024\/09\/vie-associative-1-150x150.jpg\",\"caption\":\"Julien\"},\"description\":\"Je suis Julien, r\u00e9dacteur pour Vie Associative. Passionn\u00e9 par le monde associatif depuis plus de 10 ans, j'ai \u00e0 c\u0153ur de partager des histoires inspirantes et de mettre en lumi\u00e8re les initiatives locales. Mon objectif est de sensibiliser et d'encourager l'engagement communautaire \u00e0 travers mes articles.\",\"sameAs\":[\"https:\/\/vieassociative.be\/\"]}]}<\/script>\n<!-- \/ Yoast SEO plugin. -->","yoast_head_json":{"title":"Le gouvernement parvient \u00e0 l'accord: Belgique pour la reconnaissance d'un \u00c9tat palestinien (dans des conditions) | Vie Associative","robots":{"index":"index","follow":"follow","max-snippet":"max-snippet:-1","max-image-preview":"max-image-preview:large","max-video-preview":"max-video-preview:-1"},"canonical":"https:\/\/vieassociative.be\/actualites\/le-gouvernement-parvient-a-laccord-belgique-pour-la-reconnaissance-dun-etat-palestinien-dans-des-conditions\/","og_locale":"fr_FR","og_type":"article","og_title":"Le gouvernement parvient \u00e0 l'accord: Belgique pour la reconnaissance d'un \u00c9tat palestinien (dans des conditions) | Vie Associative","og_description":"Dans la nuit de mardi, le gouvernement f\u00e9d\u00e9ral belge a convenu dans une position de base du Cabinet dans une position de Belgique sur le","og_url":"https:\/\/vieassociative.be\/actualites\/le-gouvernement-parvient-a-laccord-belgique-pour-la-reconnaissance-dun-etat-palestinien-dans-des-conditions\/","og_site_name":"Vie Associative","article_published_time":"2025-09-03T02:19:50+00:00","og_image":[{"width":279,"height":92,"url":"https:\/\/vieassociative.be\/actualites\/wp-content\/uploads\/2024\/09\/header_backgroundk-01-e1726694325946.png","type":"image\/png"}],"author":"Julien","twitter_card":"summary_large_image","twitter_misc":{"\u00c9crit par":"Julien","Dur\u00e9e de lecture est.":"3 minutes"},"schema":{"@context":"https:\/\/schema.org","@graph":[{"@type":"Article","@id":"https:\/\/vieassociative.be\/actualites\/le-gouvernement-parvient-a-laccord-belgique-pour-la-reconnaissance-dun-etat-palestinien-dans-des-conditions\/#article","isPartOf":{"@id":"https:\/\/vieassociative.be\/actualites\/le-gouvernement-parvient-a-laccord-belgique-pour-la-reconnaissance-dun-etat-palestinien-dans-des-conditions\/"},"author":{"name":"Julien","@id":"https:\/\/vieassociative.be\/actualites\/#\/schema\/person\/b87ac4f82f9d4e7b7cec7395b679edc4"},"headline":"Le gouvernement parvient \u00e0 l&rsquo;accord: Belgique pour la reconnaissance d&rsquo;un \u00c9tat palestinien (dans des conditions)","datePublished":"2025-09-03T02:19:50+00:00","dateModified":"2025-09-03T02:19:50+00:00","mainEntityOfPage":{"@id":"https:\/\/vieassociative.be\/actualites\/le-gouvernement-parvient-a-laccord-belgique-pour-la-reconnaissance-dun-etat-palestinien-dans-des-conditions\/"},"wordCount":659,"publisher":{"@id":"https:\/\/vieassociative.be\/actualites\/#organization"},"image":{"@id":"https:\/\/vieassociative.be\/actualites\/le-gouvernement-parvient-a-laccord-belgique-pour-la-reconnaissance-dun-etat-palestinien-dans-des-conditions\/#primaryimage"},"thumbnailUrl":"https:\/\/vieassociative.be\/actualites\/wp-content\/uploads\/2025\/09\/1756865991_Le-gouvernement-parvient-a-laccord-Belgique-pour-la-reconnaissance-dun.jpg","keywords":["Belgique","conditions","dans","Des","dun","\u00e9tat","gouvernement","Laccord","palestinien","parvient","pour","reconnaissance"],"articleSection":["Belgique"],"inLanguage":"fr-BE"},{"@type":"WebPage","@id":"https:\/\/vieassociative.be\/actualites\/le-gouvernement-parvient-a-laccord-belgique-pour-la-reconnaissance-dun-etat-palestinien-dans-des-conditions\/","url":"https:\/\/vieassociative.be\/actualites\/le-gouvernement-parvient-a-laccord-belgique-pour-la-reconnaissance-dun-etat-palestinien-dans-des-conditions\/","name":"Le gouvernement parvient \u00e0 l'accord: Belgique pour la reconnaissance d'un \u00c9tat palestinien (dans des conditions) | Vie Associative","isPartOf":{"@id":"https:\/\/vieassociative.be\/actualites\/#website"},"primaryImageOfPage":{"@id":"https:\/\/vieassociative.be\/actualites\/le-gouvernement-parvient-a-laccord-belgique-pour-la-reconnaissance-dun-etat-palestinien-dans-des-conditions\/#primaryimage"},"image":{"@id":"https:\/\/vieassociative.be\/actualites\/le-gouvernement-parvient-a-laccord-belgique-pour-la-reconnaissance-dun-etat-palestinien-dans-des-conditions\/#primaryimage"},"thumbnailUrl":"https:\/\/vieassociative.be\/actualites\/wp-content\/uploads\/2025\/09\/1756865991_Le-gouvernement-parvient-a-laccord-Belgique-pour-la-reconnaissance-dun.jpg","datePublished":"2025-09-03T02:19:50+00:00","dateModified":"2025-09-03T02:19:50+00:00","breadcrumb":{"@id":"https:\/\/vieassociative.be\/actualites\/le-gouvernement-parvient-a-laccord-belgique-pour-la-reconnaissance-dun-etat-palestinien-dans-des-conditions\/#breadcrumb"},"inLanguage":"fr-BE","potentialAction":[{"@type":"ReadAction","target":["https:\/\/vieassociative.be\/actualites\/le-gouvernement-parvient-a-laccord-belgique-pour-la-reconnaissance-dun-etat-palestinien-dans-des-conditions\/"]}]},{"@type":"ImageObject","inLanguage":"fr-BE","@id":"https:\/\/vieassociative.be\/actualites\/le-gouvernement-parvient-a-laccord-belgique-pour-la-reconnaissance-dun-etat-palestinien-dans-des-conditions\/#primaryimage","url":"https:\/\/vieassociative.be\/actualites\/wp-content\/uploads\/2025\/09\/1756865991_Le-gouvernement-parvient-a-laccord-Belgique-pour-la-reconnaissance-dun.jpg","contentUrl":"https:\/\/vieassociative.be\/actualites\/wp-content\/uploads\/2025\/09\/1756865991_Le-gouvernement-parvient-a-laccord-Belgique-pour-la-reconnaissance-dun.jpg","width":1200,"height":667,"caption":"Le gouvernement parvient \u00e0 l'accord: Belgique pour la reconnaissance d'un \u00c9tat palestinien (dans des conditions)"},{"@type":"BreadcrumbList","@id":"https:\/\/vieassociative.be\/actualites\/le-gouvernement-parvient-a-laccord-belgique-pour-la-reconnaissance-dun-etat-palestinien-dans-des-conditions\/#breadcrumb","itemListElement":[{"@type":"ListItem","position":1,"name":"Accueil","item":"https:\/\/vieassociative.be\/actualites\/"},{"@type":"ListItem","position":2,"name":"Le gouvernement parvient \u00e0 l&rsquo;accord: Belgique pour la reconnaissance d&rsquo;un \u00c9tat palestinien (dans des conditions)"}]},{"@type":"WebSite","@id":"https:\/\/vieassociative.be\/actualites\/#website","url":"https:\/\/vieassociative.be\/actualites\/","name":"Vie Associative","description":"","publisher":{"@id":"https:\/\/vieassociative.be\/actualites\/#organization"},"potentialAction":[{"@type":"SearchAction","target":{"@type":"EntryPoint","urlTemplate":"https:\/\/vieassociative.be\/actualites\/?s={search_term_string}"},"query-input":{"@type":"PropertyValueSpecification","valueRequired":true,"valueName":"search_term_string"}}],"inLanguage":"fr-BE"},{"@type":"Organization","@id":"https:\/\/vieassociative.be\/actualites\/#organization","name":"Vie Associative","url":"https:\/\/vieassociative.be\/actualites\/","logo":{"@type":"ImageObject","inLanguage":"fr-BE","@id":"https:\/\/vieassociative.be\/actualites\/#\/schema\/logo\/image\/","url":"https:\/\/vieassociative.be\/actualites\/wp-content\/uploads\/2024\/09\/cropped-vieassociative_favicon.ico.png","contentUrl":"https:\/\/vieassociative.be\/actualites\/wp-content\/uploads\/2024\/09\/cropped-vieassociative_favicon.ico.png","width":512,"height":512,"caption":"Vie Associative"},"image":{"@id":"https:\/\/vieassociative.be\/actualites\/#\/schema\/logo\/image\/"}},{"@type":"Person","@id":"https:\/\/vieassociative.be\/actualites\/#\/schema\/person\/b87ac4f82f9d4e7b7cec7395b679edc4","name":"Julien","image":{"@type":"ImageObject","inLanguage":"fr-BE","@id":"https:\/\/vieassociative.be\/actualites\/#\/schema\/person\/image\/","url":"https:\/\/vieassociative.be\/actualites\/wp-content\/uploads\/2024\/09\/vie-associative-1-150x150.jpg","contentUrl":"https:\/\/vieassociative.be\/actualites\/wp-content\/uploads\/2024\/09\/vie-associative-1-150x150.jpg","caption":"Julien"},"description":"Je suis Julien, r\u00e9dacteur pour Vie Associative. Passionn\u00e9 par le monde associatif depuis plus de 10 ans, j'ai \u00e0 c\u0153ur de partager des histoires inspirantes et de mettre en lumi\u00e8re les initiatives locales. Mon objectif est de sensibiliser et d'encourager l'engagement communautaire \u00e0 travers mes articles.","sameAs":["https:\/\/vieassociative.be\/"]}]}},"_links":{"self":[{"href":"https:\/\/vieassociative.be\/actualites\/wp-json\/wp\/v2\/posts\/9782"}],"collection":[{"href":"https:\/\/vieassociative.be\/actualites\/wp-json\/wp\/v2\/posts"}],"about":[{"href":"https:\/\/vieassociative.be\/actualites\/wp-json\/wp\/v2\/types\/post"}],"author":[{"embeddable":true,"href":"https:\/\/vieassociative.be\/actualites\/wp-json\/wp\/v2\/users\/1"}],"replies":[{"embeddable":true,"href":"https:\/\/vieassociative.be\/actualites\/wp-json\/wp\/v2\/comments?post=9782"}],"version-history":[{"count":0,"href":"https:\/\/vieassociative.be\/actualites\/wp-json\/wp\/v2\/posts\/9782\/revisions"}],"wp:featuredmedia":[{"embeddable":true,"href":"https:\/\/vieassociative.be\/actualites\/wp-json\/wp\/v2\/media\/9783"}],"wp:attachment":[{"href":"https:\/\/vieassociative.be\/actualites\/wp-json\/wp\/v2\/media?parent=9782"}],"wp:term":[{"taxonomy":"category","embeddable":true,"href":"https:\/\/vieassociative.be\/actualites\/wp-json\/wp\/v2\/categories?post=9782"},{"taxonomy":"post_tag","embeddable":true,"href":"https:\/\/vieassociative.be\/actualites\/wp-json\/wp\/v2\/tags?post=9782"}],"curies":[{"name":"wp","href":"https:\/\/api.w.org\/{rel}","templated":true}]}}