{"id":9778,"date":"2025-09-02T22:17:32","date_gmt":"2025-09-02T20:17:32","guid":{"rendered":"https:\/\/vieassociative.be\/actualites\/le-ministre-franssen-a-frequente-les-ecoles-primaires-de-walhorn-et-wirtzfeld-au-debut-de-lecole\/"},"modified":"2025-09-02T22:17:32","modified_gmt":"2025-09-02T20:17:32","slug":"le-ministre-franssen-a-frequente-les-ecoles-primaires-de-walhorn-et-wirtzfeld-au-debut-de-lecole","status":"publish","type":"post","link":"https:\/\/vieassociative.be\/actualites\/le-ministre-franssen-a-frequente-les-ecoles-primaires-de-walhorn-et-wirtzfeld-au-debut-de-lecole\/","title":{"rendered":"Le ministre Franssen a fr\u00e9quent\u00e9 les \u00e9coles primaires de Walhorn et Wirtzfeld au d\u00e9but de l&rsquo;\u00e9cole"},"content":{"rendered":"<p><strong>Au d\u00e9but de la nouvelle ann\u00e9e scolaire, le ministre de l&rsquo;\u00c9ducation J\u00e9r\u00f4me Franssen (CSP) a visit\u00e9 lundi les \u00e9coles primaires de Walhorn et Wirtzfeld.<\/strong><\/p>\n<p><span id=\"more-423668\"><\/span>Le matin, le ministre de Walhorn a \u00e9t\u00e9 re\u00e7u par le directeur Thomas Br\u00fcll. Avec les nouveaux \u00e9l\u00e8ves de premi\u00e8re ann\u00e9e, leurs parents et le personnel enseignant, il a particip\u00e9 \u00e0 la ronde de bienvenue pour la nouvelle ann\u00e9e scolaire. Par la suite, le ministre de l&rsquo;\u00c9ducation, avec le directeur, a fait une visite du b\u00e2timent et des classes de l&rsquo;\u00e9cole primaire.<\/p>\n<\/p>\n<div id=\"attachment_423671\" class=\"wp-caption alignleft\" style=\"max-width: 200px\"><img fetchpriority=\"high\" decoding=\"async\" class=\"wp-image-423671 size-medium\" src=\"https:\/\/vieassociative.be\/actualites\/wp-content\/uploads\/2025\/09\/Le-ministre-Franssen-a-frequente-les-ecoles-primaires-de-Walhorn.jpg\" alt=\"\" width=\"200\" height=\"300\"><\/div>\n<p>Dans l&rsquo;apr\u00e8s-midi, le ministre de l&rsquo;enseignement a fr\u00e9quent\u00e9 l&rsquo;\u00e9cole primaire \u00e0 Wirtzfeld. L\u00e0, Franssen a particip\u00e9 \u00e0 la nouvelle ann\u00e9e scolaire avec le directeur Patrick Vahlefeld, le chef de l&rsquo;\u00e9cole Sandra Josten, le personnel enseignant et les \u00e9tudiants, puis en a profit\u00e9 pour visiter le b\u00e2timent de l&rsquo;\u00e9cole.<\/p>\n<p>\u00ab\u00a0Je souhaite \u00e0 tous les \u00e9tudiants, enseignants et \u00e0 tous les employ\u00e9s de nos \u00e9coles une nouvelle ann\u00e9e scolaire r\u00e9ussie\u00a0\u00bb, a d\u00e9clar\u00e9 le ministre Franssen. \u00ab\u00a0Les conversations avec les chefs d&rsquo;\u00e9cole, le personnel enseignant et les responsables ont \u00e9t\u00e9 tr\u00e8s int\u00e9ressants. C&rsquo;est toujours une excellente occasion de rencontrer les enfants et le personnel local afin de d\u00e9couvrir et d&rsquo;\u00e9changer des informations sur le travail sur place.\u00a0\u00bb<\/p>\n<p>De plus, le ministre a fait r\u00e9f\u00e9rence \u00e0 certaines innovations au d\u00e9but de l&rsquo;ann\u00e9e scolaire: cela comprend un concept renouvel\u00e9 am\u00e9lior\u00e9 de l&rsquo;enseignement des \u00e9coles primaires et l&rsquo;interdiction de l&rsquo;utilisation du t\u00e9l\u00e9phone mobile dans les \u00e9coles de la DG.<\/p>\n<p>Dans le m\u00eame temps, il a soulign\u00e9 les travaux en cours sur les projets de r\u00e9forme centrale tels que la r\u00e9forme du capital de l&#8217;emploi, l&rsquo;harmonisation du droit des affaires et la d\u00e9toxification des plans du cadre. Le ministre a ajout\u00e9: \u00ab\u00a0Notre objectif est clair: nous voulons am\u00e9liorer la fonctionnalit\u00e9 de l&rsquo;enseignement &#8211; non pas par une pression suppl\u00e9mentaire, mais par un soulagement notable. Afin que les enseignants aient \u00e0 nouveau plus de temps et d&rsquo;\u00e9nergie pour les \u00e9l\u00e9ments essentiels: les le\u00e7ons\u00a0\u00bb, explique Franssen.<\/p>\n","protected":false},"excerpt":{"rendered":"<p>Au d\u00e9but de la nouvelle ann\u00e9e scolaire, le ministre de l&rsquo;\u00c9ducation J\u00e9r\u00f4me Franssen (CSP) a visit\u00e9 lundi les \u00e9coles primaires de Walhorn et Wirtzfeld. Le<\/p>\n","protected":false},"author":1,"featured_media":9779,"comment_status":"","ping_status":"","sticky":false,"template":"","format":"standard","meta":{"footnotes":""},"categories":[298],"tags":[359,2209,2934,8378,2437,14,1245,8379,5458,8380],"class_list":["post-9778","post","type-post","status-publish","format-standard","has-post-thumbnail","hentry","category-belgique","tag-debut","tag-ecoles","tag-franssen","tag-frequente","tag-lecole","tag-les","tag-ministre","tag-primaires","tag-walhorn","tag-wirtzfeld","generate-columns","tablet-grid-50","mobile-grid-100","grid-parent","grid-33"],"yoast_head":"<!-- This site is optimized with the Yoast SEO plugin v24.0 - https:\/\/yoast.com\/wordpress\/plugins\/seo\/ -->\n<title>Le ministre Franssen a fr\u00e9quent\u00e9 les \u00e9coles primaires de Walhorn et Wirtzfeld au d\u00e9but de l&#039;\u00e9cole | Vie Associative<\/title>\n<meta name=\"robots\" content=\"index, follow, max-snippet:-1, max-image-preview:large, max-video-preview:-1\" \/>\n<link rel=\"canonical\" href=\"https:\/\/vieassociative.be\/actualites\/le-ministre-franssen-a-frequente-les-ecoles-primaires-de-walhorn-et-wirtzfeld-au-debut-de-lecole\/\" \/>\n<meta property=\"og:locale\" content=\"fr_FR\" \/>\n<meta property=\"og:type\" content=\"article\" \/>\n<meta property=\"og:title\" content=\"Le ministre Franssen a fr\u00e9quent\u00e9 les \u00e9coles primaires de Walhorn et Wirtzfeld au d\u00e9but de l&#039;\u00e9cole | Vie Associative\" \/>\n<meta property=\"og:description\" content=\"Au d\u00e9but de la nouvelle ann\u00e9e scolaire, le ministre de l&rsquo;\u00c9ducation J\u00e9r\u00f4me Franssen (CSP) a visit\u00e9 lundi les \u00e9coles primaires de Walhorn et Wirtzfeld. Le\" \/>\n<meta property=\"og:url\" content=\"https:\/\/vieassociative.be\/actualites\/le-ministre-franssen-a-frequente-les-ecoles-primaires-de-walhorn-et-wirtzfeld-au-debut-de-lecole\/\" \/>\n<meta property=\"og:site_name\" content=\"Vie Associative\" \/>\n<meta property=\"article:published_time\" content=\"2025-09-02T20:17:32+00:00\" \/>\n<meta property=\"og:image\" content=\"https:\/\/vieassociative.be\/actualites\/wp-content\/uploads\/2024\/09\/header_backgroundk-01-e1726694325946.png\" \/>\n\t<meta property=\"og:image:width\" content=\"279\" \/>\n\t<meta property=\"og:image:height\" content=\"92\" \/>\n\t<meta property=\"og:image:type\" content=\"image\/png\" \/>\n<meta name=\"author\" content=\"Julien\" \/>\n<meta name=\"twitter:card\" content=\"summary_large_image\" \/>\n<meta name=\"twitter:label1\" content=\"\u00c9crit par\" \/>\n\t<meta name=\"twitter:data1\" content=\"Julien\" \/>\n\t<meta name=\"twitter:label2\" content=\"Dur\u00e9e de lecture est.\" \/>\n\t<meta name=\"twitter:data2\" content=\"2 minutes\" \/>\n<script type=\"application\/ld+json\" class=\"yoast-schema-graph\">{\"@context\":\"https:\/\/schema.org\",\"@graph\":[{\"@type\":\"Article\",\"@id\":\"https:\/\/vieassociative.be\/actualites\/le-ministre-franssen-a-frequente-les-ecoles-primaires-de-walhorn-et-wirtzfeld-au-debut-de-lecole\/#article\",\"isPartOf\":{\"@id\":\"https:\/\/vieassociative.be\/actualites\/le-ministre-franssen-a-frequente-les-ecoles-primaires-de-walhorn-et-wirtzfeld-au-debut-de-lecole\/\"},\"author\":{\"name\":\"Julien\",\"@id\":\"https:\/\/vieassociative.be\/actualites\/#\/schema\/person\/b87ac4f82f9d4e7b7cec7395b679edc4\"},\"headline\":\"Le ministre Franssen a fr\u00e9quent\u00e9 les \u00e9coles primaires de Walhorn et Wirtzfeld au d\u00e9but de l&rsquo;\u00e9cole\",\"datePublished\":\"2025-09-02T20:17:32+00:00\",\"dateModified\":\"2025-09-02T20:17:32+00:00\",\"mainEntityOfPage\":{\"@id\":\"https:\/\/vieassociative.be\/actualites\/le-ministre-franssen-a-frequente-les-ecoles-primaires-de-walhorn-et-wirtzfeld-au-debut-de-lecole\/\"},\"wordCount\":391,\"publisher\":{\"@id\":\"https:\/\/vieassociative.be\/actualites\/#organization\"},\"image\":{\"@id\":\"https:\/\/vieassociative.be\/actualites\/le-ministre-franssen-a-frequente-les-ecoles-primaires-de-walhorn-et-wirtzfeld-au-debut-de-lecole\/#primaryimage\"},\"thumbnailUrl\":\"https:\/\/vieassociative.be\/actualites\/wp-content\/uploads\/2025\/09\/1756844252_Le-ministre-Franssen-a-frequente-les-ecoles-primaires-de-Walhorn.jpg\",\"keywords\":[\"D\u00e9but\",\"\u00e9coles\",\"Franssen\",\"fr\u00e9quent\u00e9\",\"l\u00e9cole\",\"Les\",\"ministre\",\"primaires\",\"Walhorn\",\"Wirtzfeld\"],\"articleSection\":[\"Belgique\"],\"inLanguage\":\"fr-BE\"},{\"@type\":\"WebPage\",\"@id\":\"https:\/\/vieassociative.be\/actualites\/le-ministre-franssen-a-frequente-les-ecoles-primaires-de-walhorn-et-wirtzfeld-au-debut-de-lecole\/\",\"url\":\"https:\/\/vieassociative.be\/actualites\/le-ministre-franssen-a-frequente-les-ecoles-primaires-de-walhorn-et-wirtzfeld-au-debut-de-lecole\/\",\"name\":\"Le ministre Franssen a fr\u00e9quent\u00e9 les \u00e9coles primaires de Walhorn et Wirtzfeld au d\u00e9but de l'\u00e9cole | Vie Associative\",\"isPartOf\":{\"@id\":\"https:\/\/vieassociative.be\/actualites\/#website\"},\"primaryImageOfPage\":{\"@id\":\"https:\/\/vieassociative.be\/actualites\/le-ministre-franssen-a-frequente-les-ecoles-primaires-de-walhorn-et-wirtzfeld-au-debut-de-lecole\/#primaryimage\"},\"image\":{\"@id\":\"https:\/\/vieassociative.be\/actualites\/le-ministre-franssen-a-frequente-les-ecoles-primaires-de-walhorn-et-wirtzfeld-au-debut-de-lecole\/#primaryimage\"},\"thumbnailUrl\":\"https:\/\/vieassociative.be\/actualites\/wp-content\/uploads\/2025\/09\/1756844252_Le-ministre-Franssen-a-frequente-les-ecoles-primaires-de-Walhorn.jpg\",\"datePublished\":\"2025-09-02T20:17:32+00:00\",\"dateModified\":\"2025-09-02T20:17:32+00:00\",\"breadcrumb\":{\"@id\":\"https:\/\/vieassociative.be\/actualites\/le-ministre-franssen-a-frequente-les-ecoles-primaires-de-walhorn-et-wirtzfeld-au-debut-de-lecole\/#breadcrumb\"},\"inLanguage\":\"fr-BE\",\"potentialAction\":[{\"@type\":\"ReadAction\",\"target\":[\"https:\/\/vieassociative.be\/actualites\/le-ministre-franssen-a-frequente-les-ecoles-primaires-de-walhorn-et-wirtzfeld-au-debut-de-lecole\/\"]}]},{\"@type\":\"ImageObject\",\"inLanguage\":\"fr-BE\",\"@id\":\"https:\/\/vieassociative.be\/actualites\/le-ministre-franssen-a-frequente-les-ecoles-primaires-de-walhorn-et-wirtzfeld-au-debut-de-lecole\/#primaryimage\",\"url\":\"https:\/\/vieassociative.be\/actualites\/wp-content\/uploads\/2025\/09\/1756844252_Le-ministre-Franssen-a-frequente-les-ecoles-primaires-de-Walhorn.jpg\",\"contentUrl\":\"https:\/\/vieassociative.be\/actualites\/wp-content\/uploads\/2025\/09\/1756844252_Le-ministre-Franssen-a-frequente-les-ecoles-primaires-de-Walhorn.jpg\",\"width\":900,\"height\":600,\"caption\":\"Le ministre Franssen a fr\u00e9quent\u00e9 les \u00e9coles primaires de Walhorn et Wirtzfeld au d\u00e9but de l'\u00e9cole\"},{\"@type\":\"BreadcrumbList\",\"@id\":\"https:\/\/vieassociative.be\/actualites\/le-ministre-franssen-a-frequente-les-ecoles-primaires-de-walhorn-et-wirtzfeld-au-debut-de-lecole\/#breadcrumb\",\"itemListElement\":[{\"@type\":\"ListItem\",\"position\":1,\"name\":\"Accueil\",\"item\":\"https:\/\/vieassociative.be\/actualites\/\"},{\"@type\":\"ListItem\",\"position\":2,\"name\":\"Le ministre Franssen a fr\u00e9quent\u00e9 les \u00e9coles primaires de Walhorn et Wirtzfeld au d\u00e9but de l&rsquo;\u00e9cole\"}]},{\"@type\":\"WebSite\",\"@id\":\"https:\/\/vieassociative.be\/actualites\/#website\",\"url\":\"https:\/\/vieassociative.be\/actualites\/\",\"name\":\"Vie Associative\",\"description\":\"\",\"publisher\":{\"@id\":\"https:\/\/vieassociative.be\/actualites\/#organization\"},\"potentialAction\":[{\"@type\":\"SearchAction\",\"target\":{\"@type\":\"EntryPoint\",\"urlTemplate\":\"https:\/\/vieassociative.be\/actualites\/?s={search_term_string}\"},\"query-input\":{\"@type\":\"PropertyValueSpecification\",\"valueRequired\":true,\"valueName\":\"search_term_string\"}}],\"inLanguage\":\"fr-BE\"},{\"@type\":\"Organization\",\"@id\":\"https:\/\/vieassociative.be\/actualites\/#organization\",\"name\":\"Vie Associative\",\"url\":\"https:\/\/vieassociative.be\/actualites\/\",\"logo\":{\"@type\":\"ImageObject\",\"inLanguage\":\"fr-BE\",\"@id\":\"https:\/\/vieassociative.be\/actualites\/#\/schema\/logo\/image\/\",\"url\":\"https:\/\/vieassociative.be\/actualites\/wp-content\/uploads\/2024\/09\/cropped-vieassociative_favicon.ico.png\",\"contentUrl\":\"https:\/\/vieassociative.be\/actualites\/wp-content\/uploads\/2024\/09\/cropped-vieassociative_favicon.ico.png\",\"width\":512,\"height\":512,\"caption\":\"Vie Associative\"},\"image\":{\"@id\":\"https:\/\/vieassociative.be\/actualites\/#\/schema\/logo\/image\/\"}},{\"@type\":\"Person\",\"@id\":\"https:\/\/vieassociative.be\/actualites\/#\/schema\/person\/b87ac4f82f9d4e7b7cec7395b679edc4\",\"name\":\"Julien\",\"image\":{\"@type\":\"ImageObject\",\"inLanguage\":\"fr-BE\",\"@id\":\"https:\/\/vieassociative.be\/actualites\/#\/schema\/person\/image\/\",\"url\":\"https:\/\/vieassociative.be\/actualites\/wp-content\/uploads\/2024\/09\/vie-associative-1-150x150.jpg\",\"contentUrl\":\"https:\/\/vieassociative.be\/actualites\/wp-content\/uploads\/2024\/09\/vie-associative-1-150x150.jpg\",\"caption\":\"Julien\"},\"description\":\"Je suis Julien, r\u00e9dacteur pour Vie Associative. Passionn\u00e9 par le monde associatif depuis plus de 10 ans, j'ai \u00e0 c\u0153ur de partager des histoires inspirantes et de mettre en lumi\u00e8re les initiatives locales. Mon objectif est de sensibiliser et d'encourager l'engagement communautaire \u00e0 travers mes articles.\",\"sameAs\":[\"https:\/\/vieassociative.be\/\"]}]}<\/script>\n<!-- \/ Yoast SEO plugin. -->","yoast_head_json":{"title":"Le ministre Franssen a fr\u00e9quent\u00e9 les \u00e9coles primaires de Walhorn et Wirtzfeld au d\u00e9but de l'\u00e9cole | Vie Associative","robots":{"index":"index","follow":"follow","max-snippet":"max-snippet:-1","max-image-preview":"max-image-preview:large","max-video-preview":"max-video-preview:-1"},"canonical":"https:\/\/vieassociative.be\/actualites\/le-ministre-franssen-a-frequente-les-ecoles-primaires-de-walhorn-et-wirtzfeld-au-debut-de-lecole\/","og_locale":"fr_FR","og_type":"article","og_title":"Le ministre Franssen a fr\u00e9quent\u00e9 les \u00e9coles primaires de Walhorn et Wirtzfeld au d\u00e9but de l'\u00e9cole | Vie Associative","og_description":"Au d\u00e9but de la nouvelle ann\u00e9e scolaire, le ministre de l&rsquo;\u00c9ducation J\u00e9r\u00f4me Franssen (CSP) a visit\u00e9 lundi les \u00e9coles primaires de Walhorn et Wirtzfeld. Le","og_url":"https:\/\/vieassociative.be\/actualites\/le-ministre-franssen-a-frequente-les-ecoles-primaires-de-walhorn-et-wirtzfeld-au-debut-de-lecole\/","og_site_name":"Vie Associative","article_published_time":"2025-09-02T20:17:32+00:00","og_image":[{"width":279,"height":92,"url":"https:\/\/vieassociative.be\/actualites\/wp-content\/uploads\/2024\/09\/header_backgroundk-01-e1726694325946.png","type":"image\/png"}],"author":"Julien","twitter_card":"summary_large_image","twitter_misc":{"\u00c9crit par":"Julien","Dur\u00e9e de lecture est.":"2 minutes"},"schema":{"@context":"https:\/\/schema.org","@graph":[{"@type":"Article","@id":"https:\/\/vieassociative.be\/actualites\/le-ministre-franssen-a-frequente-les-ecoles-primaires-de-walhorn-et-wirtzfeld-au-debut-de-lecole\/#article","isPartOf":{"@id":"https:\/\/vieassociative.be\/actualites\/le-ministre-franssen-a-frequente-les-ecoles-primaires-de-walhorn-et-wirtzfeld-au-debut-de-lecole\/"},"author":{"name":"Julien","@id":"https:\/\/vieassociative.be\/actualites\/#\/schema\/person\/b87ac4f82f9d4e7b7cec7395b679edc4"},"headline":"Le ministre Franssen a fr\u00e9quent\u00e9 les \u00e9coles primaires de Walhorn et Wirtzfeld au d\u00e9but de l&rsquo;\u00e9cole","datePublished":"2025-09-02T20:17:32+00:00","dateModified":"2025-09-02T20:17:32+00:00","mainEntityOfPage":{"@id":"https:\/\/vieassociative.be\/actualites\/le-ministre-franssen-a-frequente-les-ecoles-primaires-de-walhorn-et-wirtzfeld-au-debut-de-lecole\/"},"wordCount":391,"publisher":{"@id":"https:\/\/vieassociative.be\/actualites\/#organization"},"image":{"@id":"https:\/\/vieassociative.be\/actualites\/le-ministre-franssen-a-frequente-les-ecoles-primaires-de-walhorn-et-wirtzfeld-au-debut-de-lecole\/#primaryimage"},"thumbnailUrl":"https:\/\/vieassociative.be\/actualites\/wp-content\/uploads\/2025\/09\/1756844252_Le-ministre-Franssen-a-frequente-les-ecoles-primaires-de-Walhorn.jpg","keywords":["D\u00e9but","\u00e9coles","Franssen","fr\u00e9quent\u00e9","l\u00e9cole","Les","ministre","primaires","Walhorn","Wirtzfeld"],"articleSection":["Belgique"],"inLanguage":"fr-BE"},{"@type":"WebPage","@id":"https:\/\/vieassociative.be\/actualites\/le-ministre-franssen-a-frequente-les-ecoles-primaires-de-walhorn-et-wirtzfeld-au-debut-de-lecole\/","url":"https:\/\/vieassociative.be\/actualites\/le-ministre-franssen-a-frequente-les-ecoles-primaires-de-walhorn-et-wirtzfeld-au-debut-de-lecole\/","name":"Le ministre Franssen a fr\u00e9quent\u00e9 les \u00e9coles primaires de Walhorn et Wirtzfeld au d\u00e9but de l'\u00e9cole | Vie Associative","isPartOf":{"@id":"https:\/\/vieassociative.be\/actualites\/#website"},"primaryImageOfPage":{"@id":"https:\/\/vieassociative.be\/actualites\/le-ministre-franssen-a-frequente-les-ecoles-primaires-de-walhorn-et-wirtzfeld-au-debut-de-lecole\/#primaryimage"},"image":{"@id":"https:\/\/vieassociative.be\/actualites\/le-ministre-franssen-a-frequente-les-ecoles-primaires-de-walhorn-et-wirtzfeld-au-debut-de-lecole\/#primaryimage"},"thumbnailUrl":"https:\/\/vieassociative.be\/actualites\/wp-content\/uploads\/2025\/09\/1756844252_Le-ministre-Franssen-a-frequente-les-ecoles-primaires-de-Walhorn.jpg","datePublished":"2025-09-02T20:17:32+00:00","dateModified":"2025-09-02T20:17:32+00:00","breadcrumb":{"@id":"https:\/\/vieassociative.be\/actualites\/le-ministre-franssen-a-frequente-les-ecoles-primaires-de-walhorn-et-wirtzfeld-au-debut-de-lecole\/#breadcrumb"},"inLanguage":"fr-BE","potentialAction":[{"@type":"ReadAction","target":["https:\/\/vieassociative.be\/actualites\/le-ministre-franssen-a-frequente-les-ecoles-primaires-de-walhorn-et-wirtzfeld-au-debut-de-lecole\/"]}]},{"@type":"ImageObject","inLanguage":"fr-BE","@id":"https:\/\/vieassociative.be\/actualites\/le-ministre-franssen-a-frequente-les-ecoles-primaires-de-walhorn-et-wirtzfeld-au-debut-de-lecole\/#primaryimage","url":"https:\/\/vieassociative.be\/actualites\/wp-content\/uploads\/2025\/09\/1756844252_Le-ministre-Franssen-a-frequente-les-ecoles-primaires-de-Walhorn.jpg","contentUrl":"https:\/\/vieassociative.be\/actualites\/wp-content\/uploads\/2025\/09\/1756844252_Le-ministre-Franssen-a-frequente-les-ecoles-primaires-de-Walhorn.jpg","width":900,"height":600,"caption":"Le ministre Franssen a fr\u00e9quent\u00e9 les \u00e9coles primaires de Walhorn et Wirtzfeld au d\u00e9but de l'\u00e9cole"},{"@type":"BreadcrumbList","@id":"https:\/\/vieassociative.be\/actualites\/le-ministre-franssen-a-frequente-les-ecoles-primaires-de-walhorn-et-wirtzfeld-au-debut-de-lecole\/#breadcrumb","itemListElement":[{"@type":"ListItem","position":1,"name":"Accueil","item":"https:\/\/vieassociative.be\/actualites\/"},{"@type":"ListItem","position":2,"name":"Le ministre Franssen a fr\u00e9quent\u00e9 les \u00e9coles primaires de Walhorn et Wirtzfeld au d\u00e9but de l&rsquo;\u00e9cole"}]},{"@type":"WebSite","@id":"https:\/\/vieassociative.be\/actualites\/#website","url":"https:\/\/vieassociative.be\/actualites\/","name":"Vie Associative","description":"","publisher":{"@id":"https:\/\/vieassociative.be\/actualites\/#organization"},"potentialAction":[{"@type":"SearchAction","target":{"@type":"EntryPoint","urlTemplate":"https:\/\/vieassociative.be\/actualites\/?s={search_term_string}"},"query-input":{"@type":"PropertyValueSpecification","valueRequired":true,"valueName":"search_term_string"}}],"inLanguage":"fr-BE"},{"@type":"Organization","@id":"https:\/\/vieassociative.be\/actualites\/#organization","name":"Vie Associative","url":"https:\/\/vieassociative.be\/actualites\/","logo":{"@type":"ImageObject","inLanguage":"fr-BE","@id":"https:\/\/vieassociative.be\/actualites\/#\/schema\/logo\/image\/","url":"https:\/\/vieassociative.be\/actualites\/wp-content\/uploads\/2024\/09\/cropped-vieassociative_favicon.ico.png","contentUrl":"https:\/\/vieassociative.be\/actualites\/wp-content\/uploads\/2024\/09\/cropped-vieassociative_favicon.ico.png","width":512,"height":512,"caption":"Vie Associative"},"image":{"@id":"https:\/\/vieassociative.be\/actualites\/#\/schema\/logo\/image\/"}},{"@type":"Person","@id":"https:\/\/vieassociative.be\/actualites\/#\/schema\/person\/b87ac4f82f9d4e7b7cec7395b679edc4","name":"Julien","image":{"@type":"ImageObject","inLanguage":"fr-BE","@id":"https:\/\/vieassociative.be\/actualites\/#\/schema\/person\/image\/","url":"https:\/\/vieassociative.be\/actualites\/wp-content\/uploads\/2024\/09\/vie-associative-1-150x150.jpg","contentUrl":"https:\/\/vieassociative.be\/actualites\/wp-content\/uploads\/2024\/09\/vie-associative-1-150x150.jpg","caption":"Julien"},"description":"Je suis Julien, r\u00e9dacteur pour Vie Associative. Passionn\u00e9 par le monde associatif depuis plus de 10 ans, j'ai \u00e0 c\u0153ur de partager des histoires inspirantes et de mettre en lumi\u00e8re les initiatives locales. Mon objectif est de sensibiliser et d'encourager l'engagement communautaire \u00e0 travers mes articles.","sameAs":["https:\/\/vieassociative.be\/"]}]}},"_links":{"self":[{"href":"https:\/\/vieassociative.be\/actualites\/wp-json\/wp\/v2\/posts\/9778"}],"collection":[{"href":"https:\/\/vieassociative.be\/actualites\/wp-json\/wp\/v2\/posts"}],"about":[{"href":"https:\/\/vieassociative.be\/actualites\/wp-json\/wp\/v2\/types\/post"}],"author":[{"embeddable":true,"href":"https:\/\/vieassociative.be\/actualites\/wp-json\/wp\/v2\/users\/1"}],"replies":[{"embeddable":true,"href":"https:\/\/vieassociative.be\/actualites\/wp-json\/wp\/v2\/comments?post=9778"}],"version-history":[{"count":0,"href":"https:\/\/vieassociative.be\/actualites\/wp-json\/wp\/v2\/posts\/9778\/revisions"}],"wp:featuredmedia":[{"embeddable":true,"href":"https:\/\/vieassociative.be\/actualites\/wp-json\/wp\/v2\/media\/9779"}],"wp:attachment":[{"href":"https:\/\/vieassociative.be\/actualites\/wp-json\/wp\/v2\/media?parent=9778"}],"wp:term":[{"taxonomy":"category","embeddable":true,"href":"https:\/\/vieassociative.be\/actualites\/wp-json\/wp\/v2\/categories?post=9778"},{"taxonomy":"post_tag","embeddable":true,"href":"https:\/\/vieassociative.be\/actualites\/wp-json\/wp\/v2\/tags?post=9778"}],"curies":[{"name":"wp","href":"https:\/\/api.w.org\/{rel}","templated":true}]}}