{"id":9770,"date":"2025-09-02T16:17:02","date_gmt":"2025-09-02T14:17:02","guid":{"rendered":"https:\/\/vieassociative.be\/actualites\/changer-en-haut-de-la-faction-sp-dans-le-pdg-quest-ce-que-lavenir-apporte-sans-lambertz-et-antoniadis\/"},"modified":"2025-09-02T16:17:02","modified_gmt":"2025-09-02T14:17:02","slug":"changer-en-haut-de-la-faction-sp-dans-le-pdg-quest-ce-que-lavenir-apporte-sans-lambertz-et-antoniadis","status":"publish","type":"post","link":"https:\/\/vieassociative.be\/actualites\/changer-en-haut-de-la-faction-sp-dans-le-pdg-quest-ce-que-lavenir-apporte-sans-lambertz-et-antoniadis\/","title":{"rendered":"Changer en haut de la faction SP dans le PDG-qu&rsquo;est-ce que l&rsquo;avenir apporte sans Lambertz et Antoniadis?"},"content":{"rendered":"<p><strong>Au d\u00e9but de la nouvelle p\u00e9riode de session, Mechtilde Neuens reprend le pr\u00e9sident du groupe parlementaire SP au Parlement DG. Elle est soutenue par Bj\u00f6rn Klinkenberg, qui devient vice-pr\u00e9sident. Les socialistes et sociaux-d\u00e9mocrates de l&rsquo;Est Belgique sont confront\u00e9s \u00e0 un avenir incertain.<\/strong><\/p>\n<p><span id=\"more-423617\"><\/span>Kirsten Neycken-Bartholemy r\u00e9duit ses t\u00e2ches parlementaires pour des raisons de sant\u00e9. \u00c0 partir du 1er septembre, Mechtilde Neuens reprendra \u00e9galement le comit\u00e9 I.<\/p>\n<p>Kirsten Neycken-Bartholemy reste membre du comit\u00e9 III. Une zone dans laquelle elle a \u00e9t\u00e9 impliqu\u00e9e dans quelques ann\u00e9es et qui, en tant qu&rsquo;enseignante, est tr\u00e8s importante pour elle en tant qu&rsquo;enseignante. \u00ab\u00a0Je remercie mes coll\u00e8gues pour la bonne coop\u00e9ration. M\u00eame si j&rsquo;abandonne le pr\u00e9sident, j&rsquo;ai h\u00e2te de pouvoir continuer \u00e0 pouvoir contribuer au comit\u00e9 III\u00a0\u00bb, explique Kirsten Neycken-Bartholemy.<\/p>\n<div id=\"attachment_423659\" class=\"wp-caption alignleft\" style=\"max-width: 201px\"><img fetchpriority=\"high\" decoding=\"async\" class=\"wp-image-423659 size-medium\" src=\"https:\/\/vieassociative.be\/actualites\/wp-content\/uploads\/2025\/09\/Changer-en-haut-de-la-faction-SP-dans-le-PDG-quest-ce.jpg\" alt=\"\" width=\"201\" height=\"300\"  ><\/div>\n<p>Mechtilde Neuens souligne: \u00ab\u00a0J&rsquo;attends avec impatience la nouvelle t\u00e2che et le nouveau d\u00e9fi et de poursuivre le travail du groupe parlementaire SP au Parlement avec notre \u00e9quipe.\u00a0\u00bb<\/p>\n<p>Depuis l&rsquo;\u00e9lection du PDG du 9 juin 2024, dans lequel elle a perdu un mandat dans le PDG, l&rsquo;\u00e9lection parlementaire SP doit faire face \u00e0 certaines sorties. En plus de l&rsquo;ancien pr\u00e9sident minist\u00e9riel et parlementaire Karl-Heinz Lambertz et de son successeur en tant que pr\u00e9sident du PDG, Charles Servaty, la d\u00e9mission de l&rsquo;ancien ministre Antonios Antoniadis p\u00e8se s\u00e9rieusement.<\/p>\n<p>Apr\u00e8s qu&rsquo;il \u00e9tait clair que les parties majoritaires Prodg et CSP avaient choisi le troisi\u00e8me partenaire de coalition pour le PFF et que la faction SP a \u00e9t\u00e9 pouss\u00e9e dans l&rsquo;opposition apr\u00e8s pr\u00e8s d&rsquo;un quart de si\u00e8cle, Antoniadis a annonc\u00e9 qu&rsquo;il ne percevrait pas son mandat au Parlement de la DG.<\/p>\n<p>Antoniadis, qui est ministre de la communaut\u00e9 depuis 2014 et a re\u00e7u 2 727 votes privil\u00e9gi\u00e9s lors de l&rsquo;\u00e9lection du 9 juin 2024, dont 2 048 dans le canton d&rsquo;Eupen, \u00e9tait le grand espoir des socialistes et socialistes de Belgique orientale pour l&rsquo;\u00e9poque apr\u00e8s Lambertz. Antoniadis repr\u00e9sentait principalement un nouveau style politique et une mani\u00e8re diff\u00e9rente de traiter avec l&rsquo;adversaire politique, que \u00ab\u00a0le baron rouge\u00a0\u00bb est principalement amp\u00e9 sur le terrain. Lambertz \u00e9tait similaire \u00e0 ce que les journalistes ne dansaient pas dans sa pipe.<\/p>\n<div id=\"attachment_40833\" class=\"wp-caption alignleft\" style=\"max-width: 300px\"><img decoding=\"async\" class=\"wp-image-40833 size-medium\" src=\"https:\/\/vieassociative.be\/actualites\/wp-content\/uploads\/2025\/09\/1756822622_994_Changer-en-haut-de-la-faction-SP-dans-le-PDG-quest-ce.jpg\" alt=\"\" width=\"300\" height=\"201\"  ><\/div>\n<p>Le comportement de l&rsquo;ancien \u00ab\u00a0camarade\u00a0\u00bb Edmund Stoffels a jou\u00e9 un r\u00f4le majeur dans la d\u00e9mission d&rsquo;Antoniadis, qui peut r\u00e9soudre la perte du poste minist\u00e9riel avec une r\u00e9mun\u00e9ration de sortie de 170 000 euros, qui a \u00e9clat\u00e9 au premier candidat du SP peu avant l&rsquo;\u00e9lection du 9 juin 2024 en recommandant publiquement une recommandation vocale dans l&rsquo;\u00e9lection du PDG pour le &#8230; Oliver Paasch annonc\u00e9. <\/p>\n<p>Pour Stoffels lui-m\u00eame, la \u00ab\u00a0trahison\u00a0\u00bb, comme Lambertz a appel\u00e9 plus tard la man\u0153uvre, a pay\u00e9: aujourd&rsquo;hui, il sert le gouvernement de la DG aujourd&rsquo;hui sans la participation du SP, pour ainsi dire comme un \u00ab\u00a0ministre adjoint de la DG de l&rsquo;am\u00e9nagement du SP\u00a0\u00bb.<\/p>\n<p>Cependant, la situation du SP Ostbelgium n&rsquo;est pas sans espoir, comme le montre l&rsquo;exemple du parti Die Linke en Allemagne. Apr\u00e8s la sortie de Sahra Wagenknecht, beaucoup pensaient que la gauche dispara\u00eetrait dans l&rsquo;insignifiance. Mais maintenant, la f\u00eate conna\u00eet un nouveau printemps. Dans les enqu\u00eates r\u00e9centes, il fait m\u00eame mieux que les verts. Hope meurt en dernier &#8230; (CR)<\/p>\n","protected":false},"excerpt":{"rendered":"<p>Au d\u00e9but de la nouvelle p\u00e9riode de session, Mechtilde Neuens reprend le pr\u00e9sident du groupe parlementaire SP au Parlement DG. Elle est soutenue par Bj\u00f6rn<\/p>\n","protected":false},"author":1,"featured_media":9771,"comment_status":"","ping_status":"","sticky":false,"template":"","format":"standard","meta":{"footnotes":""},"categories":[298],"tags":[6867,434,1360,166,5900,3539,2772,2274,8376,130],"class_list":["post-9770","post","type-post","status-publish","format-standard","has-post-thumbnail","hentry","category-belgique","tag-antoniadis","tag-apporte","tag-changer","tag-dans","tag-faction","tag-haut","tag-lambertz","tag-lavenir","tag-pdgquestce","tag-sans","generate-columns","tablet-grid-50","mobile-grid-100","grid-parent","grid-33"],"yoast_head":"<!-- This site is optimized with the Yoast SEO plugin v24.0 - https:\/\/yoast.com\/wordpress\/plugins\/seo\/ -->\n<title>Changer en haut de la faction SP dans le PDG-qu&#039;est-ce que l&#039;avenir apporte sans Lambertz et Antoniadis? | Vie Associative<\/title>\n<meta name=\"robots\" content=\"index, follow, max-snippet:-1, max-image-preview:large, max-video-preview:-1\" \/>\n<link rel=\"canonical\" href=\"https:\/\/vieassociative.be\/actualites\/changer-en-haut-de-la-faction-sp-dans-le-pdg-quest-ce-que-lavenir-apporte-sans-lambertz-et-antoniadis\/\" \/>\n<meta property=\"og:locale\" content=\"fr_FR\" \/>\n<meta property=\"og:type\" content=\"article\" \/>\n<meta property=\"og:title\" content=\"Changer en haut de la faction SP dans le PDG-qu&#039;est-ce que l&#039;avenir apporte sans Lambertz et Antoniadis? | Vie Associative\" \/>\n<meta property=\"og:description\" content=\"Au d\u00e9but de la nouvelle p\u00e9riode de session, Mechtilde Neuens reprend le pr\u00e9sident du groupe parlementaire SP au Parlement DG. Elle est soutenue par Bj\u00f6rn\" \/>\n<meta property=\"og:url\" content=\"https:\/\/vieassociative.be\/actualites\/changer-en-haut-de-la-faction-sp-dans-le-pdg-quest-ce-que-lavenir-apporte-sans-lambertz-et-antoniadis\/\" \/>\n<meta property=\"og:site_name\" content=\"Vie Associative\" \/>\n<meta property=\"article:published_time\" content=\"2025-09-02T14:17:02+00:00\" \/>\n<meta property=\"og:image\" content=\"https:\/\/vieassociative.be\/actualites\/wp-content\/uploads\/2024\/09\/header_backgroundk-01-e1726694325946.png\" \/>\n\t<meta property=\"og:image:width\" content=\"279\" \/>\n\t<meta property=\"og:image:height\" content=\"92\" \/>\n\t<meta property=\"og:image:type\" content=\"image\/png\" \/>\n<meta name=\"author\" content=\"Julien\" \/>\n<meta name=\"twitter:card\" content=\"summary_large_image\" \/>\n<meta name=\"twitter:label1\" content=\"\u00c9crit par\" \/>\n\t<meta name=\"twitter:data1\" content=\"Julien\" \/>\n\t<meta name=\"twitter:label2\" content=\"Dur\u00e9e de lecture est.\" \/>\n\t<meta name=\"twitter:data2\" content=\"3 minutes\" \/>\n<script type=\"application\/ld+json\" class=\"yoast-schema-graph\">{\"@context\":\"https:\/\/schema.org\",\"@graph\":[{\"@type\":\"Article\",\"@id\":\"https:\/\/vieassociative.be\/actualites\/changer-en-haut-de-la-faction-sp-dans-le-pdg-quest-ce-que-lavenir-apporte-sans-lambertz-et-antoniadis\/#article\",\"isPartOf\":{\"@id\":\"https:\/\/vieassociative.be\/actualites\/changer-en-haut-de-la-faction-sp-dans-le-pdg-quest-ce-que-lavenir-apporte-sans-lambertz-et-antoniadis\/\"},\"author\":{\"name\":\"Julien\",\"@id\":\"https:\/\/vieassociative.be\/actualites\/#\/schema\/person\/b87ac4f82f9d4e7b7cec7395b679edc4\"},\"headline\":\"Changer en haut de la faction SP dans le PDG-qu&rsquo;est-ce que l&rsquo;avenir apporte sans Lambertz et Antoniadis?\",\"datePublished\":\"2025-09-02T14:17:02+00:00\",\"dateModified\":\"2025-09-02T14:17:02+00:00\",\"mainEntityOfPage\":{\"@id\":\"https:\/\/vieassociative.be\/actualites\/changer-en-haut-de-la-faction-sp-dans-le-pdg-quest-ce-que-lavenir-apporte-sans-lambertz-et-antoniadis\/\"},\"wordCount\":591,\"publisher\":{\"@id\":\"https:\/\/vieassociative.be\/actualites\/#organization\"},\"image\":{\"@id\":\"https:\/\/vieassociative.be\/actualites\/changer-en-haut-de-la-faction-sp-dans-le-pdg-quest-ce-que-lavenir-apporte-sans-lambertz-et-antoniadis\/#primaryimage\"},\"thumbnailUrl\":\"https:\/\/vieassociative.be\/actualites\/wp-content\/uploads\/2025\/09\/1756822622_Changer-en-haut-de-la-faction-SP-dans-le-PDG-quest-ce.jpg\",\"keywords\":[\"Antoniadis\",\"apporte\",\"changer\",\"dans\",\"Faction\",\"haut\",\"Lambertz\",\"lavenir\",\"PDGquestce\",\"sans\"],\"articleSection\":[\"Belgique\"],\"inLanguage\":\"fr-BE\"},{\"@type\":\"WebPage\",\"@id\":\"https:\/\/vieassociative.be\/actualites\/changer-en-haut-de-la-faction-sp-dans-le-pdg-quest-ce-que-lavenir-apporte-sans-lambertz-et-antoniadis\/\",\"url\":\"https:\/\/vieassociative.be\/actualites\/changer-en-haut-de-la-faction-sp-dans-le-pdg-quest-ce-que-lavenir-apporte-sans-lambertz-et-antoniadis\/\",\"name\":\"Changer en haut de la faction SP dans le PDG-qu'est-ce que l'avenir apporte sans Lambertz et Antoniadis? | Vie Associative\",\"isPartOf\":{\"@id\":\"https:\/\/vieassociative.be\/actualites\/#website\"},\"primaryImageOfPage\":{\"@id\":\"https:\/\/vieassociative.be\/actualites\/changer-en-haut-de-la-faction-sp-dans-le-pdg-quest-ce-que-lavenir-apporte-sans-lambertz-et-antoniadis\/#primaryimage\"},\"image\":{\"@id\":\"https:\/\/vieassociative.be\/actualites\/changer-en-haut-de-la-faction-sp-dans-le-pdg-quest-ce-que-lavenir-apporte-sans-lambertz-et-antoniadis\/#primaryimage\"},\"thumbnailUrl\":\"https:\/\/vieassociative.be\/actualites\/wp-content\/uploads\/2025\/09\/1756822622_Changer-en-haut-de-la-faction-SP-dans-le-PDG-quest-ce.jpg\",\"datePublished\":\"2025-09-02T14:17:02+00:00\",\"dateModified\":\"2025-09-02T14:17:02+00:00\",\"breadcrumb\":{\"@id\":\"https:\/\/vieassociative.be\/actualites\/changer-en-haut-de-la-faction-sp-dans-le-pdg-quest-ce-que-lavenir-apporte-sans-lambertz-et-antoniadis\/#breadcrumb\"},\"inLanguage\":\"fr-BE\",\"potentialAction\":[{\"@type\":\"ReadAction\",\"target\":[\"https:\/\/vieassociative.be\/actualites\/changer-en-haut-de-la-faction-sp-dans-le-pdg-quest-ce-que-lavenir-apporte-sans-lambertz-et-antoniadis\/\"]}]},{\"@type\":\"ImageObject\",\"inLanguage\":\"fr-BE\",\"@id\":\"https:\/\/vieassociative.be\/actualites\/changer-en-haut-de-la-faction-sp-dans-le-pdg-quest-ce-que-lavenir-apporte-sans-lambertz-et-antoniadis\/#primaryimage\",\"url\":\"https:\/\/vieassociative.be\/actualites\/wp-content\/uploads\/2025\/09\/1756822622_Changer-en-haut-de-la-faction-SP-dans-le-PDG-quest-ce.jpg\",\"contentUrl\":\"https:\/\/vieassociative.be\/actualites\/wp-content\/uploads\/2025\/09\/1756822622_Changer-en-haut-de-la-faction-SP-dans-le-PDG-quest-ce.jpg\",\"width\":1300,\"height\":869,\"caption\":\"Changer en haut de la faction SP dans le PDG-qu'est-ce que l'avenir apporte sans Lambertz et Antoniadis?\"},{\"@type\":\"BreadcrumbList\",\"@id\":\"https:\/\/vieassociative.be\/actualites\/changer-en-haut-de-la-faction-sp-dans-le-pdg-quest-ce-que-lavenir-apporte-sans-lambertz-et-antoniadis\/#breadcrumb\",\"itemListElement\":[{\"@type\":\"ListItem\",\"position\":1,\"name\":\"Accueil\",\"item\":\"https:\/\/vieassociative.be\/actualites\/\"},{\"@type\":\"ListItem\",\"position\":2,\"name\":\"Changer en haut de la faction SP dans le PDG-qu&rsquo;est-ce que l&rsquo;avenir apporte sans Lambertz et Antoniadis?\"}]},{\"@type\":\"WebSite\",\"@id\":\"https:\/\/vieassociative.be\/actualites\/#website\",\"url\":\"https:\/\/vieassociative.be\/actualites\/\",\"name\":\"Vie Associative\",\"description\":\"\",\"publisher\":{\"@id\":\"https:\/\/vieassociative.be\/actualites\/#organization\"},\"potentialAction\":[{\"@type\":\"SearchAction\",\"target\":{\"@type\":\"EntryPoint\",\"urlTemplate\":\"https:\/\/vieassociative.be\/actualites\/?s={search_term_string}\"},\"query-input\":{\"@type\":\"PropertyValueSpecification\",\"valueRequired\":true,\"valueName\":\"search_term_string\"}}],\"inLanguage\":\"fr-BE\"},{\"@type\":\"Organization\",\"@id\":\"https:\/\/vieassociative.be\/actualites\/#organization\",\"name\":\"Vie Associative\",\"url\":\"https:\/\/vieassociative.be\/actualites\/\",\"logo\":{\"@type\":\"ImageObject\",\"inLanguage\":\"fr-BE\",\"@id\":\"https:\/\/vieassociative.be\/actualites\/#\/schema\/logo\/image\/\",\"url\":\"https:\/\/vieassociative.be\/actualites\/wp-content\/uploads\/2024\/09\/cropped-vieassociative_favicon.ico.png\",\"contentUrl\":\"https:\/\/vieassociative.be\/actualites\/wp-content\/uploads\/2024\/09\/cropped-vieassociative_favicon.ico.png\",\"width\":512,\"height\":512,\"caption\":\"Vie Associative\"},\"image\":{\"@id\":\"https:\/\/vieassociative.be\/actualites\/#\/schema\/logo\/image\/\"}},{\"@type\":\"Person\",\"@id\":\"https:\/\/vieassociative.be\/actualites\/#\/schema\/person\/b87ac4f82f9d4e7b7cec7395b679edc4\",\"name\":\"Julien\",\"image\":{\"@type\":\"ImageObject\",\"inLanguage\":\"fr-BE\",\"@id\":\"https:\/\/vieassociative.be\/actualites\/#\/schema\/person\/image\/\",\"url\":\"https:\/\/vieassociative.be\/actualites\/wp-content\/uploads\/2024\/09\/vie-associative-1-150x150.jpg\",\"contentUrl\":\"https:\/\/vieassociative.be\/actualites\/wp-content\/uploads\/2024\/09\/vie-associative-1-150x150.jpg\",\"caption\":\"Julien\"},\"description\":\"Je suis Julien, r\u00e9dacteur pour Vie Associative. Passionn\u00e9 par le monde associatif depuis plus de 10 ans, j'ai \u00e0 c\u0153ur de partager des histoires inspirantes et de mettre en lumi\u00e8re les initiatives locales. Mon objectif est de sensibiliser et d'encourager l'engagement communautaire \u00e0 travers mes articles.\",\"sameAs\":[\"https:\/\/vieassociative.be\/\"]}]}<\/script>\n<!-- \/ Yoast SEO plugin. -->","yoast_head_json":{"title":"Changer en haut de la faction SP dans le PDG-qu'est-ce que l'avenir apporte sans Lambertz et Antoniadis? | Vie Associative","robots":{"index":"index","follow":"follow","max-snippet":"max-snippet:-1","max-image-preview":"max-image-preview:large","max-video-preview":"max-video-preview:-1"},"canonical":"https:\/\/vieassociative.be\/actualites\/changer-en-haut-de-la-faction-sp-dans-le-pdg-quest-ce-que-lavenir-apporte-sans-lambertz-et-antoniadis\/","og_locale":"fr_FR","og_type":"article","og_title":"Changer en haut de la faction SP dans le PDG-qu'est-ce que l'avenir apporte sans Lambertz et Antoniadis? | Vie Associative","og_description":"Au d\u00e9but de la nouvelle p\u00e9riode de session, Mechtilde Neuens reprend le pr\u00e9sident du groupe parlementaire SP au Parlement DG. Elle est soutenue par Bj\u00f6rn","og_url":"https:\/\/vieassociative.be\/actualites\/changer-en-haut-de-la-faction-sp-dans-le-pdg-quest-ce-que-lavenir-apporte-sans-lambertz-et-antoniadis\/","og_site_name":"Vie Associative","article_published_time":"2025-09-02T14:17:02+00:00","og_image":[{"width":279,"height":92,"url":"https:\/\/vieassociative.be\/actualites\/wp-content\/uploads\/2024\/09\/header_backgroundk-01-e1726694325946.png","type":"image\/png"}],"author":"Julien","twitter_card":"summary_large_image","twitter_misc":{"\u00c9crit par":"Julien","Dur\u00e9e de lecture est.":"3 minutes"},"schema":{"@context":"https:\/\/schema.org","@graph":[{"@type":"Article","@id":"https:\/\/vieassociative.be\/actualites\/changer-en-haut-de-la-faction-sp-dans-le-pdg-quest-ce-que-lavenir-apporte-sans-lambertz-et-antoniadis\/#article","isPartOf":{"@id":"https:\/\/vieassociative.be\/actualites\/changer-en-haut-de-la-faction-sp-dans-le-pdg-quest-ce-que-lavenir-apporte-sans-lambertz-et-antoniadis\/"},"author":{"name":"Julien","@id":"https:\/\/vieassociative.be\/actualites\/#\/schema\/person\/b87ac4f82f9d4e7b7cec7395b679edc4"},"headline":"Changer en haut de la faction SP dans le PDG-qu&rsquo;est-ce que l&rsquo;avenir apporte sans Lambertz et Antoniadis?","datePublished":"2025-09-02T14:17:02+00:00","dateModified":"2025-09-02T14:17:02+00:00","mainEntityOfPage":{"@id":"https:\/\/vieassociative.be\/actualites\/changer-en-haut-de-la-faction-sp-dans-le-pdg-quest-ce-que-lavenir-apporte-sans-lambertz-et-antoniadis\/"},"wordCount":591,"publisher":{"@id":"https:\/\/vieassociative.be\/actualites\/#organization"},"image":{"@id":"https:\/\/vieassociative.be\/actualites\/changer-en-haut-de-la-faction-sp-dans-le-pdg-quest-ce-que-lavenir-apporte-sans-lambertz-et-antoniadis\/#primaryimage"},"thumbnailUrl":"https:\/\/vieassociative.be\/actualites\/wp-content\/uploads\/2025\/09\/1756822622_Changer-en-haut-de-la-faction-SP-dans-le-PDG-quest-ce.jpg","keywords":["Antoniadis","apporte","changer","dans","Faction","haut","Lambertz","lavenir","PDGquestce","sans"],"articleSection":["Belgique"],"inLanguage":"fr-BE"},{"@type":"WebPage","@id":"https:\/\/vieassociative.be\/actualites\/changer-en-haut-de-la-faction-sp-dans-le-pdg-quest-ce-que-lavenir-apporte-sans-lambertz-et-antoniadis\/","url":"https:\/\/vieassociative.be\/actualites\/changer-en-haut-de-la-faction-sp-dans-le-pdg-quest-ce-que-lavenir-apporte-sans-lambertz-et-antoniadis\/","name":"Changer en haut de la faction SP dans le PDG-qu'est-ce que l'avenir apporte sans Lambertz et Antoniadis? | Vie Associative","isPartOf":{"@id":"https:\/\/vieassociative.be\/actualites\/#website"},"primaryImageOfPage":{"@id":"https:\/\/vieassociative.be\/actualites\/changer-en-haut-de-la-faction-sp-dans-le-pdg-quest-ce-que-lavenir-apporte-sans-lambertz-et-antoniadis\/#primaryimage"},"image":{"@id":"https:\/\/vieassociative.be\/actualites\/changer-en-haut-de-la-faction-sp-dans-le-pdg-quest-ce-que-lavenir-apporte-sans-lambertz-et-antoniadis\/#primaryimage"},"thumbnailUrl":"https:\/\/vieassociative.be\/actualites\/wp-content\/uploads\/2025\/09\/1756822622_Changer-en-haut-de-la-faction-SP-dans-le-PDG-quest-ce.jpg","datePublished":"2025-09-02T14:17:02+00:00","dateModified":"2025-09-02T14:17:02+00:00","breadcrumb":{"@id":"https:\/\/vieassociative.be\/actualites\/changer-en-haut-de-la-faction-sp-dans-le-pdg-quest-ce-que-lavenir-apporte-sans-lambertz-et-antoniadis\/#breadcrumb"},"inLanguage":"fr-BE","potentialAction":[{"@type":"ReadAction","target":["https:\/\/vieassociative.be\/actualites\/changer-en-haut-de-la-faction-sp-dans-le-pdg-quest-ce-que-lavenir-apporte-sans-lambertz-et-antoniadis\/"]}]},{"@type":"ImageObject","inLanguage":"fr-BE","@id":"https:\/\/vieassociative.be\/actualites\/changer-en-haut-de-la-faction-sp-dans-le-pdg-quest-ce-que-lavenir-apporte-sans-lambertz-et-antoniadis\/#primaryimage","url":"https:\/\/vieassociative.be\/actualites\/wp-content\/uploads\/2025\/09\/1756822622_Changer-en-haut-de-la-faction-SP-dans-le-PDG-quest-ce.jpg","contentUrl":"https:\/\/vieassociative.be\/actualites\/wp-content\/uploads\/2025\/09\/1756822622_Changer-en-haut-de-la-faction-SP-dans-le-PDG-quest-ce.jpg","width":1300,"height":869,"caption":"Changer en haut de la faction SP dans le PDG-qu'est-ce que l'avenir apporte sans Lambertz et Antoniadis?"},{"@type":"BreadcrumbList","@id":"https:\/\/vieassociative.be\/actualites\/changer-en-haut-de-la-faction-sp-dans-le-pdg-quest-ce-que-lavenir-apporte-sans-lambertz-et-antoniadis\/#breadcrumb","itemListElement":[{"@type":"ListItem","position":1,"name":"Accueil","item":"https:\/\/vieassociative.be\/actualites\/"},{"@type":"ListItem","position":2,"name":"Changer en haut de la faction SP dans le PDG-qu&rsquo;est-ce que l&rsquo;avenir apporte sans Lambertz et Antoniadis?"}]},{"@type":"WebSite","@id":"https:\/\/vieassociative.be\/actualites\/#website","url":"https:\/\/vieassociative.be\/actualites\/","name":"Vie Associative","description":"","publisher":{"@id":"https:\/\/vieassociative.be\/actualites\/#organization"},"potentialAction":[{"@type":"SearchAction","target":{"@type":"EntryPoint","urlTemplate":"https:\/\/vieassociative.be\/actualites\/?s={search_term_string}"},"query-input":{"@type":"PropertyValueSpecification","valueRequired":true,"valueName":"search_term_string"}}],"inLanguage":"fr-BE"},{"@type":"Organization","@id":"https:\/\/vieassociative.be\/actualites\/#organization","name":"Vie Associative","url":"https:\/\/vieassociative.be\/actualites\/","logo":{"@type":"ImageObject","inLanguage":"fr-BE","@id":"https:\/\/vieassociative.be\/actualites\/#\/schema\/logo\/image\/","url":"https:\/\/vieassociative.be\/actualites\/wp-content\/uploads\/2024\/09\/cropped-vieassociative_favicon.ico.png","contentUrl":"https:\/\/vieassociative.be\/actualites\/wp-content\/uploads\/2024\/09\/cropped-vieassociative_favicon.ico.png","width":512,"height":512,"caption":"Vie Associative"},"image":{"@id":"https:\/\/vieassociative.be\/actualites\/#\/schema\/logo\/image\/"}},{"@type":"Person","@id":"https:\/\/vieassociative.be\/actualites\/#\/schema\/person\/b87ac4f82f9d4e7b7cec7395b679edc4","name":"Julien","image":{"@type":"ImageObject","inLanguage":"fr-BE","@id":"https:\/\/vieassociative.be\/actualites\/#\/schema\/person\/image\/","url":"https:\/\/vieassociative.be\/actualites\/wp-content\/uploads\/2024\/09\/vie-associative-1-150x150.jpg","contentUrl":"https:\/\/vieassociative.be\/actualites\/wp-content\/uploads\/2024\/09\/vie-associative-1-150x150.jpg","caption":"Julien"},"description":"Je suis Julien, r\u00e9dacteur pour Vie Associative. Passionn\u00e9 par le monde associatif depuis plus de 10 ans, j'ai \u00e0 c\u0153ur de partager des histoires inspirantes et de mettre en lumi\u00e8re les initiatives locales. Mon objectif est de sensibiliser et d'encourager l'engagement communautaire \u00e0 travers mes articles.","sameAs":["https:\/\/vieassociative.be\/"]}]}},"_links":{"self":[{"href":"https:\/\/vieassociative.be\/actualites\/wp-json\/wp\/v2\/posts\/9770"}],"collection":[{"href":"https:\/\/vieassociative.be\/actualites\/wp-json\/wp\/v2\/posts"}],"about":[{"href":"https:\/\/vieassociative.be\/actualites\/wp-json\/wp\/v2\/types\/post"}],"author":[{"embeddable":true,"href":"https:\/\/vieassociative.be\/actualites\/wp-json\/wp\/v2\/users\/1"}],"replies":[{"embeddable":true,"href":"https:\/\/vieassociative.be\/actualites\/wp-json\/wp\/v2\/comments?post=9770"}],"version-history":[{"count":0,"href":"https:\/\/vieassociative.be\/actualites\/wp-json\/wp\/v2\/posts\/9770\/revisions"}],"wp:featuredmedia":[{"embeddable":true,"href":"https:\/\/vieassociative.be\/actualites\/wp-json\/wp\/v2\/media\/9771"}],"wp:attachment":[{"href":"https:\/\/vieassociative.be\/actualites\/wp-json\/wp\/v2\/media?parent=9770"}],"wp:term":[{"taxonomy":"category","embeddable":true,"href":"https:\/\/vieassociative.be\/actualites\/wp-json\/wp\/v2\/categories?post=9770"},{"taxonomy":"post_tag","embeddable":true,"href":"https:\/\/vieassociative.be\/actualites\/wp-json\/wp\/v2\/tags?post=9770"}],"curies":[{"name":"wp","href":"https:\/\/api.w.org\/{rel}","templated":true}]}}