{"id":977,"date":"2024-10-08T05:17:22","date_gmt":"2024-10-08T03:17:22","guid":{"rendered":"https:\/\/vieassociative.be\/actualites\/vous-pouvez-obtenir-ce-hp-elitebook-en-vente-pour-320-des-maintenant\/"},"modified":"2024-10-08T05:17:22","modified_gmt":"2024-10-08T03:17:22","slug":"vous-pouvez-obtenir-ce-hp-elitebook-en-vente-pour-320-des-maintenant","status":"publish","type":"post","link":"https:\/\/vieassociative.be\/actualites\/vous-pouvez-obtenir-ce-hp-elitebook-en-vente-pour-320-des-maintenant\/","title":{"rendered":"Vous pouvez obtenir ce HP EliteBook en vente pour 320 $ d\u00e8s maintenant"},"content":{"rendered":"<div class=\"mt-4 leading-6 md:mb-8\">Il s\u2019agit d\u2019un ordinateur portable remis \u00e0 neuf de qualit\u00e9 A avec 16 Go de RAM et un SSD de 256 Go.<\/div>\n<p><\/p>\n<p>Vous pouvez obtenir ce HP EliteBook en vente pour 319,97 $ d\u00e8s maintenant (r\u00e9g. 410 $). Cet ordinateur portable est un ordinateur portable remis \u00e0 neuf de 14 pouces con\u00e7u pour un usage professionnel, dot\u00e9 d&rsquo;un processeur Intel Core i5-8350U \u00e0 1,7 GHz, de 16 Go de RAM et de 256 Go de stockage SSD. L&rsquo;appareil est livr\u00e9 avec Windows 10 Professionnel pr\u00e9install\u00e9 et offre jusqu&rsquo;\u00e0 14 heures d&rsquo;autonomie, selon l&rsquo;utilisation. Ce mod\u00e8le mesure 9,3 x 0,7 x 12,8 pouces, p\u00e8se 3,26 livres et est r\u00e9pertori\u00e9 comme un produit remis \u00e0 neuf de cat\u00e9gorie \u00ab A \u00bb, ce qui signifie qu&rsquo;il arrive dans un \u00e9tat presque neuf avec une usure cosm\u00e9tique minime ou inexistante. <\/p>\n<p>Vous pouvez obtenir ce HP EliteBook 840 en vente au prix de 319,97 $, bien que les prix puissent changer \u00e0 tout moment. <\/p>\n","protected":false},"excerpt":{"rendered":"<p>Il s\u2019agit d\u2019un ordinateur portable remis \u00e0 neuf de qualit\u00e9 A avec 16 Go de RAM et un SSD de 256 Go. Vous pouvez obtenir<\/p>\n","protected":false},"author":1,"featured_media":978,"comment_status":"","ping_status":"","sticky":false,"template":"","format":"standard","meta":{"footnotes":""},"categories":[13],"tags":[29,1506,233,227,81,5,223,4],"class_list":["post-977","post","type-post","status-publish","format-standard","has-post-thumbnail","hentry","category-technologie","tag-des","tag-elitebook","tag-maintenant","tag-obtenir","tag-pour","tag-pouvez","tag-vente","tag-vous","generate-columns","tablet-grid-50","mobile-grid-100","grid-parent","grid-33"],"yoast_head":"<!-- This site is optimized with the Yoast SEO plugin v24.0 - https:\/\/yoast.com\/wordpress\/plugins\/seo\/ -->\n<title>Vous pouvez obtenir ce HP EliteBook en vente pour 320 $ d\u00e8s maintenant | Vie Associative<\/title>\n<meta name=\"robots\" content=\"index, follow, max-snippet:-1, max-image-preview:large, max-video-preview:-1\" \/>\n<link rel=\"canonical\" href=\"https:\/\/vieassociative.be\/actualites\/vous-pouvez-obtenir-ce-hp-elitebook-en-vente-pour-320-des-maintenant\/\" \/>\n<meta property=\"og:locale\" content=\"fr_FR\" \/>\n<meta property=\"og:type\" content=\"article\" \/>\n<meta property=\"og:title\" content=\"Vous pouvez obtenir ce HP EliteBook en vente pour 320 $ d\u00e8s maintenant | Vie Associative\" \/>\n<meta property=\"og:description\" content=\"Il s\u2019agit d\u2019un ordinateur portable remis \u00e0 neuf de qualit\u00e9 A avec 16 Go de RAM et un SSD de 256 Go. Vous pouvez obtenir\" \/>\n<meta property=\"og:url\" content=\"https:\/\/vieassociative.be\/actualites\/vous-pouvez-obtenir-ce-hp-elitebook-en-vente-pour-320-des-maintenant\/\" \/>\n<meta property=\"og:site_name\" content=\"Vie Associative\" \/>\n<meta property=\"article:published_time\" content=\"2024-10-08T03:17:22+00:00\" \/>\n<meta property=\"og:image\" content=\"https:\/\/vieassociative.be\/actualites\/wp-content\/uploads\/2024\/09\/header_backgroundk-01-e1726694325946.png\" \/>\n\t<meta property=\"og:image:width\" content=\"279\" \/>\n\t<meta property=\"og:image:height\" content=\"92\" \/>\n\t<meta property=\"og:image:type\" content=\"image\/png\" \/>\n<meta name=\"author\" content=\"Julien\" \/>\n<meta name=\"twitter:card\" content=\"summary_large_image\" \/>\n<meta name=\"twitter:label1\" content=\"\u00c9crit par\" \/>\n\t<meta name=\"twitter:data1\" content=\"Julien\" \/>\n\t<meta name=\"twitter:label2\" content=\"Dur\u00e9e de lecture est.\" \/>\n\t<meta name=\"twitter:data2\" content=\"1 minute\" \/>\n<script type=\"application\/ld+json\" class=\"yoast-schema-graph\">{\"@context\":\"https:\/\/schema.org\",\"@graph\":[{\"@type\":\"Article\",\"@id\":\"https:\/\/vieassociative.be\/actualites\/vous-pouvez-obtenir-ce-hp-elitebook-en-vente-pour-320-des-maintenant\/#article\",\"isPartOf\":{\"@id\":\"https:\/\/vieassociative.be\/actualites\/vous-pouvez-obtenir-ce-hp-elitebook-en-vente-pour-320-des-maintenant\/\"},\"author\":{\"name\":\"Julien\",\"@id\":\"https:\/\/vieassociative.be\/actualites\/#\/schema\/person\/b87ac4f82f9d4e7b7cec7395b679edc4\"},\"headline\":\"Vous pouvez obtenir ce HP EliteBook en vente pour 320 $ d\u00e8s maintenant\",\"datePublished\":\"2024-10-08T03:17:22+00:00\",\"dateModified\":\"2024-10-08T03:17:22+00:00\",\"mainEntityOfPage\":{\"@id\":\"https:\/\/vieassociative.be\/actualites\/vous-pouvez-obtenir-ce-hp-elitebook-en-vente-pour-320-des-maintenant\/\"},\"wordCount\":163,\"publisher\":{\"@id\":\"https:\/\/vieassociative.be\/actualites\/#organization\"},\"image\":{\"@id\":\"https:\/\/vieassociative.be\/actualites\/vous-pouvez-obtenir-ce-hp-elitebook-en-vente-pour-320-des-maintenant\/#primaryimage\"},\"thumbnailUrl\":\"https:\/\/vieassociative.be\/actualites\/wp-content\/uploads\/2024\/10\/Vous-pouvez-obtenir-ce-HP-EliteBook-en-vente-pour-320.png\",\"keywords\":[\"Des\",\"EliteBook\",\"maintenant\",\"obtenir\",\"pour\",\"pouvez\",\"vente\",\"Vous\"],\"articleSection\":[\"Technologie\"],\"inLanguage\":\"fr-BE\"},{\"@type\":\"WebPage\",\"@id\":\"https:\/\/vieassociative.be\/actualites\/vous-pouvez-obtenir-ce-hp-elitebook-en-vente-pour-320-des-maintenant\/\",\"url\":\"https:\/\/vieassociative.be\/actualites\/vous-pouvez-obtenir-ce-hp-elitebook-en-vente-pour-320-des-maintenant\/\",\"name\":\"Vous pouvez obtenir ce HP EliteBook en vente pour 320 $ d\u00e8s maintenant | Vie Associative\",\"isPartOf\":{\"@id\":\"https:\/\/vieassociative.be\/actualites\/#website\"},\"primaryImageOfPage\":{\"@id\":\"https:\/\/vieassociative.be\/actualites\/vous-pouvez-obtenir-ce-hp-elitebook-en-vente-pour-320-des-maintenant\/#primaryimage\"},\"image\":{\"@id\":\"https:\/\/vieassociative.be\/actualites\/vous-pouvez-obtenir-ce-hp-elitebook-en-vente-pour-320-des-maintenant\/#primaryimage\"},\"thumbnailUrl\":\"https:\/\/vieassociative.be\/actualites\/wp-content\/uploads\/2024\/10\/Vous-pouvez-obtenir-ce-HP-EliteBook-en-vente-pour-320.png\",\"datePublished\":\"2024-10-08T03:17:22+00:00\",\"dateModified\":\"2024-10-08T03:17:22+00:00\",\"breadcrumb\":{\"@id\":\"https:\/\/vieassociative.be\/actualites\/vous-pouvez-obtenir-ce-hp-elitebook-en-vente-pour-320-des-maintenant\/#breadcrumb\"},\"inLanguage\":\"fr-BE\",\"potentialAction\":[{\"@type\":\"ReadAction\",\"target\":[\"https:\/\/vieassociative.be\/actualites\/vous-pouvez-obtenir-ce-hp-elitebook-en-vente-pour-320-des-maintenant\/\"]}]},{\"@type\":\"ImageObject\",\"inLanguage\":\"fr-BE\",\"@id\":\"https:\/\/vieassociative.be\/actualites\/vous-pouvez-obtenir-ce-hp-elitebook-en-vente-pour-320-des-maintenant\/#primaryimage\",\"url\":\"https:\/\/vieassociative.be\/actualites\/wp-content\/uploads\/2024\/10\/Vous-pouvez-obtenir-ce-HP-EliteBook-en-vente-pour-320.png\",\"contentUrl\":\"https:\/\/vieassociative.be\/actualites\/wp-content\/uploads\/2024\/10\/Vous-pouvez-obtenir-ce-HP-EliteBook-en-vente-pour-320.png\",\"width\":1200,\"height\":675,\"caption\":\"Vous pouvez obtenir ce HP EliteBook en vente pour 320 $ d\u00e8s maintenant\"},{\"@type\":\"BreadcrumbList\",\"@id\":\"https:\/\/vieassociative.be\/actualites\/vous-pouvez-obtenir-ce-hp-elitebook-en-vente-pour-320-des-maintenant\/#breadcrumb\",\"itemListElement\":[{\"@type\":\"ListItem\",\"position\":1,\"name\":\"Accueil\",\"item\":\"https:\/\/vieassociative.be\/actualites\/\"},{\"@type\":\"ListItem\",\"position\":2,\"name\":\"Vous pouvez obtenir ce HP EliteBook en vente pour 320 $ d\u00e8s maintenant\"}]},{\"@type\":\"WebSite\",\"@id\":\"https:\/\/vieassociative.be\/actualites\/#website\",\"url\":\"https:\/\/vieassociative.be\/actualites\/\",\"name\":\"Vie Associative\",\"description\":\"\",\"publisher\":{\"@id\":\"https:\/\/vieassociative.be\/actualites\/#organization\"},\"potentialAction\":[{\"@type\":\"SearchAction\",\"target\":{\"@type\":\"EntryPoint\",\"urlTemplate\":\"https:\/\/vieassociative.be\/actualites\/?s={search_term_string}\"},\"query-input\":{\"@type\":\"PropertyValueSpecification\",\"valueRequired\":true,\"valueName\":\"search_term_string\"}}],\"inLanguage\":\"fr-BE\"},{\"@type\":\"Organization\",\"@id\":\"https:\/\/vieassociative.be\/actualites\/#organization\",\"name\":\"Vie Associative\",\"url\":\"https:\/\/vieassociative.be\/actualites\/\",\"logo\":{\"@type\":\"ImageObject\",\"inLanguage\":\"fr-BE\",\"@id\":\"https:\/\/vieassociative.be\/actualites\/#\/schema\/logo\/image\/\",\"url\":\"https:\/\/vieassociative.be\/actualites\/wp-content\/uploads\/2024\/09\/cropped-vieassociative_favicon.ico.png\",\"contentUrl\":\"https:\/\/vieassociative.be\/actualites\/wp-content\/uploads\/2024\/09\/cropped-vieassociative_favicon.ico.png\",\"width\":512,\"height\":512,\"caption\":\"Vie Associative\"},\"image\":{\"@id\":\"https:\/\/vieassociative.be\/actualites\/#\/schema\/logo\/image\/\"}},{\"@type\":\"Person\",\"@id\":\"https:\/\/vieassociative.be\/actualites\/#\/schema\/person\/b87ac4f82f9d4e7b7cec7395b679edc4\",\"name\":\"Julien\",\"image\":{\"@type\":\"ImageObject\",\"inLanguage\":\"fr-BE\",\"@id\":\"https:\/\/vieassociative.be\/actualites\/#\/schema\/person\/image\/\",\"url\":\"https:\/\/vieassociative.be\/actualites\/wp-content\/uploads\/2024\/09\/vie-associative-1-150x150.jpg\",\"contentUrl\":\"https:\/\/vieassociative.be\/actualites\/wp-content\/uploads\/2024\/09\/vie-associative-1-150x150.jpg\",\"caption\":\"Julien\"},\"description\":\"Je suis Julien, r\u00e9dacteur pour Vie Associative. Passionn\u00e9 par le monde associatif depuis plus de 10 ans, j'ai \u00e0 c\u0153ur de partager des histoires inspirantes et de mettre en lumi\u00e8re les initiatives locales. Mon objectif est de sensibiliser et d'encourager l'engagement communautaire \u00e0 travers mes articles.\",\"sameAs\":[\"https:\/\/vieassociative.be\/\"]}]}<\/script>\n<!-- \/ Yoast SEO plugin. -->","yoast_head_json":{"title":"Vous pouvez obtenir ce HP EliteBook en vente pour 320 $ d\u00e8s maintenant | Vie Associative","robots":{"index":"index","follow":"follow","max-snippet":"max-snippet:-1","max-image-preview":"max-image-preview:large","max-video-preview":"max-video-preview:-1"},"canonical":"https:\/\/vieassociative.be\/actualites\/vous-pouvez-obtenir-ce-hp-elitebook-en-vente-pour-320-des-maintenant\/","og_locale":"fr_FR","og_type":"article","og_title":"Vous pouvez obtenir ce HP EliteBook en vente pour 320 $ d\u00e8s maintenant | Vie Associative","og_description":"Il s\u2019agit d\u2019un ordinateur portable remis \u00e0 neuf de qualit\u00e9 A avec 16 Go de RAM et un SSD de 256 Go. Vous pouvez obtenir","og_url":"https:\/\/vieassociative.be\/actualites\/vous-pouvez-obtenir-ce-hp-elitebook-en-vente-pour-320-des-maintenant\/","og_site_name":"Vie Associative","article_published_time":"2024-10-08T03:17:22+00:00","og_image":[{"width":279,"height":92,"url":"https:\/\/vieassociative.be\/actualites\/wp-content\/uploads\/2024\/09\/header_backgroundk-01-e1726694325946.png","type":"image\/png"}],"author":"Julien","twitter_card":"summary_large_image","twitter_misc":{"\u00c9crit par":"Julien","Dur\u00e9e de lecture est.":"1 minute"},"schema":{"@context":"https:\/\/schema.org","@graph":[{"@type":"Article","@id":"https:\/\/vieassociative.be\/actualites\/vous-pouvez-obtenir-ce-hp-elitebook-en-vente-pour-320-des-maintenant\/#article","isPartOf":{"@id":"https:\/\/vieassociative.be\/actualites\/vous-pouvez-obtenir-ce-hp-elitebook-en-vente-pour-320-des-maintenant\/"},"author":{"name":"Julien","@id":"https:\/\/vieassociative.be\/actualites\/#\/schema\/person\/b87ac4f82f9d4e7b7cec7395b679edc4"},"headline":"Vous pouvez obtenir ce HP EliteBook en vente pour 320 $ d\u00e8s maintenant","datePublished":"2024-10-08T03:17:22+00:00","dateModified":"2024-10-08T03:17:22+00:00","mainEntityOfPage":{"@id":"https:\/\/vieassociative.be\/actualites\/vous-pouvez-obtenir-ce-hp-elitebook-en-vente-pour-320-des-maintenant\/"},"wordCount":163,"publisher":{"@id":"https:\/\/vieassociative.be\/actualites\/#organization"},"image":{"@id":"https:\/\/vieassociative.be\/actualites\/vous-pouvez-obtenir-ce-hp-elitebook-en-vente-pour-320-des-maintenant\/#primaryimage"},"thumbnailUrl":"https:\/\/vieassociative.be\/actualites\/wp-content\/uploads\/2024\/10\/Vous-pouvez-obtenir-ce-HP-EliteBook-en-vente-pour-320.png","keywords":["Des","EliteBook","maintenant","obtenir","pour","pouvez","vente","Vous"],"articleSection":["Technologie"],"inLanguage":"fr-BE"},{"@type":"WebPage","@id":"https:\/\/vieassociative.be\/actualites\/vous-pouvez-obtenir-ce-hp-elitebook-en-vente-pour-320-des-maintenant\/","url":"https:\/\/vieassociative.be\/actualites\/vous-pouvez-obtenir-ce-hp-elitebook-en-vente-pour-320-des-maintenant\/","name":"Vous pouvez obtenir ce HP EliteBook en vente pour 320 $ d\u00e8s maintenant | Vie Associative","isPartOf":{"@id":"https:\/\/vieassociative.be\/actualites\/#website"},"primaryImageOfPage":{"@id":"https:\/\/vieassociative.be\/actualites\/vous-pouvez-obtenir-ce-hp-elitebook-en-vente-pour-320-des-maintenant\/#primaryimage"},"image":{"@id":"https:\/\/vieassociative.be\/actualites\/vous-pouvez-obtenir-ce-hp-elitebook-en-vente-pour-320-des-maintenant\/#primaryimage"},"thumbnailUrl":"https:\/\/vieassociative.be\/actualites\/wp-content\/uploads\/2024\/10\/Vous-pouvez-obtenir-ce-HP-EliteBook-en-vente-pour-320.png","datePublished":"2024-10-08T03:17:22+00:00","dateModified":"2024-10-08T03:17:22+00:00","breadcrumb":{"@id":"https:\/\/vieassociative.be\/actualites\/vous-pouvez-obtenir-ce-hp-elitebook-en-vente-pour-320-des-maintenant\/#breadcrumb"},"inLanguage":"fr-BE","potentialAction":[{"@type":"ReadAction","target":["https:\/\/vieassociative.be\/actualites\/vous-pouvez-obtenir-ce-hp-elitebook-en-vente-pour-320-des-maintenant\/"]}]},{"@type":"ImageObject","inLanguage":"fr-BE","@id":"https:\/\/vieassociative.be\/actualites\/vous-pouvez-obtenir-ce-hp-elitebook-en-vente-pour-320-des-maintenant\/#primaryimage","url":"https:\/\/vieassociative.be\/actualites\/wp-content\/uploads\/2024\/10\/Vous-pouvez-obtenir-ce-HP-EliteBook-en-vente-pour-320.png","contentUrl":"https:\/\/vieassociative.be\/actualites\/wp-content\/uploads\/2024\/10\/Vous-pouvez-obtenir-ce-HP-EliteBook-en-vente-pour-320.png","width":1200,"height":675,"caption":"Vous pouvez obtenir ce HP EliteBook en vente pour 320 $ d\u00e8s maintenant"},{"@type":"BreadcrumbList","@id":"https:\/\/vieassociative.be\/actualites\/vous-pouvez-obtenir-ce-hp-elitebook-en-vente-pour-320-des-maintenant\/#breadcrumb","itemListElement":[{"@type":"ListItem","position":1,"name":"Accueil","item":"https:\/\/vieassociative.be\/actualites\/"},{"@type":"ListItem","position":2,"name":"Vous pouvez obtenir ce HP EliteBook en vente pour 320 $ d\u00e8s maintenant"}]},{"@type":"WebSite","@id":"https:\/\/vieassociative.be\/actualites\/#website","url":"https:\/\/vieassociative.be\/actualites\/","name":"Vie Associative","description":"","publisher":{"@id":"https:\/\/vieassociative.be\/actualites\/#organization"},"potentialAction":[{"@type":"SearchAction","target":{"@type":"EntryPoint","urlTemplate":"https:\/\/vieassociative.be\/actualites\/?s={search_term_string}"},"query-input":{"@type":"PropertyValueSpecification","valueRequired":true,"valueName":"search_term_string"}}],"inLanguage":"fr-BE"},{"@type":"Organization","@id":"https:\/\/vieassociative.be\/actualites\/#organization","name":"Vie Associative","url":"https:\/\/vieassociative.be\/actualites\/","logo":{"@type":"ImageObject","inLanguage":"fr-BE","@id":"https:\/\/vieassociative.be\/actualites\/#\/schema\/logo\/image\/","url":"https:\/\/vieassociative.be\/actualites\/wp-content\/uploads\/2024\/09\/cropped-vieassociative_favicon.ico.png","contentUrl":"https:\/\/vieassociative.be\/actualites\/wp-content\/uploads\/2024\/09\/cropped-vieassociative_favicon.ico.png","width":512,"height":512,"caption":"Vie Associative"},"image":{"@id":"https:\/\/vieassociative.be\/actualites\/#\/schema\/logo\/image\/"}},{"@type":"Person","@id":"https:\/\/vieassociative.be\/actualites\/#\/schema\/person\/b87ac4f82f9d4e7b7cec7395b679edc4","name":"Julien","image":{"@type":"ImageObject","inLanguage":"fr-BE","@id":"https:\/\/vieassociative.be\/actualites\/#\/schema\/person\/image\/","url":"https:\/\/vieassociative.be\/actualites\/wp-content\/uploads\/2024\/09\/vie-associative-1-150x150.jpg","contentUrl":"https:\/\/vieassociative.be\/actualites\/wp-content\/uploads\/2024\/09\/vie-associative-1-150x150.jpg","caption":"Julien"},"description":"Je suis Julien, r\u00e9dacteur pour Vie Associative. Passionn\u00e9 par le monde associatif depuis plus de 10 ans, j'ai \u00e0 c\u0153ur de partager des histoires inspirantes et de mettre en lumi\u00e8re les initiatives locales. Mon objectif est de sensibiliser et d'encourager l'engagement communautaire \u00e0 travers mes articles.","sameAs":["https:\/\/vieassociative.be\/"]}]}},"_links":{"self":[{"href":"https:\/\/vieassociative.be\/actualites\/wp-json\/wp\/v2\/posts\/977"}],"collection":[{"href":"https:\/\/vieassociative.be\/actualites\/wp-json\/wp\/v2\/posts"}],"about":[{"href":"https:\/\/vieassociative.be\/actualites\/wp-json\/wp\/v2\/types\/post"}],"author":[{"embeddable":true,"href":"https:\/\/vieassociative.be\/actualites\/wp-json\/wp\/v2\/users\/1"}],"replies":[{"embeddable":true,"href":"https:\/\/vieassociative.be\/actualites\/wp-json\/wp\/v2\/comments?post=977"}],"version-history":[{"count":0,"href":"https:\/\/vieassociative.be\/actualites\/wp-json\/wp\/v2\/posts\/977\/revisions"}],"wp:featuredmedia":[{"embeddable":true,"href":"https:\/\/vieassociative.be\/actualites\/wp-json\/wp\/v2\/media\/978"}],"wp:attachment":[{"href":"https:\/\/vieassociative.be\/actualites\/wp-json\/wp\/v2\/media?parent=977"}],"wp:term":[{"taxonomy":"category","embeddable":true,"href":"https:\/\/vieassociative.be\/actualites\/wp-json\/wp\/v2\/categories?post=977"},{"taxonomy":"post_tag","embeddable":true,"href":"https:\/\/vieassociative.be\/actualites\/wp-json\/wp\/v2\/tags?post=977"}],"curies":[{"name":"wp","href":"https:\/\/api.w.org\/{rel}","templated":true}]}}