{"id":9768,"date":"2025-09-02T15:16:57","date_gmt":"2025-09-02T13:16:57","guid":{"rendered":"https:\/\/vieassociative.be\/actualites\/cette-application-peut-vous-empecher-dutiliser-votre-iphone\/"},"modified":"2025-09-02T15:16:57","modified_gmt":"2025-09-02T13:16:57","slug":"cette-application-peut-vous-empecher-dutiliser-votre-iphone","status":"publish","type":"post","link":"https:\/\/vieassociative.be\/actualites\/cette-application-peut-vous-empecher-dutiliser-votre-iphone\/","title":{"rendered":"Cette application peut vous emp\u00eacher d&rsquo;utiliser votre iPhone"},"content":{"rendered":"<div class=\"mt-4 leading-6 md:mb-8\">Cette application bloque les applications sociales et plus jusqu&rsquo;\u00e0 ce que vous scaniez une puce ou un code.<\/div>\n<p><\/p>\n<p><em>Saviez-vous que vous pouvez personnaliser Google pour filtrer les ordures? Prendre ces \u00e9tapes<\/em><em>  Pour de meilleurs r\u00e9sultats de recherche, notamment l&rsquo;ajout de Vie Associative comme source pr\u00e9f\u00e9r\u00e9e pour les nouvelles technologiques<\/em><em>.<\/em><\/p>\n<hr>\n<p>Le probl\u00e8me avec les applications de blocage de distraction est la facilit\u00e9 de d\u00e9sactivation. Mais que se passe-t-il si vous aviez besoin d&rsquo;acc\u00e9der \u00e0 un objet physique pour d\u00e9bloquer les distractions? De cette fa\u00e7on, vous pouvez laisser l&rsquo;objet \u00e0 la maison ou le donner \u00e0 quelqu&rsquo;un qui peut vous tenir responsable. C&rsquo;est l&rsquo;id\u00e9e de base derri\u00e8re FOQOS, une application iPhone du d\u00e9veloppeur Ali Waseem, qui est open source, compl\u00e8tement gratuite et fonctionne tr\u00e8s bien.<\/p>\n<p>Au d\u00e9but, FOQOS peut sembler similaire \u00e0 d&rsquo;autres applications de mise au point pour bloquer les distractions. Vous pouvez s\u00e9lectionner un ensemble d&rsquo;applications et de sites Web que vous souhaitez bloquer, puis activer le bloqueur. La diff\u00e9rence survient quand il est temps de d\u00e9sactiver cette distraction. Pour ce faire, vous devez scanner une \u00abcl\u00e9\u00bb, soit une puce NFC ou un code QR.<\/p>\n<div class=\"mx-auto mb-12 mt-5 w-full max-w-3xl rounded-md border-2 border-gray-100 p-3 shadow-md md:px-7 md:pb-7 md:pt-5\" id=\"related-video\">\n<div class=\"mb-3 flex items-center md:mb-5\">\n        <img decoding=\"async\" class=\"mr-4 mt-0 h-10 w-10 md:mr-5 md:h-12 md:w-12\" src=\"https:\/\/vieassociative.be\/actualites\/wp-content\/uploads\/2025\/08\/1754414314_422_Les-brins-du-NYT-daujourdhui-indiquent-et-repondent-pour-le.jpg\" alt=\"Logo Lifehacker\"><\/p><\/div>\n<div class=\"aspect-video w-full overflow-hidden rounded-md\">\n<div id=\"video-container-01K458JEW06F26EJX12MYC61MF\"><\/div>\n<\/p><\/div>\n<\/div>\n<div class=\"eloquent-imagery-image\">\n<div class=\"flex justify-center\">\n                    <img decoding=\"async\" class=\"border border-gray-100\" src=\"https:\/\/vieassociative.be\/actualites\/wp-content\/uploads\/2025\/09\/Cette-application-peut-vous-empecher-dutiliser-votre-iPhone.png\" alt=\"Trois captures d'\u00e9cran de FOQOS en action\" width=\"2000\" height=\"1035\" loading=\"lazy\"  >\n            <\/div>\n<\/p><\/div>\n<p>Si vous recherchez l&rsquo;option la plus simple, optez pour le code QR: vous pouvez imprimer le code sur un morceau de papier et le placer quelque part dans votre maison. Personnellement, je configure un code QR et l&rsquo;ai enregistr\u00e9 \u00e0 l&rsquo;arri\u00e8re d&rsquo;un tiroir de bureau. La puce NFC, en revanche, est un peu plus ringarde. Vous devrez en acheter un blanc et le configurer vous-m\u00eame. Ces puces sont extr\u00eamement abordables et ont toutes sortes d&rsquo;autres utilisateurs, de l&rsquo;automatisation des routines au partage de vos mots de passe WiFi. <\/p>\n<p>Le processus de configuration est simple. Tout d&rsquo;abord, vous devez donner l&rsquo;autorisation de l&rsquo;application pour acc\u00e9der \u00e0 vos param\u00e8tres de temps d&rsquo;\u00e9cran &#8211; cela est utilis\u00e9 pour permettre le blocage. Ensuite, vous pouvez cr\u00e9er des profils. J&rsquo;en ai fait un pour bloquer les applications de m\u00e9dias sociaux en tant que cat\u00e9gorie, puis j&rsquo;ai ajout\u00e9 les versions Web de Reddit, donc je n&rsquo;ai pas eu de solution de contournement. Apr\u00e8s cela, vous pouvez choisir la cl\u00e9 que vous souhaitez utiliser. Vous pouvez utiliser votre cl\u00e9 de choix &#8211; la puce NFC ou le code QR &#8211; \u00e0 la fois pour d\u00e9clencher le blocage et la terminer. Alternativement, vous pouvez commencer le blocage manuellement et n\u00e9cessiter la cl\u00e9 pour l&rsquo;arr\u00eater. <\/p>\n<p>Quoi que vous ayez configur\u00e9 cela, il existe toutes sortes de fa\u00e7ons de l&rsquo;utiliser. Vous pouvez laisser la cl\u00e9 \u00e0 la maison avant une soir\u00e9e, ce qui facilite la concentration sur les personnes qui vous entourent. Ou, pendant la journ\u00e9e de travail, vous pouvez donner la cl\u00e9 \u00e0 un ami et leur demander de ne pas le rendre avant d&rsquo;avoir termin\u00e9 le projet actuel. J&rsquo;essaye cela depuis quelques jours, laissant mon t\u00e9l\u00e9phone sans la possibilit\u00e9 d&rsquo;acc\u00e9der \u00e0 Reddit ou Bluesky. J&rsquo;esp\u00e8re que je passerais du temps \u00e0 lire au lieu de faire d\u00e9filer, et cela semble fonctionner. M\u00eame si la cl\u00e9 n&rsquo;est que de l&rsquo;autre c\u00f4t\u00e9 de la pi\u00e8ce, il y a suffisamment de friction pour m&#8217;emp\u00eacher de faire d\u00e9filer.<\/p>\n<p>L&rsquo;application, comme mentionn\u00e9, est enti\u00e8rement gratuite, bien que le d\u00e9veloppeur vous demande de couper quelques dollars si vous le trouvez utile.<\/p>\n","protected":false},"excerpt":{"rendered":"<p>Cette application bloque les applications sociales et plus jusqu&rsquo;\u00e0 ce que vous scaniez une puce ou un code. Saviez-vous que vous pouvez personnaliser Google pour<\/p>\n","protected":false},"author":1,"featured_media":9769,"comment_status":"","ping_status":"","sticky":false,"template":"","format":"standard","meta":{"footnotes":""},"categories":[13],"tags":[1277,206,120,1889,652,22,8,4],"class_list":["post-9768","post","type-post","status-publish","format-standard","has-post-thumbnail","hentry","category-technologie","tag-application","tag-cette","tag-dutiliser","tag-empecher","tag-iphone","tag-peut","tag-votre","tag-vous","generate-columns","tablet-grid-50","mobile-grid-100","grid-parent","grid-33"],"yoast_head":"<!-- This site is optimized with the Yoast SEO plugin v24.0 - https:\/\/yoast.com\/wordpress\/plugins\/seo\/ -->\n<title>Cette application peut vous emp\u00eacher d&#039;utiliser votre iPhone | Vie Associative<\/title>\n<meta name=\"robots\" content=\"index, follow, max-snippet:-1, max-image-preview:large, max-video-preview:-1\" \/>\n<link rel=\"canonical\" href=\"https:\/\/vieassociative.be\/actualites\/cette-application-peut-vous-empecher-dutiliser-votre-iphone\/\" \/>\n<meta property=\"og:locale\" content=\"fr_FR\" \/>\n<meta property=\"og:type\" content=\"article\" \/>\n<meta property=\"og:title\" content=\"Cette application peut vous emp\u00eacher d&#039;utiliser votre iPhone | Vie Associative\" \/>\n<meta property=\"og:description\" content=\"Cette application bloque les applications sociales et plus jusqu&rsquo;\u00e0 ce que vous scaniez une puce ou un code. Saviez-vous que vous pouvez personnaliser Google pour\" \/>\n<meta property=\"og:url\" content=\"https:\/\/vieassociative.be\/actualites\/cette-application-peut-vous-empecher-dutiliser-votre-iphone\/\" \/>\n<meta property=\"og:site_name\" content=\"Vie Associative\" \/>\n<meta property=\"article:published_time\" content=\"2025-09-02T13:16:57+00:00\" \/>\n<meta property=\"og:image\" content=\"https:\/\/vieassociative.be\/actualites\/wp-content\/uploads\/2025\/08\/1754414314_422_Les-brins-du-NYT-daujourdhui-indiquent-et-repondent-pour-le.jpg\" \/>\n<meta name=\"author\" content=\"Julien\" \/>\n<meta name=\"twitter:card\" content=\"summary_large_image\" \/>\n<meta name=\"twitter:label1\" content=\"\u00c9crit par\" \/>\n\t<meta name=\"twitter:data1\" content=\"Julien\" \/>\n\t<meta name=\"twitter:label2\" content=\"Dur\u00e9e de lecture est.\" \/>\n\t<meta name=\"twitter:data2\" content=\"3 minutes\" \/>\n<script type=\"application\/ld+json\" class=\"yoast-schema-graph\">{\"@context\":\"https:\/\/schema.org\",\"@graph\":[{\"@type\":\"Article\",\"@id\":\"https:\/\/vieassociative.be\/actualites\/cette-application-peut-vous-empecher-dutiliser-votre-iphone\/#article\",\"isPartOf\":{\"@id\":\"https:\/\/vieassociative.be\/actualites\/cette-application-peut-vous-empecher-dutiliser-votre-iphone\/\"},\"author\":{\"name\":\"Julien\",\"@id\":\"https:\/\/vieassociative.be\/actualites\/#\/schema\/person\/b87ac4f82f9d4e7b7cec7395b679edc4\"},\"headline\":\"Cette application peut vous emp\u00eacher d&rsquo;utiliser votre iPhone\",\"datePublished\":\"2025-09-02T13:16:57+00:00\",\"dateModified\":\"2025-09-02T13:16:57+00:00\",\"mainEntityOfPage\":{\"@id\":\"https:\/\/vieassociative.be\/actualites\/cette-application-peut-vous-empecher-dutiliser-votre-iphone\/\"},\"wordCount\":607,\"publisher\":{\"@id\":\"https:\/\/vieassociative.be\/actualites\/#organization\"},\"image\":{\"@id\":\"https:\/\/vieassociative.be\/actualites\/cette-application-peut-vous-empecher-dutiliser-votre-iphone\/#primaryimage\"},\"thumbnailUrl\":\"https:\/\/vieassociative.be\/actualites\/wp-content\/uploads\/2025\/09\/1756819017_Cette-application-peut-vous-empecher-dutiliser-votre-iPhone.png\",\"keywords\":[\"application\",\"cette\",\"dutiliser\",\"emp\u00eacher\",\"iPhone\",\"peut\",\"votre\",\"Vous\"],\"articleSection\":[\"Technologie\"],\"inLanguage\":\"fr-BE\"},{\"@type\":\"WebPage\",\"@id\":\"https:\/\/vieassociative.be\/actualites\/cette-application-peut-vous-empecher-dutiliser-votre-iphone\/\",\"url\":\"https:\/\/vieassociative.be\/actualites\/cette-application-peut-vous-empecher-dutiliser-votre-iphone\/\",\"name\":\"Cette application peut vous emp\u00eacher d'utiliser votre iPhone | Vie Associative\",\"isPartOf\":{\"@id\":\"https:\/\/vieassociative.be\/actualites\/#website\"},\"primaryImageOfPage\":{\"@id\":\"https:\/\/vieassociative.be\/actualites\/cette-application-peut-vous-empecher-dutiliser-votre-iphone\/#primaryimage\"},\"image\":{\"@id\":\"https:\/\/vieassociative.be\/actualites\/cette-application-peut-vous-empecher-dutiliser-votre-iphone\/#primaryimage\"},\"thumbnailUrl\":\"https:\/\/vieassociative.be\/actualites\/wp-content\/uploads\/2025\/09\/1756819017_Cette-application-peut-vous-empecher-dutiliser-votre-iPhone.png\",\"datePublished\":\"2025-09-02T13:16:57+00:00\",\"dateModified\":\"2025-09-02T13:16:57+00:00\",\"breadcrumb\":{\"@id\":\"https:\/\/vieassociative.be\/actualites\/cette-application-peut-vous-empecher-dutiliser-votre-iphone\/#breadcrumb\"},\"inLanguage\":\"fr-BE\",\"potentialAction\":[{\"@type\":\"ReadAction\",\"target\":[\"https:\/\/vieassociative.be\/actualites\/cette-application-peut-vous-empecher-dutiliser-votre-iphone\/\"]}]},{\"@type\":\"ImageObject\",\"inLanguage\":\"fr-BE\",\"@id\":\"https:\/\/vieassociative.be\/actualites\/cette-application-peut-vous-empecher-dutiliser-votre-iphone\/#primaryimage\",\"url\":\"https:\/\/vieassociative.be\/actualites\/wp-content\/uploads\/2025\/09\/1756819017_Cette-application-peut-vous-empecher-dutiliser-votre-iPhone.png\",\"contentUrl\":\"https:\/\/vieassociative.be\/actualites\/wp-content\/uploads\/2025\/09\/1756819017_Cette-application-peut-vous-empecher-dutiliser-votre-iPhone.png\",\"width\":1200,\"height\":675,\"caption\":\"Cette application peut vous emp\u00eacher d'utiliser votre iPhone\"},{\"@type\":\"BreadcrumbList\",\"@id\":\"https:\/\/vieassociative.be\/actualites\/cette-application-peut-vous-empecher-dutiliser-votre-iphone\/#breadcrumb\",\"itemListElement\":[{\"@type\":\"ListItem\",\"position\":1,\"name\":\"Accueil\",\"item\":\"https:\/\/vieassociative.be\/actualites\/\"},{\"@type\":\"ListItem\",\"position\":2,\"name\":\"Cette application peut vous emp\u00eacher d&rsquo;utiliser votre iPhone\"}]},{\"@type\":\"WebSite\",\"@id\":\"https:\/\/vieassociative.be\/actualites\/#website\",\"url\":\"https:\/\/vieassociative.be\/actualites\/\",\"name\":\"Vie Associative\",\"description\":\"\",\"publisher\":{\"@id\":\"https:\/\/vieassociative.be\/actualites\/#organization\"},\"potentialAction\":[{\"@type\":\"SearchAction\",\"target\":{\"@type\":\"EntryPoint\",\"urlTemplate\":\"https:\/\/vieassociative.be\/actualites\/?s={search_term_string}\"},\"query-input\":{\"@type\":\"PropertyValueSpecification\",\"valueRequired\":true,\"valueName\":\"search_term_string\"}}],\"inLanguage\":\"fr-BE\"},{\"@type\":\"Organization\",\"@id\":\"https:\/\/vieassociative.be\/actualites\/#organization\",\"name\":\"Vie Associative\",\"url\":\"https:\/\/vieassociative.be\/actualites\/\",\"logo\":{\"@type\":\"ImageObject\",\"inLanguage\":\"fr-BE\",\"@id\":\"https:\/\/vieassociative.be\/actualites\/#\/schema\/logo\/image\/\",\"url\":\"https:\/\/vieassociative.be\/actualites\/wp-content\/uploads\/2024\/09\/cropped-vieassociative_favicon.ico.png\",\"contentUrl\":\"https:\/\/vieassociative.be\/actualites\/wp-content\/uploads\/2024\/09\/cropped-vieassociative_favicon.ico.png\",\"width\":512,\"height\":512,\"caption\":\"Vie Associative\"},\"image\":{\"@id\":\"https:\/\/vieassociative.be\/actualites\/#\/schema\/logo\/image\/\"}},{\"@type\":\"Person\",\"@id\":\"https:\/\/vieassociative.be\/actualites\/#\/schema\/person\/b87ac4f82f9d4e7b7cec7395b679edc4\",\"name\":\"Julien\",\"image\":{\"@type\":\"ImageObject\",\"inLanguage\":\"fr-BE\",\"@id\":\"https:\/\/vieassociative.be\/actualites\/#\/schema\/person\/image\/\",\"url\":\"https:\/\/vieassociative.be\/actualites\/wp-content\/uploads\/2024\/09\/vie-associative-1-150x150.jpg\",\"contentUrl\":\"https:\/\/vieassociative.be\/actualites\/wp-content\/uploads\/2024\/09\/vie-associative-1-150x150.jpg\",\"caption\":\"Julien\"},\"description\":\"Je suis Julien, r\u00e9dacteur pour Vie Associative. Passionn\u00e9 par le monde associatif depuis plus de 10 ans, j'ai \u00e0 c\u0153ur de partager des histoires inspirantes et de mettre en lumi\u00e8re les initiatives locales. Mon objectif est de sensibiliser et d'encourager l'engagement communautaire \u00e0 travers mes articles.\",\"sameAs\":[\"https:\/\/vieassociative.be\/\"]}]}<\/script>\n<!-- \/ Yoast SEO plugin. -->","yoast_head_json":{"title":"Cette application peut vous emp\u00eacher d'utiliser votre iPhone | Vie Associative","robots":{"index":"index","follow":"follow","max-snippet":"max-snippet:-1","max-image-preview":"max-image-preview:large","max-video-preview":"max-video-preview:-1"},"canonical":"https:\/\/vieassociative.be\/actualites\/cette-application-peut-vous-empecher-dutiliser-votre-iphone\/","og_locale":"fr_FR","og_type":"article","og_title":"Cette application peut vous emp\u00eacher d'utiliser votre iPhone | Vie Associative","og_description":"Cette application bloque les applications sociales et plus jusqu&rsquo;\u00e0 ce que vous scaniez une puce ou un code. Saviez-vous que vous pouvez personnaliser Google pour","og_url":"https:\/\/vieassociative.be\/actualites\/cette-application-peut-vous-empecher-dutiliser-votre-iphone\/","og_site_name":"Vie Associative","article_published_time":"2025-09-02T13:16:57+00:00","og_image":[{"url":"https:\/\/vieassociative.be\/actualites\/wp-content\/uploads\/2025\/08\/1754414314_422_Les-brins-du-NYT-daujourdhui-indiquent-et-repondent-pour-le.jpg","type":"","width":"","height":""}],"author":"Julien","twitter_card":"summary_large_image","twitter_misc":{"\u00c9crit par":"Julien","Dur\u00e9e de lecture est.":"3 minutes"},"schema":{"@context":"https:\/\/schema.org","@graph":[{"@type":"Article","@id":"https:\/\/vieassociative.be\/actualites\/cette-application-peut-vous-empecher-dutiliser-votre-iphone\/#article","isPartOf":{"@id":"https:\/\/vieassociative.be\/actualites\/cette-application-peut-vous-empecher-dutiliser-votre-iphone\/"},"author":{"name":"Julien","@id":"https:\/\/vieassociative.be\/actualites\/#\/schema\/person\/b87ac4f82f9d4e7b7cec7395b679edc4"},"headline":"Cette application peut vous emp\u00eacher d&rsquo;utiliser votre iPhone","datePublished":"2025-09-02T13:16:57+00:00","dateModified":"2025-09-02T13:16:57+00:00","mainEntityOfPage":{"@id":"https:\/\/vieassociative.be\/actualites\/cette-application-peut-vous-empecher-dutiliser-votre-iphone\/"},"wordCount":607,"publisher":{"@id":"https:\/\/vieassociative.be\/actualites\/#organization"},"image":{"@id":"https:\/\/vieassociative.be\/actualites\/cette-application-peut-vous-empecher-dutiliser-votre-iphone\/#primaryimage"},"thumbnailUrl":"https:\/\/vieassociative.be\/actualites\/wp-content\/uploads\/2025\/09\/1756819017_Cette-application-peut-vous-empecher-dutiliser-votre-iPhone.png","keywords":["application","cette","dutiliser","emp\u00eacher","iPhone","peut","votre","Vous"],"articleSection":["Technologie"],"inLanguage":"fr-BE"},{"@type":"WebPage","@id":"https:\/\/vieassociative.be\/actualites\/cette-application-peut-vous-empecher-dutiliser-votre-iphone\/","url":"https:\/\/vieassociative.be\/actualites\/cette-application-peut-vous-empecher-dutiliser-votre-iphone\/","name":"Cette application peut vous emp\u00eacher d'utiliser votre iPhone | Vie Associative","isPartOf":{"@id":"https:\/\/vieassociative.be\/actualites\/#website"},"primaryImageOfPage":{"@id":"https:\/\/vieassociative.be\/actualites\/cette-application-peut-vous-empecher-dutiliser-votre-iphone\/#primaryimage"},"image":{"@id":"https:\/\/vieassociative.be\/actualites\/cette-application-peut-vous-empecher-dutiliser-votre-iphone\/#primaryimage"},"thumbnailUrl":"https:\/\/vieassociative.be\/actualites\/wp-content\/uploads\/2025\/09\/1756819017_Cette-application-peut-vous-empecher-dutiliser-votre-iPhone.png","datePublished":"2025-09-02T13:16:57+00:00","dateModified":"2025-09-02T13:16:57+00:00","breadcrumb":{"@id":"https:\/\/vieassociative.be\/actualites\/cette-application-peut-vous-empecher-dutiliser-votre-iphone\/#breadcrumb"},"inLanguage":"fr-BE","potentialAction":[{"@type":"ReadAction","target":["https:\/\/vieassociative.be\/actualites\/cette-application-peut-vous-empecher-dutiliser-votre-iphone\/"]}]},{"@type":"ImageObject","inLanguage":"fr-BE","@id":"https:\/\/vieassociative.be\/actualites\/cette-application-peut-vous-empecher-dutiliser-votre-iphone\/#primaryimage","url":"https:\/\/vieassociative.be\/actualites\/wp-content\/uploads\/2025\/09\/1756819017_Cette-application-peut-vous-empecher-dutiliser-votre-iPhone.png","contentUrl":"https:\/\/vieassociative.be\/actualites\/wp-content\/uploads\/2025\/09\/1756819017_Cette-application-peut-vous-empecher-dutiliser-votre-iPhone.png","width":1200,"height":675,"caption":"Cette application peut vous emp\u00eacher d'utiliser votre iPhone"},{"@type":"BreadcrumbList","@id":"https:\/\/vieassociative.be\/actualites\/cette-application-peut-vous-empecher-dutiliser-votre-iphone\/#breadcrumb","itemListElement":[{"@type":"ListItem","position":1,"name":"Accueil","item":"https:\/\/vieassociative.be\/actualites\/"},{"@type":"ListItem","position":2,"name":"Cette application peut vous emp\u00eacher d&rsquo;utiliser votre iPhone"}]},{"@type":"WebSite","@id":"https:\/\/vieassociative.be\/actualites\/#website","url":"https:\/\/vieassociative.be\/actualites\/","name":"Vie Associative","description":"","publisher":{"@id":"https:\/\/vieassociative.be\/actualites\/#organization"},"potentialAction":[{"@type":"SearchAction","target":{"@type":"EntryPoint","urlTemplate":"https:\/\/vieassociative.be\/actualites\/?s={search_term_string}"},"query-input":{"@type":"PropertyValueSpecification","valueRequired":true,"valueName":"search_term_string"}}],"inLanguage":"fr-BE"},{"@type":"Organization","@id":"https:\/\/vieassociative.be\/actualites\/#organization","name":"Vie Associative","url":"https:\/\/vieassociative.be\/actualites\/","logo":{"@type":"ImageObject","inLanguage":"fr-BE","@id":"https:\/\/vieassociative.be\/actualites\/#\/schema\/logo\/image\/","url":"https:\/\/vieassociative.be\/actualites\/wp-content\/uploads\/2024\/09\/cropped-vieassociative_favicon.ico.png","contentUrl":"https:\/\/vieassociative.be\/actualites\/wp-content\/uploads\/2024\/09\/cropped-vieassociative_favicon.ico.png","width":512,"height":512,"caption":"Vie Associative"},"image":{"@id":"https:\/\/vieassociative.be\/actualites\/#\/schema\/logo\/image\/"}},{"@type":"Person","@id":"https:\/\/vieassociative.be\/actualites\/#\/schema\/person\/b87ac4f82f9d4e7b7cec7395b679edc4","name":"Julien","image":{"@type":"ImageObject","inLanguage":"fr-BE","@id":"https:\/\/vieassociative.be\/actualites\/#\/schema\/person\/image\/","url":"https:\/\/vieassociative.be\/actualites\/wp-content\/uploads\/2024\/09\/vie-associative-1-150x150.jpg","contentUrl":"https:\/\/vieassociative.be\/actualites\/wp-content\/uploads\/2024\/09\/vie-associative-1-150x150.jpg","caption":"Julien"},"description":"Je suis Julien, r\u00e9dacteur pour Vie Associative. Passionn\u00e9 par le monde associatif depuis plus de 10 ans, j'ai \u00e0 c\u0153ur de partager des histoires inspirantes et de mettre en lumi\u00e8re les initiatives locales. Mon objectif est de sensibiliser et d'encourager l'engagement communautaire \u00e0 travers mes articles.","sameAs":["https:\/\/vieassociative.be\/"]}]}},"_links":{"self":[{"href":"https:\/\/vieassociative.be\/actualites\/wp-json\/wp\/v2\/posts\/9768"}],"collection":[{"href":"https:\/\/vieassociative.be\/actualites\/wp-json\/wp\/v2\/posts"}],"about":[{"href":"https:\/\/vieassociative.be\/actualites\/wp-json\/wp\/v2\/types\/post"}],"author":[{"embeddable":true,"href":"https:\/\/vieassociative.be\/actualites\/wp-json\/wp\/v2\/users\/1"}],"replies":[{"embeddable":true,"href":"https:\/\/vieassociative.be\/actualites\/wp-json\/wp\/v2\/comments?post=9768"}],"version-history":[{"count":0,"href":"https:\/\/vieassociative.be\/actualites\/wp-json\/wp\/v2\/posts\/9768\/revisions"}],"wp:featuredmedia":[{"embeddable":true,"href":"https:\/\/vieassociative.be\/actualites\/wp-json\/wp\/v2\/media\/9769"}],"wp:attachment":[{"href":"https:\/\/vieassociative.be\/actualites\/wp-json\/wp\/v2\/media?parent=9768"}],"wp:term":[{"taxonomy":"category","embeddable":true,"href":"https:\/\/vieassociative.be\/actualites\/wp-json\/wp\/v2\/categories?post=9768"},{"taxonomy":"post_tag","embeddable":true,"href":"https:\/\/vieassociative.be\/actualites\/wp-json\/wp\/v2\/tags?post=9768"}],"curies":[{"name":"wp","href":"https:\/\/api.w.org\/{rel}","templated":true}]}}