{"id":9766,"date":"2025-09-02T09:26:07","date_gmt":"2025-09-02T07:26:07","guid":{"rendered":"https:\/\/vieassociative.be\/actualites\/les-airpods-4-sans-anc-sont-de-90-pour-la-fete-du-travail\/"},"modified":"2025-09-02T09:26:07","modified_gmt":"2025-09-02T07:26:07","slug":"les-airpods-4-sans-anc-sont-de-90-pour-la-fete-du-travail","status":"publish","type":"post","link":"https:\/\/vieassociative.be\/actualites\/les-airpods-4-sans-anc-sont-de-90-pour-la-fete-du-travail\/","title":{"rendered":"Les AirPods 4 (sans ANC) sont de 90 $ pour la f\u00eate du Travail"},"content":{"rendered":"<div class=\"mt-4 leading-6 md:mb-8\">Ces AirPods sont abordables et offrent toujours un son propre.<\/div>\n<p><\/p>\n<p><em>Les ventes de la f\u00eate du Travail arrivent et Vie Associative partage les meilleures ventes<\/em><em>  Bas\u00e9 sur les revues de produits, les comparaisons et les outils de suivi des prix avant la fin. Vous pouvez \u00e9galement vous abonner \u00e0 notre newsletter de shopping<\/em><em>Ajouter au panier, pour les meilleures ventes envoy\u00e9es dans votre bo\u00eete de r\u00e9ception.<\/em><\/p>\n<hr>\n<p>Le week-end de la f\u00eate du Travail est g\u00e9n\u00e9ralement bon pour les offres de casque, et les nouveaux bourgeons d&rsquo;entr\u00e9e de gamme d&rsquo;Apple viennent d&rsquo;\u00eatre tir\u00e9s dans le m\u00e9lange. Les AirPods 4 (sans annulation de bruit) sont tomb\u00e9s \u00e0 89,99 $ sur Amazon, une baisse rare de leurs 129 $ habituels. Ce n&rsquo;est \u00e9galement qu&rsquo;\u00e0 99 cents au-dessus de leur calendrier de tous les temps, selon les d\u00e9put\u00e9s de prix.<\/p>\n<div class=\"pogoClear mb-12 mt-10 rounded-md border-2 border-gray-100 py-7 shadow-xl md:py-6\">\n<div class=\"flex flex-wrap justify-between px-7 text-black no-underline md:flex-nowrap md:px-8\">\n<div class=\"order-1 mx-auto flex flex-col justify-center md:order-2 md:ml-4 md:w-full md:grow\">\n<div class=\"block cursor-pointer text-center font-akshar text-2xl font-medium leading-7 text-brand-green duration-200 ease-in-out hover:text-brand-green-700 md:text-left md:text-xl md:leading-6\">Apple AirPods 4 \u00c9couteurs sans fil\n                <\/div>\n<div class=\"mt-4 hidden md:flex md:justify-between\">\n<div class=\"self-end\">\n<div class=\"mb-0 h-11 md:flex md:flex-col md:justify-center\">\n<div class=\" font-sans leading-4 text-black\">\n<div class=\"flex flex-wrap items-center justify-center gap-1 md:justify-start\">\n        <span class=\"font-bold\"><\/p>\n<p>            89,99 $<br \/>\n                            <span class=\"font-medium\">\u00e0 Amazon<\/span><br \/>\n                    <\/span>\n            <\/div>\n<div class=\"flex items-center justify-center gap-x-1 font-bold md:justify-start\">\n            <span class=\"text-sm line-through\">129,00 $<\/span><br \/>\n            <span class=\"text-sm text-brand-green\">\u00c9conomisez 39,01 $<\/span>\n        <\/div>\n<\/p><\/div>\n<\/p><\/div>\n<\/p><\/div>\n<div class=\"w-44 self-end\">\n                            <button class=\"flex justify-center items-center w-full bg-brand-green text-white text-base font-sans font-medium rounded-md hover:bg-brand-green-700 hover:cursor-pointer md:text-sm h-11\"><\/p>\n<p>    Conclure un accord<br \/>\n<\/button>\n                        <\/div>\n<\/p><\/div>\n<\/p><\/div>\n<div class=\"order-2 mt-5 h-auto w-full md:order-1 md:mt-0 md:hidden\">\n<div class=\"flex aspect-video items-center justify-center\">\n                                            <img decoding=\"async\" class=\"m-0 max-h-full max-w-full rounded-md\" src=\"https:\/\/vieassociative.be\/actualites\/wp-content\/uploads\/2025\/07\/1752347867_18_Prime-Day-Is-Over-but-These-17-Deals-Are-Still.jpg\" alt=\"Apple AirPods 4 \u00c9couteurs sans fil\" width=\"auto\" height=\"auto\" loading=\"lazy\">\n                                    <\/div>\n<\/p><\/div>\n<div class=\"order-2 ml-2 hidden w-32 shrink-0 items-center md:order-1 md:ml-0 md:flex\">\n<div class=\"flex aspect-video items-center justify-center\">\n                                            <img decoding=\"async\" class=\"m-0 max-h-full max-w-full rounded-md\" src=\"https:\/\/vieassociative.be\/actualites\/wp-content\/uploads\/2025\/07\/1752347867_18_Prime-Day-Is-Over-but-These-17-Deals-Are-Still.jpg\" alt=\"Apple AirPods 4 \u00c9couteurs sans fil\" width=\"auto\" height=\"auto\" loading=\"lazy\">\n                                    <\/div>\n<\/p><\/div>\n<div class=\"order-3 flex grow flex-wrap md:hidden md:grow-0\">\n<div class=\"mt-4 w-full\">\n                        <button class=\"flex justify-center items-center w-full bg-brand-green text-white text-base font-sans font-medium rounded-md hover:bg-brand-green-700 hover:cursor-pointer md:text-sm h-11\"><\/p>\n<p>    Conclure un accord<br \/>\n<\/button>\n                    <\/div>\n<div class=\"mx-2 mt-4 w-full\">\n<div class=\" font-sans leading-4 text-black\">\n<div class=\"flex flex-wrap items-center justify-center gap-1 md:justify-start\">\n        <span class=\"font-bold\"><\/p>\n<p>            89,99 $<br \/>\n                            <span class=\"font-medium\">\u00e0 Amazon<\/span><br \/>\n                    <\/span>\n            <\/div>\n<div class=\"flex items-center justify-center gap-x-1 font-bold md:justify-start\">\n            <span class=\"text-sm line-through\">129,00 $<\/span><br \/>\n            <span class=\"text-sm text-brand-green\">\u00c9conomisez 39,01 $<\/span>\n        <\/div>\n<\/p><\/div>\n<\/p><\/div>\n<\/p><\/div>\n<\/p><\/div>\n<\/div>\n<p>La conception n&rsquo;a pas beaucoup chang\u00e9 par rapport aux AirPods pr\u00e9c\u00e9dents, mais Apple a peaufin\u00e9 l&rsquo;ajustement afin qu&rsquo;ils soient assis plus en toute s\u00e9curit\u00e9, et le son est meilleur que ce \u00e0 quoi vous vous attendez des bourgeons qui ne scellent pas votre canal d&rsquo;oreille, note cette revue PCMAG. En parlant de la conception ouverte de ces \u00e9couteurs, vous pouvez toujours entendre ce qui se passe autour de vous, ce qui est pratique si vous marchez dans la ville mais pas si g\u00e9nial si vous voulez une immersion totale. Cela dit, le son lui-m\u00eame est \u00e9tonnamment plein pour ce style &#8211; les conducteurs de 11 mm de rapporter font ressortir une ligne de basse solide sans d\u00e9former, ce que les AirPods plus \u00e2g\u00e9s ne pouvaient pas vraiment retirer. Les compromis sont clairs, cependant: il n&rsquo;y a pas d&rsquo;annulation de bruit, pas de charge sans fil, et vous n&rsquo;obtenez pas un \u00e9galiseur pour affiner l&rsquo;audio. Ces omissions importaient pour certains, moins pour d&rsquo;autres.<\/p>\n<p>L&rsquo;utilisation quotidienne est l&rsquo;endroit o\u00f9 ces brillants brillent. Les tiges doublent comme bandes de contr\u00f4le avec de petits clics haptiques lorsque vous les appuyez, vous savez donc toujours si vous avez saut\u00e9 une piste ou r\u00e9pondu \u00e0 un appel. La dur\u00e9e de vie de la batterie dure environ cinq heures par charge, avec 25 heures suppl\u00e9mentaires dans le cas, ce qui n&rsquo;est rien r\u00e9volutionnaire mais assez fiable. Les bourgeons et le bo\u00eetier sont r\u00e9sistants aux \u00e9claboussures et \u00e0 la poussi\u00e8re avec une note IP54, et ils se glissent directement dans iOS 18 sans aucune maux de t\u00eate de configuration. Pour les utilisateurs d&rsquo;iPhone qui veulent juste un son propre et un ajustement facile sans se d\u00e9barrasser du mod\u00e8le ANC plus cher, cela vaut la peine d&rsquo;\u00eatre consid\u00e9r\u00e9. Mais si vous voulez des extras comme l&rsquo;annulation du bruit ou la charge sans fil, vous voudrez continuer \u00e0 monter dans la gamme.<\/p>\n<hr>\n","protected":false},"excerpt":{"rendered":"<p>Ces AirPods sont abordables et offrent toujours un son propre. Les ventes de la f\u00eate du Travail arrivent et Vie Associative partage les meilleures ventes<\/p>\n","protected":false},"author":1,"featured_media":9767,"comment_status":"","ping_status":"","sticky":false,"template":"","format":"standard","meta":{"footnotes":""},"categories":[13],"tags":[15,8375,1485,14,81,130,18,504],"class_list":["post-9766","post","type-post","status-publish","format-standard","has-post-thumbnail","hentry","category-technologie","tag-airpods","tag-anc","tag-fete","tag-les","tag-pour","tag-sans","tag-sont","tag-travail","generate-columns","tablet-grid-50","mobile-grid-100","grid-parent","grid-33"],"yoast_head":"<!-- This site is optimized with the Yoast SEO plugin v24.0 - https:\/\/yoast.com\/wordpress\/plugins\/seo\/ -->\n<title>Les AirPods 4 (sans ANC) sont de 90 $ pour la f\u00eate du Travail | Vie Associative<\/title>\n<meta name=\"robots\" content=\"index, follow, max-snippet:-1, max-image-preview:large, max-video-preview:-1\" \/>\n<link rel=\"canonical\" href=\"https:\/\/vieassociative.be\/actualites\/les-airpods-4-sans-anc-sont-de-90-pour-la-fete-du-travail\/\" \/>\n<meta property=\"og:locale\" content=\"fr_FR\" \/>\n<meta property=\"og:type\" content=\"article\" \/>\n<meta property=\"og:title\" content=\"Les AirPods 4 (sans ANC) sont de 90 $ pour la f\u00eate du Travail | Vie Associative\" \/>\n<meta property=\"og:description\" content=\"Ces AirPods sont abordables et offrent toujours un son propre. Les ventes de la f\u00eate du Travail arrivent et Vie Associative partage les meilleures ventes\" \/>\n<meta property=\"og:url\" content=\"https:\/\/vieassociative.be\/actualites\/les-airpods-4-sans-anc-sont-de-90-pour-la-fete-du-travail\/\" \/>\n<meta property=\"og:site_name\" content=\"Vie Associative\" \/>\n<meta property=\"article:published_time\" content=\"2025-09-02T07:26:07+00:00\" \/>\n<meta property=\"og:image\" content=\"https:\/\/vieassociative.be\/actualites\/wp-content\/uploads\/2025\/07\/1752347867_18_Prime-Day-Is-Over-but-These-17-Deals-Are-Still.jpg\" \/>\n<meta name=\"author\" content=\"Julien\" \/>\n<meta name=\"twitter:card\" content=\"summary_large_image\" \/>\n<meta name=\"twitter:label1\" content=\"\u00c9crit par\" \/>\n\t<meta name=\"twitter:data1\" content=\"Julien\" \/>\n\t<meta name=\"twitter:label2\" content=\"Dur\u00e9e de lecture est.\" \/>\n\t<meta name=\"twitter:data2\" content=\"2 minutes\" \/>\n<script type=\"application\/ld+json\" class=\"yoast-schema-graph\">{\"@context\":\"https:\/\/schema.org\",\"@graph\":[{\"@type\":\"Article\",\"@id\":\"https:\/\/vieassociative.be\/actualites\/les-airpods-4-sans-anc-sont-de-90-pour-la-fete-du-travail\/#article\",\"isPartOf\":{\"@id\":\"https:\/\/vieassociative.be\/actualites\/les-airpods-4-sans-anc-sont-de-90-pour-la-fete-du-travail\/\"},\"author\":{\"name\":\"Julien\",\"@id\":\"https:\/\/vieassociative.be\/actualites\/#\/schema\/person\/b87ac4f82f9d4e7b7cec7395b679edc4\"},\"headline\":\"Les AirPods 4 (sans ANC) sont de 90 $ pour la f\u00eate du Travail\",\"datePublished\":\"2025-09-02T07:26:07+00:00\",\"dateModified\":\"2025-09-02T07:26:07+00:00\",\"mainEntityOfPage\":{\"@id\":\"https:\/\/vieassociative.be\/actualites\/les-airpods-4-sans-anc-sont-de-90-pour-la-fete-du-travail\/\"},\"wordCount\":511,\"publisher\":{\"@id\":\"https:\/\/vieassociative.be\/actualites\/#organization\"},\"image\":{\"@id\":\"https:\/\/vieassociative.be\/actualites\/les-airpods-4-sans-anc-sont-de-90-pour-la-fete-du-travail\/#primaryimage\"},\"thumbnailUrl\":\"https:\/\/vieassociative.be\/actualites\/wp-content\/uploads\/2025\/09\/Les-AirPods-4-sans-ANC-sont-de-90-pour.png\",\"keywords\":[\"AirPods\",\"ANC\",\"f\u00eate\",\"Les\",\"pour\",\"sans\",\"sont\",\"travail\"],\"articleSection\":[\"Technologie\"],\"inLanguage\":\"fr-BE\"},{\"@type\":\"WebPage\",\"@id\":\"https:\/\/vieassociative.be\/actualites\/les-airpods-4-sans-anc-sont-de-90-pour-la-fete-du-travail\/\",\"url\":\"https:\/\/vieassociative.be\/actualites\/les-airpods-4-sans-anc-sont-de-90-pour-la-fete-du-travail\/\",\"name\":\"Les AirPods 4 (sans ANC) sont de 90 $ pour la f\u00eate du Travail | Vie Associative\",\"isPartOf\":{\"@id\":\"https:\/\/vieassociative.be\/actualites\/#website\"},\"primaryImageOfPage\":{\"@id\":\"https:\/\/vieassociative.be\/actualites\/les-airpods-4-sans-anc-sont-de-90-pour-la-fete-du-travail\/#primaryimage\"},\"image\":{\"@id\":\"https:\/\/vieassociative.be\/actualites\/les-airpods-4-sans-anc-sont-de-90-pour-la-fete-du-travail\/#primaryimage\"},\"thumbnailUrl\":\"https:\/\/vieassociative.be\/actualites\/wp-content\/uploads\/2025\/09\/Les-AirPods-4-sans-ANC-sont-de-90-pour.png\",\"datePublished\":\"2025-09-02T07:26:07+00:00\",\"dateModified\":\"2025-09-02T07:26:07+00:00\",\"breadcrumb\":{\"@id\":\"https:\/\/vieassociative.be\/actualites\/les-airpods-4-sans-anc-sont-de-90-pour-la-fete-du-travail\/#breadcrumb\"},\"inLanguage\":\"fr-BE\",\"potentialAction\":[{\"@type\":\"ReadAction\",\"target\":[\"https:\/\/vieassociative.be\/actualites\/les-airpods-4-sans-anc-sont-de-90-pour-la-fete-du-travail\/\"]}]},{\"@type\":\"ImageObject\",\"inLanguage\":\"fr-BE\",\"@id\":\"https:\/\/vieassociative.be\/actualites\/les-airpods-4-sans-anc-sont-de-90-pour-la-fete-du-travail\/#primaryimage\",\"url\":\"https:\/\/vieassociative.be\/actualites\/wp-content\/uploads\/2025\/09\/Les-AirPods-4-sans-ANC-sont-de-90-pour.png\",\"contentUrl\":\"https:\/\/vieassociative.be\/actualites\/wp-content\/uploads\/2025\/09\/Les-AirPods-4-sans-ANC-sont-de-90-pour.png\",\"width\":1200,\"height\":675,\"caption\":\"Les AirPods 4 (sans ANC) sont de 90 $ pour la f\u00eate du Travail\"},{\"@type\":\"BreadcrumbList\",\"@id\":\"https:\/\/vieassociative.be\/actualites\/les-airpods-4-sans-anc-sont-de-90-pour-la-fete-du-travail\/#breadcrumb\",\"itemListElement\":[{\"@type\":\"ListItem\",\"position\":1,\"name\":\"Accueil\",\"item\":\"https:\/\/vieassociative.be\/actualites\/\"},{\"@type\":\"ListItem\",\"position\":2,\"name\":\"Les AirPods 4 (sans ANC) sont de 90 $ pour la f\u00eate du Travail\"}]},{\"@type\":\"WebSite\",\"@id\":\"https:\/\/vieassociative.be\/actualites\/#website\",\"url\":\"https:\/\/vieassociative.be\/actualites\/\",\"name\":\"Vie Associative\",\"description\":\"\",\"publisher\":{\"@id\":\"https:\/\/vieassociative.be\/actualites\/#organization\"},\"potentialAction\":[{\"@type\":\"SearchAction\",\"target\":{\"@type\":\"EntryPoint\",\"urlTemplate\":\"https:\/\/vieassociative.be\/actualites\/?s={search_term_string}\"},\"query-input\":{\"@type\":\"PropertyValueSpecification\",\"valueRequired\":true,\"valueName\":\"search_term_string\"}}],\"inLanguage\":\"fr-BE\"},{\"@type\":\"Organization\",\"@id\":\"https:\/\/vieassociative.be\/actualites\/#organization\",\"name\":\"Vie Associative\",\"url\":\"https:\/\/vieassociative.be\/actualites\/\",\"logo\":{\"@type\":\"ImageObject\",\"inLanguage\":\"fr-BE\",\"@id\":\"https:\/\/vieassociative.be\/actualites\/#\/schema\/logo\/image\/\",\"url\":\"https:\/\/vieassociative.be\/actualites\/wp-content\/uploads\/2024\/09\/cropped-vieassociative_favicon.ico.png\",\"contentUrl\":\"https:\/\/vieassociative.be\/actualites\/wp-content\/uploads\/2024\/09\/cropped-vieassociative_favicon.ico.png\",\"width\":512,\"height\":512,\"caption\":\"Vie Associative\"},\"image\":{\"@id\":\"https:\/\/vieassociative.be\/actualites\/#\/schema\/logo\/image\/\"}},{\"@type\":\"Person\",\"@id\":\"https:\/\/vieassociative.be\/actualites\/#\/schema\/person\/b87ac4f82f9d4e7b7cec7395b679edc4\",\"name\":\"Julien\",\"image\":{\"@type\":\"ImageObject\",\"inLanguage\":\"fr-BE\",\"@id\":\"https:\/\/vieassociative.be\/actualites\/#\/schema\/person\/image\/\",\"url\":\"https:\/\/vieassociative.be\/actualites\/wp-content\/uploads\/2024\/09\/vie-associative-1-150x150.jpg\",\"contentUrl\":\"https:\/\/vieassociative.be\/actualites\/wp-content\/uploads\/2024\/09\/vie-associative-1-150x150.jpg\",\"caption\":\"Julien\"},\"description\":\"Je suis Julien, r\u00e9dacteur pour Vie Associative. Passionn\u00e9 par le monde associatif depuis plus de 10 ans, j'ai \u00e0 c\u0153ur de partager des histoires inspirantes et de mettre en lumi\u00e8re les initiatives locales. Mon objectif est de sensibiliser et d'encourager l'engagement communautaire \u00e0 travers mes articles.\",\"sameAs\":[\"https:\/\/vieassociative.be\/\"]}]}<\/script>\n<!-- \/ Yoast SEO plugin. -->","yoast_head_json":{"title":"Les AirPods 4 (sans ANC) sont de 90 $ pour la f\u00eate du Travail | Vie Associative","robots":{"index":"index","follow":"follow","max-snippet":"max-snippet:-1","max-image-preview":"max-image-preview:large","max-video-preview":"max-video-preview:-1"},"canonical":"https:\/\/vieassociative.be\/actualites\/les-airpods-4-sans-anc-sont-de-90-pour-la-fete-du-travail\/","og_locale":"fr_FR","og_type":"article","og_title":"Les AirPods 4 (sans ANC) sont de 90 $ pour la f\u00eate du Travail | Vie Associative","og_description":"Ces AirPods sont abordables et offrent toujours un son propre. Les ventes de la f\u00eate du Travail arrivent et Vie Associative partage les meilleures ventes","og_url":"https:\/\/vieassociative.be\/actualites\/les-airpods-4-sans-anc-sont-de-90-pour-la-fete-du-travail\/","og_site_name":"Vie Associative","article_published_time":"2025-09-02T07:26:07+00:00","og_image":[{"url":"https:\/\/vieassociative.be\/actualites\/wp-content\/uploads\/2025\/07\/1752347867_18_Prime-Day-Is-Over-but-These-17-Deals-Are-Still.jpg","type":"","width":"","height":""}],"author":"Julien","twitter_card":"summary_large_image","twitter_misc":{"\u00c9crit par":"Julien","Dur\u00e9e de lecture est.":"2 minutes"},"schema":{"@context":"https:\/\/schema.org","@graph":[{"@type":"Article","@id":"https:\/\/vieassociative.be\/actualites\/les-airpods-4-sans-anc-sont-de-90-pour-la-fete-du-travail\/#article","isPartOf":{"@id":"https:\/\/vieassociative.be\/actualites\/les-airpods-4-sans-anc-sont-de-90-pour-la-fete-du-travail\/"},"author":{"name":"Julien","@id":"https:\/\/vieassociative.be\/actualites\/#\/schema\/person\/b87ac4f82f9d4e7b7cec7395b679edc4"},"headline":"Les AirPods 4 (sans ANC) sont de 90 $ pour la f\u00eate du Travail","datePublished":"2025-09-02T07:26:07+00:00","dateModified":"2025-09-02T07:26:07+00:00","mainEntityOfPage":{"@id":"https:\/\/vieassociative.be\/actualites\/les-airpods-4-sans-anc-sont-de-90-pour-la-fete-du-travail\/"},"wordCount":511,"publisher":{"@id":"https:\/\/vieassociative.be\/actualites\/#organization"},"image":{"@id":"https:\/\/vieassociative.be\/actualites\/les-airpods-4-sans-anc-sont-de-90-pour-la-fete-du-travail\/#primaryimage"},"thumbnailUrl":"https:\/\/vieassociative.be\/actualites\/wp-content\/uploads\/2025\/09\/Les-AirPods-4-sans-ANC-sont-de-90-pour.png","keywords":["AirPods","ANC","f\u00eate","Les","pour","sans","sont","travail"],"articleSection":["Technologie"],"inLanguage":"fr-BE"},{"@type":"WebPage","@id":"https:\/\/vieassociative.be\/actualites\/les-airpods-4-sans-anc-sont-de-90-pour-la-fete-du-travail\/","url":"https:\/\/vieassociative.be\/actualites\/les-airpods-4-sans-anc-sont-de-90-pour-la-fete-du-travail\/","name":"Les AirPods 4 (sans ANC) sont de 90 $ pour la f\u00eate du Travail | Vie Associative","isPartOf":{"@id":"https:\/\/vieassociative.be\/actualites\/#website"},"primaryImageOfPage":{"@id":"https:\/\/vieassociative.be\/actualites\/les-airpods-4-sans-anc-sont-de-90-pour-la-fete-du-travail\/#primaryimage"},"image":{"@id":"https:\/\/vieassociative.be\/actualites\/les-airpods-4-sans-anc-sont-de-90-pour-la-fete-du-travail\/#primaryimage"},"thumbnailUrl":"https:\/\/vieassociative.be\/actualites\/wp-content\/uploads\/2025\/09\/Les-AirPods-4-sans-ANC-sont-de-90-pour.png","datePublished":"2025-09-02T07:26:07+00:00","dateModified":"2025-09-02T07:26:07+00:00","breadcrumb":{"@id":"https:\/\/vieassociative.be\/actualites\/les-airpods-4-sans-anc-sont-de-90-pour-la-fete-du-travail\/#breadcrumb"},"inLanguage":"fr-BE","potentialAction":[{"@type":"ReadAction","target":["https:\/\/vieassociative.be\/actualites\/les-airpods-4-sans-anc-sont-de-90-pour-la-fete-du-travail\/"]}]},{"@type":"ImageObject","inLanguage":"fr-BE","@id":"https:\/\/vieassociative.be\/actualites\/les-airpods-4-sans-anc-sont-de-90-pour-la-fete-du-travail\/#primaryimage","url":"https:\/\/vieassociative.be\/actualites\/wp-content\/uploads\/2025\/09\/Les-AirPods-4-sans-ANC-sont-de-90-pour.png","contentUrl":"https:\/\/vieassociative.be\/actualites\/wp-content\/uploads\/2025\/09\/Les-AirPods-4-sans-ANC-sont-de-90-pour.png","width":1200,"height":675,"caption":"Les AirPods 4 (sans ANC) sont de 90 $ pour la f\u00eate du Travail"},{"@type":"BreadcrumbList","@id":"https:\/\/vieassociative.be\/actualites\/les-airpods-4-sans-anc-sont-de-90-pour-la-fete-du-travail\/#breadcrumb","itemListElement":[{"@type":"ListItem","position":1,"name":"Accueil","item":"https:\/\/vieassociative.be\/actualites\/"},{"@type":"ListItem","position":2,"name":"Les AirPods 4 (sans ANC) sont de 90 $ pour la f\u00eate du Travail"}]},{"@type":"WebSite","@id":"https:\/\/vieassociative.be\/actualites\/#website","url":"https:\/\/vieassociative.be\/actualites\/","name":"Vie Associative","description":"","publisher":{"@id":"https:\/\/vieassociative.be\/actualites\/#organization"},"potentialAction":[{"@type":"SearchAction","target":{"@type":"EntryPoint","urlTemplate":"https:\/\/vieassociative.be\/actualites\/?s={search_term_string}"},"query-input":{"@type":"PropertyValueSpecification","valueRequired":true,"valueName":"search_term_string"}}],"inLanguage":"fr-BE"},{"@type":"Organization","@id":"https:\/\/vieassociative.be\/actualites\/#organization","name":"Vie Associative","url":"https:\/\/vieassociative.be\/actualites\/","logo":{"@type":"ImageObject","inLanguage":"fr-BE","@id":"https:\/\/vieassociative.be\/actualites\/#\/schema\/logo\/image\/","url":"https:\/\/vieassociative.be\/actualites\/wp-content\/uploads\/2024\/09\/cropped-vieassociative_favicon.ico.png","contentUrl":"https:\/\/vieassociative.be\/actualites\/wp-content\/uploads\/2024\/09\/cropped-vieassociative_favicon.ico.png","width":512,"height":512,"caption":"Vie Associative"},"image":{"@id":"https:\/\/vieassociative.be\/actualites\/#\/schema\/logo\/image\/"}},{"@type":"Person","@id":"https:\/\/vieassociative.be\/actualites\/#\/schema\/person\/b87ac4f82f9d4e7b7cec7395b679edc4","name":"Julien","image":{"@type":"ImageObject","inLanguage":"fr-BE","@id":"https:\/\/vieassociative.be\/actualites\/#\/schema\/person\/image\/","url":"https:\/\/vieassociative.be\/actualites\/wp-content\/uploads\/2024\/09\/vie-associative-1-150x150.jpg","contentUrl":"https:\/\/vieassociative.be\/actualites\/wp-content\/uploads\/2024\/09\/vie-associative-1-150x150.jpg","caption":"Julien"},"description":"Je suis Julien, r\u00e9dacteur pour Vie Associative. Passionn\u00e9 par le monde associatif depuis plus de 10 ans, j'ai \u00e0 c\u0153ur de partager des histoires inspirantes et de mettre en lumi\u00e8re les initiatives locales. Mon objectif est de sensibiliser et d'encourager l'engagement communautaire \u00e0 travers mes articles.","sameAs":["https:\/\/vieassociative.be\/"]}]}},"_links":{"self":[{"href":"https:\/\/vieassociative.be\/actualites\/wp-json\/wp\/v2\/posts\/9766"}],"collection":[{"href":"https:\/\/vieassociative.be\/actualites\/wp-json\/wp\/v2\/posts"}],"about":[{"href":"https:\/\/vieassociative.be\/actualites\/wp-json\/wp\/v2\/types\/post"}],"author":[{"embeddable":true,"href":"https:\/\/vieassociative.be\/actualites\/wp-json\/wp\/v2\/users\/1"}],"replies":[{"embeddable":true,"href":"https:\/\/vieassociative.be\/actualites\/wp-json\/wp\/v2\/comments?post=9766"}],"version-history":[{"count":0,"href":"https:\/\/vieassociative.be\/actualites\/wp-json\/wp\/v2\/posts\/9766\/revisions"}],"wp:featuredmedia":[{"embeddable":true,"href":"https:\/\/vieassociative.be\/actualites\/wp-json\/wp\/v2\/media\/9767"}],"wp:attachment":[{"href":"https:\/\/vieassociative.be\/actualites\/wp-json\/wp\/v2\/media?parent=9766"}],"wp:term":[{"taxonomy":"category","embeddable":true,"href":"https:\/\/vieassociative.be\/actualites\/wp-json\/wp\/v2\/categories?post=9766"},{"taxonomy":"post_tag","embeddable":true,"href":"https:\/\/vieassociative.be\/actualites\/wp-json\/wp\/v2\/tags?post=9766"}],"curies":[{"name":"wp","href":"https:\/\/api.w.org\/{rel}","templated":true}]}}