{"id":9760,"date":"2025-09-01T22:17:02","date_gmt":"2025-09-01T20:17:02","guid":{"rendered":"https:\/\/vieassociative.be\/actualites\/eupener-unterstadt-celebre-la-resurrection-de-voschtesch-druttche-sur-le-weserufer-galerie-de-photos\/"},"modified":"2025-09-01T22:17:02","modified_gmt":"2025-09-01T20:17:02","slug":"eupener-unterstadt-celebre-la-resurrection-de-voschtesch-druttche-sur-le-weserufer-galerie-de-photos","status":"publish","type":"post","link":"https:\/\/vieassociative.be\/actualites\/eupener-unterstadt-celebre-la-resurrection-de-voschtesch-druttche-sur-le-weserufer-galerie-de-photos\/","title":{"rendered":"Eupener Unterstadt c\u00e9l\u00e8bre la r\u00e9surrection de \u00ab\u00a0V\u00f6schtesch Dr\u00fcttche\u00a0\u00bb sur le Weserufer (galerie de photos)"},"content":{"rendered":"<p><strong>Avec un festival folklorique, la r\u00e9surrection de la sculpture en bois restaur\u00e9e a \u00e9t\u00e9 c\u00e9l\u00e9br\u00e9e dimanche dans l&rsquo;UPERNER UnterStadt avec les noms difficiles \u00e0 exprimer pour Eupen. Quatre ans apr\u00e8s la catastrophe des inondations, \u00ab\u00a0V\u00f6tschtesch Dr\u00fcttche\u00a0\u00bb est maintenant dans les jardins espagnols de la banque du Weser.<\/strong><\/p>\n<p><span id=\"more-423532\"><\/span>En plus de l&rsquo;inauguration c\u00e9r\u00e9monielle, il y avait un programme de soutien avec des performances de musique et de rue le dimanche apr\u00e8s-midi. Pour c\u00e9l\u00e9brer la journ\u00e9e, la ville d&rsquo;Eupen a invit\u00e9 \u00e0 boire un verre (voir la galerie de photos ci-dessous).<\/p>\n<p>La sculpture a \u00e9t\u00e9 cr\u00e9\u00e9e \u00e0 l&rsquo;origine comme un hommage \u00e0 la faible culture allemande au nom de la ville d&rsquo;Eupen par le sculpteur C\u00e9dric Faymonville et a \u00e9t\u00e9 inaugur\u00e9e en octobre 2012. \u00ab\u00a0V\u00f6schtesch Dr\u00fcttche\u00a0\u00bb est le nuageux de F\u00f6rster.<\/p>\n<div id=\"attachment_423550\" class=\"wp-caption alignleft\" style=\"max-width: 225px\"><img fetchpriority=\"high\" decoding=\"async\" class=\"wp-image-423550 size-medium\" src=\"https:\/\/vieassociative.be\/actualites\/wp-content\/uploads\/2025\/09\/Eupener-Unterstadt-celebre-la-resurrection-de-Voschtesch-Druttche-sur-le.jpg\" alt=\"\" width=\"225\" height=\"300\"><\/div>\n<p>Joseph Conin a remis l&rsquo;histoire de Gertrud F\u00f6rster dans un po\u00e8me qu&rsquo;il s&rsquo;est appuy\u00e9 sur la m\u00e9lodie d&rsquo;une chanson folklorique bien connue. Il raconte comment l&rsquo;entreprise bas\u00e9e \u00e0 Unterstadt a couvert son besoin de bois de chauffage dans le m\u00e9chant Hertogenwald et a \u00e9t\u00e9 poignard\u00e9 lors de la collecte de deux gu\u00eapes.<\/p>\n<p>La sculpture en bois avait autrefois sa place devant l&rsquo;ancien restaurant vis\u00e9 sur Haassstra\u00dfe. De l\u00e0, elle a \u00e9t\u00e9 emport\u00e9e par l&rsquo;inondation le 14 juillet 2021 et s&rsquo;est \u00e9chou\u00e9e beaucoup. Son espace est maintenant l\u00e0.<\/p>\n<p>\u00c0 partir de maintenant, la sculpture est \u00e9galement un m\u00e9morial pour la r\u00e9sistance et la capacit\u00e9 debout de la population locale apr\u00e8s les \u00e9v\u00e9nements fatidiques du 14 juillet 2021. En coop\u00e9ration avec le Mus\u00e9e de la ville Eupen, l&rsquo;histoire de \u00ab\u00a0V\u00f6schtesch Dr\u00fcttche\u00a0\u00bb a \u00e9t\u00e9 pr\u00e9par\u00e9e visuellement et auditive et peut \u00eatre appel\u00e9e digitalement via un code QR. (Cre)<\/p>\n<p><em>Plus d&rsquo;informations sous <u>https:\/\/www.stadtmuseum-eupen.be\/rooute\/voeschtesch-druettche\/<\/u><\/em><\/p>\n<p><em><strong>Vous trouverez ci-dessous une galerie de photos avec des photos du photographe Helmut Koch de l&rsquo;inauguration de la sculpture en bois restaur\u00e9e \u00ab\u00a0V\u00f6schtesch Dr\u00fcttche\u00a0\u00bb le dimanche apr\u00e8s-midi (cliquez pour l&rsquo;\u00e9largissement):<\/strong><\/em><\/p>\n<div class=\"wp-gallery row\">\n<figure class=\"column small-6 medium-3 end\"><img decoding=\"async\" src=\"https:\/\/vieassociative.be\/actualites\/wp-content\/uploads\/2025\/09\/1756757820_506_Eupener-Unterstadt-celebre-la-resurrection-de-Voschtesch-Druttche-sur-le.jpg\" width=\"159\" height=\"159\" alt=\"\"><\/figure>\n<figure class=\"column small-6 medium-3 end\"><img decoding=\"async\" src=\"https:\/\/vieassociative.be\/actualites\/wp-content\/uploads\/2025\/09\/1756757820_632_Eupener-Unterstadt-celebre-la-resurrection-de-Voschtesch-Druttche-sur-le.jpg\" width=\"159\" height=\"159\" alt=\"\"><\/figure>\n<figure class=\"column small-6 medium-3 end\"><img loading=\"lazy\" decoding=\"async\" src=\"https:\/\/vieassociative.be\/actualites\/wp-content\/uploads\/2025\/09\/1756757820_943_Eupener-Unterstadt-celebre-la-resurrection-de-Voschtesch-Druttche-sur-le.jpg\" width=\"159\" height=\"159\" alt=\"\"><\/figure>\n<figure class=\"column small-6 medium-3 end\"><img loading=\"lazy\" decoding=\"async\" src=\"https:\/\/vieassociative.be\/actualites\/wp-content\/uploads\/2025\/09\/1756757820_840_Eupener-Unterstadt-celebre-la-resurrection-de-Voschtesch-Druttche-sur-le.jpg\" width=\"159\" height=\"159\" alt=\"\"><\/figure>\n<figure class=\"column small-6 medium-3 end\"><img loading=\"lazy\" decoding=\"async\" src=\"https:\/\/vieassociative.be\/actualites\/wp-content\/uploads\/2025\/09\/1756757820_963_Eupener-Unterstadt-celebre-la-resurrection-de-Voschtesch-Druttche-sur-le.jpg\" width=\"159\" height=\"159\" alt=\"\"><\/figure>\n<figure class=\"column small-6 medium-3 end\"><img loading=\"lazy\" decoding=\"async\" src=\"https:\/\/vieassociative.be\/actualites\/wp-content\/uploads\/2025\/09\/1756757821_371_Eupener-Unterstadt-celebre-la-resurrection-de-Voschtesch-Druttche-sur-le.jpg\" width=\"159\" height=\"159\" alt=\"\"><\/figure>\n<figure class=\"column small-6 medium-3 end\"><img loading=\"lazy\" decoding=\"async\" src=\"https:\/\/vieassociative.be\/actualites\/wp-content\/uploads\/2025\/09\/1756757821_320_Eupener-Unterstadt-celebre-la-resurrection-de-Voschtesch-Druttche-sur-le.jpg\" width=\"159\" height=\"159\" alt=\"\"><\/figure>\n<figure class=\"column small-6 medium-3 end\"><img loading=\"lazy\" decoding=\"async\" src=\"https:\/\/vieassociative.be\/actualites\/wp-content\/uploads\/2025\/09\/1756757821_733_Eupener-Unterstadt-celebre-la-resurrection-de-Voschtesch-Druttche-sur-le.jpg\" width=\"159\" height=\"159\" alt=\"\"><\/figure>\n<figure class=\"column small-6 medium-3 end\"><img loading=\"lazy\" decoding=\"async\" src=\"https:\/\/vieassociative.be\/actualites\/wp-content\/uploads\/2025\/09\/1756757821_891_Eupener-Unterstadt-celebre-la-resurrection-de-Voschtesch-Druttche-sur-le.jpg\" width=\"159\" height=\"159\" alt=\"\"><\/figure>\n<figure class=\"column small-6 medium-3 end\"><img loading=\"lazy\" decoding=\"async\" src=\"https:\/\/vieassociative.be\/actualites\/wp-content\/uploads\/2025\/09\/1756757821_390_Eupener-Unterstadt-celebre-la-resurrection-de-Voschtesch-Druttche-sur-le.jpg\" width=\"159\" height=\"159\" alt=\"\"><\/figure>\n<figure class=\"column small-6 medium-3 end\"><img loading=\"lazy\" decoding=\"async\" src=\"https:\/\/vieassociative.be\/actualites\/wp-content\/uploads\/2025\/09\/1756757821_362_Eupener-Unterstadt-celebre-la-resurrection-de-Voschtesch-Druttche-sur-le.jpg\" width=\"159\" height=\"159\" alt=\"\"><\/figure>\n<figure class=\"column small-6 medium-3 end\"><img loading=\"lazy\" decoding=\"async\" src=\"https:\/\/vieassociative.be\/actualites\/wp-content\/uploads\/2025\/09\/1756757821_551_Eupener-Unterstadt-celebre-la-resurrection-de-Voschtesch-Druttche-sur-le.jpg\" width=\"159\" height=\"159\" alt=\"\"><\/figure>\n<figure class=\"column small-6 medium-3 end\"><img loading=\"lazy\" decoding=\"async\" src=\"https:\/\/vieassociative.be\/actualites\/wp-content\/uploads\/2025\/09\/1756757821_893_Eupener-Unterstadt-celebre-la-resurrection-de-Voschtesch-Druttche-sur-le.jpg\" width=\"159\" height=\"159\" alt=\"\"><\/figure>\n<figure class=\"column small-6 medium-3 end\"><img loading=\"lazy\" decoding=\"async\" src=\"https:\/\/vieassociative.be\/actualites\/wp-content\/uploads\/2025\/09\/1756757821_542_Eupener-Unterstadt-celebre-la-resurrection-de-Voschtesch-Druttche-sur-le.jpg\" width=\"159\" height=\"159\" alt=\"\"><\/figure>\n<figure class=\"column small-6 medium-3 end\"><img loading=\"lazy\" decoding=\"async\" src=\"https:\/\/vieassociative.be\/actualites\/wp-content\/uploads\/2025\/09\/1756757821_265_Eupener-Unterstadt-celebre-la-resurrection-de-Voschtesch-Druttche-sur-le.jpg\" width=\"159\" height=\"159\" alt=\"\"><\/figure>\n<figure class=\"column small-6 medium-3 end\"><img loading=\"lazy\" decoding=\"async\" src=\"https:\/\/vieassociative.be\/actualites\/wp-content\/uploads\/2025\/09\/1756757821_781_Eupener-Unterstadt-celebre-la-resurrection-de-Voschtesch-Druttche-sur-le.jpg\" width=\"159\" height=\"159\" alt=\"\"><\/figure>\n<figure class=\"column small-6 medium-3 end\"><img loading=\"lazy\" decoding=\"async\" src=\"https:\/\/vieassociative.be\/actualites\/wp-content\/uploads\/2025\/09\/1756757821_941_Eupener-Unterstadt-celebre-la-resurrection-de-Voschtesch-Druttche-sur-le.jpg\" width=\"159\" height=\"159\" alt=\"\"><\/figure>\n<figure class=\"column small-6 medium-3 end\"><img loading=\"lazy\" decoding=\"async\" src=\"https:\/\/vieassociative.be\/actualites\/wp-content\/uploads\/2025\/09\/1756757821_39_Eupener-Unterstadt-celebre-la-resurrection-de-Voschtesch-Druttche-sur-le.jpg\" width=\"159\" height=\"159\" alt=\"\"><\/figure>\n<figure class=\"column small-6 medium-3 end\"><img loading=\"lazy\" decoding=\"async\" src=\"https:\/\/vieassociative.be\/actualites\/wp-content\/uploads\/2025\/09\/1756757821_711_Eupener-Unterstadt-celebre-la-resurrection-de-Voschtesch-Druttche-sur-le.jpg\" width=\"159\" height=\"159\" alt=\"\"><\/figure>\n<figure class=\"column small-6 medium-3 end\"><img loading=\"lazy\" decoding=\"async\" src=\"https:\/\/vieassociative.be\/actualites\/wp-content\/uploads\/2025\/09\/1756757821_425_Eupener-Unterstadt-celebre-la-resurrection-de-Voschtesch-Druttche-sur-le.jpg\" width=\"159\" height=\"159\" alt=\"\"><\/figure>\n<figure class=\"column small-6 medium-3 end\"><img loading=\"lazy\" decoding=\"async\" src=\"https:\/\/vieassociative.be\/actualites\/wp-content\/uploads\/2025\/09\/1756757821_5_Eupener-Unterstadt-celebre-la-resurrection-de-Voschtesch-Druttche-sur-le.jpg\" width=\"159\" height=\"159\" alt=\"\"><\/figure>\n<figure class=\"column small-6 medium-3 end\"><img loading=\"lazy\" decoding=\"async\" src=\"https:\/\/vieassociative.be\/actualites\/wp-content\/uploads\/2025\/09\/1756757821_262_Eupener-Unterstadt-celebre-la-resurrection-de-Voschtesch-Druttche-sur-le.jpg\" width=\"159\" height=\"159\" alt=\"\"><\/figure>\n<figure class=\"column small-6 medium-3 end\"><img loading=\"lazy\" decoding=\"async\" src=\"https:\/\/vieassociative.be\/actualites\/wp-content\/uploads\/2025\/09\/1756757821_505_Eupener-Unterstadt-celebre-la-resurrection-de-Voschtesch-Druttche-sur-le.jpg\" width=\"159\" height=\"159\" alt=\"\"><\/figure>\n<figure class=\"column small-6 medium-3 end\"><img loading=\"lazy\" decoding=\"async\" src=\"https:\/\/vieassociative.be\/actualites\/wp-content\/uploads\/2025\/09\/1756757821_462_Eupener-Unterstadt-celebre-la-resurrection-de-Voschtesch-Druttche-sur-le.jpg\" width=\"159\" height=\"159\" alt=\"\"><\/figure>\n<figure class=\"column small-6 medium-3 end\"><img loading=\"lazy\" decoding=\"async\" src=\"https:\/\/vieassociative.be\/actualites\/wp-content\/uploads\/2025\/09\/1756757821_86_Eupener-Unterstadt-celebre-la-resurrection-de-Voschtesch-Druttche-sur-le.jpg\" width=\"159\" height=\"159\" alt=\"\"><\/figure>\n<figure class=\"column small-6 medium-3 end\"><img loading=\"lazy\" decoding=\"async\" src=\"https:\/\/vieassociative.be\/actualites\/wp-content\/uploads\/2025\/09\/1756757821_846_Eupener-Unterstadt-celebre-la-resurrection-de-Voschtesch-Druttche-sur-le.jpg\" width=\"159\" height=\"159\" alt=\"\"><\/figure>\n<figure class=\"column small-6 medium-3 end\"><img loading=\"lazy\" decoding=\"async\" src=\"https:\/\/vieassociative.be\/actualites\/wp-content\/uploads\/2025\/09\/1756757821_437_Eupener-Unterstadt-celebre-la-resurrection-de-Voschtesch-Druttche-sur-le.jpg\" width=\"159\" height=\"159\" alt=\"\"><\/figure>\n<figure class=\"column small-6 medium-3 end\"><img loading=\"lazy\" decoding=\"async\" src=\"https:\/\/vieassociative.be\/actualites\/wp-content\/uploads\/2025\/09\/1756757821_88_Eupener-Unterstadt-celebre-la-resurrection-de-Voschtesch-Druttche-sur-le.jpg\" width=\"159\" height=\"159\" alt=\"\"><\/figure>\n<figure class=\"column small-6 medium-3 end\"><img loading=\"lazy\" decoding=\"async\" src=\"https:\/\/vieassociative.be\/actualites\/wp-content\/uploads\/2025\/09\/1756757821_580_Eupener-Unterstadt-celebre-la-resurrection-de-Voschtesch-Druttche-sur-le.jpg\" width=\"159\" height=\"159\" alt=\"\"><\/figure>\n<figure class=\"column small-6 medium-3 end\"><img loading=\"lazy\" decoding=\"async\" src=\"https:\/\/vieassociative.be\/actualites\/wp-content\/uploads\/2025\/09\/1756757821_185_Eupener-Unterstadt-celebre-la-resurrection-de-Voschtesch-Druttche-sur-le.jpg\" width=\"159\" height=\"159\" alt=\"\"><\/figure>\n<figure class=\"column small-6 medium-3 end\"><img loading=\"lazy\" decoding=\"async\" src=\"https:\/\/vieassociative.be\/actualites\/wp-content\/uploads\/2025\/09\/1756757822_827_Eupener-Unterstadt-celebre-la-resurrection-de-Voschtesch-Druttche-sur-le.jpg\" width=\"159\" height=\"159\" alt=\"\"><\/figure>\n<figure class=\"column small-6 medium-3 end\"><img loading=\"lazy\" decoding=\"async\" src=\"https:\/\/vieassociative.be\/actualites\/wp-content\/uploads\/2025\/09\/1756757822_116_Eupener-Unterstadt-celebre-la-resurrection-de-Voschtesch-Druttche-sur-le.jpg\" width=\"159\" height=\"159\" alt=\"\"><\/figure>\n<\/div>\n","protected":false},"excerpt":{"rendered":"<p>Avec un festival folklorique, la r\u00e9surrection de la sculpture en bois restaur\u00e9e a \u00e9t\u00e9 c\u00e9l\u00e9br\u00e9e dimanche dans l&rsquo;UPERNER UnterStadt avec les noms difficiles \u00e0 exprimer<\/p>\n","protected":false},"author":1,"featured_media":9761,"comment_status":"","ping_status":"","sticky":false,"template":"","format":"standard","meta":{"footnotes":""},"categories":[298],"tags":[3843,8373,5049,3257,283,3844,33,6876,8372,8374],"class_list":["post-9760","post","type-post","status-publish","format-standard","has-post-thumbnail","hentry","category-belgique","tag-celebre","tag-druttche","tag-eupener","tag-galerie","tag-photos","tag-resurrection","tag-sur","tag-unterstadt","tag-voschtesch","tag-weserufer","generate-columns","tablet-grid-50","mobile-grid-100","grid-parent","grid-33"],"yoast_head":"<!-- This site is optimized with the Yoast SEO plugin v24.0 - https:\/\/yoast.com\/wordpress\/plugins\/seo\/ -->\n<title>Eupener Unterstadt c\u00e9l\u00e8bre la r\u00e9surrection de &quot;V\u00f6schtesch Dr\u00fcttche&quot; sur le Weserufer (galerie de photos) | Vie Associative<\/title>\n<meta name=\"robots\" content=\"index, follow, max-snippet:-1, max-image-preview:large, max-video-preview:-1\" \/>\n<link rel=\"canonical\" href=\"https:\/\/vieassociative.be\/actualites\/eupener-unterstadt-celebre-la-resurrection-de-voschtesch-druttche-sur-le-weserufer-galerie-de-photos\/\" \/>\n<meta property=\"og:locale\" content=\"fr_FR\" \/>\n<meta property=\"og:type\" content=\"article\" \/>\n<meta property=\"og:title\" content=\"Eupener Unterstadt c\u00e9l\u00e8bre la r\u00e9surrection de &quot;V\u00f6schtesch Dr\u00fcttche&quot; sur le Weserufer (galerie de photos) | Vie Associative\" \/>\n<meta property=\"og:description\" content=\"Avec un festival folklorique, la r\u00e9surrection de la sculpture en bois restaur\u00e9e a \u00e9t\u00e9 c\u00e9l\u00e9br\u00e9e dimanche dans l&rsquo;UPERNER UnterStadt avec les noms difficiles \u00e0 exprimer\" \/>\n<meta property=\"og:url\" content=\"https:\/\/vieassociative.be\/actualites\/eupener-unterstadt-celebre-la-resurrection-de-voschtesch-druttche-sur-le-weserufer-galerie-de-photos\/\" \/>\n<meta property=\"og:site_name\" content=\"Vie Associative\" \/>\n<meta property=\"article:published_time\" content=\"2025-09-01T20:17:02+00:00\" \/>\n<meta property=\"og:image\" content=\"https:\/\/vieassociative.be\/actualites\/wp-content\/uploads\/2024\/09\/header_backgroundk-01-e1726694325946.png\" \/>\n\t<meta property=\"og:image:width\" content=\"279\" \/>\n\t<meta property=\"og:image:height\" content=\"92\" \/>\n\t<meta property=\"og:image:type\" content=\"image\/png\" \/>\n<meta name=\"author\" content=\"Julien\" \/>\n<meta name=\"twitter:card\" content=\"summary_large_image\" \/>\n<meta name=\"twitter:label1\" content=\"\u00c9crit par\" \/>\n\t<meta name=\"twitter:data1\" content=\"Julien\" \/>\n\t<meta name=\"twitter:label2\" content=\"Dur\u00e9e de lecture est.\" \/>\n\t<meta name=\"twitter:data2\" content=\"2 minutes\" \/>\n<script type=\"application\/ld+json\" class=\"yoast-schema-graph\">{\"@context\":\"https:\/\/schema.org\",\"@graph\":[{\"@type\":\"Article\",\"@id\":\"https:\/\/vieassociative.be\/actualites\/eupener-unterstadt-celebre-la-resurrection-de-voschtesch-druttche-sur-le-weserufer-galerie-de-photos\/#article\",\"isPartOf\":{\"@id\":\"https:\/\/vieassociative.be\/actualites\/eupener-unterstadt-celebre-la-resurrection-de-voschtesch-druttche-sur-le-weserufer-galerie-de-photos\/\"},\"author\":{\"name\":\"Julien\",\"@id\":\"https:\/\/vieassociative.be\/actualites\/#\/schema\/person\/b87ac4f82f9d4e7b7cec7395b679edc4\"},\"headline\":\"Eupener Unterstadt c\u00e9l\u00e8bre la r\u00e9surrection de \u00ab\u00a0V\u00f6schtesch Dr\u00fcttche\u00a0\u00bb sur le Weserufer (galerie de photos)\",\"datePublished\":\"2025-09-01T20:17:02+00:00\",\"dateModified\":\"2025-09-01T20:17:02+00:00\",\"mainEntityOfPage\":{\"@id\":\"https:\/\/vieassociative.be\/actualites\/eupener-unterstadt-celebre-la-resurrection-de-voschtesch-druttche-sur-le-weserufer-galerie-de-photos\/\"},\"wordCount\":382,\"publisher\":{\"@id\":\"https:\/\/vieassociative.be\/actualites\/#organization\"},\"image\":{\"@id\":\"https:\/\/vieassociative.be\/actualites\/eupener-unterstadt-celebre-la-resurrection-de-voschtesch-druttche-sur-le-weserufer-galerie-de-photos\/#primaryimage\"},\"thumbnailUrl\":\"https:\/\/vieassociative.be\/actualites\/wp-content\/uploads\/2025\/09\/1756757824_Eupener-Unterstadt-celebre-la-resurrection-de-Voschtesch-Druttche-sur-le.jpg\",\"keywords\":[\"c\u00e9l\u00e8bre\",\"Dr\u00fcttche\",\"Eupener\",\"galerie\",\"Photos\",\"r\u00e9surrection\",\"sur\",\"UnterStadt\",\"V\u00f6schtesch\",\"Weserufer\"],\"articleSection\":[\"Belgique\"],\"inLanguage\":\"fr-BE\"},{\"@type\":\"WebPage\",\"@id\":\"https:\/\/vieassociative.be\/actualites\/eupener-unterstadt-celebre-la-resurrection-de-voschtesch-druttche-sur-le-weserufer-galerie-de-photos\/\",\"url\":\"https:\/\/vieassociative.be\/actualites\/eupener-unterstadt-celebre-la-resurrection-de-voschtesch-druttche-sur-le-weserufer-galerie-de-photos\/\",\"name\":\"Eupener Unterstadt c\u00e9l\u00e8bre la r\u00e9surrection de \\\"V\u00f6schtesch Dr\u00fcttche\\\" sur le Weserufer (galerie de photos) | Vie Associative\",\"isPartOf\":{\"@id\":\"https:\/\/vieassociative.be\/actualites\/#website\"},\"primaryImageOfPage\":{\"@id\":\"https:\/\/vieassociative.be\/actualites\/eupener-unterstadt-celebre-la-resurrection-de-voschtesch-druttche-sur-le-weserufer-galerie-de-photos\/#primaryimage\"},\"image\":{\"@id\":\"https:\/\/vieassociative.be\/actualites\/eupener-unterstadt-celebre-la-resurrection-de-voschtesch-druttche-sur-le-weserufer-galerie-de-photos\/#primaryimage\"},\"thumbnailUrl\":\"https:\/\/vieassociative.be\/actualites\/wp-content\/uploads\/2025\/09\/1756757824_Eupener-Unterstadt-celebre-la-resurrection-de-Voschtesch-Druttche-sur-le.jpg\",\"datePublished\":\"2025-09-01T20:17:02+00:00\",\"dateModified\":\"2025-09-01T20:17:02+00:00\",\"breadcrumb\":{\"@id\":\"https:\/\/vieassociative.be\/actualites\/eupener-unterstadt-celebre-la-resurrection-de-voschtesch-druttche-sur-le-weserufer-galerie-de-photos\/#breadcrumb\"},\"inLanguage\":\"fr-BE\",\"potentialAction\":[{\"@type\":\"ReadAction\",\"target\":[\"https:\/\/vieassociative.be\/actualites\/eupener-unterstadt-celebre-la-resurrection-de-voschtesch-druttche-sur-le-weserufer-galerie-de-photos\/\"]}]},{\"@type\":\"ImageObject\",\"inLanguage\":\"fr-BE\",\"@id\":\"https:\/\/vieassociative.be\/actualites\/eupener-unterstadt-celebre-la-resurrection-de-voschtesch-druttche-sur-le-weserufer-galerie-de-photos\/#primaryimage\",\"url\":\"https:\/\/vieassociative.be\/actualites\/wp-content\/uploads\/2025\/09\/1756757824_Eupener-Unterstadt-celebre-la-resurrection-de-Voschtesch-Druttche-sur-le.jpg\",\"contentUrl\":\"https:\/\/vieassociative.be\/actualites\/wp-content\/uploads\/2025\/09\/1756757824_Eupener-Unterstadt-celebre-la-resurrection-de-Voschtesch-Druttche-sur-le.jpg\",\"width\":2560,\"height\":852,\"caption\":\"Eupener Unterstadt c\u00e9l\u00e8bre la r\u00e9surrection de \\\"V\u00f6schtesch Dr\u00fcttche\\\" sur le Weserufer (galerie de photos)\"},{\"@type\":\"BreadcrumbList\",\"@id\":\"https:\/\/vieassociative.be\/actualites\/eupener-unterstadt-celebre-la-resurrection-de-voschtesch-druttche-sur-le-weserufer-galerie-de-photos\/#breadcrumb\",\"itemListElement\":[{\"@type\":\"ListItem\",\"position\":1,\"name\":\"Accueil\",\"item\":\"https:\/\/vieassociative.be\/actualites\/\"},{\"@type\":\"ListItem\",\"position\":2,\"name\":\"Eupener Unterstadt c\u00e9l\u00e8bre la r\u00e9surrection de \u00ab\u00a0V\u00f6schtesch Dr\u00fcttche\u00a0\u00bb sur le Weserufer (galerie de photos)\"}]},{\"@type\":\"WebSite\",\"@id\":\"https:\/\/vieassociative.be\/actualites\/#website\",\"url\":\"https:\/\/vieassociative.be\/actualites\/\",\"name\":\"Vie Associative\",\"description\":\"\",\"publisher\":{\"@id\":\"https:\/\/vieassociative.be\/actualites\/#organization\"},\"potentialAction\":[{\"@type\":\"SearchAction\",\"target\":{\"@type\":\"EntryPoint\",\"urlTemplate\":\"https:\/\/vieassociative.be\/actualites\/?s={search_term_string}\"},\"query-input\":{\"@type\":\"PropertyValueSpecification\",\"valueRequired\":true,\"valueName\":\"search_term_string\"}}],\"inLanguage\":\"fr-BE\"},{\"@type\":\"Organization\",\"@id\":\"https:\/\/vieassociative.be\/actualites\/#organization\",\"name\":\"Vie Associative\",\"url\":\"https:\/\/vieassociative.be\/actualites\/\",\"logo\":{\"@type\":\"ImageObject\",\"inLanguage\":\"fr-BE\",\"@id\":\"https:\/\/vieassociative.be\/actualites\/#\/schema\/logo\/image\/\",\"url\":\"https:\/\/vieassociative.be\/actualites\/wp-content\/uploads\/2024\/09\/cropped-vieassociative_favicon.ico.png\",\"contentUrl\":\"https:\/\/vieassociative.be\/actualites\/wp-content\/uploads\/2024\/09\/cropped-vieassociative_favicon.ico.png\",\"width\":512,\"height\":512,\"caption\":\"Vie Associative\"},\"image\":{\"@id\":\"https:\/\/vieassociative.be\/actualites\/#\/schema\/logo\/image\/\"}},{\"@type\":\"Person\",\"@id\":\"https:\/\/vieassociative.be\/actualites\/#\/schema\/person\/b87ac4f82f9d4e7b7cec7395b679edc4\",\"name\":\"Julien\",\"image\":{\"@type\":\"ImageObject\",\"inLanguage\":\"fr-BE\",\"@id\":\"https:\/\/vieassociative.be\/actualites\/#\/schema\/person\/image\/\",\"url\":\"https:\/\/vieassociative.be\/actualites\/wp-content\/uploads\/2024\/09\/vie-associative-1-150x150.jpg\",\"contentUrl\":\"https:\/\/vieassociative.be\/actualites\/wp-content\/uploads\/2024\/09\/vie-associative-1-150x150.jpg\",\"caption\":\"Julien\"},\"description\":\"Je suis Julien, r\u00e9dacteur pour Vie Associative. Passionn\u00e9 par le monde associatif depuis plus de 10 ans, j'ai \u00e0 c\u0153ur de partager des histoires inspirantes et de mettre en lumi\u00e8re les initiatives locales. Mon objectif est de sensibiliser et d'encourager l'engagement communautaire \u00e0 travers mes articles.\",\"sameAs\":[\"https:\/\/vieassociative.be\/\"]}]}<\/script>\n<!-- \/ Yoast SEO plugin. -->","yoast_head_json":{"title":"Eupener Unterstadt c\u00e9l\u00e8bre la r\u00e9surrection de \"V\u00f6schtesch Dr\u00fcttche\" sur le Weserufer (galerie de photos) | Vie Associative","robots":{"index":"index","follow":"follow","max-snippet":"max-snippet:-1","max-image-preview":"max-image-preview:large","max-video-preview":"max-video-preview:-1"},"canonical":"https:\/\/vieassociative.be\/actualites\/eupener-unterstadt-celebre-la-resurrection-de-voschtesch-druttche-sur-le-weserufer-galerie-de-photos\/","og_locale":"fr_FR","og_type":"article","og_title":"Eupener Unterstadt c\u00e9l\u00e8bre la r\u00e9surrection de \"V\u00f6schtesch Dr\u00fcttche\" sur le Weserufer (galerie de photos) | Vie Associative","og_description":"Avec un festival folklorique, la r\u00e9surrection de la sculpture en bois restaur\u00e9e a \u00e9t\u00e9 c\u00e9l\u00e9br\u00e9e dimanche dans l&rsquo;UPERNER UnterStadt avec les noms difficiles \u00e0 exprimer","og_url":"https:\/\/vieassociative.be\/actualites\/eupener-unterstadt-celebre-la-resurrection-de-voschtesch-druttche-sur-le-weserufer-galerie-de-photos\/","og_site_name":"Vie Associative","article_published_time":"2025-09-01T20:17:02+00:00","og_image":[{"width":279,"height":92,"url":"https:\/\/vieassociative.be\/actualites\/wp-content\/uploads\/2024\/09\/header_backgroundk-01-e1726694325946.png","type":"image\/png"}],"author":"Julien","twitter_card":"summary_large_image","twitter_misc":{"\u00c9crit par":"Julien","Dur\u00e9e de lecture est.":"2 minutes"},"schema":{"@context":"https:\/\/schema.org","@graph":[{"@type":"Article","@id":"https:\/\/vieassociative.be\/actualites\/eupener-unterstadt-celebre-la-resurrection-de-voschtesch-druttche-sur-le-weserufer-galerie-de-photos\/#article","isPartOf":{"@id":"https:\/\/vieassociative.be\/actualites\/eupener-unterstadt-celebre-la-resurrection-de-voschtesch-druttche-sur-le-weserufer-galerie-de-photos\/"},"author":{"name":"Julien","@id":"https:\/\/vieassociative.be\/actualites\/#\/schema\/person\/b87ac4f82f9d4e7b7cec7395b679edc4"},"headline":"Eupener Unterstadt c\u00e9l\u00e8bre la r\u00e9surrection de \u00ab\u00a0V\u00f6schtesch Dr\u00fcttche\u00a0\u00bb sur le Weserufer (galerie de photos)","datePublished":"2025-09-01T20:17:02+00:00","dateModified":"2025-09-01T20:17:02+00:00","mainEntityOfPage":{"@id":"https:\/\/vieassociative.be\/actualites\/eupener-unterstadt-celebre-la-resurrection-de-voschtesch-druttche-sur-le-weserufer-galerie-de-photos\/"},"wordCount":382,"publisher":{"@id":"https:\/\/vieassociative.be\/actualites\/#organization"},"image":{"@id":"https:\/\/vieassociative.be\/actualites\/eupener-unterstadt-celebre-la-resurrection-de-voschtesch-druttche-sur-le-weserufer-galerie-de-photos\/#primaryimage"},"thumbnailUrl":"https:\/\/vieassociative.be\/actualites\/wp-content\/uploads\/2025\/09\/1756757824_Eupener-Unterstadt-celebre-la-resurrection-de-Voschtesch-Druttche-sur-le.jpg","keywords":["c\u00e9l\u00e8bre","Dr\u00fcttche","Eupener","galerie","Photos","r\u00e9surrection","sur","UnterStadt","V\u00f6schtesch","Weserufer"],"articleSection":["Belgique"],"inLanguage":"fr-BE"},{"@type":"WebPage","@id":"https:\/\/vieassociative.be\/actualites\/eupener-unterstadt-celebre-la-resurrection-de-voschtesch-druttche-sur-le-weserufer-galerie-de-photos\/","url":"https:\/\/vieassociative.be\/actualites\/eupener-unterstadt-celebre-la-resurrection-de-voschtesch-druttche-sur-le-weserufer-galerie-de-photos\/","name":"Eupener Unterstadt c\u00e9l\u00e8bre la r\u00e9surrection de \"V\u00f6schtesch Dr\u00fcttche\" sur le Weserufer (galerie de photos) | Vie Associative","isPartOf":{"@id":"https:\/\/vieassociative.be\/actualites\/#website"},"primaryImageOfPage":{"@id":"https:\/\/vieassociative.be\/actualites\/eupener-unterstadt-celebre-la-resurrection-de-voschtesch-druttche-sur-le-weserufer-galerie-de-photos\/#primaryimage"},"image":{"@id":"https:\/\/vieassociative.be\/actualites\/eupener-unterstadt-celebre-la-resurrection-de-voschtesch-druttche-sur-le-weserufer-galerie-de-photos\/#primaryimage"},"thumbnailUrl":"https:\/\/vieassociative.be\/actualites\/wp-content\/uploads\/2025\/09\/1756757824_Eupener-Unterstadt-celebre-la-resurrection-de-Voschtesch-Druttche-sur-le.jpg","datePublished":"2025-09-01T20:17:02+00:00","dateModified":"2025-09-01T20:17:02+00:00","breadcrumb":{"@id":"https:\/\/vieassociative.be\/actualites\/eupener-unterstadt-celebre-la-resurrection-de-voschtesch-druttche-sur-le-weserufer-galerie-de-photos\/#breadcrumb"},"inLanguage":"fr-BE","potentialAction":[{"@type":"ReadAction","target":["https:\/\/vieassociative.be\/actualites\/eupener-unterstadt-celebre-la-resurrection-de-voschtesch-druttche-sur-le-weserufer-galerie-de-photos\/"]}]},{"@type":"ImageObject","inLanguage":"fr-BE","@id":"https:\/\/vieassociative.be\/actualites\/eupener-unterstadt-celebre-la-resurrection-de-voschtesch-druttche-sur-le-weserufer-galerie-de-photos\/#primaryimage","url":"https:\/\/vieassociative.be\/actualites\/wp-content\/uploads\/2025\/09\/1756757824_Eupener-Unterstadt-celebre-la-resurrection-de-Voschtesch-Druttche-sur-le.jpg","contentUrl":"https:\/\/vieassociative.be\/actualites\/wp-content\/uploads\/2025\/09\/1756757824_Eupener-Unterstadt-celebre-la-resurrection-de-Voschtesch-Druttche-sur-le.jpg","width":2560,"height":852,"caption":"Eupener Unterstadt c\u00e9l\u00e8bre la r\u00e9surrection de \"V\u00f6schtesch Dr\u00fcttche\" sur le Weserufer (galerie de photos)"},{"@type":"BreadcrumbList","@id":"https:\/\/vieassociative.be\/actualites\/eupener-unterstadt-celebre-la-resurrection-de-voschtesch-druttche-sur-le-weserufer-galerie-de-photos\/#breadcrumb","itemListElement":[{"@type":"ListItem","position":1,"name":"Accueil","item":"https:\/\/vieassociative.be\/actualites\/"},{"@type":"ListItem","position":2,"name":"Eupener Unterstadt c\u00e9l\u00e8bre la r\u00e9surrection de \u00ab\u00a0V\u00f6schtesch Dr\u00fcttche\u00a0\u00bb sur le Weserufer (galerie de photos)"}]},{"@type":"WebSite","@id":"https:\/\/vieassociative.be\/actualites\/#website","url":"https:\/\/vieassociative.be\/actualites\/","name":"Vie Associative","description":"","publisher":{"@id":"https:\/\/vieassociative.be\/actualites\/#organization"},"potentialAction":[{"@type":"SearchAction","target":{"@type":"EntryPoint","urlTemplate":"https:\/\/vieassociative.be\/actualites\/?s={search_term_string}"},"query-input":{"@type":"PropertyValueSpecification","valueRequired":true,"valueName":"search_term_string"}}],"inLanguage":"fr-BE"},{"@type":"Organization","@id":"https:\/\/vieassociative.be\/actualites\/#organization","name":"Vie Associative","url":"https:\/\/vieassociative.be\/actualites\/","logo":{"@type":"ImageObject","inLanguage":"fr-BE","@id":"https:\/\/vieassociative.be\/actualites\/#\/schema\/logo\/image\/","url":"https:\/\/vieassociative.be\/actualites\/wp-content\/uploads\/2024\/09\/cropped-vieassociative_favicon.ico.png","contentUrl":"https:\/\/vieassociative.be\/actualites\/wp-content\/uploads\/2024\/09\/cropped-vieassociative_favicon.ico.png","width":512,"height":512,"caption":"Vie Associative"},"image":{"@id":"https:\/\/vieassociative.be\/actualites\/#\/schema\/logo\/image\/"}},{"@type":"Person","@id":"https:\/\/vieassociative.be\/actualites\/#\/schema\/person\/b87ac4f82f9d4e7b7cec7395b679edc4","name":"Julien","image":{"@type":"ImageObject","inLanguage":"fr-BE","@id":"https:\/\/vieassociative.be\/actualites\/#\/schema\/person\/image\/","url":"https:\/\/vieassociative.be\/actualites\/wp-content\/uploads\/2024\/09\/vie-associative-1-150x150.jpg","contentUrl":"https:\/\/vieassociative.be\/actualites\/wp-content\/uploads\/2024\/09\/vie-associative-1-150x150.jpg","caption":"Julien"},"description":"Je suis Julien, r\u00e9dacteur pour Vie Associative. Passionn\u00e9 par le monde associatif depuis plus de 10 ans, j'ai \u00e0 c\u0153ur de partager des histoires inspirantes et de mettre en lumi\u00e8re les initiatives locales. Mon objectif est de sensibiliser et d'encourager l'engagement communautaire \u00e0 travers mes articles.","sameAs":["https:\/\/vieassociative.be\/"]}]}},"_links":{"self":[{"href":"https:\/\/vieassociative.be\/actualites\/wp-json\/wp\/v2\/posts\/9760"}],"collection":[{"href":"https:\/\/vieassociative.be\/actualites\/wp-json\/wp\/v2\/posts"}],"about":[{"href":"https:\/\/vieassociative.be\/actualites\/wp-json\/wp\/v2\/types\/post"}],"author":[{"embeddable":true,"href":"https:\/\/vieassociative.be\/actualites\/wp-json\/wp\/v2\/users\/1"}],"replies":[{"embeddable":true,"href":"https:\/\/vieassociative.be\/actualites\/wp-json\/wp\/v2\/comments?post=9760"}],"version-history":[{"count":0,"href":"https:\/\/vieassociative.be\/actualites\/wp-json\/wp\/v2\/posts\/9760\/revisions"}],"wp:featuredmedia":[{"embeddable":true,"href":"https:\/\/vieassociative.be\/actualites\/wp-json\/wp\/v2\/media\/9761"}],"wp:attachment":[{"href":"https:\/\/vieassociative.be\/actualites\/wp-json\/wp\/v2\/media?parent=9760"}],"wp:term":[{"taxonomy":"category","embeddable":true,"href":"https:\/\/vieassociative.be\/actualites\/wp-json\/wp\/v2\/categories?post=9760"},{"taxonomy":"post_tag","embeddable":true,"href":"https:\/\/vieassociative.be\/actualites\/wp-json\/wp\/v2\/tags?post=9760"}],"curies":[{"name":"wp","href":"https:\/\/api.w.org\/{rel}","templated":true}]}}