{"id":9758,"date":"2025-09-01T21:17:11","date_gmt":"2025-09-01T19:17:11","guid":{"rendered":"https:\/\/vieassociative.be\/actualites\/les-moniteurs-ultrawide-odyssey-g9-de-samsung-sont-reduits-a-leurs-prix-les-plus-bas-pour-la-fete-du-travail\/"},"modified":"2025-09-01T21:17:11","modified_gmt":"2025-09-01T19:17:11","slug":"les-moniteurs-ultrawide-odyssey-g9-de-samsung-sont-reduits-a-leurs-prix-les-plus-bas-pour-la-fete-du-travail","status":"publish","type":"post","link":"https:\/\/vieassociative.be\/actualites\/les-moniteurs-ultrawide-odyssey-g9-de-samsung-sont-reduits-a-leurs-prix-les-plus-bas-pour-la-fete-du-travail\/","title":{"rendered":"Les moniteurs Ultrawide Odyssey G9 de Samsung sont r\u00e9duits \u00e0 leurs prix les plus bas pour la f\u00eate du Travail"},"content":{"rendered":"<div class=\"mt-4 leading-6 md:mb-8\">Les moniteurs ultrairs de Samsung sont parfaits pour le travail et les jeux immersifs<\/div>\n<p><\/p>\n<p><strong><em>Ventes de la f\u00eate du Travail<\/em><\/strong><em>  roulent, et <strong>Vie Associative partage les meilleures ventes<\/strong><\/em><em>  Bas\u00e9 sur les revues de produits, les comparaisons et les outils de suivi des prix avant la fin. Vous pouvez aussi <strong>Abonnez-vous \u00e0 notre newsletter shopping<\/strong><\/em><em>Ajouter au panier, pour les meilleures ventes envoy\u00e9es dans votre bo\u00eete de r\u00e9ception.<\/em><\/p>\n<hr>\n<p>Les moniteurs ultrairs sont un excellent \u00e9quilibre entre l&rsquo;immobilier de l&rsquo;\u00e9cran d&rsquo;une configuration \u00e0 double monteur avec la commodit\u00e9 d&rsquo;un seul \u00e9cran. Et la ligne Odyssey G9 de Samsung a certains des meilleurs moniteurs de ce type que vous pouvez obtenir. Pour cette f\u00eate du Travail, deux versions &#8211; les mod\u00e8les LCD OLED et VA &#8211; sont \u00e0 la fois en vente pour leurs prix les plus bas respectifs de tous les temps.<\/p>\n<div class=\"shadow-b-2 mb-12 mt-10 rounded-md border-2 border-(#F0F0F0) px-6 py-2 shadow-lg md:px-12\" role=\"region\" aria-label=\"Products List\" x-data=\"{ showMore: false }\">\n<div class=\"flex w-full gap-x-5\">\n<div class=\"flex w-full flex-col flex-nowrap justify-center gap-2 text-black no-underline md:order-2 md:gap-y-6\">\n<div class=\"flex flex-col justify-between gap-y-2 md:w-full md:gap-y-1\">\n<div class=\"block w-fit cursor-pointer font-akshar text-lg font-medium leading-5 text-brand-green duration-200 ease-in-out hover:text-brand-green-700 md:text-xl md:leading-6\">\n<p>                            Samsung 49 \u00ab\u00a0moniteur de jeu incurv\u00e9 OdSsey G9 OLED\n                        <\/p><\/div>\n<\/p><\/div>\n<div class=\"hidden md:flex md:justify-between md:gap-x-4\">\n<div class=\"w-full mb-0 md:flex md:flex-col md:justify-center font-sans leading-4 text-black\">\n<div class=\"flex flex-wrap items-center justify-center gap-1 md:justify-start\">\n        <span class=\"font-bold\"><\/p>\n<p>            899,99 $<br \/>\n                            <span class=\"font-medium\">\u00e0 Amazon<\/span><br \/>\n                    <\/span>\n            <\/div>\n<div class=\"flex items-center justify-center gap-x-1 font-bold md:justify-start\">\n            <span class=\"text-sm line-through\">1 599,99 $<\/span><br \/>\n            <span class=\"text-sm text-brand-green\">\u00c9conomisez 700,00 $<\/span>\n        <\/div>\n<\/p><\/div>\n<p>                            <button class=\"flex justify-center items-center w-full bg-brand-green text-white text-base font-sans font-medium rounded-md hover:bg-brand-green-700 hover:cursor-pointer md:text-sm hidden self-end h-12 max-w-(10rem) duration-200 ease-in-out hover:bg-brand-green-700 md:flex md:h-10\"><\/p>\n<p>    Conclure un accord<br \/>\n<\/button>\n                        <\/div>\n<\/p><\/div>\n<div class=\"flex aspect-video h-(90px) shrink-0 items-center justify-center self-center md:order-1\">\n                        <img decoding=\"async\" class=\"m-0 max-h-full max-w-full rounded-md\" src=\"https:\/\/vieassociative.be\/actualites\/wp-content\/uploads\/2025\/09\/Les-moniteurs-Ultrawide-Odyssey-G9-de-Samsung-sont-reduits-a.jpg\" alt=\"Samsung 49\" odyssey g93sc series oled curved gaming monitor dual qhd displayhdr true black freesync premium pro height adjustable stand ls49cg932snxza width=\"auto\" loading=\"lazy\">\n                    <\/div>\n<\/p><\/div>\n<p>                            <button class=\"flex justify-center items-center w-full bg-brand-green text-white text-base font-sans font-medium rounded-md hover:bg-brand-green-700 hover:cursor-pointer md:text-sm w-full h-12 duration-200 ease-in-out hover:bg-brand-green-700 md:hidden md:h-10\"><\/p>\n<p>    Conclure un accord<br \/>\n<\/button><\/p>\n<div class=\"flex flex-col items-center w-full md:hidden font-sans leading-4 text-black\">\n<div class=\"flex flex-wrap items-center justify-center gap-1 md:justify-start\">\n        <span class=\"font-bold\"><\/p>\n<p>            899,99 $<br \/>\n                            <span class=\"font-medium\">\u00e0 Amazon<\/span><br \/>\n                    <\/span>\n            <\/div>\n<div class=\"flex items-center justify-center gap-x-1 font-bold md:justify-start\">\n            <span class=\"text-sm line-through\">1 599,99 $<\/span><br \/>\n            <span class=\"text-sm text-brand-green\">\u00c9conomisez 700,00 $<\/span>\n        <\/div>\n<\/p><\/div>\n<div class=\"flex w-full gap-x-5\">\n<div class=\"flex w-full flex-col flex-nowrap justify-center gap-2 text-black no-underline md:order-2 md:gap-y-6\">\n<div class=\"flex flex-col justify-between gap-y-2 md:w-full md:gap-y-1\">\n<div class=\"block w-fit cursor-pointer font-akshar text-lg font-medium leading-5 text-brand-green duration-200 ease-in-out hover:text-brand-green-700 md:text-xl md:leading-6\">\n<p>                            Samsung 49 \u00ab\u00a0Odyssey G9 LDC Curved Gaming Monitor\n                        <\/p><\/div>\n<\/p><\/div>\n<div class=\"hidden md:flex md:justify-between md:gap-x-4\">\n<div class=\"w-full mb-0 md:flex md:flex-col md:justify-center font-sans leading-4 text-black\">\n<div class=\"flex flex-wrap items-center justify-center gap-1 md:justify-start\">\n        <span class=\"font-bold\"><\/p>\n<p>            699,99 $<br \/>\n                            <span class=\"font-medium\">\u00e0 Amazon<\/span><br \/>\n                    <\/span>\n            <\/div>\n<div class=\"flex items-center justify-center gap-x-1 font-bold md:justify-start\">\n            <span class=\"text-sm line-through\">999,99 $<\/span><br \/>\n            <span class=\"text-sm text-brand-green\">\u00c9conomisez 300,00 $<\/span>\n        <\/div>\n<\/p><\/div>\n<p>                            <button class=\"flex justify-center items-center w-full bg-brand-green text-white text-base font-sans font-medium rounded-md hover:bg-brand-green-700 hover:cursor-pointer md:text-sm hidden self-end h-12 max-w-(10rem) duration-200 ease-in-out hover:bg-brand-green-700 md:flex md:h-10\"><\/p>\n<p>    Conclure un accord<br \/>\n<\/button>\n                        <\/div>\n<\/p><\/div>\n<div class=\"flex aspect-video h-(90px) shrink-0 items-center justify-center self-center md:order-1\">\n                        <img decoding=\"async\" class=\"m-0 max-h-full max-w-full rounded-md\" src=\"https:\/\/vieassociative.be\/actualites\/wp-content\/uploads\/2025\/09\/1756754231_340_Les-moniteurs-Ultrawide-Odyssey-G9-de-Samsung-sont-reduits-a.jpg\" alt=\"Samsung 49\" odyssey g9 series dqhd curved gaming monitor displayhdr amd freesync premium pro eye saver mode auto source switch ls49cg950enxza width=\"auto\" height=\"auto\" loading=\"lazy\">\n                    <\/div>\n<\/p><\/div>\n<p>                            <button class=\"flex justify-center items-center w-full bg-brand-green text-white text-base font-sans font-medium rounded-md hover:bg-brand-green-700 hover:cursor-pointer md:text-sm w-full h-12 duration-200 ease-in-out hover:bg-brand-green-700 md:hidden md:h-10\"><\/p>\n<p>    Conclure un accord<br \/>\n<\/button><\/p>\n<div class=\"flex flex-col items-center w-full md:hidden font-sans leading-4 text-black\">\n<div class=\"flex flex-wrap items-center justify-center gap-1 md:justify-start\">\n        <span class=\"font-bold\"><\/p>\n<p>            699,99 $<br \/>\n                            <span class=\"font-medium\">\u00e0 Amazon<\/span><br \/>\n                    <\/span>\n            <\/div>\n<div class=\"flex items-center justify-center gap-x-1 font-bold md:justify-start\">\n            <span class=\"text-sm line-through\">999,99 $<\/span><br \/>\n            <span class=\"text-sm text-brand-green\">\u00c9conomisez 300,00 $<\/span>\n        <\/div>\n<\/p><\/div>\n<\/div>\n<p>Tout d&rsquo;abord, nous avons le mod\u00e8le ODYSSE G9 OLED, qui arbore un panneau QD-Oled pour les niveaux noirs parfaits et le contraste net, une r\u00e9solution de 5120&#215;1440 (l&rsquo;\u00e9quivalent de deux moniteurs 1440p c\u00f4te \u00e0 c\u00f4te), et il a un taux de rafra\u00eechissement de 240Hz, ce qui le rend excellent pour le jeu. Dans mon exp\u00e9rience, jouer \u00e0 des jeux comme <em>Overwatch 2<\/em>Les moniteurs ultrairs sont vraiment plus utiles pour la vision p\u00e9riph\u00e9rique suppl\u00e9mentaire. La courbure de 1800r rapproche les c\u00f4t\u00e9s de l&rsquo;\u00e9cran, sans se sentir d\u00e9pass\u00e9 par le moniteur.<\/p>\n<p>\u00c0 l&rsquo;heure actuelle, le mod\u00e8le OLED est tomb\u00e9 \u00e0 900 $ par rapport \u00e0 ses 1 600 $ habituels. Ce n&rsquo;est pas la premi\u00e8re fois qu&rsquo;il est mis en vente, mais c&rsquo;est seulement la deuxi\u00e8me fois que je le vois aussi bas.<\/p>\n<p>Ensuite, il y a la version LCD de l&rsquo;Odyssey G9. Cet affichage est sensiblement similaire au mod\u00e8le ci-dessus, avec le m\u00eame affichage ultrairs de 49 \u00ab\u00a0, la m\u00eame r\u00e9solution 5120&#215;1440 et le m\u00eame taux de rafra\u00eechissement de 240 Hz pour les jeux lisses. La diff\u00e9rence la plus notable est son panneau LCD, qui n&rsquo;obtient pas tout \u00e0 fait les m\u00eames niveaux noirs parfaits que OLED, mais est \u00e9galement un peu moins ch\u00e8re.<\/p>\n<p>Une autre diff\u00e9rence cl\u00e9 est la courbure. \u00c0 1000R, ce moniteur est beaucoup plus incurv\u00e9 que la version OLED. Que ce soit une bonne chose peut \u00eatre subjective, mais cela signifie que les c\u00f4t\u00e9s du moniteur sont encore plus proches de vous. Selon la fa\u00e7on dont vous l&rsquo;utilisez, cela peut signifier moins de fatigue oculaire lorsque vous regardez les c\u00f4t\u00e9s du moniteur, mais cela peut \u00e9galement \u00eatre un peu \u00e9crasant pour certaines personnes. <\/p>\n<p>La version LCD est en baisse \u00e0 700 $ par rapport \u00e0 un prix normal de 1 000 $. C&rsquo;est la premi\u00e8re fois que je vois ce moniteur particulier laisser tomber ce bas, donc c&rsquo;est un meilleur moment que jamais d&rsquo;en prendre un.<\/p>\n","protected":false},"excerpt":{"rendered":"<p>Les moniteurs ultrairs de Samsung sont parfaits pour le travail et les jeux immersifs Ventes de la f\u00eate du Travail roulent, et Vie Associative partage<\/p>\n","protected":false},"author":1,"featured_media":9759,"comment_status":"","ping_status":"","sticky":false,"template":"","format":"standard","meta":{"footnotes":""},"categories":[13],"tags":[700,1485,14,845,8371,7831,81,1399,5805,1878,18,504,1881],"class_list":["post-9758","post","type-post","status-publish","format-standard","has-post-thumbnail","hentry","category-technologie","tag-bas","tag-fete","tag-les","tag-leurs","tag-moniteurs","tag-odyssey","tag-pour","tag-prix","tag-reduits","tag-samsung","tag-sont","tag-travail","tag-ultrawide","generate-columns","tablet-grid-50","mobile-grid-100","grid-parent","grid-33"],"yoast_head":"<!-- This site is optimized with the Yoast SEO plugin v24.0 - https:\/\/yoast.com\/wordpress\/plugins\/seo\/ -->\n<title>Les moniteurs Ultrawide Odyssey G9 de Samsung sont r\u00e9duits \u00e0 leurs prix les plus bas pour la f\u00eate du Travail | Vie Associative<\/title>\n<meta name=\"robots\" content=\"index, follow, max-snippet:-1, max-image-preview:large, max-video-preview:-1\" \/>\n<link rel=\"canonical\" href=\"https:\/\/vieassociative.be\/actualites\/les-moniteurs-ultrawide-odyssey-g9-de-samsung-sont-reduits-a-leurs-prix-les-plus-bas-pour-la-fete-du-travail\/\" \/>\n<meta property=\"og:locale\" content=\"fr_FR\" \/>\n<meta property=\"og:type\" content=\"article\" \/>\n<meta property=\"og:title\" content=\"Les moniteurs Ultrawide Odyssey G9 de Samsung sont r\u00e9duits \u00e0 leurs prix les plus bas pour la f\u00eate du Travail | Vie Associative\" \/>\n<meta property=\"og:description\" content=\"Les moniteurs ultrairs de Samsung sont parfaits pour le travail et les jeux immersifs Ventes de la f\u00eate du Travail roulent, et Vie Associative partage\" \/>\n<meta property=\"og:url\" content=\"https:\/\/vieassociative.be\/actualites\/les-moniteurs-ultrawide-odyssey-g9-de-samsung-sont-reduits-a-leurs-prix-les-plus-bas-pour-la-fete-du-travail\/\" \/>\n<meta property=\"og:site_name\" content=\"Vie Associative\" \/>\n<meta property=\"article:published_time\" content=\"2025-09-01T19:17:11+00:00\" \/>\n<meta property=\"og:image\" content=\"https:\/\/vieassociative.be\/actualites\/wp-content\/uploads\/2025\/09\/Les-moniteurs-Ultrawide-Odyssey-G9-de-Samsung-sont-reduits-a.jpg\" \/>\n<meta name=\"author\" content=\"Julien\" \/>\n<meta name=\"twitter:card\" content=\"summary_large_image\" \/>\n<meta name=\"twitter:label1\" content=\"\u00c9crit par\" \/>\n\t<meta name=\"twitter:data1\" content=\"Julien\" \/>\n\t<meta name=\"twitter:label2\" content=\"Dur\u00e9e de lecture est.\" \/>\n\t<meta name=\"twitter:data2\" content=\"3 minutes\" \/>\n<script type=\"application\/ld+json\" class=\"yoast-schema-graph\">{\"@context\":\"https:\/\/schema.org\",\"@graph\":[{\"@type\":\"Article\",\"@id\":\"https:\/\/vieassociative.be\/actualites\/les-moniteurs-ultrawide-odyssey-g9-de-samsung-sont-reduits-a-leurs-prix-les-plus-bas-pour-la-fete-du-travail\/#article\",\"isPartOf\":{\"@id\":\"https:\/\/vieassociative.be\/actualites\/les-moniteurs-ultrawide-odyssey-g9-de-samsung-sont-reduits-a-leurs-prix-les-plus-bas-pour-la-fete-du-travail\/\"},\"author\":{\"name\":\"Julien\",\"@id\":\"https:\/\/vieassociative.be\/actualites\/#\/schema\/person\/b87ac4f82f9d4e7b7cec7395b679edc4\"},\"headline\":\"Les moniteurs Ultrawide Odyssey G9 de Samsung sont r\u00e9duits \u00e0 leurs prix les plus bas pour la f\u00eate du Travail\",\"datePublished\":\"2025-09-01T19:17:11+00:00\",\"dateModified\":\"2025-09-01T19:17:11+00:00\",\"mainEntityOfPage\":{\"@id\":\"https:\/\/vieassociative.be\/actualites\/les-moniteurs-ultrawide-odyssey-g9-de-samsung-sont-reduits-a-leurs-prix-les-plus-bas-pour-la-fete-du-travail\/\"},\"wordCount\":544,\"publisher\":{\"@id\":\"https:\/\/vieassociative.be\/actualites\/#organization\"},\"image\":{\"@id\":\"https:\/\/vieassociative.be\/actualites\/les-moniteurs-ultrawide-odyssey-g9-de-samsung-sont-reduits-a-leurs-prix-les-plus-bas-pour-la-fete-du-travail\/#primaryimage\"},\"thumbnailUrl\":\"https:\/\/vieassociative.be\/actualites\/wp-content\/uploads\/2025\/09\/Les-moniteurs-Ultrawide-Odyssey-G9-de-Samsung-sont-reduits-a.png\",\"keywords\":[\"bas\",\"f\u00eate\",\"Les\",\"leurs\",\"moniteurs\",\"Odyssey\",\"pour\",\"prix\",\"r\u00e9duits\",\"Samsung\",\"sont\",\"travail\",\"UltraWide\"],\"articleSection\":[\"Technologie\"],\"inLanguage\":\"fr-BE\"},{\"@type\":\"WebPage\",\"@id\":\"https:\/\/vieassociative.be\/actualites\/les-moniteurs-ultrawide-odyssey-g9-de-samsung-sont-reduits-a-leurs-prix-les-plus-bas-pour-la-fete-du-travail\/\",\"url\":\"https:\/\/vieassociative.be\/actualites\/les-moniteurs-ultrawide-odyssey-g9-de-samsung-sont-reduits-a-leurs-prix-les-plus-bas-pour-la-fete-du-travail\/\",\"name\":\"Les moniteurs Ultrawide Odyssey G9 de Samsung sont r\u00e9duits \u00e0 leurs prix les plus bas pour la f\u00eate du Travail | Vie Associative\",\"isPartOf\":{\"@id\":\"https:\/\/vieassociative.be\/actualites\/#website\"},\"primaryImageOfPage\":{\"@id\":\"https:\/\/vieassociative.be\/actualites\/les-moniteurs-ultrawide-odyssey-g9-de-samsung-sont-reduits-a-leurs-prix-les-plus-bas-pour-la-fete-du-travail\/#primaryimage\"},\"image\":{\"@id\":\"https:\/\/vieassociative.be\/actualites\/les-moniteurs-ultrawide-odyssey-g9-de-samsung-sont-reduits-a-leurs-prix-les-plus-bas-pour-la-fete-du-travail\/#primaryimage\"},\"thumbnailUrl\":\"https:\/\/vieassociative.be\/actualites\/wp-content\/uploads\/2025\/09\/Les-moniteurs-Ultrawide-Odyssey-G9-de-Samsung-sont-reduits-a.png\",\"datePublished\":\"2025-09-01T19:17:11+00:00\",\"dateModified\":\"2025-09-01T19:17:11+00:00\",\"breadcrumb\":{\"@id\":\"https:\/\/vieassociative.be\/actualites\/les-moniteurs-ultrawide-odyssey-g9-de-samsung-sont-reduits-a-leurs-prix-les-plus-bas-pour-la-fete-du-travail\/#breadcrumb\"},\"inLanguage\":\"fr-BE\",\"potentialAction\":[{\"@type\":\"ReadAction\",\"target\":[\"https:\/\/vieassociative.be\/actualites\/les-moniteurs-ultrawide-odyssey-g9-de-samsung-sont-reduits-a-leurs-prix-les-plus-bas-pour-la-fete-du-travail\/\"]}]},{\"@type\":\"ImageObject\",\"inLanguage\":\"fr-BE\",\"@id\":\"https:\/\/vieassociative.be\/actualites\/les-moniteurs-ultrawide-odyssey-g9-de-samsung-sont-reduits-a-leurs-prix-les-plus-bas-pour-la-fete-du-travail\/#primaryimage\",\"url\":\"https:\/\/vieassociative.be\/actualites\/wp-content\/uploads\/2025\/09\/Les-moniteurs-Ultrawide-Odyssey-G9-de-Samsung-sont-reduits-a.png\",\"contentUrl\":\"https:\/\/vieassociative.be\/actualites\/wp-content\/uploads\/2025\/09\/Les-moniteurs-Ultrawide-Odyssey-G9-de-Samsung-sont-reduits-a.png\",\"width\":1200,\"height\":675,\"caption\":\"Les moniteurs Ultrawide Odyssey G9 de Samsung sont r\u00e9duits \u00e0 leurs prix les plus bas pour la f\u00eate du Travail\"},{\"@type\":\"BreadcrumbList\",\"@id\":\"https:\/\/vieassociative.be\/actualites\/les-moniteurs-ultrawide-odyssey-g9-de-samsung-sont-reduits-a-leurs-prix-les-plus-bas-pour-la-fete-du-travail\/#breadcrumb\",\"itemListElement\":[{\"@type\":\"ListItem\",\"position\":1,\"name\":\"Accueil\",\"item\":\"https:\/\/vieassociative.be\/actualites\/\"},{\"@type\":\"ListItem\",\"position\":2,\"name\":\"Les moniteurs Ultrawide Odyssey G9 de Samsung sont r\u00e9duits \u00e0 leurs prix les plus bas pour la f\u00eate du Travail\"}]},{\"@type\":\"WebSite\",\"@id\":\"https:\/\/vieassociative.be\/actualites\/#website\",\"url\":\"https:\/\/vieassociative.be\/actualites\/\",\"name\":\"Vie Associative\",\"description\":\"\",\"publisher\":{\"@id\":\"https:\/\/vieassociative.be\/actualites\/#organization\"},\"potentialAction\":[{\"@type\":\"SearchAction\",\"target\":{\"@type\":\"EntryPoint\",\"urlTemplate\":\"https:\/\/vieassociative.be\/actualites\/?s={search_term_string}\"},\"query-input\":{\"@type\":\"PropertyValueSpecification\",\"valueRequired\":true,\"valueName\":\"search_term_string\"}}],\"inLanguage\":\"fr-BE\"},{\"@type\":\"Organization\",\"@id\":\"https:\/\/vieassociative.be\/actualites\/#organization\",\"name\":\"Vie Associative\",\"url\":\"https:\/\/vieassociative.be\/actualites\/\",\"logo\":{\"@type\":\"ImageObject\",\"inLanguage\":\"fr-BE\",\"@id\":\"https:\/\/vieassociative.be\/actualites\/#\/schema\/logo\/image\/\",\"url\":\"https:\/\/vieassociative.be\/actualites\/wp-content\/uploads\/2024\/09\/cropped-vieassociative_favicon.ico.png\",\"contentUrl\":\"https:\/\/vieassociative.be\/actualites\/wp-content\/uploads\/2024\/09\/cropped-vieassociative_favicon.ico.png\",\"width\":512,\"height\":512,\"caption\":\"Vie Associative\"},\"image\":{\"@id\":\"https:\/\/vieassociative.be\/actualites\/#\/schema\/logo\/image\/\"}},{\"@type\":\"Person\",\"@id\":\"https:\/\/vieassociative.be\/actualites\/#\/schema\/person\/b87ac4f82f9d4e7b7cec7395b679edc4\",\"name\":\"Julien\",\"image\":{\"@type\":\"ImageObject\",\"inLanguage\":\"fr-BE\",\"@id\":\"https:\/\/vieassociative.be\/actualites\/#\/schema\/person\/image\/\",\"url\":\"https:\/\/vieassociative.be\/actualites\/wp-content\/uploads\/2024\/09\/vie-associative-1-150x150.jpg\",\"contentUrl\":\"https:\/\/vieassociative.be\/actualites\/wp-content\/uploads\/2024\/09\/vie-associative-1-150x150.jpg\",\"caption\":\"Julien\"},\"description\":\"Je suis Julien, r\u00e9dacteur pour Vie Associative. Passionn\u00e9 par le monde associatif depuis plus de 10 ans, j'ai \u00e0 c\u0153ur de partager des histoires inspirantes et de mettre en lumi\u00e8re les initiatives locales. Mon objectif est de sensibiliser et d'encourager l'engagement communautaire \u00e0 travers mes articles.\",\"sameAs\":[\"https:\/\/vieassociative.be\/\"]}]}<\/script>\n<!-- \/ Yoast SEO plugin. -->","yoast_head_json":{"title":"Les moniteurs Ultrawide Odyssey G9 de Samsung sont r\u00e9duits \u00e0 leurs prix les plus bas pour la f\u00eate du Travail | Vie Associative","robots":{"index":"index","follow":"follow","max-snippet":"max-snippet:-1","max-image-preview":"max-image-preview:large","max-video-preview":"max-video-preview:-1"},"canonical":"https:\/\/vieassociative.be\/actualites\/les-moniteurs-ultrawide-odyssey-g9-de-samsung-sont-reduits-a-leurs-prix-les-plus-bas-pour-la-fete-du-travail\/","og_locale":"fr_FR","og_type":"article","og_title":"Les moniteurs Ultrawide Odyssey G9 de Samsung sont r\u00e9duits \u00e0 leurs prix les plus bas pour la f\u00eate du Travail | Vie Associative","og_description":"Les moniteurs ultrairs de Samsung sont parfaits pour le travail et les jeux immersifs Ventes de la f\u00eate du Travail roulent, et Vie Associative partage","og_url":"https:\/\/vieassociative.be\/actualites\/les-moniteurs-ultrawide-odyssey-g9-de-samsung-sont-reduits-a-leurs-prix-les-plus-bas-pour-la-fete-du-travail\/","og_site_name":"Vie Associative","article_published_time":"2025-09-01T19:17:11+00:00","og_image":[{"url":"https:\/\/vieassociative.be\/actualites\/wp-content\/uploads\/2025\/09\/Les-moniteurs-Ultrawide-Odyssey-G9-de-Samsung-sont-reduits-a.jpg","type":"","width":"","height":""}],"author":"Julien","twitter_card":"summary_large_image","twitter_misc":{"\u00c9crit par":"Julien","Dur\u00e9e de lecture est.":"3 minutes"},"schema":{"@context":"https:\/\/schema.org","@graph":[{"@type":"Article","@id":"https:\/\/vieassociative.be\/actualites\/les-moniteurs-ultrawide-odyssey-g9-de-samsung-sont-reduits-a-leurs-prix-les-plus-bas-pour-la-fete-du-travail\/#article","isPartOf":{"@id":"https:\/\/vieassociative.be\/actualites\/les-moniteurs-ultrawide-odyssey-g9-de-samsung-sont-reduits-a-leurs-prix-les-plus-bas-pour-la-fete-du-travail\/"},"author":{"name":"Julien","@id":"https:\/\/vieassociative.be\/actualites\/#\/schema\/person\/b87ac4f82f9d4e7b7cec7395b679edc4"},"headline":"Les moniteurs Ultrawide Odyssey G9 de Samsung sont r\u00e9duits \u00e0 leurs prix les plus bas pour la f\u00eate du Travail","datePublished":"2025-09-01T19:17:11+00:00","dateModified":"2025-09-01T19:17:11+00:00","mainEntityOfPage":{"@id":"https:\/\/vieassociative.be\/actualites\/les-moniteurs-ultrawide-odyssey-g9-de-samsung-sont-reduits-a-leurs-prix-les-plus-bas-pour-la-fete-du-travail\/"},"wordCount":544,"publisher":{"@id":"https:\/\/vieassociative.be\/actualites\/#organization"},"image":{"@id":"https:\/\/vieassociative.be\/actualites\/les-moniteurs-ultrawide-odyssey-g9-de-samsung-sont-reduits-a-leurs-prix-les-plus-bas-pour-la-fete-du-travail\/#primaryimage"},"thumbnailUrl":"https:\/\/vieassociative.be\/actualites\/wp-content\/uploads\/2025\/09\/Les-moniteurs-Ultrawide-Odyssey-G9-de-Samsung-sont-reduits-a.png","keywords":["bas","f\u00eate","Les","leurs","moniteurs","Odyssey","pour","prix","r\u00e9duits","Samsung","sont","travail","UltraWide"],"articleSection":["Technologie"],"inLanguage":"fr-BE"},{"@type":"WebPage","@id":"https:\/\/vieassociative.be\/actualites\/les-moniteurs-ultrawide-odyssey-g9-de-samsung-sont-reduits-a-leurs-prix-les-plus-bas-pour-la-fete-du-travail\/","url":"https:\/\/vieassociative.be\/actualites\/les-moniteurs-ultrawide-odyssey-g9-de-samsung-sont-reduits-a-leurs-prix-les-plus-bas-pour-la-fete-du-travail\/","name":"Les moniteurs Ultrawide Odyssey G9 de Samsung sont r\u00e9duits \u00e0 leurs prix les plus bas pour la f\u00eate du Travail | Vie Associative","isPartOf":{"@id":"https:\/\/vieassociative.be\/actualites\/#website"},"primaryImageOfPage":{"@id":"https:\/\/vieassociative.be\/actualites\/les-moniteurs-ultrawide-odyssey-g9-de-samsung-sont-reduits-a-leurs-prix-les-plus-bas-pour-la-fete-du-travail\/#primaryimage"},"image":{"@id":"https:\/\/vieassociative.be\/actualites\/les-moniteurs-ultrawide-odyssey-g9-de-samsung-sont-reduits-a-leurs-prix-les-plus-bas-pour-la-fete-du-travail\/#primaryimage"},"thumbnailUrl":"https:\/\/vieassociative.be\/actualites\/wp-content\/uploads\/2025\/09\/Les-moniteurs-Ultrawide-Odyssey-G9-de-Samsung-sont-reduits-a.png","datePublished":"2025-09-01T19:17:11+00:00","dateModified":"2025-09-01T19:17:11+00:00","breadcrumb":{"@id":"https:\/\/vieassociative.be\/actualites\/les-moniteurs-ultrawide-odyssey-g9-de-samsung-sont-reduits-a-leurs-prix-les-plus-bas-pour-la-fete-du-travail\/#breadcrumb"},"inLanguage":"fr-BE","potentialAction":[{"@type":"ReadAction","target":["https:\/\/vieassociative.be\/actualites\/les-moniteurs-ultrawide-odyssey-g9-de-samsung-sont-reduits-a-leurs-prix-les-plus-bas-pour-la-fete-du-travail\/"]}]},{"@type":"ImageObject","inLanguage":"fr-BE","@id":"https:\/\/vieassociative.be\/actualites\/les-moniteurs-ultrawide-odyssey-g9-de-samsung-sont-reduits-a-leurs-prix-les-plus-bas-pour-la-fete-du-travail\/#primaryimage","url":"https:\/\/vieassociative.be\/actualites\/wp-content\/uploads\/2025\/09\/Les-moniteurs-Ultrawide-Odyssey-G9-de-Samsung-sont-reduits-a.png","contentUrl":"https:\/\/vieassociative.be\/actualites\/wp-content\/uploads\/2025\/09\/Les-moniteurs-Ultrawide-Odyssey-G9-de-Samsung-sont-reduits-a.png","width":1200,"height":675,"caption":"Les moniteurs Ultrawide Odyssey G9 de Samsung sont r\u00e9duits \u00e0 leurs prix les plus bas pour la f\u00eate du Travail"},{"@type":"BreadcrumbList","@id":"https:\/\/vieassociative.be\/actualites\/les-moniteurs-ultrawide-odyssey-g9-de-samsung-sont-reduits-a-leurs-prix-les-plus-bas-pour-la-fete-du-travail\/#breadcrumb","itemListElement":[{"@type":"ListItem","position":1,"name":"Accueil","item":"https:\/\/vieassociative.be\/actualites\/"},{"@type":"ListItem","position":2,"name":"Les moniteurs Ultrawide Odyssey G9 de Samsung sont r\u00e9duits \u00e0 leurs prix les plus bas pour la f\u00eate du Travail"}]},{"@type":"WebSite","@id":"https:\/\/vieassociative.be\/actualites\/#website","url":"https:\/\/vieassociative.be\/actualites\/","name":"Vie Associative","description":"","publisher":{"@id":"https:\/\/vieassociative.be\/actualites\/#organization"},"potentialAction":[{"@type":"SearchAction","target":{"@type":"EntryPoint","urlTemplate":"https:\/\/vieassociative.be\/actualites\/?s={search_term_string}"},"query-input":{"@type":"PropertyValueSpecification","valueRequired":true,"valueName":"search_term_string"}}],"inLanguage":"fr-BE"},{"@type":"Organization","@id":"https:\/\/vieassociative.be\/actualites\/#organization","name":"Vie Associative","url":"https:\/\/vieassociative.be\/actualites\/","logo":{"@type":"ImageObject","inLanguage":"fr-BE","@id":"https:\/\/vieassociative.be\/actualites\/#\/schema\/logo\/image\/","url":"https:\/\/vieassociative.be\/actualites\/wp-content\/uploads\/2024\/09\/cropped-vieassociative_favicon.ico.png","contentUrl":"https:\/\/vieassociative.be\/actualites\/wp-content\/uploads\/2024\/09\/cropped-vieassociative_favicon.ico.png","width":512,"height":512,"caption":"Vie Associative"},"image":{"@id":"https:\/\/vieassociative.be\/actualites\/#\/schema\/logo\/image\/"}},{"@type":"Person","@id":"https:\/\/vieassociative.be\/actualites\/#\/schema\/person\/b87ac4f82f9d4e7b7cec7395b679edc4","name":"Julien","image":{"@type":"ImageObject","inLanguage":"fr-BE","@id":"https:\/\/vieassociative.be\/actualites\/#\/schema\/person\/image\/","url":"https:\/\/vieassociative.be\/actualites\/wp-content\/uploads\/2024\/09\/vie-associative-1-150x150.jpg","contentUrl":"https:\/\/vieassociative.be\/actualites\/wp-content\/uploads\/2024\/09\/vie-associative-1-150x150.jpg","caption":"Julien"},"description":"Je suis Julien, r\u00e9dacteur pour Vie Associative. Passionn\u00e9 par le monde associatif depuis plus de 10 ans, j'ai \u00e0 c\u0153ur de partager des histoires inspirantes et de mettre en lumi\u00e8re les initiatives locales. Mon objectif est de sensibiliser et d'encourager l'engagement communautaire \u00e0 travers mes articles.","sameAs":["https:\/\/vieassociative.be\/"]}]}},"_links":{"self":[{"href":"https:\/\/vieassociative.be\/actualites\/wp-json\/wp\/v2\/posts\/9758"}],"collection":[{"href":"https:\/\/vieassociative.be\/actualites\/wp-json\/wp\/v2\/posts"}],"about":[{"href":"https:\/\/vieassociative.be\/actualites\/wp-json\/wp\/v2\/types\/post"}],"author":[{"embeddable":true,"href":"https:\/\/vieassociative.be\/actualites\/wp-json\/wp\/v2\/users\/1"}],"replies":[{"embeddable":true,"href":"https:\/\/vieassociative.be\/actualites\/wp-json\/wp\/v2\/comments?post=9758"}],"version-history":[{"count":0,"href":"https:\/\/vieassociative.be\/actualites\/wp-json\/wp\/v2\/posts\/9758\/revisions"}],"wp:featuredmedia":[{"embeddable":true,"href":"https:\/\/vieassociative.be\/actualites\/wp-json\/wp\/v2\/media\/9759"}],"wp:attachment":[{"href":"https:\/\/vieassociative.be\/actualites\/wp-json\/wp\/v2\/media?parent=9758"}],"wp:term":[{"taxonomy":"category","embeddable":true,"href":"https:\/\/vieassociative.be\/actualites\/wp-json\/wp\/v2\/categories?post=9758"},{"taxonomy":"post_tag","embeddable":true,"href":"https:\/\/vieassociative.be\/actualites\/wp-json\/wp\/v2\/tags?post=9758"}],"curies":[{"name":"wp","href":"https:\/\/api.w.org\/{rel}","templated":true}]}}