{"id":9756,"date":"2025-09-01T16:17:25","date_gmt":"2025-09-01T14:17:25","guid":{"rendered":"https:\/\/vieassociative.be\/actualites\/sur-les-traces-de-roger-van-gool-1-fc-koln-veut-obtenir-un-ex-as-eupen-le-joueur-alessio-castro-montes\/"},"modified":"2025-09-01T16:17:25","modified_gmt":"2025-09-01T14:17:25","slug":"sur-les-traces-de-roger-van-gool-1-fc-koln-veut-obtenir-un-ex-as-eupen-le-joueur-alessio-castro-montes","status":"publish","type":"post","link":"https:\/\/vieassociative.be\/actualites\/sur-les-traces-de-roger-van-gool-1-fc-koln-veut-obtenir-un-ex-as-eupen-le-joueur-alessio-castro-montes\/","title":{"rendered":"Sur les traces de Roger Van Gool: 1. FC K\u00f6ln veut obtenir un ex-As-Eupen le joueur Alessio Castro-Montes"},"content":{"rendered":"<p><strong>Peu avant le transfert, le 1er FC K\u00f6ln est bas\u00e9 sur l&rsquo;obligation d&rsquo;Alessio Castro-Montes. Le joueur de 28 ans vient du champion de l&rsquo;\u00c9tat belge Royale Union Saint-Gilloise et s&rsquo;est fait un nom dans la robe de l&rsquo;Eupen au d\u00e9but de sa carri\u00e8re de football.<\/strong><\/p>\n<p><span id=\"more-423591\"><\/span>En tant que Sky, le rapport \u00ab\u00a0Kicker\u00a0\u00bb et \u00ab\u00a0K\u00f6lner Stadt-Anzeiger\u00a0\u00bb, le 1. Le FC K\u00f6ln avait agressivement annonc\u00e9 le joueur d&rsquo;aile de Padersorborn, Raphael Obermair, mais le transfert n&rsquo;a pas encore \u00e9t\u00e9 \u00e9tabli.<\/p>\n<p>Castro-Montes \u00e9tait d\u00e9j\u00e0 \u00e0 Cologne lundi et a subi le ch\u00e8que m\u00e9dical obligatoire l\u00e0-bas. Il a jou\u00e9 pour Eupen de 2017 \u00e0 2019 avant de d\u00e9m\u00e9nager \u00e0 Kaa Gent.<\/p>\n<div id=\"attachment_141979\" class=\"wp-caption alignleft\" style=\"max-width: 300px\"><img fetchpriority=\"high\" decoding=\"async\" class=\"wp-image-141979 size-medium\" src=\"https:\/\/vieassociative.be\/actualites\/wp-content\/uploads\/2025\/09\/Sur-les-traces-de-Roger-Van-Gool-1-FC-Koln.jpg\" alt=\"\" width=\"300\" height=\"210\"  ><\/div>\n<p>Dans le maillot AS, le Sint Truiden (fils d&rsquo;un p\u00e8re espagnol et une m\u00e8re belge) l&rsquo;a ramen\u00e9 \u00e0 36 missions et a marqu\u00e9 deux buts. Le joueur d&rsquo;aile utilisable avec flexible peut \u00eatre utilis\u00e9 sur les deux droits et sur la voie ext\u00e9rieure gauche d\u00e9montr\u00e9e ses qualit\u00e9s, en particulier \u00e0 l&rsquo;Union Saint-Gilloise.<\/p>\n<p>Le milieu de terrain a compl\u00e9t\u00e9 un total de 58 missions pour l&rsquo;Union, dont certains dans la qualification en Ligue des champions et en Ligue Europa. Son contrat avec le champion belge r\u00e9gnant se d\u00e9roule jusqu&rsquo;\u00e0 l&rsquo;\u00e9t\u00e9 2026.<\/p>\n<p>Castro-Montes est toujours candidat \u00e0 une place dans le contingent belge de l&rsquo;entra\u00eeneur national Rudi Garcia pour la Coupe du monde 2026 aux \u00c9tats-Unis, au Mexique et au Canada.<\/p>\n<p>Les concurrents de la position de droite -back sont, entre autres, Timothy Castagne (FC Fulham), Thomas Meunier (OSC Lille) et Joaquin Seys (FC Bruges). <\/p>\n<\/p>\n<div id=\"attachment_376898\" class=\"wp-caption alignleft\" style=\"max-width: 300px\"><img decoding=\"async\" class=\"wp-image-376898 size-medium\" src=\"https:\/\/vieassociative.be\/actualites\/wp-content\/uploads\/2025\/09\/1756736245_418_Sur-les-traces-de-Roger-Van-Gool-1-FC-Koln.jpg\" alt=\"\" width=\"300\" height=\"200\"><\/div>\n<p>\u00c9tant donn\u00e9 que Seys a ses forces, en particulier \u00e0 gauche, Castro-Montes a une chance de place dans l&rsquo;\u00e9quipe de la Coupe du monde belge en cas de bonnes performances en Bundesliga.<\/p>\n<p>L&rsquo;offre du 1. FC K\u00f6ln doit \u00eatre tr\u00e8s attrayante, car Castro-Montes se passe sans la Ligue des champions en cas de changement probable pour Cologne et matchs contre l&rsquo;Inter Milan, le Bayern Munich, l&rsquo;Atl\u00e9tico Madrid, l&rsquo;Olympique Marseille, Galatasaray Istanbul et Newcastle United.<\/p>\n<p>Bien que la Belgique soit si proche de Cologne, il n&rsquo;y a eu que quelques Belges dans le contingent des ch\u00e8vres de Billy dans le pass\u00e9. Mais une norme \u00e9tablie: l&rsquo;international belge Roger Van Gool est venu du FC Bruges au Rhin en 1976 et a remport\u00e9 la Double Championship Cup avec Cologne en 1978.<\/p>\n<p>En 1979, l&rsquo;\u00e9quipe de Cologne a m\u00eame atteint les demi-finales de la Coupe d&rsquo;Europe des champions nationaux, la Ligue des champions d&rsquo;aujourd&rsquo;hui. L&rsquo;engagement de Van Gool a \u00e9galement \u00e9t\u00e9 le premier transfert de Bundesliga \u00e0 co\u00fbter des frais de transfert d&rsquo;un million de points.<\/p>\n<p>Plus tard, les deux Belges sont \u00e9galement venus Sebastiaan Bornauw et Birger bloqu\u00e9s au 1. FC K\u00f6ln. Bornauw joue actuellement \u00e0 Leeds United en Premier League anglaise et peut \u00eatre dans la Jupil Pro League \u00e0 Oh L\u00f6wen. (Cre)<\/p>\n","protected":false},"excerpt":{"rendered":"<p>Peu avant le transfert, le 1er FC K\u00f6ln est bas\u00e9 sur l&rsquo;obligation d&rsquo;Alessio Castro-Montes. Le joueur de 28 ans vient du champion de l&rsquo;\u00c9tat belge<\/p>\n","protected":false},"author":1,"featured_media":9757,"comment_status":"","ping_status":"","sticky":false,"template":"","format":"standard","meta":{"footnotes":""},"categories":[298],"tags":[8369,8370,8368,8366,915,8367,14,227,2581,33,8365,4100,2635],"class_list":["post-9756","post","type-post","status-publish","format-standard","has-post-thumbnail","hentry","category-belgique","tag-alessio","tag-castromontes","tag-exaseupen","tag-gool","tag-joueur","tag-koln","tag-les","tag-obtenir","tag-roger","tag-sur","tag-traces","tag-van","tag-veut","generate-columns","tablet-grid-50","mobile-grid-100","grid-parent","grid-33"],"yoast_head":"<!-- This site is optimized with the Yoast SEO plugin v24.0 - https:\/\/yoast.com\/wordpress\/plugins\/seo\/ -->\n<title>Sur les traces de Roger Van Gool: 1. FC K\u00f6ln veut obtenir un ex-As-Eupen le joueur Alessio Castro-Montes | Vie Associative<\/title>\n<meta name=\"robots\" content=\"index, follow, max-snippet:-1, max-image-preview:large, max-video-preview:-1\" \/>\n<link rel=\"canonical\" href=\"https:\/\/vieassociative.be\/actualites\/sur-les-traces-de-roger-van-gool-1-fc-koln-veut-obtenir-un-ex-as-eupen-le-joueur-alessio-castro-montes\/\" \/>\n<meta property=\"og:locale\" content=\"fr_FR\" \/>\n<meta property=\"og:type\" content=\"article\" \/>\n<meta property=\"og:title\" content=\"Sur les traces de Roger Van Gool: 1. FC K\u00f6ln veut obtenir un ex-As-Eupen le joueur Alessio Castro-Montes | Vie Associative\" \/>\n<meta property=\"og:description\" content=\"Peu avant le transfert, le 1er FC K\u00f6ln est bas\u00e9 sur l&rsquo;obligation d&rsquo;Alessio Castro-Montes. Le joueur de 28 ans vient du champion de l&rsquo;\u00c9tat belge\" \/>\n<meta property=\"og:url\" content=\"https:\/\/vieassociative.be\/actualites\/sur-les-traces-de-roger-van-gool-1-fc-koln-veut-obtenir-un-ex-as-eupen-le-joueur-alessio-castro-montes\/\" \/>\n<meta property=\"og:site_name\" content=\"Vie Associative\" \/>\n<meta property=\"article:published_time\" content=\"2025-09-01T14:17:25+00:00\" \/>\n<meta property=\"og:image\" content=\"https:\/\/vieassociative.be\/actualites\/wp-content\/uploads\/2024\/09\/header_backgroundk-01-e1726694325946.png\" \/>\n\t<meta property=\"og:image:width\" content=\"279\" \/>\n\t<meta property=\"og:image:height\" content=\"92\" \/>\n\t<meta property=\"og:image:type\" content=\"image\/png\" \/>\n<meta name=\"author\" content=\"Julien\" \/>\n<meta name=\"twitter:card\" content=\"summary_large_image\" \/>\n<meta name=\"twitter:label1\" content=\"\u00c9crit par\" \/>\n\t<meta name=\"twitter:data1\" content=\"Julien\" \/>\n\t<meta name=\"twitter:label2\" content=\"Dur\u00e9e de lecture est.\" \/>\n\t<meta name=\"twitter:data2\" content=\"2 minutes\" \/>\n<script type=\"application\/ld+json\" class=\"yoast-schema-graph\">{\"@context\":\"https:\/\/schema.org\",\"@graph\":[{\"@type\":\"Article\",\"@id\":\"https:\/\/vieassociative.be\/actualites\/sur-les-traces-de-roger-van-gool-1-fc-koln-veut-obtenir-un-ex-as-eupen-le-joueur-alessio-castro-montes\/#article\",\"isPartOf\":{\"@id\":\"https:\/\/vieassociative.be\/actualites\/sur-les-traces-de-roger-van-gool-1-fc-koln-veut-obtenir-un-ex-as-eupen-le-joueur-alessio-castro-montes\/\"},\"author\":{\"name\":\"Julien\",\"@id\":\"https:\/\/vieassociative.be\/actualites\/#\/schema\/person\/b87ac4f82f9d4e7b7cec7395b679edc4\"},\"headline\":\"Sur les traces de Roger Van Gool: 1. FC K\u00f6ln veut obtenir un ex-As-Eupen le joueur Alessio Castro-Montes\",\"datePublished\":\"2025-09-01T14:17:25+00:00\",\"dateModified\":\"2025-09-01T14:17:25+00:00\",\"mainEntityOfPage\":{\"@id\":\"https:\/\/vieassociative.be\/actualites\/sur-les-traces-de-roger-van-gool-1-fc-koln-veut-obtenir-un-ex-as-eupen-le-joueur-alessio-castro-montes\/\"},\"wordCount\":514,\"publisher\":{\"@id\":\"https:\/\/vieassociative.be\/actualites\/#organization\"},\"image\":{\"@id\":\"https:\/\/vieassociative.be\/actualites\/sur-les-traces-de-roger-van-gool-1-fc-koln-veut-obtenir-un-ex-as-eupen-le-joueur-alessio-castro-montes\/#primaryimage\"},\"thumbnailUrl\":\"https:\/\/vieassociative.be\/actualites\/wp-content\/uploads\/2025\/09\/1756736246_Sur-les-traces-de-Roger-Van-Gool-1-FC-Koln.jpg\",\"keywords\":[\"Alessio\",\"CastroMontes\",\"exAsEupen\",\"Gool\",\"joueur\",\"K\u00f6ln\",\"Les\",\"obtenir\",\"Roger\",\"sur\",\"traces\",\"Van\",\"veut\"],\"articleSection\":[\"Belgique\"],\"inLanguage\":\"fr-BE\"},{\"@type\":\"WebPage\",\"@id\":\"https:\/\/vieassociative.be\/actualites\/sur-les-traces-de-roger-van-gool-1-fc-koln-veut-obtenir-un-ex-as-eupen-le-joueur-alessio-castro-montes\/\",\"url\":\"https:\/\/vieassociative.be\/actualites\/sur-les-traces-de-roger-van-gool-1-fc-koln-veut-obtenir-un-ex-as-eupen-le-joueur-alessio-castro-montes\/\",\"name\":\"Sur les traces de Roger Van Gool: 1. FC K\u00f6ln veut obtenir un ex-As-Eupen le joueur Alessio Castro-Montes | Vie Associative\",\"isPartOf\":{\"@id\":\"https:\/\/vieassociative.be\/actualites\/#website\"},\"primaryImageOfPage\":{\"@id\":\"https:\/\/vieassociative.be\/actualites\/sur-les-traces-de-roger-van-gool-1-fc-koln-veut-obtenir-un-ex-as-eupen-le-joueur-alessio-castro-montes\/#primaryimage\"},\"image\":{\"@id\":\"https:\/\/vieassociative.be\/actualites\/sur-les-traces-de-roger-van-gool-1-fc-koln-veut-obtenir-un-ex-as-eupen-le-joueur-alessio-castro-montes\/#primaryimage\"},\"thumbnailUrl\":\"https:\/\/vieassociative.be\/actualites\/wp-content\/uploads\/2025\/09\/1756736246_Sur-les-traces-de-Roger-Van-Gool-1-FC-Koln.jpg\",\"datePublished\":\"2025-09-01T14:17:25+00:00\",\"dateModified\":\"2025-09-01T14:17:25+00:00\",\"breadcrumb\":{\"@id\":\"https:\/\/vieassociative.be\/actualites\/sur-les-traces-de-roger-van-gool-1-fc-koln-veut-obtenir-un-ex-as-eupen-le-joueur-alessio-castro-montes\/#breadcrumb\"},\"inLanguage\":\"fr-BE\",\"potentialAction\":[{\"@type\":\"ReadAction\",\"target\":[\"https:\/\/vieassociative.be\/actualites\/sur-les-traces-de-roger-van-gool-1-fc-koln-veut-obtenir-un-ex-as-eupen-le-joueur-alessio-castro-montes\/\"]}]},{\"@type\":\"ImageObject\",\"inLanguage\":\"fr-BE\",\"@id\":\"https:\/\/vieassociative.be\/actualites\/sur-les-traces-de-roger-van-gool-1-fc-koln-veut-obtenir-un-ex-as-eupen-le-joueur-alessio-castro-montes\/#primaryimage\",\"url\":\"https:\/\/vieassociative.be\/actualites\/wp-content\/uploads\/2025\/09\/1756736246_Sur-les-traces-de-Roger-Van-Gool-1-FC-Koln.jpg\",\"contentUrl\":\"https:\/\/vieassociative.be\/actualites\/wp-content\/uploads\/2025\/09\/1756736246_Sur-les-traces-de-Roger-Van-Gool-1-FC-Koln.jpg\",\"width\":2560,\"height\":852,\"caption\":\"Sur les traces de Roger Van Gool: 1. FC K\u00f6ln veut obtenir un ex-As-Eupen le joueur Alessio Castro-Montes\"},{\"@type\":\"BreadcrumbList\",\"@id\":\"https:\/\/vieassociative.be\/actualites\/sur-les-traces-de-roger-van-gool-1-fc-koln-veut-obtenir-un-ex-as-eupen-le-joueur-alessio-castro-montes\/#breadcrumb\",\"itemListElement\":[{\"@type\":\"ListItem\",\"position\":1,\"name\":\"Accueil\",\"item\":\"https:\/\/vieassociative.be\/actualites\/\"},{\"@type\":\"ListItem\",\"position\":2,\"name\":\"Sur les traces de Roger Van Gool: 1. FC K\u00f6ln veut obtenir un ex-As-Eupen le joueur Alessio Castro-Montes\"}]},{\"@type\":\"WebSite\",\"@id\":\"https:\/\/vieassociative.be\/actualites\/#website\",\"url\":\"https:\/\/vieassociative.be\/actualites\/\",\"name\":\"Vie Associative\",\"description\":\"\",\"publisher\":{\"@id\":\"https:\/\/vieassociative.be\/actualites\/#organization\"},\"potentialAction\":[{\"@type\":\"SearchAction\",\"target\":{\"@type\":\"EntryPoint\",\"urlTemplate\":\"https:\/\/vieassociative.be\/actualites\/?s={search_term_string}\"},\"query-input\":{\"@type\":\"PropertyValueSpecification\",\"valueRequired\":true,\"valueName\":\"search_term_string\"}}],\"inLanguage\":\"fr-BE\"},{\"@type\":\"Organization\",\"@id\":\"https:\/\/vieassociative.be\/actualites\/#organization\",\"name\":\"Vie Associative\",\"url\":\"https:\/\/vieassociative.be\/actualites\/\",\"logo\":{\"@type\":\"ImageObject\",\"inLanguage\":\"fr-BE\",\"@id\":\"https:\/\/vieassociative.be\/actualites\/#\/schema\/logo\/image\/\",\"url\":\"https:\/\/vieassociative.be\/actualites\/wp-content\/uploads\/2024\/09\/cropped-vieassociative_favicon.ico.png\",\"contentUrl\":\"https:\/\/vieassociative.be\/actualites\/wp-content\/uploads\/2024\/09\/cropped-vieassociative_favicon.ico.png\",\"width\":512,\"height\":512,\"caption\":\"Vie Associative\"},\"image\":{\"@id\":\"https:\/\/vieassociative.be\/actualites\/#\/schema\/logo\/image\/\"}},{\"@type\":\"Person\",\"@id\":\"https:\/\/vieassociative.be\/actualites\/#\/schema\/person\/b87ac4f82f9d4e7b7cec7395b679edc4\",\"name\":\"Julien\",\"image\":{\"@type\":\"ImageObject\",\"inLanguage\":\"fr-BE\",\"@id\":\"https:\/\/vieassociative.be\/actualites\/#\/schema\/person\/image\/\",\"url\":\"https:\/\/vieassociative.be\/actualites\/wp-content\/uploads\/2024\/09\/vie-associative-1-150x150.jpg\",\"contentUrl\":\"https:\/\/vieassociative.be\/actualites\/wp-content\/uploads\/2024\/09\/vie-associative-1-150x150.jpg\",\"caption\":\"Julien\"},\"description\":\"Je suis Julien, r\u00e9dacteur pour Vie Associative. Passionn\u00e9 par le monde associatif depuis plus de 10 ans, j'ai \u00e0 c\u0153ur de partager des histoires inspirantes et de mettre en lumi\u00e8re les initiatives locales. Mon objectif est de sensibiliser et d'encourager l'engagement communautaire \u00e0 travers mes articles.\",\"sameAs\":[\"https:\/\/vieassociative.be\/\"]}]}<\/script>\n<!-- \/ Yoast SEO plugin. -->","yoast_head_json":{"title":"Sur les traces de Roger Van Gool: 1. FC K\u00f6ln veut obtenir un ex-As-Eupen le joueur Alessio Castro-Montes | Vie Associative","robots":{"index":"index","follow":"follow","max-snippet":"max-snippet:-1","max-image-preview":"max-image-preview:large","max-video-preview":"max-video-preview:-1"},"canonical":"https:\/\/vieassociative.be\/actualites\/sur-les-traces-de-roger-van-gool-1-fc-koln-veut-obtenir-un-ex-as-eupen-le-joueur-alessio-castro-montes\/","og_locale":"fr_FR","og_type":"article","og_title":"Sur les traces de Roger Van Gool: 1. FC K\u00f6ln veut obtenir un ex-As-Eupen le joueur Alessio Castro-Montes | Vie Associative","og_description":"Peu avant le transfert, le 1er FC K\u00f6ln est bas\u00e9 sur l&rsquo;obligation d&rsquo;Alessio Castro-Montes. Le joueur de 28 ans vient du champion de l&rsquo;\u00c9tat belge","og_url":"https:\/\/vieassociative.be\/actualites\/sur-les-traces-de-roger-van-gool-1-fc-koln-veut-obtenir-un-ex-as-eupen-le-joueur-alessio-castro-montes\/","og_site_name":"Vie Associative","article_published_time":"2025-09-01T14:17:25+00:00","og_image":[{"width":279,"height":92,"url":"https:\/\/vieassociative.be\/actualites\/wp-content\/uploads\/2024\/09\/header_backgroundk-01-e1726694325946.png","type":"image\/png"}],"author":"Julien","twitter_card":"summary_large_image","twitter_misc":{"\u00c9crit par":"Julien","Dur\u00e9e de lecture est.":"2 minutes"},"schema":{"@context":"https:\/\/schema.org","@graph":[{"@type":"Article","@id":"https:\/\/vieassociative.be\/actualites\/sur-les-traces-de-roger-van-gool-1-fc-koln-veut-obtenir-un-ex-as-eupen-le-joueur-alessio-castro-montes\/#article","isPartOf":{"@id":"https:\/\/vieassociative.be\/actualites\/sur-les-traces-de-roger-van-gool-1-fc-koln-veut-obtenir-un-ex-as-eupen-le-joueur-alessio-castro-montes\/"},"author":{"name":"Julien","@id":"https:\/\/vieassociative.be\/actualites\/#\/schema\/person\/b87ac4f82f9d4e7b7cec7395b679edc4"},"headline":"Sur les traces de Roger Van Gool: 1. FC K\u00f6ln veut obtenir un ex-As-Eupen le joueur Alessio Castro-Montes","datePublished":"2025-09-01T14:17:25+00:00","dateModified":"2025-09-01T14:17:25+00:00","mainEntityOfPage":{"@id":"https:\/\/vieassociative.be\/actualites\/sur-les-traces-de-roger-van-gool-1-fc-koln-veut-obtenir-un-ex-as-eupen-le-joueur-alessio-castro-montes\/"},"wordCount":514,"publisher":{"@id":"https:\/\/vieassociative.be\/actualites\/#organization"},"image":{"@id":"https:\/\/vieassociative.be\/actualites\/sur-les-traces-de-roger-van-gool-1-fc-koln-veut-obtenir-un-ex-as-eupen-le-joueur-alessio-castro-montes\/#primaryimage"},"thumbnailUrl":"https:\/\/vieassociative.be\/actualites\/wp-content\/uploads\/2025\/09\/1756736246_Sur-les-traces-de-Roger-Van-Gool-1-FC-Koln.jpg","keywords":["Alessio","CastroMontes","exAsEupen","Gool","joueur","K\u00f6ln","Les","obtenir","Roger","sur","traces","Van","veut"],"articleSection":["Belgique"],"inLanguage":"fr-BE"},{"@type":"WebPage","@id":"https:\/\/vieassociative.be\/actualites\/sur-les-traces-de-roger-van-gool-1-fc-koln-veut-obtenir-un-ex-as-eupen-le-joueur-alessio-castro-montes\/","url":"https:\/\/vieassociative.be\/actualites\/sur-les-traces-de-roger-van-gool-1-fc-koln-veut-obtenir-un-ex-as-eupen-le-joueur-alessio-castro-montes\/","name":"Sur les traces de Roger Van Gool: 1. FC K\u00f6ln veut obtenir un ex-As-Eupen le joueur Alessio Castro-Montes | Vie Associative","isPartOf":{"@id":"https:\/\/vieassociative.be\/actualites\/#website"},"primaryImageOfPage":{"@id":"https:\/\/vieassociative.be\/actualites\/sur-les-traces-de-roger-van-gool-1-fc-koln-veut-obtenir-un-ex-as-eupen-le-joueur-alessio-castro-montes\/#primaryimage"},"image":{"@id":"https:\/\/vieassociative.be\/actualites\/sur-les-traces-de-roger-van-gool-1-fc-koln-veut-obtenir-un-ex-as-eupen-le-joueur-alessio-castro-montes\/#primaryimage"},"thumbnailUrl":"https:\/\/vieassociative.be\/actualites\/wp-content\/uploads\/2025\/09\/1756736246_Sur-les-traces-de-Roger-Van-Gool-1-FC-Koln.jpg","datePublished":"2025-09-01T14:17:25+00:00","dateModified":"2025-09-01T14:17:25+00:00","breadcrumb":{"@id":"https:\/\/vieassociative.be\/actualites\/sur-les-traces-de-roger-van-gool-1-fc-koln-veut-obtenir-un-ex-as-eupen-le-joueur-alessio-castro-montes\/#breadcrumb"},"inLanguage":"fr-BE","potentialAction":[{"@type":"ReadAction","target":["https:\/\/vieassociative.be\/actualites\/sur-les-traces-de-roger-van-gool-1-fc-koln-veut-obtenir-un-ex-as-eupen-le-joueur-alessio-castro-montes\/"]}]},{"@type":"ImageObject","inLanguage":"fr-BE","@id":"https:\/\/vieassociative.be\/actualites\/sur-les-traces-de-roger-van-gool-1-fc-koln-veut-obtenir-un-ex-as-eupen-le-joueur-alessio-castro-montes\/#primaryimage","url":"https:\/\/vieassociative.be\/actualites\/wp-content\/uploads\/2025\/09\/1756736246_Sur-les-traces-de-Roger-Van-Gool-1-FC-Koln.jpg","contentUrl":"https:\/\/vieassociative.be\/actualites\/wp-content\/uploads\/2025\/09\/1756736246_Sur-les-traces-de-Roger-Van-Gool-1-FC-Koln.jpg","width":2560,"height":852,"caption":"Sur les traces de Roger Van Gool: 1. FC K\u00f6ln veut obtenir un ex-As-Eupen le joueur Alessio Castro-Montes"},{"@type":"BreadcrumbList","@id":"https:\/\/vieassociative.be\/actualites\/sur-les-traces-de-roger-van-gool-1-fc-koln-veut-obtenir-un-ex-as-eupen-le-joueur-alessio-castro-montes\/#breadcrumb","itemListElement":[{"@type":"ListItem","position":1,"name":"Accueil","item":"https:\/\/vieassociative.be\/actualites\/"},{"@type":"ListItem","position":2,"name":"Sur les traces de Roger Van Gool: 1. FC K\u00f6ln veut obtenir un ex-As-Eupen le joueur Alessio Castro-Montes"}]},{"@type":"WebSite","@id":"https:\/\/vieassociative.be\/actualites\/#website","url":"https:\/\/vieassociative.be\/actualites\/","name":"Vie Associative","description":"","publisher":{"@id":"https:\/\/vieassociative.be\/actualites\/#organization"},"potentialAction":[{"@type":"SearchAction","target":{"@type":"EntryPoint","urlTemplate":"https:\/\/vieassociative.be\/actualites\/?s={search_term_string}"},"query-input":{"@type":"PropertyValueSpecification","valueRequired":true,"valueName":"search_term_string"}}],"inLanguage":"fr-BE"},{"@type":"Organization","@id":"https:\/\/vieassociative.be\/actualites\/#organization","name":"Vie Associative","url":"https:\/\/vieassociative.be\/actualites\/","logo":{"@type":"ImageObject","inLanguage":"fr-BE","@id":"https:\/\/vieassociative.be\/actualites\/#\/schema\/logo\/image\/","url":"https:\/\/vieassociative.be\/actualites\/wp-content\/uploads\/2024\/09\/cropped-vieassociative_favicon.ico.png","contentUrl":"https:\/\/vieassociative.be\/actualites\/wp-content\/uploads\/2024\/09\/cropped-vieassociative_favicon.ico.png","width":512,"height":512,"caption":"Vie Associative"},"image":{"@id":"https:\/\/vieassociative.be\/actualites\/#\/schema\/logo\/image\/"}},{"@type":"Person","@id":"https:\/\/vieassociative.be\/actualites\/#\/schema\/person\/b87ac4f82f9d4e7b7cec7395b679edc4","name":"Julien","image":{"@type":"ImageObject","inLanguage":"fr-BE","@id":"https:\/\/vieassociative.be\/actualites\/#\/schema\/person\/image\/","url":"https:\/\/vieassociative.be\/actualites\/wp-content\/uploads\/2024\/09\/vie-associative-1-150x150.jpg","contentUrl":"https:\/\/vieassociative.be\/actualites\/wp-content\/uploads\/2024\/09\/vie-associative-1-150x150.jpg","caption":"Julien"},"description":"Je suis Julien, r\u00e9dacteur pour Vie Associative. Passionn\u00e9 par le monde associatif depuis plus de 10 ans, j'ai \u00e0 c\u0153ur de partager des histoires inspirantes et de mettre en lumi\u00e8re les initiatives locales. Mon objectif est de sensibiliser et d'encourager l'engagement communautaire \u00e0 travers mes articles.","sameAs":["https:\/\/vieassociative.be\/"]}]}},"_links":{"self":[{"href":"https:\/\/vieassociative.be\/actualites\/wp-json\/wp\/v2\/posts\/9756"}],"collection":[{"href":"https:\/\/vieassociative.be\/actualites\/wp-json\/wp\/v2\/posts"}],"about":[{"href":"https:\/\/vieassociative.be\/actualites\/wp-json\/wp\/v2\/types\/post"}],"author":[{"embeddable":true,"href":"https:\/\/vieassociative.be\/actualites\/wp-json\/wp\/v2\/users\/1"}],"replies":[{"embeddable":true,"href":"https:\/\/vieassociative.be\/actualites\/wp-json\/wp\/v2\/comments?post=9756"}],"version-history":[{"count":0,"href":"https:\/\/vieassociative.be\/actualites\/wp-json\/wp\/v2\/posts\/9756\/revisions"}],"wp:featuredmedia":[{"embeddable":true,"href":"https:\/\/vieassociative.be\/actualites\/wp-json\/wp\/v2\/media\/9757"}],"wp:attachment":[{"href":"https:\/\/vieassociative.be\/actualites\/wp-json\/wp\/v2\/media?parent=9756"}],"wp:term":[{"taxonomy":"category","embeddable":true,"href":"https:\/\/vieassociative.be\/actualites\/wp-json\/wp\/v2\/categories?post=9756"},{"taxonomy":"post_tag","embeddable":true,"href":"https:\/\/vieassociative.be\/actualites\/wp-json\/wp\/v2\/tags?post=9756"}],"curies":[{"name":"wp","href":"https:\/\/api.w.org\/{rel}","templated":true}]}}