{"id":9754,"date":"2025-09-01T15:17:43","date_gmt":"2025-09-01T13:17:43","guid":{"rendered":"https:\/\/vieassociative.be\/actualites\/le-pixel-watch-3-est-de-100-de-reduction-pour-la-fete-du-travail\/"},"modified":"2025-09-01T15:17:43","modified_gmt":"2025-09-01T13:17:43","slug":"le-pixel-watch-3-est-de-100-de-reduction-pour-la-fete-du-travail","status":"publish","type":"post","link":"https:\/\/vieassociative.be\/actualites\/le-pixel-watch-3-est-de-100-de-reduction-pour-la-fete-du-travail\/","title":{"rendered":"Le Pixel Watch 3 est de 100 $ de r\u00e9duction pour la f\u00eate du Travail"},"content":{"rendered":"<div class=\"mt-4 leading-6 md:mb-8\">Le Pixel Watch 4 pourrait arriver en octobre, mais cela signifie que vous pouvez \u00e9conomiser sur le mod\u00e8le de l&rsquo;ann\u00e9e derni\u00e8re.<\/div>\n<p><\/p>\n<p><em>Ventes de la f\u00eate du Travail<\/em><em>  sont roul\u00e9s et Vie Associative partage les meilleures ventes<\/em><em>  Bas\u00e9 sur les revues de produits, les comparaisons et les outils de suivi des prix avant la fin. Vous pouvez \u00e9galement vous abonner \u00e0 notre newsletter de shopping<\/em><em>Ajouter au panier, pour les meilleures ventes envoy\u00e9es dans votre bo\u00eete de r\u00e9ception.<\/em><\/p>\n<hr>\n<p>J&rsquo;utilise la montre Pixel 3 chaque jour, et c&rsquo;est l&rsquo;une des meilleures montres intelligentes que j&rsquo;ai poss\u00e9d\u00e9es. Naturellement, une partie de moi consiste \u00e0 regarder le nouveau Pixel Watch 4 Google qui vient d&rsquo;annoncer, mais je pense que le mod\u00e8le de l&rsquo;ann\u00e9e derni\u00e8re est encore bien bon pour moi. Et maintenant qu&rsquo;il est en vente pour la f\u00eate du Travail &#8211; actuel de 250 $, de ses 350 $ habituels &#8211; cela peut \u00e9galement \u00eatre bon pour vous.<\/p>\n<p>La dur\u00e9e de vie de la batterie de Pixel Watch 3 dure toute la journ\u00e9e (parfois plus d&rsquo;un), ce qui a \u00e9t\u00e9 mon principal reproche avec les smartwatches pass\u00e9es que je poss\u00e9dais. Le suivi de la fr\u00e9quence cardiaque est solide et vous pouvez garder un \u0153il sur votre fr\u00e9quence cardiaque actuelle en un coup d&rsquo;\u0153il \u00e0 partir de l&rsquo;affichage de l&rsquo;horloge.<\/p>\n<div class=\"pogoClear mb-12 mt-10 rounded-md border-2 border-gray-100 py-7 shadow-xl md:py-6\">\n<div class=\"flex flex-wrap justify-between px-7 text-black no-underline md:flex-nowrap md:px-8\">\n<div class=\"order-1 mx-auto flex flex-col justify-center md:order-2 md:ml-4 md:w-full md:grow\">\n<div class=\"block cursor-pointer text-center font-akshar text-2xl font-medium leading-7 text-brand-green duration-200 ease-in-out hover:text-brand-green-700 md:text-left md:text-xl md:leading-6\">Google Pixel Watch 3 (41 mm, Wi-Fi, Matte Black, Band Obsidian)\n                <\/div>\n<div class=\"mt-4 hidden md:flex md:justify-between\">\n<div class=\"self-end\">\n<div class=\"mb-0 h-11 md:flex md:flex-col md:justify-center\">\n<div class=\" font-sans leading-4 text-black\">\n<div class=\"flex flex-wrap items-center justify-center gap-1 md:justify-start\">\n        <span class=\"font-bold\"><\/p>\n<p>            249,99 $<br \/>\n                            <span class=\"font-medium\">\u00e0 Amazon<\/span><br \/>\n                    <\/span>\n            <\/div>\n<div class=\"flex items-center justify-center gap-x-1 font-bold md:justify-start\">\n            <span class=\"text-sm line-through\">309,99 $<\/span><br \/>\n            <span class=\"text-sm text-brand-green\">\u00c9conomisez 60,00 $<\/span>\n        <\/div>\n<\/p><\/div>\n<\/p><\/div>\n<\/p><\/div>\n<div class=\"w-44 self-end\">\n                            <button class=\"flex justify-center items-center w-full bg-brand-green text-white text-base font-sans font-medium rounded-md hover:bg-brand-green-700 hover:cursor-pointer md:text-sm h-11\"><\/p>\n<p>    Conclure un accord<br \/>\n<\/button>\n                        <\/div>\n<\/p><\/div>\n<\/p><\/div>\n<div class=\"order-2 mt-5 h-auto w-full md:order-1 md:mt-0 md:hidden\">\n<div class=\"flex aspect-video items-center justify-center\">\n                                            <img decoding=\"async\" class=\"m-0 max-h-full max-w-full rounded-md\" src=\"https:\/\/vieassociative.be\/actualites\/wp-content\/uploads\/2025\/09\/Le-Pixel-Watch-3-est-de-100-de-reduction.jpg\" alt=\"Google Pixel Watch 3 (41 mm, Wi-Fi, Matte Black, Band Obsidian)\" width=\"auto\" height=\"auto\" loading=\"lazy\">\n                                    <\/div>\n<\/p><\/div>\n<div class=\"order-2 ml-2 hidden w-32 shrink-0 items-center md:order-1 md:ml-0 md:flex\">\n<div class=\"flex aspect-video items-center justify-center\">\n                                            <img decoding=\"async\" class=\"m-0 max-h-full max-w-full rounded-md\" src=\"https:\/\/vieassociative.be\/actualites\/wp-content\/uploads\/2025\/09\/Le-Pixel-Watch-3-est-de-100-de-reduction.jpg\" alt=\"Google Pixel Watch 3 (41 mm, Wi-Fi, Matte Black, Band Obsidian)\" width=\"auto\" height=\"auto\" loading=\"lazy\">\n                                    <\/div>\n<\/p><\/div>\n<div class=\"order-3 flex grow flex-wrap md:hidden md:grow-0\">\n<div class=\"mt-4 w-full\">\n                        <button class=\"flex justify-center items-center w-full bg-brand-green text-white text-base font-sans font-medium rounded-md hover:bg-brand-green-700 hover:cursor-pointer md:text-sm h-11\"><\/p>\n<p>    Conclure un accord<br \/>\n<\/button>\n                    <\/div>\n<div class=\"mx-2 mt-4 w-full\">\n<div class=\" font-sans leading-4 text-black\">\n<div class=\"flex flex-wrap items-center justify-center gap-1 md:justify-start\">\n        <span class=\"font-bold\"><\/p>\n<p>            249,99 $<br \/>\n                            <span class=\"font-medium\">\u00e0 Amazon<\/span><br \/>\n                    <\/span>\n            <\/div>\n<div class=\"flex items-center justify-center gap-x-1 font-bold md:justify-start\">\n            <span class=\"text-sm line-through\">309,99 $<\/span><br \/>\n            <span class=\"text-sm text-brand-green\">\u00c9conomisez 60,00 $<\/span>\n        <\/div>\n<\/p><\/div>\n<\/p><\/div>\n<\/p><\/div>\n<\/p><\/div>\n<\/div>\n<p>\u00c9tant donn\u00e9 que le support Gemeni s&rsquo;est finalement d\u00e9ploy\u00e9 sur la montre Pixel, il est \u00e9galement devenu beaucoup plus intelligent en tant qu&rsquo;assistant vocal. Auparavant, je devais d\u00e9livrer soigneusement les commandes en utilisant le bon phras\u00e9 exact, mais maintenant je suis en mesure de r\u00e9pondre aux messages, de d\u00e9finir des rappels ou de rechercher des informations de base de ma montre sans qu&rsquo;il soit confus aussi facilement. Il ne remplace toujours pas un smartphone, mais c&rsquo;est beaucoup plus pratique qu&rsquo;auparavant.<\/p>\n<p>\u00c0 250 $, le Pixel Watch 3 est \u00e0 son prix le plus bas de tous les temps, selon les d\u00e9put\u00e9s de prix. Bien qu&rsquo;il soit difficile de dire que s&rsquo;il est susceptible de devenir beaucoup moins cher lorsque le Pixel Watch 4 sortira le 9 octobre, c&rsquo;est certainement moins cher que le nouveau ne le sera pendant un certain temps. Donc, si vous n&rsquo;\u00eates pas influenc\u00e9 par l&rsquo;affichage en forme de d\u00f4me ou le chargeur lat\u00e9ral du nouveau mod\u00e8le, celui-ci fera la plupart de ce que celui-ci fait pour un gros morceau de changement.<\/p>\n","protected":false},"excerpt":{"rendered":"<p>Le Pixel Watch 4 pourrait arriver en octobre, mais cela signifie que vous pouvez \u00e9conomiser sur le mod\u00e8le de l&rsquo;ann\u00e9e derni\u00e8re. Ventes de la f\u00eate<\/p>\n","protected":false},"author":1,"featured_media":9755,"comment_status":"","ping_status":"","sticky":false,"template":"","format":"standard","meta":{"footnotes":""},"categories":[13],"tags":[76,1485,1278,81,308,504,55],"class_list":["post-9754","post","type-post","status-publish","format-standard","has-post-thumbnail","hentry","category-technologie","tag-est","tag-fete","tag-pixel","tag-pour","tag-reduction","tag-travail","tag-watch","generate-columns","tablet-grid-50","mobile-grid-100","grid-parent","grid-33"],"yoast_head":"<!-- This site is optimized with the Yoast SEO plugin v24.0 - https:\/\/yoast.com\/wordpress\/plugins\/seo\/ -->\n<title>Le Pixel Watch 3 est de 100 $ de r\u00e9duction pour la f\u00eate du Travail | Vie Associative<\/title>\n<meta name=\"robots\" content=\"index, follow, max-snippet:-1, max-image-preview:large, max-video-preview:-1\" \/>\n<link rel=\"canonical\" href=\"https:\/\/vieassociative.be\/actualites\/le-pixel-watch-3-est-de-100-de-reduction-pour-la-fete-du-travail\/\" \/>\n<meta property=\"og:locale\" content=\"fr_FR\" \/>\n<meta property=\"og:type\" content=\"article\" \/>\n<meta property=\"og:title\" content=\"Le Pixel Watch 3 est de 100 $ de r\u00e9duction pour la f\u00eate du Travail | Vie Associative\" \/>\n<meta property=\"og:description\" content=\"Le Pixel Watch 4 pourrait arriver en octobre, mais cela signifie que vous pouvez \u00e9conomiser sur le mod\u00e8le de l&rsquo;ann\u00e9e derni\u00e8re. Ventes de la f\u00eate\" \/>\n<meta property=\"og:url\" content=\"https:\/\/vieassociative.be\/actualites\/le-pixel-watch-3-est-de-100-de-reduction-pour-la-fete-du-travail\/\" \/>\n<meta property=\"og:site_name\" content=\"Vie Associative\" \/>\n<meta property=\"article:published_time\" content=\"2025-09-01T13:17:43+00:00\" \/>\n<meta property=\"og:image\" content=\"https:\/\/vieassociative.be\/actualites\/wp-content\/uploads\/2025\/09\/Le-Pixel-Watch-3-est-de-100-de-reduction.jpg\" \/>\n<meta name=\"author\" content=\"Julien\" \/>\n<meta name=\"twitter:card\" content=\"summary_large_image\" \/>\n<meta name=\"twitter:label1\" content=\"\u00c9crit par\" \/>\n\t<meta name=\"twitter:data1\" content=\"Julien\" \/>\n\t<meta name=\"twitter:label2\" content=\"Dur\u00e9e de lecture est.\" \/>\n\t<meta name=\"twitter:data2\" content=\"2 minutes\" \/>\n<script type=\"application\/ld+json\" class=\"yoast-schema-graph\">{\"@context\":\"https:\/\/schema.org\",\"@graph\":[{\"@type\":\"Article\",\"@id\":\"https:\/\/vieassociative.be\/actualites\/le-pixel-watch-3-est-de-100-de-reduction-pour-la-fete-du-travail\/#article\",\"isPartOf\":{\"@id\":\"https:\/\/vieassociative.be\/actualites\/le-pixel-watch-3-est-de-100-de-reduction-pour-la-fete-du-travail\/\"},\"author\":{\"name\":\"Julien\",\"@id\":\"https:\/\/vieassociative.be\/actualites\/#\/schema\/person\/b87ac4f82f9d4e7b7cec7395b679edc4\"},\"headline\":\"Le Pixel Watch 3 est de 100 $ de r\u00e9duction pour la f\u00eate du Travail\",\"datePublished\":\"2025-09-01T13:17:43+00:00\",\"dateModified\":\"2025-09-01T13:17:43+00:00\",\"mainEntityOfPage\":{\"@id\":\"https:\/\/vieassociative.be\/actualites\/le-pixel-watch-3-est-de-100-de-reduction-pour-la-fete-du-travail\/\"},\"wordCount\":457,\"publisher\":{\"@id\":\"https:\/\/vieassociative.be\/actualites\/#organization\"},\"image\":{\"@id\":\"https:\/\/vieassociative.be\/actualites\/le-pixel-watch-3-est-de-100-de-reduction-pour-la-fete-du-travail\/#primaryimage\"},\"thumbnailUrl\":\"https:\/\/vieassociative.be\/actualites\/wp-content\/uploads\/2025\/09\/Le-Pixel-Watch-3-est-de-100-de-reduction.png\",\"keywords\":[\"est\",\"f\u00eate\",\"Pixel\",\"pour\",\"r\u00e9duction\",\"travail\",\"Watch\"],\"articleSection\":[\"Technologie\"],\"inLanguage\":\"fr-BE\"},{\"@type\":\"WebPage\",\"@id\":\"https:\/\/vieassociative.be\/actualites\/le-pixel-watch-3-est-de-100-de-reduction-pour-la-fete-du-travail\/\",\"url\":\"https:\/\/vieassociative.be\/actualites\/le-pixel-watch-3-est-de-100-de-reduction-pour-la-fete-du-travail\/\",\"name\":\"Le Pixel Watch 3 est de 100 $ de r\u00e9duction pour la f\u00eate du Travail | Vie Associative\",\"isPartOf\":{\"@id\":\"https:\/\/vieassociative.be\/actualites\/#website\"},\"primaryImageOfPage\":{\"@id\":\"https:\/\/vieassociative.be\/actualites\/le-pixel-watch-3-est-de-100-de-reduction-pour-la-fete-du-travail\/#primaryimage\"},\"image\":{\"@id\":\"https:\/\/vieassociative.be\/actualites\/le-pixel-watch-3-est-de-100-de-reduction-pour-la-fete-du-travail\/#primaryimage\"},\"thumbnailUrl\":\"https:\/\/vieassociative.be\/actualites\/wp-content\/uploads\/2025\/09\/Le-Pixel-Watch-3-est-de-100-de-reduction.png\",\"datePublished\":\"2025-09-01T13:17:43+00:00\",\"dateModified\":\"2025-09-01T13:17:43+00:00\",\"breadcrumb\":{\"@id\":\"https:\/\/vieassociative.be\/actualites\/le-pixel-watch-3-est-de-100-de-reduction-pour-la-fete-du-travail\/#breadcrumb\"},\"inLanguage\":\"fr-BE\",\"potentialAction\":[{\"@type\":\"ReadAction\",\"target\":[\"https:\/\/vieassociative.be\/actualites\/le-pixel-watch-3-est-de-100-de-reduction-pour-la-fete-du-travail\/\"]}]},{\"@type\":\"ImageObject\",\"inLanguage\":\"fr-BE\",\"@id\":\"https:\/\/vieassociative.be\/actualites\/le-pixel-watch-3-est-de-100-de-reduction-pour-la-fete-du-travail\/#primaryimage\",\"url\":\"https:\/\/vieassociative.be\/actualites\/wp-content\/uploads\/2025\/09\/Le-Pixel-Watch-3-est-de-100-de-reduction.png\",\"contentUrl\":\"https:\/\/vieassociative.be\/actualites\/wp-content\/uploads\/2025\/09\/Le-Pixel-Watch-3-est-de-100-de-reduction.png\",\"width\":1200,\"height\":675,\"caption\":\"Le Pixel Watch 3 est de 100 $ de r\u00e9duction pour la f\u00eate du Travail\"},{\"@type\":\"BreadcrumbList\",\"@id\":\"https:\/\/vieassociative.be\/actualites\/le-pixel-watch-3-est-de-100-de-reduction-pour-la-fete-du-travail\/#breadcrumb\",\"itemListElement\":[{\"@type\":\"ListItem\",\"position\":1,\"name\":\"Accueil\",\"item\":\"https:\/\/vieassociative.be\/actualites\/\"},{\"@type\":\"ListItem\",\"position\":2,\"name\":\"Le Pixel Watch 3 est de 100 $ de r\u00e9duction pour la f\u00eate du Travail\"}]},{\"@type\":\"WebSite\",\"@id\":\"https:\/\/vieassociative.be\/actualites\/#website\",\"url\":\"https:\/\/vieassociative.be\/actualites\/\",\"name\":\"Vie Associative\",\"description\":\"\",\"publisher\":{\"@id\":\"https:\/\/vieassociative.be\/actualites\/#organization\"},\"potentialAction\":[{\"@type\":\"SearchAction\",\"target\":{\"@type\":\"EntryPoint\",\"urlTemplate\":\"https:\/\/vieassociative.be\/actualites\/?s={search_term_string}\"},\"query-input\":{\"@type\":\"PropertyValueSpecification\",\"valueRequired\":true,\"valueName\":\"search_term_string\"}}],\"inLanguage\":\"fr-BE\"},{\"@type\":\"Organization\",\"@id\":\"https:\/\/vieassociative.be\/actualites\/#organization\",\"name\":\"Vie Associative\",\"url\":\"https:\/\/vieassociative.be\/actualites\/\",\"logo\":{\"@type\":\"ImageObject\",\"inLanguage\":\"fr-BE\",\"@id\":\"https:\/\/vieassociative.be\/actualites\/#\/schema\/logo\/image\/\",\"url\":\"https:\/\/vieassociative.be\/actualites\/wp-content\/uploads\/2024\/09\/cropped-vieassociative_favicon.ico.png\",\"contentUrl\":\"https:\/\/vieassociative.be\/actualites\/wp-content\/uploads\/2024\/09\/cropped-vieassociative_favicon.ico.png\",\"width\":512,\"height\":512,\"caption\":\"Vie Associative\"},\"image\":{\"@id\":\"https:\/\/vieassociative.be\/actualites\/#\/schema\/logo\/image\/\"}},{\"@type\":\"Person\",\"@id\":\"https:\/\/vieassociative.be\/actualites\/#\/schema\/person\/b87ac4f82f9d4e7b7cec7395b679edc4\",\"name\":\"Julien\",\"image\":{\"@type\":\"ImageObject\",\"inLanguage\":\"fr-BE\",\"@id\":\"https:\/\/vieassociative.be\/actualites\/#\/schema\/person\/image\/\",\"url\":\"https:\/\/vieassociative.be\/actualites\/wp-content\/uploads\/2024\/09\/vie-associative-1-150x150.jpg\",\"contentUrl\":\"https:\/\/vieassociative.be\/actualites\/wp-content\/uploads\/2024\/09\/vie-associative-1-150x150.jpg\",\"caption\":\"Julien\"},\"description\":\"Je suis Julien, r\u00e9dacteur pour Vie Associative. Passionn\u00e9 par le monde associatif depuis plus de 10 ans, j'ai \u00e0 c\u0153ur de partager des histoires inspirantes et de mettre en lumi\u00e8re les initiatives locales. Mon objectif est de sensibiliser et d'encourager l'engagement communautaire \u00e0 travers mes articles.\",\"sameAs\":[\"https:\/\/vieassociative.be\/\"]}]}<\/script>\n<!-- \/ Yoast SEO plugin. -->","yoast_head_json":{"title":"Le Pixel Watch 3 est de 100 $ de r\u00e9duction pour la f\u00eate du Travail | Vie Associative","robots":{"index":"index","follow":"follow","max-snippet":"max-snippet:-1","max-image-preview":"max-image-preview:large","max-video-preview":"max-video-preview:-1"},"canonical":"https:\/\/vieassociative.be\/actualites\/le-pixel-watch-3-est-de-100-de-reduction-pour-la-fete-du-travail\/","og_locale":"fr_FR","og_type":"article","og_title":"Le Pixel Watch 3 est de 100 $ de r\u00e9duction pour la f\u00eate du Travail | Vie Associative","og_description":"Le Pixel Watch 4 pourrait arriver en octobre, mais cela signifie que vous pouvez \u00e9conomiser sur le mod\u00e8le de l&rsquo;ann\u00e9e derni\u00e8re. Ventes de la f\u00eate","og_url":"https:\/\/vieassociative.be\/actualites\/le-pixel-watch-3-est-de-100-de-reduction-pour-la-fete-du-travail\/","og_site_name":"Vie Associative","article_published_time":"2025-09-01T13:17:43+00:00","og_image":[{"url":"https:\/\/vieassociative.be\/actualites\/wp-content\/uploads\/2025\/09\/Le-Pixel-Watch-3-est-de-100-de-reduction.jpg","type":"","width":"","height":""}],"author":"Julien","twitter_card":"summary_large_image","twitter_misc":{"\u00c9crit par":"Julien","Dur\u00e9e de lecture est.":"2 minutes"},"schema":{"@context":"https:\/\/schema.org","@graph":[{"@type":"Article","@id":"https:\/\/vieassociative.be\/actualites\/le-pixel-watch-3-est-de-100-de-reduction-pour-la-fete-du-travail\/#article","isPartOf":{"@id":"https:\/\/vieassociative.be\/actualites\/le-pixel-watch-3-est-de-100-de-reduction-pour-la-fete-du-travail\/"},"author":{"name":"Julien","@id":"https:\/\/vieassociative.be\/actualites\/#\/schema\/person\/b87ac4f82f9d4e7b7cec7395b679edc4"},"headline":"Le Pixel Watch 3 est de 100 $ de r\u00e9duction pour la f\u00eate du Travail","datePublished":"2025-09-01T13:17:43+00:00","dateModified":"2025-09-01T13:17:43+00:00","mainEntityOfPage":{"@id":"https:\/\/vieassociative.be\/actualites\/le-pixel-watch-3-est-de-100-de-reduction-pour-la-fete-du-travail\/"},"wordCount":457,"publisher":{"@id":"https:\/\/vieassociative.be\/actualites\/#organization"},"image":{"@id":"https:\/\/vieassociative.be\/actualites\/le-pixel-watch-3-est-de-100-de-reduction-pour-la-fete-du-travail\/#primaryimage"},"thumbnailUrl":"https:\/\/vieassociative.be\/actualites\/wp-content\/uploads\/2025\/09\/Le-Pixel-Watch-3-est-de-100-de-reduction.png","keywords":["est","f\u00eate","Pixel","pour","r\u00e9duction","travail","Watch"],"articleSection":["Technologie"],"inLanguage":"fr-BE"},{"@type":"WebPage","@id":"https:\/\/vieassociative.be\/actualites\/le-pixel-watch-3-est-de-100-de-reduction-pour-la-fete-du-travail\/","url":"https:\/\/vieassociative.be\/actualites\/le-pixel-watch-3-est-de-100-de-reduction-pour-la-fete-du-travail\/","name":"Le Pixel Watch 3 est de 100 $ de r\u00e9duction pour la f\u00eate du Travail | Vie Associative","isPartOf":{"@id":"https:\/\/vieassociative.be\/actualites\/#website"},"primaryImageOfPage":{"@id":"https:\/\/vieassociative.be\/actualites\/le-pixel-watch-3-est-de-100-de-reduction-pour-la-fete-du-travail\/#primaryimage"},"image":{"@id":"https:\/\/vieassociative.be\/actualites\/le-pixel-watch-3-est-de-100-de-reduction-pour-la-fete-du-travail\/#primaryimage"},"thumbnailUrl":"https:\/\/vieassociative.be\/actualites\/wp-content\/uploads\/2025\/09\/Le-Pixel-Watch-3-est-de-100-de-reduction.png","datePublished":"2025-09-01T13:17:43+00:00","dateModified":"2025-09-01T13:17:43+00:00","breadcrumb":{"@id":"https:\/\/vieassociative.be\/actualites\/le-pixel-watch-3-est-de-100-de-reduction-pour-la-fete-du-travail\/#breadcrumb"},"inLanguage":"fr-BE","potentialAction":[{"@type":"ReadAction","target":["https:\/\/vieassociative.be\/actualites\/le-pixel-watch-3-est-de-100-de-reduction-pour-la-fete-du-travail\/"]}]},{"@type":"ImageObject","inLanguage":"fr-BE","@id":"https:\/\/vieassociative.be\/actualites\/le-pixel-watch-3-est-de-100-de-reduction-pour-la-fete-du-travail\/#primaryimage","url":"https:\/\/vieassociative.be\/actualites\/wp-content\/uploads\/2025\/09\/Le-Pixel-Watch-3-est-de-100-de-reduction.png","contentUrl":"https:\/\/vieassociative.be\/actualites\/wp-content\/uploads\/2025\/09\/Le-Pixel-Watch-3-est-de-100-de-reduction.png","width":1200,"height":675,"caption":"Le Pixel Watch 3 est de 100 $ de r\u00e9duction pour la f\u00eate du Travail"},{"@type":"BreadcrumbList","@id":"https:\/\/vieassociative.be\/actualites\/le-pixel-watch-3-est-de-100-de-reduction-pour-la-fete-du-travail\/#breadcrumb","itemListElement":[{"@type":"ListItem","position":1,"name":"Accueil","item":"https:\/\/vieassociative.be\/actualites\/"},{"@type":"ListItem","position":2,"name":"Le Pixel Watch 3 est de 100 $ de r\u00e9duction pour la f\u00eate du Travail"}]},{"@type":"WebSite","@id":"https:\/\/vieassociative.be\/actualites\/#website","url":"https:\/\/vieassociative.be\/actualites\/","name":"Vie Associative","description":"","publisher":{"@id":"https:\/\/vieassociative.be\/actualites\/#organization"},"potentialAction":[{"@type":"SearchAction","target":{"@type":"EntryPoint","urlTemplate":"https:\/\/vieassociative.be\/actualites\/?s={search_term_string}"},"query-input":{"@type":"PropertyValueSpecification","valueRequired":true,"valueName":"search_term_string"}}],"inLanguage":"fr-BE"},{"@type":"Organization","@id":"https:\/\/vieassociative.be\/actualites\/#organization","name":"Vie Associative","url":"https:\/\/vieassociative.be\/actualites\/","logo":{"@type":"ImageObject","inLanguage":"fr-BE","@id":"https:\/\/vieassociative.be\/actualites\/#\/schema\/logo\/image\/","url":"https:\/\/vieassociative.be\/actualites\/wp-content\/uploads\/2024\/09\/cropped-vieassociative_favicon.ico.png","contentUrl":"https:\/\/vieassociative.be\/actualites\/wp-content\/uploads\/2024\/09\/cropped-vieassociative_favicon.ico.png","width":512,"height":512,"caption":"Vie Associative"},"image":{"@id":"https:\/\/vieassociative.be\/actualites\/#\/schema\/logo\/image\/"}},{"@type":"Person","@id":"https:\/\/vieassociative.be\/actualites\/#\/schema\/person\/b87ac4f82f9d4e7b7cec7395b679edc4","name":"Julien","image":{"@type":"ImageObject","inLanguage":"fr-BE","@id":"https:\/\/vieassociative.be\/actualites\/#\/schema\/person\/image\/","url":"https:\/\/vieassociative.be\/actualites\/wp-content\/uploads\/2024\/09\/vie-associative-1-150x150.jpg","contentUrl":"https:\/\/vieassociative.be\/actualites\/wp-content\/uploads\/2024\/09\/vie-associative-1-150x150.jpg","caption":"Julien"},"description":"Je suis Julien, r\u00e9dacteur pour Vie Associative. Passionn\u00e9 par le monde associatif depuis plus de 10 ans, j'ai \u00e0 c\u0153ur de partager des histoires inspirantes et de mettre en lumi\u00e8re les initiatives locales. Mon objectif est de sensibiliser et d'encourager l'engagement communautaire \u00e0 travers mes articles.","sameAs":["https:\/\/vieassociative.be\/"]}]}},"_links":{"self":[{"href":"https:\/\/vieassociative.be\/actualites\/wp-json\/wp\/v2\/posts\/9754"}],"collection":[{"href":"https:\/\/vieassociative.be\/actualites\/wp-json\/wp\/v2\/posts"}],"about":[{"href":"https:\/\/vieassociative.be\/actualites\/wp-json\/wp\/v2\/types\/post"}],"author":[{"embeddable":true,"href":"https:\/\/vieassociative.be\/actualites\/wp-json\/wp\/v2\/users\/1"}],"replies":[{"embeddable":true,"href":"https:\/\/vieassociative.be\/actualites\/wp-json\/wp\/v2\/comments?post=9754"}],"version-history":[{"count":0,"href":"https:\/\/vieassociative.be\/actualites\/wp-json\/wp\/v2\/posts\/9754\/revisions"}],"wp:featuredmedia":[{"embeddable":true,"href":"https:\/\/vieassociative.be\/actualites\/wp-json\/wp\/v2\/media\/9755"}],"wp:attachment":[{"href":"https:\/\/vieassociative.be\/actualites\/wp-json\/wp\/v2\/media?parent=9754"}],"wp:term":[{"taxonomy":"category","embeddable":true,"href":"https:\/\/vieassociative.be\/actualites\/wp-json\/wp\/v2\/categories?post=9754"},{"taxonomy":"post_tag","embeddable":true,"href":"https:\/\/vieassociative.be\/actualites\/wp-json\/wp\/v2\/tags?post=9754"}],"curies":[{"name":"wp","href":"https:\/\/api.w.org\/{rel}","templated":true}]}}