{"id":9750,"date":"2025-09-01T09:21:06","date_gmt":"2025-09-01T07:21:06","guid":{"rendered":"https:\/\/vieassociative.be\/actualites\/le-meilleur-outil-de-la-fete-du-travail-traite-moins-de-25\/"},"modified":"2025-09-01T09:21:06","modified_gmt":"2025-09-01T07:21:06","slug":"le-meilleur-outil-de-la-fete-du-travail-traite-moins-de-25","status":"publish","type":"post","link":"https:\/\/vieassociative.be\/actualites\/le-meilleur-outil-de-la-fete-du-travail-traite-moins-de-25\/","title":{"rendered":"Le meilleur outil de la f\u00eate du Travail traite moins de 25 $"},"content":{"rendered":"<div class=\"mt-4 leading-6 md:mb-8\">Construisez votre kit avec un budget.<\/div>\n<p><\/p>\n<p><strong><em>Ventes de la f\u00eate du Travail<\/em><\/strong><em> roulent, et <strong>Vie Associative partage les meilleures ventes<\/strong><\/em><em> Bas\u00e9 sur les revues de produits, les comparaisons et les outils de suivi des prix avant la fin. Vous pouvez aussi <strong>Abonnez-vous \u00e0 notre newsletter shopping<\/strong><\/em><em>Ajouter au panier, pour les meilleures ventes envoy\u00e9es dans votre bo\u00eete de r\u00e9ception.<\/em><\/p>\n<hr>\n<p>Il n&rsquo;y a rien de pire que de passer \u00e0 mi-chemin \u00e0 travers un projet de bricolage et de d\u00e9couvrir que vous n&rsquo;avez pas le bon outil pour le terminer &#8211; et les ventes de la f\u00eate du Travail offrent un bon moyen de ne pas se produire, offrant des remises qui facilitent la mise \u00e0 niveau de votre bo\u00eete \u00e0 outils tout en gardant \u00e0 un budget. M\u00eame si votre budget est relativement minuscule. \u00c0 cette fin, voici les meilleures offres d&rsquo;outils de la f\u00eate du Travail que j&rsquo;ai trouv\u00e9es \u00e0 moins de 25 $.<\/p>\n<h2 id=\"wrenches-and-ratchets\">Cl\u00e9s et cliquet<\/h2>\n<p>Une bonne trousse \u00e0 outils doit inclure un ensemble de cl\u00e9s et un cliquet, qui vous permettra de conduire des \u00e9crous pour plusieurs tailles de boulons pour assembler et d\u00e9monter des meubles, changer de filtres sur de grands appareils ou entretien automatique. Voici quelques excellentes offres de moins de 25 $ sur les cl\u00e9s et les cliquettes.<\/p>\n<ul>\n<li>\n<p>Cet ensemble de cliquet Crescent de 20 pi\u00e8ces est en vente sur Amazon pour 24,98 $, 41% sur son prix habituel. Cet ensemble est livr\u00e9 avec une poign\u00e9e \u00e0 cliquet \u215c pouces, un bit d&rsquo;extension et 8 chacune de sockets m\u00e9triques et SAE. Il s&rsquo;agit d&rsquo;un bon kit d\u00e9butant car il couvre la plupart des tailles de noix que vous rencontrerez, et elle est petite et facilement portable.<\/p>\n<\/li>\n<li>\n<p>Cet ensemble \u00e0 cliquet Ryobi 26 pi\u00e8ces 1\/4-inch est en vente pour 19,97 $ chez Home Depot, 33% de r\u00e9duction sur son prix normal. Cet ensemble est livr\u00e9 avec une poign\u00e9e \u00e0 cliquet d&rsquo;entra\u00eenement de \u00bc de pouce, 24 sockets dans les tailles m\u00e9triques et SAE, et un bo\u00eetier de transport. C&rsquo;est un bon ensemble pour les t\u00e2ches d&rsquo;entretien des maisons plus petites et parce qu&rsquo;elle est si compacte, c&rsquo;est id\u00e9al pour la vie d&rsquo;appartement.<\/p>\n<\/li>\n<li>\n<p>Cet ensemble de couvertures combin\u00e9s de 10 pi\u00e8ces artisanal est en vente pour 19,98 $ chez Lowe&rsquo;s, 31% de r\u00e9duction sur son prix typique. L&rsquo;ensemble comprend 10 cl\u00e9s SAE \u00e0 double extr\u00e9mit\u00e9. Cet ensemble est un bon compagnon pour un ensemble \u00e0 cliquet, vous pouvez donc utiliser une cl\u00e9 pour tenir une t\u00eate de boulon pendant que vous tournez l&rsquo;\u00e9crou ou utilisez les cl\u00e9s seules pour conduire des \u00e9crous.<\/p>\n<\/li>\n<\/ul>\n<h2 id=\"screwdriver-sets\">Ensembles de tournevis<\/h2>\n<p>Une gamme de tournevis est essentielle pour toute bo\u00eete \u00e0 outils de base, que vous assembliez des meubles FlatPack ou \u00e9changez une plaque d&rsquo;interrupteur. Voici quelques offres sur les ensembles de tournevis en vente pour moins de 25 $.<\/p>\n<ul>\n<li>\n<p>L&rsquo;ensemble de tournevis \u00e0 8 pi\u00e8ces Craftsman est en vente sur Amazon pour 14,98 $, 49% sur son prix habituel. Cet ensemble comprend 8 tournevis avec demi-fente et demi-t\u00eate de Phillip, dans une vari\u00e9t\u00e9 de tailles; Il a \u00e9galement deux pilotes \u00e0 manche court pour tourner les vis dans les espaces restreints. C&rsquo;est un bon ensemble de d\u00e9marrage.<\/p>\n<\/li>\n<li>\n<p>L&rsquo;ensemble de tournevis de 2 pi\u00e8ces Dewalt est en vente pour 9,97 $ pour la f\u00eate du Travail. L&rsquo;ensemble comprend deux pilotes, sur la t\u00eate de Phillip et une t\u00eate plate. Les pointes de ces tournevis sont magn\u00e9tiques, donc ils conserveront vos attaches, ce qui est pratique si vous travaillez dans un espace g\u00eanant.<\/p>\n<\/li>\n<li>\n<p>L&rsquo;ensemble de tournevis \u00e0 cliquet artisan de 15 pi\u00e8ces est en vente chez Ace Hardware pour 14,99 $, 41% sur le prix r\u00e9gulier. Il est \u00e9tiquet\u00e9 comme un ensemble de 15 pi\u00e8ces car les bits sont \u00e0 double fin, mais il est en fait livr\u00e9 avec 7 bits et une poign\u00e9e \u00e0 cliquet. Les bits se stockent \u00e0 l&rsquo;int\u00e9rieur de la poign\u00e9e, c&rsquo;est donc une option compacte pour votre trousse \u00e0 outils pour la maison si vous avez un espace de stockage limit\u00e9. Il comprend la t\u00eate de Phillip, la t\u00eate plate, la pointe carr\u00e9e et les bits d&rsquo;entra\u00eenement \u00e9toiles.<\/p>\n<\/li>\n<\/ul>\n<h2 id=\"other-tools-and-accessories\">Autres outils et accessoires<\/h2>\n<p>Voici quelques autres offres d&rsquo;outils hors de la f\u00eate du Travail sur les outils et les accessoires.<\/p>\n<ul>\n<li>\n<p>La scie \u00e0 main Dewalt de 20 pouces est en vente chez Ace Hardware pour 15 $, 50% de r\u00e9duction sur son prix normal. Il s&rsquo;agit d&rsquo;une scie \u00e0 main de base pour couper le bois de dimension de taille moyenne, et peut \u00eatre pratique pour terminer les coins lors de la coupe de la feuille avec une scie \u00e9lectrique. La lame \u00e0 8 dents par pouce fournira une coupe moyenne \u00e0 lisse sans \u00e9clatement ni d\u00e9chirure sur la plupart du bois.<\/p>\n<\/li>\n<li>\n<p>Un ensemble de quatre pinces \u00e0 barres Vevor est en vente chez Lowe&rsquo;s pour 24,99 $. Cet ensemble comprend deux pinces de 6 pouces et deux pinces de 12 pouces avec une profondeur de m\u00e2choire de 2 \u00bd pouces et une capacit\u00e9 de pression de 600 livres. Les pinces sont un outil utile pour le travail du bois de bricolage, car vous pouvez les utiliser pour maintenir les joints \u00e0 chasse d&rsquo;eau pendant que vous conduisez des attaches ou attendez que la colle s\u00e8che.<\/p>\n<\/li>\n<li>\n<p>Un dewalt 16 oz. Hammer est en vente pour 14,99 $ chez ACE Hardware, 44% de r\u00e9duction sur son prix r\u00e9gulier. Il s&rsquo;agit d&rsquo;un petit marteau \u00e0 face lisse avec une grille incurv\u00e9e pour tirer des ongles. C&rsquo;est un bon marteau pour des projets comme suspendre des photos ou conduire de petits ongles de finition, mais il n&rsquo;a pas le poids n\u00e9cessaire pour des travaux plus grands comme le cadrage.<\/p>\n<\/li>\n<\/ul>\n","protected":false},"excerpt":{"rendered":"<p>Construisez votre kit avec un budget. Ventes de la f\u00eate du Travail roulent, et Vie Associative partage les meilleures ventes Bas\u00e9 sur les revues de<\/p>\n","protected":false},"author":1,"featured_media":9751,"comment_status":"","ping_status":"","sticky":false,"template":"","format":"standard","meta":{"footnotes":""},"categories":[40],"tags":[1485,579,469,2813,7862,504],"class_list":["post-9750","post","type-post","status-publish","format-standard","has-post-thumbnail","hentry","category-maison","tag-fete","tag-meilleur","tag-moins","tag-outil","tag-traite","tag-travail","generate-columns","tablet-grid-50","mobile-grid-100","grid-parent","grid-33"],"yoast_head":"<!-- This site is optimized with the Yoast SEO plugin v24.0 - https:\/\/yoast.com\/wordpress\/plugins\/seo\/ -->\n<title>Le meilleur outil de la f\u00eate du Travail traite moins de 25 $ | Vie Associative<\/title>\n<meta name=\"robots\" content=\"index, follow, max-snippet:-1, max-image-preview:large, max-video-preview:-1\" \/>\n<link rel=\"canonical\" href=\"https:\/\/vieassociative.be\/actualites\/le-meilleur-outil-de-la-fete-du-travail-traite-moins-de-25\/\" \/>\n<meta property=\"og:locale\" content=\"fr_FR\" \/>\n<meta property=\"og:type\" content=\"article\" \/>\n<meta property=\"og:title\" content=\"Le meilleur outil de la f\u00eate du Travail traite moins de 25 $ | Vie Associative\" \/>\n<meta property=\"og:description\" content=\"Construisez votre kit avec un budget. Ventes de la f\u00eate du Travail roulent, et Vie Associative partage les meilleures ventes Bas\u00e9 sur les revues de\" \/>\n<meta property=\"og:url\" content=\"https:\/\/vieassociative.be\/actualites\/le-meilleur-outil-de-la-fete-du-travail-traite-moins-de-25\/\" \/>\n<meta property=\"og:site_name\" content=\"Vie Associative\" \/>\n<meta property=\"article:published_time\" content=\"2025-09-01T07:21:06+00:00\" \/>\n<meta property=\"og:image\" content=\"https:\/\/vieassociative.be\/actualites\/wp-content\/uploads\/2024\/09\/header_backgroundk-01-e1726694325946.png\" \/>\n\t<meta property=\"og:image:width\" content=\"279\" \/>\n\t<meta property=\"og:image:height\" content=\"92\" \/>\n\t<meta property=\"og:image:type\" content=\"image\/png\" \/>\n<meta name=\"author\" content=\"Julien\" \/>\n<meta name=\"twitter:card\" content=\"summary_large_image\" \/>\n<meta name=\"twitter:label1\" content=\"\u00c9crit par\" \/>\n\t<meta name=\"twitter:data1\" content=\"Julien\" \/>\n\t<meta name=\"twitter:label2\" content=\"Dur\u00e9e de lecture est.\" \/>\n\t<meta name=\"twitter:data2\" content=\"5 minutes\" \/>\n<script type=\"application\/ld+json\" class=\"yoast-schema-graph\">{\"@context\":\"https:\/\/schema.org\",\"@graph\":[{\"@type\":\"Article\",\"@id\":\"https:\/\/vieassociative.be\/actualites\/le-meilleur-outil-de-la-fete-du-travail-traite-moins-de-25\/#article\",\"isPartOf\":{\"@id\":\"https:\/\/vieassociative.be\/actualites\/le-meilleur-outil-de-la-fete-du-travail-traite-moins-de-25\/\"},\"author\":{\"name\":\"Julien\",\"@id\":\"https:\/\/vieassociative.be\/actualites\/#\/schema\/person\/b87ac4f82f9d4e7b7cec7395b679edc4\"},\"headline\":\"Le meilleur outil de la f\u00eate du Travail traite moins de 25 $\",\"datePublished\":\"2025-09-01T07:21:06+00:00\",\"dateModified\":\"2025-09-01T07:21:06+00:00\",\"mainEntityOfPage\":{\"@id\":\"https:\/\/vieassociative.be\/actualites\/le-meilleur-outil-de-la-fete-du-travail-traite-moins-de-25\/\"},\"wordCount\":965,\"publisher\":{\"@id\":\"https:\/\/vieassociative.be\/actualites\/#organization\"},\"image\":{\"@id\":\"https:\/\/vieassociative.be\/actualites\/le-meilleur-outil-de-la-fete-du-travail-traite-moins-de-25\/#primaryimage\"},\"thumbnailUrl\":\"https:\/\/vieassociative.be\/actualites\/wp-content\/uploads\/2025\/09\/Le-meilleur-outil-de-la-fete-du-Travail-traite-moins.png\",\"keywords\":[\"f\u00eate\",\"meilleur\",\"moins\",\"outil\",\"trait\u00e9\",\"travail\"],\"articleSection\":[\"Maison\"],\"inLanguage\":\"fr-BE\"},{\"@type\":\"WebPage\",\"@id\":\"https:\/\/vieassociative.be\/actualites\/le-meilleur-outil-de-la-fete-du-travail-traite-moins-de-25\/\",\"url\":\"https:\/\/vieassociative.be\/actualites\/le-meilleur-outil-de-la-fete-du-travail-traite-moins-de-25\/\",\"name\":\"Le meilleur outil de la f\u00eate du Travail traite moins de 25 $ | Vie Associative\",\"isPartOf\":{\"@id\":\"https:\/\/vieassociative.be\/actualites\/#website\"},\"primaryImageOfPage\":{\"@id\":\"https:\/\/vieassociative.be\/actualites\/le-meilleur-outil-de-la-fete-du-travail-traite-moins-de-25\/#primaryimage\"},\"image\":{\"@id\":\"https:\/\/vieassociative.be\/actualites\/le-meilleur-outil-de-la-fete-du-travail-traite-moins-de-25\/#primaryimage\"},\"thumbnailUrl\":\"https:\/\/vieassociative.be\/actualites\/wp-content\/uploads\/2025\/09\/Le-meilleur-outil-de-la-fete-du-Travail-traite-moins.png\",\"datePublished\":\"2025-09-01T07:21:06+00:00\",\"dateModified\":\"2025-09-01T07:21:06+00:00\",\"breadcrumb\":{\"@id\":\"https:\/\/vieassociative.be\/actualites\/le-meilleur-outil-de-la-fete-du-travail-traite-moins-de-25\/#breadcrumb\"},\"inLanguage\":\"fr-BE\",\"potentialAction\":[{\"@type\":\"ReadAction\",\"target\":[\"https:\/\/vieassociative.be\/actualites\/le-meilleur-outil-de-la-fete-du-travail-traite-moins-de-25\/\"]}]},{\"@type\":\"ImageObject\",\"inLanguage\":\"fr-BE\",\"@id\":\"https:\/\/vieassociative.be\/actualites\/le-meilleur-outil-de-la-fete-du-travail-traite-moins-de-25\/#primaryimage\",\"url\":\"https:\/\/vieassociative.be\/actualites\/wp-content\/uploads\/2025\/09\/Le-meilleur-outil-de-la-fete-du-Travail-traite-moins.png\",\"contentUrl\":\"https:\/\/vieassociative.be\/actualites\/wp-content\/uploads\/2025\/09\/Le-meilleur-outil-de-la-fete-du-Travail-traite-moins.png\",\"width\":1200,\"height\":675,\"caption\":\"Le meilleur outil de la f\u00eate du Travail traite moins de 25 $\"},{\"@type\":\"BreadcrumbList\",\"@id\":\"https:\/\/vieassociative.be\/actualites\/le-meilleur-outil-de-la-fete-du-travail-traite-moins-de-25\/#breadcrumb\",\"itemListElement\":[{\"@type\":\"ListItem\",\"position\":1,\"name\":\"Accueil\",\"item\":\"https:\/\/vieassociative.be\/actualites\/\"},{\"@type\":\"ListItem\",\"position\":2,\"name\":\"Le meilleur outil de la f\u00eate du Travail traite moins de 25 $\"}]},{\"@type\":\"WebSite\",\"@id\":\"https:\/\/vieassociative.be\/actualites\/#website\",\"url\":\"https:\/\/vieassociative.be\/actualites\/\",\"name\":\"Vie Associative\",\"description\":\"\",\"publisher\":{\"@id\":\"https:\/\/vieassociative.be\/actualites\/#organization\"},\"potentialAction\":[{\"@type\":\"SearchAction\",\"target\":{\"@type\":\"EntryPoint\",\"urlTemplate\":\"https:\/\/vieassociative.be\/actualites\/?s={search_term_string}\"},\"query-input\":{\"@type\":\"PropertyValueSpecification\",\"valueRequired\":true,\"valueName\":\"search_term_string\"}}],\"inLanguage\":\"fr-BE\"},{\"@type\":\"Organization\",\"@id\":\"https:\/\/vieassociative.be\/actualites\/#organization\",\"name\":\"Vie Associative\",\"url\":\"https:\/\/vieassociative.be\/actualites\/\",\"logo\":{\"@type\":\"ImageObject\",\"inLanguage\":\"fr-BE\",\"@id\":\"https:\/\/vieassociative.be\/actualites\/#\/schema\/logo\/image\/\",\"url\":\"https:\/\/vieassociative.be\/actualites\/wp-content\/uploads\/2024\/09\/cropped-vieassociative_favicon.ico.png\",\"contentUrl\":\"https:\/\/vieassociative.be\/actualites\/wp-content\/uploads\/2024\/09\/cropped-vieassociative_favicon.ico.png\",\"width\":512,\"height\":512,\"caption\":\"Vie Associative\"},\"image\":{\"@id\":\"https:\/\/vieassociative.be\/actualites\/#\/schema\/logo\/image\/\"}},{\"@type\":\"Person\",\"@id\":\"https:\/\/vieassociative.be\/actualites\/#\/schema\/person\/b87ac4f82f9d4e7b7cec7395b679edc4\",\"name\":\"Julien\",\"image\":{\"@type\":\"ImageObject\",\"inLanguage\":\"fr-BE\",\"@id\":\"https:\/\/vieassociative.be\/actualites\/#\/schema\/person\/image\/\",\"url\":\"https:\/\/vieassociative.be\/actualites\/wp-content\/uploads\/2024\/09\/vie-associative-1-150x150.jpg\",\"contentUrl\":\"https:\/\/vieassociative.be\/actualites\/wp-content\/uploads\/2024\/09\/vie-associative-1-150x150.jpg\",\"caption\":\"Julien\"},\"description\":\"Je suis Julien, r\u00e9dacteur pour Vie Associative. Passionn\u00e9 par le monde associatif depuis plus de 10 ans, j'ai \u00e0 c\u0153ur de partager des histoires inspirantes et de mettre en lumi\u00e8re les initiatives locales. Mon objectif est de sensibiliser et d'encourager l'engagement communautaire \u00e0 travers mes articles.\",\"sameAs\":[\"https:\/\/vieassociative.be\/\"]}]}<\/script>\n<!-- \/ Yoast SEO plugin. -->","yoast_head_json":{"title":"Le meilleur outil de la f\u00eate du Travail traite moins de 25 $ | Vie Associative","robots":{"index":"index","follow":"follow","max-snippet":"max-snippet:-1","max-image-preview":"max-image-preview:large","max-video-preview":"max-video-preview:-1"},"canonical":"https:\/\/vieassociative.be\/actualites\/le-meilleur-outil-de-la-fete-du-travail-traite-moins-de-25\/","og_locale":"fr_FR","og_type":"article","og_title":"Le meilleur outil de la f\u00eate du Travail traite moins de 25 $ | Vie Associative","og_description":"Construisez votre kit avec un budget. Ventes de la f\u00eate du Travail roulent, et Vie Associative partage les meilleures ventes Bas\u00e9 sur les revues de","og_url":"https:\/\/vieassociative.be\/actualites\/le-meilleur-outil-de-la-fete-du-travail-traite-moins-de-25\/","og_site_name":"Vie Associative","article_published_time":"2025-09-01T07:21:06+00:00","og_image":[{"width":279,"height":92,"url":"https:\/\/vieassociative.be\/actualites\/wp-content\/uploads\/2024\/09\/header_backgroundk-01-e1726694325946.png","type":"image\/png"}],"author":"Julien","twitter_card":"summary_large_image","twitter_misc":{"\u00c9crit par":"Julien","Dur\u00e9e de lecture est.":"5 minutes"},"schema":{"@context":"https:\/\/schema.org","@graph":[{"@type":"Article","@id":"https:\/\/vieassociative.be\/actualites\/le-meilleur-outil-de-la-fete-du-travail-traite-moins-de-25\/#article","isPartOf":{"@id":"https:\/\/vieassociative.be\/actualites\/le-meilleur-outil-de-la-fete-du-travail-traite-moins-de-25\/"},"author":{"name":"Julien","@id":"https:\/\/vieassociative.be\/actualites\/#\/schema\/person\/b87ac4f82f9d4e7b7cec7395b679edc4"},"headline":"Le meilleur outil de la f\u00eate du Travail traite moins de 25 $","datePublished":"2025-09-01T07:21:06+00:00","dateModified":"2025-09-01T07:21:06+00:00","mainEntityOfPage":{"@id":"https:\/\/vieassociative.be\/actualites\/le-meilleur-outil-de-la-fete-du-travail-traite-moins-de-25\/"},"wordCount":965,"publisher":{"@id":"https:\/\/vieassociative.be\/actualites\/#organization"},"image":{"@id":"https:\/\/vieassociative.be\/actualites\/le-meilleur-outil-de-la-fete-du-travail-traite-moins-de-25\/#primaryimage"},"thumbnailUrl":"https:\/\/vieassociative.be\/actualites\/wp-content\/uploads\/2025\/09\/Le-meilleur-outil-de-la-fete-du-Travail-traite-moins.png","keywords":["f\u00eate","meilleur","moins","outil","trait\u00e9","travail"],"articleSection":["Maison"],"inLanguage":"fr-BE"},{"@type":"WebPage","@id":"https:\/\/vieassociative.be\/actualites\/le-meilleur-outil-de-la-fete-du-travail-traite-moins-de-25\/","url":"https:\/\/vieassociative.be\/actualites\/le-meilleur-outil-de-la-fete-du-travail-traite-moins-de-25\/","name":"Le meilleur outil de la f\u00eate du Travail traite moins de 25 $ | Vie Associative","isPartOf":{"@id":"https:\/\/vieassociative.be\/actualites\/#website"},"primaryImageOfPage":{"@id":"https:\/\/vieassociative.be\/actualites\/le-meilleur-outil-de-la-fete-du-travail-traite-moins-de-25\/#primaryimage"},"image":{"@id":"https:\/\/vieassociative.be\/actualites\/le-meilleur-outil-de-la-fete-du-travail-traite-moins-de-25\/#primaryimage"},"thumbnailUrl":"https:\/\/vieassociative.be\/actualites\/wp-content\/uploads\/2025\/09\/Le-meilleur-outil-de-la-fete-du-Travail-traite-moins.png","datePublished":"2025-09-01T07:21:06+00:00","dateModified":"2025-09-01T07:21:06+00:00","breadcrumb":{"@id":"https:\/\/vieassociative.be\/actualites\/le-meilleur-outil-de-la-fete-du-travail-traite-moins-de-25\/#breadcrumb"},"inLanguage":"fr-BE","potentialAction":[{"@type":"ReadAction","target":["https:\/\/vieassociative.be\/actualites\/le-meilleur-outil-de-la-fete-du-travail-traite-moins-de-25\/"]}]},{"@type":"ImageObject","inLanguage":"fr-BE","@id":"https:\/\/vieassociative.be\/actualites\/le-meilleur-outil-de-la-fete-du-travail-traite-moins-de-25\/#primaryimage","url":"https:\/\/vieassociative.be\/actualites\/wp-content\/uploads\/2025\/09\/Le-meilleur-outil-de-la-fete-du-Travail-traite-moins.png","contentUrl":"https:\/\/vieassociative.be\/actualites\/wp-content\/uploads\/2025\/09\/Le-meilleur-outil-de-la-fete-du-Travail-traite-moins.png","width":1200,"height":675,"caption":"Le meilleur outil de la f\u00eate du Travail traite moins de 25 $"},{"@type":"BreadcrumbList","@id":"https:\/\/vieassociative.be\/actualites\/le-meilleur-outil-de-la-fete-du-travail-traite-moins-de-25\/#breadcrumb","itemListElement":[{"@type":"ListItem","position":1,"name":"Accueil","item":"https:\/\/vieassociative.be\/actualites\/"},{"@type":"ListItem","position":2,"name":"Le meilleur outil de la f\u00eate du Travail traite moins de 25 $"}]},{"@type":"WebSite","@id":"https:\/\/vieassociative.be\/actualites\/#website","url":"https:\/\/vieassociative.be\/actualites\/","name":"Vie Associative","description":"","publisher":{"@id":"https:\/\/vieassociative.be\/actualites\/#organization"},"potentialAction":[{"@type":"SearchAction","target":{"@type":"EntryPoint","urlTemplate":"https:\/\/vieassociative.be\/actualites\/?s={search_term_string}"},"query-input":{"@type":"PropertyValueSpecification","valueRequired":true,"valueName":"search_term_string"}}],"inLanguage":"fr-BE"},{"@type":"Organization","@id":"https:\/\/vieassociative.be\/actualites\/#organization","name":"Vie Associative","url":"https:\/\/vieassociative.be\/actualites\/","logo":{"@type":"ImageObject","inLanguage":"fr-BE","@id":"https:\/\/vieassociative.be\/actualites\/#\/schema\/logo\/image\/","url":"https:\/\/vieassociative.be\/actualites\/wp-content\/uploads\/2024\/09\/cropped-vieassociative_favicon.ico.png","contentUrl":"https:\/\/vieassociative.be\/actualites\/wp-content\/uploads\/2024\/09\/cropped-vieassociative_favicon.ico.png","width":512,"height":512,"caption":"Vie Associative"},"image":{"@id":"https:\/\/vieassociative.be\/actualites\/#\/schema\/logo\/image\/"}},{"@type":"Person","@id":"https:\/\/vieassociative.be\/actualites\/#\/schema\/person\/b87ac4f82f9d4e7b7cec7395b679edc4","name":"Julien","image":{"@type":"ImageObject","inLanguage":"fr-BE","@id":"https:\/\/vieassociative.be\/actualites\/#\/schema\/person\/image\/","url":"https:\/\/vieassociative.be\/actualites\/wp-content\/uploads\/2024\/09\/vie-associative-1-150x150.jpg","contentUrl":"https:\/\/vieassociative.be\/actualites\/wp-content\/uploads\/2024\/09\/vie-associative-1-150x150.jpg","caption":"Julien"},"description":"Je suis Julien, r\u00e9dacteur pour Vie Associative. Passionn\u00e9 par le monde associatif depuis plus de 10 ans, j'ai \u00e0 c\u0153ur de partager des histoires inspirantes et de mettre en lumi\u00e8re les initiatives locales. Mon objectif est de sensibiliser et d'encourager l'engagement communautaire \u00e0 travers mes articles.","sameAs":["https:\/\/vieassociative.be\/"]}]}},"_links":{"self":[{"href":"https:\/\/vieassociative.be\/actualites\/wp-json\/wp\/v2\/posts\/9750"}],"collection":[{"href":"https:\/\/vieassociative.be\/actualites\/wp-json\/wp\/v2\/posts"}],"about":[{"href":"https:\/\/vieassociative.be\/actualites\/wp-json\/wp\/v2\/types\/post"}],"author":[{"embeddable":true,"href":"https:\/\/vieassociative.be\/actualites\/wp-json\/wp\/v2\/users\/1"}],"replies":[{"embeddable":true,"href":"https:\/\/vieassociative.be\/actualites\/wp-json\/wp\/v2\/comments?post=9750"}],"version-history":[{"count":0,"href":"https:\/\/vieassociative.be\/actualites\/wp-json\/wp\/v2\/posts\/9750\/revisions"}],"wp:featuredmedia":[{"embeddable":true,"href":"https:\/\/vieassociative.be\/actualites\/wp-json\/wp\/v2\/media\/9751"}],"wp:attachment":[{"href":"https:\/\/vieassociative.be\/actualites\/wp-json\/wp\/v2\/media?parent=9750"}],"wp:term":[{"taxonomy":"category","embeddable":true,"href":"https:\/\/vieassociative.be\/actualites\/wp-json\/wp\/v2\/categories?post=9750"},{"taxonomy":"post_tag","embeddable":true,"href":"https:\/\/vieassociative.be\/actualites\/wp-json\/wp\/v2\/tags?post=9750"}],"curies":[{"name":"wp","href":"https:\/\/api.w.org\/{rel}","templated":true}]}}