{"id":9746,"date":"2025-09-01T03:17:42","date_gmt":"2025-09-01T01:17:42","guid":{"rendered":"https:\/\/vieassociative.be\/actualites\/le-m4-macbook-pro-est-de-300-pour-la-fete-du-travail\/"},"modified":"2025-09-01T03:17:42","modified_gmt":"2025-09-01T01:17:42","slug":"le-m4-macbook-pro-est-de-300-pour-la-fete-du-travail","status":"publish","type":"post","link":"https:\/\/vieassociative.be\/actualites\/le-m4-macbook-pro-est-de-300-pour-la-fete-du-travail\/","title":{"rendered":"Le M4 MacBook Pro est de 300 $ pour la f\u00eate du Travail"},"content":{"rendered":"<div class=\"mt-4 leading-6 md:mb-8\">C&rsquo;est un prix record pour le puissant MacBook.<\/div>\n<p><\/p>\n<p><strong><em>Ventes de la f\u00eate du Travail<\/em><\/strong><em> roulent, et <strong>Vie Associative partage les meilleures ventes<\/strong><\/em><em> Bas\u00e9 sur les revues de produits, les comparaisons et les outils de suivi des prix avant la fin. Vous pouvez aussi <strong>Abonnez-vous \u00e0 notre newsletter shopping<\/strong><\/em><em>Ajouter au panier, pour les meilleures ventes envoy\u00e9es dans votre bo\u00eete de r\u00e9ception.<\/em><\/p>\n<hr>\n<p>C&rsquo;est le week-end de la f\u00eate du Travail, et les ventes de technologies sont fortes, avec des offres sur les t\u00e9l\u00e9viseurs, les iPads, les tablettes et les \u00e9couteurs. Si vous cherchez un accord sur un nouveau MacBook, c&rsquo;est votre meilleure chance jusqu&rsquo;\u00e0 pr\u00e9sent cette ann\u00e9e: le puissant M4 MacBook Air d&rsquo;Apple d\u00e9j\u00e0 tomb\u00e9 \u00e0 799 $, son prix le plus bas de tous les temps, et maintenant, le MacBook Pro M4 de base de 14 pouces suit la combinaison: il est \u00e0 1299 $ sur Amazon, une remise de 300 $ par rapport aux 1599 $ habituels. C&rsquo;est le prix le moins cher \u00e0 ce jour pour ce mod\u00e8le MacBook Pro. (Le mod\u00e8le M4 Pro plus cher avec la puce M4 Pro et 25 Go de RAM a d\u00e9j\u00e0 re\u00e7u une coupe de 300 $, de 1999 $ \u00e0 1699 $).<\/p>\n<p>Le M4 MacBook Pro 14 pouces est un pas au-dessus du M4 MacBook Air. Ils partagent la m\u00eame puce, mais le MacBook Pro obtient un GPU \u00e0 10 c\u0153urs au lieu d&rsquo;un core. Vous obtenez \u00e9galement 16 Go de m\u00e9moire unifi\u00e9e et 512 Go de stockage en standard (au lieu de 256 Go pour l&rsquo;air).<\/p>\n<div class=\"shadow-b-2 mb-12 mt-10 rounded-md border-2 border-(#F0F0F0) px-6 py-2 shadow-lg md:px-12\" role=\"region\" aria-label=\"Products List\" x-data=\"{ showMore: false }\">\n<div class=\"flex w-full gap-x-5\">\n<div class=\"flex w-full flex-col flex-nowrap justify-center gap-2 text-black no-underline md:order-2 md:gap-y-6\">\n<div class=\"flex flex-col justify-between gap-y-2 md:w-full md:gap-y-1\">\n<div class=\"block w-fit cursor-pointer font-akshar text-lg font-medium leading-5 text-brand-green duration-200 ease-in-out hover:text-brand-green-700 md:text-xl md:leading-6\">\n<p>                            Apple M4 MacBook Pro\n                        <\/p><\/div>\n<\/p><\/div>\n<div class=\"hidden md:flex md:justify-between md:gap-x-4\">\n<div class=\"w-full mb-0 md:flex md:flex-col md:justify-center font-sans leading-4 text-black\">\n<div class=\"flex flex-wrap items-center justify-center gap-1 md:justify-start\">\n        <span class=\"font-bold\"><\/p>\n<p>            1 548,00 $<br \/>\n                            <span class=\"font-medium\">\u00e0 Amazon<\/span><br \/>\n                    <\/span>\n            <\/div>\n<div class=\"flex items-center justify-center gap-x-1 font-bold md:justify-start\">\n            <span class=\"text-sm line-through\">1 878,00 $<\/span><br \/>\n            <span class=\"text-sm text-brand-green\">\u00c9conomisez 330,00 $<\/span>\n        <\/div>\n<\/p><\/div>\n<p>                            <button class=\"flex justify-center items-center w-full bg-brand-green text-white text-base font-sans font-medium rounded-md hover:bg-brand-green-700 hover:cursor-pointer md:text-sm hidden self-end h-12 max-w-(10rem) duration-200 ease-in-out hover:bg-brand-green-700 md:flex md:h-10\"><\/p>\n<p>    Conclure un accord<br \/>\n<\/button>\n                        <\/div>\n<\/p><\/div>\n<div class=\"flex aspect-video h-(90px) shrink-0 items-center justify-center self-center md:order-1\">\n                        <img decoding=\"async\" class=\"m-0 max-h-full max-w-full rounded-md\" src=\"https:\/\/vieassociative.be\/actualites\/wp-content\/uploads\/2025\/09\/Le-M4-MacBook-Pro-est-de-300-pour-la.jpg\" alt=\"APPLE 2024 MacBook Pro ordinateur portable avec puce M4 avec CPU \u00e0 10 cotes et GPU \u00e0 10 cotes: Construit pour Apple Intelligence, affichage de 14,2 pouces, m\u00e9moire unifi\u00e9e 16 Go, stockage SSD 512 Go; Argent avec Applecare + (3 ans)\" width=\"auto\" height=\"auto\" loading=\"lazy\">\n                    <\/div>\n<\/p><\/div>\n<p>                            <button class=\"flex justify-center items-center w-full bg-brand-green text-white text-base font-sans font-medium rounded-md hover:bg-brand-green-700 hover:cursor-pointer md:text-sm w-full h-12 duration-200 ease-in-out hover:bg-brand-green-700 md:hidden md:h-10\"><\/p>\n<p>    Conclure un accord<br \/>\n<\/button><\/p>\n<div class=\"flex flex-col items-center w-full md:hidden font-sans leading-4 text-black\">\n<div class=\"flex flex-wrap items-center justify-center gap-1 md:justify-start\">\n        <span class=\"font-bold\"><\/p>\n<p>            1 548,00 $<br \/>\n                            <span class=\"font-medium\">\u00e0 Amazon<\/span><br \/>\n                    <\/span>\n            <\/div>\n<div class=\"flex items-center justify-center gap-x-1 font-bold md:justify-start\">\n            <span class=\"text-sm line-through\">1 878,00 $<\/span><br \/>\n            <span class=\"text-sm text-brand-green\">\u00c9conomisez 330,00 $<\/span>\n        <\/div>\n<\/p><\/div>\n<div class=\"flex w-full gap-x-5\">\n<div class=\"flex w-full flex-col flex-nowrap justify-center gap-2 text-black no-underline md:order-2 md:gap-y-6\">\n<div class=\"flex flex-col justify-between gap-y-2 md:w-full md:gap-y-1\">\n<div class=\"block w-fit cursor-pointer font-akshar text-lg font-medium leading-5 text-brand-green duration-200 ease-in-out hover:text-brand-green-700 md:text-xl md:leading-6\">\n<p>                            Apple M4 Pro MacBook Pro\n                        <\/p><\/div>\n<\/p><\/div>\n<div class=\"hidden md:flex md:justify-between md:gap-x-4\">\n<div class=\"w-full mb-0 md:flex md:flex-col md:justify-center font-sans leading-4 text-black\">\n<div class=\"flex flex-wrap items-center justify-center gap-1 md:justify-start\">\n        <span class=\"font-bold\"><\/p>\n<p>            1 799,00 $<br \/>\n                            <span class=\"font-medium\">\u00e0 Amazon<\/span><br \/>\n                    <\/span>\n            <\/div>\n<div class=\"flex items-center justify-center gap-x-1 font-bold md:justify-start\">\n            <span class=\"text-sm line-through\">1 999,00 $<\/span><br \/>\n            <span class=\"text-sm text-brand-green\">\u00c9conomisez 200 $<\/span>\n        <\/div>\n<\/p><\/div>\n<p>                            <button class=\"flex justify-center items-center w-full bg-brand-green text-white text-base font-sans font-medium rounded-md hover:bg-brand-green-700 hover:cursor-pointer md:text-sm hidden self-end h-12 max-w-(10rem) duration-200 ease-in-out hover:bg-brand-green-700 md:flex md:h-10\"><\/p>\n<p>    Conclure un accord<br \/>\n<\/button>\n                        <\/div>\n<\/p><\/div>\n<div class=\"flex aspect-video h-(90px) shrink-0 items-center justify-center self-center md:order-1\">\n                        <img decoding=\"async\" class=\"m-0 max-h-full max-w-full rounded-md\" src=\"https:\/\/vieassociative.be\/actualites\/wp-content\/uploads\/2025\/09\/1756689462_505_Le-M4-MacBook-Pro-est-de-300-pour-la.jpg\" alt=\"APPLE 2024 MACBOOK PROPOP avec M4 Pro, CPU 12-Core, GPU 16-Core: Construit pour Apple Intelligence, Affichage XDR liquide de 14,2 pouces, M\u00e9moire unifi\u00e9e 24 Go, stockage SSD 512 Go; Argent\" width=\"auto\" height=\"auto\" loading=\"lazy\">\n                    <\/div>\n<\/p><\/div>\n<p>                            <button class=\"flex justify-center items-center w-full bg-brand-green text-white text-base font-sans font-medium rounded-md hover:bg-brand-green-700 hover:cursor-pointer md:text-sm w-full h-12 duration-200 ease-in-out hover:bg-brand-green-700 md:hidden md:h-10\"><\/p>\n<p>    Conclure un accord<br \/>\n<\/button><\/p>\n<div class=\"flex flex-col items-center w-full md:hidden font-sans leading-4 text-black\">\n<div class=\"flex flex-wrap items-center justify-center gap-1 md:justify-start\">\n        <span class=\"font-bold\"><\/p>\n<p>            1 799,00 $<br \/>\n                            <span class=\"font-medium\">\u00e0 Amazon<\/span><br \/>\n                    <\/span>\n            <\/div>\n<div class=\"flex items-center justify-center gap-x-1 font-bold md:justify-start\">\n            <span class=\"text-sm line-through\">1 999,00 $<\/span><br \/>\n            <span class=\"text-sm text-brand-green\">\u00c9conomisez 200 $<\/span>\n        <\/div>\n<\/p><\/div>\n<\/div>\n<p>Le corps et le design du MacBook Pro sont \u00e9galement compl\u00e8tement diff\u00e9rents. Contrairement \u00e0 l&rsquo;air, le corps du PRO est refroidi par des ventilateurs, il peut donc maintenir des charges de travail intensives de processeur pour l&rsquo;\u00e9dition vid\u00e9o et le codage beaucoup plus longtemps. Le Pro offre \u00e9galement un bien meilleur \u00e9cran, avec une r\u00e9solution native 3024&#215;1964 \u00e0 254 pixels par pouce, 16,00 nits HDR, jusqu&rsquo;\u00e0 1000 nits de luminosit\u00e9 ext\u00e9rieure r\u00e9guli\u00e8re et un taux de rafra\u00eechissement de 120 Hz. La sauvegarde de la batterie du M4 MacBook Pro est \u00e9galement substantielle, avec jusqu&rsquo;\u00e0 24 heures de streaming vid\u00e9o et 16 heures de navigation Web sans fil.<\/p>\n<p>En tant que mod\u00e8le pro, il est livr\u00e9 avec trois ports USB-C Thunderbolt, un c\u00e2ble HDMI et une fente de carte SD. Toute cette technologie rend le pro plus lourd: il est 1,55 kg, ou 3,4 livres, contre 1,24 kg de l&rsquo;air ou 2,7 livres. Mais si vous \u00eates le genre de personne qui veut un MacBook tr\u00e8s rapide avec un affichage \u00e0 120 Hz, une longue batterie, une excellente construction, et ne vous d\u00e9range pas le poids, le M4 MacBook Pro peut \u00eatre un excellent choix. <\/p>\n<p>Si vous voulez juste un ordinateur portable mince et l\u00e9ger pour le travail et l&rsquo;\u00e9cole, vous ne pouvez pas vous tromper avec le M4 MacBook Air, qui, encore une fois, est r\u00e9duit \u00e0 799 $ pour la f\u00eate du Travail. Si vous recherchez une option budg\u00e9taire, le M1 MacBook Ai encore fiable peut \u00eatre le v\u00f4tre pour 599 $. <\/p>\n","protected":false},"excerpt":{"rendered":"<p>C&rsquo;est un prix record pour le puissant MacBook. Ventes de la f\u00eate du Travail roulent, et Vie Associative partage les meilleures ventes Bas\u00e9 sur les<\/p>\n","protected":false},"author":1,"featured_media":9747,"comment_status":"","ping_status":"","sticky":false,"template":"","format":"standard","meta":{"footnotes":""},"categories":[13],"tags":[76,1485,686,81,630,504],"class_list":["post-9746","post","type-post","status-publish","format-standard","has-post-thumbnail","hentry","category-technologie","tag-est","tag-fete","tag-macbook","tag-pour","tag-pro","tag-travail","generate-columns","tablet-grid-50","mobile-grid-100","grid-parent","grid-33"],"yoast_head":"<!-- This site is optimized with the Yoast SEO plugin v24.0 - https:\/\/yoast.com\/wordpress\/plugins\/seo\/ -->\n<title>Le M4 MacBook Pro est de 300 $ pour la f\u00eate du Travail | Vie Associative<\/title>\n<meta name=\"robots\" content=\"index, follow, max-snippet:-1, max-image-preview:large, max-video-preview:-1\" \/>\n<link rel=\"canonical\" href=\"https:\/\/vieassociative.be\/actualites\/le-m4-macbook-pro-est-de-300-pour-la-fete-du-travail\/\" \/>\n<meta property=\"og:locale\" content=\"fr_FR\" \/>\n<meta property=\"og:type\" content=\"article\" \/>\n<meta property=\"og:title\" content=\"Le M4 MacBook Pro est de 300 $ pour la f\u00eate du Travail | Vie Associative\" \/>\n<meta property=\"og:description\" content=\"C&rsquo;est un prix record pour le puissant MacBook. Ventes de la f\u00eate du Travail roulent, et Vie Associative partage les meilleures ventes Bas\u00e9 sur les\" \/>\n<meta property=\"og:url\" content=\"https:\/\/vieassociative.be\/actualites\/le-m4-macbook-pro-est-de-300-pour-la-fete-du-travail\/\" \/>\n<meta property=\"og:site_name\" content=\"Vie Associative\" \/>\n<meta property=\"article:published_time\" content=\"2025-09-01T01:17:42+00:00\" \/>\n<meta property=\"og:image\" content=\"https:\/\/vieassociative.be\/actualites\/wp-content\/uploads\/2025\/09\/Le-M4-MacBook-Pro-est-de-300-pour-la.jpg\" \/>\n<meta name=\"author\" content=\"Julien\" \/>\n<meta name=\"twitter:card\" content=\"summary_large_image\" \/>\n<meta name=\"twitter:label1\" content=\"\u00c9crit par\" \/>\n\t<meta name=\"twitter:data1\" content=\"Julien\" \/>\n\t<meta name=\"twitter:label2\" content=\"Dur\u00e9e de lecture est.\" \/>\n\t<meta name=\"twitter:data2\" content=\"3 minutes\" \/>\n<script type=\"application\/ld+json\" class=\"yoast-schema-graph\">{\"@context\":\"https:\/\/schema.org\",\"@graph\":[{\"@type\":\"Article\",\"@id\":\"https:\/\/vieassociative.be\/actualites\/le-m4-macbook-pro-est-de-300-pour-la-fete-du-travail\/#article\",\"isPartOf\":{\"@id\":\"https:\/\/vieassociative.be\/actualites\/le-m4-macbook-pro-est-de-300-pour-la-fete-du-travail\/\"},\"author\":{\"name\":\"Julien\",\"@id\":\"https:\/\/vieassociative.be\/actualites\/#\/schema\/person\/b87ac4f82f9d4e7b7cec7395b679edc4\"},\"headline\":\"Le M4 MacBook Pro est de 300 $ pour la f\u00eate du Travail\",\"datePublished\":\"2025-09-01T01:17:42+00:00\",\"dateModified\":\"2025-09-01T01:17:42+00:00\",\"mainEntityOfPage\":{\"@id\":\"https:\/\/vieassociative.be\/actualites\/le-m4-macbook-pro-est-de-300-pour-la-fete-du-travail\/\"},\"wordCount\":552,\"publisher\":{\"@id\":\"https:\/\/vieassociative.be\/actualites\/#organization\"},\"image\":{\"@id\":\"https:\/\/vieassociative.be\/actualites\/le-m4-macbook-pro-est-de-300-pour-la-fete-du-travail\/#primaryimage\"},\"thumbnailUrl\":\"https:\/\/vieassociative.be\/actualites\/wp-content\/uploads\/2025\/09\/1756689462_Le-M4-MacBook-Pro-est-de-300-pour-la.jpg\",\"keywords\":[\"est\",\"f\u00eate\",\"MacBook\",\"pour\",\"Pro\",\"travail\"],\"articleSection\":[\"Technologie\"],\"inLanguage\":\"fr-BE\"},{\"@type\":\"WebPage\",\"@id\":\"https:\/\/vieassociative.be\/actualites\/le-m4-macbook-pro-est-de-300-pour-la-fete-du-travail\/\",\"url\":\"https:\/\/vieassociative.be\/actualites\/le-m4-macbook-pro-est-de-300-pour-la-fete-du-travail\/\",\"name\":\"Le M4 MacBook Pro est de 300 $ pour la f\u00eate du Travail | Vie Associative\",\"isPartOf\":{\"@id\":\"https:\/\/vieassociative.be\/actualites\/#website\"},\"primaryImageOfPage\":{\"@id\":\"https:\/\/vieassociative.be\/actualites\/le-m4-macbook-pro-est-de-300-pour-la-fete-du-travail\/#primaryimage\"},\"image\":{\"@id\":\"https:\/\/vieassociative.be\/actualites\/le-m4-macbook-pro-est-de-300-pour-la-fete-du-travail\/#primaryimage\"},\"thumbnailUrl\":\"https:\/\/vieassociative.be\/actualites\/wp-content\/uploads\/2025\/09\/1756689462_Le-M4-MacBook-Pro-est-de-300-pour-la.jpg\",\"datePublished\":\"2025-09-01T01:17:42+00:00\",\"dateModified\":\"2025-09-01T01:17:42+00:00\",\"breadcrumb\":{\"@id\":\"https:\/\/vieassociative.be\/actualites\/le-m4-macbook-pro-est-de-300-pour-la-fete-du-travail\/#breadcrumb\"},\"inLanguage\":\"fr-BE\",\"potentialAction\":[{\"@type\":\"ReadAction\",\"target\":[\"https:\/\/vieassociative.be\/actualites\/le-m4-macbook-pro-est-de-300-pour-la-fete-du-travail\/\"]}]},{\"@type\":\"ImageObject\",\"inLanguage\":\"fr-BE\",\"@id\":\"https:\/\/vieassociative.be\/actualites\/le-m4-macbook-pro-est-de-300-pour-la-fete-du-travail\/#primaryimage\",\"url\":\"https:\/\/vieassociative.be\/actualites\/wp-content\/uploads\/2025\/09\/1756689462_Le-M4-MacBook-Pro-est-de-300-pour-la.jpg\",\"contentUrl\":\"https:\/\/vieassociative.be\/actualites\/wp-content\/uploads\/2025\/09\/1756689462_Le-M4-MacBook-Pro-est-de-300-pour-la.jpg\",\"width\":1200,\"height\":675,\"caption\":\"Le M4 MacBook Pro est de 300 $ pour la f\u00eate du Travail\"},{\"@type\":\"BreadcrumbList\",\"@id\":\"https:\/\/vieassociative.be\/actualites\/le-m4-macbook-pro-est-de-300-pour-la-fete-du-travail\/#breadcrumb\",\"itemListElement\":[{\"@type\":\"ListItem\",\"position\":1,\"name\":\"Accueil\",\"item\":\"https:\/\/vieassociative.be\/actualites\/\"},{\"@type\":\"ListItem\",\"position\":2,\"name\":\"Le M4 MacBook Pro est de 300 $ pour la f\u00eate du Travail\"}]},{\"@type\":\"WebSite\",\"@id\":\"https:\/\/vieassociative.be\/actualites\/#website\",\"url\":\"https:\/\/vieassociative.be\/actualites\/\",\"name\":\"Vie Associative\",\"description\":\"\",\"publisher\":{\"@id\":\"https:\/\/vieassociative.be\/actualites\/#organization\"},\"potentialAction\":[{\"@type\":\"SearchAction\",\"target\":{\"@type\":\"EntryPoint\",\"urlTemplate\":\"https:\/\/vieassociative.be\/actualites\/?s={search_term_string}\"},\"query-input\":{\"@type\":\"PropertyValueSpecification\",\"valueRequired\":true,\"valueName\":\"search_term_string\"}}],\"inLanguage\":\"fr-BE\"},{\"@type\":\"Organization\",\"@id\":\"https:\/\/vieassociative.be\/actualites\/#organization\",\"name\":\"Vie Associative\",\"url\":\"https:\/\/vieassociative.be\/actualites\/\",\"logo\":{\"@type\":\"ImageObject\",\"inLanguage\":\"fr-BE\",\"@id\":\"https:\/\/vieassociative.be\/actualites\/#\/schema\/logo\/image\/\",\"url\":\"https:\/\/vieassociative.be\/actualites\/wp-content\/uploads\/2024\/09\/cropped-vieassociative_favicon.ico.png\",\"contentUrl\":\"https:\/\/vieassociative.be\/actualites\/wp-content\/uploads\/2024\/09\/cropped-vieassociative_favicon.ico.png\",\"width\":512,\"height\":512,\"caption\":\"Vie Associative\"},\"image\":{\"@id\":\"https:\/\/vieassociative.be\/actualites\/#\/schema\/logo\/image\/\"}},{\"@type\":\"Person\",\"@id\":\"https:\/\/vieassociative.be\/actualites\/#\/schema\/person\/b87ac4f82f9d4e7b7cec7395b679edc4\",\"name\":\"Julien\",\"image\":{\"@type\":\"ImageObject\",\"inLanguage\":\"fr-BE\",\"@id\":\"https:\/\/vieassociative.be\/actualites\/#\/schema\/person\/image\/\",\"url\":\"https:\/\/vieassociative.be\/actualites\/wp-content\/uploads\/2024\/09\/vie-associative-1-150x150.jpg\",\"contentUrl\":\"https:\/\/vieassociative.be\/actualites\/wp-content\/uploads\/2024\/09\/vie-associative-1-150x150.jpg\",\"caption\":\"Julien\"},\"description\":\"Je suis Julien, r\u00e9dacteur pour Vie Associative. Passionn\u00e9 par le monde associatif depuis plus de 10 ans, j'ai \u00e0 c\u0153ur de partager des histoires inspirantes et de mettre en lumi\u00e8re les initiatives locales. Mon objectif est de sensibiliser et d'encourager l'engagement communautaire \u00e0 travers mes articles.\",\"sameAs\":[\"https:\/\/vieassociative.be\/\"]}]}<\/script>\n<!-- \/ Yoast SEO plugin. -->","yoast_head_json":{"title":"Le M4 MacBook Pro est de 300 $ pour la f\u00eate du Travail | Vie Associative","robots":{"index":"index","follow":"follow","max-snippet":"max-snippet:-1","max-image-preview":"max-image-preview:large","max-video-preview":"max-video-preview:-1"},"canonical":"https:\/\/vieassociative.be\/actualites\/le-m4-macbook-pro-est-de-300-pour-la-fete-du-travail\/","og_locale":"fr_FR","og_type":"article","og_title":"Le M4 MacBook Pro est de 300 $ pour la f\u00eate du Travail | Vie Associative","og_description":"C&rsquo;est un prix record pour le puissant MacBook. Ventes de la f\u00eate du Travail roulent, et Vie Associative partage les meilleures ventes Bas\u00e9 sur les","og_url":"https:\/\/vieassociative.be\/actualites\/le-m4-macbook-pro-est-de-300-pour-la-fete-du-travail\/","og_site_name":"Vie Associative","article_published_time":"2025-09-01T01:17:42+00:00","og_image":[{"url":"https:\/\/vieassociative.be\/actualites\/wp-content\/uploads\/2025\/09\/Le-M4-MacBook-Pro-est-de-300-pour-la.jpg","type":"","width":"","height":""}],"author":"Julien","twitter_card":"summary_large_image","twitter_misc":{"\u00c9crit par":"Julien","Dur\u00e9e de lecture est.":"3 minutes"},"schema":{"@context":"https:\/\/schema.org","@graph":[{"@type":"Article","@id":"https:\/\/vieassociative.be\/actualites\/le-m4-macbook-pro-est-de-300-pour-la-fete-du-travail\/#article","isPartOf":{"@id":"https:\/\/vieassociative.be\/actualites\/le-m4-macbook-pro-est-de-300-pour-la-fete-du-travail\/"},"author":{"name":"Julien","@id":"https:\/\/vieassociative.be\/actualites\/#\/schema\/person\/b87ac4f82f9d4e7b7cec7395b679edc4"},"headline":"Le M4 MacBook Pro est de 300 $ pour la f\u00eate du Travail","datePublished":"2025-09-01T01:17:42+00:00","dateModified":"2025-09-01T01:17:42+00:00","mainEntityOfPage":{"@id":"https:\/\/vieassociative.be\/actualites\/le-m4-macbook-pro-est-de-300-pour-la-fete-du-travail\/"},"wordCount":552,"publisher":{"@id":"https:\/\/vieassociative.be\/actualites\/#organization"},"image":{"@id":"https:\/\/vieassociative.be\/actualites\/le-m4-macbook-pro-est-de-300-pour-la-fete-du-travail\/#primaryimage"},"thumbnailUrl":"https:\/\/vieassociative.be\/actualites\/wp-content\/uploads\/2025\/09\/1756689462_Le-M4-MacBook-Pro-est-de-300-pour-la.jpg","keywords":["est","f\u00eate","MacBook","pour","Pro","travail"],"articleSection":["Technologie"],"inLanguage":"fr-BE"},{"@type":"WebPage","@id":"https:\/\/vieassociative.be\/actualites\/le-m4-macbook-pro-est-de-300-pour-la-fete-du-travail\/","url":"https:\/\/vieassociative.be\/actualites\/le-m4-macbook-pro-est-de-300-pour-la-fete-du-travail\/","name":"Le M4 MacBook Pro est de 300 $ pour la f\u00eate du Travail | Vie Associative","isPartOf":{"@id":"https:\/\/vieassociative.be\/actualites\/#website"},"primaryImageOfPage":{"@id":"https:\/\/vieassociative.be\/actualites\/le-m4-macbook-pro-est-de-300-pour-la-fete-du-travail\/#primaryimage"},"image":{"@id":"https:\/\/vieassociative.be\/actualites\/le-m4-macbook-pro-est-de-300-pour-la-fete-du-travail\/#primaryimage"},"thumbnailUrl":"https:\/\/vieassociative.be\/actualites\/wp-content\/uploads\/2025\/09\/1756689462_Le-M4-MacBook-Pro-est-de-300-pour-la.jpg","datePublished":"2025-09-01T01:17:42+00:00","dateModified":"2025-09-01T01:17:42+00:00","breadcrumb":{"@id":"https:\/\/vieassociative.be\/actualites\/le-m4-macbook-pro-est-de-300-pour-la-fete-du-travail\/#breadcrumb"},"inLanguage":"fr-BE","potentialAction":[{"@type":"ReadAction","target":["https:\/\/vieassociative.be\/actualites\/le-m4-macbook-pro-est-de-300-pour-la-fete-du-travail\/"]}]},{"@type":"ImageObject","inLanguage":"fr-BE","@id":"https:\/\/vieassociative.be\/actualites\/le-m4-macbook-pro-est-de-300-pour-la-fete-du-travail\/#primaryimage","url":"https:\/\/vieassociative.be\/actualites\/wp-content\/uploads\/2025\/09\/1756689462_Le-M4-MacBook-Pro-est-de-300-pour-la.jpg","contentUrl":"https:\/\/vieassociative.be\/actualites\/wp-content\/uploads\/2025\/09\/1756689462_Le-M4-MacBook-Pro-est-de-300-pour-la.jpg","width":1200,"height":675,"caption":"Le M4 MacBook Pro est de 300 $ pour la f\u00eate du Travail"},{"@type":"BreadcrumbList","@id":"https:\/\/vieassociative.be\/actualites\/le-m4-macbook-pro-est-de-300-pour-la-fete-du-travail\/#breadcrumb","itemListElement":[{"@type":"ListItem","position":1,"name":"Accueil","item":"https:\/\/vieassociative.be\/actualites\/"},{"@type":"ListItem","position":2,"name":"Le M4 MacBook Pro est de 300 $ pour la f\u00eate du Travail"}]},{"@type":"WebSite","@id":"https:\/\/vieassociative.be\/actualites\/#website","url":"https:\/\/vieassociative.be\/actualites\/","name":"Vie Associative","description":"","publisher":{"@id":"https:\/\/vieassociative.be\/actualites\/#organization"},"potentialAction":[{"@type":"SearchAction","target":{"@type":"EntryPoint","urlTemplate":"https:\/\/vieassociative.be\/actualites\/?s={search_term_string}"},"query-input":{"@type":"PropertyValueSpecification","valueRequired":true,"valueName":"search_term_string"}}],"inLanguage":"fr-BE"},{"@type":"Organization","@id":"https:\/\/vieassociative.be\/actualites\/#organization","name":"Vie Associative","url":"https:\/\/vieassociative.be\/actualites\/","logo":{"@type":"ImageObject","inLanguage":"fr-BE","@id":"https:\/\/vieassociative.be\/actualites\/#\/schema\/logo\/image\/","url":"https:\/\/vieassociative.be\/actualites\/wp-content\/uploads\/2024\/09\/cropped-vieassociative_favicon.ico.png","contentUrl":"https:\/\/vieassociative.be\/actualites\/wp-content\/uploads\/2024\/09\/cropped-vieassociative_favicon.ico.png","width":512,"height":512,"caption":"Vie Associative"},"image":{"@id":"https:\/\/vieassociative.be\/actualites\/#\/schema\/logo\/image\/"}},{"@type":"Person","@id":"https:\/\/vieassociative.be\/actualites\/#\/schema\/person\/b87ac4f82f9d4e7b7cec7395b679edc4","name":"Julien","image":{"@type":"ImageObject","inLanguage":"fr-BE","@id":"https:\/\/vieassociative.be\/actualites\/#\/schema\/person\/image\/","url":"https:\/\/vieassociative.be\/actualites\/wp-content\/uploads\/2024\/09\/vie-associative-1-150x150.jpg","contentUrl":"https:\/\/vieassociative.be\/actualites\/wp-content\/uploads\/2024\/09\/vie-associative-1-150x150.jpg","caption":"Julien"},"description":"Je suis Julien, r\u00e9dacteur pour Vie Associative. Passionn\u00e9 par le monde associatif depuis plus de 10 ans, j'ai \u00e0 c\u0153ur de partager des histoires inspirantes et de mettre en lumi\u00e8re les initiatives locales. Mon objectif est de sensibiliser et d'encourager l'engagement communautaire \u00e0 travers mes articles.","sameAs":["https:\/\/vieassociative.be\/"]}]}},"_links":{"self":[{"href":"https:\/\/vieassociative.be\/actualites\/wp-json\/wp\/v2\/posts\/9746"}],"collection":[{"href":"https:\/\/vieassociative.be\/actualites\/wp-json\/wp\/v2\/posts"}],"about":[{"href":"https:\/\/vieassociative.be\/actualites\/wp-json\/wp\/v2\/types\/post"}],"author":[{"embeddable":true,"href":"https:\/\/vieassociative.be\/actualites\/wp-json\/wp\/v2\/users\/1"}],"replies":[{"embeddable":true,"href":"https:\/\/vieassociative.be\/actualites\/wp-json\/wp\/v2\/comments?post=9746"}],"version-history":[{"count":0,"href":"https:\/\/vieassociative.be\/actualites\/wp-json\/wp\/v2\/posts\/9746\/revisions"}],"wp:featuredmedia":[{"embeddable":true,"href":"https:\/\/vieassociative.be\/actualites\/wp-json\/wp\/v2\/media\/9747"}],"wp:attachment":[{"href":"https:\/\/vieassociative.be\/actualites\/wp-json\/wp\/v2\/media?parent=9746"}],"wp:term":[{"taxonomy":"category","embeddable":true,"href":"https:\/\/vieassociative.be\/actualites\/wp-json\/wp\/v2\/categories?post=9746"},{"taxonomy":"post_tag","embeddable":true,"href":"https:\/\/vieassociative.be\/actualites\/wp-json\/wp\/v2\/tags?post=9746"}],"curies":[{"name":"wp","href":"https:\/\/api.w.org\/{rel}","templated":true}]}}