{"id":9745,"date":"2025-09-01T01:17:31","date_gmt":"2025-08-31T23:17:31","guid":{"rendered":"https:\/\/vieassociative.be\/actualites\/quelques-grands-outils-sans-fil-ryobi-sont-en-vente-a-home-depot-pour-la-fete-du-travail-2\/"},"modified":"2025-09-01T01:17:31","modified_gmt":"2025-08-31T23:17:31","slug":"quelques-grands-outils-sans-fil-ryobi-sont-en-vente-a-home-depot-pour-la-fete-du-travail-2","status":"publish","type":"post","link":"https:\/\/vieassociative.be\/actualites\/quelques-grands-outils-sans-fil-ryobi-sont-en-vente-a-home-depot-pour-la-fete-du-travail-2\/","title":{"rendered":"Quelques grands outils sans fil Ryobi sont en vente \u00e0 Home Depot pour la f\u00eate du Travail"},"content":{"rendered":"<div class=\"mt-4 leading-6 md:mb-8\">Abordez vos projets de bricolage du week-end sans souffler votre budget.<\/div>\n<p><\/p>\n<p><strong><em>Ventes de la f\u00eate du Travail<\/em><\/strong><em>  sont en vigueur, et <strong>Vie Associative partage les meilleures ventes<\/strong><\/em><em>  Bas\u00e9 sur les revues de produits, les comparaisons et les outils de suivi des prix avant la fin. Vous pouvez aussi <strong>Abonnez-vous \u00e0 notre newsletter shopping<\/strong><\/em><em>Ajouter au panier, pour les meilleures ventes envoy\u00e9es dans votre bo\u00eete de r\u00e9ception.<\/em><\/p>\n<hr>\n<p>Si vous avez besoin d&rsquo;un ensemble d&rsquo;outils de base pour la maintenance de la maison ou si vous souhaitez \u00e9tendre votre comp\u00e9tence de bricolage, un ensemble d&rsquo;outils sans fil est une n\u00e9cessit\u00e9. Les ventes de la f\u00eate du Travail sont l&rsquo;un des meilleurs moyens d&rsquo;\u00e9conomiser de l&rsquo;argent sur les outils. Je suis un fan des offres sans fil de Ryobi, et Home Depot a de superbes ensembles de d\u00e9marrage en vente pour la f\u00eate du Travail.<\/p>\n<div class=\"shadow-b-2 mb-12 mt-10 rounded-md border-2 border-(#F0F0F0) px-6 py-2 shadow-lg md:px-12\" role=\"region\" aria-label=\"Products List\" x-data=\"{ showMore: false }\">\n<div class=\"flex w-full gap-x-5\">\n<div class=\"flex w-full flex-col flex-nowrap justify-center gap-2 text-black no-underline md:order-2 md:gap-y-6\">\n<div class=\"flex flex-col justify-between gap-y-2 md:w-full md:gap-y-1\">\n<div class=\"block w-fit cursor-pointer font-akshar text-lg font-medium leading-5 text-brand-green duration-200 ease-in-out hover:text-brand-green-700 md:text-xl md:leading-6\">\n<p>                            Ryobi One + 18V sans fil 3\/8 po.\n                        <\/p><\/div>\n<\/p><\/div>\n<div class=\"hidden md:flex md:justify-between md:gap-x-4\">\n<div class=\"w-full mb-0 md:flex md:flex-col md:justify-center font-sans leading-4 text-black\">\n<div class=\"flex flex-wrap items-center justify-center gap-1 md:justify-start\">\n        <span class=\"font-bold\"><\/p>\n<p>            39,97 $<br \/>\n                            <span class=\"font-medium\">\u00e0 Home Depot<\/span><br \/>\n                    <\/span>\n            <\/div>\n<div class=\"flex items-center justify-center gap-x-1 font-bold md:justify-start\">\n            <span class=\"text-sm line-through\">113,00 $<\/span><br \/>\n            <span class=\"text-sm text-brand-green\">\u00c9conomisez 73,03 $<\/span>\n        <\/div>\n<\/p><\/div>\n<p>                            <button class=\"flex justify-center items-center w-full bg-brand-green text-white text-base font-sans font-medium rounded-md hover:bg-brand-green-700 hover:cursor-pointer md:text-sm hidden self-end h-12 max-w-(10rem) duration-200 ease-in-out hover:bg-brand-green-700 md:flex md:h-10\"><\/p>\n<p>    Conclure un accord<br \/>\n<\/button>\n                        <\/div>\n<\/p><\/div>\n<div class=\"flex aspect-video h-(90px) shrink-0 items-center justify-center self-center md:order-1\">\n                        <img decoding=\"async\" class=\"m-0 max-h-full max-w-full rounded-md\" src=\"https:\/\/vieassociative.be\/actualites\/wp-content\/uploads\/2025\/08\/Quelques-grands-outils-sans-fil-Ryobi-sont-en-vente-a.png\" alt=\"Exercice Ryobi\" width=\"auto\" height=\"auto\" loading=\"lazy\">\n                    <\/div>\n<\/p><\/div>\n<p>                            <button class=\"flex justify-center items-center w-full bg-brand-green text-white text-base font-sans font-medium rounded-md hover:bg-brand-green-700 hover:cursor-pointer md:text-sm w-full h-12 duration-200 ease-in-out hover:bg-brand-green-700 md:hidden md:h-10\"><\/p>\n<p>    Conclure un accord<br \/>\n<\/button><\/p>\n<div class=\"flex flex-col items-center w-full md:hidden font-sans leading-4 text-black\">\n<div class=\"flex flex-wrap items-center justify-center gap-1 md:justify-start\">\n        <span class=\"font-bold\"><\/p>\n<p>            39,97 $<br \/>\n                            <span class=\"font-medium\">\u00e0 Home Depot<\/span><br \/>\n                    <\/span>\n            <\/div>\n<div class=\"flex items-center justify-center gap-x-1 font-bold md:justify-start\">\n            <span class=\"text-sm line-through\">113,00 $<\/span><br \/>\n            <span class=\"text-sm text-brand-green\">\u00c9conomisez 73,03 $<\/span>\n        <\/div>\n<\/p><\/div>\n<div class=\"flex w-full gap-x-5\">\n<div class=\"flex w-full flex-col flex-nowrap justify-center gap-2 text-black no-underline md:order-2 md:gap-y-6\">\n<div class=\"flex flex-col justify-between gap-y-2 md:w-full md:gap-y-1\">\n<div class=\"block w-fit cursor-pointer font-akshar text-lg font-medium leading-5 text-brand-green duration-200 ease-in-out hover:text-brand-green-700 md:text-xl md:leading-6\">\n<p>                            Ryobi One + HP 18V sans pinceau sans cordon 1\/4 po.\n                        <\/p><\/div>\n<\/p><\/div>\n<div class=\"hidden md:flex md:justify-between md:gap-x-4\">\n<div class=\"w-full mb-0 md:flex md:flex-col md:justify-center font-sans leading-4 text-black\">\n<div class=\"flex flex-wrap items-center justify-center gap-1 md:justify-start\">\n        <span class=\"font-bold\"><\/p>\n<p>            109,00 $<br \/>\n                            <span class=\"font-medium\">\u00e0 Home Depot<\/span><br \/>\n                    <\/span>\n            <\/div>\n<div class=\"flex items-center justify-center gap-x-1 font-bold md:justify-start\">\n            <span class=\"text-sm line-through\">178,97 $<\/span><br \/>\n            <span class=\"text-sm text-brand-green\">\u00c9conomisez 69,97 $<\/span>\n        <\/div>\n<\/p><\/div>\n<p>                            <button class=\"flex justify-center items-center w-full bg-brand-green text-white text-base font-sans font-medium rounded-md hover:bg-brand-green-700 hover:cursor-pointer md:text-sm hidden self-end h-12 max-w-(10rem) duration-200 ease-in-out hover:bg-brand-green-700 md:flex md:h-10\"><\/p>\n<p>    Conclure un accord<br \/>\n<\/button>\n                        <\/div>\n<\/p><\/div>\n<div class=\"flex aspect-video h-(90px) shrink-0 items-center justify-center self-center md:order-1\">\n                        <img decoding=\"async\" class=\"m-0 max-h-full max-w-full rounded-md\" src=\"https:\/\/vieassociative.be\/actualites\/wp-content\/uploads\/2025\/08\/1756646331_575_Quelques-grands-outils-sans-fil-Ryobi-sont-en-vente-a.png\" alt=\"Ryobi Impact Driver\" width=\"auto\" height=\"auto\" loading=\"lazy\">\n                    <\/div>\n<\/p><\/div>\n<p>                            <button class=\"flex justify-center items-center w-full bg-brand-green text-white text-base font-sans font-medium rounded-md hover:bg-brand-green-700 hover:cursor-pointer md:text-sm w-full h-12 duration-200 ease-in-out hover:bg-brand-green-700 md:hidden md:h-10\"><\/p>\n<p>    Conclure un accord<br \/>\n<\/button><\/p>\n<div class=\"flex flex-col items-center w-full md:hidden font-sans leading-4 text-black\">\n<div class=\"flex flex-wrap items-center justify-center gap-1 md:justify-start\">\n        <span class=\"font-bold\"><\/p>\n<p>            109,00 $<br \/>\n                            <span class=\"font-medium\">\u00e0 Home Depot<\/span><br \/>\n                    <\/span>\n            <\/div>\n<div class=\"flex items-center justify-center gap-x-1 font-bold md:justify-start\">\n            <span class=\"text-sm line-through\">178,97 $<\/span><br \/>\n            <span class=\"text-sm text-brand-green\">\u00c9conomisez 69,97 $<\/span>\n        <\/div>\n<\/p><\/div>\n<div class=\"flex w-full gap-x-5\">\n<div class=\"flex w-full flex-col flex-nowrap justify-center gap-2 text-black no-underline md:order-2 md:gap-y-6\">\n<div class=\"flex flex-col justify-between gap-y-2 md:w-full md:gap-y-1\">\n<div class=\"block w-fit cursor-pointer font-akshar text-lg font-medium leading-5 text-brand-green duration-200 ease-in-out hover:text-brand-green-700 md:text-xl md:leading-6\">\n<p>                            Kit de d\u00e9marrage au lithium-ion Ryobi One + 18V\n                        <\/p><\/div>\n<\/p><\/div>\n<div class=\"hidden md:flex md:justify-between md:gap-x-4\">\n<div class=\"w-full mb-0 md:flex md:flex-col md:justify-center font-sans leading-4 text-black\">\n<div class=\"flex flex-wrap items-center justify-center gap-1 md:justify-start\">\n        <span class=\"font-bold\"><\/p>\n<p>            79,00 $<br \/>\n                            <span class=\"font-medium\">\u00e0 Home Depot<\/span><br \/>\n                    <\/span>\n            <\/div>\n<div class=\"flex items-center justify-center gap-x-1 font-bold md:justify-start\">\n            <span class=\"text-sm line-through\">203,94 $<\/span><br \/>\n            <span class=\"text-sm text-brand-green\">\u00c9conomisez 124,94 $<\/span>\n        <\/div>\n<\/p><\/div>\n<p>                            <button class=\"flex justify-center items-center w-full bg-brand-green text-white text-base font-sans font-medium rounded-md hover:bg-brand-green-700 hover:cursor-pointer md:text-sm hidden self-end h-12 max-w-(10rem) duration-200 ease-in-out hover:bg-brand-green-700 md:flex md:h-10\"><\/p>\n<p>    Conclure un accord<br \/>\n<\/button>\n                        <\/div>\n<\/p><\/div>\n<div class=\"flex aspect-video h-(90px) shrink-0 items-center justify-center self-center md:order-1\">\n                        <img decoding=\"async\" class=\"m-0 max-h-full max-w-full rounded-md\" src=\"https:\/\/vieassociative.be\/actualites\/wp-content\/uploads\/2025\/08\/1756646331_574_Quelques-grands-outils-sans-fil-Ryobi-sont-en-vente-a.png\" alt=\"Piles Ryobi\" width=\"auto\" height=\"auto\" loading=\"lazy\">\n                    <\/div>\n<\/p><\/div>\n<p>                            <button class=\"flex justify-center items-center w-full bg-brand-green text-white text-base font-sans font-medium rounded-md hover:bg-brand-green-700 hover:cursor-pointer md:text-sm w-full h-12 duration-200 ease-in-out hover:bg-brand-green-700 md:hidden md:h-10\"><\/p>\n<p>    Conclure un accord<br \/>\n<\/button><\/p>\n<div class=\"flex flex-col items-center w-full md:hidden font-sans leading-4 text-black\">\n<div class=\"flex flex-wrap items-center justify-center gap-1 md:justify-start\">\n        <span class=\"font-bold\"><\/p>\n<p>            79,00 $<br \/>\n                            <span class=\"font-medium\">\u00e0 Home Depot<\/span><br \/>\n                    <\/span>\n            <\/div>\n<div class=\"flex items-center justify-center gap-x-1 font-bold md:justify-start\">\n            <span class=\"text-sm line-through\">203,94 $<\/span><br \/>\n            <span class=\"text-sm text-brand-green\">\u00c9conomisez 124,94 $<\/span>\n        <\/div>\n<\/p><\/div>\n<\/div>\n<h2 id=\"the-best-labor-day-deals-on-cordless-drills-and-drivers\">Les meilleures offres de la f\u00eate du Travail sur les exercices et les conducteurs sans fil<\/h2>\n<p>Une exercice est la base de tout ensemble d&rsquo;outils. Si vous construisez une trousse \u00e0 outils d&rsquo;entretien domestique, un exercice Ryobi pour 39 $ est une affaire hors concours. La perceuse de 18 volts et Chuck Ryobi est de 65% de r\u00e9duction et il est livr\u00e9 avec un ensemble de bits de conducteur, une batterie de 1,5 ampleur et un chargeur. Ce kit est pr\u00eat \u00e0 l&#8217;emploi, et il est livr\u00e9 avec un ensemble de batteries compatible avec n&rsquo;importe quel outil Ryobi de 18 volts, vous permettant d&rsquo;essayer de nouveaux outils lorsque vous cr\u00e9ez votre ensemble.<\/p>\n<p>Le conducteur d&rsquo;impact de Chuck Ryobi 18 volts et \u00bc de pouce est \u00e9galement en vente pour la f\u00eate du Travail pour 109,97 $, 39% de r\u00e9duction sur son prix r\u00e9gulier. Le conducteur est livr\u00e9 avec une batterie de 2 amp\u00e8res d&rsquo;amplifications et un chargeur. Un pilote d&rsquo;impact peut faciliter les attaches de conduite en ajoutant un certain \u00e9lan m\u00e9canique lorsque vous conduisez votre attache pour une assistance aliment\u00e9e lorsque vos vis de conduite et boulons.<\/p>\n<h2 id=\"the-best-labor-day-deals-on-batteries-and-bonus-tools\">Les meilleures offres de la f\u00eate du Travail sur les batteries et les outils bonus<\/h2>\n<p>Un ensemble de batteries de rechange pour vos outils Ryobi peut \u00eatre utile lorsque vous utilisez plus d&rsquo;un outil \u00e0 la fois, et avoir une batterie de rechange pendant que vous travaillez, vous pouvez donc toujours en avoir un sur le chargeur vous permettra de continuer sans avoir \u00e0 attendre qu&rsquo;il se charge. <\/p>\n<p>L&rsquo;ensemble de starter de batterie de 18 volts Ryobi est en vente pour 79 $, 61% de r\u00e9duction sur son prix r\u00e9gulier. Il est livr\u00e9 avec une batterie \u00e0 2 amp\u00e8res d&rsquo;amplifications, une batterie \u00e0 4 amp\u00e8res d&rsquo;amplificateur et un chargeur. Il s&rsquo;agit d&rsquo;un bon ensemble en tant que compl\u00e9ment \u00e0 un outil qui ne vient pas avec des batteries ou pour \u00e9tendre votre ensemble d&rsquo;outils sans fil.<\/p>\n<p>Il existe deux autres offres notables sur les batteries Ryobi qui sont livr\u00e9es avec des outils bonus. Vous pouvez obtenir l&rsquo;ensemble de d\u00e9marrage de batterie Ryobi 18 volts avec une scie alternative pour 158, 41% de r\u00e9duction sur son prix r\u00e9gulier, ou un ensemble de d\u00e9marrage avec un ventilateur portable pour 108,97 $, 51% de r\u00e9duction sur son prix habituel. Une scie alternative peut \u00eatre utilis\u00e9e pour couper les haies ainsi que pour couper le bois. Un ventilateur est un bon moyen d&rsquo;ajouter une ventilation si vous travaillez sur quelque chose qui produit des fum\u00e9es de poussi\u00e8re ou de peinture. <\/p>\n<h2 id=\"why-i-like-ryobi-tools\">Pourquoi j&rsquo;aime les outils Ryobi <\/h2>\n<p>Pour le bricolage et la maintenance des maisons, un ensemble d&rsquo;outils fiables et polyvalents est essentiel. Les batteries Ryobi sont compatibles avec plus de 300 outils, y compris des exercices, des conducteurs, des scies, des \u00e9quipements d&rsquo;am\u00e9nagement paysager et des outils de finition. Construire votre ensemble d&rsquo;outils domestiques sur un type de batterie qui vous permet d&rsquo;ajouter des outils sans avoir besoin d&rsquo;un tout nouvel ensemble de batteries rendra la construction de votre kit plus abordable.<\/p>\n<p>De plus, comme les outils sont en arri\u00e8re compatibles avec les outils Ryobi 18 volts publi\u00e9s au cours de la derni\u00e8re d\u00e9cennie, vos batteries et chargeurs seront probablement compatibles avec les futurs outils Ryobi. Cela signifie que vous n&rsquo;aurez pas besoin de mettre \u00e0 jour votre syst\u00e8me de batterie \u00e0 mesure que de nouveaux outils sortent.<\/p>\n","protected":false},"excerpt":{"rendered":"<p>Abordez vos projets de bricolage du week-end sans souffler votre budget. Ventes de la f\u00eate du Travail sont en vigueur, et Vie Associative partage les<\/p>\n","protected":false},"author":1,"featured_media":9738,"comment_status":"","ping_status":"","sticky":false,"template":"","format":"standard","meta":{"footnotes":""},"categories":[40],"tags":[1314,1485,1488,1098,453,825,81,5658,7016,130,18,504,223],"class_list":["post-9745","post","type-post","status-publish","format-standard","has-post-thumbnail","hentry","category-maison","tag-depot","tag-fete","tag-fil","tag-grands","tag-home","tag-outils","tag-pour","tag-quelques","tag-ryobi","tag-sans","tag-sont","tag-travail","tag-vente","generate-columns","tablet-grid-50","mobile-grid-100","grid-parent","grid-33"],"yoast_head":"<!-- This site is optimized with the Yoast SEO plugin v24.0 - https:\/\/yoast.com\/wordpress\/plugins\/seo\/ -->\n<title>Quelques grands outils sans fil Ryobi sont en vente \u00e0 Home Depot pour la f\u00eate du Travail | Vie Associative<\/title>\n<meta name=\"robots\" content=\"index, follow, max-snippet:-1, max-image-preview:large, max-video-preview:-1\" \/>\n<link rel=\"canonical\" href=\"https:\/\/vieassociative.be\/actualites\/quelques-grands-outils-sans-fil-ryobi-sont-en-vente-a-home-depot-pour-la-fete-du-travail-2\/\" \/>\n<meta property=\"og:locale\" content=\"fr_FR\" \/>\n<meta property=\"og:type\" content=\"article\" \/>\n<meta property=\"og:title\" content=\"Quelques grands outils sans fil Ryobi sont en vente \u00e0 Home Depot pour la f\u00eate du Travail | Vie Associative\" \/>\n<meta property=\"og:description\" content=\"Abordez vos projets de bricolage du week-end sans souffler votre budget. Ventes de la f\u00eate du Travail sont en vigueur, et Vie Associative partage les\" \/>\n<meta property=\"og:url\" content=\"https:\/\/vieassociative.be\/actualites\/quelques-grands-outils-sans-fil-ryobi-sont-en-vente-a-home-depot-pour-la-fete-du-travail-2\/\" \/>\n<meta property=\"og:site_name\" content=\"Vie Associative\" \/>\n<meta property=\"article:published_time\" content=\"2025-08-31T23:17:31+00:00\" \/>\n<meta property=\"og:image\" content=\"https:\/\/vieassociative.be\/actualites\/wp-content\/uploads\/2025\/08\/Quelques-grands-outils-sans-fil-Ryobi-sont-en-vente-a.png\" \/>\n<meta name=\"author\" content=\"Julien\" \/>\n<meta name=\"twitter:card\" content=\"summary_large_image\" \/>\n<meta name=\"twitter:label1\" content=\"\u00c9crit par\" \/>\n\t<meta name=\"twitter:data1\" content=\"Julien\" \/>\n\t<meta name=\"twitter:label2\" content=\"Dur\u00e9e de lecture est.\" \/>\n\t<meta name=\"twitter:data2\" content=\"4 minutes\" \/>\n<script type=\"application\/ld+json\" class=\"yoast-schema-graph\">{\"@context\":\"https:\/\/schema.org\",\"@graph\":[{\"@type\":\"Article\",\"@id\":\"https:\/\/vieassociative.be\/actualites\/quelques-grands-outils-sans-fil-ryobi-sont-en-vente-a-home-depot-pour-la-fete-du-travail-2\/#article\",\"isPartOf\":{\"@id\":\"https:\/\/vieassociative.be\/actualites\/quelques-grands-outils-sans-fil-ryobi-sont-en-vente-a-home-depot-pour-la-fete-du-travail-2\/\"},\"author\":{\"name\":\"Julien\",\"@id\":\"https:\/\/vieassociative.be\/actualites\/#\/schema\/person\/b87ac4f82f9d4e7b7cec7395b679edc4\"},\"headline\":\"Quelques grands outils sans fil Ryobi sont en vente \u00e0 Home Depot pour la f\u00eate du Travail\",\"datePublished\":\"2025-08-31T23:17:31+00:00\",\"dateModified\":\"2025-08-31T23:17:31+00:00\",\"mainEntityOfPage\":{\"@id\":\"https:\/\/vieassociative.be\/actualites\/quelques-grands-outils-sans-fil-ryobi-sont-en-vente-a-home-depot-pour-la-fete-du-travail-2\/\"},\"wordCount\":815,\"publisher\":{\"@id\":\"https:\/\/vieassociative.be\/actualites\/#organization\"},\"image\":{\"@id\":\"https:\/\/vieassociative.be\/actualites\/quelques-grands-outils-sans-fil-ryobi-sont-en-vente-a-home-depot-pour-la-fete-du-travail-2\/#primaryimage\"},\"thumbnailUrl\":\"https:\/\/vieassociative.be\/actualites\/wp-content\/uploads\/2025\/08\/1756646333_Quelques-grands-outils-sans-fil-Ryobi-sont-en-vente-a.png\",\"keywords\":[\"Depot\",\"f\u00eate\",\"fil\",\"grands\",\"Home\",\"outils\",\"pour\",\"quelques\",\"Ryobi\",\"sans\",\"sont\",\"travail\",\"vente\"],\"articleSection\":[\"Maison\"],\"inLanguage\":\"fr-BE\"},{\"@type\":\"WebPage\",\"@id\":\"https:\/\/vieassociative.be\/actualites\/quelques-grands-outils-sans-fil-ryobi-sont-en-vente-a-home-depot-pour-la-fete-du-travail-2\/\",\"url\":\"https:\/\/vieassociative.be\/actualites\/quelques-grands-outils-sans-fil-ryobi-sont-en-vente-a-home-depot-pour-la-fete-du-travail-2\/\",\"name\":\"Quelques grands outils sans fil Ryobi sont en vente \u00e0 Home Depot pour la f\u00eate du Travail | Vie Associative\",\"isPartOf\":{\"@id\":\"https:\/\/vieassociative.be\/actualites\/#website\"},\"primaryImageOfPage\":{\"@id\":\"https:\/\/vieassociative.be\/actualites\/quelques-grands-outils-sans-fil-ryobi-sont-en-vente-a-home-depot-pour-la-fete-du-travail-2\/#primaryimage\"},\"image\":{\"@id\":\"https:\/\/vieassociative.be\/actualites\/quelques-grands-outils-sans-fil-ryobi-sont-en-vente-a-home-depot-pour-la-fete-du-travail-2\/#primaryimage\"},\"thumbnailUrl\":\"https:\/\/vieassociative.be\/actualites\/wp-content\/uploads\/2025\/08\/1756646333_Quelques-grands-outils-sans-fil-Ryobi-sont-en-vente-a.png\",\"datePublished\":\"2025-08-31T23:17:31+00:00\",\"dateModified\":\"2025-08-31T23:17:31+00:00\",\"breadcrumb\":{\"@id\":\"https:\/\/vieassociative.be\/actualites\/quelques-grands-outils-sans-fil-ryobi-sont-en-vente-a-home-depot-pour-la-fete-du-travail-2\/#breadcrumb\"},\"inLanguage\":\"fr-BE\",\"potentialAction\":[{\"@type\":\"ReadAction\",\"target\":[\"https:\/\/vieassociative.be\/actualites\/quelques-grands-outils-sans-fil-ryobi-sont-en-vente-a-home-depot-pour-la-fete-du-travail-2\/\"]}]},{\"@type\":\"ImageObject\",\"inLanguage\":\"fr-BE\",\"@id\":\"https:\/\/vieassociative.be\/actualites\/quelques-grands-outils-sans-fil-ryobi-sont-en-vente-a-home-depot-pour-la-fete-du-travail-2\/#primaryimage\",\"url\":\"https:\/\/vieassociative.be\/actualites\/wp-content\/uploads\/2025\/08\/1756646333_Quelques-grands-outils-sans-fil-Ryobi-sont-en-vente-a.png\",\"contentUrl\":\"https:\/\/vieassociative.be\/actualites\/wp-content\/uploads\/2025\/08\/1756646333_Quelques-grands-outils-sans-fil-Ryobi-sont-en-vente-a.png\",\"width\":1200,\"height\":675,\"caption\":\"Quelques grands outils sans fil Ryobi sont en vente \u00e0 Home Depot pour la f\u00eate du Travail\"},{\"@type\":\"BreadcrumbList\",\"@id\":\"https:\/\/vieassociative.be\/actualites\/quelques-grands-outils-sans-fil-ryobi-sont-en-vente-a-home-depot-pour-la-fete-du-travail-2\/#breadcrumb\",\"itemListElement\":[{\"@type\":\"ListItem\",\"position\":1,\"name\":\"Accueil\",\"item\":\"https:\/\/vieassociative.be\/actualites\/\"},{\"@type\":\"ListItem\",\"position\":2,\"name\":\"Quelques grands outils sans fil Ryobi sont en vente \u00e0 Home Depot pour la f\u00eate du Travail\"}]},{\"@type\":\"WebSite\",\"@id\":\"https:\/\/vieassociative.be\/actualites\/#website\",\"url\":\"https:\/\/vieassociative.be\/actualites\/\",\"name\":\"Vie Associative\",\"description\":\"\",\"publisher\":{\"@id\":\"https:\/\/vieassociative.be\/actualites\/#organization\"},\"potentialAction\":[{\"@type\":\"SearchAction\",\"target\":{\"@type\":\"EntryPoint\",\"urlTemplate\":\"https:\/\/vieassociative.be\/actualites\/?s={search_term_string}\"},\"query-input\":{\"@type\":\"PropertyValueSpecification\",\"valueRequired\":true,\"valueName\":\"search_term_string\"}}],\"inLanguage\":\"fr-BE\"},{\"@type\":\"Organization\",\"@id\":\"https:\/\/vieassociative.be\/actualites\/#organization\",\"name\":\"Vie Associative\",\"url\":\"https:\/\/vieassociative.be\/actualites\/\",\"logo\":{\"@type\":\"ImageObject\",\"inLanguage\":\"fr-BE\",\"@id\":\"https:\/\/vieassociative.be\/actualites\/#\/schema\/logo\/image\/\",\"url\":\"https:\/\/vieassociative.be\/actualites\/wp-content\/uploads\/2024\/09\/cropped-vieassociative_favicon.ico.png\",\"contentUrl\":\"https:\/\/vieassociative.be\/actualites\/wp-content\/uploads\/2024\/09\/cropped-vieassociative_favicon.ico.png\",\"width\":512,\"height\":512,\"caption\":\"Vie Associative\"},\"image\":{\"@id\":\"https:\/\/vieassociative.be\/actualites\/#\/schema\/logo\/image\/\"}},{\"@type\":\"Person\",\"@id\":\"https:\/\/vieassociative.be\/actualites\/#\/schema\/person\/b87ac4f82f9d4e7b7cec7395b679edc4\",\"name\":\"Julien\",\"image\":{\"@type\":\"ImageObject\",\"inLanguage\":\"fr-BE\",\"@id\":\"https:\/\/vieassociative.be\/actualites\/#\/schema\/person\/image\/\",\"url\":\"https:\/\/vieassociative.be\/actualites\/wp-content\/uploads\/2024\/09\/vie-associative-1-150x150.jpg\",\"contentUrl\":\"https:\/\/vieassociative.be\/actualites\/wp-content\/uploads\/2024\/09\/vie-associative-1-150x150.jpg\",\"caption\":\"Julien\"},\"description\":\"Je suis Julien, r\u00e9dacteur pour Vie Associative. Passionn\u00e9 par le monde associatif depuis plus de 10 ans, j'ai \u00e0 c\u0153ur de partager des histoires inspirantes et de mettre en lumi\u00e8re les initiatives locales. Mon objectif est de sensibiliser et d'encourager l'engagement communautaire \u00e0 travers mes articles.\",\"sameAs\":[\"https:\/\/vieassociative.be\/\"]}]}<\/script>\n<!-- \/ Yoast SEO plugin. -->","yoast_head_json":{"title":"Quelques grands outils sans fil Ryobi sont en vente \u00e0 Home Depot pour la f\u00eate du Travail | Vie Associative","robots":{"index":"index","follow":"follow","max-snippet":"max-snippet:-1","max-image-preview":"max-image-preview:large","max-video-preview":"max-video-preview:-1"},"canonical":"https:\/\/vieassociative.be\/actualites\/quelques-grands-outils-sans-fil-ryobi-sont-en-vente-a-home-depot-pour-la-fete-du-travail-2\/","og_locale":"fr_FR","og_type":"article","og_title":"Quelques grands outils sans fil Ryobi sont en vente \u00e0 Home Depot pour la f\u00eate du Travail | Vie Associative","og_description":"Abordez vos projets de bricolage du week-end sans souffler votre budget. Ventes de la f\u00eate du Travail sont en vigueur, et Vie Associative partage les","og_url":"https:\/\/vieassociative.be\/actualites\/quelques-grands-outils-sans-fil-ryobi-sont-en-vente-a-home-depot-pour-la-fete-du-travail-2\/","og_site_name":"Vie Associative","article_published_time":"2025-08-31T23:17:31+00:00","og_image":[{"url":"https:\/\/vieassociative.be\/actualites\/wp-content\/uploads\/2025\/08\/Quelques-grands-outils-sans-fil-Ryobi-sont-en-vente-a.png","type":"","width":"","height":""}],"author":"Julien","twitter_card":"summary_large_image","twitter_misc":{"\u00c9crit par":"Julien","Dur\u00e9e de lecture est.":"4 minutes"},"schema":{"@context":"https:\/\/schema.org","@graph":[{"@type":"Article","@id":"https:\/\/vieassociative.be\/actualites\/quelques-grands-outils-sans-fil-ryobi-sont-en-vente-a-home-depot-pour-la-fete-du-travail-2\/#article","isPartOf":{"@id":"https:\/\/vieassociative.be\/actualites\/quelques-grands-outils-sans-fil-ryobi-sont-en-vente-a-home-depot-pour-la-fete-du-travail-2\/"},"author":{"name":"Julien","@id":"https:\/\/vieassociative.be\/actualites\/#\/schema\/person\/b87ac4f82f9d4e7b7cec7395b679edc4"},"headline":"Quelques grands outils sans fil Ryobi sont en vente \u00e0 Home Depot pour la f\u00eate du Travail","datePublished":"2025-08-31T23:17:31+00:00","dateModified":"2025-08-31T23:17:31+00:00","mainEntityOfPage":{"@id":"https:\/\/vieassociative.be\/actualites\/quelques-grands-outils-sans-fil-ryobi-sont-en-vente-a-home-depot-pour-la-fete-du-travail-2\/"},"wordCount":815,"publisher":{"@id":"https:\/\/vieassociative.be\/actualites\/#organization"},"image":{"@id":"https:\/\/vieassociative.be\/actualites\/quelques-grands-outils-sans-fil-ryobi-sont-en-vente-a-home-depot-pour-la-fete-du-travail-2\/#primaryimage"},"thumbnailUrl":"https:\/\/vieassociative.be\/actualites\/wp-content\/uploads\/2025\/08\/1756646333_Quelques-grands-outils-sans-fil-Ryobi-sont-en-vente-a.png","keywords":["Depot","f\u00eate","fil","grands","Home","outils","pour","quelques","Ryobi","sans","sont","travail","vente"],"articleSection":["Maison"],"inLanguage":"fr-BE"},{"@type":"WebPage","@id":"https:\/\/vieassociative.be\/actualites\/quelques-grands-outils-sans-fil-ryobi-sont-en-vente-a-home-depot-pour-la-fete-du-travail-2\/","url":"https:\/\/vieassociative.be\/actualites\/quelques-grands-outils-sans-fil-ryobi-sont-en-vente-a-home-depot-pour-la-fete-du-travail-2\/","name":"Quelques grands outils sans fil Ryobi sont en vente \u00e0 Home Depot pour la f\u00eate du Travail | Vie Associative","isPartOf":{"@id":"https:\/\/vieassociative.be\/actualites\/#website"},"primaryImageOfPage":{"@id":"https:\/\/vieassociative.be\/actualites\/quelques-grands-outils-sans-fil-ryobi-sont-en-vente-a-home-depot-pour-la-fete-du-travail-2\/#primaryimage"},"image":{"@id":"https:\/\/vieassociative.be\/actualites\/quelques-grands-outils-sans-fil-ryobi-sont-en-vente-a-home-depot-pour-la-fete-du-travail-2\/#primaryimage"},"thumbnailUrl":"https:\/\/vieassociative.be\/actualites\/wp-content\/uploads\/2025\/08\/1756646333_Quelques-grands-outils-sans-fil-Ryobi-sont-en-vente-a.png","datePublished":"2025-08-31T23:17:31+00:00","dateModified":"2025-08-31T23:17:31+00:00","breadcrumb":{"@id":"https:\/\/vieassociative.be\/actualites\/quelques-grands-outils-sans-fil-ryobi-sont-en-vente-a-home-depot-pour-la-fete-du-travail-2\/#breadcrumb"},"inLanguage":"fr-BE","potentialAction":[{"@type":"ReadAction","target":["https:\/\/vieassociative.be\/actualites\/quelques-grands-outils-sans-fil-ryobi-sont-en-vente-a-home-depot-pour-la-fete-du-travail-2\/"]}]},{"@type":"ImageObject","inLanguage":"fr-BE","@id":"https:\/\/vieassociative.be\/actualites\/quelques-grands-outils-sans-fil-ryobi-sont-en-vente-a-home-depot-pour-la-fete-du-travail-2\/#primaryimage","url":"https:\/\/vieassociative.be\/actualites\/wp-content\/uploads\/2025\/08\/1756646333_Quelques-grands-outils-sans-fil-Ryobi-sont-en-vente-a.png","contentUrl":"https:\/\/vieassociative.be\/actualites\/wp-content\/uploads\/2025\/08\/1756646333_Quelques-grands-outils-sans-fil-Ryobi-sont-en-vente-a.png","width":1200,"height":675,"caption":"Quelques grands outils sans fil Ryobi sont en vente \u00e0 Home Depot pour la f\u00eate du Travail"},{"@type":"BreadcrumbList","@id":"https:\/\/vieassociative.be\/actualites\/quelques-grands-outils-sans-fil-ryobi-sont-en-vente-a-home-depot-pour-la-fete-du-travail-2\/#breadcrumb","itemListElement":[{"@type":"ListItem","position":1,"name":"Accueil","item":"https:\/\/vieassociative.be\/actualites\/"},{"@type":"ListItem","position":2,"name":"Quelques grands outils sans fil Ryobi sont en vente \u00e0 Home Depot pour la f\u00eate du Travail"}]},{"@type":"WebSite","@id":"https:\/\/vieassociative.be\/actualites\/#website","url":"https:\/\/vieassociative.be\/actualites\/","name":"Vie Associative","description":"","publisher":{"@id":"https:\/\/vieassociative.be\/actualites\/#organization"},"potentialAction":[{"@type":"SearchAction","target":{"@type":"EntryPoint","urlTemplate":"https:\/\/vieassociative.be\/actualites\/?s={search_term_string}"},"query-input":{"@type":"PropertyValueSpecification","valueRequired":true,"valueName":"search_term_string"}}],"inLanguage":"fr-BE"},{"@type":"Organization","@id":"https:\/\/vieassociative.be\/actualites\/#organization","name":"Vie Associative","url":"https:\/\/vieassociative.be\/actualites\/","logo":{"@type":"ImageObject","inLanguage":"fr-BE","@id":"https:\/\/vieassociative.be\/actualites\/#\/schema\/logo\/image\/","url":"https:\/\/vieassociative.be\/actualites\/wp-content\/uploads\/2024\/09\/cropped-vieassociative_favicon.ico.png","contentUrl":"https:\/\/vieassociative.be\/actualites\/wp-content\/uploads\/2024\/09\/cropped-vieassociative_favicon.ico.png","width":512,"height":512,"caption":"Vie Associative"},"image":{"@id":"https:\/\/vieassociative.be\/actualites\/#\/schema\/logo\/image\/"}},{"@type":"Person","@id":"https:\/\/vieassociative.be\/actualites\/#\/schema\/person\/b87ac4f82f9d4e7b7cec7395b679edc4","name":"Julien","image":{"@type":"ImageObject","inLanguage":"fr-BE","@id":"https:\/\/vieassociative.be\/actualites\/#\/schema\/person\/image\/","url":"https:\/\/vieassociative.be\/actualites\/wp-content\/uploads\/2024\/09\/vie-associative-1-150x150.jpg","contentUrl":"https:\/\/vieassociative.be\/actualites\/wp-content\/uploads\/2024\/09\/vie-associative-1-150x150.jpg","caption":"Julien"},"description":"Je suis Julien, r\u00e9dacteur pour Vie Associative. Passionn\u00e9 par le monde associatif depuis plus de 10 ans, j'ai \u00e0 c\u0153ur de partager des histoires inspirantes et de mettre en lumi\u00e8re les initiatives locales. Mon objectif est de sensibiliser et d'encourager l'engagement communautaire \u00e0 travers mes articles.","sameAs":["https:\/\/vieassociative.be\/"]}]}},"_links":{"self":[{"href":"https:\/\/vieassociative.be\/actualites\/wp-json\/wp\/v2\/posts\/9745"}],"collection":[{"href":"https:\/\/vieassociative.be\/actualites\/wp-json\/wp\/v2\/posts"}],"about":[{"href":"https:\/\/vieassociative.be\/actualites\/wp-json\/wp\/v2\/types\/post"}],"author":[{"embeddable":true,"href":"https:\/\/vieassociative.be\/actualites\/wp-json\/wp\/v2\/users\/1"}],"replies":[{"embeddable":true,"href":"https:\/\/vieassociative.be\/actualites\/wp-json\/wp\/v2\/comments?post=9745"}],"version-history":[{"count":0,"href":"https:\/\/vieassociative.be\/actualites\/wp-json\/wp\/v2\/posts\/9745\/revisions"}],"wp:featuredmedia":[{"embeddable":true,"href":"https:\/\/vieassociative.be\/actualites\/wp-json\/wp\/v2\/media\/9738"}],"wp:attachment":[{"href":"https:\/\/vieassociative.be\/actualites\/wp-json\/wp\/v2\/media?parent=9745"}],"wp:term":[{"taxonomy":"category","embeddable":true,"href":"https:\/\/vieassociative.be\/actualites\/wp-json\/wp\/v2\/categories?post=9745"},{"taxonomy":"post_tag","embeddable":true,"href":"https:\/\/vieassociative.be\/actualites\/wp-json\/wp\/v2\/tags?post=9745"}],"curies":[{"name":"wp","href":"https:\/\/api.w.org\/{rel}","templated":true}]}}