{"id":9743,"date":"2025-08-31T22:18:50","date_gmt":"2025-08-31T20:18:50","guid":{"rendered":"https:\/\/vieassociative.be\/actualites\/raeren-eynaten-gagne-derby-contre-kelmis-1-0\/"},"modified":"2025-08-31T22:18:50","modified_gmt":"2025-08-31T20:18:50","slug":"raeren-eynaten-gagne-derby-contre-kelmis-1-0","status":"publish","type":"post","link":"https:\/\/vieassociative.be\/actualites\/raeren-eynaten-gagne-derby-contre-kelmis-1-0\/","title":{"rendered":"Raeren-eynaten gagne Derby contre Kelmis 1-0"},"content":{"rendered":"<p><strong>La RFC Raeren-Eynatten a remport\u00e9 le premier derby de la nouvelle saison entre les deux plus hautes \u00e9quipes amateurs de Belge de l&rsquo;Est. Les kickers de la communaut\u00e9 de Potter ont vaincu le RFCU Kelmis 1-0 dimanche apr\u00e8s-midi.<\/strong><\/p>\n<p><span id=\"more-423498\"><\/span>L&rsquo;ancien gardien de but de l&rsquo;As Eupen, Tom Roufosse, se tenait entre les postes. Roufosse a \u00e9t\u00e9 contest\u00e9 \u00e0 la 13e minute lorsque Kelmis a re\u00e7u une p\u00e9nalit\u00e9. Malheureusement pour Kelmis, Sacha Cornet a \u00e9chou\u00e9 sur le poste.<\/p>\n<div id=\"attachment_423511\" class=\"wp-caption alignleft\" style=\"max-width: 300px\"><img fetchpriority=\"high\" decoding=\"async\" class=\"wp-image-423511 size-medium\" src=\"https:\/\/vieassociative.be\/actualites\/wp-content\/uploads\/2025\/08\/Raeren-eynaten-gagne-Derby-contre-Kelmis-1-0.jpg\" alt=\"\" width=\"300\" height=\"200\"  ><\/div>\n<p>Romain Bernard a obtenu le but gagnant de Raeren-Eynaten \u00e0 la 73e minute. Dans le tableau des amateurs D2, Raeren-Eynaten a d\u00e9pass\u00e9 les blancs verts de Kelmis, qui doivent maintenant \u00eatre satisfaits de la 5e place, tandis que le Raerener a grimp\u00e9 \u00e0 la 4e place.<\/p>\n<p>Raeren-Eynatten et Kelmis sont les deux seules \u00e9quipes belges orientales dans les amateurs D2 parce que le U23 de l&rsquo;AS Eupen a \u00e9t\u00e9 rel\u00e9gu\u00e9 \u00e0 la fin de la saison 2024\/2025 et appartenait maintenant \u00e0 FC Eupen des Amateurs D3. (Cre)<\/p>\n<p><em><strong>Vous trouverez ci-dessous plus de photos du photographe Patrick von Staufenberg du derby de la Belgique orientale entre le RFC Raeren-Eynatten et le RFCU Kelmis le dimanche 31 ao\u00fbt 2025, \u00e0 Raeren (cliquez pour agrandir):<\/strong><\/em><\/p>\n<div class=\"wp-gallery row\">\n<figure class=\"column small-6 medium-3 end\"><img decoding=\"async\" src=\"https:\/\/vieassociative.be\/actualites\/wp-content\/uploads\/2025\/08\/1756671530_576_Raeren-eynaten-gagne-Derby-contre-Kelmis-1-0.jpg\" width=\"159\" height=\"159\" alt=\"\"><\/figure>\n<figure class=\"column small-6 medium-3 end\"><img decoding=\"async\" src=\"https:\/\/vieassociative.be\/actualites\/wp-content\/uploads\/2025\/08\/1756671530_505_Raeren-eynaten-gagne-Derby-contre-Kelmis-1-0.jpg\" width=\"159\" height=\"159\" alt=\"\"><\/figure>\n<figure class=\"column small-6 medium-3 end\"><img loading=\"lazy\" decoding=\"async\" src=\"https:\/\/vieassociative.be\/actualites\/wp-content\/uploads\/2025\/08\/1756671530_158_Raeren-eynaten-gagne-Derby-contre-Kelmis-1-0.jpg\" width=\"159\" height=\"159\" alt=\"\"><\/figure>\n<figure class=\"column small-6 medium-3 end\"><img loading=\"lazy\" decoding=\"async\" src=\"https:\/\/vieassociative.be\/actualites\/wp-content\/uploads\/2025\/08\/1756671530_81_Raeren-eynaten-gagne-Derby-contre-Kelmis-1-0.jpg\" width=\"159\" height=\"159\" alt=\"\"><\/figure>\n<figure class=\"column small-6 medium-3 end\"><img loading=\"lazy\" decoding=\"async\" src=\"https:\/\/vieassociative.be\/actualites\/wp-content\/uploads\/2025\/08\/1756671530_422_Raeren-eynaten-gagne-Derby-contre-Kelmis-1-0.jpg\" width=\"159\" height=\"159\" alt=\"\"><\/figure>\n<figure class=\"column small-6 medium-3 end\"><img loading=\"lazy\" decoding=\"async\" src=\"https:\/\/vieassociative.be\/actualites\/wp-content\/uploads\/2025\/08\/1756671530_499_Raeren-eynaten-gagne-Derby-contre-Kelmis-1-0.jpg\" width=\"159\" height=\"159\" alt=\"\"><\/figure>\n<figure class=\"column small-6 medium-3 end\"><img loading=\"lazy\" decoding=\"async\" src=\"https:\/\/vieassociative.be\/actualites\/wp-content\/uploads\/2025\/08\/1756671530_10_Raeren-eynaten-gagne-Derby-contre-Kelmis-1-0.jpg\" width=\"159\" height=\"159\" alt=\"\"><\/figure>\n<figure class=\"column small-6 medium-3 end\"><img loading=\"lazy\" decoding=\"async\" src=\"https:\/\/vieassociative.be\/actualites\/wp-content\/uploads\/2025\/08\/1756671530_935_Raeren-eynaten-gagne-Derby-contre-Kelmis-1-0.jpg\" width=\"159\" height=\"159\" alt=\"\"><\/figure>\n<figure class=\"column small-6 medium-3 end\"><img loading=\"lazy\" decoding=\"async\" src=\"https:\/\/vieassociative.be\/actualites\/wp-content\/uploads\/2025\/08\/1756671530_161_Raeren-eynaten-gagne-Derby-contre-Kelmis-1-0.jpg\" width=\"159\" height=\"159\" alt=\"\"><\/figure>\n<figure class=\"column small-6 medium-3 end\"><img loading=\"lazy\" decoding=\"async\" src=\"https:\/\/vieassociative.be\/actualites\/wp-content\/uploads\/2025\/08\/1756671530_698_Raeren-eynaten-gagne-Derby-contre-Kelmis-1-0.jpg\" width=\"159\" height=\"159\" alt=\"\"><\/figure>\n<figure class=\"column small-6 medium-3 end\"><img loading=\"lazy\" decoding=\"async\" src=\"https:\/\/vieassociative.be\/actualites\/wp-content\/uploads\/2025\/08\/1756671530_909_Raeren-eynaten-gagne-Derby-contre-Kelmis-1-0.jpg\" width=\"159\" height=\"159\" alt=\"\"><\/figure>\n<figure class=\"column small-6 medium-3 end\"><img loading=\"lazy\" decoding=\"async\" src=\"https:\/\/vieassociative.be\/actualites\/wp-content\/uploads\/2025\/08\/1756671530_610_Raeren-eynaten-gagne-Derby-contre-Kelmis-1-0.jpg\" width=\"159\" height=\"159\" alt=\"\"><\/figure>\n<figure class=\"column small-6 medium-3 end\"><img loading=\"lazy\" decoding=\"async\" src=\"https:\/\/vieassociative.be\/actualites\/wp-content\/uploads\/2025\/08\/1756671530_720_Raeren-eynaten-gagne-Derby-contre-Kelmis-1-0.jpg\" width=\"159\" height=\"159\" alt=\"\"><\/figure>\n<figure class=\"column small-6 medium-3 end\"><img loading=\"lazy\" decoding=\"async\" src=\"https:\/\/vieassociative.be\/actualites\/wp-content\/uploads\/2025\/08\/1756671530_916_Raeren-eynaten-gagne-Derby-contre-Kelmis-1-0.jpg\" width=\"159\" height=\"159\" alt=\"\"><\/figure>\n<figure class=\"column small-6 medium-3 end\"><img loading=\"lazy\" decoding=\"async\" src=\"https:\/\/vieassociative.be\/actualites\/wp-content\/uploads\/2025\/08\/1756671530_992_Raeren-eynaten-gagne-Derby-contre-Kelmis-1-0.jpg\" width=\"159\" height=\"159\" alt=\"\"><\/figure>\n<figure class=\"column small-6 medium-3 end\"><img loading=\"lazy\" decoding=\"async\" src=\"https:\/\/vieassociative.be\/actualites\/wp-content\/uploads\/2025\/08\/1756671530_714_Raeren-eynaten-gagne-Derby-contre-Kelmis-1-0.jpg\" width=\"159\" height=\"159\" alt=\"\"><\/figure>\n<\/div>\n","protected":false},"excerpt":{"rendered":"<p>La RFC Raeren-Eynatten a remport\u00e9 le premier derby de la nouvelle saison entre les deux plus hautes \u00e9quipes amateurs de Belge de l&rsquo;Est. Les kickers<\/p>\n","protected":false},"author":1,"featured_media":9744,"comment_status":"","ping_status":"","sticky":false,"template":"","format":"standard","meta":{"footnotes":""},"categories":[298],"tags":[796,4176,2299,3719,8363],"class_list":["post-9743","post","type-post","status-publish","format-standard","has-post-thumbnail","hentry","category-belgique","tag-contre","tag-derby","tag-gagne","tag-kelmis","tag-raereneynaten","generate-columns","tablet-grid-50","mobile-grid-100","grid-parent","grid-33"],"yoast_head":"<!-- This site is optimized with the Yoast SEO plugin v24.0 - https:\/\/yoast.com\/wordpress\/plugins\/seo\/ -->\n<title>Raeren-eynaten gagne Derby contre Kelmis 1-0 | Vie Associative<\/title>\n<meta name=\"robots\" content=\"index, follow, max-snippet:-1, max-image-preview:large, max-video-preview:-1\" \/>\n<link rel=\"canonical\" href=\"https:\/\/vieassociative.be\/actualites\/raeren-eynaten-gagne-derby-contre-kelmis-1-0\/\" \/>\n<meta property=\"og:locale\" content=\"fr_FR\" \/>\n<meta property=\"og:type\" content=\"article\" \/>\n<meta property=\"og:title\" content=\"Raeren-eynaten gagne Derby contre Kelmis 1-0 | Vie Associative\" \/>\n<meta property=\"og:description\" content=\"La RFC Raeren-Eynatten a remport\u00e9 le premier derby de la nouvelle saison entre les deux plus hautes \u00e9quipes amateurs de Belge de l&rsquo;Est. Les kickers\" \/>\n<meta property=\"og:url\" content=\"https:\/\/vieassociative.be\/actualites\/raeren-eynaten-gagne-derby-contre-kelmis-1-0\/\" \/>\n<meta property=\"og:site_name\" content=\"Vie Associative\" \/>\n<meta property=\"article:published_time\" content=\"2025-08-31T20:18:50+00:00\" \/>\n<meta property=\"og:image\" content=\"https:\/\/vieassociative.be\/actualites\/wp-content\/uploads\/2024\/09\/header_backgroundk-01-e1726694325946.png\" \/>\n\t<meta property=\"og:image:width\" content=\"279\" \/>\n\t<meta property=\"og:image:height\" content=\"92\" \/>\n\t<meta property=\"og:image:type\" content=\"image\/png\" \/>\n<meta name=\"author\" content=\"Julien\" \/>\n<meta name=\"twitter:card\" content=\"summary_large_image\" \/>\n<meta name=\"twitter:label1\" content=\"\u00c9crit par\" \/>\n\t<meta name=\"twitter:data1\" content=\"Julien\" \/>\n\t<meta name=\"twitter:label2\" content=\"Dur\u00e9e de lecture est.\" \/>\n\t<meta name=\"twitter:data2\" content=\"1 minute\" \/>\n<script type=\"application\/ld+json\" class=\"yoast-schema-graph\">{\"@context\":\"https:\/\/schema.org\",\"@graph\":[{\"@type\":\"Article\",\"@id\":\"https:\/\/vieassociative.be\/actualites\/raeren-eynaten-gagne-derby-contre-kelmis-1-0\/#article\",\"isPartOf\":{\"@id\":\"https:\/\/vieassociative.be\/actualites\/raeren-eynaten-gagne-derby-contre-kelmis-1-0\/\"},\"author\":{\"name\":\"Julien\",\"@id\":\"https:\/\/vieassociative.be\/actualites\/#\/schema\/person\/b87ac4f82f9d4e7b7cec7395b679edc4\"},\"headline\":\"Raeren-eynaten gagne Derby contre Kelmis 1-0\",\"datePublished\":\"2025-08-31T20:18:50+00:00\",\"dateModified\":\"2025-08-31T20:18:50+00:00\",\"mainEntityOfPage\":{\"@id\":\"https:\/\/vieassociative.be\/actualites\/raeren-eynaten-gagne-derby-contre-kelmis-1-0\/\"},\"wordCount\":205,\"publisher\":{\"@id\":\"https:\/\/vieassociative.be\/actualites\/#organization\"},\"image\":{\"@id\":\"https:\/\/vieassociative.be\/actualites\/raeren-eynaten-gagne-derby-contre-kelmis-1-0\/#primaryimage\"},\"thumbnailUrl\":\"https:\/\/vieassociative.be\/actualites\/wp-content\/uploads\/2025\/08\/1756671533_Raeren-eynaten-gagne-Derby-contre-Kelmis-1-0.jpg\",\"keywords\":[\"contre\",\"derby\",\"gagn\u00e9\",\"Kelmis\",\"Raereneynaten\"],\"articleSection\":[\"Belgique\"],\"inLanguage\":\"fr-BE\"},{\"@type\":\"WebPage\",\"@id\":\"https:\/\/vieassociative.be\/actualites\/raeren-eynaten-gagne-derby-contre-kelmis-1-0\/\",\"url\":\"https:\/\/vieassociative.be\/actualites\/raeren-eynaten-gagne-derby-contre-kelmis-1-0\/\",\"name\":\"Raeren-eynaten gagne Derby contre Kelmis 1-0 | Vie Associative\",\"isPartOf\":{\"@id\":\"https:\/\/vieassociative.be\/actualites\/#website\"},\"primaryImageOfPage\":{\"@id\":\"https:\/\/vieassociative.be\/actualites\/raeren-eynaten-gagne-derby-contre-kelmis-1-0\/#primaryimage\"},\"image\":{\"@id\":\"https:\/\/vieassociative.be\/actualites\/raeren-eynaten-gagne-derby-contre-kelmis-1-0\/#primaryimage\"},\"thumbnailUrl\":\"https:\/\/vieassociative.be\/actualites\/wp-content\/uploads\/2025\/08\/1756671533_Raeren-eynaten-gagne-Derby-contre-Kelmis-1-0.jpg\",\"datePublished\":\"2025-08-31T20:18:50+00:00\",\"dateModified\":\"2025-08-31T20:18:50+00:00\",\"breadcrumb\":{\"@id\":\"https:\/\/vieassociative.be\/actualites\/raeren-eynaten-gagne-derby-contre-kelmis-1-0\/#breadcrumb\"},\"inLanguage\":\"fr-BE\",\"potentialAction\":[{\"@type\":\"ReadAction\",\"target\":[\"https:\/\/vieassociative.be\/actualites\/raeren-eynaten-gagne-derby-contre-kelmis-1-0\/\"]}]},{\"@type\":\"ImageObject\",\"inLanguage\":\"fr-BE\",\"@id\":\"https:\/\/vieassociative.be\/actualites\/raeren-eynaten-gagne-derby-contre-kelmis-1-0\/#primaryimage\",\"url\":\"https:\/\/vieassociative.be\/actualites\/wp-content\/uploads\/2025\/08\/1756671533_Raeren-eynaten-gagne-Derby-contre-Kelmis-1-0.jpg\",\"contentUrl\":\"https:\/\/vieassociative.be\/actualites\/wp-content\/uploads\/2025\/08\/1756671533_Raeren-eynaten-gagne-Derby-contre-Kelmis-1-0.jpg\",\"width\":900,\"height\":600,\"caption\":\"Raeren-eynaten gagne Derby contre Kelmis 1-0\"},{\"@type\":\"BreadcrumbList\",\"@id\":\"https:\/\/vieassociative.be\/actualites\/raeren-eynaten-gagne-derby-contre-kelmis-1-0\/#breadcrumb\",\"itemListElement\":[{\"@type\":\"ListItem\",\"position\":1,\"name\":\"Accueil\",\"item\":\"https:\/\/vieassociative.be\/actualites\/\"},{\"@type\":\"ListItem\",\"position\":2,\"name\":\"Raeren-eynaten gagne Derby contre Kelmis 1-0\"}]},{\"@type\":\"WebSite\",\"@id\":\"https:\/\/vieassociative.be\/actualites\/#website\",\"url\":\"https:\/\/vieassociative.be\/actualites\/\",\"name\":\"Vie Associative\",\"description\":\"\",\"publisher\":{\"@id\":\"https:\/\/vieassociative.be\/actualites\/#organization\"},\"potentialAction\":[{\"@type\":\"SearchAction\",\"target\":{\"@type\":\"EntryPoint\",\"urlTemplate\":\"https:\/\/vieassociative.be\/actualites\/?s={search_term_string}\"},\"query-input\":{\"@type\":\"PropertyValueSpecification\",\"valueRequired\":true,\"valueName\":\"search_term_string\"}}],\"inLanguage\":\"fr-BE\"},{\"@type\":\"Organization\",\"@id\":\"https:\/\/vieassociative.be\/actualites\/#organization\",\"name\":\"Vie Associative\",\"url\":\"https:\/\/vieassociative.be\/actualites\/\",\"logo\":{\"@type\":\"ImageObject\",\"inLanguage\":\"fr-BE\",\"@id\":\"https:\/\/vieassociative.be\/actualites\/#\/schema\/logo\/image\/\",\"url\":\"https:\/\/vieassociative.be\/actualites\/wp-content\/uploads\/2024\/09\/cropped-vieassociative_favicon.ico.png\",\"contentUrl\":\"https:\/\/vieassociative.be\/actualites\/wp-content\/uploads\/2024\/09\/cropped-vieassociative_favicon.ico.png\",\"width\":512,\"height\":512,\"caption\":\"Vie Associative\"},\"image\":{\"@id\":\"https:\/\/vieassociative.be\/actualites\/#\/schema\/logo\/image\/\"}},{\"@type\":\"Person\",\"@id\":\"https:\/\/vieassociative.be\/actualites\/#\/schema\/person\/b87ac4f82f9d4e7b7cec7395b679edc4\",\"name\":\"Julien\",\"image\":{\"@type\":\"ImageObject\",\"inLanguage\":\"fr-BE\",\"@id\":\"https:\/\/vieassociative.be\/actualites\/#\/schema\/person\/image\/\",\"url\":\"https:\/\/vieassociative.be\/actualites\/wp-content\/uploads\/2024\/09\/vie-associative-1-150x150.jpg\",\"contentUrl\":\"https:\/\/vieassociative.be\/actualites\/wp-content\/uploads\/2024\/09\/vie-associative-1-150x150.jpg\",\"caption\":\"Julien\"},\"description\":\"Je suis Julien, r\u00e9dacteur pour Vie Associative. Passionn\u00e9 par le monde associatif depuis plus de 10 ans, j'ai \u00e0 c\u0153ur de partager des histoires inspirantes et de mettre en lumi\u00e8re les initiatives locales. Mon objectif est de sensibiliser et d'encourager l'engagement communautaire \u00e0 travers mes articles.\",\"sameAs\":[\"https:\/\/vieassociative.be\/\"]}]}<\/script>\n<!-- \/ Yoast SEO plugin. -->","yoast_head_json":{"title":"Raeren-eynaten gagne Derby contre Kelmis 1-0 | Vie Associative","robots":{"index":"index","follow":"follow","max-snippet":"max-snippet:-1","max-image-preview":"max-image-preview:large","max-video-preview":"max-video-preview:-1"},"canonical":"https:\/\/vieassociative.be\/actualites\/raeren-eynaten-gagne-derby-contre-kelmis-1-0\/","og_locale":"fr_FR","og_type":"article","og_title":"Raeren-eynaten gagne Derby contre Kelmis 1-0 | Vie Associative","og_description":"La RFC Raeren-Eynatten a remport\u00e9 le premier derby de la nouvelle saison entre les deux plus hautes \u00e9quipes amateurs de Belge de l&rsquo;Est. Les kickers","og_url":"https:\/\/vieassociative.be\/actualites\/raeren-eynaten-gagne-derby-contre-kelmis-1-0\/","og_site_name":"Vie Associative","article_published_time":"2025-08-31T20:18:50+00:00","og_image":[{"width":279,"height":92,"url":"https:\/\/vieassociative.be\/actualites\/wp-content\/uploads\/2024\/09\/header_backgroundk-01-e1726694325946.png","type":"image\/png"}],"author":"Julien","twitter_card":"summary_large_image","twitter_misc":{"\u00c9crit par":"Julien","Dur\u00e9e de lecture est.":"1 minute"},"schema":{"@context":"https:\/\/schema.org","@graph":[{"@type":"Article","@id":"https:\/\/vieassociative.be\/actualites\/raeren-eynaten-gagne-derby-contre-kelmis-1-0\/#article","isPartOf":{"@id":"https:\/\/vieassociative.be\/actualites\/raeren-eynaten-gagne-derby-contre-kelmis-1-0\/"},"author":{"name":"Julien","@id":"https:\/\/vieassociative.be\/actualites\/#\/schema\/person\/b87ac4f82f9d4e7b7cec7395b679edc4"},"headline":"Raeren-eynaten gagne Derby contre Kelmis 1-0","datePublished":"2025-08-31T20:18:50+00:00","dateModified":"2025-08-31T20:18:50+00:00","mainEntityOfPage":{"@id":"https:\/\/vieassociative.be\/actualites\/raeren-eynaten-gagne-derby-contre-kelmis-1-0\/"},"wordCount":205,"publisher":{"@id":"https:\/\/vieassociative.be\/actualites\/#organization"},"image":{"@id":"https:\/\/vieassociative.be\/actualites\/raeren-eynaten-gagne-derby-contre-kelmis-1-0\/#primaryimage"},"thumbnailUrl":"https:\/\/vieassociative.be\/actualites\/wp-content\/uploads\/2025\/08\/1756671533_Raeren-eynaten-gagne-Derby-contre-Kelmis-1-0.jpg","keywords":["contre","derby","gagn\u00e9","Kelmis","Raereneynaten"],"articleSection":["Belgique"],"inLanguage":"fr-BE"},{"@type":"WebPage","@id":"https:\/\/vieassociative.be\/actualites\/raeren-eynaten-gagne-derby-contre-kelmis-1-0\/","url":"https:\/\/vieassociative.be\/actualites\/raeren-eynaten-gagne-derby-contre-kelmis-1-0\/","name":"Raeren-eynaten gagne Derby contre Kelmis 1-0 | Vie Associative","isPartOf":{"@id":"https:\/\/vieassociative.be\/actualites\/#website"},"primaryImageOfPage":{"@id":"https:\/\/vieassociative.be\/actualites\/raeren-eynaten-gagne-derby-contre-kelmis-1-0\/#primaryimage"},"image":{"@id":"https:\/\/vieassociative.be\/actualites\/raeren-eynaten-gagne-derby-contre-kelmis-1-0\/#primaryimage"},"thumbnailUrl":"https:\/\/vieassociative.be\/actualites\/wp-content\/uploads\/2025\/08\/1756671533_Raeren-eynaten-gagne-Derby-contre-Kelmis-1-0.jpg","datePublished":"2025-08-31T20:18:50+00:00","dateModified":"2025-08-31T20:18:50+00:00","breadcrumb":{"@id":"https:\/\/vieassociative.be\/actualites\/raeren-eynaten-gagne-derby-contre-kelmis-1-0\/#breadcrumb"},"inLanguage":"fr-BE","potentialAction":[{"@type":"ReadAction","target":["https:\/\/vieassociative.be\/actualites\/raeren-eynaten-gagne-derby-contre-kelmis-1-0\/"]}]},{"@type":"ImageObject","inLanguage":"fr-BE","@id":"https:\/\/vieassociative.be\/actualites\/raeren-eynaten-gagne-derby-contre-kelmis-1-0\/#primaryimage","url":"https:\/\/vieassociative.be\/actualites\/wp-content\/uploads\/2025\/08\/1756671533_Raeren-eynaten-gagne-Derby-contre-Kelmis-1-0.jpg","contentUrl":"https:\/\/vieassociative.be\/actualites\/wp-content\/uploads\/2025\/08\/1756671533_Raeren-eynaten-gagne-Derby-contre-Kelmis-1-0.jpg","width":900,"height":600,"caption":"Raeren-eynaten gagne Derby contre Kelmis 1-0"},{"@type":"BreadcrumbList","@id":"https:\/\/vieassociative.be\/actualites\/raeren-eynaten-gagne-derby-contre-kelmis-1-0\/#breadcrumb","itemListElement":[{"@type":"ListItem","position":1,"name":"Accueil","item":"https:\/\/vieassociative.be\/actualites\/"},{"@type":"ListItem","position":2,"name":"Raeren-eynaten gagne Derby contre Kelmis 1-0"}]},{"@type":"WebSite","@id":"https:\/\/vieassociative.be\/actualites\/#website","url":"https:\/\/vieassociative.be\/actualites\/","name":"Vie Associative","description":"","publisher":{"@id":"https:\/\/vieassociative.be\/actualites\/#organization"},"potentialAction":[{"@type":"SearchAction","target":{"@type":"EntryPoint","urlTemplate":"https:\/\/vieassociative.be\/actualites\/?s={search_term_string}"},"query-input":{"@type":"PropertyValueSpecification","valueRequired":true,"valueName":"search_term_string"}}],"inLanguage":"fr-BE"},{"@type":"Organization","@id":"https:\/\/vieassociative.be\/actualites\/#organization","name":"Vie Associative","url":"https:\/\/vieassociative.be\/actualites\/","logo":{"@type":"ImageObject","inLanguage":"fr-BE","@id":"https:\/\/vieassociative.be\/actualites\/#\/schema\/logo\/image\/","url":"https:\/\/vieassociative.be\/actualites\/wp-content\/uploads\/2024\/09\/cropped-vieassociative_favicon.ico.png","contentUrl":"https:\/\/vieassociative.be\/actualites\/wp-content\/uploads\/2024\/09\/cropped-vieassociative_favicon.ico.png","width":512,"height":512,"caption":"Vie Associative"},"image":{"@id":"https:\/\/vieassociative.be\/actualites\/#\/schema\/logo\/image\/"}},{"@type":"Person","@id":"https:\/\/vieassociative.be\/actualites\/#\/schema\/person\/b87ac4f82f9d4e7b7cec7395b679edc4","name":"Julien","image":{"@type":"ImageObject","inLanguage":"fr-BE","@id":"https:\/\/vieassociative.be\/actualites\/#\/schema\/person\/image\/","url":"https:\/\/vieassociative.be\/actualites\/wp-content\/uploads\/2024\/09\/vie-associative-1-150x150.jpg","contentUrl":"https:\/\/vieassociative.be\/actualites\/wp-content\/uploads\/2024\/09\/vie-associative-1-150x150.jpg","caption":"Julien"},"description":"Je suis Julien, r\u00e9dacteur pour Vie Associative. Passionn\u00e9 par le monde associatif depuis plus de 10 ans, j'ai \u00e0 c\u0153ur de partager des histoires inspirantes et de mettre en lumi\u00e8re les initiatives locales. Mon objectif est de sensibiliser et d'encourager l'engagement communautaire \u00e0 travers mes articles.","sameAs":["https:\/\/vieassociative.be\/"]}]}},"_links":{"self":[{"href":"https:\/\/vieassociative.be\/actualites\/wp-json\/wp\/v2\/posts\/9743"}],"collection":[{"href":"https:\/\/vieassociative.be\/actualites\/wp-json\/wp\/v2\/posts"}],"about":[{"href":"https:\/\/vieassociative.be\/actualites\/wp-json\/wp\/v2\/types\/post"}],"author":[{"embeddable":true,"href":"https:\/\/vieassociative.be\/actualites\/wp-json\/wp\/v2\/users\/1"}],"replies":[{"embeddable":true,"href":"https:\/\/vieassociative.be\/actualites\/wp-json\/wp\/v2\/comments?post=9743"}],"version-history":[{"count":0,"href":"https:\/\/vieassociative.be\/actualites\/wp-json\/wp\/v2\/posts\/9743\/revisions"}],"wp:featuredmedia":[{"embeddable":true,"href":"https:\/\/vieassociative.be\/actualites\/wp-json\/wp\/v2\/media\/9744"}],"wp:attachment":[{"href":"https:\/\/vieassociative.be\/actualites\/wp-json\/wp\/v2\/media?parent=9743"}],"wp:term":[{"taxonomy":"category","embeddable":true,"href":"https:\/\/vieassociative.be\/actualites\/wp-json\/wp\/v2\/categories?post=9743"},{"taxonomy":"post_tag","embeddable":true,"href":"https:\/\/vieassociative.be\/actualites\/wp-json\/wp\/v2\/tags?post=9743"}],"curies":[{"name":"wp","href":"https:\/\/api.w.org\/{rel}","templated":true}]}}