{"id":9739,"date":"2025-08-31T16:17:31","date_gmt":"2025-08-31T14:17:31","guid":{"rendered":"https:\/\/vieassociative.be\/actualites\/pourquoi-pas-une-reunion-entre-poutine-et-selenskyj\/"},"modified":"2025-08-31T16:17:31","modified_gmt":"2025-08-31T14:17:31","slug":"pourquoi-pas-une-reunion-entre-poutine-et-selenskyj","status":"publish","type":"post","link":"https:\/\/vieassociative.be\/actualites\/pourquoi-pas-une-reunion-entre-poutine-et-selenskyj\/","title":{"rendered":"Pourquoi pas une r\u00e9union entre Poutine et Selenskyj?"},"content":{"rendered":"<p><strong>En fait, le chef du Kremlin Vladimir Poutine et le pr\u00e9sident ukrainien Wolodymyr Selenskyj devraient se rencontrer pour des pourparlers de paix. C&rsquo;est ainsi que le pr\u00e9sident am\u00e9ricain Donald Trump le voulait. Mais une premi\u00e8re r\u00e9union n&rsquo;est pas en vue.<\/strong><\/p>\n<p><span id=\"more-423479\"><\/span>La derni\u00e8re r\u00e9union personnelle du pr\u00e9sident ukrainien Wolodymyr Selenskyj avec le chef du Kremlin Vladimir Poutine de d\u00e9cembre 2019 \u00e0 Paris ne devrait pas \u00eatre en bonne m\u00e9moire. \u00c0 cette \u00e9poque, l&rsquo;ancien acteur et com\u00e9dien a souri \u00e0 une conf\u00e9rence de presse et a secou\u00e9 la t\u00eate lorsque Poutine a \u00e9num\u00e9r\u00e9 les points \u00e0 mettre en \u0153uvre dans le cadre du processus de n\u00e9gociation de Kiev.<\/p>\n<p>Selenskyj Poutine, qui a commenc\u00e9 un voyage en Chine de quatre jours ce dimanche, veut urgent se rencontrer pour mettre fin \u00e0 la guerre. Le chancelier allemand Friedrich Merz ne voit pas non plus les deux bient\u00f4t. Il y a des points de collation qui rendent une nouvelle rencontre plut\u00f4t peu probable:<\/p>\n<div id=\"attachment_423484\" class=\"wp-caption alignnone\" style=\"max-width: 300px\"><img fetchpriority=\"high\" decoding=\"async\" class=\"size-medium wp-image-423484\" src=\"https:\/\/vieassociative.be\/actualites\/wp-content\/uploads\/2025\/08\/Pourquoi-pas-une-reunion-entre-Poutine-et-Selenskyj.jpg\" alt=\"\" width=\"300\" height=\"210\"><\/div>\n<p><strong>&#8211; diff\u00e9rend sur la l\u00e9gitimit\u00e9 de Selenskyj:<\/strong> Poutine accuse Selenskyj d&rsquo;avoir perdu sa l\u00e9gitimit\u00e9 apr\u00e8s son mandat r\u00e9gulier en mai de l&rsquo;ann\u00e9e derni\u00e8re en tant que pr\u00e9sident parce qu&rsquo;il n&#8217;emp\u00eache aucune \u00e9lection. Cependant, la loi de guerre s&rsquo;applique en Ukraine qui n&rsquo;autorise pas les votes.<\/p>\n<p>\u00c0 Kiev, il est dit que les pouvoirs de pouvoir de Selenskyj s&rsquo;appliquent jusqu&rsquo;\u00e0 ce que la paix et les \u00e9lections soient \u00e0 nouveau possibles. Le pr\u00e9sident am\u00e9ricain Donald Trump critique clairement la peur de Moscou de la l\u00e9gitimit\u00e9 comme \u00ab\u00a0non-sens\u00a0\u00bb. Cependant, il a \u00e9chou\u00e9 pour le moment dans le but de rassembler les deux.<\/p>\n<p>Les doutes de Moscou sur la l\u00e9gitimit\u00e9 remontent plus loin. La direction de la Russie voit Selenskyj \u00e0 la suite des manifestations de Maidan en Ukraine en 2014, ce qui a entra\u00een\u00e9 la chute du pr\u00e9sident de Russie, Viktor Janukovich. \u00c0 Moscou, Selenskyj est d\u00e9peint \u00e0 plusieurs reprises comme des \u00e9lites anti-russes \u00abmarionnettes\u00bb en Occident, que l&rsquo;Ukraine n&rsquo;a utilis\u00e9 que comme instrument pour briser la puissance des mati\u00e8res premi\u00e8res de la Russie.<\/p>\n<div id=\"attachment_423485\" class=\"wp-caption alignleft\" style=\"max-width: 300px\"><img decoding=\"async\" class=\"wp-image-423485 size-medium\" src=\"https:\/\/vieassociative.be\/actualites\/wp-content\/uploads\/2025\/08\/1756649851_986_Pourquoi-pas-une-reunion-entre-Poutine-et-Selenskyj.jpg\" alt=\"\" width=\"300\" height=\"212\"><\/div>\n<p>Dans l&rsquo;appareil de puissance russe, Hope propage que Selenskyj, comme le leader r\u00e9volutionnaire g\u00e9orgien suivant, Mikhail Saakashwili, a men\u00e9 une courte guerre en 2008 avec la Russie et qui a ensuite perdu le dos de l&rsquo;Occident.<\/p>\n<p><strong>&#8211; Relation personnelle difficile:<\/strong> Au cours de l&rsquo;ann\u00e9e de son \u00e9lection avec un r\u00e9sultat historiquement \u00e9lev\u00e9, Selenskyj s&rsquo;est rencontr\u00e9 \u00e0 Paris \u00e0 Paris avec la m\u00e9diation du pr\u00e9sident fran\u00e7ais Emmanuel Macron et de la chanceli\u00e8re d&rsquo;alors Angela Merkel avec Poutine.<\/p>\n<p>\u00c0 ce jour, les m\u00e9dias d&rsquo;\u00c9tat russes montrent la mine Selenskyjs en pr\u00e9sence de Poutine. Le porte-parole du Kremlin, Dmitri Peskow, a d\u00e9clar\u00e9 que le pr\u00e9sident ukrainien s&rsquo;\u00e9tait comport\u00e9 \u00ab\u00a0douteux\u00a0\u00bb aux heures de n\u00e9gociations avec Poutine.<\/p>\n<p>La r\u00e9union \u00e0 Paris a trait\u00e9 les accords de paix de Minsk pour l&rsquo;est de l&rsquo;Ukraine, o\u00f9 apr\u00e8s les bouleversements politiques de Kiev 2014 dans de grandes parties des r\u00e9gions de Luhansk et des s\u00e9paratistes prowusiens de Donetsk avec l&rsquo;aide de Moscou. Les accords selon lesquels une autonomie pour Donbass ont \u00e9t\u00e9 fournies n&rsquo;a jamais \u00e9t\u00e9 pleinement mise en \u0153uvre. Selenskyj a clairement indiqu\u00e9 qu&rsquo;il avait vu les accords de mani\u00e8re critique.<\/p>\n<p>Poutine a certifi\u00e9 Selenskyj en tant que com\u00e9dien et talent d&rsquo;acteur, mais ne l&rsquo;a pas pris au s\u00e9rieux en tant que pr\u00e9sident. La porte-parole du minist\u00e8re russe des Affaires \u00e9trang\u00e8res, Maria Sacharova, propage \u00e9galement actuellement une vid\u00e9o dans laquelle l&rsquo;artiste Selenskyj dans la Horliwka d\u00e9j\u00e0 contr\u00f4l\u00e9e par des s\u00e9paratistes parle russe dans sa langue maternelle et explique que les Russes sont un fr\u00e8re des Ukrainiens, il aime les Russes et n&rsquo;a pas des choses politives. Cela contribue \u00e0 l&rsquo;\u00e9limination de Selenskyj.<\/p>\n<div id=\"attachment_423486\" class=\"wp-caption alignleft\" style=\"max-width: 300px\"><img decoding=\"async\" class=\"wp-image-423486 size-medium\" src=\"https:\/\/vieassociative.be\/actualites\/wp-content\/uploads\/2025\/08\/1756649851_629_Pourquoi-pas-une-reunion-entre-Poutine-et-Selenskyj.jpg\" alt=\"\" width=\"300\" height=\"200\"><\/div>\n<p><strong>&#8211; La paix manquante va?<\/strong> Selenskyj accuse Poutine d&rsquo;attendre tant de conditions pour la paix qu&rsquo;il est difficile de passer l\u00e0-bas. En plus d&rsquo;une r\u00e9union rapide, il veut avoir un cessez-le-feu puis des n\u00e9gociations. Poutine, \u00e0 son tour, rejette un cessez-le-feu complet et inconditionnel comme par le pass\u00e9 et le gel du conflit; Il accuse Kiev d&rsquo;utiliser de telles phases pour un nouvel armement par l&rsquo;Occident et la r\u00e9organisation des forces arm\u00e9es ukrainiennes.<\/p>\n<p>Apr\u00e8s le sommet \u00e0 la Maison Blanche avec le pr\u00e9sident am\u00e9ricain Trump et les Europ\u00e9ens, Selenskyj a \u00e9galement confirm\u00e9 \u00e0 rejeter cat\u00e9goriquement l&rsquo;\u00e9vitement des zones requises par Moscou. Il fait r\u00e9f\u00e9rence \u00e0 la Constitution ukrainienne qui interdit l&rsquo;interdiction. Selenskyj a plut\u00f4t appel\u00e9 \u00e0 une pression de sanction encore plus forte sur Poutine pour mettre fin \u00e0 la guerre et am\u00e9liorer l&rsquo;Ukraine par l&rsquo;aide militaire occidentale.<\/p>\n<p>Du c\u00f4t\u00e9 russe, il est dit que Selenskyj veut rester au pouvoir en poursuivant la guerre parce qu&rsquo;il peut \u00e9viter les \u00e9lections. Il y a un risque de luttes de pouvoir. Le populaire nationaliste ukrainien Serhij Stinnenko \u00e9tait d\u00e9j\u00e0 menac\u00e9 avec le chef de l&rsquo;\u00c9tat: \u00ab\u00a0Si Selenskyj abandonne les terres inoccup\u00e9es, ce serait un organisme &#8211; d&rsquo;abord politique et ensuite aussi r\u00e9el, a d\u00e9clar\u00e9 Sterneko dans une interview avec les\u00a0\u00bb temps \u00ab\u00a0britanniques.<\/p>\n<p><strong>&#8211; Probl\u00e8mes organisationnels:<\/strong> Alors que le pr\u00e9sident am\u00e9ricain Trump a annonc\u00e9 apr\u00e8s son appel t\u00e9l\u00e9phonique \u00e0 Poutine au d\u00e9but de la semaine derni\u00e8re que le patron du Kremlin avait approuv\u00e9 une r\u00e9union avec Selenskyj, Moscou n&rsquo;a parl\u00e9 que d&rsquo;une volont\u00e9 de mettre les n\u00e9gociations bilat\u00e9rales pr\u00e9c\u00e9dentes sur la paix \u00e0 un niveau sup\u00e9rieur. Par exemple, au lieu des d\u00e9l\u00e9gations pr\u00e9c\u00e9dentes, le ministre des Affaires \u00e9trang\u00e8res Kiev et Moscou pourraient n\u00e9gocier. La Russie voit une r\u00e9union des pr\u00e9sidents \u00e0 la fin d&rsquo;un processus de n\u00e9gociation lorsqu&rsquo;il s&rsquo;agit de signer un accord.<\/p>\n<div id=\"attachment_423491\" class=\"wp-caption alignleft\" style=\"max-width: 300px\"><img loading=\"lazy\" decoding=\"async\" class=\"wp-image-423491 size-medium\" src=\"https:\/\/vieassociative.be\/actualites\/wp-content\/uploads\/2025\/08\/1756649851_840_Pourquoi-pas-une-reunion-entre-Poutine-et-Selenskyj.jpg\" alt=\"\" width=\"300\" height=\"200\"><\/div>\n<p>L&rsquo;appareil de pouvoir \u00e0 Moscou a \u00e9galement enregistr\u00e9 les discussions sur un \u00e9ventuel emplacement de n\u00e9gociation en Europe, notamment Gen\u00e8ve ou dans le Vatican. \u00c9tant donn\u00e9 que la Cour internationale de Poutine de la Cour p\u00e9nale s&rsquo;est prononc\u00e9e pour la recherche de crimes de guerre pr\u00e9sum\u00e9s, il est peu probable qu&rsquo;il fasse confiance aux Europ\u00e9ens que le mandat d&rsquo;arr\u00eat ne sera exceptionnellement pas appliqu\u00e9.<\/p>\n<p>Le politologue du Kremlin, Sergej Markow, a m\u00eame affirm\u00e9 que l&rsquo;Ukraine ou la Grande-Bretagne pourrait mener une attaque contre Poutine. \u00ab\u00a0Poutine ne doit pas s&rsquo;envoler pour l&rsquo;Europe\u00a0\u00bb, a-t-il dit, et a dit que le chef du Kremlin devait craindre pour sa vie l\u00e0-bas. En revanche, Poutine ne devrait rien avoir contre une rencontre avec Selenskyj au Kremlin, mais cela rejette \u00e0 son tour cat\u00e9goriquement l&rsquo;Ukrainien. Cependant, des agents comme la Turquie ou les pays arabes sont \u00e9galement dispos\u00e9s \u00e0 aligner un tel sommet.<\/p>\n<p><strong>&#8211; La volont\u00e9 pr\u00e9sum\u00e9e de Poutine:<\/strong> Poutine souligne sa volont\u00e9 de rencontrer Selenskyj. Cependant, il ne montre pas d&rsquo;int\u00e9r\u00eat pour cela, c&rsquo;est pourquoi Trump et les Europ\u00e9ens, surtout, l&rsquo;accusent de tactiques de retard &#8211; et le but de monter davantage en Ukraine. L&rsquo;essentiel est que l&rsquo;Ukraine et l&rsquo;Occident critiquent que les conditions de Poutine pour la paix \u00e9quivalent \u00e0 une reddition d&rsquo;Ukraine. Peut-\u00eatre que l&rsquo;admission d&rsquo;une d\u00e9faite Poutine pourrait faire en sorte que Poutine accepte de rencontrer une r\u00e9union. Kiev et une paix dict\u00e9e rejettent \u00e9galement les alli\u00e9s europ\u00e9ens de l&rsquo;Ukraine.<\/p>\n<p>Poutine, en revanche, ne veut pas geler une nouvelle cong\u00e9lation du conflit comme dans le cadre du pr\u00e9d\u00e9cesseur de Selenskyj Petro Porochenko au cours de l&rsquo;accord de paix de Minsk. Cette fois, il veut voir le conflit r\u00e9solu en permanence &#8211; sur ses conditions. (DPA)<\/p>\n","protected":false},"excerpt":{"rendered":"<p>En fait, le chef du Kremlin Vladimir Poutine et le pr\u00e9sident ukrainien Wolodymyr Selenskyj devraient se rencontrer pour des pourparlers de paix. C&rsquo;est ainsi que<\/p>\n","protected":false},"author":1,"featured_media":9740,"comment_status":"","ping_status":"","sticky":false,"template":"","format":"standard","meta":{"footnotes":""},"categories":[298],"tags":[70,126,734,4227,4051,5563,110],"class_list":["post-9739","post","type-post","status-publish","format-standard","has-post-thumbnail","hentry","category-belgique","tag-entre","tag-pas","tag-pourquoi","tag-poutine","tag-reunion","tag-selenskyj","tag-une","generate-columns","tablet-grid-50","mobile-grid-100","grid-parent","grid-33"],"yoast_head":"<!-- This site is optimized with the Yoast SEO plugin v24.0 - https:\/\/yoast.com\/wordpress\/plugins\/seo\/ -->\n<title>Pourquoi pas une r\u00e9union entre Poutine et Selenskyj? | Vie Associative<\/title>\n<meta name=\"robots\" content=\"index, follow, max-snippet:-1, max-image-preview:large, max-video-preview:-1\" \/>\n<link rel=\"canonical\" href=\"https:\/\/vieassociative.be\/actualites\/pourquoi-pas-une-reunion-entre-poutine-et-selenskyj\/\" \/>\n<meta property=\"og:locale\" content=\"fr_FR\" \/>\n<meta property=\"og:type\" content=\"article\" \/>\n<meta property=\"og:title\" content=\"Pourquoi pas une r\u00e9union entre Poutine et Selenskyj? | Vie Associative\" \/>\n<meta property=\"og:description\" content=\"En fait, le chef du Kremlin Vladimir Poutine et le pr\u00e9sident ukrainien Wolodymyr Selenskyj devraient se rencontrer pour des pourparlers de paix. C&rsquo;est ainsi que\" \/>\n<meta property=\"og:url\" content=\"https:\/\/vieassociative.be\/actualites\/pourquoi-pas-une-reunion-entre-poutine-et-selenskyj\/\" \/>\n<meta property=\"og:site_name\" content=\"Vie Associative\" \/>\n<meta property=\"article:published_time\" content=\"2025-08-31T14:17:31+00:00\" \/>\n<meta property=\"og:image\" content=\"https:\/\/vieassociative.be\/actualites\/wp-content\/uploads\/2024\/09\/header_backgroundk-01-e1726694325946.png\" \/>\n\t<meta property=\"og:image:width\" content=\"279\" \/>\n\t<meta property=\"og:image:height\" content=\"92\" \/>\n\t<meta property=\"og:image:type\" content=\"image\/png\" \/>\n<meta name=\"author\" content=\"Julien\" \/>\n<meta name=\"twitter:card\" content=\"summary_large_image\" \/>\n<meta name=\"twitter:label1\" content=\"\u00c9crit par\" \/>\n\t<meta name=\"twitter:data1\" content=\"Julien\" \/>\n\t<meta name=\"twitter:label2\" content=\"Dur\u00e9e de lecture est.\" \/>\n\t<meta name=\"twitter:data2\" content=\"6 minutes\" \/>\n<script type=\"application\/ld+json\" class=\"yoast-schema-graph\">{\"@context\":\"https:\/\/schema.org\",\"@graph\":[{\"@type\":\"Article\",\"@id\":\"https:\/\/vieassociative.be\/actualites\/pourquoi-pas-une-reunion-entre-poutine-et-selenskyj\/#article\",\"isPartOf\":{\"@id\":\"https:\/\/vieassociative.be\/actualites\/pourquoi-pas-une-reunion-entre-poutine-et-selenskyj\/\"},\"author\":{\"name\":\"Julien\",\"@id\":\"https:\/\/vieassociative.be\/actualites\/#\/schema\/person\/b87ac4f82f9d4e7b7cec7395b679edc4\"},\"headline\":\"Pourquoi pas une r\u00e9union entre Poutine et Selenskyj?\",\"datePublished\":\"2025-08-31T14:17:31+00:00\",\"dateModified\":\"2025-08-31T14:17:31+00:00\",\"mainEntityOfPage\":{\"@id\":\"https:\/\/vieassociative.be\/actualites\/pourquoi-pas-une-reunion-entre-poutine-et-selenskyj\/\"},\"wordCount\":1353,\"publisher\":{\"@id\":\"https:\/\/vieassociative.be\/actualites\/#organization\"},\"image\":{\"@id\":\"https:\/\/vieassociative.be\/actualites\/pourquoi-pas-une-reunion-entre-poutine-et-selenskyj\/#primaryimage\"},\"thumbnailUrl\":\"https:\/\/vieassociative.be\/actualites\/wp-content\/uploads\/2025\/08\/1756649852_Pourquoi-pas-une-reunion-entre-Poutine-et-Selenskyj.jpg\",\"keywords\":[\"entre\",\"pas\",\"Pourquoi\",\"Poutine\",\"r\u00e9union\",\"Selenskyj\",\"une\"],\"articleSection\":[\"Belgique\"],\"inLanguage\":\"fr-BE\"},{\"@type\":\"WebPage\",\"@id\":\"https:\/\/vieassociative.be\/actualites\/pourquoi-pas-une-reunion-entre-poutine-et-selenskyj\/\",\"url\":\"https:\/\/vieassociative.be\/actualites\/pourquoi-pas-une-reunion-entre-poutine-et-selenskyj\/\",\"name\":\"Pourquoi pas une r\u00e9union entre Poutine et Selenskyj? | Vie Associative\",\"isPartOf\":{\"@id\":\"https:\/\/vieassociative.be\/actualites\/#website\"},\"primaryImageOfPage\":{\"@id\":\"https:\/\/vieassociative.be\/actualites\/pourquoi-pas-une-reunion-entre-poutine-et-selenskyj\/#primaryimage\"},\"image\":{\"@id\":\"https:\/\/vieassociative.be\/actualites\/pourquoi-pas-une-reunion-entre-poutine-et-selenskyj\/#primaryimage\"},\"thumbnailUrl\":\"https:\/\/vieassociative.be\/actualites\/wp-content\/uploads\/2025\/08\/1756649852_Pourquoi-pas-une-reunion-entre-Poutine-et-Selenskyj.jpg\",\"datePublished\":\"2025-08-31T14:17:31+00:00\",\"dateModified\":\"2025-08-31T14:17:31+00:00\",\"breadcrumb\":{\"@id\":\"https:\/\/vieassociative.be\/actualites\/pourquoi-pas-une-reunion-entre-poutine-et-selenskyj\/#breadcrumb\"},\"inLanguage\":\"fr-BE\",\"potentialAction\":[{\"@type\":\"ReadAction\",\"target\":[\"https:\/\/vieassociative.be\/actualites\/pourquoi-pas-une-reunion-entre-poutine-et-selenskyj\/\"]}]},{\"@type\":\"ImageObject\",\"inLanguage\":\"fr-BE\",\"@id\":\"https:\/\/vieassociative.be\/actualites\/pourquoi-pas-une-reunion-entre-poutine-et-selenskyj\/#primaryimage\",\"url\":\"https:\/\/vieassociative.be\/actualites\/wp-content\/uploads\/2025\/08\/1756649852_Pourquoi-pas-une-reunion-entre-Poutine-et-Selenskyj.jpg\",\"contentUrl\":\"https:\/\/vieassociative.be\/actualites\/wp-content\/uploads\/2025\/08\/1756649852_Pourquoi-pas-une-reunion-entre-Poutine-et-Selenskyj.jpg\",\"width\":1200,\"height\":800,\"caption\":\"Pourquoi pas une r\u00e9union entre Poutine et Selenskyj?\"},{\"@type\":\"BreadcrumbList\",\"@id\":\"https:\/\/vieassociative.be\/actualites\/pourquoi-pas-une-reunion-entre-poutine-et-selenskyj\/#breadcrumb\",\"itemListElement\":[{\"@type\":\"ListItem\",\"position\":1,\"name\":\"Accueil\",\"item\":\"https:\/\/vieassociative.be\/actualites\/\"},{\"@type\":\"ListItem\",\"position\":2,\"name\":\"Pourquoi pas une r\u00e9union entre Poutine et Selenskyj?\"}]},{\"@type\":\"WebSite\",\"@id\":\"https:\/\/vieassociative.be\/actualites\/#website\",\"url\":\"https:\/\/vieassociative.be\/actualites\/\",\"name\":\"Vie Associative\",\"description\":\"\",\"publisher\":{\"@id\":\"https:\/\/vieassociative.be\/actualites\/#organization\"},\"potentialAction\":[{\"@type\":\"SearchAction\",\"target\":{\"@type\":\"EntryPoint\",\"urlTemplate\":\"https:\/\/vieassociative.be\/actualites\/?s={search_term_string}\"},\"query-input\":{\"@type\":\"PropertyValueSpecification\",\"valueRequired\":true,\"valueName\":\"search_term_string\"}}],\"inLanguage\":\"fr-BE\"},{\"@type\":\"Organization\",\"@id\":\"https:\/\/vieassociative.be\/actualites\/#organization\",\"name\":\"Vie Associative\",\"url\":\"https:\/\/vieassociative.be\/actualites\/\",\"logo\":{\"@type\":\"ImageObject\",\"inLanguage\":\"fr-BE\",\"@id\":\"https:\/\/vieassociative.be\/actualites\/#\/schema\/logo\/image\/\",\"url\":\"https:\/\/vieassociative.be\/actualites\/wp-content\/uploads\/2024\/09\/cropped-vieassociative_favicon.ico.png\",\"contentUrl\":\"https:\/\/vieassociative.be\/actualites\/wp-content\/uploads\/2024\/09\/cropped-vieassociative_favicon.ico.png\",\"width\":512,\"height\":512,\"caption\":\"Vie Associative\"},\"image\":{\"@id\":\"https:\/\/vieassociative.be\/actualites\/#\/schema\/logo\/image\/\"}},{\"@type\":\"Person\",\"@id\":\"https:\/\/vieassociative.be\/actualites\/#\/schema\/person\/b87ac4f82f9d4e7b7cec7395b679edc4\",\"name\":\"Julien\",\"image\":{\"@type\":\"ImageObject\",\"inLanguage\":\"fr-BE\",\"@id\":\"https:\/\/vieassociative.be\/actualites\/#\/schema\/person\/image\/\",\"url\":\"https:\/\/vieassociative.be\/actualites\/wp-content\/uploads\/2024\/09\/vie-associative-1-150x150.jpg\",\"contentUrl\":\"https:\/\/vieassociative.be\/actualites\/wp-content\/uploads\/2024\/09\/vie-associative-1-150x150.jpg\",\"caption\":\"Julien\"},\"description\":\"Je suis Julien, r\u00e9dacteur pour Vie Associative. Passionn\u00e9 par le monde associatif depuis plus de 10 ans, j'ai \u00e0 c\u0153ur de partager des histoires inspirantes et de mettre en lumi\u00e8re les initiatives locales. Mon objectif est de sensibiliser et d'encourager l'engagement communautaire \u00e0 travers mes articles.\",\"sameAs\":[\"https:\/\/vieassociative.be\/\"]}]}<\/script>\n<!-- \/ Yoast SEO plugin. -->","yoast_head_json":{"title":"Pourquoi pas une r\u00e9union entre Poutine et Selenskyj? | Vie Associative","robots":{"index":"index","follow":"follow","max-snippet":"max-snippet:-1","max-image-preview":"max-image-preview:large","max-video-preview":"max-video-preview:-1"},"canonical":"https:\/\/vieassociative.be\/actualites\/pourquoi-pas-une-reunion-entre-poutine-et-selenskyj\/","og_locale":"fr_FR","og_type":"article","og_title":"Pourquoi pas une r\u00e9union entre Poutine et Selenskyj? | Vie Associative","og_description":"En fait, le chef du Kremlin Vladimir Poutine et le pr\u00e9sident ukrainien Wolodymyr Selenskyj devraient se rencontrer pour des pourparlers de paix. C&rsquo;est ainsi que","og_url":"https:\/\/vieassociative.be\/actualites\/pourquoi-pas-une-reunion-entre-poutine-et-selenskyj\/","og_site_name":"Vie Associative","article_published_time":"2025-08-31T14:17:31+00:00","og_image":[{"width":279,"height":92,"url":"https:\/\/vieassociative.be\/actualites\/wp-content\/uploads\/2024\/09\/header_backgroundk-01-e1726694325946.png","type":"image\/png"}],"author":"Julien","twitter_card":"summary_large_image","twitter_misc":{"\u00c9crit par":"Julien","Dur\u00e9e de lecture est.":"6 minutes"},"schema":{"@context":"https:\/\/schema.org","@graph":[{"@type":"Article","@id":"https:\/\/vieassociative.be\/actualites\/pourquoi-pas-une-reunion-entre-poutine-et-selenskyj\/#article","isPartOf":{"@id":"https:\/\/vieassociative.be\/actualites\/pourquoi-pas-une-reunion-entre-poutine-et-selenskyj\/"},"author":{"name":"Julien","@id":"https:\/\/vieassociative.be\/actualites\/#\/schema\/person\/b87ac4f82f9d4e7b7cec7395b679edc4"},"headline":"Pourquoi pas une r\u00e9union entre Poutine et Selenskyj?","datePublished":"2025-08-31T14:17:31+00:00","dateModified":"2025-08-31T14:17:31+00:00","mainEntityOfPage":{"@id":"https:\/\/vieassociative.be\/actualites\/pourquoi-pas-une-reunion-entre-poutine-et-selenskyj\/"},"wordCount":1353,"publisher":{"@id":"https:\/\/vieassociative.be\/actualites\/#organization"},"image":{"@id":"https:\/\/vieassociative.be\/actualites\/pourquoi-pas-une-reunion-entre-poutine-et-selenskyj\/#primaryimage"},"thumbnailUrl":"https:\/\/vieassociative.be\/actualites\/wp-content\/uploads\/2025\/08\/1756649852_Pourquoi-pas-une-reunion-entre-Poutine-et-Selenskyj.jpg","keywords":["entre","pas","Pourquoi","Poutine","r\u00e9union","Selenskyj","une"],"articleSection":["Belgique"],"inLanguage":"fr-BE"},{"@type":"WebPage","@id":"https:\/\/vieassociative.be\/actualites\/pourquoi-pas-une-reunion-entre-poutine-et-selenskyj\/","url":"https:\/\/vieassociative.be\/actualites\/pourquoi-pas-une-reunion-entre-poutine-et-selenskyj\/","name":"Pourquoi pas une r\u00e9union entre Poutine et Selenskyj? | Vie Associative","isPartOf":{"@id":"https:\/\/vieassociative.be\/actualites\/#website"},"primaryImageOfPage":{"@id":"https:\/\/vieassociative.be\/actualites\/pourquoi-pas-une-reunion-entre-poutine-et-selenskyj\/#primaryimage"},"image":{"@id":"https:\/\/vieassociative.be\/actualites\/pourquoi-pas-une-reunion-entre-poutine-et-selenskyj\/#primaryimage"},"thumbnailUrl":"https:\/\/vieassociative.be\/actualites\/wp-content\/uploads\/2025\/08\/1756649852_Pourquoi-pas-une-reunion-entre-Poutine-et-Selenskyj.jpg","datePublished":"2025-08-31T14:17:31+00:00","dateModified":"2025-08-31T14:17:31+00:00","breadcrumb":{"@id":"https:\/\/vieassociative.be\/actualites\/pourquoi-pas-une-reunion-entre-poutine-et-selenskyj\/#breadcrumb"},"inLanguage":"fr-BE","potentialAction":[{"@type":"ReadAction","target":["https:\/\/vieassociative.be\/actualites\/pourquoi-pas-une-reunion-entre-poutine-et-selenskyj\/"]}]},{"@type":"ImageObject","inLanguage":"fr-BE","@id":"https:\/\/vieassociative.be\/actualites\/pourquoi-pas-une-reunion-entre-poutine-et-selenskyj\/#primaryimage","url":"https:\/\/vieassociative.be\/actualites\/wp-content\/uploads\/2025\/08\/1756649852_Pourquoi-pas-une-reunion-entre-Poutine-et-Selenskyj.jpg","contentUrl":"https:\/\/vieassociative.be\/actualites\/wp-content\/uploads\/2025\/08\/1756649852_Pourquoi-pas-une-reunion-entre-Poutine-et-Selenskyj.jpg","width":1200,"height":800,"caption":"Pourquoi pas une r\u00e9union entre Poutine et Selenskyj?"},{"@type":"BreadcrumbList","@id":"https:\/\/vieassociative.be\/actualites\/pourquoi-pas-une-reunion-entre-poutine-et-selenskyj\/#breadcrumb","itemListElement":[{"@type":"ListItem","position":1,"name":"Accueil","item":"https:\/\/vieassociative.be\/actualites\/"},{"@type":"ListItem","position":2,"name":"Pourquoi pas une r\u00e9union entre Poutine et Selenskyj?"}]},{"@type":"WebSite","@id":"https:\/\/vieassociative.be\/actualites\/#website","url":"https:\/\/vieassociative.be\/actualites\/","name":"Vie Associative","description":"","publisher":{"@id":"https:\/\/vieassociative.be\/actualites\/#organization"},"potentialAction":[{"@type":"SearchAction","target":{"@type":"EntryPoint","urlTemplate":"https:\/\/vieassociative.be\/actualites\/?s={search_term_string}"},"query-input":{"@type":"PropertyValueSpecification","valueRequired":true,"valueName":"search_term_string"}}],"inLanguage":"fr-BE"},{"@type":"Organization","@id":"https:\/\/vieassociative.be\/actualites\/#organization","name":"Vie Associative","url":"https:\/\/vieassociative.be\/actualites\/","logo":{"@type":"ImageObject","inLanguage":"fr-BE","@id":"https:\/\/vieassociative.be\/actualites\/#\/schema\/logo\/image\/","url":"https:\/\/vieassociative.be\/actualites\/wp-content\/uploads\/2024\/09\/cropped-vieassociative_favicon.ico.png","contentUrl":"https:\/\/vieassociative.be\/actualites\/wp-content\/uploads\/2024\/09\/cropped-vieassociative_favicon.ico.png","width":512,"height":512,"caption":"Vie Associative"},"image":{"@id":"https:\/\/vieassociative.be\/actualites\/#\/schema\/logo\/image\/"}},{"@type":"Person","@id":"https:\/\/vieassociative.be\/actualites\/#\/schema\/person\/b87ac4f82f9d4e7b7cec7395b679edc4","name":"Julien","image":{"@type":"ImageObject","inLanguage":"fr-BE","@id":"https:\/\/vieassociative.be\/actualites\/#\/schema\/person\/image\/","url":"https:\/\/vieassociative.be\/actualites\/wp-content\/uploads\/2024\/09\/vie-associative-1-150x150.jpg","contentUrl":"https:\/\/vieassociative.be\/actualites\/wp-content\/uploads\/2024\/09\/vie-associative-1-150x150.jpg","caption":"Julien"},"description":"Je suis Julien, r\u00e9dacteur pour Vie Associative. Passionn\u00e9 par le monde associatif depuis plus de 10 ans, j'ai \u00e0 c\u0153ur de partager des histoires inspirantes et de mettre en lumi\u00e8re les initiatives locales. Mon objectif est de sensibiliser et d'encourager l'engagement communautaire \u00e0 travers mes articles.","sameAs":["https:\/\/vieassociative.be\/"]}]}},"_links":{"self":[{"href":"https:\/\/vieassociative.be\/actualites\/wp-json\/wp\/v2\/posts\/9739"}],"collection":[{"href":"https:\/\/vieassociative.be\/actualites\/wp-json\/wp\/v2\/posts"}],"about":[{"href":"https:\/\/vieassociative.be\/actualites\/wp-json\/wp\/v2\/types\/post"}],"author":[{"embeddable":true,"href":"https:\/\/vieassociative.be\/actualites\/wp-json\/wp\/v2\/users\/1"}],"replies":[{"embeddable":true,"href":"https:\/\/vieassociative.be\/actualites\/wp-json\/wp\/v2\/comments?post=9739"}],"version-history":[{"count":0,"href":"https:\/\/vieassociative.be\/actualites\/wp-json\/wp\/v2\/posts\/9739\/revisions"}],"wp:featuredmedia":[{"embeddable":true,"href":"https:\/\/vieassociative.be\/actualites\/wp-json\/wp\/v2\/media\/9740"}],"wp:attachment":[{"href":"https:\/\/vieassociative.be\/actualites\/wp-json\/wp\/v2\/media?parent=9739"}],"wp:term":[{"taxonomy":"category","embeddable":true,"href":"https:\/\/vieassociative.be\/actualites\/wp-json\/wp\/v2\/categories?post=9739"},{"taxonomy":"post_tag","embeddable":true,"href":"https:\/\/vieassociative.be\/actualites\/wp-json\/wp\/v2\/tags?post=9739"}],"curies":[{"name":"wp","href":"https:\/\/api.w.org\/{rel}","templated":true}]}}