{"id":9731,"date":"2025-08-31T04:17:50","date_gmt":"2025-08-31T02:17:50","guid":{"rendered":"https:\/\/vieassociative.be\/actualites\/les-amortisseurs-pour-le-president-americain-donald-trump-devant-le-tribunal-que-deviendra-les-tarifs-maintenant-questions-et-reponses\/"},"modified":"2025-08-31T04:17:50","modified_gmt":"2025-08-31T02:17:50","slug":"les-amortisseurs-pour-le-president-americain-donald-trump-devant-le-tribunal-que-deviendra-les-tarifs-maintenant-questions-et-reponses","status":"publish","type":"post","link":"https:\/\/vieassociative.be\/actualites\/les-amortisseurs-pour-le-president-americain-donald-trump-devant-le-tribunal-que-deviendra-les-tarifs-maintenant-questions-et-reponses\/","title":{"rendered":"Les amortisseurs pour le pr\u00e9sident am\u00e9ricain Donald Trump devant le tribunal: que deviendra les tarifs maintenant? (Questions et r\u00e9ponses)"},"content":{"rendered":"<p><strong>La politique de douane agressive de Donald Trump sur les pieds l\u00e9gaux? Le pr\u00e9sident am\u00e9ricain recueille \u00e0 nouveau une d\u00e9faite devant le tribunal. Mais le dernier mot n&rsquo;a pas encore \u00e9t\u00e9 prononc\u00e9.<\/strong><\/p>\n<p><span id=\"more-423433\"><\/span>Le r\u00f4le en arri\u00e8re ou tout reste-t-il comme d&rsquo;habitude? Une d\u00e9cision de justice aux \u00c9tats-Unis soul\u00e8ve des questions sur l&rsquo;efficacit\u00e9 des tarifs sur les marchandises import\u00e9es de l&rsquo;\u00e9tranger. Le pr\u00e9sident am\u00e9ricain Donald Trump veut intensifier la discussion juridique, jusqu&rsquo;\u00e0 la Cour supr\u00eame.<\/p>\n<p><strong>&#8211; Qu&rsquo;est-ce que les juges ont d\u00e9cid\u00e9?<\/strong><\/p>\n<p>Les juges sont moins une \u00e9pine dans le c\u00f4t\u00e9, mais plut\u00f4t le raisonnement juridique que le pr\u00e9sident am\u00e9ricain utilise. Il affirme qu&rsquo;il y a une urgence &#8211; et donc l&rsquo;application d&rsquo;une loi correspondante \u00e0 partir de 1977 est justifi\u00e9e. Trump fait r\u00e9f\u00e9rence \u00e0 un d\u00e9s\u00e9quilibre dans le commerce international aux d\u00e9pens des \u00c9tats-Unis et estime que les \u00c9tats-Unis avaient \u00e9t\u00e9 trait\u00e9s injustement.<\/p>\n<div id=\"attachment_421957\" class=\"wp-caption alignleft\" style=\"max-width: 300px\"><img fetchpriority=\"high\" decoding=\"async\" class=\"wp-image-421957 size-medium\" src=\"https:\/\/vieassociative.be\/actualites\/wp-content\/uploads\/2025\/08\/Les-amortisseurs-pour-le-president-americain-Donald-Trump-devant-le.jpg\" alt=\"\" width=\"300\" height=\"200\"><\/div>\n<p>La loi stipule qu&rsquo;un pr\u00e9sident peut \u00e9mettre des d\u00e9crets en cas de crise sans le Congr\u00e8s &#8211; le Parlement des \u00c9tats-Unis doit \u00eatre appel\u00e9. En cas de tarifs de grande envergure sur les produits d&rsquo;importation et la loi d&rsquo;urgence utilis\u00e9e pour cela, la cour d&rsquo;appel a maintenant discut\u00e9 de cette autorit\u00e9 au pr\u00e9sident &#8211; comme la Cour inf\u00e9rieure. Les talles sont une comp\u00e9tence de base du Congr\u00e8s am\u00e9ricain, selon les juges.<\/p>\n<p><strong>&#8211; Les tarifs ont-ils \u00e9t\u00e9 arr\u00eat\u00e9s avec?<\/strong><\/p>\n<p>Pas pour l&rsquo;instant. La d\u00e9cision n&rsquo;entre pas en vigueur avant le 14 octobre &#8211; cela donne au gouvernement am\u00e9ricain le temps de le contester devant la Cour supr\u00eame. C&rsquo;est exactement ce que Trump veut faire maintenant &#8211; dans l&rsquo;espoir que l&rsquo;\u00e9quipe du juge des tribunaux supr\u00eame, qui a eu raison dans son premier mandat, d\u00e9cidera dans son sens. Il se pr\u00e9cipita \u00e9galement pour faire face \u00e0 l&rsquo;impression d&rsquo;une d\u00e9faite. Peu de temps apr\u00e8s la d\u00e9cision, il a \u00e9crit sur sa plate-forme sociale Truth: \u00ab\u00a0Tous les tarifs sont toujours en vigueur!\u00a0\u00bb<\/p>\n<p>En tout cas, la d\u00e9cision pr\u00e9c\u00e9dente du tribunal f\u00e9d\u00e9ral n&rsquo;\u00e9tait pas tous des tarifs. La livraison sur les voitures, l&rsquo;acier, l&rsquo;aluminium, les m\u00e9dicaments et les semi-conducteurs ont \u00e9t\u00e9 d\u00e9coupl\u00e9s.<\/p>\n<p><strong>&#8211; Comment l&rsquo;UE r\u00e9agit-elle?<\/strong><\/p>\n<p>La Commission europ\u00e9enne, qui avait n\u00e9goci\u00e9 l&rsquo;accord de 15%, ne voulait pas commenter le jugement au d\u00e9but. Un porte-parole a soulign\u00e9 samedi que la Commission continuerait de travailler sur la mise en \u0153uvre des accords avec les \u00c9tats-Unis.<\/p>\n<p>La Commission europ\u00e9enne a commenc\u00e9 le processus l\u00e9gislatif jeudi pour abolir les tarifs aux biens industriels am\u00e9ricains et pour r\u00e9duire les obstacles \u00e0 l&rsquo;importation de certains aliments. En retour, les tarifs am\u00e9ricains doivent \u00eatre r\u00e9duits en importations automobiles en provenance d&rsquo;autres pays. (DPA)<\/p>\n","protected":false},"excerpt":{"rendered":"<p>La politique de douane agressive de Donald Trump sur les pieds l\u00e9gaux? Le pr\u00e9sident am\u00e9ricain recueille \u00e0 nouveau une d\u00e9faite devant le tribunal. Mais le<\/p>\n","protected":false},"author":1,"featured_media":9732,"comment_status":"","ping_status":"","sticky":false,"template":"","format":"standard","meta":{"footnotes":""},"categories":[298],"tags":[10,8359,2381,8361,2424,14,233,81,3075,481,1882,5819,8360,2425],"class_list":["post-9731","post","type-post","status-publish","format-standard","has-post-thumbnail","hentry","category-belgique","tag-americain","tag-amortisseurs","tag-devant","tag-deviendra","tag-donald","tag-les","tag-maintenant","tag-pour","tag-president","tag-questions","tag-reponses","tag-tarifs","tag-tribunal","tag-trump","generate-columns","tablet-grid-50","mobile-grid-100","grid-parent","grid-33"],"yoast_head":"<!-- This site is optimized with the Yoast SEO plugin v24.0 - https:\/\/yoast.com\/wordpress\/plugins\/seo\/ -->\n<title>Les amortisseurs pour le pr\u00e9sident am\u00e9ricain Donald Trump devant le tribunal: que deviendra les tarifs maintenant? (Questions et r\u00e9ponses) | Vie Associative<\/title>\n<meta name=\"robots\" content=\"index, follow, max-snippet:-1, max-image-preview:large, max-video-preview:-1\" \/>\n<link rel=\"canonical\" href=\"https:\/\/vieassociative.be\/actualites\/les-amortisseurs-pour-le-president-americain-donald-trump-devant-le-tribunal-que-deviendra-les-tarifs-maintenant-questions-et-reponses\/\" \/>\n<meta property=\"og:locale\" content=\"fr_FR\" \/>\n<meta property=\"og:type\" content=\"article\" \/>\n<meta property=\"og:title\" content=\"Les amortisseurs pour le pr\u00e9sident am\u00e9ricain Donald Trump devant le tribunal: que deviendra les tarifs maintenant? (Questions et r\u00e9ponses) | Vie Associative\" \/>\n<meta property=\"og:description\" content=\"La politique de douane agressive de Donald Trump sur les pieds l\u00e9gaux? Le pr\u00e9sident am\u00e9ricain recueille \u00e0 nouveau une d\u00e9faite devant le tribunal. Mais le\" \/>\n<meta property=\"og:url\" content=\"https:\/\/vieassociative.be\/actualites\/les-amortisseurs-pour-le-president-americain-donald-trump-devant-le-tribunal-que-deviendra-les-tarifs-maintenant-questions-et-reponses\/\" \/>\n<meta property=\"og:site_name\" content=\"Vie Associative\" \/>\n<meta property=\"article:published_time\" content=\"2025-08-31T02:17:50+00:00\" \/>\n<meta property=\"og:image\" content=\"https:\/\/vieassociative.be\/actualites\/wp-content\/uploads\/2024\/09\/header_backgroundk-01-e1726694325946.png\" \/>\n\t<meta property=\"og:image:width\" content=\"279\" \/>\n\t<meta property=\"og:image:height\" content=\"92\" \/>\n\t<meta property=\"og:image:type\" content=\"image\/png\" \/>\n<meta name=\"author\" content=\"Julien\" \/>\n<meta name=\"twitter:card\" content=\"summary_large_image\" \/>\n<meta name=\"twitter:label1\" content=\"\u00c9crit par\" \/>\n\t<meta name=\"twitter:data1\" content=\"Julien\" \/>\n\t<meta name=\"twitter:label2\" content=\"Dur\u00e9e de lecture est.\" \/>\n\t<meta name=\"twitter:data2\" content=\"2 minutes\" \/>\n<script type=\"application\/ld+json\" class=\"yoast-schema-graph\">{\"@context\":\"https:\/\/schema.org\",\"@graph\":[{\"@type\":\"Article\",\"@id\":\"https:\/\/vieassociative.be\/actualites\/les-amortisseurs-pour-le-president-americain-donald-trump-devant-le-tribunal-que-deviendra-les-tarifs-maintenant-questions-et-reponses\/#article\",\"isPartOf\":{\"@id\":\"https:\/\/vieassociative.be\/actualites\/les-amortisseurs-pour-le-president-americain-donald-trump-devant-le-tribunal-que-deviendra-les-tarifs-maintenant-questions-et-reponses\/\"},\"author\":{\"name\":\"Julien\",\"@id\":\"https:\/\/vieassociative.be\/actualites\/#\/schema\/person\/b87ac4f82f9d4e7b7cec7395b679edc4\"},\"headline\":\"Les amortisseurs pour le pr\u00e9sident am\u00e9ricain Donald Trump devant le tribunal: que deviendra les tarifs maintenant? (Questions et r\u00e9ponses)\",\"datePublished\":\"2025-08-31T02:17:50+00:00\",\"dateModified\":\"2025-08-31T02:17:50+00:00\",\"mainEntityOfPage\":{\"@id\":\"https:\/\/vieassociative.be\/actualites\/les-amortisseurs-pour-le-president-americain-donald-trump-devant-le-tribunal-que-deviendra-les-tarifs-maintenant-questions-et-reponses\/\"},\"wordCount\":527,\"publisher\":{\"@id\":\"https:\/\/vieassociative.be\/actualites\/#organization\"},\"image\":{\"@id\":\"https:\/\/vieassociative.be\/actualites\/les-amortisseurs-pour-le-president-americain-donald-trump-devant-le-tribunal-que-deviendra-les-tarifs-maintenant-questions-et-reponses\/#primaryimage\"},\"thumbnailUrl\":\"https:\/\/vieassociative.be\/actualites\/wp-content\/uploads\/2025\/08\/1756606671_Les-amortisseurs-pour-le-president-americain-Donald-Trump-devant-le.jpg\",\"keywords\":[\"am\u00e9ricain\",\"amortisseurs\",\"devant\",\"deviendra\",\"Donald\",\"Les\",\"maintenant\",\"pour\",\"pr\u00e9sident\",\"questions\",\"r\u00e9ponses\",\"tarifs\",\"tribunal\",\"Trump\"],\"articleSection\":[\"Belgique\"],\"inLanguage\":\"fr-BE\"},{\"@type\":\"WebPage\",\"@id\":\"https:\/\/vieassociative.be\/actualites\/les-amortisseurs-pour-le-president-americain-donald-trump-devant-le-tribunal-que-deviendra-les-tarifs-maintenant-questions-et-reponses\/\",\"url\":\"https:\/\/vieassociative.be\/actualites\/les-amortisseurs-pour-le-president-americain-donald-trump-devant-le-tribunal-que-deviendra-les-tarifs-maintenant-questions-et-reponses\/\",\"name\":\"Les amortisseurs pour le pr\u00e9sident am\u00e9ricain Donald Trump devant le tribunal: que deviendra les tarifs maintenant? (Questions et r\u00e9ponses) | Vie Associative\",\"isPartOf\":{\"@id\":\"https:\/\/vieassociative.be\/actualites\/#website\"},\"primaryImageOfPage\":{\"@id\":\"https:\/\/vieassociative.be\/actualites\/les-amortisseurs-pour-le-president-americain-donald-trump-devant-le-tribunal-que-deviendra-les-tarifs-maintenant-questions-et-reponses\/#primaryimage\"},\"image\":{\"@id\":\"https:\/\/vieassociative.be\/actualites\/les-amortisseurs-pour-le-president-americain-donald-trump-devant-le-tribunal-que-deviendra-les-tarifs-maintenant-questions-et-reponses\/#primaryimage\"},\"thumbnailUrl\":\"https:\/\/vieassociative.be\/actualites\/wp-content\/uploads\/2025\/08\/1756606671_Les-amortisseurs-pour-le-president-americain-Donald-Trump-devant-le.jpg\",\"datePublished\":\"2025-08-31T02:17:50+00:00\",\"dateModified\":\"2025-08-31T02:17:50+00:00\",\"breadcrumb\":{\"@id\":\"https:\/\/vieassociative.be\/actualites\/les-amortisseurs-pour-le-president-americain-donald-trump-devant-le-tribunal-que-deviendra-les-tarifs-maintenant-questions-et-reponses\/#breadcrumb\"},\"inLanguage\":\"fr-BE\",\"potentialAction\":[{\"@type\":\"ReadAction\",\"target\":[\"https:\/\/vieassociative.be\/actualites\/les-amortisseurs-pour-le-president-americain-donald-trump-devant-le-tribunal-que-deviendra-les-tarifs-maintenant-questions-et-reponses\/\"]}]},{\"@type\":\"ImageObject\",\"inLanguage\":\"fr-BE\",\"@id\":\"https:\/\/vieassociative.be\/actualites\/les-amortisseurs-pour-le-president-americain-donald-trump-devant-le-tribunal-que-deviendra-les-tarifs-maintenant-questions-et-reponses\/#primaryimage\",\"url\":\"https:\/\/vieassociative.be\/actualites\/wp-content\/uploads\/2025\/08\/1756606671_Les-amortisseurs-pour-le-president-americain-Donald-Trump-devant-le.jpg\",\"contentUrl\":\"https:\/\/vieassociative.be\/actualites\/wp-content\/uploads\/2025\/08\/1756606671_Les-amortisseurs-pour-le-president-americain-Donald-Trump-devant-le.jpg\",\"width\":1200,\"height\":800,\"caption\":\"Les amortisseurs pour le pr\u00e9sident am\u00e9ricain Donald Trump devant le tribunal: que deviendra les tarifs maintenant? (Questions et r\u00e9ponses)\"},{\"@type\":\"BreadcrumbList\",\"@id\":\"https:\/\/vieassociative.be\/actualites\/les-amortisseurs-pour-le-president-americain-donald-trump-devant-le-tribunal-que-deviendra-les-tarifs-maintenant-questions-et-reponses\/#breadcrumb\",\"itemListElement\":[{\"@type\":\"ListItem\",\"position\":1,\"name\":\"Accueil\",\"item\":\"https:\/\/vieassociative.be\/actualites\/\"},{\"@type\":\"ListItem\",\"position\":2,\"name\":\"Les amortisseurs pour le pr\u00e9sident am\u00e9ricain Donald Trump devant le tribunal: que deviendra les tarifs maintenant? (Questions et r\u00e9ponses)\"}]},{\"@type\":\"WebSite\",\"@id\":\"https:\/\/vieassociative.be\/actualites\/#website\",\"url\":\"https:\/\/vieassociative.be\/actualites\/\",\"name\":\"Vie Associative\",\"description\":\"\",\"publisher\":{\"@id\":\"https:\/\/vieassociative.be\/actualites\/#organization\"},\"potentialAction\":[{\"@type\":\"SearchAction\",\"target\":{\"@type\":\"EntryPoint\",\"urlTemplate\":\"https:\/\/vieassociative.be\/actualites\/?s={search_term_string}\"},\"query-input\":{\"@type\":\"PropertyValueSpecification\",\"valueRequired\":true,\"valueName\":\"search_term_string\"}}],\"inLanguage\":\"fr-BE\"},{\"@type\":\"Organization\",\"@id\":\"https:\/\/vieassociative.be\/actualites\/#organization\",\"name\":\"Vie Associative\",\"url\":\"https:\/\/vieassociative.be\/actualites\/\",\"logo\":{\"@type\":\"ImageObject\",\"inLanguage\":\"fr-BE\",\"@id\":\"https:\/\/vieassociative.be\/actualites\/#\/schema\/logo\/image\/\",\"url\":\"https:\/\/vieassociative.be\/actualites\/wp-content\/uploads\/2024\/09\/cropped-vieassociative_favicon.ico.png\",\"contentUrl\":\"https:\/\/vieassociative.be\/actualites\/wp-content\/uploads\/2024\/09\/cropped-vieassociative_favicon.ico.png\",\"width\":512,\"height\":512,\"caption\":\"Vie Associative\"},\"image\":{\"@id\":\"https:\/\/vieassociative.be\/actualites\/#\/schema\/logo\/image\/\"}},{\"@type\":\"Person\",\"@id\":\"https:\/\/vieassociative.be\/actualites\/#\/schema\/person\/b87ac4f82f9d4e7b7cec7395b679edc4\",\"name\":\"Julien\",\"image\":{\"@type\":\"ImageObject\",\"inLanguage\":\"fr-BE\",\"@id\":\"https:\/\/vieassociative.be\/actualites\/#\/schema\/person\/image\/\",\"url\":\"https:\/\/vieassociative.be\/actualites\/wp-content\/uploads\/2024\/09\/vie-associative-1-150x150.jpg\",\"contentUrl\":\"https:\/\/vieassociative.be\/actualites\/wp-content\/uploads\/2024\/09\/vie-associative-1-150x150.jpg\",\"caption\":\"Julien\"},\"description\":\"Je suis Julien, r\u00e9dacteur pour Vie Associative. Passionn\u00e9 par le monde associatif depuis plus de 10 ans, j'ai \u00e0 c\u0153ur de partager des histoires inspirantes et de mettre en lumi\u00e8re les initiatives locales. Mon objectif est de sensibiliser et d'encourager l'engagement communautaire \u00e0 travers mes articles.\",\"sameAs\":[\"https:\/\/vieassociative.be\/\"]}]}<\/script>\n<!-- \/ Yoast SEO plugin. -->","yoast_head_json":{"title":"Les amortisseurs pour le pr\u00e9sident am\u00e9ricain Donald Trump devant le tribunal: que deviendra les tarifs maintenant? (Questions et r\u00e9ponses) | Vie Associative","robots":{"index":"index","follow":"follow","max-snippet":"max-snippet:-1","max-image-preview":"max-image-preview:large","max-video-preview":"max-video-preview:-1"},"canonical":"https:\/\/vieassociative.be\/actualites\/les-amortisseurs-pour-le-president-americain-donald-trump-devant-le-tribunal-que-deviendra-les-tarifs-maintenant-questions-et-reponses\/","og_locale":"fr_FR","og_type":"article","og_title":"Les amortisseurs pour le pr\u00e9sident am\u00e9ricain Donald Trump devant le tribunal: que deviendra les tarifs maintenant? (Questions et r\u00e9ponses) | Vie Associative","og_description":"La politique de douane agressive de Donald Trump sur les pieds l\u00e9gaux? Le pr\u00e9sident am\u00e9ricain recueille \u00e0 nouveau une d\u00e9faite devant le tribunal. Mais le","og_url":"https:\/\/vieassociative.be\/actualites\/les-amortisseurs-pour-le-president-americain-donald-trump-devant-le-tribunal-que-deviendra-les-tarifs-maintenant-questions-et-reponses\/","og_site_name":"Vie Associative","article_published_time":"2025-08-31T02:17:50+00:00","og_image":[{"width":279,"height":92,"url":"https:\/\/vieassociative.be\/actualites\/wp-content\/uploads\/2024\/09\/header_backgroundk-01-e1726694325946.png","type":"image\/png"}],"author":"Julien","twitter_card":"summary_large_image","twitter_misc":{"\u00c9crit par":"Julien","Dur\u00e9e de lecture est.":"2 minutes"},"schema":{"@context":"https:\/\/schema.org","@graph":[{"@type":"Article","@id":"https:\/\/vieassociative.be\/actualites\/les-amortisseurs-pour-le-president-americain-donald-trump-devant-le-tribunal-que-deviendra-les-tarifs-maintenant-questions-et-reponses\/#article","isPartOf":{"@id":"https:\/\/vieassociative.be\/actualites\/les-amortisseurs-pour-le-president-americain-donald-trump-devant-le-tribunal-que-deviendra-les-tarifs-maintenant-questions-et-reponses\/"},"author":{"name":"Julien","@id":"https:\/\/vieassociative.be\/actualites\/#\/schema\/person\/b87ac4f82f9d4e7b7cec7395b679edc4"},"headline":"Les amortisseurs pour le pr\u00e9sident am\u00e9ricain Donald Trump devant le tribunal: que deviendra les tarifs maintenant? (Questions et r\u00e9ponses)","datePublished":"2025-08-31T02:17:50+00:00","dateModified":"2025-08-31T02:17:50+00:00","mainEntityOfPage":{"@id":"https:\/\/vieassociative.be\/actualites\/les-amortisseurs-pour-le-president-americain-donald-trump-devant-le-tribunal-que-deviendra-les-tarifs-maintenant-questions-et-reponses\/"},"wordCount":527,"publisher":{"@id":"https:\/\/vieassociative.be\/actualites\/#organization"},"image":{"@id":"https:\/\/vieassociative.be\/actualites\/les-amortisseurs-pour-le-president-americain-donald-trump-devant-le-tribunal-que-deviendra-les-tarifs-maintenant-questions-et-reponses\/#primaryimage"},"thumbnailUrl":"https:\/\/vieassociative.be\/actualites\/wp-content\/uploads\/2025\/08\/1756606671_Les-amortisseurs-pour-le-president-americain-Donald-Trump-devant-le.jpg","keywords":["am\u00e9ricain","amortisseurs","devant","deviendra","Donald","Les","maintenant","pour","pr\u00e9sident","questions","r\u00e9ponses","tarifs","tribunal","Trump"],"articleSection":["Belgique"],"inLanguage":"fr-BE"},{"@type":"WebPage","@id":"https:\/\/vieassociative.be\/actualites\/les-amortisseurs-pour-le-president-americain-donald-trump-devant-le-tribunal-que-deviendra-les-tarifs-maintenant-questions-et-reponses\/","url":"https:\/\/vieassociative.be\/actualites\/les-amortisseurs-pour-le-president-americain-donald-trump-devant-le-tribunal-que-deviendra-les-tarifs-maintenant-questions-et-reponses\/","name":"Les amortisseurs pour le pr\u00e9sident am\u00e9ricain Donald Trump devant le tribunal: que deviendra les tarifs maintenant? (Questions et r\u00e9ponses) | Vie Associative","isPartOf":{"@id":"https:\/\/vieassociative.be\/actualites\/#website"},"primaryImageOfPage":{"@id":"https:\/\/vieassociative.be\/actualites\/les-amortisseurs-pour-le-president-americain-donald-trump-devant-le-tribunal-que-deviendra-les-tarifs-maintenant-questions-et-reponses\/#primaryimage"},"image":{"@id":"https:\/\/vieassociative.be\/actualites\/les-amortisseurs-pour-le-president-americain-donald-trump-devant-le-tribunal-que-deviendra-les-tarifs-maintenant-questions-et-reponses\/#primaryimage"},"thumbnailUrl":"https:\/\/vieassociative.be\/actualites\/wp-content\/uploads\/2025\/08\/1756606671_Les-amortisseurs-pour-le-president-americain-Donald-Trump-devant-le.jpg","datePublished":"2025-08-31T02:17:50+00:00","dateModified":"2025-08-31T02:17:50+00:00","breadcrumb":{"@id":"https:\/\/vieassociative.be\/actualites\/les-amortisseurs-pour-le-president-americain-donald-trump-devant-le-tribunal-que-deviendra-les-tarifs-maintenant-questions-et-reponses\/#breadcrumb"},"inLanguage":"fr-BE","potentialAction":[{"@type":"ReadAction","target":["https:\/\/vieassociative.be\/actualites\/les-amortisseurs-pour-le-president-americain-donald-trump-devant-le-tribunal-que-deviendra-les-tarifs-maintenant-questions-et-reponses\/"]}]},{"@type":"ImageObject","inLanguage":"fr-BE","@id":"https:\/\/vieassociative.be\/actualites\/les-amortisseurs-pour-le-president-americain-donald-trump-devant-le-tribunal-que-deviendra-les-tarifs-maintenant-questions-et-reponses\/#primaryimage","url":"https:\/\/vieassociative.be\/actualites\/wp-content\/uploads\/2025\/08\/1756606671_Les-amortisseurs-pour-le-president-americain-Donald-Trump-devant-le.jpg","contentUrl":"https:\/\/vieassociative.be\/actualites\/wp-content\/uploads\/2025\/08\/1756606671_Les-amortisseurs-pour-le-president-americain-Donald-Trump-devant-le.jpg","width":1200,"height":800,"caption":"Les amortisseurs pour le pr\u00e9sident am\u00e9ricain Donald Trump devant le tribunal: que deviendra les tarifs maintenant? (Questions et r\u00e9ponses)"},{"@type":"BreadcrumbList","@id":"https:\/\/vieassociative.be\/actualites\/les-amortisseurs-pour-le-president-americain-donald-trump-devant-le-tribunal-que-deviendra-les-tarifs-maintenant-questions-et-reponses\/#breadcrumb","itemListElement":[{"@type":"ListItem","position":1,"name":"Accueil","item":"https:\/\/vieassociative.be\/actualites\/"},{"@type":"ListItem","position":2,"name":"Les amortisseurs pour le pr\u00e9sident am\u00e9ricain Donald Trump devant le tribunal: que deviendra les tarifs maintenant? (Questions et r\u00e9ponses)"}]},{"@type":"WebSite","@id":"https:\/\/vieassociative.be\/actualites\/#website","url":"https:\/\/vieassociative.be\/actualites\/","name":"Vie Associative","description":"","publisher":{"@id":"https:\/\/vieassociative.be\/actualites\/#organization"},"potentialAction":[{"@type":"SearchAction","target":{"@type":"EntryPoint","urlTemplate":"https:\/\/vieassociative.be\/actualites\/?s={search_term_string}"},"query-input":{"@type":"PropertyValueSpecification","valueRequired":true,"valueName":"search_term_string"}}],"inLanguage":"fr-BE"},{"@type":"Organization","@id":"https:\/\/vieassociative.be\/actualites\/#organization","name":"Vie Associative","url":"https:\/\/vieassociative.be\/actualites\/","logo":{"@type":"ImageObject","inLanguage":"fr-BE","@id":"https:\/\/vieassociative.be\/actualites\/#\/schema\/logo\/image\/","url":"https:\/\/vieassociative.be\/actualites\/wp-content\/uploads\/2024\/09\/cropped-vieassociative_favicon.ico.png","contentUrl":"https:\/\/vieassociative.be\/actualites\/wp-content\/uploads\/2024\/09\/cropped-vieassociative_favicon.ico.png","width":512,"height":512,"caption":"Vie Associative"},"image":{"@id":"https:\/\/vieassociative.be\/actualites\/#\/schema\/logo\/image\/"}},{"@type":"Person","@id":"https:\/\/vieassociative.be\/actualites\/#\/schema\/person\/b87ac4f82f9d4e7b7cec7395b679edc4","name":"Julien","image":{"@type":"ImageObject","inLanguage":"fr-BE","@id":"https:\/\/vieassociative.be\/actualites\/#\/schema\/person\/image\/","url":"https:\/\/vieassociative.be\/actualites\/wp-content\/uploads\/2024\/09\/vie-associative-1-150x150.jpg","contentUrl":"https:\/\/vieassociative.be\/actualites\/wp-content\/uploads\/2024\/09\/vie-associative-1-150x150.jpg","caption":"Julien"},"description":"Je suis Julien, r\u00e9dacteur pour Vie Associative. Passionn\u00e9 par le monde associatif depuis plus de 10 ans, j'ai \u00e0 c\u0153ur de partager des histoires inspirantes et de mettre en lumi\u00e8re les initiatives locales. Mon objectif est de sensibiliser et d'encourager l'engagement communautaire \u00e0 travers mes articles.","sameAs":["https:\/\/vieassociative.be\/"]}]}},"_links":{"self":[{"href":"https:\/\/vieassociative.be\/actualites\/wp-json\/wp\/v2\/posts\/9731"}],"collection":[{"href":"https:\/\/vieassociative.be\/actualites\/wp-json\/wp\/v2\/posts"}],"about":[{"href":"https:\/\/vieassociative.be\/actualites\/wp-json\/wp\/v2\/types\/post"}],"author":[{"embeddable":true,"href":"https:\/\/vieassociative.be\/actualites\/wp-json\/wp\/v2\/users\/1"}],"replies":[{"embeddable":true,"href":"https:\/\/vieassociative.be\/actualites\/wp-json\/wp\/v2\/comments?post=9731"}],"version-history":[{"count":0,"href":"https:\/\/vieassociative.be\/actualites\/wp-json\/wp\/v2\/posts\/9731\/revisions"}],"wp:featuredmedia":[{"embeddable":true,"href":"https:\/\/vieassociative.be\/actualites\/wp-json\/wp\/v2\/media\/9732"}],"wp:attachment":[{"href":"https:\/\/vieassociative.be\/actualites\/wp-json\/wp\/v2\/media?parent=9731"}],"wp:term":[{"taxonomy":"category","embeddable":true,"href":"https:\/\/vieassociative.be\/actualites\/wp-json\/wp\/v2\/categories?post=9731"},{"taxonomy":"post_tag","embeddable":true,"href":"https:\/\/vieassociative.be\/actualites\/wp-json\/wp\/v2\/tags?post=9731"}],"curies":[{"name":"wp","href":"https:\/\/api.w.org\/{rel}","templated":true}]}}