{"id":9729,"date":"2025-08-31T03:18:59","date_gmt":"2025-08-31T01:18:59","guid":{"rendered":"https:\/\/vieassociative.be\/actualites\/ce-projecteur-intelligent-de-la-taille-dun-soda-est-de-35-pour-la-fete-du-travail\/"},"modified":"2025-08-31T03:18:59","modified_gmt":"2025-08-31T01:18:59","slug":"ce-projecteur-intelligent-de-la-taille-dun-soda-est-de-35-pour-la-fete-du-travail","status":"publish","type":"post","link":"https:\/\/vieassociative.be\/actualites\/ce-projecteur-intelligent-de-la-taille-dun-soda-est-de-35-pour-la-fete-du-travail\/","title":{"rendered":"Ce projecteur intelligent de la taille d&rsquo;un soda est de 35% pour la f\u00eate du Travail"},"content":{"rendered":"<div class=\"mt-4 leading-6 md:mb-8\">Un minuscule projecteur pour le grand plaisir en plein air (ou int\u00e9rieur).<\/div>\n<p><\/p>\n<p><strong><em>Ventes de la f\u00eate du Travail<\/em><\/strong><em> roulent, et <strong>Vie Associative partage les meilleures ventes<\/strong><\/em><em> Bas\u00e9 sur les revues de produits, les comparaisons et les outils de suivi des prix avant la fin. Vous pouvez aussi <strong>Abonnez-vous \u00e0 notre newsletter shopping<\/strong><\/em><em>Ajouter au panier, pour les meilleures ventes envoy\u00e9es dans votre bo\u00eete de r\u00e9ception.<\/em><\/p>\n<hr>\n<p>C&rsquo;est le week-end de la f\u00eate du Travail, et les ventes de technologies sont fortes, avec des offres sur les t\u00e9l\u00e9viseurs, les iPads, les tablettes et certains \u00e9couteurs. Si vous cherchez \u00e0 mettre \u00e0 niveau vos soir\u00e9es cin\u00e9ma, le projecteur Air Capsule Nebula est maintenant \u00e0 35% sur Amazon. Parfait pour un moment de cin\u00e9ma en plein air dans votre arri\u00e8re-cour ou lors d&rsquo;un voyage de camping, ce mini projecteur de la taille de Soda CAN d&rsquo;Anker est une alternative \u00e0 l&rsquo;\u00e9conomie d&rsquo;espace \u00e0 un t\u00e9l\u00e9viseur.<\/p>\n<div class=\"pogoClear mb-12 mt-10 rounded-md border-2 border-gray-100 py-7 shadow-xl md:py-6\">\n<div class=\"flex flex-wrap justify-between px-7 text-black no-underline md:flex-nowrap md:px-8\">\n<div class=\"order-1 mx-auto flex flex-col justify-center md:order-2 md:ml-4 md:w-full md:grow\">\n<div class=\"block cursor-pointer text-center font-akshar text-2xl font-medium leading-7 text-brand-green duration-200 ease-in-out hover:text-brand-green-700 md:text-left md:text-xl md:leading-6\">N\u00e9buleuse capsule Air Google TV Projecteur\n                <\/div>\n<div class=\"mt-4 hidden md:flex md:justify-between\">\n<div class=\"self-end\">\n<div class=\"mb-0 h-11 md:flex md:flex-col md:justify-center\">\n<div class=\" font-sans leading-4 text-black\">\n<div class=\"flex flex-wrap items-center justify-center gap-1 md:justify-start\">\n        <span class=\"font-bold\"><\/p>\n<p>            259,99 $<br \/>\n                            <span class=\"font-medium\">\u00e0 Amazon<\/span><br \/>\n                    <\/span>\n            <\/div>\n<div class=\"flex items-center justify-center gap-x-1 font-bold md:justify-start\">\n            <span class=\"text-sm line-through\">399,99 $<\/span><br \/>\n            <span class=\"text-sm text-brand-green\">\u00c9conomisez 140,00 $<\/span>\n        <\/div>\n<\/p><\/div>\n<\/p><\/div>\n<\/p><\/div>\n<div class=\"w-44 self-end\">\n                            <button class=\"flex justify-center items-center w-full bg-brand-green text-white text-base font-sans font-medium rounded-md hover:bg-brand-green-700 hover:cursor-pointer md:text-sm h-11\"><\/p>\n<p>    Conclure un accord<br \/>\n<\/button>\n                        <\/div>\n<\/p><\/div>\n<\/p><\/div>\n<div class=\"order-2 mt-5 h-auto w-full md:order-1 md:mt-0 md:hidden\">\n<div class=\"flex aspect-video items-center justify-center\">\n                                            <img decoding=\"async\" class=\"m-0 max-h-full max-w-full rounded-md\" src=\"https:\/\/vieassociative.be\/actualites\/wp-content\/uploads\/2025\/08\/Ce-projecteur-intelligent-de-la-taille-dun-soda-est-de.jpg\" alt=\"N\u00e9buleuse capsule Air Google TV Projecteur\" width=\"auto\" height=\"auto\" loading=\"lazy\">\n                                    <\/div>\n<\/p><\/div>\n<div class=\"order-2 ml-2 hidden w-32 shrink-0 items-center md:order-1 md:ml-0 md:flex\">\n<div class=\"flex aspect-video items-center justify-center\">\n                                            <img decoding=\"async\" class=\"m-0 max-h-full max-w-full rounded-md\" src=\"https:\/\/vieassociative.be\/actualites\/wp-content\/uploads\/2025\/08\/Ce-projecteur-intelligent-de-la-taille-dun-soda-est-de.jpg\" alt=\"N\u00e9buleuse capsule Air Google TV Projecteur\" width=\"auto\" height=\"auto\" loading=\"lazy\">\n                                    <\/div>\n<\/p><\/div>\n<div class=\"order-3 flex grow flex-wrap md:hidden md:grow-0\">\n<div class=\"mt-4 w-full\">\n                        <button class=\"flex justify-center items-center w-full bg-brand-green text-white text-base font-sans font-medium rounded-md hover:bg-brand-green-700 hover:cursor-pointer md:text-sm h-11\"><\/p>\n<p>    Conclure un accord<br \/>\n<\/button>\n                    <\/div>\n<div class=\"mx-2 mt-4 w-full\">\n<div class=\" font-sans leading-4 text-black\">\n<div class=\"flex flex-wrap items-center justify-center gap-1 md:justify-start\">\n        <span class=\"font-bold\"><\/p>\n<p>            259,99 $<br \/>\n                            <span class=\"font-medium\">\u00e0 Amazon<\/span><br \/>\n                    <\/span>\n            <\/div>\n<div class=\"flex items-center justify-center gap-x-1 font-bold md:justify-start\">\n            <span class=\"text-sm line-through\">399,99 $<\/span><br \/>\n            <span class=\"text-sm text-brand-green\">\u00c9conomisez 140,00 $<\/span>\n        <\/div>\n<\/p><\/div>\n<\/p><\/div>\n<\/p><\/div>\n<\/p><\/div>\n<\/div>\n<p>Pesant 1,43 livres, la portabilit\u00e9 est un excellent avantage pour ce projecteur intelligent portable aliment\u00e9 par batterie. La pi\u00e8ce jointe incluse permet au projecteur de \u00abvous pencher en arri\u00e8re\u00bb afin que vous puissiez projeter directement au plafond si vous pr\u00e9f\u00e9rez.<\/p>\n<p>La capsule Air offre jusqu&rsquo;\u00e0 2 heures de jeu de sa batterie de 34Wh, donc m\u00eame si elle peut g\u00e9rer un seul film ou quelques \u00e9pisodes, il ne suffit pas pour une fr\u00e9n\u00e9sie Netflix. Avec Google TV int\u00e9gr\u00e9, il prend en charge plus de 30 000 applications sur Google Play, \u00e9liminant la n\u00e9cessit\u00e9 d&rsquo;un dispositif de streaming externe. Bien que la qualit\u00e9 de l&rsquo;image ne soit pas compl\u00e8te, elle est assez dynamique \u00e0 720p, avec une pr\u00e9cision de couleurs d\u00e9cente (vous pouvez lire du contenu jusqu&rsquo;\u00e0 1080p, qui sera automatiquement converti, selon cette \u00ab\u00a0excellente\u00a0\u00bb revue PCMAG.) Il a 150 anneaux ANSI de luminosit\u00e9, ce qui signifie que vous obtiendrez la meilleure exp\u00e9rience de visionnement dans un r\u00e9glage sombre, et il peut ne pas fonctionner bien dans des salles plus fortes. <\/p>\n<p>Les utilisateurs signalent que le haut-parleur int\u00e9gr\u00e9 n&rsquo;est pas tr\u00e8s fort, vous devrez peut-\u00eatre le coupler avec un haut-parleur Bluetooth suppl\u00e9mentaire. Mais si vous n&rsquo;avez pas besoin de visuels HD ultra-adrand\u00e9s et que vous pouvez vivre avec la dur\u00e9e de vie de la batterie plus courte, le projecteur Air Capsule Nebula est un choix compact pour le divertissement en d\u00e9placement.<\/p>\n","protected":false},"excerpt":{"rendered":"<p>Un minuscule projecteur pour le grand plaisir en plein air (ou int\u00e9rieur). Ventes de la f\u00eate du Travail roulent, et Vie Associative partage les meilleures<\/p>\n","protected":false},"author":1,"featured_media":9730,"comment_status":"","ping_status":"","sticky":false,"template":"","format":"standard","meta":{"footnotes":""},"categories":[13],"tags":[354,76,1485,3557,81,1560,5449,4343,504],"class_list":["post-9729","post","type-post","status-publish","format-standard","has-post-thumbnail","hentry","category-technologie","tag-dun","tag-est","tag-fete","tag-intelligent","tag-pour","tag-projecteur","tag-soda","tag-taille","tag-travail","generate-columns","tablet-grid-50","mobile-grid-100","grid-parent","grid-33"],"yoast_head":"<!-- This site is optimized with the Yoast SEO plugin v24.0 - https:\/\/yoast.com\/wordpress\/plugins\/seo\/ -->\n<title>Ce projecteur intelligent de la taille d&#039;un soda est de 35% pour la f\u00eate du Travail | Vie Associative<\/title>\n<meta name=\"robots\" content=\"index, follow, max-snippet:-1, max-image-preview:large, max-video-preview:-1\" \/>\n<link rel=\"canonical\" href=\"https:\/\/vieassociative.be\/actualites\/ce-projecteur-intelligent-de-la-taille-dun-soda-est-de-35-pour-la-fete-du-travail\/\" \/>\n<meta property=\"og:locale\" content=\"fr_FR\" \/>\n<meta property=\"og:type\" content=\"article\" \/>\n<meta property=\"og:title\" content=\"Ce projecteur intelligent de la taille d&#039;un soda est de 35% pour la f\u00eate du Travail | Vie Associative\" \/>\n<meta property=\"og:description\" content=\"Un minuscule projecteur pour le grand plaisir en plein air (ou int\u00e9rieur). Ventes de la f\u00eate du Travail roulent, et Vie Associative partage les meilleures\" \/>\n<meta property=\"og:url\" content=\"https:\/\/vieassociative.be\/actualites\/ce-projecteur-intelligent-de-la-taille-dun-soda-est-de-35-pour-la-fete-du-travail\/\" \/>\n<meta property=\"og:site_name\" content=\"Vie Associative\" \/>\n<meta property=\"article:published_time\" content=\"2025-08-31T01:18:59+00:00\" \/>\n<meta property=\"og:image\" content=\"https:\/\/vieassociative.be\/actualites\/wp-content\/uploads\/2025\/08\/Ce-projecteur-intelligent-de-la-taille-dun-soda-est-de.jpg\" \/>\n<meta name=\"author\" content=\"Julien\" \/>\n<meta name=\"twitter:card\" content=\"summary_large_image\" \/>\n<meta name=\"twitter:label1\" content=\"\u00c9crit par\" \/>\n\t<meta name=\"twitter:data1\" content=\"Julien\" \/>\n\t<meta name=\"twitter:label2\" content=\"Dur\u00e9e de lecture est.\" \/>\n\t<meta name=\"twitter:data2\" content=\"2 minutes\" \/>\n<script type=\"application\/ld+json\" class=\"yoast-schema-graph\">{\"@context\":\"https:\/\/schema.org\",\"@graph\":[{\"@type\":\"Article\",\"@id\":\"https:\/\/vieassociative.be\/actualites\/ce-projecteur-intelligent-de-la-taille-dun-soda-est-de-35-pour-la-fete-du-travail\/#article\",\"isPartOf\":{\"@id\":\"https:\/\/vieassociative.be\/actualites\/ce-projecteur-intelligent-de-la-taille-dun-soda-est-de-35-pour-la-fete-du-travail\/\"},\"author\":{\"name\":\"Julien\",\"@id\":\"https:\/\/vieassociative.be\/actualites\/#\/schema\/person\/b87ac4f82f9d4e7b7cec7395b679edc4\"},\"headline\":\"Ce projecteur intelligent de la taille d&rsquo;un soda est de 35% pour la f\u00eate du Travail\",\"datePublished\":\"2025-08-31T01:18:59+00:00\",\"dateModified\":\"2025-08-31T01:18:59+00:00\",\"mainEntityOfPage\":{\"@id\":\"https:\/\/vieassociative.be\/actualites\/ce-projecteur-intelligent-de-la-taille-dun-soda-est-de-35-pour-la-fete-du-travail\/\"},\"wordCount\":447,\"publisher\":{\"@id\":\"https:\/\/vieassociative.be\/actualites\/#organization\"},\"image\":{\"@id\":\"https:\/\/vieassociative.be\/actualites\/ce-projecteur-intelligent-de-la-taille-dun-soda-est-de-35-pour-la-fete-du-travail\/#primaryimage\"},\"thumbnailUrl\":\"https:\/\/vieassociative.be\/actualites\/wp-content\/uploads\/2025\/08\/Ce-projecteur-intelligent-de-la-taille-dun-soda-est-de.png\",\"keywords\":[\"dun\",\"est\",\"f\u00eate\",\"intelligent\",\"pour\",\"projecteur\",\"soda\",\"taille\",\"travail\"],\"articleSection\":[\"Technologie\"],\"inLanguage\":\"fr-BE\"},{\"@type\":\"WebPage\",\"@id\":\"https:\/\/vieassociative.be\/actualites\/ce-projecteur-intelligent-de-la-taille-dun-soda-est-de-35-pour-la-fete-du-travail\/\",\"url\":\"https:\/\/vieassociative.be\/actualites\/ce-projecteur-intelligent-de-la-taille-dun-soda-est-de-35-pour-la-fete-du-travail\/\",\"name\":\"Ce projecteur intelligent de la taille d'un soda est de 35% pour la f\u00eate du Travail | Vie Associative\",\"isPartOf\":{\"@id\":\"https:\/\/vieassociative.be\/actualites\/#website\"},\"primaryImageOfPage\":{\"@id\":\"https:\/\/vieassociative.be\/actualites\/ce-projecteur-intelligent-de-la-taille-dun-soda-est-de-35-pour-la-fete-du-travail\/#primaryimage\"},\"image\":{\"@id\":\"https:\/\/vieassociative.be\/actualites\/ce-projecteur-intelligent-de-la-taille-dun-soda-est-de-35-pour-la-fete-du-travail\/#primaryimage\"},\"thumbnailUrl\":\"https:\/\/vieassociative.be\/actualites\/wp-content\/uploads\/2025\/08\/Ce-projecteur-intelligent-de-la-taille-dun-soda-est-de.png\",\"datePublished\":\"2025-08-31T01:18:59+00:00\",\"dateModified\":\"2025-08-31T01:18:59+00:00\",\"breadcrumb\":{\"@id\":\"https:\/\/vieassociative.be\/actualites\/ce-projecteur-intelligent-de-la-taille-dun-soda-est-de-35-pour-la-fete-du-travail\/#breadcrumb\"},\"inLanguage\":\"fr-BE\",\"potentialAction\":[{\"@type\":\"ReadAction\",\"target\":[\"https:\/\/vieassociative.be\/actualites\/ce-projecteur-intelligent-de-la-taille-dun-soda-est-de-35-pour-la-fete-du-travail\/\"]}]},{\"@type\":\"ImageObject\",\"inLanguage\":\"fr-BE\",\"@id\":\"https:\/\/vieassociative.be\/actualites\/ce-projecteur-intelligent-de-la-taille-dun-soda-est-de-35-pour-la-fete-du-travail\/#primaryimage\",\"url\":\"https:\/\/vieassociative.be\/actualites\/wp-content\/uploads\/2025\/08\/Ce-projecteur-intelligent-de-la-taille-dun-soda-est-de.png\",\"contentUrl\":\"https:\/\/vieassociative.be\/actualites\/wp-content\/uploads\/2025\/08\/Ce-projecteur-intelligent-de-la-taille-dun-soda-est-de.png\",\"width\":1200,\"height\":675,\"caption\":\"Ce projecteur intelligent de la taille d'un soda est de 35% pour la f\u00eate du Travail\"},{\"@type\":\"BreadcrumbList\",\"@id\":\"https:\/\/vieassociative.be\/actualites\/ce-projecteur-intelligent-de-la-taille-dun-soda-est-de-35-pour-la-fete-du-travail\/#breadcrumb\",\"itemListElement\":[{\"@type\":\"ListItem\",\"position\":1,\"name\":\"Accueil\",\"item\":\"https:\/\/vieassociative.be\/actualites\/\"},{\"@type\":\"ListItem\",\"position\":2,\"name\":\"Ce projecteur intelligent de la taille d&rsquo;un soda est de 35% pour la f\u00eate du Travail\"}]},{\"@type\":\"WebSite\",\"@id\":\"https:\/\/vieassociative.be\/actualites\/#website\",\"url\":\"https:\/\/vieassociative.be\/actualites\/\",\"name\":\"Vie Associative\",\"description\":\"\",\"publisher\":{\"@id\":\"https:\/\/vieassociative.be\/actualites\/#organization\"},\"potentialAction\":[{\"@type\":\"SearchAction\",\"target\":{\"@type\":\"EntryPoint\",\"urlTemplate\":\"https:\/\/vieassociative.be\/actualites\/?s={search_term_string}\"},\"query-input\":{\"@type\":\"PropertyValueSpecification\",\"valueRequired\":true,\"valueName\":\"search_term_string\"}}],\"inLanguage\":\"fr-BE\"},{\"@type\":\"Organization\",\"@id\":\"https:\/\/vieassociative.be\/actualites\/#organization\",\"name\":\"Vie Associative\",\"url\":\"https:\/\/vieassociative.be\/actualites\/\",\"logo\":{\"@type\":\"ImageObject\",\"inLanguage\":\"fr-BE\",\"@id\":\"https:\/\/vieassociative.be\/actualites\/#\/schema\/logo\/image\/\",\"url\":\"https:\/\/vieassociative.be\/actualites\/wp-content\/uploads\/2024\/09\/cropped-vieassociative_favicon.ico.png\",\"contentUrl\":\"https:\/\/vieassociative.be\/actualites\/wp-content\/uploads\/2024\/09\/cropped-vieassociative_favicon.ico.png\",\"width\":512,\"height\":512,\"caption\":\"Vie Associative\"},\"image\":{\"@id\":\"https:\/\/vieassociative.be\/actualites\/#\/schema\/logo\/image\/\"}},{\"@type\":\"Person\",\"@id\":\"https:\/\/vieassociative.be\/actualites\/#\/schema\/person\/b87ac4f82f9d4e7b7cec7395b679edc4\",\"name\":\"Julien\",\"image\":{\"@type\":\"ImageObject\",\"inLanguage\":\"fr-BE\",\"@id\":\"https:\/\/vieassociative.be\/actualites\/#\/schema\/person\/image\/\",\"url\":\"https:\/\/vieassociative.be\/actualites\/wp-content\/uploads\/2024\/09\/vie-associative-1-150x150.jpg\",\"contentUrl\":\"https:\/\/vieassociative.be\/actualites\/wp-content\/uploads\/2024\/09\/vie-associative-1-150x150.jpg\",\"caption\":\"Julien\"},\"description\":\"Je suis Julien, r\u00e9dacteur pour Vie Associative. Passionn\u00e9 par le monde associatif depuis plus de 10 ans, j'ai \u00e0 c\u0153ur de partager des histoires inspirantes et de mettre en lumi\u00e8re les initiatives locales. Mon objectif est de sensibiliser et d'encourager l'engagement communautaire \u00e0 travers mes articles.\",\"sameAs\":[\"https:\/\/vieassociative.be\/\"]}]}<\/script>\n<!-- \/ Yoast SEO plugin. -->","yoast_head_json":{"title":"Ce projecteur intelligent de la taille d'un soda est de 35% pour la f\u00eate du Travail | Vie Associative","robots":{"index":"index","follow":"follow","max-snippet":"max-snippet:-1","max-image-preview":"max-image-preview:large","max-video-preview":"max-video-preview:-1"},"canonical":"https:\/\/vieassociative.be\/actualites\/ce-projecteur-intelligent-de-la-taille-dun-soda-est-de-35-pour-la-fete-du-travail\/","og_locale":"fr_FR","og_type":"article","og_title":"Ce projecteur intelligent de la taille d'un soda est de 35% pour la f\u00eate du Travail | Vie Associative","og_description":"Un minuscule projecteur pour le grand plaisir en plein air (ou int\u00e9rieur). Ventes de la f\u00eate du Travail roulent, et Vie Associative partage les meilleures","og_url":"https:\/\/vieassociative.be\/actualites\/ce-projecteur-intelligent-de-la-taille-dun-soda-est-de-35-pour-la-fete-du-travail\/","og_site_name":"Vie Associative","article_published_time":"2025-08-31T01:18:59+00:00","og_image":[{"url":"https:\/\/vieassociative.be\/actualites\/wp-content\/uploads\/2025\/08\/Ce-projecteur-intelligent-de-la-taille-dun-soda-est-de.jpg","type":"","width":"","height":""}],"author":"Julien","twitter_card":"summary_large_image","twitter_misc":{"\u00c9crit par":"Julien","Dur\u00e9e de lecture est.":"2 minutes"},"schema":{"@context":"https:\/\/schema.org","@graph":[{"@type":"Article","@id":"https:\/\/vieassociative.be\/actualites\/ce-projecteur-intelligent-de-la-taille-dun-soda-est-de-35-pour-la-fete-du-travail\/#article","isPartOf":{"@id":"https:\/\/vieassociative.be\/actualites\/ce-projecteur-intelligent-de-la-taille-dun-soda-est-de-35-pour-la-fete-du-travail\/"},"author":{"name":"Julien","@id":"https:\/\/vieassociative.be\/actualites\/#\/schema\/person\/b87ac4f82f9d4e7b7cec7395b679edc4"},"headline":"Ce projecteur intelligent de la taille d&rsquo;un soda est de 35% pour la f\u00eate du Travail","datePublished":"2025-08-31T01:18:59+00:00","dateModified":"2025-08-31T01:18:59+00:00","mainEntityOfPage":{"@id":"https:\/\/vieassociative.be\/actualites\/ce-projecteur-intelligent-de-la-taille-dun-soda-est-de-35-pour-la-fete-du-travail\/"},"wordCount":447,"publisher":{"@id":"https:\/\/vieassociative.be\/actualites\/#organization"},"image":{"@id":"https:\/\/vieassociative.be\/actualites\/ce-projecteur-intelligent-de-la-taille-dun-soda-est-de-35-pour-la-fete-du-travail\/#primaryimage"},"thumbnailUrl":"https:\/\/vieassociative.be\/actualites\/wp-content\/uploads\/2025\/08\/Ce-projecteur-intelligent-de-la-taille-dun-soda-est-de.png","keywords":["dun","est","f\u00eate","intelligent","pour","projecteur","soda","taille","travail"],"articleSection":["Technologie"],"inLanguage":"fr-BE"},{"@type":"WebPage","@id":"https:\/\/vieassociative.be\/actualites\/ce-projecteur-intelligent-de-la-taille-dun-soda-est-de-35-pour-la-fete-du-travail\/","url":"https:\/\/vieassociative.be\/actualites\/ce-projecteur-intelligent-de-la-taille-dun-soda-est-de-35-pour-la-fete-du-travail\/","name":"Ce projecteur intelligent de la taille d'un soda est de 35% pour la f\u00eate du Travail | Vie Associative","isPartOf":{"@id":"https:\/\/vieassociative.be\/actualites\/#website"},"primaryImageOfPage":{"@id":"https:\/\/vieassociative.be\/actualites\/ce-projecteur-intelligent-de-la-taille-dun-soda-est-de-35-pour-la-fete-du-travail\/#primaryimage"},"image":{"@id":"https:\/\/vieassociative.be\/actualites\/ce-projecteur-intelligent-de-la-taille-dun-soda-est-de-35-pour-la-fete-du-travail\/#primaryimage"},"thumbnailUrl":"https:\/\/vieassociative.be\/actualites\/wp-content\/uploads\/2025\/08\/Ce-projecteur-intelligent-de-la-taille-dun-soda-est-de.png","datePublished":"2025-08-31T01:18:59+00:00","dateModified":"2025-08-31T01:18:59+00:00","breadcrumb":{"@id":"https:\/\/vieassociative.be\/actualites\/ce-projecteur-intelligent-de-la-taille-dun-soda-est-de-35-pour-la-fete-du-travail\/#breadcrumb"},"inLanguage":"fr-BE","potentialAction":[{"@type":"ReadAction","target":["https:\/\/vieassociative.be\/actualites\/ce-projecteur-intelligent-de-la-taille-dun-soda-est-de-35-pour-la-fete-du-travail\/"]}]},{"@type":"ImageObject","inLanguage":"fr-BE","@id":"https:\/\/vieassociative.be\/actualites\/ce-projecteur-intelligent-de-la-taille-dun-soda-est-de-35-pour-la-fete-du-travail\/#primaryimage","url":"https:\/\/vieassociative.be\/actualites\/wp-content\/uploads\/2025\/08\/Ce-projecteur-intelligent-de-la-taille-dun-soda-est-de.png","contentUrl":"https:\/\/vieassociative.be\/actualites\/wp-content\/uploads\/2025\/08\/Ce-projecteur-intelligent-de-la-taille-dun-soda-est-de.png","width":1200,"height":675,"caption":"Ce projecteur intelligent de la taille d'un soda est de 35% pour la f\u00eate du Travail"},{"@type":"BreadcrumbList","@id":"https:\/\/vieassociative.be\/actualites\/ce-projecteur-intelligent-de-la-taille-dun-soda-est-de-35-pour-la-fete-du-travail\/#breadcrumb","itemListElement":[{"@type":"ListItem","position":1,"name":"Accueil","item":"https:\/\/vieassociative.be\/actualites\/"},{"@type":"ListItem","position":2,"name":"Ce projecteur intelligent de la taille d&rsquo;un soda est de 35% pour la f\u00eate du Travail"}]},{"@type":"WebSite","@id":"https:\/\/vieassociative.be\/actualites\/#website","url":"https:\/\/vieassociative.be\/actualites\/","name":"Vie Associative","description":"","publisher":{"@id":"https:\/\/vieassociative.be\/actualites\/#organization"},"potentialAction":[{"@type":"SearchAction","target":{"@type":"EntryPoint","urlTemplate":"https:\/\/vieassociative.be\/actualites\/?s={search_term_string}"},"query-input":{"@type":"PropertyValueSpecification","valueRequired":true,"valueName":"search_term_string"}}],"inLanguage":"fr-BE"},{"@type":"Organization","@id":"https:\/\/vieassociative.be\/actualites\/#organization","name":"Vie Associative","url":"https:\/\/vieassociative.be\/actualites\/","logo":{"@type":"ImageObject","inLanguage":"fr-BE","@id":"https:\/\/vieassociative.be\/actualites\/#\/schema\/logo\/image\/","url":"https:\/\/vieassociative.be\/actualites\/wp-content\/uploads\/2024\/09\/cropped-vieassociative_favicon.ico.png","contentUrl":"https:\/\/vieassociative.be\/actualites\/wp-content\/uploads\/2024\/09\/cropped-vieassociative_favicon.ico.png","width":512,"height":512,"caption":"Vie Associative"},"image":{"@id":"https:\/\/vieassociative.be\/actualites\/#\/schema\/logo\/image\/"}},{"@type":"Person","@id":"https:\/\/vieassociative.be\/actualites\/#\/schema\/person\/b87ac4f82f9d4e7b7cec7395b679edc4","name":"Julien","image":{"@type":"ImageObject","inLanguage":"fr-BE","@id":"https:\/\/vieassociative.be\/actualites\/#\/schema\/person\/image\/","url":"https:\/\/vieassociative.be\/actualites\/wp-content\/uploads\/2024\/09\/vie-associative-1-150x150.jpg","contentUrl":"https:\/\/vieassociative.be\/actualites\/wp-content\/uploads\/2024\/09\/vie-associative-1-150x150.jpg","caption":"Julien"},"description":"Je suis Julien, r\u00e9dacteur pour Vie Associative. Passionn\u00e9 par le monde associatif depuis plus de 10 ans, j'ai \u00e0 c\u0153ur de partager des histoires inspirantes et de mettre en lumi\u00e8re les initiatives locales. Mon objectif est de sensibiliser et d'encourager l'engagement communautaire \u00e0 travers mes articles.","sameAs":["https:\/\/vieassociative.be\/"]}]}},"_links":{"self":[{"href":"https:\/\/vieassociative.be\/actualites\/wp-json\/wp\/v2\/posts\/9729"}],"collection":[{"href":"https:\/\/vieassociative.be\/actualites\/wp-json\/wp\/v2\/posts"}],"about":[{"href":"https:\/\/vieassociative.be\/actualites\/wp-json\/wp\/v2\/types\/post"}],"author":[{"embeddable":true,"href":"https:\/\/vieassociative.be\/actualites\/wp-json\/wp\/v2\/users\/1"}],"replies":[{"embeddable":true,"href":"https:\/\/vieassociative.be\/actualites\/wp-json\/wp\/v2\/comments?post=9729"}],"version-history":[{"count":0,"href":"https:\/\/vieassociative.be\/actualites\/wp-json\/wp\/v2\/posts\/9729\/revisions"}],"wp:featuredmedia":[{"embeddable":true,"href":"https:\/\/vieassociative.be\/actualites\/wp-json\/wp\/v2\/media\/9730"}],"wp:attachment":[{"href":"https:\/\/vieassociative.be\/actualites\/wp-json\/wp\/v2\/media?parent=9729"}],"wp:term":[{"taxonomy":"category","embeddable":true,"href":"https:\/\/vieassociative.be\/actualites\/wp-json\/wp\/v2\/categories?post=9729"},{"taxonomy":"post_tag","embeddable":true,"href":"https:\/\/vieassociative.be\/actualites\/wp-json\/wp\/v2\/tags?post=9729"}],"curies":[{"name":"wp","href":"https:\/\/api.w.org\/{rel}","templated":true}]}}