{"id":9726,"date":"2025-08-30T22:18:04","date_gmt":"2025-08-30T20:18:04","guid":{"rendered":"https:\/\/vieassociative.be\/actualites\/1-0-plus-tard-frappe-par-nuhu-le-as-eupen-rachete\/"},"modified":"2025-08-30T22:18:04","modified_gmt":"2025-08-30T20:18:04","slug":"1-0-plus-tard-frappe-par-nuhu-le-as-eupen-rachete","status":"publish","type":"post","link":"https:\/\/vieassociative.be\/actualites\/1-0-plus-tard-frappe-par-nuhu-le-as-eupen-rachete\/","title":{"rendered":"1-0 &#8211; Plus tard frapp\u00e9 par Nuhu, le As Eupen rachet\u00e9"},"content":{"rendered":"<p><b>Avec un but tardif d&rsquo;Isaac Nuhu, le club de deuxi\u00e8me division en tant qu&rsquo;Eupen a remport\u00e9 une victoire importante. Le noir et blanc a battu la s\u00e9lection U23 du RSC Anderlecht 1-0 samedi soir.<\/b><\/p>\n<p><span id=\"more-423444\"><\/span>Pour ce match contre les futurs RSC Anderlecht, alors que l&rsquo;entra\u00eeneur-chef Bruno Pinheiro a apport\u00e9 trois changements par rapport \u00e0 la d\u00e9faite 2: 3 chez Lierse SK. Plastun, M\u00fcller et Kasper se d\u00e9placent vers l&rsquo;Eupen commen\u00e7ant par onze, qui s&rsquo;est pr\u00e9sent\u00e9 comme suit:<\/p>\n<p>Hiller-Van Genechten, Paeshuyse, Kennedy, Plastun-M\u00fcller, Busquets, Delaurier-Chaubet, Caliskan-nuhu, Kasper.<\/p>\n<div id=\"attachment_422095\" class=\"wp-caption alignleft\" style=\"max-width: 300px\"><img fetchpriority=\"high\" decoding=\"async\" class=\"wp-image-422095 size-medium\" src=\"https:\/\/vieassociative.be\/actualites\/wp-content\/uploads\/2025\/08\/2-0-Debut-de-la-victoire-pour-As-Eupen-contre-FC.jpg\" alt=\"\" width=\"300\" height=\"200\"><\/div>\n<p>Dans la phase initiale, c&rsquo;\u00e9tait surtout les invit\u00e9s qui ont laiss\u00e9 le ballon courir, mais sans provoquer le danger dans la zone de p\u00e9nalit\u00e9 d&rsquo;Eupen, seulement apr\u00e8s dix minutes, les futurs d&rsquo;Anderlecht sont venus dans un coin. Peu de temps apr\u00e8s, Paeshuyse a fait une perte de balle imprudente, l&rsquo;Eupen aurait pu co\u00fbter cher. Heureusement pour le capitaine et l&rsquo;AS, Kanate n&rsquo;a pas pu profiter de cette opportunit\u00e9. Hiller n&rsquo;a eu aucun probl\u00e8me avec le tir inoffensif dans le but AS.<\/p>\n<p>Apr\u00e8s pr\u00e8s d&rsquo;un quart d&rsquo;heure, Kasper vient au ballon, mais sans pouvoir assurer l&rsquo;objectif. \u00c0 la 25e minute, il est devenu dangereux lorsque Nuhu Van Genechs a jou\u00e9 dans la surface de p\u00e9nalit\u00e9, mais la droite de la As As chass\u00e9 le cuir sur le but.<\/p>\n<p>L&rsquo;interaction \u00e9tait meilleure avec les invit\u00e9s que dans les rang\u00e9es d&rsquo;Eupen, et apr\u00e8s 30 bonnes minutes, il a br\u00fbl\u00e9 deux fois dans la zone de p\u00e9nalit\u00e9 d&rsquo;Eupen apr\u00e8s un flanc pointu de la droite \u00e0 travers la vue rapide d&rsquo;Onia. Dans la deuxi\u00e8me tentative, le cvetkovic de Sturmspitze d&rsquo;Aderlecht \u00e9tait proche du but.<\/p>\n<p>Le 0-0 \u00e9tait un peu flatteur pour Eupen \u00e0 ce stade. Peu de temps apr\u00e8s, Kasper n&rsquo;a pas pu b\u00e9n\u00e9ficier d&rsquo;une perte inutile de balle de l&rsquo;autre d\u00e9fense contre Storm seul sur le but adverse.<\/p>\n<\/p>\n<div id=\"attachment_423464\" class=\"wp-caption alignleft\" style=\"max-width: 300px\"><img decoding=\"async\" class=\"wp-image-423464 size-medium\" src=\"https:\/\/vieassociative.be\/actualites\/wp-content\/uploads\/2025\/08\/1-0-Plus-tard-frappe-par-Nuhu-le-As-Eupen.jpg\" alt=\"\" width=\"300\" height=\"200\"><\/div>\n<p>En g\u00e9n\u00e9ral, l&rsquo;As a fait trop de pertes de balle dans la structure du jeu, de sorte que les futurs Anderlecht pourraient toujours d\u00e9finir de nouvelles attaques. Mais il est rest\u00e9 jusqu&rsquo;\u00e0 la pause siffle \u00e0 0-0.<\/p>\n<p>Au d\u00e9but de la seconde moiti\u00e9, l&rsquo;\u00e9quipe d&rsquo;Eupen \u00e9tait d\u00e9termin\u00e9e \u00e0 exercer plus de domination qu&rsquo;au premier tour. N\u00e9anmoins, l&rsquo;entra\u00eeneur Pinheiro n&rsquo;\u00e9tait pas satisfait, car \u00e0 la 54e minute, il y a eu un double changement dans l&rsquo;\u00e9quipe AS: Ateri est venue pour Kasper et M\u00f6hwald pour Caliskan.<\/p>\n<p>Atteri a \u00e9galement eu imm\u00e9diatement une bonne sc\u00e8ne quand il a servi Van g\u00e9n\u00e9reusement dans la zone de p\u00e9nalit\u00e9 d&rsquo;Anderlechte, mais dont le tir a bien pass\u00e9 au-dessus de la porte des invit\u00e9s.<\/p>\n<p>Eupen a eu une autre chance \u00e0 la 66e minute. Cette fois, M\u00f6hwald M\u00fcller a fait allusion, mais son tir est \u00e9galement all\u00e9 loin. \u00c0 la 70e minute, le m\u00eame M\u00fcller avait une autre option. Cette fois, il a rat\u00e9 de peu le but.<\/p>\n<p>Eupen a \u00e9t\u00e9 r\u00e9compens\u00e9 dans la phase finale: \u00e0 la 82e minute, Nuhu a obtenu le but de 1-0 apr\u00e8s qu&rsquo;Atteri ait conquis le ballon dans une foule dans la surface de p\u00e9nalit\u00e9 de l&rsquo;Anderlechter, qui, avec chance, est venu \u00e0 Nuhu, qui n&rsquo;a pas manqu\u00e9 cette chance.<\/p>\n<p>Au cours des derni\u00e8res minutes, il est revenu mouvement\u00e9, mais Hiller a gard\u00e9 sa bo\u00eete propre. Au cours des derni\u00e8res minutes, l&rsquo;entra\u00eeneur Pinheiro a chang\u00e9 les nouveaux arrivants Bokadi, qui doit continuer \u00e0 stabiliser la d\u00e9fense d&rsquo;Eupen, en particulier \u00e0 l&rsquo;avenir. Il est rest\u00e9 avec la victoire 1-0 \u00e9troite de l&rsquo;As Eupen.<\/p>\n<p>Samedi prochain, 6 septembre, le noir et blanc entrera dans la Coupe d&rsquo;\u00c9tat. L&rsquo;adversaire est le KVC de Toekomst Borsbek de la 1\u00e8re classe provinciale East Flanders. \u00c9tant donn\u00e9 que le stade Borsbeke ne r\u00e9pond pas aux normes pour recevoir un club professionnel, la rencontre aura lieu \u00e0 Eupen. Le 13 septembre, le championnat se poursuivra avec un match \u00e0 l&rsquo;ext\u00e9rieur aux Francs Borains. (Cre)<\/p>\n","protected":false},"excerpt":{"rendered":"<p>Avec un but tardif d&rsquo;Isaac Nuhu, le club de deuxi\u00e8me division en tant qu&rsquo;Eupen a remport\u00e9 une victoire importante. Le noir et blanc a battu<\/p>\n","protected":false},"author":1,"featured_media":9727,"comment_status":"","ping_status":"","sticky":false,"template":"","format":"standard","meta":{"footnotes":""},"categories":[298],"tags":[2329,4403,8357,676,8358,2483],"class_list":["post-9726","post","type-post","status-publish","format-standard","has-post-thumbnail","hentry","category-belgique","tag-eupen","tag-frappe","tag-nuhu","tag-par","tag-rachete","tag-tard","generate-columns","tablet-grid-50","mobile-grid-100","grid-parent","grid-33"],"yoast_head":"<!-- This site is optimized with the Yoast SEO plugin v24.0 - https:\/\/yoast.com\/wordpress\/plugins\/seo\/ -->\n<title>1-0 - Plus tard frapp\u00e9 par Nuhu, le As Eupen rachet\u00e9 | Vie Associative<\/title>\n<meta name=\"robots\" content=\"index, follow, max-snippet:-1, max-image-preview:large, max-video-preview:-1\" \/>\n<link rel=\"canonical\" href=\"https:\/\/vieassociative.be\/actualites\/1-0-plus-tard-frappe-par-nuhu-le-as-eupen-rachete\/\" \/>\n<meta property=\"og:locale\" content=\"fr_FR\" \/>\n<meta property=\"og:type\" content=\"article\" \/>\n<meta property=\"og:title\" content=\"1-0 - Plus tard frapp\u00e9 par Nuhu, le As Eupen rachet\u00e9 | Vie Associative\" \/>\n<meta property=\"og:description\" content=\"Avec un but tardif d&rsquo;Isaac Nuhu, le club de deuxi\u00e8me division en tant qu&rsquo;Eupen a remport\u00e9 une victoire importante. Le noir et blanc a battu\" \/>\n<meta property=\"og:url\" content=\"https:\/\/vieassociative.be\/actualites\/1-0-plus-tard-frappe-par-nuhu-le-as-eupen-rachete\/\" \/>\n<meta property=\"og:site_name\" content=\"Vie Associative\" \/>\n<meta property=\"article:published_time\" content=\"2025-08-30T20:18:04+00:00\" \/>\n<meta property=\"og:image\" content=\"https:\/\/vieassociative.be\/actualites\/wp-content\/uploads\/2024\/09\/header_backgroundk-01-e1726694325946.png\" \/>\n\t<meta property=\"og:image:width\" content=\"279\" \/>\n\t<meta property=\"og:image:height\" content=\"92\" \/>\n\t<meta property=\"og:image:type\" content=\"image\/png\" \/>\n<meta name=\"author\" content=\"Julien\" \/>\n<meta name=\"twitter:card\" content=\"summary_large_image\" \/>\n<meta name=\"twitter:label1\" content=\"\u00c9crit par\" \/>\n\t<meta name=\"twitter:data1\" content=\"Julien\" \/>\n\t<meta name=\"twitter:label2\" content=\"Dur\u00e9e de lecture est.\" \/>\n\t<meta name=\"twitter:data2\" content=\"3 minutes\" \/>\n<script type=\"application\/ld+json\" class=\"yoast-schema-graph\">{\"@context\":\"https:\/\/schema.org\",\"@graph\":[{\"@type\":\"Article\",\"@id\":\"https:\/\/vieassociative.be\/actualites\/1-0-plus-tard-frappe-par-nuhu-le-as-eupen-rachete\/#article\",\"isPartOf\":{\"@id\":\"https:\/\/vieassociative.be\/actualites\/1-0-plus-tard-frappe-par-nuhu-le-as-eupen-rachete\/\"},\"author\":{\"name\":\"Julien\",\"@id\":\"https:\/\/vieassociative.be\/actualites\/#\/schema\/person\/b87ac4f82f9d4e7b7cec7395b679edc4\"},\"headline\":\"1-0 &#8211; Plus tard frapp\u00e9 par Nuhu, le As Eupen rachet\u00e9\",\"datePublished\":\"2025-08-30T20:18:04+00:00\",\"dateModified\":\"2025-08-30T20:18:04+00:00\",\"mainEntityOfPage\":{\"@id\":\"https:\/\/vieassociative.be\/actualites\/1-0-plus-tard-frappe-par-nuhu-le-as-eupen-rachete\/\"},\"wordCount\":718,\"publisher\":{\"@id\":\"https:\/\/vieassociative.be\/actualites\/#organization\"},\"image\":{\"@id\":\"https:\/\/vieassociative.be\/actualites\/1-0-plus-tard-frappe-par-nuhu-le-as-eupen-rachete\/#primaryimage\"},\"thumbnailUrl\":\"https:\/\/vieassociative.be\/actualites\/wp-content\/uploads\/2025\/08\/1756585085_1-0-Plus-tard-frappe-par-Nuhu-le-As-Eupen.jpg\",\"keywords\":[\"Eupen\",\"frappe\",\"Nuhu\",\"par\",\"rachet\u00e9\",\"tard\"],\"articleSection\":[\"Belgique\"],\"inLanguage\":\"fr-BE\"},{\"@type\":\"WebPage\",\"@id\":\"https:\/\/vieassociative.be\/actualites\/1-0-plus-tard-frappe-par-nuhu-le-as-eupen-rachete\/\",\"url\":\"https:\/\/vieassociative.be\/actualites\/1-0-plus-tard-frappe-par-nuhu-le-as-eupen-rachete\/\",\"name\":\"1-0 - Plus tard frapp\u00e9 par Nuhu, le As Eupen rachet\u00e9 | Vie Associative\",\"isPartOf\":{\"@id\":\"https:\/\/vieassociative.be\/actualites\/#website\"},\"primaryImageOfPage\":{\"@id\":\"https:\/\/vieassociative.be\/actualites\/1-0-plus-tard-frappe-par-nuhu-le-as-eupen-rachete\/#primaryimage\"},\"image\":{\"@id\":\"https:\/\/vieassociative.be\/actualites\/1-0-plus-tard-frappe-par-nuhu-le-as-eupen-rachete\/#primaryimage\"},\"thumbnailUrl\":\"https:\/\/vieassociative.be\/actualites\/wp-content\/uploads\/2025\/08\/1756585085_1-0-Plus-tard-frappe-par-Nuhu-le-As-Eupen.jpg\",\"datePublished\":\"2025-08-30T20:18:04+00:00\",\"dateModified\":\"2025-08-30T20:18:04+00:00\",\"breadcrumb\":{\"@id\":\"https:\/\/vieassociative.be\/actualites\/1-0-plus-tard-frappe-par-nuhu-le-as-eupen-rachete\/#breadcrumb\"},\"inLanguage\":\"fr-BE\",\"potentialAction\":[{\"@type\":\"ReadAction\",\"target\":[\"https:\/\/vieassociative.be\/actualites\/1-0-plus-tard-frappe-par-nuhu-le-as-eupen-rachete\/\"]}]},{\"@type\":\"ImageObject\",\"inLanguage\":\"fr-BE\",\"@id\":\"https:\/\/vieassociative.be\/actualites\/1-0-plus-tard-frappe-par-nuhu-le-as-eupen-rachete\/#primaryimage\",\"url\":\"https:\/\/vieassociative.be\/actualites\/wp-content\/uploads\/2025\/08\/1756585085_1-0-Plus-tard-frappe-par-Nuhu-le-As-Eupen.jpg\",\"contentUrl\":\"https:\/\/vieassociative.be\/actualites\/wp-content\/uploads\/2025\/08\/1756585085_1-0-Plus-tard-frappe-par-Nuhu-le-As-Eupen.jpg\",\"width\":1200,\"height\":801,\"caption\":\"1-0 - Plus tard frapp\u00e9 par Nuhu, le As Eupen rachet\u00e9\"},{\"@type\":\"BreadcrumbList\",\"@id\":\"https:\/\/vieassociative.be\/actualites\/1-0-plus-tard-frappe-par-nuhu-le-as-eupen-rachete\/#breadcrumb\",\"itemListElement\":[{\"@type\":\"ListItem\",\"position\":1,\"name\":\"Accueil\",\"item\":\"https:\/\/vieassociative.be\/actualites\/\"},{\"@type\":\"ListItem\",\"position\":2,\"name\":\"1-0 &#8211; Plus tard frapp\u00e9 par Nuhu, le As Eupen rachet\u00e9\"}]},{\"@type\":\"WebSite\",\"@id\":\"https:\/\/vieassociative.be\/actualites\/#website\",\"url\":\"https:\/\/vieassociative.be\/actualites\/\",\"name\":\"Vie Associative\",\"description\":\"\",\"publisher\":{\"@id\":\"https:\/\/vieassociative.be\/actualites\/#organization\"},\"potentialAction\":[{\"@type\":\"SearchAction\",\"target\":{\"@type\":\"EntryPoint\",\"urlTemplate\":\"https:\/\/vieassociative.be\/actualites\/?s={search_term_string}\"},\"query-input\":{\"@type\":\"PropertyValueSpecification\",\"valueRequired\":true,\"valueName\":\"search_term_string\"}}],\"inLanguage\":\"fr-BE\"},{\"@type\":\"Organization\",\"@id\":\"https:\/\/vieassociative.be\/actualites\/#organization\",\"name\":\"Vie Associative\",\"url\":\"https:\/\/vieassociative.be\/actualites\/\",\"logo\":{\"@type\":\"ImageObject\",\"inLanguage\":\"fr-BE\",\"@id\":\"https:\/\/vieassociative.be\/actualites\/#\/schema\/logo\/image\/\",\"url\":\"https:\/\/vieassociative.be\/actualites\/wp-content\/uploads\/2024\/09\/cropped-vieassociative_favicon.ico.png\",\"contentUrl\":\"https:\/\/vieassociative.be\/actualites\/wp-content\/uploads\/2024\/09\/cropped-vieassociative_favicon.ico.png\",\"width\":512,\"height\":512,\"caption\":\"Vie Associative\"},\"image\":{\"@id\":\"https:\/\/vieassociative.be\/actualites\/#\/schema\/logo\/image\/\"}},{\"@type\":\"Person\",\"@id\":\"https:\/\/vieassociative.be\/actualites\/#\/schema\/person\/b87ac4f82f9d4e7b7cec7395b679edc4\",\"name\":\"Julien\",\"image\":{\"@type\":\"ImageObject\",\"inLanguage\":\"fr-BE\",\"@id\":\"https:\/\/vieassociative.be\/actualites\/#\/schema\/person\/image\/\",\"url\":\"https:\/\/vieassociative.be\/actualites\/wp-content\/uploads\/2024\/09\/vie-associative-1-150x150.jpg\",\"contentUrl\":\"https:\/\/vieassociative.be\/actualites\/wp-content\/uploads\/2024\/09\/vie-associative-1-150x150.jpg\",\"caption\":\"Julien\"},\"description\":\"Je suis Julien, r\u00e9dacteur pour Vie Associative. Passionn\u00e9 par le monde associatif depuis plus de 10 ans, j'ai \u00e0 c\u0153ur de partager des histoires inspirantes et de mettre en lumi\u00e8re les initiatives locales. Mon objectif est de sensibiliser et d'encourager l'engagement communautaire \u00e0 travers mes articles.\",\"sameAs\":[\"https:\/\/vieassociative.be\/\"]}]}<\/script>\n<!-- \/ Yoast SEO plugin. -->","yoast_head_json":{"title":"1-0 - Plus tard frapp\u00e9 par Nuhu, le As Eupen rachet\u00e9 | Vie Associative","robots":{"index":"index","follow":"follow","max-snippet":"max-snippet:-1","max-image-preview":"max-image-preview:large","max-video-preview":"max-video-preview:-1"},"canonical":"https:\/\/vieassociative.be\/actualites\/1-0-plus-tard-frappe-par-nuhu-le-as-eupen-rachete\/","og_locale":"fr_FR","og_type":"article","og_title":"1-0 - Plus tard frapp\u00e9 par Nuhu, le As Eupen rachet\u00e9 | Vie Associative","og_description":"Avec un but tardif d&rsquo;Isaac Nuhu, le club de deuxi\u00e8me division en tant qu&rsquo;Eupen a remport\u00e9 une victoire importante. Le noir et blanc a battu","og_url":"https:\/\/vieassociative.be\/actualites\/1-0-plus-tard-frappe-par-nuhu-le-as-eupen-rachete\/","og_site_name":"Vie Associative","article_published_time":"2025-08-30T20:18:04+00:00","og_image":[{"width":279,"height":92,"url":"https:\/\/vieassociative.be\/actualites\/wp-content\/uploads\/2024\/09\/header_backgroundk-01-e1726694325946.png","type":"image\/png"}],"author":"Julien","twitter_card":"summary_large_image","twitter_misc":{"\u00c9crit par":"Julien","Dur\u00e9e de lecture est.":"3 minutes"},"schema":{"@context":"https:\/\/schema.org","@graph":[{"@type":"Article","@id":"https:\/\/vieassociative.be\/actualites\/1-0-plus-tard-frappe-par-nuhu-le-as-eupen-rachete\/#article","isPartOf":{"@id":"https:\/\/vieassociative.be\/actualites\/1-0-plus-tard-frappe-par-nuhu-le-as-eupen-rachete\/"},"author":{"name":"Julien","@id":"https:\/\/vieassociative.be\/actualites\/#\/schema\/person\/b87ac4f82f9d4e7b7cec7395b679edc4"},"headline":"1-0 &#8211; Plus tard frapp\u00e9 par Nuhu, le As Eupen rachet\u00e9","datePublished":"2025-08-30T20:18:04+00:00","dateModified":"2025-08-30T20:18:04+00:00","mainEntityOfPage":{"@id":"https:\/\/vieassociative.be\/actualites\/1-0-plus-tard-frappe-par-nuhu-le-as-eupen-rachete\/"},"wordCount":718,"publisher":{"@id":"https:\/\/vieassociative.be\/actualites\/#organization"},"image":{"@id":"https:\/\/vieassociative.be\/actualites\/1-0-plus-tard-frappe-par-nuhu-le-as-eupen-rachete\/#primaryimage"},"thumbnailUrl":"https:\/\/vieassociative.be\/actualites\/wp-content\/uploads\/2025\/08\/1756585085_1-0-Plus-tard-frappe-par-Nuhu-le-As-Eupen.jpg","keywords":["Eupen","frappe","Nuhu","par","rachet\u00e9","tard"],"articleSection":["Belgique"],"inLanguage":"fr-BE"},{"@type":"WebPage","@id":"https:\/\/vieassociative.be\/actualites\/1-0-plus-tard-frappe-par-nuhu-le-as-eupen-rachete\/","url":"https:\/\/vieassociative.be\/actualites\/1-0-plus-tard-frappe-par-nuhu-le-as-eupen-rachete\/","name":"1-0 - Plus tard frapp\u00e9 par Nuhu, le As Eupen rachet\u00e9 | Vie Associative","isPartOf":{"@id":"https:\/\/vieassociative.be\/actualites\/#website"},"primaryImageOfPage":{"@id":"https:\/\/vieassociative.be\/actualites\/1-0-plus-tard-frappe-par-nuhu-le-as-eupen-rachete\/#primaryimage"},"image":{"@id":"https:\/\/vieassociative.be\/actualites\/1-0-plus-tard-frappe-par-nuhu-le-as-eupen-rachete\/#primaryimage"},"thumbnailUrl":"https:\/\/vieassociative.be\/actualites\/wp-content\/uploads\/2025\/08\/1756585085_1-0-Plus-tard-frappe-par-Nuhu-le-As-Eupen.jpg","datePublished":"2025-08-30T20:18:04+00:00","dateModified":"2025-08-30T20:18:04+00:00","breadcrumb":{"@id":"https:\/\/vieassociative.be\/actualites\/1-0-plus-tard-frappe-par-nuhu-le-as-eupen-rachete\/#breadcrumb"},"inLanguage":"fr-BE","potentialAction":[{"@type":"ReadAction","target":["https:\/\/vieassociative.be\/actualites\/1-0-plus-tard-frappe-par-nuhu-le-as-eupen-rachete\/"]}]},{"@type":"ImageObject","inLanguage":"fr-BE","@id":"https:\/\/vieassociative.be\/actualites\/1-0-plus-tard-frappe-par-nuhu-le-as-eupen-rachete\/#primaryimage","url":"https:\/\/vieassociative.be\/actualites\/wp-content\/uploads\/2025\/08\/1756585085_1-0-Plus-tard-frappe-par-Nuhu-le-As-Eupen.jpg","contentUrl":"https:\/\/vieassociative.be\/actualites\/wp-content\/uploads\/2025\/08\/1756585085_1-0-Plus-tard-frappe-par-Nuhu-le-As-Eupen.jpg","width":1200,"height":801,"caption":"1-0 - Plus tard frapp\u00e9 par Nuhu, le As Eupen rachet\u00e9"},{"@type":"BreadcrumbList","@id":"https:\/\/vieassociative.be\/actualites\/1-0-plus-tard-frappe-par-nuhu-le-as-eupen-rachete\/#breadcrumb","itemListElement":[{"@type":"ListItem","position":1,"name":"Accueil","item":"https:\/\/vieassociative.be\/actualites\/"},{"@type":"ListItem","position":2,"name":"1-0 &#8211; Plus tard frapp\u00e9 par Nuhu, le As Eupen rachet\u00e9"}]},{"@type":"WebSite","@id":"https:\/\/vieassociative.be\/actualites\/#website","url":"https:\/\/vieassociative.be\/actualites\/","name":"Vie Associative","description":"","publisher":{"@id":"https:\/\/vieassociative.be\/actualites\/#organization"},"potentialAction":[{"@type":"SearchAction","target":{"@type":"EntryPoint","urlTemplate":"https:\/\/vieassociative.be\/actualites\/?s={search_term_string}"},"query-input":{"@type":"PropertyValueSpecification","valueRequired":true,"valueName":"search_term_string"}}],"inLanguage":"fr-BE"},{"@type":"Organization","@id":"https:\/\/vieassociative.be\/actualites\/#organization","name":"Vie Associative","url":"https:\/\/vieassociative.be\/actualites\/","logo":{"@type":"ImageObject","inLanguage":"fr-BE","@id":"https:\/\/vieassociative.be\/actualites\/#\/schema\/logo\/image\/","url":"https:\/\/vieassociative.be\/actualites\/wp-content\/uploads\/2024\/09\/cropped-vieassociative_favicon.ico.png","contentUrl":"https:\/\/vieassociative.be\/actualites\/wp-content\/uploads\/2024\/09\/cropped-vieassociative_favicon.ico.png","width":512,"height":512,"caption":"Vie Associative"},"image":{"@id":"https:\/\/vieassociative.be\/actualites\/#\/schema\/logo\/image\/"}},{"@type":"Person","@id":"https:\/\/vieassociative.be\/actualites\/#\/schema\/person\/b87ac4f82f9d4e7b7cec7395b679edc4","name":"Julien","image":{"@type":"ImageObject","inLanguage":"fr-BE","@id":"https:\/\/vieassociative.be\/actualites\/#\/schema\/person\/image\/","url":"https:\/\/vieassociative.be\/actualites\/wp-content\/uploads\/2024\/09\/vie-associative-1-150x150.jpg","contentUrl":"https:\/\/vieassociative.be\/actualites\/wp-content\/uploads\/2024\/09\/vie-associative-1-150x150.jpg","caption":"Julien"},"description":"Je suis Julien, r\u00e9dacteur pour Vie Associative. Passionn\u00e9 par le monde associatif depuis plus de 10 ans, j'ai \u00e0 c\u0153ur de partager des histoires inspirantes et de mettre en lumi\u00e8re les initiatives locales. Mon objectif est de sensibiliser et d'encourager l'engagement communautaire \u00e0 travers mes articles.","sameAs":["https:\/\/vieassociative.be\/"]}]}},"_links":{"self":[{"href":"https:\/\/vieassociative.be\/actualites\/wp-json\/wp\/v2\/posts\/9726"}],"collection":[{"href":"https:\/\/vieassociative.be\/actualites\/wp-json\/wp\/v2\/posts"}],"about":[{"href":"https:\/\/vieassociative.be\/actualites\/wp-json\/wp\/v2\/types\/post"}],"author":[{"embeddable":true,"href":"https:\/\/vieassociative.be\/actualites\/wp-json\/wp\/v2\/users\/1"}],"replies":[{"embeddable":true,"href":"https:\/\/vieassociative.be\/actualites\/wp-json\/wp\/v2\/comments?post=9726"}],"version-history":[{"count":0,"href":"https:\/\/vieassociative.be\/actualites\/wp-json\/wp\/v2\/posts\/9726\/revisions"}],"wp:featuredmedia":[{"embeddable":true,"href":"https:\/\/vieassociative.be\/actualites\/wp-json\/wp\/v2\/media\/9727"}],"wp:attachment":[{"href":"https:\/\/vieassociative.be\/actualites\/wp-json\/wp\/v2\/media?parent=9726"}],"wp:term":[{"taxonomy":"category","embeddable":true,"href":"https:\/\/vieassociative.be\/actualites\/wp-json\/wp\/v2\/categories?post=9726"},{"taxonomy":"post_tag","embeddable":true,"href":"https:\/\/vieassociative.be\/actualites\/wp-json\/wp\/v2\/tags?post=9726"}],"curies":[{"name":"wp","href":"https:\/\/api.w.org\/{rel}","templated":true}]}}