{"id":9724,"date":"2025-08-30T21:17:34","date_gmt":"2025-08-30T19:17:34","guid":{"rendered":"https:\/\/vieassociative.be\/actualites\/vous-pouvez-obtenir-150-de-reduction-sur-un-ipad-air-de-11-pouces-pour-la-fete-du-travail\/"},"modified":"2025-08-30T21:17:34","modified_gmt":"2025-08-30T19:17:34","slug":"vous-pouvez-obtenir-150-de-reduction-sur-un-ipad-air-de-11-pouces-pour-la-fete-du-travail","status":"publish","type":"post","link":"https:\/\/vieassociative.be\/actualites\/vous-pouvez-obtenir-150-de-reduction-sur-un-ipad-air-de-11-pouces-pour-la-fete-du-travail\/","title":{"rendered":"Vous pouvez obtenir 150 $ de r\u00e9duction sur un iPad Air de 11 pouces pour la f\u00eate du Travail"},"content":{"rendered":"<div class=\"mt-4 leading-6 md:mb-8\">Le meilleur iPad pour les personnes qui aiment les iPads.<\/div>\n<p><\/p>\n<p><strong><em>Ventes de la f\u00eate du Travail<\/em><\/strong><em>  roulent, et <strong>Vie Associative partage les meilleures bonnes affaires<\/strong><\/em><em>  Bas\u00e9 sur les revues de produits, les comparaisons et les outils de suivi des prix avant la fin. Vous pouvez aussi <strong>Abonnez-vous \u00e0 notre newsletter shopping<\/strong><\/em><em>Ajouter au panier, pour les meilleures ventes envoy\u00e9es dans votre bo\u00eete de r\u00e9ception.<\/em><\/p>\n<hr>\n<p>L&rsquo;iPad Air est le meilleur iPad pour les personnes qui aiment vraiment les iPads. L&rsquo;iPad ordinaire est id\u00e9al pour les enfants et une utilisation de base, tandis que l&rsquo;iPad Pro est con\u00e7u pour g\u00e9rer les workflows cr\u00e9atifs de niveau professionnel, avec son dernier \u00e9cran M4 et son affichage en tandem. L&rsquo;iPad Air, en revanche, vous donne tout ce dont vous avez besoin d&rsquo;un iPad, sans les compromis de l&rsquo;iPad de base, et pour beaucoup moins que l&rsquo;iPad Pro. <\/p>\n<p>Et pendant les ventes de la f\u00eate du Travail, vous pouvez obtenir l&rsquo;iPad Air de 128 Go de base de 11 pouces pour 449,99 $. C&rsquo;est en baisse du prix de l&rsquo;autocollant de 599 $, et c&rsquo;est le prix le plus bas \u00e0 ce jour pour le dernier iPad Air. <\/p>\n<div class=\"pogoClear mb-12 mt-10 rounded-md border-2 border-gray-100 py-7 shadow-xl md:py-6\">\n<div class=\"flex flex-wrap justify-between px-7 text-black no-underline md:flex-nowrap md:px-8\">\n<div class=\"order-1 mx-auto flex flex-col justify-center md:order-2 md:ml-4 md:w-full md:grow\">\n<div class=\"block cursor-pointer text-center font-akshar text-2xl font-medium leading-7 text-brand-green duration-200 ease-in-out hover:text-brand-green-700 md:text-left md:text-xl md:leading-6\">Apple iPad Air 11 pouces avec puce M3 construite pour l&rsquo;intelligence Apple, affichage de r\u00e9tine liquide, 128 Go, appareil photo avant \/ arri\u00e8re 12MP, Wi-Fi 6E + 5G Cellular, Touch ID, la dur\u00e9e de vie de la batterie toute la journ\u00e9e &#8211; Bleu\n                <\/div>\n<div class=\"mt-4 hidden md:flex md:justify-between\">\n<div class=\"self-end\">\n<div class=\"mb-0 h-11 md:flex md:flex-col md:justify-center\">\n<div class=\" font-sans leading-4 text-black\">\n<div class=\"flex flex-wrap items-center justify-center gap-1 md:justify-start\">\n        <span class=\"font-bold\"><\/p>\n<p>            599,00 $<br \/>\n                            <span class=\"font-medium\">\u00e0 Amazon<\/span><br \/>\n                    <\/span>\n            <\/div>\n<div class=\"flex items-center justify-center gap-x-1 font-bold md:justify-start\">\n            <span class=\"text-sm line-through\">749,00 $<\/span><br \/>\n            <span class=\"text-sm text-brand-green\">\u00c9conomisez 150,00 $<\/span>\n        <\/div>\n<\/p><\/div>\n<\/p><\/div>\n<\/p><\/div>\n<div class=\"w-44 self-end\">\n                            <button class=\"flex justify-center items-center w-full bg-brand-green text-white text-base font-sans font-medium rounded-md hover:bg-brand-green-700 hover:cursor-pointer md:text-sm h-11\"><\/p>\n<p>    Conclure un accord<br \/>\n<\/button>\n                        <\/div>\n<\/p><\/div>\n<\/p><\/div>\n<div class=\"order-2 mt-5 h-auto w-full md:order-1 md:mt-0 md:hidden\">\n<div class=\"flex aspect-video items-center justify-center\">\n                                            <img decoding=\"async\" class=\"m-0 max-h-full max-w-full rounded-md\" src=\"https:\/\/vieassociative.be\/actualites\/wp-content\/uploads\/2025\/08\/Vous-pouvez-obtenir-150-de-reduction-sur-un-iPad.jpg\" alt=\"Apple iPad Air 11 pouces avec puce M3 construite pour l'intelligence Apple, affichage de r\u00e9tine liquide, 128 Go, appareil photo avant \/ arri\u00e8re 12MP, Wi-Fi 6E + 5G Cellular, Touch ID, la dur\u00e9e de vie de la batterie toute la journ\u00e9e - Bleu\" width=\"auto\" height=\"auto\" loading=\"lazy\">\n                                    <\/div>\n<\/p><\/div>\n<div class=\"order-2 ml-2 hidden w-32 shrink-0 items-center md:order-1 md:ml-0 md:flex\">\n<div class=\"flex aspect-video items-center justify-center\">\n                                            <img decoding=\"async\" class=\"m-0 max-h-full max-w-full rounded-md\" src=\"https:\/\/vieassociative.be\/actualites\/wp-content\/uploads\/2025\/08\/Vous-pouvez-obtenir-150-de-reduction-sur-un-iPad.jpg\" alt=\"Apple iPad Air 11 pouces avec puce M3 construite pour l'intelligence Apple, affichage de r\u00e9tine liquide, 128 Go, appareil photo avant \/ arri\u00e8re 12MP, Wi-Fi 6E + 5G Cellular, Touch ID, la dur\u00e9e de vie de la batterie toute la journ\u00e9e - Bleu\" width=\"auto\" height=\"auto\" loading=\"lazy\">\n                                    <\/div>\n<\/p><\/div>\n<div class=\"order-3 flex grow flex-wrap md:hidden md:grow-0\">\n<div class=\"mt-4 w-full\">\n                        <button class=\"flex justify-center items-center w-full bg-brand-green text-white text-base font-sans font-medium rounded-md hover:bg-brand-green-700 hover:cursor-pointer md:text-sm h-11\"><\/p>\n<p>    Conclure un accord<br \/>\n<\/button>\n                    <\/div>\n<div class=\"mx-2 mt-4 w-full\">\n<div class=\" font-sans leading-4 text-black\">\n<div class=\"flex flex-wrap items-center justify-center gap-1 md:justify-start\">\n        <span class=\"font-bold\"><\/p>\n<p>            599,00 $<br \/>\n                            <span class=\"font-medium\">\u00e0 Amazon<\/span><br \/>\n                    <\/span>\n            <\/div>\n<div class=\"flex items-center justify-center gap-x-1 font-bold md:justify-start\">\n            <span class=\"text-sm line-through\">749,00 $<\/span><br \/>\n            <span class=\"text-sm text-brand-green\">\u00c9conomisez 150,00 $<\/span>\n        <\/div>\n<\/p><\/div>\n<\/p><\/div>\n<\/p><\/div>\n<\/p><\/div>\n<\/div>\n<p>L&rsquo;appareil a un \u00e9cran de r\u00e9tine liquide de 11 pouces avec 500 bits de luminosit\u00e9 et une r\u00e9solution 2360 \u00d7 1640. Il est aliment\u00e9 par la puce M3 de l&rsquo;ann\u00e9e derni\u00e8re, qui est encore beaucoup plus puissante que la plupart des utilisateurs d&rsquo;iPad n&rsquo;auront besoin, avec un CPU \u00e0 8 c\u0153urs, un GPU \u00e0 9 c\u0153urs et un moteur neuronal \u00e0 16 c\u0153urs. Il y a aussi 8 Go de RAM et 128 Go de stockage. M\u00eame lorsque vous tenez compte du nouveau support de fen\u00eatres multit\u00e2ches et de forme libre \u00e0 venir sur iPados 26, cette chose peut le g\u00e9rer. <\/p>\n<p>L&rsquo;iPad Air prend en charge l&rsquo;Apple crayon (USB-C) et l&rsquo;Apple Crayer Pro. Et contrairement \u00e0 l&rsquo;iPad Pro, il utilise Touch ID dans le bouton d&rsquo;alimentation pour l&rsquo;authentification, plut\u00f4t que l&rsquo;ID de face. Dans sa revue d&rsquo;experts, PCMAG a attribu\u00e9 au M3 iPad Air une note 4 \u00e9toiles et un prix de choix de l&rsquo;\u00e9diteur, notant: \u00ab\u00a0(l&rsquo;iPad Air reste le meilleur choix pour les \u00e9tudiants et les cr\u00e9ateurs qui ont besoin d&rsquo;une tablette puissante \u00e0 un prix d\u00e9cent.\u00a0\u00bb<\/p>\n<p>Si vous souhaitez aller plus grand, vous pouvez \u00e9galement consulter l&rsquo;iPad Air de 13 pouces, qui est \u00e9galement r\u00e9duit \u00e0 son prix le plus bas de tous les temps, \u00e0 649 $ (contre 799 $). <\/p>\n","protected":false},"excerpt":{"rendered":"<p>Le meilleur iPad pour les personnes qui aiment les iPads. Ventes de la f\u00eate du Travail roulent, et Vie Associative partage les meilleures bonnes affaires<\/p>\n","protected":false},"author":1,"featured_media":9725,"comment_status":"","ping_status":"","sticky":false,"template":"","format":"standard","meta":{"footnotes":""},"categories":[13],"tags":[1327,1485,1915,227,1980,81,5,308,33,504,4],"class_list":["post-9724","post","type-post","status-publish","format-standard","has-post-thumbnail","hentry","category-technologie","tag-air","tag-fete","tag-ipad","tag-obtenir","tag-pouces","tag-pour","tag-pouvez","tag-reduction","tag-sur","tag-travail","tag-vous","generate-columns","tablet-grid-50","mobile-grid-100","grid-parent","grid-33"],"yoast_head":"<!-- This site is optimized with the Yoast SEO plugin v24.0 - https:\/\/yoast.com\/wordpress\/plugins\/seo\/ -->\n<title>Vous pouvez obtenir 150 $ de r\u00e9duction sur un iPad Air de 11 pouces pour la f\u00eate du Travail | Vie Associative<\/title>\n<meta name=\"robots\" content=\"index, follow, max-snippet:-1, max-image-preview:large, max-video-preview:-1\" \/>\n<link rel=\"canonical\" href=\"https:\/\/vieassociative.be\/actualites\/vous-pouvez-obtenir-150-de-reduction-sur-un-ipad-air-de-11-pouces-pour-la-fete-du-travail\/\" \/>\n<meta property=\"og:locale\" content=\"fr_FR\" \/>\n<meta property=\"og:type\" content=\"article\" \/>\n<meta property=\"og:title\" content=\"Vous pouvez obtenir 150 $ de r\u00e9duction sur un iPad Air de 11 pouces pour la f\u00eate du Travail | Vie Associative\" \/>\n<meta property=\"og:description\" content=\"Le meilleur iPad pour les personnes qui aiment les iPads. Ventes de la f\u00eate du Travail roulent, et Vie Associative partage les meilleures bonnes affaires\" \/>\n<meta property=\"og:url\" content=\"https:\/\/vieassociative.be\/actualites\/vous-pouvez-obtenir-150-de-reduction-sur-un-ipad-air-de-11-pouces-pour-la-fete-du-travail\/\" \/>\n<meta property=\"og:site_name\" content=\"Vie Associative\" \/>\n<meta property=\"article:published_time\" content=\"2025-08-30T19:17:34+00:00\" \/>\n<meta property=\"og:image\" content=\"https:\/\/vieassociative.be\/actualites\/wp-content\/uploads\/2025\/08\/Vous-pouvez-obtenir-150-de-reduction-sur-un-iPad.jpg\" \/>\n<meta name=\"author\" content=\"Julien\" \/>\n<meta name=\"twitter:card\" content=\"summary_large_image\" \/>\n<meta name=\"twitter:label1\" content=\"\u00c9crit par\" \/>\n\t<meta name=\"twitter:data1\" content=\"Julien\" \/>\n\t<meta name=\"twitter:label2\" content=\"Dur\u00e9e de lecture est.\" \/>\n\t<meta name=\"twitter:data2\" content=\"2 minutes\" \/>\n<script type=\"application\/ld+json\" class=\"yoast-schema-graph\">{\"@context\":\"https:\/\/schema.org\",\"@graph\":[{\"@type\":\"Article\",\"@id\":\"https:\/\/vieassociative.be\/actualites\/vous-pouvez-obtenir-150-de-reduction-sur-un-ipad-air-de-11-pouces-pour-la-fete-du-travail\/#article\",\"isPartOf\":{\"@id\":\"https:\/\/vieassociative.be\/actualites\/vous-pouvez-obtenir-150-de-reduction-sur-un-ipad-air-de-11-pouces-pour-la-fete-du-travail\/\"},\"author\":{\"name\":\"Julien\",\"@id\":\"https:\/\/vieassociative.be\/actualites\/#\/schema\/person\/b87ac4f82f9d4e7b7cec7395b679edc4\"},\"headline\":\"Vous pouvez obtenir 150 $ de r\u00e9duction sur un iPad Air de 11 pouces pour la f\u00eate du Travail\",\"datePublished\":\"2025-08-30T19:17:34+00:00\",\"dateModified\":\"2025-08-30T19:17:34+00:00\",\"mainEntityOfPage\":{\"@id\":\"https:\/\/vieassociative.be\/actualites\/vous-pouvez-obtenir-150-de-reduction-sur-un-ipad-air-de-11-pouces-pour-la-fete-du-travail\/\"},\"wordCount\":495,\"publisher\":{\"@id\":\"https:\/\/vieassociative.be\/actualites\/#organization\"},\"image\":{\"@id\":\"https:\/\/vieassociative.be\/actualites\/vous-pouvez-obtenir-150-de-reduction-sur-un-ipad-air-de-11-pouces-pour-la-fete-du-travail\/#primaryimage\"},\"thumbnailUrl\":\"https:\/\/vieassociative.be\/actualites\/wp-content\/uploads\/2025\/08\/1756581455_Vous-pouvez-obtenir-150-de-reduction-sur-un-iPad.jpg\",\"keywords\":[\"air\",\"f\u00eate\",\"iPad\",\"obtenir\",\"pouces\",\"pour\",\"pouvez\",\"r\u00e9duction\",\"sur\",\"travail\",\"Vous\"],\"articleSection\":[\"Technologie\"],\"inLanguage\":\"fr-BE\"},{\"@type\":\"WebPage\",\"@id\":\"https:\/\/vieassociative.be\/actualites\/vous-pouvez-obtenir-150-de-reduction-sur-un-ipad-air-de-11-pouces-pour-la-fete-du-travail\/\",\"url\":\"https:\/\/vieassociative.be\/actualites\/vous-pouvez-obtenir-150-de-reduction-sur-un-ipad-air-de-11-pouces-pour-la-fete-du-travail\/\",\"name\":\"Vous pouvez obtenir 150 $ de r\u00e9duction sur un iPad Air de 11 pouces pour la f\u00eate du Travail | Vie Associative\",\"isPartOf\":{\"@id\":\"https:\/\/vieassociative.be\/actualites\/#website\"},\"primaryImageOfPage\":{\"@id\":\"https:\/\/vieassociative.be\/actualites\/vous-pouvez-obtenir-150-de-reduction-sur-un-ipad-air-de-11-pouces-pour-la-fete-du-travail\/#primaryimage\"},\"image\":{\"@id\":\"https:\/\/vieassociative.be\/actualites\/vous-pouvez-obtenir-150-de-reduction-sur-un-ipad-air-de-11-pouces-pour-la-fete-du-travail\/#primaryimage\"},\"thumbnailUrl\":\"https:\/\/vieassociative.be\/actualites\/wp-content\/uploads\/2025\/08\/1756581455_Vous-pouvez-obtenir-150-de-reduction-sur-un-iPad.jpg\",\"datePublished\":\"2025-08-30T19:17:34+00:00\",\"dateModified\":\"2025-08-30T19:17:34+00:00\",\"breadcrumb\":{\"@id\":\"https:\/\/vieassociative.be\/actualites\/vous-pouvez-obtenir-150-de-reduction-sur-un-ipad-air-de-11-pouces-pour-la-fete-du-travail\/#breadcrumb\"},\"inLanguage\":\"fr-BE\",\"potentialAction\":[{\"@type\":\"ReadAction\",\"target\":[\"https:\/\/vieassociative.be\/actualites\/vous-pouvez-obtenir-150-de-reduction-sur-un-ipad-air-de-11-pouces-pour-la-fete-du-travail\/\"]}]},{\"@type\":\"ImageObject\",\"inLanguage\":\"fr-BE\",\"@id\":\"https:\/\/vieassociative.be\/actualites\/vous-pouvez-obtenir-150-de-reduction-sur-un-ipad-air-de-11-pouces-pour-la-fete-du-travail\/#primaryimage\",\"url\":\"https:\/\/vieassociative.be\/actualites\/wp-content\/uploads\/2025\/08\/1756581455_Vous-pouvez-obtenir-150-de-reduction-sur-un-iPad.jpg\",\"contentUrl\":\"https:\/\/vieassociative.be\/actualites\/wp-content\/uploads\/2025\/08\/1756581455_Vous-pouvez-obtenir-150-de-reduction-sur-un-iPad.jpg\",\"width\":1200,\"height\":675,\"caption\":\"Vous pouvez obtenir 150 $ de r\u00e9duction sur un iPad Air de 11 pouces pour la f\u00eate du Travail\"},{\"@type\":\"BreadcrumbList\",\"@id\":\"https:\/\/vieassociative.be\/actualites\/vous-pouvez-obtenir-150-de-reduction-sur-un-ipad-air-de-11-pouces-pour-la-fete-du-travail\/#breadcrumb\",\"itemListElement\":[{\"@type\":\"ListItem\",\"position\":1,\"name\":\"Accueil\",\"item\":\"https:\/\/vieassociative.be\/actualites\/\"},{\"@type\":\"ListItem\",\"position\":2,\"name\":\"Vous pouvez obtenir 150 $ de r\u00e9duction sur un iPad Air de 11 pouces pour la f\u00eate du Travail\"}]},{\"@type\":\"WebSite\",\"@id\":\"https:\/\/vieassociative.be\/actualites\/#website\",\"url\":\"https:\/\/vieassociative.be\/actualites\/\",\"name\":\"Vie Associative\",\"description\":\"\",\"publisher\":{\"@id\":\"https:\/\/vieassociative.be\/actualites\/#organization\"},\"potentialAction\":[{\"@type\":\"SearchAction\",\"target\":{\"@type\":\"EntryPoint\",\"urlTemplate\":\"https:\/\/vieassociative.be\/actualites\/?s={search_term_string}\"},\"query-input\":{\"@type\":\"PropertyValueSpecification\",\"valueRequired\":true,\"valueName\":\"search_term_string\"}}],\"inLanguage\":\"fr-BE\"},{\"@type\":\"Organization\",\"@id\":\"https:\/\/vieassociative.be\/actualites\/#organization\",\"name\":\"Vie Associative\",\"url\":\"https:\/\/vieassociative.be\/actualites\/\",\"logo\":{\"@type\":\"ImageObject\",\"inLanguage\":\"fr-BE\",\"@id\":\"https:\/\/vieassociative.be\/actualites\/#\/schema\/logo\/image\/\",\"url\":\"https:\/\/vieassociative.be\/actualites\/wp-content\/uploads\/2024\/09\/cropped-vieassociative_favicon.ico.png\",\"contentUrl\":\"https:\/\/vieassociative.be\/actualites\/wp-content\/uploads\/2024\/09\/cropped-vieassociative_favicon.ico.png\",\"width\":512,\"height\":512,\"caption\":\"Vie Associative\"},\"image\":{\"@id\":\"https:\/\/vieassociative.be\/actualites\/#\/schema\/logo\/image\/\"}},{\"@type\":\"Person\",\"@id\":\"https:\/\/vieassociative.be\/actualites\/#\/schema\/person\/b87ac4f82f9d4e7b7cec7395b679edc4\",\"name\":\"Julien\",\"image\":{\"@type\":\"ImageObject\",\"inLanguage\":\"fr-BE\",\"@id\":\"https:\/\/vieassociative.be\/actualites\/#\/schema\/person\/image\/\",\"url\":\"https:\/\/vieassociative.be\/actualites\/wp-content\/uploads\/2024\/09\/vie-associative-1-150x150.jpg\",\"contentUrl\":\"https:\/\/vieassociative.be\/actualites\/wp-content\/uploads\/2024\/09\/vie-associative-1-150x150.jpg\",\"caption\":\"Julien\"},\"description\":\"Je suis Julien, r\u00e9dacteur pour Vie Associative. Passionn\u00e9 par le monde associatif depuis plus de 10 ans, j'ai \u00e0 c\u0153ur de partager des histoires inspirantes et de mettre en lumi\u00e8re les initiatives locales. Mon objectif est de sensibiliser et d'encourager l'engagement communautaire \u00e0 travers mes articles.\",\"sameAs\":[\"https:\/\/vieassociative.be\/\"]}]}<\/script>\n<!-- \/ Yoast SEO plugin. -->","yoast_head_json":{"title":"Vous pouvez obtenir 150 $ de r\u00e9duction sur un iPad Air de 11 pouces pour la f\u00eate du Travail | Vie Associative","robots":{"index":"index","follow":"follow","max-snippet":"max-snippet:-1","max-image-preview":"max-image-preview:large","max-video-preview":"max-video-preview:-1"},"canonical":"https:\/\/vieassociative.be\/actualites\/vous-pouvez-obtenir-150-de-reduction-sur-un-ipad-air-de-11-pouces-pour-la-fete-du-travail\/","og_locale":"fr_FR","og_type":"article","og_title":"Vous pouvez obtenir 150 $ de r\u00e9duction sur un iPad Air de 11 pouces pour la f\u00eate du Travail | Vie Associative","og_description":"Le meilleur iPad pour les personnes qui aiment les iPads. Ventes de la f\u00eate du Travail roulent, et Vie Associative partage les meilleures bonnes affaires","og_url":"https:\/\/vieassociative.be\/actualites\/vous-pouvez-obtenir-150-de-reduction-sur-un-ipad-air-de-11-pouces-pour-la-fete-du-travail\/","og_site_name":"Vie Associative","article_published_time":"2025-08-30T19:17:34+00:00","og_image":[{"url":"https:\/\/vieassociative.be\/actualites\/wp-content\/uploads\/2025\/08\/Vous-pouvez-obtenir-150-de-reduction-sur-un-iPad.jpg","type":"","width":"","height":""}],"author":"Julien","twitter_card":"summary_large_image","twitter_misc":{"\u00c9crit par":"Julien","Dur\u00e9e de lecture est.":"2 minutes"},"schema":{"@context":"https:\/\/schema.org","@graph":[{"@type":"Article","@id":"https:\/\/vieassociative.be\/actualites\/vous-pouvez-obtenir-150-de-reduction-sur-un-ipad-air-de-11-pouces-pour-la-fete-du-travail\/#article","isPartOf":{"@id":"https:\/\/vieassociative.be\/actualites\/vous-pouvez-obtenir-150-de-reduction-sur-un-ipad-air-de-11-pouces-pour-la-fete-du-travail\/"},"author":{"name":"Julien","@id":"https:\/\/vieassociative.be\/actualites\/#\/schema\/person\/b87ac4f82f9d4e7b7cec7395b679edc4"},"headline":"Vous pouvez obtenir 150 $ de r\u00e9duction sur un iPad Air de 11 pouces pour la f\u00eate du Travail","datePublished":"2025-08-30T19:17:34+00:00","dateModified":"2025-08-30T19:17:34+00:00","mainEntityOfPage":{"@id":"https:\/\/vieassociative.be\/actualites\/vous-pouvez-obtenir-150-de-reduction-sur-un-ipad-air-de-11-pouces-pour-la-fete-du-travail\/"},"wordCount":495,"publisher":{"@id":"https:\/\/vieassociative.be\/actualites\/#organization"},"image":{"@id":"https:\/\/vieassociative.be\/actualites\/vous-pouvez-obtenir-150-de-reduction-sur-un-ipad-air-de-11-pouces-pour-la-fete-du-travail\/#primaryimage"},"thumbnailUrl":"https:\/\/vieassociative.be\/actualites\/wp-content\/uploads\/2025\/08\/1756581455_Vous-pouvez-obtenir-150-de-reduction-sur-un-iPad.jpg","keywords":["air","f\u00eate","iPad","obtenir","pouces","pour","pouvez","r\u00e9duction","sur","travail","Vous"],"articleSection":["Technologie"],"inLanguage":"fr-BE"},{"@type":"WebPage","@id":"https:\/\/vieassociative.be\/actualites\/vous-pouvez-obtenir-150-de-reduction-sur-un-ipad-air-de-11-pouces-pour-la-fete-du-travail\/","url":"https:\/\/vieassociative.be\/actualites\/vous-pouvez-obtenir-150-de-reduction-sur-un-ipad-air-de-11-pouces-pour-la-fete-du-travail\/","name":"Vous pouvez obtenir 150 $ de r\u00e9duction sur un iPad Air de 11 pouces pour la f\u00eate du Travail | Vie Associative","isPartOf":{"@id":"https:\/\/vieassociative.be\/actualites\/#website"},"primaryImageOfPage":{"@id":"https:\/\/vieassociative.be\/actualites\/vous-pouvez-obtenir-150-de-reduction-sur-un-ipad-air-de-11-pouces-pour-la-fete-du-travail\/#primaryimage"},"image":{"@id":"https:\/\/vieassociative.be\/actualites\/vous-pouvez-obtenir-150-de-reduction-sur-un-ipad-air-de-11-pouces-pour-la-fete-du-travail\/#primaryimage"},"thumbnailUrl":"https:\/\/vieassociative.be\/actualites\/wp-content\/uploads\/2025\/08\/1756581455_Vous-pouvez-obtenir-150-de-reduction-sur-un-iPad.jpg","datePublished":"2025-08-30T19:17:34+00:00","dateModified":"2025-08-30T19:17:34+00:00","breadcrumb":{"@id":"https:\/\/vieassociative.be\/actualites\/vous-pouvez-obtenir-150-de-reduction-sur-un-ipad-air-de-11-pouces-pour-la-fete-du-travail\/#breadcrumb"},"inLanguage":"fr-BE","potentialAction":[{"@type":"ReadAction","target":["https:\/\/vieassociative.be\/actualites\/vous-pouvez-obtenir-150-de-reduction-sur-un-ipad-air-de-11-pouces-pour-la-fete-du-travail\/"]}]},{"@type":"ImageObject","inLanguage":"fr-BE","@id":"https:\/\/vieassociative.be\/actualites\/vous-pouvez-obtenir-150-de-reduction-sur-un-ipad-air-de-11-pouces-pour-la-fete-du-travail\/#primaryimage","url":"https:\/\/vieassociative.be\/actualites\/wp-content\/uploads\/2025\/08\/1756581455_Vous-pouvez-obtenir-150-de-reduction-sur-un-iPad.jpg","contentUrl":"https:\/\/vieassociative.be\/actualites\/wp-content\/uploads\/2025\/08\/1756581455_Vous-pouvez-obtenir-150-de-reduction-sur-un-iPad.jpg","width":1200,"height":675,"caption":"Vous pouvez obtenir 150 $ de r\u00e9duction sur un iPad Air de 11 pouces pour la f\u00eate du Travail"},{"@type":"BreadcrumbList","@id":"https:\/\/vieassociative.be\/actualites\/vous-pouvez-obtenir-150-de-reduction-sur-un-ipad-air-de-11-pouces-pour-la-fete-du-travail\/#breadcrumb","itemListElement":[{"@type":"ListItem","position":1,"name":"Accueil","item":"https:\/\/vieassociative.be\/actualites\/"},{"@type":"ListItem","position":2,"name":"Vous pouvez obtenir 150 $ de r\u00e9duction sur un iPad Air de 11 pouces pour la f\u00eate du Travail"}]},{"@type":"WebSite","@id":"https:\/\/vieassociative.be\/actualites\/#website","url":"https:\/\/vieassociative.be\/actualites\/","name":"Vie Associative","description":"","publisher":{"@id":"https:\/\/vieassociative.be\/actualites\/#organization"},"potentialAction":[{"@type":"SearchAction","target":{"@type":"EntryPoint","urlTemplate":"https:\/\/vieassociative.be\/actualites\/?s={search_term_string}"},"query-input":{"@type":"PropertyValueSpecification","valueRequired":true,"valueName":"search_term_string"}}],"inLanguage":"fr-BE"},{"@type":"Organization","@id":"https:\/\/vieassociative.be\/actualites\/#organization","name":"Vie Associative","url":"https:\/\/vieassociative.be\/actualites\/","logo":{"@type":"ImageObject","inLanguage":"fr-BE","@id":"https:\/\/vieassociative.be\/actualites\/#\/schema\/logo\/image\/","url":"https:\/\/vieassociative.be\/actualites\/wp-content\/uploads\/2024\/09\/cropped-vieassociative_favicon.ico.png","contentUrl":"https:\/\/vieassociative.be\/actualites\/wp-content\/uploads\/2024\/09\/cropped-vieassociative_favicon.ico.png","width":512,"height":512,"caption":"Vie Associative"},"image":{"@id":"https:\/\/vieassociative.be\/actualites\/#\/schema\/logo\/image\/"}},{"@type":"Person","@id":"https:\/\/vieassociative.be\/actualites\/#\/schema\/person\/b87ac4f82f9d4e7b7cec7395b679edc4","name":"Julien","image":{"@type":"ImageObject","inLanguage":"fr-BE","@id":"https:\/\/vieassociative.be\/actualites\/#\/schema\/person\/image\/","url":"https:\/\/vieassociative.be\/actualites\/wp-content\/uploads\/2024\/09\/vie-associative-1-150x150.jpg","contentUrl":"https:\/\/vieassociative.be\/actualites\/wp-content\/uploads\/2024\/09\/vie-associative-1-150x150.jpg","caption":"Julien"},"description":"Je suis Julien, r\u00e9dacteur pour Vie Associative. Passionn\u00e9 par le monde associatif depuis plus de 10 ans, j'ai \u00e0 c\u0153ur de partager des histoires inspirantes et de mettre en lumi\u00e8re les initiatives locales. Mon objectif est de sensibiliser et d'encourager l'engagement communautaire \u00e0 travers mes articles.","sameAs":["https:\/\/vieassociative.be\/"]}]}},"_links":{"self":[{"href":"https:\/\/vieassociative.be\/actualites\/wp-json\/wp\/v2\/posts\/9724"}],"collection":[{"href":"https:\/\/vieassociative.be\/actualites\/wp-json\/wp\/v2\/posts"}],"about":[{"href":"https:\/\/vieassociative.be\/actualites\/wp-json\/wp\/v2\/types\/post"}],"author":[{"embeddable":true,"href":"https:\/\/vieassociative.be\/actualites\/wp-json\/wp\/v2\/users\/1"}],"replies":[{"embeddable":true,"href":"https:\/\/vieassociative.be\/actualites\/wp-json\/wp\/v2\/comments?post=9724"}],"version-history":[{"count":0,"href":"https:\/\/vieassociative.be\/actualites\/wp-json\/wp\/v2\/posts\/9724\/revisions"}],"wp:featuredmedia":[{"embeddable":true,"href":"https:\/\/vieassociative.be\/actualites\/wp-json\/wp\/v2\/media\/9725"}],"wp:attachment":[{"href":"https:\/\/vieassociative.be\/actualites\/wp-json\/wp\/v2\/media?parent=9724"}],"wp:term":[{"taxonomy":"category","embeddable":true,"href":"https:\/\/vieassociative.be\/actualites\/wp-json\/wp\/v2\/categories?post=9724"},{"taxonomy":"post_tag","embeddable":true,"href":"https:\/\/vieassociative.be\/actualites\/wp-json\/wp\/v2\/tags?post=9724"}],"curies":[{"name":"wp","href":"https:\/\/api.w.org\/{rel}","templated":true}]}}