{"id":9721,"date":"2025-08-30T16:17:30","date_gmt":"2025-08-30T14:17:30","guid":{"rendered":"https:\/\/vieassociative.be\/actualites\/comme-eupen-est-deja-sous-pression-pour-reussir-kv-kortrijk-et-sk-beveren-menacent-de-detacher-la-competition\/"},"modified":"2025-08-30T16:17:30","modified_gmt":"2025-08-30T14:17:30","slug":"comme-eupen-est-deja-sous-pression-pour-reussir-kv-kortrijk-et-sk-beveren-menacent-de-detacher-la-competition","status":"publish","type":"post","link":"https:\/\/vieassociative.be\/actualites\/comme-eupen-est-deja-sous-pression-pour-reussir-kv-kortrijk-et-sk-beveren-menacent-de-detacher-la-competition\/","title":{"rendered":"Comme Eupen est d\u00e9j\u00e0 sous pression pour r\u00e9ussir: KV Kortrijk et Sk Beveren menacent de d\u00e9tacher la comp\u00e9tition"},"content":{"rendered":"<p><strong>\u00ab\u00a0Nous devons nous regarder et non les autres\u00a0\u00bb, explique les entra\u00eeneurs de football. Cependant, cela ne s&rsquo;applique pas au club de deuxi\u00e8me division en tant qu&rsquo;Eupen, car apr\u00e8s la d\u00e9faite au Lierse SK il y a une semaine et avant le match \u00e0 domicile contre l&rsquo;\u00e9quipe U23 du RSC Anderlecht, les Noirs et blancs sont d\u00e9j\u00e0 sous pression.<\/strong><\/p>\n<p><span id=\"more-423410\"><\/span>Si la promotion de la Jupiler Pro League est vraiment le but de la saison, comme l&rsquo;explique l&rsquo;entra\u00eeneur-chef Bruno Pinheiro avant le premier jour de match, il sera assez serr\u00e9 apr\u00e8s trois jours de match. Parce que les deux lieux de promotion directs auraient d\u00e9j\u00e0 pu s&rsquo;\u00e9loigner d&rsquo;un autre faux pas ce samedi contre RSC Anderlecht Futures.<\/p>\n<p>Apr\u00e8s quatre matchs, le KV Kortrijk et Sk Beveren avec le score complet de 12 points sont aux endroits un et deux, ce qui garantit une ascension directe. Le FC Li\u00e8ge suit \u00e0 la 3e place avec 6 points (bien qu&rsquo;avec un jeu de moins).<\/p>\n<div id=\"attachment_400914\" class=\"wp-caption alignleft\" style=\"max-width: 300px\"><img fetchpriority=\"high\" decoding=\"async\" class=\"wp-image-400914 size-medium\" src=\"https:\/\/vieassociative.be\/actualites\/wp-content\/uploads\/2025\/07\/1752589042_669_Les-matchs-de-la-ligue-As-Eupen-et-Jupiler-ne.jpg\" alt=\"\" width=\"300\" height=\"184\"><\/div>\n<p>Donc, si Kortrijk et Beveren continuent de gagner et de diviser la comp\u00e9tition \u00e0 un stade pr\u00e9coce, une seule possibilit\u00e9 th\u00e9orique pour l&rsquo;As Eupen et les autres aspirants de promotion: les s\u00e9ries \u00e9liminatoires promotionnelles avec les \u00e9quipes de deuxi\u00e8me division dans les positions de table 3 \u00e0 6 et, si elles r\u00e9ussissent, deux jeux d\u00e9cisionnels contre le dernier des Jupilers Pro League.<\/p>\n<p>En bref, contre les futurs Anderlecht ce soir (20 h \/ Live on Dazn App) n&rsquo;est qu&rsquo;une victoire pour l&rsquo;\u00e9quipe Eupen. Une moiti\u00e9 comme la premi\u00e8re il y a une semaine au Lierse SK ne peut plus se permettre Eupen tant que Kortrijk et Beveren continuent de gagner.<\/p>\n<p>Cette semaine, As a rapport\u00e9 un autre nouvel ajout. Le milieu de terrain Gabriel Bar\u00e8s a \u00e9t\u00e9 commis. Les Suisses proviennent du club de deuxi\u00e8me division espagnol Burgos FC. \u00ab\u00a0Eupen a des ambitions et veut jouer pour la mont\u00e9e\u00a0\u00bb, a d\u00e9clar\u00e9 la d\u00e9cision de 25 ans pour l&rsquo;AS, qui a \u00e9galement emprunt\u00e9 Luca Chavet \u00e0 Union Namur et Luca Dalla Costa \u00e0 Lecce U21.<\/p>\n<p>La nouvelle signature Bar\u00e8s ne sera probablement pas utilis\u00e9e contre l&rsquo;U23 des champions record belges. La rencontre peut \u00e9galement arriver trop t\u00f4t pour les d\u00e9fenseurs Merveille Bokadi. De plus, l&rsquo;entra\u00eeneur-chef Pinheiro doit continuer \u00e0 faire sans les joueurs bless\u00e9s Nicolas Gavory, Amadou Keita, Ga\u00ebtan Hendrickx et Nathan Bitumazala.<\/p>\n<p>La saison derni\u00e8re, les deux matchs de championnat contre RSC Anderlecht Futures 2-2 ont pris fin. Dans le tableau de la Challenger Pro League, Eupen a pris la 8e place avec 4 points. L&rsquo;U23 d&rsquo;Anderlecht est \u00e0 la 11e place avec 3 points. (Cre)<\/p>\n","protected":false},"excerpt":{"rendered":"<p>\u00ab\u00a0Nous devons nous regarder et non les autres\u00a0\u00bb, explique les entra\u00eeneurs de football. Cependant, cela ne s&rsquo;applique pas au club de deuxi\u00e8me division en tant<\/p>\n","protected":false},"author":1,"featured_media":5339,"comment_status":"","ping_status":"","sticky":false,"template":"","format":"standard","meta":{"footnotes":""},"categories":[298],"tags":[3611,1254,8354,1936,8353,76,2329,5433,8352,81,2551,1232,467],"class_list":["post-9721","post","type-post","status-publish","format-standard","has-post-thumbnail","hentry","category-belgique","tag-beveren","tag-comme","tag-competition","tag-deja","tag-detacher","tag-est","tag-eupen","tag-kortrijk","tag-menacent","tag-pour","tag-pression","tag-reussir","tag-sous","generate-columns","tablet-grid-50","mobile-grid-100","grid-parent","grid-33"],"yoast_head":"<!-- This site is optimized with the Yoast SEO plugin v24.0 - https:\/\/yoast.com\/wordpress\/plugins\/seo\/ -->\n<title>Comme Eupen est d\u00e9j\u00e0 sous pression pour r\u00e9ussir: KV Kortrijk et Sk Beveren menacent de d\u00e9tacher la comp\u00e9tition | Vie Associative<\/title>\n<meta name=\"robots\" content=\"index, follow, max-snippet:-1, max-image-preview:large, max-video-preview:-1\" \/>\n<link rel=\"canonical\" href=\"https:\/\/vieassociative.be\/actualites\/comme-eupen-est-deja-sous-pression-pour-reussir-kv-kortrijk-et-sk-beveren-menacent-de-detacher-la-competition\/\" \/>\n<meta property=\"og:locale\" content=\"fr_FR\" \/>\n<meta property=\"og:type\" content=\"article\" \/>\n<meta property=\"og:title\" content=\"Comme Eupen est d\u00e9j\u00e0 sous pression pour r\u00e9ussir: KV Kortrijk et Sk Beveren menacent de d\u00e9tacher la comp\u00e9tition | Vie Associative\" \/>\n<meta property=\"og:description\" content=\"\u00ab\u00a0Nous devons nous regarder et non les autres\u00a0\u00bb, explique les entra\u00eeneurs de football. Cependant, cela ne s&rsquo;applique pas au club de deuxi\u00e8me division en tant\" \/>\n<meta property=\"og:url\" content=\"https:\/\/vieassociative.be\/actualites\/comme-eupen-est-deja-sous-pression-pour-reussir-kv-kortrijk-et-sk-beveren-menacent-de-detacher-la-competition\/\" \/>\n<meta property=\"og:site_name\" content=\"Vie Associative\" \/>\n<meta property=\"article:published_time\" content=\"2025-08-30T14:17:30+00:00\" \/>\n<meta property=\"og:image\" content=\"https:\/\/vieassociative.be\/actualites\/wp-content\/uploads\/2024\/09\/header_backgroundk-01-e1726694325946.png\" \/>\n\t<meta property=\"og:image:width\" content=\"279\" \/>\n\t<meta property=\"og:image:height\" content=\"92\" \/>\n\t<meta property=\"og:image:type\" content=\"image\/png\" \/>\n<meta name=\"author\" content=\"Julien\" \/>\n<meta name=\"twitter:card\" content=\"summary_large_image\" \/>\n<meta name=\"twitter:label1\" content=\"\u00c9crit par\" \/>\n\t<meta name=\"twitter:data1\" content=\"Julien\" \/>\n\t<meta name=\"twitter:label2\" content=\"Dur\u00e9e de lecture est.\" \/>\n\t<meta name=\"twitter:data2\" content=\"2 minutes\" \/>\n<script type=\"application\/ld+json\" class=\"yoast-schema-graph\">{\"@context\":\"https:\/\/schema.org\",\"@graph\":[{\"@type\":\"Article\",\"@id\":\"https:\/\/vieassociative.be\/actualites\/comme-eupen-est-deja-sous-pression-pour-reussir-kv-kortrijk-et-sk-beveren-menacent-de-detacher-la-competition\/#article\",\"isPartOf\":{\"@id\":\"https:\/\/vieassociative.be\/actualites\/comme-eupen-est-deja-sous-pression-pour-reussir-kv-kortrijk-et-sk-beveren-menacent-de-detacher-la-competition\/\"},\"author\":{\"name\":\"Julien\",\"@id\":\"https:\/\/vieassociative.be\/actualites\/#\/schema\/person\/b87ac4f82f9d4e7b7cec7395b679edc4\"},\"headline\":\"Comme Eupen est d\u00e9j\u00e0 sous pression pour r\u00e9ussir: KV Kortrijk et Sk Beveren menacent de d\u00e9tacher la comp\u00e9tition\",\"datePublished\":\"2025-08-30T14:17:30+00:00\",\"dateModified\":\"2025-08-30T14:17:30+00:00\",\"mainEntityOfPage\":{\"@id\":\"https:\/\/vieassociative.be\/actualites\/comme-eupen-est-deja-sous-pression-pour-reussir-kv-kortrijk-et-sk-beveren-menacent-de-detacher-la-competition\/\"},\"wordCount\":479,\"publisher\":{\"@id\":\"https:\/\/vieassociative.be\/actualites\/#organization\"},\"image\":{\"@id\":\"https:\/\/vieassociative.be\/actualites\/comme-eupen-est-deja-sous-pression-pour-reussir-kv-kortrijk-et-sk-beveren-menacent-de-detacher-la-competition\/#primaryimage\"},\"thumbnailUrl\":\"https:\/\/vieassociative.be\/actualites\/wp-content\/uploads\/2025\/02\/Jan-Gorenc-Premier-accident-de-Raven-puis-Sauveur-dans-le.jpg\",\"keywords\":[\"Beveren\",\"comme\",\"comp\u00e9tition\",\"d\u00e9j\u00e0\",\"d\u00e9tacher\",\"est\",\"Eupen\",\"Kortrijk\",\"menacent\",\"pour\",\"pression\",\"r\u00e9ussir\",\"sous\"],\"articleSection\":[\"Belgique\"],\"inLanguage\":\"fr-BE\"},{\"@type\":\"WebPage\",\"@id\":\"https:\/\/vieassociative.be\/actualites\/comme-eupen-est-deja-sous-pression-pour-reussir-kv-kortrijk-et-sk-beveren-menacent-de-detacher-la-competition\/\",\"url\":\"https:\/\/vieassociative.be\/actualites\/comme-eupen-est-deja-sous-pression-pour-reussir-kv-kortrijk-et-sk-beveren-menacent-de-detacher-la-competition\/\",\"name\":\"Comme Eupen est d\u00e9j\u00e0 sous pression pour r\u00e9ussir: KV Kortrijk et Sk Beveren menacent de d\u00e9tacher la comp\u00e9tition | Vie Associative\",\"isPartOf\":{\"@id\":\"https:\/\/vieassociative.be\/actualites\/#website\"},\"primaryImageOfPage\":{\"@id\":\"https:\/\/vieassociative.be\/actualites\/comme-eupen-est-deja-sous-pression-pour-reussir-kv-kortrijk-et-sk-beveren-menacent-de-detacher-la-competition\/#primaryimage\"},\"image\":{\"@id\":\"https:\/\/vieassociative.be\/actualites\/comme-eupen-est-deja-sous-pression-pour-reussir-kv-kortrijk-et-sk-beveren-menacent-de-detacher-la-competition\/#primaryimage\"},\"thumbnailUrl\":\"https:\/\/vieassociative.be\/actualites\/wp-content\/uploads\/2025\/02\/Jan-Gorenc-Premier-accident-de-Raven-puis-Sauveur-dans-le.jpg\",\"datePublished\":\"2025-08-30T14:17:30+00:00\",\"dateModified\":\"2025-08-30T14:17:30+00:00\",\"breadcrumb\":{\"@id\":\"https:\/\/vieassociative.be\/actualites\/comme-eupen-est-deja-sous-pression-pour-reussir-kv-kortrijk-et-sk-beveren-menacent-de-detacher-la-competition\/#breadcrumb\"},\"inLanguage\":\"fr-BE\",\"potentialAction\":[{\"@type\":\"ReadAction\",\"target\":[\"https:\/\/vieassociative.be\/actualites\/comme-eupen-est-deja-sous-pression-pour-reussir-kv-kortrijk-et-sk-beveren-menacent-de-detacher-la-competition\/\"]}]},{\"@type\":\"ImageObject\",\"inLanguage\":\"fr-BE\",\"@id\":\"https:\/\/vieassociative.be\/actualites\/comme-eupen-est-deja-sous-pression-pour-reussir-kv-kortrijk-et-sk-beveren-menacent-de-detacher-la-competition\/#primaryimage\",\"url\":\"https:\/\/vieassociative.be\/actualites\/wp-content\/uploads\/2025\/02\/Jan-Gorenc-Premier-accident-de-Raven-puis-Sauveur-dans-le.jpg\",\"contentUrl\":\"https:\/\/vieassociative.be\/actualites\/wp-content\/uploads\/2025\/02\/Jan-Gorenc-Premier-accident-de-Raven-puis-Sauveur-dans-le.jpg\",\"width\":1200,\"height\":806,\"caption\":\"Jan Gorenc Premier accident de Raven puis Sauveur dans le 2-2 de l'As Eupen contre le U23 du RSC Anderlecht\"},{\"@type\":\"BreadcrumbList\",\"@id\":\"https:\/\/vieassociative.be\/actualites\/comme-eupen-est-deja-sous-pression-pour-reussir-kv-kortrijk-et-sk-beveren-menacent-de-detacher-la-competition\/#breadcrumb\",\"itemListElement\":[{\"@type\":\"ListItem\",\"position\":1,\"name\":\"Accueil\",\"item\":\"https:\/\/vieassociative.be\/actualites\/\"},{\"@type\":\"ListItem\",\"position\":2,\"name\":\"Comme Eupen est d\u00e9j\u00e0 sous pression pour r\u00e9ussir: KV Kortrijk et Sk Beveren menacent de d\u00e9tacher la comp\u00e9tition\"}]},{\"@type\":\"WebSite\",\"@id\":\"https:\/\/vieassociative.be\/actualites\/#website\",\"url\":\"https:\/\/vieassociative.be\/actualites\/\",\"name\":\"Vie Associative\",\"description\":\"\",\"publisher\":{\"@id\":\"https:\/\/vieassociative.be\/actualites\/#organization\"},\"potentialAction\":[{\"@type\":\"SearchAction\",\"target\":{\"@type\":\"EntryPoint\",\"urlTemplate\":\"https:\/\/vieassociative.be\/actualites\/?s={search_term_string}\"},\"query-input\":{\"@type\":\"PropertyValueSpecification\",\"valueRequired\":true,\"valueName\":\"search_term_string\"}}],\"inLanguage\":\"fr-BE\"},{\"@type\":\"Organization\",\"@id\":\"https:\/\/vieassociative.be\/actualites\/#organization\",\"name\":\"Vie Associative\",\"url\":\"https:\/\/vieassociative.be\/actualites\/\",\"logo\":{\"@type\":\"ImageObject\",\"inLanguage\":\"fr-BE\",\"@id\":\"https:\/\/vieassociative.be\/actualites\/#\/schema\/logo\/image\/\",\"url\":\"https:\/\/vieassociative.be\/actualites\/wp-content\/uploads\/2024\/09\/cropped-vieassociative_favicon.ico.png\",\"contentUrl\":\"https:\/\/vieassociative.be\/actualites\/wp-content\/uploads\/2024\/09\/cropped-vieassociative_favicon.ico.png\",\"width\":512,\"height\":512,\"caption\":\"Vie Associative\"},\"image\":{\"@id\":\"https:\/\/vieassociative.be\/actualites\/#\/schema\/logo\/image\/\"}},{\"@type\":\"Person\",\"@id\":\"https:\/\/vieassociative.be\/actualites\/#\/schema\/person\/b87ac4f82f9d4e7b7cec7395b679edc4\",\"name\":\"Julien\",\"image\":{\"@type\":\"ImageObject\",\"inLanguage\":\"fr-BE\",\"@id\":\"https:\/\/vieassociative.be\/actualites\/#\/schema\/person\/image\/\",\"url\":\"https:\/\/vieassociative.be\/actualites\/wp-content\/uploads\/2024\/09\/vie-associative-1-150x150.jpg\",\"contentUrl\":\"https:\/\/vieassociative.be\/actualites\/wp-content\/uploads\/2024\/09\/vie-associative-1-150x150.jpg\",\"caption\":\"Julien\"},\"description\":\"Je suis Julien, r\u00e9dacteur pour Vie Associative. Passionn\u00e9 par le monde associatif depuis plus de 10 ans, j'ai \u00e0 c\u0153ur de partager des histoires inspirantes et de mettre en lumi\u00e8re les initiatives locales. Mon objectif est de sensibiliser et d'encourager l'engagement communautaire \u00e0 travers mes articles.\",\"sameAs\":[\"https:\/\/vieassociative.be\/\"]}]}<\/script>\n<!-- \/ Yoast SEO plugin. -->","yoast_head_json":{"title":"Comme Eupen est d\u00e9j\u00e0 sous pression pour r\u00e9ussir: KV Kortrijk et Sk Beveren menacent de d\u00e9tacher la comp\u00e9tition | Vie Associative","robots":{"index":"index","follow":"follow","max-snippet":"max-snippet:-1","max-image-preview":"max-image-preview:large","max-video-preview":"max-video-preview:-1"},"canonical":"https:\/\/vieassociative.be\/actualites\/comme-eupen-est-deja-sous-pression-pour-reussir-kv-kortrijk-et-sk-beveren-menacent-de-detacher-la-competition\/","og_locale":"fr_FR","og_type":"article","og_title":"Comme Eupen est d\u00e9j\u00e0 sous pression pour r\u00e9ussir: KV Kortrijk et Sk Beveren menacent de d\u00e9tacher la comp\u00e9tition | Vie Associative","og_description":"\u00ab\u00a0Nous devons nous regarder et non les autres\u00a0\u00bb, explique les entra\u00eeneurs de football. Cependant, cela ne s&rsquo;applique pas au club de deuxi\u00e8me division en tant","og_url":"https:\/\/vieassociative.be\/actualites\/comme-eupen-est-deja-sous-pression-pour-reussir-kv-kortrijk-et-sk-beveren-menacent-de-detacher-la-competition\/","og_site_name":"Vie Associative","article_published_time":"2025-08-30T14:17:30+00:00","og_image":[{"width":279,"height":92,"url":"https:\/\/vieassociative.be\/actualites\/wp-content\/uploads\/2024\/09\/header_backgroundk-01-e1726694325946.png","type":"image\/png"}],"author":"Julien","twitter_card":"summary_large_image","twitter_misc":{"\u00c9crit par":"Julien","Dur\u00e9e de lecture est.":"2 minutes"},"schema":{"@context":"https:\/\/schema.org","@graph":[{"@type":"Article","@id":"https:\/\/vieassociative.be\/actualites\/comme-eupen-est-deja-sous-pression-pour-reussir-kv-kortrijk-et-sk-beveren-menacent-de-detacher-la-competition\/#article","isPartOf":{"@id":"https:\/\/vieassociative.be\/actualites\/comme-eupen-est-deja-sous-pression-pour-reussir-kv-kortrijk-et-sk-beveren-menacent-de-detacher-la-competition\/"},"author":{"name":"Julien","@id":"https:\/\/vieassociative.be\/actualites\/#\/schema\/person\/b87ac4f82f9d4e7b7cec7395b679edc4"},"headline":"Comme Eupen est d\u00e9j\u00e0 sous pression pour r\u00e9ussir: KV Kortrijk et Sk Beveren menacent de d\u00e9tacher la comp\u00e9tition","datePublished":"2025-08-30T14:17:30+00:00","dateModified":"2025-08-30T14:17:30+00:00","mainEntityOfPage":{"@id":"https:\/\/vieassociative.be\/actualites\/comme-eupen-est-deja-sous-pression-pour-reussir-kv-kortrijk-et-sk-beveren-menacent-de-detacher-la-competition\/"},"wordCount":479,"publisher":{"@id":"https:\/\/vieassociative.be\/actualites\/#organization"},"image":{"@id":"https:\/\/vieassociative.be\/actualites\/comme-eupen-est-deja-sous-pression-pour-reussir-kv-kortrijk-et-sk-beveren-menacent-de-detacher-la-competition\/#primaryimage"},"thumbnailUrl":"https:\/\/vieassociative.be\/actualites\/wp-content\/uploads\/2025\/02\/Jan-Gorenc-Premier-accident-de-Raven-puis-Sauveur-dans-le.jpg","keywords":["Beveren","comme","comp\u00e9tition","d\u00e9j\u00e0","d\u00e9tacher","est","Eupen","Kortrijk","menacent","pour","pression","r\u00e9ussir","sous"],"articleSection":["Belgique"],"inLanguage":"fr-BE"},{"@type":"WebPage","@id":"https:\/\/vieassociative.be\/actualites\/comme-eupen-est-deja-sous-pression-pour-reussir-kv-kortrijk-et-sk-beveren-menacent-de-detacher-la-competition\/","url":"https:\/\/vieassociative.be\/actualites\/comme-eupen-est-deja-sous-pression-pour-reussir-kv-kortrijk-et-sk-beveren-menacent-de-detacher-la-competition\/","name":"Comme Eupen est d\u00e9j\u00e0 sous pression pour r\u00e9ussir: KV Kortrijk et Sk Beveren menacent de d\u00e9tacher la comp\u00e9tition | Vie Associative","isPartOf":{"@id":"https:\/\/vieassociative.be\/actualites\/#website"},"primaryImageOfPage":{"@id":"https:\/\/vieassociative.be\/actualites\/comme-eupen-est-deja-sous-pression-pour-reussir-kv-kortrijk-et-sk-beveren-menacent-de-detacher-la-competition\/#primaryimage"},"image":{"@id":"https:\/\/vieassociative.be\/actualites\/comme-eupen-est-deja-sous-pression-pour-reussir-kv-kortrijk-et-sk-beveren-menacent-de-detacher-la-competition\/#primaryimage"},"thumbnailUrl":"https:\/\/vieassociative.be\/actualites\/wp-content\/uploads\/2025\/02\/Jan-Gorenc-Premier-accident-de-Raven-puis-Sauveur-dans-le.jpg","datePublished":"2025-08-30T14:17:30+00:00","dateModified":"2025-08-30T14:17:30+00:00","breadcrumb":{"@id":"https:\/\/vieassociative.be\/actualites\/comme-eupen-est-deja-sous-pression-pour-reussir-kv-kortrijk-et-sk-beveren-menacent-de-detacher-la-competition\/#breadcrumb"},"inLanguage":"fr-BE","potentialAction":[{"@type":"ReadAction","target":["https:\/\/vieassociative.be\/actualites\/comme-eupen-est-deja-sous-pression-pour-reussir-kv-kortrijk-et-sk-beveren-menacent-de-detacher-la-competition\/"]}]},{"@type":"ImageObject","inLanguage":"fr-BE","@id":"https:\/\/vieassociative.be\/actualites\/comme-eupen-est-deja-sous-pression-pour-reussir-kv-kortrijk-et-sk-beveren-menacent-de-detacher-la-competition\/#primaryimage","url":"https:\/\/vieassociative.be\/actualites\/wp-content\/uploads\/2025\/02\/Jan-Gorenc-Premier-accident-de-Raven-puis-Sauveur-dans-le.jpg","contentUrl":"https:\/\/vieassociative.be\/actualites\/wp-content\/uploads\/2025\/02\/Jan-Gorenc-Premier-accident-de-Raven-puis-Sauveur-dans-le.jpg","width":1200,"height":806,"caption":"Jan Gorenc Premier accident de Raven puis Sauveur dans le 2-2 de l'As Eupen contre le U23 du RSC Anderlecht"},{"@type":"BreadcrumbList","@id":"https:\/\/vieassociative.be\/actualites\/comme-eupen-est-deja-sous-pression-pour-reussir-kv-kortrijk-et-sk-beveren-menacent-de-detacher-la-competition\/#breadcrumb","itemListElement":[{"@type":"ListItem","position":1,"name":"Accueil","item":"https:\/\/vieassociative.be\/actualites\/"},{"@type":"ListItem","position":2,"name":"Comme Eupen est d\u00e9j\u00e0 sous pression pour r\u00e9ussir: KV Kortrijk et Sk Beveren menacent de d\u00e9tacher la comp\u00e9tition"}]},{"@type":"WebSite","@id":"https:\/\/vieassociative.be\/actualites\/#website","url":"https:\/\/vieassociative.be\/actualites\/","name":"Vie Associative","description":"","publisher":{"@id":"https:\/\/vieassociative.be\/actualites\/#organization"},"potentialAction":[{"@type":"SearchAction","target":{"@type":"EntryPoint","urlTemplate":"https:\/\/vieassociative.be\/actualites\/?s={search_term_string}"},"query-input":{"@type":"PropertyValueSpecification","valueRequired":true,"valueName":"search_term_string"}}],"inLanguage":"fr-BE"},{"@type":"Organization","@id":"https:\/\/vieassociative.be\/actualites\/#organization","name":"Vie Associative","url":"https:\/\/vieassociative.be\/actualites\/","logo":{"@type":"ImageObject","inLanguage":"fr-BE","@id":"https:\/\/vieassociative.be\/actualites\/#\/schema\/logo\/image\/","url":"https:\/\/vieassociative.be\/actualites\/wp-content\/uploads\/2024\/09\/cropped-vieassociative_favicon.ico.png","contentUrl":"https:\/\/vieassociative.be\/actualites\/wp-content\/uploads\/2024\/09\/cropped-vieassociative_favicon.ico.png","width":512,"height":512,"caption":"Vie Associative"},"image":{"@id":"https:\/\/vieassociative.be\/actualites\/#\/schema\/logo\/image\/"}},{"@type":"Person","@id":"https:\/\/vieassociative.be\/actualites\/#\/schema\/person\/b87ac4f82f9d4e7b7cec7395b679edc4","name":"Julien","image":{"@type":"ImageObject","inLanguage":"fr-BE","@id":"https:\/\/vieassociative.be\/actualites\/#\/schema\/person\/image\/","url":"https:\/\/vieassociative.be\/actualites\/wp-content\/uploads\/2024\/09\/vie-associative-1-150x150.jpg","contentUrl":"https:\/\/vieassociative.be\/actualites\/wp-content\/uploads\/2024\/09\/vie-associative-1-150x150.jpg","caption":"Julien"},"description":"Je suis Julien, r\u00e9dacteur pour Vie Associative. Passionn\u00e9 par le monde associatif depuis plus de 10 ans, j'ai \u00e0 c\u0153ur de partager des histoires inspirantes et de mettre en lumi\u00e8re les initiatives locales. Mon objectif est de sensibiliser et d'encourager l'engagement communautaire \u00e0 travers mes articles.","sameAs":["https:\/\/vieassociative.be\/"]}]}},"_links":{"self":[{"href":"https:\/\/vieassociative.be\/actualites\/wp-json\/wp\/v2\/posts\/9721"}],"collection":[{"href":"https:\/\/vieassociative.be\/actualites\/wp-json\/wp\/v2\/posts"}],"about":[{"href":"https:\/\/vieassociative.be\/actualites\/wp-json\/wp\/v2\/types\/post"}],"author":[{"embeddable":true,"href":"https:\/\/vieassociative.be\/actualites\/wp-json\/wp\/v2\/users\/1"}],"replies":[{"embeddable":true,"href":"https:\/\/vieassociative.be\/actualites\/wp-json\/wp\/v2\/comments?post=9721"}],"version-history":[{"count":0,"href":"https:\/\/vieassociative.be\/actualites\/wp-json\/wp\/v2\/posts\/9721\/revisions"}],"wp:featuredmedia":[{"embeddable":true,"href":"https:\/\/vieassociative.be\/actualites\/wp-json\/wp\/v2\/media\/5339"}],"wp:attachment":[{"href":"https:\/\/vieassociative.be\/actualites\/wp-json\/wp\/v2\/media?parent=9721"}],"wp:term":[{"taxonomy":"category","embeddable":true,"href":"https:\/\/vieassociative.be\/actualites\/wp-json\/wp\/v2\/categories?post=9721"},{"taxonomy":"post_tag","embeddable":true,"href":"https:\/\/vieassociative.be\/actualites\/wp-json\/wp\/v2\/tags?post=9721"}],"curies":[{"name":"wp","href":"https:\/\/api.w.org\/{rel}","templated":true}]}}