{"id":9717,"date":"2025-08-30T14:17:34","date_gmt":"2025-08-30T12:17:34","guid":{"rendered":"https:\/\/vieassociative.be\/actualites\/le-dernier-m4-macbook-air-est-a-son-prix-le-plus-bas-pour-la-fete-du-travail\/"},"modified":"2025-08-30T14:17:34","modified_gmt":"2025-08-30T12:17:34","slug":"le-dernier-m4-macbook-air-est-a-son-prix-le-plus-bas-pour-la-fete-du-travail","status":"publish","type":"post","link":"https:\/\/vieassociative.be\/actualites\/le-dernier-m4-macbook-air-est-a-son-prix-le-plus-bas-pour-la-fete-du-travail\/","title":{"rendered":"Le dernier M4 MacBook Air est \u00e0 son prix le plus bas pour la f\u00eate du Travail"},"content":{"rendered":"<div class=\"mt-4 leading-6 md:mb-8\">Le meilleur MacBook pour la plupart des gens est maintenant \u00e0 son prix le plus bas de tous les temps.<\/div>\n<p><\/p>\n<p><strong><em>Ventes de la f\u00eate du Travail<\/em><\/strong><em>  roulent, et <strong>Vie Associative partage les meilleures ventes<\/strong><\/em><em>  Bas\u00e9 sur les revues de produits, les comparaisons et les outils de suivi des prix avant la fin. Vous pouvez aussi <strong>Abonnez-vous \u00e0 notre newsletter shopping<\/strong><\/em><em>Ajouter au panier, pour les meilleures ventes envoy\u00e9es dans votre bo\u00eete de r\u00e9ception.<\/em><\/p>\n<hr>\n<p>Le MacBook Air est g\u00e9n\u00e9ralement consid\u00e9r\u00e9 comme le meilleur MacBook pour la plupart des utilisateurs d&rsquo;Apple. Il offre une valeur incroyable dans un appareil mince et l\u00e9ger. En fait, la version r\u00e9cemment publi\u00e9e avec une puce M4, \u00e9tant puissant puissant, offre une valeur encore meilleure que le MacBook Pro, selon le r\u00e9dacteur en chef de la technologie senior Jake Peterson.<\/p>\n<p>Et c&rsquo;est avant de prendre en compte les \u00e9conomies avec la vente d&rsquo;Amazon pour la f\u00eate du Travail, o\u00f9 le M4 MacBook Air de base est actualis\u00e9 de 200 $. Vous pouvez obtenir le tout nouveau mod\u00e8le de 13 pouces avec une m\u00e9moire unifi\u00e9e 16 Go et un SSD 256 Go pour seulement 799 $ au lieu du prix d&rsquo;autocollant de 999 $. C&rsquo;est le prix le plus bas que j&rsquo;aie jamais vu pour le MacBook Air; Le creux pr\u00e9c\u00e9dent \u00e9tait une remise de 150 $.<\/p>\n<div class=\"pogoClear mb-12 mt-10 rounded-md border-2 border-gray-100 py-7 shadow-xl md:py-6\">\n<div class=\"flex flex-wrap justify-between px-7 text-black no-underline md:flex-nowrap md:px-8\">\n<div class=\"order-1 mx-auto flex flex-col justify-center md:order-2 md:ml-4 md:w-full md:grow\">\n<div class=\"block cursor-pointer text-center font-akshar text-2xl font-medium leading-7 text-brand-green duration-200 ease-in-out hover:text-brand-green-700 md:text-left md:text-xl md:leading-6\">2025 MacBook Air avec puce M4\n                <\/div>\n<div class=\"mt-4 hidden md:flex md:justify-between\">\n<div class=\"self-end\">\n<div class=\"mb-0 h-11 md:flex md:flex-col md:justify-center\">\n<div class=\" font-sans leading-4 text-black\">\n<div class=\"flex flex-wrap items-center justify-center gap-1 md:justify-start\">\n        <span class=\"font-bold\"><\/p>\n<p>            799,00 $<br \/>\n                            <span class=\"font-medium\">\u00e0 Amazon<\/span><br \/>\n                    <\/span>\n            <\/div>\n<div class=\"flex items-center justify-center gap-x-1 font-bold md:justify-start\">\n            <span class=\"text-sm line-through\">999,00 $<\/span><br \/>\n            <span class=\"text-sm text-brand-green\">\u00c9conomisez 200 $<\/span>\n        <\/div>\n<\/p><\/div>\n<\/p><\/div>\n<\/p><\/div>\n<div class=\"w-44 self-end\">\n                            <button class=\"flex justify-center items-center w-full bg-brand-green text-white text-base font-sans font-medium rounded-md hover:bg-brand-green-700 hover:cursor-pointer md:text-sm h-11\"><\/p>\n<p>    Conclure un accord<br \/>\n<\/button>\n                        <\/div>\n<\/p><\/div>\n<\/p><\/div>\n<div class=\"order-2 mt-5 h-auto w-full md:order-1 md:mt-0 md:hidden\">\n<div class=\"flex aspect-video items-center justify-center\">\n                                            <img decoding=\"async\" class=\"m-0 max-h-full max-w-full rounded-md\" src=\"https:\/\/vieassociative.be\/actualites\/wp-content\/uploads\/2025\/08\/Le-dernier-M4-MacBook-Air-est-a-son-prix-le.gif\" alt=\"APPLE 2025 MacBook Air 13 pouces ordinateur portable avec puce M4: Construit pour Apple Intelligence, Affichage de r\u00e9tine liquide de 13,6 pouces, m\u00e9moire unifi\u00e9e 16 Go, stockage SSD 256 Go, appareil photo central 12MP, ID Touch; Argent\" width=\"auto\" height=\"auto\" loading=\"lazy\">\n                                    <\/div>\n<\/p><\/div>\n<div class=\"order-2 ml-2 hidden w-32 shrink-0 items-center md:order-1 md:ml-0 md:flex\">\n<div class=\"flex aspect-video items-center justify-center\">\n                                            <img decoding=\"async\" class=\"m-0 max-h-full max-w-full rounded-md\" src=\"https:\/\/vieassociative.be\/actualites\/wp-content\/uploads\/2025\/08\/Le-dernier-M4-MacBook-Air-est-a-son-prix-le.gif\" alt=\"APPLE 2025 MacBook Air 13 pouces ordinateur portable avec puce M4: Construit pour Apple Intelligence, Affichage de r\u00e9tine liquide de 13,6 pouces, m\u00e9moire unifi\u00e9e 16 Go, stockage SSD 256 Go, appareil photo central 12MP, ID Touch; Argent\" width=\"auto\" height=\"auto\" loading=\"lazy\">\n                                    <\/div>\n<\/p><\/div>\n<div class=\"order-3 flex grow flex-wrap md:hidden md:grow-0\">\n<div class=\"mt-4 w-full\">\n                        <button class=\"flex justify-center items-center w-full bg-brand-green text-white text-base font-sans font-medium rounded-md hover:bg-brand-green-700 hover:cursor-pointer md:text-sm h-11\"><\/p>\n<p>    Conclure un accord<br \/>\n<\/button>\n                    <\/div>\n<div class=\"mx-2 mt-4 w-full\">\n<div class=\" font-sans leading-4 text-black\">\n<div class=\"flex flex-wrap items-center justify-center gap-1 md:justify-start\">\n        <span class=\"font-bold\"><\/p>\n<p>            799,00 $<br \/>\n                            <span class=\"font-medium\">\u00e0 Amazon<\/span><br \/>\n                    <\/span>\n            <\/div>\n<div class=\"flex items-center justify-center gap-x-1 font-bold md:justify-start\">\n            <span class=\"text-sm line-through\">999,00 $<\/span><br \/>\n            <span class=\"text-sm text-brand-green\">\u00c9conomisez 200 $<\/span>\n        <\/div>\n<\/p><\/div>\n<\/p><\/div>\n<\/p><\/div>\n<\/p><\/div>\n<\/div>\n<p>\u00c0 l&rsquo;heure actuelle, le M4 est une bonne affaire, battu uniquement par le M1 MacBook Air qui est r\u00e9duit \u00e0 599 $. <\/p>\n<p>Bien qu&rsquo;il s&rsquo;agisse du MacBook d&rsquo;entr\u00e9e de gamme, il a \u00e9quip\u00e9 pour g\u00e9rer la plupart des t\u00e2ches \u00e0 l&rsquo;\u00e9cole et au travail. En fait, en raison de la mise \u00e0 niveau de RAM, il peut \u00e9galement r\u00e9aliser des flux de travail vid\u00e9o et codage \u00e0 l&rsquo;aide d&rsquo;applications intensives. C&rsquo;est tout gr\u00e2ce au CPU \u00e0 10 c\u0153urs et \u00e0 8 c\u0153urs GPU. <\/p>\n<p>Il y a un \u00e9cran de r\u00e9tine liquide de 13,6 pouces avec une r\u00e9solution de 2 560 par 1 664, une gamme de couleurs larges P3 et une luminosit\u00e9 maximale de 500 nits. Vous obtenez \u00e9galement le support Touch ID avec un excellent clavier r\u00e9tro-\u00e9clair\u00e9, un support WiFi 6E et de grands haut-parleurs. Il y a aussi une charge de magsafe. Il est livr\u00e9 dans une nouvelle couleur bleu ciel, qui est \u00e9galement disponible en r\u00e9duction. <\/p>\n<p>La cam\u00e9ra est \u00e9galement mise \u00e0 niveau, dans ce mod\u00e8le, avec maintenant un capteur 12MP avec sc\u00e8ne centrale. Il s&rsquo;agit d&rsquo;un capteur complet, donc vos appels vid\u00e9o seront plus beaux qu&rsquo;auparavant. Le MacBook Air de base a \u00e9t\u00e9 class\u00e9 4 \u00e9toiles dans la revue d&rsquo;experts de PCMAG, notant que \u00ab\u00a0la mise \u00e0 jour du processeur M4 d&rsquo;Apple, l&rsquo;augmentation de la m\u00e9moire de base et la baisse des prix ont \u00e9lev\u00e9 le MacBook Air \u00e0 son perchoir le plus \u00e9lev\u00e9 \u00e0 ce jour.\u00a0\u00bb<\/p>\n","protected":false},"excerpt":{"rendered":"<p>Le meilleur MacBook pour la plupart des gens est maintenant \u00e0 son prix le plus bas de tous les temps. Ventes de la f\u00eate du<\/p>\n","protected":false},"author":1,"featured_media":9718,"comment_status":"","ping_status":"","sticky":false,"template":"","format":"standard","meta":{"footnotes":""},"categories":[13],"tags":[1327,700,2682,76,1485,686,81,1399,800,504],"class_list":["post-9717","post","type-post","status-publish","format-standard","has-post-thumbnail","hentry","category-technologie","tag-air","tag-bas","tag-dernier","tag-est","tag-fete","tag-macbook","tag-pour","tag-prix","tag-son","tag-travail","generate-columns","tablet-grid-50","mobile-grid-100","grid-parent","grid-33"],"yoast_head":"<!-- This site is optimized with the Yoast SEO plugin v24.0 - https:\/\/yoast.com\/wordpress\/plugins\/seo\/ -->\n<title>Le dernier M4 MacBook Air est \u00e0 son prix le plus bas pour la f\u00eate du Travail | Vie Associative<\/title>\n<meta name=\"robots\" content=\"index, follow, max-snippet:-1, max-image-preview:large, max-video-preview:-1\" \/>\n<link rel=\"canonical\" href=\"https:\/\/vieassociative.be\/actualites\/le-dernier-m4-macbook-air-est-a-son-prix-le-plus-bas-pour-la-fete-du-travail\/\" \/>\n<meta property=\"og:locale\" content=\"fr_FR\" \/>\n<meta property=\"og:type\" content=\"article\" \/>\n<meta property=\"og:title\" content=\"Le dernier M4 MacBook Air est \u00e0 son prix le plus bas pour la f\u00eate du Travail | Vie Associative\" \/>\n<meta property=\"og:description\" content=\"Le meilleur MacBook pour la plupart des gens est maintenant \u00e0 son prix le plus bas de tous les temps. Ventes de la f\u00eate du\" \/>\n<meta property=\"og:url\" content=\"https:\/\/vieassociative.be\/actualites\/le-dernier-m4-macbook-air-est-a-son-prix-le-plus-bas-pour-la-fete-du-travail\/\" \/>\n<meta property=\"og:site_name\" content=\"Vie Associative\" \/>\n<meta property=\"article:published_time\" content=\"2025-08-30T12:17:34+00:00\" \/>\n<meta property=\"og:image\" content=\"https:\/\/vieassociative.be\/actualites\/wp-content\/uploads\/2025\/08\/Le-dernier-M4-MacBook-Air-est-a-son-prix-le.gif\" \/>\n<meta name=\"author\" content=\"Julien\" \/>\n<meta name=\"twitter:card\" content=\"summary_large_image\" \/>\n<meta name=\"twitter:label1\" content=\"\u00c9crit par\" \/>\n\t<meta name=\"twitter:data1\" content=\"Julien\" \/>\n\t<meta name=\"twitter:label2\" content=\"Dur\u00e9e de lecture est.\" \/>\n\t<meta name=\"twitter:data2\" content=\"2 minutes\" \/>\n<script type=\"application\/ld+json\" class=\"yoast-schema-graph\">{\"@context\":\"https:\/\/schema.org\",\"@graph\":[{\"@type\":\"Article\",\"@id\":\"https:\/\/vieassociative.be\/actualites\/le-dernier-m4-macbook-air-est-a-son-prix-le-plus-bas-pour-la-fete-du-travail\/#article\",\"isPartOf\":{\"@id\":\"https:\/\/vieassociative.be\/actualites\/le-dernier-m4-macbook-air-est-a-son-prix-le-plus-bas-pour-la-fete-du-travail\/\"},\"author\":{\"name\":\"Julien\",\"@id\":\"https:\/\/vieassociative.be\/actualites\/#\/schema\/person\/b87ac4f82f9d4e7b7cec7395b679edc4\"},\"headline\":\"Le dernier M4 MacBook Air est \u00e0 son prix le plus bas pour la f\u00eate du Travail\",\"datePublished\":\"2025-08-30T12:17:34+00:00\",\"dateModified\":\"2025-08-30T12:17:34+00:00\",\"mainEntityOfPage\":{\"@id\":\"https:\/\/vieassociative.be\/actualites\/le-dernier-m4-macbook-air-est-a-son-prix-le-plus-bas-pour-la-fete-du-travail\/\"},\"wordCount\":513,\"publisher\":{\"@id\":\"https:\/\/vieassociative.be\/actualites\/#organization\"},\"image\":{\"@id\":\"https:\/\/vieassociative.be\/actualites\/le-dernier-m4-macbook-air-est-a-son-prix-le-plus-bas-pour-la-fete-du-travail\/#primaryimage\"},\"thumbnailUrl\":\"https:\/\/vieassociative.be\/actualites\/wp-content\/uploads\/2025\/08\/Le-dernier-M4-MacBook-Air-est-a-son-prix-le.jpg\",\"keywords\":[\"air\",\"bas\",\"dernier\",\"est\",\"f\u00eate\",\"MacBook\",\"pour\",\"prix\",\"son\",\"travail\"],\"articleSection\":[\"Technologie\"],\"inLanguage\":\"fr-BE\"},{\"@type\":\"WebPage\",\"@id\":\"https:\/\/vieassociative.be\/actualites\/le-dernier-m4-macbook-air-est-a-son-prix-le-plus-bas-pour-la-fete-du-travail\/\",\"url\":\"https:\/\/vieassociative.be\/actualites\/le-dernier-m4-macbook-air-est-a-son-prix-le-plus-bas-pour-la-fete-du-travail\/\",\"name\":\"Le dernier M4 MacBook Air est \u00e0 son prix le plus bas pour la f\u00eate du Travail | Vie Associative\",\"isPartOf\":{\"@id\":\"https:\/\/vieassociative.be\/actualites\/#website\"},\"primaryImageOfPage\":{\"@id\":\"https:\/\/vieassociative.be\/actualites\/le-dernier-m4-macbook-air-est-a-son-prix-le-plus-bas-pour-la-fete-du-travail\/#primaryimage\"},\"image\":{\"@id\":\"https:\/\/vieassociative.be\/actualites\/le-dernier-m4-macbook-air-est-a-son-prix-le-plus-bas-pour-la-fete-du-travail\/#primaryimage\"},\"thumbnailUrl\":\"https:\/\/vieassociative.be\/actualites\/wp-content\/uploads\/2025\/08\/Le-dernier-M4-MacBook-Air-est-a-son-prix-le.jpg\",\"datePublished\":\"2025-08-30T12:17:34+00:00\",\"dateModified\":\"2025-08-30T12:17:34+00:00\",\"breadcrumb\":{\"@id\":\"https:\/\/vieassociative.be\/actualites\/le-dernier-m4-macbook-air-est-a-son-prix-le-plus-bas-pour-la-fete-du-travail\/#breadcrumb\"},\"inLanguage\":\"fr-BE\",\"potentialAction\":[{\"@type\":\"ReadAction\",\"target\":[\"https:\/\/vieassociative.be\/actualites\/le-dernier-m4-macbook-air-est-a-son-prix-le-plus-bas-pour-la-fete-du-travail\/\"]}]},{\"@type\":\"ImageObject\",\"inLanguage\":\"fr-BE\",\"@id\":\"https:\/\/vieassociative.be\/actualites\/le-dernier-m4-macbook-air-est-a-son-prix-le-plus-bas-pour-la-fete-du-travail\/#primaryimage\",\"url\":\"https:\/\/vieassociative.be\/actualites\/wp-content\/uploads\/2025\/08\/Le-dernier-M4-MacBook-Air-est-a-son-prix-le.jpg\",\"contentUrl\":\"https:\/\/vieassociative.be\/actualites\/wp-content\/uploads\/2025\/08\/Le-dernier-M4-MacBook-Air-est-a-son-prix-le.jpg\",\"width\":1200,\"height\":675,\"caption\":\"Le dernier M4 MacBook Air est \u00e0 son prix le plus bas pour la f\u00eate du Travail\"},{\"@type\":\"BreadcrumbList\",\"@id\":\"https:\/\/vieassociative.be\/actualites\/le-dernier-m4-macbook-air-est-a-son-prix-le-plus-bas-pour-la-fete-du-travail\/#breadcrumb\",\"itemListElement\":[{\"@type\":\"ListItem\",\"position\":1,\"name\":\"Accueil\",\"item\":\"https:\/\/vieassociative.be\/actualites\/\"},{\"@type\":\"ListItem\",\"position\":2,\"name\":\"Le dernier M4 MacBook Air est \u00e0 son prix le plus bas pour la f\u00eate du Travail\"}]},{\"@type\":\"WebSite\",\"@id\":\"https:\/\/vieassociative.be\/actualites\/#website\",\"url\":\"https:\/\/vieassociative.be\/actualites\/\",\"name\":\"Vie Associative\",\"description\":\"\",\"publisher\":{\"@id\":\"https:\/\/vieassociative.be\/actualites\/#organization\"},\"potentialAction\":[{\"@type\":\"SearchAction\",\"target\":{\"@type\":\"EntryPoint\",\"urlTemplate\":\"https:\/\/vieassociative.be\/actualites\/?s={search_term_string}\"},\"query-input\":{\"@type\":\"PropertyValueSpecification\",\"valueRequired\":true,\"valueName\":\"search_term_string\"}}],\"inLanguage\":\"fr-BE\"},{\"@type\":\"Organization\",\"@id\":\"https:\/\/vieassociative.be\/actualites\/#organization\",\"name\":\"Vie Associative\",\"url\":\"https:\/\/vieassociative.be\/actualites\/\",\"logo\":{\"@type\":\"ImageObject\",\"inLanguage\":\"fr-BE\",\"@id\":\"https:\/\/vieassociative.be\/actualites\/#\/schema\/logo\/image\/\",\"url\":\"https:\/\/vieassociative.be\/actualites\/wp-content\/uploads\/2024\/09\/cropped-vieassociative_favicon.ico.png\",\"contentUrl\":\"https:\/\/vieassociative.be\/actualites\/wp-content\/uploads\/2024\/09\/cropped-vieassociative_favicon.ico.png\",\"width\":512,\"height\":512,\"caption\":\"Vie Associative\"},\"image\":{\"@id\":\"https:\/\/vieassociative.be\/actualites\/#\/schema\/logo\/image\/\"}},{\"@type\":\"Person\",\"@id\":\"https:\/\/vieassociative.be\/actualites\/#\/schema\/person\/b87ac4f82f9d4e7b7cec7395b679edc4\",\"name\":\"Julien\",\"image\":{\"@type\":\"ImageObject\",\"inLanguage\":\"fr-BE\",\"@id\":\"https:\/\/vieassociative.be\/actualites\/#\/schema\/person\/image\/\",\"url\":\"https:\/\/vieassociative.be\/actualites\/wp-content\/uploads\/2024\/09\/vie-associative-1-150x150.jpg\",\"contentUrl\":\"https:\/\/vieassociative.be\/actualites\/wp-content\/uploads\/2024\/09\/vie-associative-1-150x150.jpg\",\"caption\":\"Julien\"},\"description\":\"Je suis Julien, r\u00e9dacteur pour Vie Associative. Passionn\u00e9 par le monde associatif depuis plus de 10 ans, j'ai \u00e0 c\u0153ur de partager des histoires inspirantes et de mettre en lumi\u00e8re les initiatives locales. Mon objectif est de sensibiliser et d'encourager l'engagement communautaire \u00e0 travers mes articles.\",\"sameAs\":[\"https:\/\/vieassociative.be\/\"]}]}<\/script>\n<!-- \/ Yoast SEO plugin. -->","yoast_head_json":{"title":"Le dernier M4 MacBook Air est \u00e0 son prix le plus bas pour la f\u00eate du Travail | Vie Associative","robots":{"index":"index","follow":"follow","max-snippet":"max-snippet:-1","max-image-preview":"max-image-preview:large","max-video-preview":"max-video-preview:-1"},"canonical":"https:\/\/vieassociative.be\/actualites\/le-dernier-m4-macbook-air-est-a-son-prix-le-plus-bas-pour-la-fete-du-travail\/","og_locale":"fr_FR","og_type":"article","og_title":"Le dernier M4 MacBook Air est \u00e0 son prix le plus bas pour la f\u00eate du Travail | Vie Associative","og_description":"Le meilleur MacBook pour la plupart des gens est maintenant \u00e0 son prix le plus bas de tous les temps. Ventes de la f\u00eate du","og_url":"https:\/\/vieassociative.be\/actualites\/le-dernier-m4-macbook-air-est-a-son-prix-le-plus-bas-pour-la-fete-du-travail\/","og_site_name":"Vie Associative","article_published_time":"2025-08-30T12:17:34+00:00","og_image":[{"url":"https:\/\/vieassociative.be\/actualites\/wp-content\/uploads\/2025\/08\/Le-dernier-M4-MacBook-Air-est-a-son-prix-le.gif","type":"","width":"","height":""}],"author":"Julien","twitter_card":"summary_large_image","twitter_misc":{"\u00c9crit par":"Julien","Dur\u00e9e de lecture est.":"2 minutes"},"schema":{"@context":"https:\/\/schema.org","@graph":[{"@type":"Article","@id":"https:\/\/vieassociative.be\/actualites\/le-dernier-m4-macbook-air-est-a-son-prix-le-plus-bas-pour-la-fete-du-travail\/#article","isPartOf":{"@id":"https:\/\/vieassociative.be\/actualites\/le-dernier-m4-macbook-air-est-a-son-prix-le-plus-bas-pour-la-fete-du-travail\/"},"author":{"name":"Julien","@id":"https:\/\/vieassociative.be\/actualites\/#\/schema\/person\/b87ac4f82f9d4e7b7cec7395b679edc4"},"headline":"Le dernier M4 MacBook Air est \u00e0 son prix le plus bas pour la f\u00eate du Travail","datePublished":"2025-08-30T12:17:34+00:00","dateModified":"2025-08-30T12:17:34+00:00","mainEntityOfPage":{"@id":"https:\/\/vieassociative.be\/actualites\/le-dernier-m4-macbook-air-est-a-son-prix-le-plus-bas-pour-la-fete-du-travail\/"},"wordCount":513,"publisher":{"@id":"https:\/\/vieassociative.be\/actualites\/#organization"},"image":{"@id":"https:\/\/vieassociative.be\/actualites\/le-dernier-m4-macbook-air-est-a-son-prix-le-plus-bas-pour-la-fete-du-travail\/#primaryimage"},"thumbnailUrl":"https:\/\/vieassociative.be\/actualites\/wp-content\/uploads\/2025\/08\/Le-dernier-M4-MacBook-Air-est-a-son-prix-le.jpg","keywords":["air","bas","dernier","est","f\u00eate","MacBook","pour","prix","son","travail"],"articleSection":["Technologie"],"inLanguage":"fr-BE"},{"@type":"WebPage","@id":"https:\/\/vieassociative.be\/actualites\/le-dernier-m4-macbook-air-est-a-son-prix-le-plus-bas-pour-la-fete-du-travail\/","url":"https:\/\/vieassociative.be\/actualites\/le-dernier-m4-macbook-air-est-a-son-prix-le-plus-bas-pour-la-fete-du-travail\/","name":"Le dernier M4 MacBook Air est \u00e0 son prix le plus bas pour la f\u00eate du Travail | Vie Associative","isPartOf":{"@id":"https:\/\/vieassociative.be\/actualites\/#website"},"primaryImageOfPage":{"@id":"https:\/\/vieassociative.be\/actualites\/le-dernier-m4-macbook-air-est-a-son-prix-le-plus-bas-pour-la-fete-du-travail\/#primaryimage"},"image":{"@id":"https:\/\/vieassociative.be\/actualites\/le-dernier-m4-macbook-air-est-a-son-prix-le-plus-bas-pour-la-fete-du-travail\/#primaryimage"},"thumbnailUrl":"https:\/\/vieassociative.be\/actualites\/wp-content\/uploads\/2025\/08\/Le-dernier-M4-MacBook-Air-est-a-son-prix-le.jpg","datePublished":"2025-08-30T12:17:34+00:00","dateModified":"2025-08-30T12:17:34+00:00","breadcrumb":{"@id":"https:\/\/vieassociative.be\/actualites\/le-dernier-m4-macbook-air-est-a-son-prix-le-plus-bas-pour-la-fete-du-travail\/#breadcrumb"},"inLanguage":"fr-BE","potentialAction":[{"@type":"ReadAction","target":["https:\/\/vieassociative.be\/actualites\/le-dernier-m4-macbook-air-est-a-son-prix-le-plus-bas-pour-la-fete-du-travail\/"]}]},{"@type":"ImageObject","inLanguage":"fr-BE","@id":"https:\/\/vieassociative.be\/actualites\/le-dernier-m4-macbook-air-est-a-son-prix-le-plus-bas-pour-la-fete-du-travail\/#primaryimage","url":"https:\/\/vieassociative.be\/actualites\/wp-content\/uploads\/2025\/08\/Le-dernier-M4-MacBook-Air-est-a-son-prix-le.jpg","contentUrl":"https:\/\/vieassociative.be\/actualites\/wp-content\/uploads\/2025\/08\/Le-dernier-M4-MacBook-Air-est-a-son-prix-le.jpg","width":1200,"height":675,"caption":"Le dernier M4 MacBook Air est \u00e0 son prix le plus bas pour la f\u00eate du Travail"},{"@type":"BreadcrumbList","@id":"https:\/\/vieassociative.be\/actualites\/le-dernier-m4-macbook-air-est-a-son-prix-le-plus-bas-pour-la-fete-du-travail\/#breadcrumb","itemListElement":[{"@type":"ListItem","position":1,"name":"Accueil","item":"https:\/\/vieassociative.be\/actualites\/"},{"@type":"ListItem","position":2,"name":"Le dernier M4 MacBook Air est \u00e0 son prix le plus bas pour la f\u00eate du Travail"}]},{"@type":"WebSite","@id":"https:\/\/vieassociative.be\/actualites\/#website","url":"https:\/\/vieassociative.be\/actualites\/","name":"Vie Associative","description":"","publisher":{"@id":"https:\/\/vieassociative.be\/actualites\/#organization"},"potentialAction":[{"@type":"SearchAction","target":{"@type":"EntryPoint","urlTemplate":"https:\/\/vieassociative.be\/actualites\/?s={search_term_string}"},"query-input":{"@type":"PropertyValueSpecification","valueRequired":true,"valueName":"search_term_string"}}],"inLanguage":"fr-BE"},{"@type":"Organization","@id":"https:\/\/vieassociative.be\/actualites\/#organization","name":"Vie Associative","url":"https:\/\/vieassociative.be\/actualites\/","logo":{"@type":"ImageObject","inLanguage":"fr-BE","@id":"https:\/\/vieassociative.be\/actualites\/#\/schema\/logo\/image\/","url":"https:\/\/vieassociative.be\/actualites\/wp-content\/uploads\/2024\/09\/cropped-vieassociative_favicon.ico.png","contentUrl":"https:\/\/vieassociative.be\/actualites\/wp-content\/uploads\/2024\/09\/cropped-vieassociative_favicon.ico.png","width":512,"height":512,"caption":"Vie Associative"},"image":{"@id":"https:\/\/vieassociative.be\/actualites\/#\/schema\/logo\/image\/"}},{"@type":"Person","@id":"https:\/\/vieassociative.be\/actualites\/#\/schema\/person\/b87ac4f82f9d4e7b7cec7395b679edc4","name":"Julien","image":{"@type":"ImageObject","inLanguage":"fr-BE","@id":"https:\/\/vieassociative.be\/actualites\/#\/schema\/person\/image\/","url":"https:\/\/vieassociative.be\/actualites\/wp-content\/uploads\/2024\/09\/vie-associative-1-150x150.jpg","contentUrl":"https:\/\/vieassociative.be\/actualites\/wp-content\/uploads\/2024\/09\/vie-associative-1-150x150.jpg","caption":"Julien"},"description":"Je suis Julien, r\u00e9dacteur pour Vie Associative. Passionn\u00e9 par le monde associatif depuis plus de 10 ans, j'ai \u00e0 c\u0153ur de partager des histoires inspirantes et de mettre en lumi\u00e8re les initiatives locales. Mon objectif est de sensibiliser et d'encourager l'engagement communautaire \u00e0 travers mes articles.","sameAs":["https:\/\/vieassociative.be\/"]}]}},"_links":{"self":[{"href":"https:\/\/vieassociative.be\/actualites\/wp-json\/wp\/v2\/posts\/9717"}],"collection":[{"href":"https:\/\/vieassociative.be\/actualites\/wp-json\/wp\/v2\/posts"}],"about":[{"href":"https:\/\/vieassociative.be\/actualites\/wp-json\/wp\/v2\/types\/post"}],"author":[{"embeddable":true,"href":"https:\/\/vieassociative.be\/actualites\/wp-json\/wp\/v2\/users\/1"}],"replies":[{"embeddable":true,"href":"https:\/\/vieassociative.be\/actualites\/wp-json\/wp\/v2\/comments?post=9717"}],"version-history":[{"count":0,"href":"https:\/\/vieassociative.be\/actualites\/wp-json\/wp\/v2\/posts\/9717\/revisions"}],"wp:featuredmedia":[{"embeddable":true,"href":"https:\/\/vieassociative.be\/actualites\/wp-json\/wp\/v2\/media\/9718"}],"wp:attachment":[{"href":"https:\/\/vieassociative.be\/actualites\/wp-json\/wp\/v2\/media?parent=9717"}],"wp:term":[{"taxonomy":"category","embeddable":true,"href":"https:\/\/vieassociative.be\/actualites\/wp-json\/wp\/v2\/categories?post=9717"},{"taxonomy":"post_tag","embeddable":true,"href":"https:\/\/vieassociative.be\/actualites\/wp-json\/wp\/v2\/tags?post=9717"}],"curies":[{"name":"wp","href":"https:\/\/api.w.org\/{rel}","templated":true}]}}