{"id":9714,"date":"2025-08-30T10:17:22","date_gmt":"2025-08-30T08:17:22","guid":{"rendered":"https:\/\/vieassociative.be\/actualites\/il-y-a-90-ans-la-mort-accidentelle-tragique-de-queen-astrid-a-mis-toute-la-belgique-dans-un-etat-de-choc\/"},"modified":"2025-08-30T10:17:22","modified_gmt":"2025-08-30T08:17:22","slug":"il-y-a-90-ans-la-mort-accidentelle-tragique-de-queen-astrid-a-mis-toute-la-belgique-dans-un-etat-de-choc","status":"publish","type":"post","link":"https:\/\/vieassociative.be\/actualites\/il-y-a-90-ans-la-mort-accidentelle-tragique-de-queen-astrid-a-mis-toute-la-belgique-dans-un-etat-de-choc\/","title":{"rendered":"Il y a 90 ans, la mort accidentelle tragique de Queen Astrid a mis toute la Belgique dans un \u00e9tat de choc"},"content":{"rendered":"<p><strong>C&rsquo;\u00e9tait le 29 ao\u00fbt 1935. Le couple royal belge a pass\u00e9 son dernier jour de vacances au lac Lucerne en Suisse. Personne n&rsquo;aurait pu deviner que ce jour se terminerait tragiquement.<\/strong><\/p>\n<p><span id=\"more-423338\"><\/span>King L\u00e9opold III. Et Queen Astrid a fait une visite autour du lac Lake Lucerne au petit matin dans son cabriolet, Packard 120 Coup\u00e9. Astrid \u00e9tait sur le si\u00e8ge du passager, le chauffeur Pierre Devuyst s&rsquo;assit \u00e0 l&rsquo;arri\u00e8re, le roi Leopold \u00e9tait assis au volant.<\/p>\n<p>Selon le rapport de police, la voiture a conduit sur la route cantonale entre Lucerne et K\u00fcssnacht \u00e0 environ. 50 km \/ h avec ses roues droites sur une paroi de bord bas, gliss\u00e9e sur le remblai et s&rsquo;\u00e9cras\u00e9 sur le c\u00f4t\u00e9 contre un arbre. Astrid a \u00e9t\u00e9 jet\u00e9 hors du cabriolet ouvert et a subi des blessures mortelles \u00e0 la t\u00eate.<\/p>\n<p>Leopold \u00e9tait l\u00e9g\u00e8rement \u00e0 mod\u00e9r\u00e9, le chauffeur \u00e9tait l\u00e9g\u00e8rement. Les freins et la direction de la nouvelle voiture pratique \u00e9taient impeccables, la route et la m\u00e9t\u00e9o n&rsquo;\u00e9taient pas consid\u00e9r\u00e9es comme la cause de l&rsquo;accident.<\/p>\n<\/p>\n<div id=\"attachment_423348\" class=\"wp-caption alignleft\" style=\"max-width: 300px\"><img fetchpriority=\"high\" decoding=\"async\" class=\"wp-image-423348 size-medium\" src=\"https:\/\/vieassociative.be\/actualites\/wp-content\/uploads\/2025\/08\/Il-y-a-90-ans-la-mort-accidentelle-tragique-de.jpg\" alt=\"\" width=\"300\" height=\"191\"><\/div>\n<p>Le roi Leopold a peut-\u00eatre \u00e9t\u00e9 distrait parce qu&rsquo;il voulait jeter un \u0153il \u00e0 une feuille de route en conduisant qu&rsquo;Astrid avait sur ses genoux.<\/p>\n<p>Le photographe de K\u00fcssnachter Willy Rogg a enregistr\u00e9 la sc\u00e8ne de l&rsquo;accident, de la voiture et de l&rsquo;incorporation du corps dans des photos exclusives; Les images et les nouvelles se sont r\u00e9pandues dans le monde entier via les r\u00e9seaux de pionniers de l&rsquo;aviation (UA Walter Mitelholzer \/ Swissair).<\/p>\n<p>Le Packard gravement endommag\u00e9 a \u00e9t\u00e9 tra\u00een\u00e9 dans la baie le soir; Quelques jours plus tard, le roi a fait coul\u00e9 la voiture dans le lac Lucerne. Le corps d&rsquo;Astrid a \u00e9t\u00e9 transf\u00e9r\u00e9 en Belgique en train le m\u00eame jour. La reine populaire des Belges n&rsquo;avait que 30 ans.<\/p>\n<p>La chapelle Astrid a \u00e9t\u00e9 construite sur les lieux de l&rsquo;accident en 1936; En raison du trafic, elle a \u00e9t\u00e9 d\u00e9plac\u00e9e du lac en 1960. \u00c0 ce jour, il y a une comm\u00e9moration le 29 ao\u00fbt.<\/p>\n<p>Lorsque la nouvelle de la reine populaire est d\u00e9c\u00e9d\u00e9e, la Belgique \u00e9tait sous le choc. Ce n&rsquo;est que l&rsquo;ann\u00e9e pr\u00e9c\u00e9dente, le pays avait \u00e9t\u00e9 \u00e9branl\u00e9 par la mort du roi Albert I, d\u00e9c\u00e9d\u00e9 dans les Ardennes le 17 f\u00e9vrier 1934 lors d&rsquo;une tourn\u00e9e d&rsquo;escalade dans Marche-Le-Dames. En cons\u00e9quence, L\u00e9opold III. King et sa femme, Princesse Astrid, reine.<\/p>\n<p>Astrid von Su\u00e8de est n\u00e9e \u00e0 Stockholm en 1905. En 1926, elle a \u00e9pous\u00e9 L\u00e9opold. Trois enfants ont \u00e9merg\u00e9 du mariage: Josephine-Charlotte (1927), Baudouin (1930) et Albert (1934).<\/p>\n<p>Astrid est rapidement devenu un favori des Belges. Aujourd&rsquo;hui, il est r\u00e9guli\u00e8rement appel\u00e9 la presse comme \u00ab\u00a0Belge Lady Di\u00a0\u00bb bas\u00e9e sur Lady Diana, qui a \u00e9t\u00e9 mortellement \u00e9cras\u00e9e \u00e0 Paris en 1997 et a \u00e9galement d\u00e9clench\u00e9 une vague de sympathie. (Cre)<\/p>\n","protected":false},"excerpt":{"rendered":"<p>C&rsquo;\u00e9tait le 29 ao\u00fbt 1935. Le couple royal belge a pass\u00e9 son dernier jour de vacances au lac Lucerne en Suisse. Personne n&rsquo;aurait pu deviner<\/p>\n","protected":false},"author":1,"featured_media":9715,"comment_status":"","ping_status":"","sticky":false,"template":"","format":"standard","meta":{"footnotes":""},"categories":[298],"tags":[8347,584,8350,383,5004,166,1142,2233,1717,8349,150,8348],"class_list":["post-9714","post","type-post","status-publish","format-standard","has-post-thumbnail","hentry","category-belgique","tag-accidentelle","tag-ans","tag-astrid","tag-belgique","tag-choc","tag-dans","tag-etat","tag-mis","tag-mort","tag-queen","tag-toute","tag-tragique","generate-columns","tablet-grid-50","mobile-grid-100","grid-parent","grid-33"],"yoast_head":"<!-- This site is optimized with the Yoast SEO plugin v24.0 - https:\/\/yoast.com\/wordpress\/plugins\/seo\/ -->\n<title>Il y a 90 ans, la mort accidentelle tragique de Queen Astrid a mis toute la Belgique dans un \u00e9tat de choc | Vie Associative<\/title>\n<meta name=\"robots\" content=\"index, follow, max-snippet:-1, max-image-preview:large, max-video-preview:-1\" \/>\n<link rel=\"canonical\" href=\"https:\/\/vieassociative.be\/actualites\/il-y-a-90-ans-la-mort-accidentelle-tragique-de-queen-astrid-a-mis-toute-la-belgique-dans-un-etat-de-choc\/\" \/>\n<meta property=\"og:locale\" content=\"fr_FR\" \/>\n<meta property=\"og:type\" content=\"article\" \/>\n<meta property=\"og:title\" content=\"Il y a 90 ans, la mort accidentelle tragique de Queen Astrid a mis toute la Belgique dans un \u00e9tat de choc | Vie Associative\" \/>\n<meta property=\"og:description\" content=\"C&rsquo;\u00e9tait le 29 ao\u00fbt 1935. Le couple royal belge a pass\u00e9 son dernier jour de vacances au lac Lucerne en Suisse. Personne n&rsquo;aurait pu deviner\" \/>\n<meta property=\"og:url\" content=\"https:\/\/vieassociative.be\/actualites\/il-y-a-90-ans-la-mort-accidentelle-tragique-de-queen-astrid-a-mis-toute-la-belgique-dans-un-etat-de-choc\/\" \/>\n<meta property=\"og:site_name\" content=\"Vie Associative\" \/>\n<meta property=\"article:published_time\" content=\"2025-08-30T08:17:22+00:00\" \/>\n<meta property=\"og:image\" content=\"https:\/\/vieassociative.be\/actualites\/wp-content\/uploads\/2024\/09\/header_backgroundk-01-e1726694325946.png\" \/>\n\t<meta property=\"og:image:width\" content=\"279\" \/>\n\t<meta property=\"og:image:height\" content=\"92\" \/>\n\t<meta property=\"og:image:type\" content=\"image\/png\" \/>\n<meta name=\"author\" content=\"Julien\" \/>\n<meta name=\"twitter:card\" content=\"summary_large_image\" \/>\n<meta name=\"twitter:label1\" content=\"\u00c9crit par\" \/>\n\t<meta name=\"twitter:data1\" content=\"Julien\" \/>\n\t<meta name=\"twitter:label2\" content=\"Dur\u00e9e de lecture est.\" \/>\n\t<meta name=\"twitter:data2\" content=\"2 minutes\" \/>\n<script type=\"application\/ld+json\" class=\"yoast-schema-graph\">{\"@context\":\"https:\/\/schema.org\",\"@graph\":[{\"@type\":\"Article\",\"@id\":\"https:\/\/vieassociative.be\/actualites\/il-y-a-90-ans-la-mort-accidentelle-tragique-de-queen-astrid-a-mis-toute-la-belgique-dans-un-etat-de-choc\/#article\",\"isPartOf\":{\"@id\":\"https:\/\/vieassociative.be\/actualites\/il-y-a-90-ans-la-mort-accidentelle-tragique-de-queen-astrid-a-mis-toute-la-belgique-dans-un-etat-de-choc\/\"},\"author\":{\"name\":\"Julien\",\"@id\":\"https:\/\/vieassociative.be\/actualites\/#\/schema\/person\/b87ac4f82f9d4e7b7cec7395b679edc4\"},\"headline\":\"Il y a 90 ans, la mort accidentelle tragique de Queen Astrid a mis toute la Belgique dans un \u00e9tat de choc\",\"datePublished\":\"2025-08-30T08:17:22+00:00\",\"dateModified\":\"2025-08-30T08:17:22+00:00\",\"mainEntityOfPage\":{\"@id\":\"https:\/\/vieassociative.be\/actualites\/il-y-a-90-ans-la-mort-accidentelle-tragique-de-queen-astrid-a-mis-toute-la-belgique-dans-un-etat-de-choc\/\"},\"wordCount\":520,\"publisher\":{\"@id\":\"https:\/\/vieassociative.be\/actualites\/#organization\"},\"image\":{\"@id\":\"https:\/\/vieassociative.be\/actualites\/il-y-a-90-ans-la-mort-accidentelle-tragique-de-queen-astrid-a-mis-toute-la-belgique-dans-un-etat-de-choc\/#primaryimage\"},\"thumbnailUrl\":\"https:\/\/vieassociative.be\/actualites\/wp-content\/uploads\/2025\/08\/1756541842_Il-y-a-90-ans-la-mort-accidentelle-tragique-de.jpg\",\"keywords\":[\"accidentelle\",\"ans\",\"Astrid\",\"Belgique\",\"Choc\",\"dans\",\"\u00e9tat\",\"mis\",\"mort\",\"Queen\",\"toute\",\"tragique\"],\"articleSection\":[\"Belgique\"],\"inLanguage\":\"fr-BE\"},{\"@type\":\"WebPage\",\"@id\":\"https:\/\/vieassociative.be\/actualites\/il-y-a-90-ans-la-mort-accidentelle-tragique-de-queen-astrid-a-mis-toute-la-belgique-dans-un-etat-de-choc\/\",\"url\":\"https:\/\/vieassociative.be\/actualites\/il-y-a-90-ans-la-mort-accidentelle-tragique-de-queen-astrid-a-mis-toute-la-belgique-dans-un-etat-de-choc\/\",\"name\":\"Il y a 90 ans, la mort accidentelle tragique de Queen Astrid a mis toute la Belgique dans un \u00e9tat de choc | Vie Associative\",\"isPartOf\":{\"@id\":\"https:\/\/vieassociative.be\/actualites\/#website\"},\"primaryImageOfPage\":{\"@id\":\"https:\/\/vieassociative.be\/actualites\/il-y-a-90-ans-la-mort-accidentelle-tragique-de-queen-astrid-a-mis-toute-la-belgique-dans-un-etat-de-choc\/#primaryimage\"},\"image\":{\"@id\":\"https:\/\/vieassociative.be\/actualites\/il-y-a-90-ans-la-mort-accidentelle-tragique-de-queen-astrid-a-mis-toute-la-belgique-dans-un-etat-de-choc\/#primaryimage\"},\"thumbnailUrl\":\"https:\/\/vieassociative.be\/actualites\/wp-content\/uploads\/2025\/08\/1756541842_Il-y-a-90-ans-la-mort-accidentelle-tragique-de.jpg\",\"datePublished\":\"2025-08-30T08:17:22+00:00\",\"dateModified\":\"2025-08-30T08:17:22+00:00\",\"breadcrumb\":{\"@id\":\"https:\/\/vieassociative.be\/actualites\/il-y-a-90-ans-la-mort-accidentelle-tragique-de-queen-astrid-a-mis-toute-la-belgique-dans-un-etat-de-choc\/#breadcrumb\"},\"inLanguage\":\"fr-BE\",\"potentialAction\":[{\"@type\":\"ReadAction\",\"target\":[\"https:\/\/vieassociative.be\/actualites\/il-y-a-90-ans-la-mort-accidentelle-tragique-de-queen-astrid-a-mis-toute-la-belgique-dans-un-etat-de-choc\/\"]}]},{\"@type\":\"ImageObject\",\"inLanguage\":\"fr-BE\",\"@id\":\"https:\/\/vieassociative.be\/actualites\/il-y-a-90-ans-la-mort-accidentelle-tragique-de-queen-astrid-a-mis-toute-la-belgique-dans-un-etat-de-choc\/#primaryimage\",\"url\":\"https:\/\/vieassociative.be\/actualites\/wp-content\/uploads\/2025\/08\/1756541842_Il-y-a-90-ans-la-mort-accidentelle-tragique-de.jpg\",\"contentUrl\":\"https:\/\/vieassociative.be\/actualites\/wp-content\/uploads\/2025\/08\/1756541842_Il-y-a-90-ans-la-mort-accidentelle-tragique-de.jpg\",\"width\":1200,\"height\":765,\"caption\":\"Il y a 90 ans, la mort accidentelle tragique de Queen Astrid a mis toute la Belgique dans un \u00e9tat de choc\"},{\"@type\":\"BreadcrumbList\",\"@id\":\"https:\/\/vieassociative.be\/actualites\/il-y-a-90-ans-la-mort-accidentelle-tragique-de-queen-astrid-a-mis-toute-la-belgique-dans-un-etat-de-choc\/#breadcrumb\",\"itemListElement\":[{\"@type\":\"ListItem\",\"position\":1,\"name\":\"Accueil\",\"item\":\"https:\/\/vieassociative.be\/actualites\/\"},{\"@type\":\"ListItem\",\"position\":2,\"name\":\"Il y a 90 ans, la mort accidentelle tragique de Queen Astrid a mis toute la Belgique dans un \u00e9tat de choc\"}]},{\"@type\":\"WebSite\",\"@id\":\"https:\/\/vieassociative.be\/actualites\/#website\",\"url\":\"https:\/\/vieassociative.be\/actualites\/\",\"name\":\"Vie Associative\",\"description\":\"\",\"publisher\":{\"@id\":\"https:\/\/vieassociative.be\/actualites\/#organization\"},\"potentialAction\":[{\"@type\":\"SearchAction\",\"target\":{\"@type\":\"EntryPoint\",\"urlTemplate\":\"https:\/\/vieassociative.be\/actualites\/?s={search_term_string}\"},\"query-input\":{\"@type\":\"PropertyValueSpecification\",\"valueRequired\":true,\"valueName\":\"search_term_string\"}}],\"inLanguage\":\"fr-BE\"},{\"@type\":\"Organization\",\"@id\":\"https:\/\/vieassociative.be\/actualites\/#organization\",\"name\":\"Vie Associative\",\"url\":\"https:\/\/vieassociative.be\/actualites\/\",\"logo\":{\"@type\":\"ImageObject\",\"inLanguage\":\"fr-BE\",\"@id\":\"https:\/\/vieassociative.be\/actualites\/#\/schema\/logo\/image\/\",\"url\":\"https:\/\/vieassociative.be\/actualites\/wp-content\/uploads\/2024\/09\/cropped-vieassociative_favicon.ico.png\",\"contentUrl\":\"https:\/\/vieassociative.be\/actualites\/wp-content\/uploads\/2024\/09\/cropped-vieassociative_favicon.ico.png\",\"width\":512,\"height\":512,\"caption\":\"Vie Associative\"},\"image\":{\"@id\":\"https:\/\/vieassociative.be\/actualites\/#\/schema\/logo\/image\/\"}},{\"@type\":\"Person\",\"@id\":\"https:\/\/vieassociative.be\/actualites\/#\/schema\/person\/b87ac4f82f9d4e7b7cec7395b679edc4\",\"name\":\"Julien\",\"image\":{\"@type\":\"ImageObject\",\"inLanguage\":\"fr-BE\",\"@id\":\"https:\/\/vieassociative.be\/actualites\/#\/schema\/person\/image\/\",\"url\":\"https:\/\/vieassociative.be\/actualites\/wp-content\/uploads\/2024\/09\/vie-associative-1-150x150.jpg\",\"contentUrl\":\"https:\/\/vieassociative.be\/actualites\/wp-content\/uploads\/2024\/09\/vie-associative-1-150x150.jpg\",\"caption\":\"Julien\"},\"description\":\"Je suis Julien, r\u00e9dacteur pour Vie Associative. Passionn\u00e9 par le monde associatif depuis plus de 10 ans, j'ai \u00e0 c\u0153ur de partager des histoires inspirantes et de mettre en lumi\u00e8re les initiatives locales. Mon objectif est de sensibiliser et d'encourager l'engagement communautaire \u00e0 travers mes articles.\",\"sameAs\":[\"https:\/\/vieassociative.be\/\"]}]}<\/script>\n<!-- \/ Yoast SEO plugin. -->","yoast_head_json":{"title":"Il y a 90 ans, la mort accidentelle tragique de Queen Astrid a mis toute la Belgique dans un \u00e9tat de choc | Vie Associative","robots":{"index":"index","follow":"follow","max-snippet":"max-snippet:-1","max-image-preview":"max-image-preview:large","max-video-preview":"max-video-preview:-1"},"canonical":"https:\/\/vieassociative.be\/actualites\/il-y-a-90-ans-la-mort-accidentelle-tragique-de-queen-astrid-a-mis-toute-la-belgique-dans-un-etat-de-choc\/","og_locale":"fr_FR","og_type":"article","og_title":"Il y a 90 ans, la mort accidentelle tragique de Queen Astrid a mis toute la Belgique dans un \u00e9tat de choc | Vie Associative","og_description":"C&rsquo;\u00e9tait le 29 ao\u00fbt 1935. Le couple royal belge a pass\u00e9 son dernier jour de vacances au lac Lucerne en Suisse. Personne n&rsquo;aurait pu deviner","og_url":"https:\/\/vieassociative.be\/actualites\/il-y-a-90-ans-la-mort-accidentelle-tragique-de-queen-astrid-a-mis-toute-la-belgique-dans-un-etat-de-choc\/","og_site_name":"Vie Associative","article_published_time":"2025-08-30T08:17:22+00:00","og_image":[{"width":279,"height":92,"url":"https:\/\/vieassociative.be\/actualites\/wp-content\/uploads\/2024\/09\/header_backgroundk-01-e1726694325946.png","type":"image\/png"}],"author":"Julien","twitter_card":"summary_large_image","twitter_misc":{"\u00c9crit par":"Julien","Dur\u00e9e de lecture est.":"2 minutes"},"schema":{"@context":"https:\/\/schema.org","@graph":[{"@type":"Article","@id":"https:\/\/vieassociative.be\/actualites\/il-y-a-90-ans-la-mort-accidentelle-tragique-de-queen-astrid-a-mis-toute-la-belgique-dans-un-etat-de-choc\/#article","isPartOf":{"@id":"https:\/\/vieassociative.be\/actualites\/il-y-a-90-ans-la-mort-accidentelle-tragique-de-queen-astrid-a-mis-toute-la-belgique-dans-un-etat-de-choc\/"},"author":{"name":"Julien","@id":"https:\/\/vieassociative.be\/actualites\/#\/schema\/person\/b87ac4f82f9d4e7b7cec7395b679edc4"},"headline":"Il y a 90 ans, la mort accidentelle tragique de Queen Astrid a mis toute la Belgique dans un \u00e9tat de choc","datePublished":"2025-08-30T08:17:22+00:00","dateModified":"2025-08-30T08:17:22+00:00","mainEntityOfPage":{"@id":"https:\/\/vieassociative.be\/actualites\/il-y-a-90-ans-la-mort-accidentelle-tragique-de-queen-astrid-a-mis-toute-la-belgique-dans-un-etat-de-choc\/"},"wordCount":520,"publisher":{"@id":"https:\/\/vieassociative.be\/actualites\/#organization"},"image":{"@id":"https:\/\/vieassociative.be\/actualites\/il-y-a-90-ans-la-mort-accidentelle-tragique-de-queen-astrid-a-mis-toute-la-belgique-dans-un-etat-de-choc\/#primaryimage"},"thumbnailUrl":"https:\/\/vieassociative.be\/actualites\/wp-content\/uploads\/2025\/08\/1756541842_Il-y-a-90-ans-la-mort-accidentelle-tragique-de.jpg","keywords":["accidentelle","ans","Astrid","Belgique","Choc","dans","\u00e9tat","mis","mort","Queen","toute","tragique"],"articleSection":["Belgique"],"inLanguage":"fr-BE"},{"@type":"WebPage","@id":"https:\/\/vieassociative.be\/actualites\/il-y-a-90-ans-la-mort-accidentelle-tragique-de-queen-astrid-a-mis-toute-la-belgique-dans-un-etat-de-choc\/","url":"https:\/\/vieassociative.be\/actualites\/il-y-a-90-ans-la-mort-accidentelle-tragique-de-queen-astrid-a-mis-toute-la-belgique-dans-un-etat-de-choc\/","name":"Il y a 90 ans, la mort accidentelle tragique de Queen Astrid a mis toute la Belgique dans un \u00e9tat de choc | Vie Associative","isPartOf":{"@id":"https:\/\/vieassociative.be\/actualites\/#website"},"primaryImageOfPage":{"@id":"https:\/\/vieassociative.be\/actualites\/il-y-a-90-ans-la-mort-accidentelle-tragique-de-queen-astrid-a-mis-toute-la-belgique-dans-un-etat-de-choc\/#primaryimage"},"image":{"@id":"https:\/\/vieassociative.be\/actualites\/il-y-a-90-ans-la-mort-accidentelle-tragique-de-queen-astrid-a-mis-toute-la-belgique-dans-un-etat-de-choc\/#primaryimage"},"thumbnailUrl":"https:\/\/vieassociative.be\/actualites\/wp-content\/uploads\/2025\/08\/1756541842_Il-y-a-90-ans-la-mort-accidentelle-tragique-de.jpg","datePublished":"2025-08-30T08:17:22+00:00","dateModified":"2025-08-30T08:17:22+00:00","breadcrumb":{"@id":"https:\/\/vieassociative.be\/actualites\/il-y-a-90-ans-la-mort-accidentelle-tragique-de-queen-astrid-a-mis-toute-la-belgique-dans-un-etat-de-choc\/#breadcrumb"},"inLanguage":"fr-BE","potentialAction":[{"@type":"ReadAction","target":["https:\/\/vieassociative.be\/actualites\/il-y-a-90-ans-la-mort-accidentelle-tragique-de-queen-astrid-a-mis-toute-la-belgique-dans-un-etat-de-choc\/"]}]},{"@type":"ImageObject","inLanguage":"fr-BE","@id":"https:\/\/vieassociative.be\/actualites\/il-y-a-90-ans-la-mort-accidentelle-tragique-de-queen-astrid-a-mis-toute-la-belgique-dans-un-etat-de-choc\/#primaryimage","url":"https:\/\/vieassociative.be\/actualites\/wp-content\/uploads\/2025\/08\/1756541842_Il-y-a-90-ans-la-mort-accidentelle-tragique-de.jpg","contentUrl":"https:\/\/vieassociative.be\/actualites\/wp-content\/uploads\/2025\/08\/1756541842_Il-y-a-90-ans-la-mort-accidentelle-tragique-de.jpg","width":1200,"height":765,"caption":"Il y a 90 ans, la mort accidentelle tragique de Queen Astrid a mis toute la Belgique dans un \u00e9tat de choc"},{"@type":"BreadcrumbList","@id":"https:\/\/vieassociative.be\/actualites\/il-y-a-90-ans-la-mort-accidentelle-tragique-de-queen-astrid-a-mis-toute-la-belgique-dans-un-etat-de-choc\/#breadcrumb","itemListElement":[{"@type":"ListItem","position":1,"name":"Accueil","item":"https:\/\/vieassociative.be\/actualites\/"},{"@type":"ListItem","position":2,"name":"Il y a 90 ans, la mort accidentelle tragique de Queen Astrid a mis toute la Belgique dans un \u00e9tat de choc"}]},{"@type":"WebSite","@id":"https:\/\/vieassociative.be\/actualites\/#website","url":"https:\/\/vieassociative.be\/actualites\/","name":"Vie Associative","description":"","publisher":{"@id":"https:\/\/vieassociative.be\/actualites\/#organization"},"potentialAction":[{"@type":"SearchAction","target":{"@type":"EntryPoint","urlTemplate":"https:\/\/vieassociative.be\/actualites\/?s={search_term_string}"},"query-input":{"@type":"PropertyValueSpecification","valueRequired":true,"valueName":"search_term_string"}}],"inLanguage":"fr-BE"},{"@type":"Organization","@id":"https:\/\/vieassociative.be\/actualites\/#organization","name":"Vie Associative","url":"https:\/\/vieassociative.be\/actualites\/","logo":{"@type":"ImageObject","inLanguage":"fr-BE","@id":"https:\/\/vieassociative.be\/actualites\/#\/schema\/logo\/image\/","url":"https:\/\/vieassociative.be\/actualites\/wp-content\/uploads\/2024\/09\/cropped-vieassociative_favicon.ico.png","contentUrl":"https:\/\/vieassociative.be\/actualites\/wp-content\/uploads\/2024\/09\/cropped-vieassociative_favicon.ico.png","width":512,"height":512,"caption":"Vie Associative"},"image":{"@id":"https:\/\/vieassociative.be\/actualites\/#\/schema\/logo\/image\/"}},{"@type":"Person","@id":"https:\/\/vieassociative.be\/actualites\/#\/schema\/person\/b87ac4f82f9d4e7b7cec7395b679edc4","name":"Julien","image":{"@type":"ImageObject","inLanguage":"fr-BE","@id":"https:\/\/vieassociative.be\/actualites\/#\/schema\/person\/image\/","url":"https:\/\/vieassociative.be\/actualites\/wp-content\/uploads\/2024\/09\/vie-associative-1-150x150.jpg","contentUrl":"https:\/\/vieassociative.be\/actualites\/wp-content\/uploads\/2024\/09\/vie-associative-1-150x150.jpg","caption":"Julien"},"description":"Je suis Julien, r\u00e9dacteur pour Vie Associative. Passionn\u00e9 par le monde associatif depuis plus de 10 ans, j'ai \u00e0 c\u0153ur de partager des histoires inspirantes et de mettre en lumi\u00e8re les initiatives locales. Mon objectif est de sensibiliser et d'encourager l'engagement communautaire \u00e0 travers mes articles.","sameAs":["https:\/\/vieassociative.be\/"]}]}},"_links":{"self":[{"href":"https:\/\/vieassociative.be\/actualites\/wp-json\/wp\/v2\/posts\/9714"}],"collection":[{"href":"https:\/\/vieassociative.be\/actualites\/wp-json\/wp\/v2\/posts"}],"about":[{"href":"https:\/\/vieassociative.be\/actualites\/wp-json\/wp\/v2\/types\/post"}],"author":[{"embeddable":true,"href":"https:\/\/vieassociative.be\/actualites\/wp-json\/wp\/v2\/users\/1"}],"replies":[{"embeddable":true,"href":"https:\/\/vieassociative.be\/actualites\/wp-json\/wp\/v2\/comments?post=9714"}],"version-history":[{"count":0,"href":"https:\/\/vieassociative.be\/actualites\/wp-json\/wp\/v2\/posts\/9714\/revisions"}],"wp:featuredmedia":[{"embeddable":true,"href":"https:\/\/vieassociative.be\/actualites\/wp-json\/wp\/v2\/media\/9715"}],"wp:attachment":[{"href":"https:\/\/vieassociative.be\/actualites\/wp-json\/wp\/v2\/media?parent=9714"}],"wp:term":[{"taxonomy":"category","embeddable":true,"href":"https:\/\/vieassociative.be\/actualites\/wp-json\/wp\/v2\/categories?post=9714"},{"taxonomy":"post_tag","embeddable":true,"href":"https:\/\/vieassociative.be\/actualites\/wp-json\/wp\/v2\/tags?post=9714"}],"curies":[{"name":"wp","href":"https:\/\/api.w.org\/{rel}","templated":true}]}}