{"id":9710,"date":"2025-08-30T04:17:17","date_gmt":"2025-08-30T02:17:17","guid":{"rendered":"https:\/\/vieassociative.be\/actualites\/ehec-infections-dans-les-maisons-de-retraite-belges-several-morts\/"},"modified":"2025-08-30T04:17:17","modified_gmt":"2025-08-30T02:17:17","slug":"ehec-infections-dans-les-maisons-de-retraite-belges-several-morts","status":"publish","type":"post","link":"https:\/\/vieassociative.be\/actualites\/ehec-infections-dans-les-maisons-de-retraite-belges-several-morts\/","title":{"rendered":"EHEC Infections dans les maisons de retraite belges-Several morts"},"content":{"rendered":"<p><strong>Les aliments crus, la viande crue ou les infections au lait-ehec peuvent \u00eatre transmises via certains aliments. En Belgique, les autorit\u00e9s examinent plusieurs cas qui pourraient \u00eatre li\u00e9s.<\/strong><\/p>\n<p><span id=\"more-423358\"><\/span>Une vingtaine de personnes souffrent d&rsquo;EHEC dans plusieurs maisons de retraite belges. Selon l&rsquo;agence de presse Belga, cinq d&rsquo;entre eux sont morts jusqu&rsquo;\u00e0 pr\u00e9sent. On pense que les personnes touch\u00e9es ont \u00e9t\u00e9 infect\u00e9es par la bact\u00e9rie former des toxines via des aliments contamin\u00e9s.<\/p>\n<p>Des aliments tels que la viande crue, le poisson cru, les aliments crus ou le lait cru pourraient \u00eatre \u00e0 l&rsquo;origine d&rsquo;une telle contamination, une porte-parole de l&rsquo;Agence belge pour la s\u00e9curit\u00e9 de la cha\u00eene alimentaire (Agence F\u00e9d\u00e9ral pour la s\u00e9cur\u00e9 de la Chaine Alimentaire &#8211; AFSCA) a d\u00e9clar\u00e9.<\/p>\n<\/p>\n<div id=\"attachment_423362\" class=\"wp-caption alignnone\" style=\"max-width: 300px\"><img fetchpriority=\"high\" decoding=\"async\" src=\"https:\/\/vieassociative.be\/actualites\/wp-content\/uploads\/2025\/08\/EHEC-Infections-dans-les-maisons-de-retraite-belges-Several-morts.jpg\" alt=\"\" width=\"300\" height=\"218\" class=\"size-medium wp-image-423362\"><\/div>\n<p>Les premiers cas de maladie ont eu lieu la semaine derni\u00e8re. Les m\u00e9dias belges rapportent des d\u00e9c\u00e8s depuis mercredi.<\/p>\n<p>Les analyses de laboratoire ont montr\u00e9 que les infections \u00e9taient caus\u00e9es par le m\u00eame type de bact\u00e9rie EHEC, ce qui indique une source commune pour ces infections, comme il a \u00e9t\u00e9 dit dans un message conjoint de l&rsquo;AFSCA et de l&rsquo;autorit\u00e9 sanitaire flamand.<\/p>\n<p>Pour les personnes qui vivent dans des maisons de soins infirmiers et sont souvent affaiblies en termes de sant\u00e9, une infection du message peut avoir des cons\u00e9quences tr\u00e8s graves.<\/p>\n<p>Il y a actuellement une apparence accrue des infections de l&rsquo;EHEC en Allemagne. \u00c0 Mecklenburg-Western, Pomerania, selon le Bureau d&rsquo;\u00c9tat pour la sant\u00e9 et les affaires sociales de jeudi, plusieurs enfants et adultes sont malades. Plusieurs enfants sont trait\u00e9s dans des unit\u00e9s de soins intensifs. (DPA)<\/p>\n","protected":false},"excerpt":{"rendered":"<p>Les aliments crus, la viande crue ou les infections au lait-ehec peuvent \u00eatre transmises via certains aliments. En Belgique, les autorit\u00e9s examinent plusieurs cas qui<\/p>\n","protected":false},"author":1,"featured_media":9711,"comment_status":"","ping_status":"","sticky":false,"template":"","format":"standard","meta":{"footnotes":""},"categories":[298],"tags":[8345,166,8344,1953,14,287,439,1460],"class_list":["post-9710","post","type-post","status-publish","format-standard","has-post-thumbnail","hentry","category-belgique","tag-belgesseveral","tag-dans","tag-ehec","tag-infections","tag-les","tag-maisons","tag-morts","tag-retraite","generate-columns","tablet-grid-50","mobile-grid-100","grid-parent","grid-33"],"yoast_head":"<!-- This site is optimized with the Yoast SEO plugin v24.0 - https:\/\/yoast.com\/wordpress\/plugins\/seo\/ -->\n<title>EHEC Infections dans les maisons de retraite belges-Several morts | Vie Associative<\/title>\n<meta name=\"robots\" content=\"index, follow, max-snippet:-1, max-image-preview:large, max-video-preview:-1\" \/>\n<link rel=\"canonical\" href=\"https:\/\/vieassociative.be\/actualites\/ehec-infections-dans-les-maisons-de-retraite-belges-several-morts\/\" \/>\n<meta property=\"og:locale\" content=\"fr_FR\" \/>\n<meta property=\"og:type\" content=\"article\" \/>\n<meta property=\"og:title\" content=\"EHEC Infections dans les maisons de retraite belges-Several morts | Vie Associative\" \/>\n<meta property=\"og:description\" content=\"Les aliments crus, la viande crue ou les infections au lait-ehec peuvent \u00eatre transmises via certains aliments. En Belgique, les autorit\u00e9s examinent plusieurs cas qui\" \/>\n<meta property=\"og:url\" content=\"https:\/\/vieassociative.be\/actualites\/ehec-infections-dans-les-maisons-de-retraite-belges-several-morts\/\" \/>\n<meta property=\"og:site_name\" content=\"Vie Associative\" \/>\n<meta property=\"article:published_time\" content=\"2025-08-30T02:17:17+00:00\" \/>\n<meta property=\"og:image\" content=\"https:\/\/vieassociative.be\/actualites\/wp-content\/uploads\/2024\/09\/header_backgroundk-01-e1726694325946.png\" \/>\n\t<meta property=\"og:image:width\" content=\"279\" \/>\n\t<meta property=\"og:image:height\" content=\"92\" \/>\n\t<meta property=\"og:image:type\" content=\"image\/png\" \/>\n<meta name=\"author\" content=\"Julien\" \/>\n<meta name=\"twitter:card\" content=\"summary_large_image\" \/>\n<meta name=\"twitter:label1\" content=\"\u00c9crit par\" \/>\n\t<meta name=\"twitter:data1\" content=\"Julien\" \/>\n\t<meta name=\"twitter:label2\" content=\"Dur\u00e9e de lecture est.\" \/>\n\t<meta name=\"twitter:data2\" content=\"1 minute\" \/>\n<script type=\"application\/ld+json\" class=\"yoast-schema-graph\">{\"@context\":\"https:\/\/schema.org\",\"@graph\":[{\"@type\":\"Article\",\"@id\":\"https:\/\/vieassociative.be\/actualites\/ehec-infections-dans-les-maisons-de-retraite-belges-several-morts\/#article\",\"isPartOf\":{\"@id\":\"https:\/\/vieassociative.be\/actualites\/ehec-infections-dans-les-maisons-de-retraite-belges-several-morts\/\"},\"author\":{\"name\":\"Julien\",\"@id\":\"https:\/\/vieassociative.be\/actualites\/#\/schema\/person\/b87ac4f82f9d4e7b7cec7395b679edc4\"},\"headline\":\"EHEC Infections dans les maisons de retraite belges-Several morts\",\"datePublished\":\"2025-08-30T02:17:17+00:00\",\"dateModified\":\"2025-08-30T02:17:17+00:00\",\"mainEntityOfPage\":{\"@id\":\"https:\/\/vieassociative.be\/actualites\/ehec-infections-dans-les-maisons-de-retraite-belges-several-morts\/\"},\"wordCount\":298,\"publisher\":{\"@id\":\"https:\/\/vieassociative.be\/actualites\/#organization\"},\"image\":{\"@id\":\"https:\/\/vieassociative.be\/actualites\/ehec-infections-dans-les-maisons-de-retraite-belges-several-morts\/#primaryimage\"},\"thumbnailUrl\":\"https:\/\/vieassociative.be\/actualites\/wp-content\/uploads\/2025\/08\/1756520237_EHEC-Infections-dans-les-maisons-de-retraite-belges-Several-morts.jpg\",\"keywords\":[\"belgesSeveral\",\"dans\",\"EHEC\",\"infections\",\"Les\",\"maisons\",\"morts\",\"retraite\"],\"articleSection\":[\"Belgique\"],\"inLanguage\":\"fr-BE\"},{\"@type\":\"WebPage\",\"@id\":\"https:\/\/vieassociative.be\/actualites\/ehec-infections-dans-les-maisons-de-retraite-belges-several-morts\/\",\"url\":\"https:\/\/vieassociative.be\/actualites\/ehec-infections-dans-les-maisons-de-retraite-belges-several-morts\/\",\"name\":\"EHEC Infections dans les maisons de retraite belges-Several morts | Vie Associative\",\"isPartOf\":{\"@id\":\"https:\/\/vieassociative.be\/actualites\/#website\"},\"primaryImageOfPage\":{\"@id\":\"https:\/\/vieassociative.be\/actualites\/ehec-infections-dans-les-maisons-de-retraite-belges-several-morts\/#primaryimage\"},\"image\":{\"@id\":\"https:\/\/vieassociative.be\/actualites\/ehec-infections-dans-les-maisons-de-retraite-belges-several-morts\/#primaryimage\"},\"thumbnailUrl\":\"https:\/\/vieassociative.be\/actualites\/wp-content\/uploads\/2025\/08\/1756520237_EHEC-Infections-dans-les-maisons-de-retraite-belges-Several-morts.jpg\",\"datePublished\":\"2025-08-30T02:17:17+00:00\",\"dateModified\":\"2025-08-30T02:17:17+00:00\",\"breadcrumb\":{\"@id\":\"https:\/\/vieassociative.be\/actualites\/ehec-infections-dans-les-maisons-de-retraite-belges-several-morts\/#breadcrumb\"},\"inLanguage\":\"fr-BE\",\"potentialAction\":[{\"@type\":\"ReadAction\",\"target\":[\"https:\/\/vieassociative.be\/actualites\/ehec-infections-dans-les-maisons-de-retraite-belges-several-morts\/\"]}]},{\"@type\":\"ImageObject\",\"inLanguage\":\"fr-BE\",\"@id\":\"https:\/\/vieassociative.be\/actualites\/ehec-infections-dans-les-maisons-de-retraite-belges-several-morts\/#primaryimage\",\"url\":\"https:\/\/vieassociative.be\/actualites\/wp-content\/uploads\/2025\/08\/1756520237_EHEC-Infections-dans-les-maisons-de-retraite-belges-Several-morts.jpg\",\"contentUrl\":\"https:\/\/vieassociative.be\/actualites\/wp-content\/uploads\/2025\/08\/1756520237_EHEC-Infections-dans-les-maisons-de-retraite-belges-Several-morts.jpg\",\"width\":1200,\"height\":805,\"caption\":\"EHEC Infections dans les maisons de retraite belges-Several morts\"},{\"@type\":\"BreadcrumbList\",\"@id\":\"https:\/\/vieassociative.be\/actualites\/ehec-infections-dans-les-maisons-de-retraite-belges-several-morts\/#breadcrumb\",\"itemListElement\":[{\"@type\":\"ListItem\",\"position\":1,\"name\":\"Accueil\",\"item\":\"https:\/\/vieassociative.be\/actualites\/\"},{\"@type\":\"ListItem\",\"position\":2,\"name\":\"EHEC Infections dans les maisons de retraite belges-Several morts\"}]},{\"@type\":\"WebSite\",\"@id\":\"https:\/\/vieassociative.be\/actualites\/#website\",\"url\":\"https:\/\/vieassociative.be\/actualites\/\",\"name\":\"Vie Associative\",\"description\":\"\",\"publisher\":{\"@id\":\"https:\/\/vieassociative.be\/actualites\/#organization\"},\"potentialAction\":[{\"@type\":\"SearchAction\",\"target\":{\"@type\":\"EntryPoint\",\"urlTemplate\":\"https:\/\/vieassociative.be\/actualites\/?s={search_term_string}\"},\"query-input\":{\"@type\":\"PropertyValueSpecification\",\"valueRequired\":true,\"valueName\":\"search_term_string\"}}],\"inLanguage\":\"fr-BE\"},{\"@type\":\"Organization\",\"@id\":\"https:\/\/vieassociative.be\/actualites\/#organization\",\"name\":\"Vie Associative\",\"url\":\"https:\/\/vieassociative.be\/actualites\/\",\"logo\":{\"@type\":\"ImageObject\",\"inLanguage\":\"fr-BE\",\"@id\":\"https:\/\/vieassociative.be\/actualites\/#\/schema\/logo\/image\/\",\"url\":\"https:\/\/vieassociative.be\/actualites\/wp-content\/uploads\/2024\/09\/cropped-vieassociative_favicon.ico.png\",\"contentUrl\":\"https:\/\/vieassociative.be\/actualites\/wp-content\/uploads\/2024\/09\/cropped-vieassociative_favicon.ico.png\",\"width\":512,\"height\":512,\"caption\":\"Vie Associative\"},\"image\":{\"@id\":\"https:\/\/vieassociative.be\/actualites\/#\/schema\/logo\/image\/\"}},{\"@type\":\"Person\",\"@id\":\"https:\/\/vieassociative.be\/actualites\/#\/schema\/person\/b87ac4f82f9d4e7b7cec7395b679edc4\",\"name\":\"Julien\",\"image\":{\"@type\":\"ImageObject\",\"inLanguage\":\"fr-BE\",\"@id\":\"https:\/\/vieassociative.be\/actualites\/#\/schema\/person\/image\/\",\"url\":\"https:\/\/vieassociative.be\/actualites\/wp-content\/uploads\/2024\/09\/vie-associative-1-150x150.jpg\",\"contentUrl\":\"https:\/\/vieassociative.be\/actualites\/wp-content\/uploads\/2024\/09\/vie-associative-1-150x150.jpg\",\"caption\":\"Julien\"},\"description\":\"Je suis Julien, r\u00e9dacteur pour Vie Associative. Passionn\u00e9 par le monde associatif depuis plus de 10 ans, j'ai \u00e0 c\u0153ur de partager des histoires inspirantes et de mettre en lumi\u00e8re les initiatives locales. Mon objectif est de sensibiliser et d'encourager l'engagement communautaire \u00e0 travers mes articles.\",\"sameAs\":[\"https:\/\/vieassociative.be\/\"]}]}<\/script>\n<!-- \/ Yoast SEO plugin. -->","yoast_head_json":{"title":"EHEC Infections dans les maisons de retraite belges-Several morts | Vie Associative","robots":{"index":"index","follow":"follow","max-snippet":"max-snippet:-1","max-image-preview":"max-image-preview:large","max-video-preview":"max-video-preview:-1"},"canonical":"https:\/\/vieassociative.be\/actualites\/ehec-infections-dans-les-maisons-de-retraite-belges-several-morts\/","og_locale":"fr_FR","og_type":"article","og_title":"EHEC Infections dans les maisons de retraite belges-Several morts | Vie Associative","og_description":"Les aliments crus, la viande crue ou les infections au lait-ehec peuvent \u00eatre transmises via certains aliments. En Belgique, les autorit\u00e9s examinent plusieurs cas qui","og_url":"https:\/\/vieassociative.be\/actualites\/ehec-infections-dans-les-maisons-de-retraite-belges-several-morts\/","og_site_name":"Vie Associative","article_published_time":"2025-08-30T02:17:17+00:00","og_image":[{"width":279,"height":92,"url":"https:\/\/vieassociative.be\/actualites\/wp-content\/uploads\/2024\/09\/header_backgroundk-01-e1726694325946.png","type":"image\/png"}],"author":"Julien","twitter_card":"summary_large_image","twitter_misc":{"\u00c9crit par":"Julien","Dur\u00e9e de lecture est.":"1 minute"},"schema":{"@context":"https:\/\/schema.org","@graph":[{"@type":"Article","@id":"https:\/\/vieassociative.be\/actualites\/ehec-infections-dans-les-maisons-de-retraite-belges-several-morts\/#article","isPartOf":{"@id":"https:\/\/vieassociative.be\/actualites\/ehec-infections-dans-les-maisons-de-retraite-belges-several-morts\/"},"author":{"name":"Julien","@id":"https:\/\/vieassociative.be\/actualites\/#\/schema\/person\/b87ac4f82f9d4e7b7cec7395b679edc4"},"headline":"EHEC Infections dans les maisons de retraite belges-Several morts","datePublished":"2025-08-30T02:17:17+00:00","dateModified":"2025-08-30T02:17:17+00:00","mainEntityOfPage":{"@id":"https:\/\/vieassociative.be\/actualites\/ehec-infections-dans-les-maisons-de-retraite-belges-several-morts\/"},"wordCount":298,"publisher":{"@id":"https:\/\/vieassociative.be\/actualites\/#organization"},"image":{"@id":"https:\/\/vieassociative.be\/actualites\/ehec-infections-dans-les-maisons-de-retraite-belges-several-morts\/#primaryimage"},"thumbnailUrl":"https:\/\/vieassociative.be\/actualites\/wp-content\/uploads\/2025\/08\/1756520237_EHEC-Infections-dans-les-maisons-de-retraite-belges-Several-morts.jpg","keywords":["belgesSeveral","dans","EHEC","infections","Les","maisons","morts","retraite"],"articleSection":["Belgique"],"inLanguage":"fr-BE"},{"@type":"WebPage","@id":"https:\/\/vieassociative.be\/actualites\/ehec-infections-dans-les-maisons-de-retraite-belges-several-morts\/","url":"https:\/\/vieassociative.be\/actualites\/ehec-infections-dans-les-maisons-de-retraite-belges-several-morts\/","name":"EHEC Infections dans les maisons de retraite belges-Several morts | Vie Associative","isPartOf":{"@id":"https:\/\/vieassociative.be\/actualites\/#website"},"primaryImageOfPage":{"@id":"https:\/\/vieassociative.be\/actualites\/ehec-infections-dans-les-maisons-de-retraite-belges-several-morts\/#primaryimage"},"image":{"@id":"https:\/\/vieassociative.be\/actualites\/ehec-infections-dans-les-maisons-de-retraite-belges-several-morts\/#primaryimage"},"thumbnailUrl":"https:\/\/vieassociative.be\/actualites\/wp-content\/uploads\/2025\/08\/1756520237_EHEC-Infections-dans-les-maisons-de-retraite-belges-Several-morts.jpg","datePublished":"2025-08-30T02:17:17+00:00","dateModified":"2025-08-30T02:17:17+00:00","breadcrumb":{"@id":"https:\/\/vieassociative.be\/actualites\/ehec-infections-dans-les-maisons-de-retraite-belges-several-morts\/#breadcrumb"},"inLanguage":"fr-BE","potentialAction":[{"@type":"ReadAction","target":["https:\/\/vieassociative.be\/actualites\/ehec-infections-dans-les-maisons-de-retraite-belges-several-morts\/"]}]},{"@type":"ImageObject","inLanguage":"fr-BE","@id":"https:\/\/vieassociative.be\/actualites\/ehec-infections-dans-les-maisons-de-retraite-belges-several-morts\/#primaryimage","url":"https:\/\/vieassociative.be\/actualites\/wp-content\/uploads\/2025\/08\/1756520237_EHEC-Infections-dans-les-maisons-de-retraite-belges-Several-morts.jpg","contentUrl":"https:\/\/vieassociative.be\/actualites\/wp-content\/uploads\/2025\/08\/1756520237_EHEC-Infections-dans-les-maisons-de-retraite-belges-Several-morts.jpg","width":1200,"height":805,"caption":"EHEC Infections dans les maisons de retraite belges-Several morts"},{"@type":"BreadcrumbList","@id":"https:\/\/vieassociative.be\/actualites\/ehec-infections-dans-les-maisons-de-retraite-belges-several-morts\/#breadcrumb","itemListElement":[{"@type":"ListItem","position":1,"name":"Accueil","item":"https:\/\/vieassociative.be\/actualites\/"},{"@type":"ListItem","position":2,"name":"EHEC Infections dans les maisons de retraite belges-Several morts"}]},{"@type":"WebSite","@id":"https:\/\/vieassociative.be\/actualites\/#website","url":"https:\/\/vieassociative.be\/actualites\/","name":"Vie Associative","description":"","publisher":{"@id":"https:\/\/vieassociative.be\/actualites\/#organization"},"potentialAction":[{"@type":"SearchAction","target":{"@type":"EntryPoint","urlTemplate":"https:\/\/vieassociative.be\/actualites\/?s={search_term_string}"},"query-input":{"@type":"PropertyValueSpecification","valueRequired":true,"valueName":"search_term_string"}}],"inLanguage":"fr-BE"},{"@type":"Organization","@id":"https:\/\/vieassociative.be\/actualites\/#organization","name":"Vie Associative","url":"https:\/\/vieassociative.be\/actualites\/","logo":{"@type":"ImageObject","inLanguage":"fr-BE","@id":"https:\/\/vieassociative.be\/actualites\/#\/schema\/logo\/image\/","url":"https:\/\/vieassociative.be\/actualites\/wp-content\/uploads\/2024\/09\/cropped-vieassociative_favicon.ico.png","contentUrl":"https:\/\/vieassociative.be\/actualites\/wp-content\/uploads\/2024\/09\/cropped-vieassociative_favicon.ico.png","width":512,"height":512,"caption":"Vie Associative"},"image":{"@id":"https:\/\/vieassociative.be\/actualites\/#\/schema\/logo\/image\/"}},{"@type":"Person","@id":"https:\/\/vieassociative.be\/actualites\/#\/schema\/person\/b87ac4f82f9d4e7b7cec7395b679edc4","name":"Julien","image":{"@type":"ImageObject","inLanguage":"fr-BE","@id":"https:\/\/vieassociative.be\/actualites\/#\/schema\/person\/image\/","url":"https:\/\/vieassociative.be\/actualites\/wp-content\/uploads\/2024\/09\/vie-associative-1-150x150.jpg","contentUrl":"https:\/\/vieassociative.be\/actualites\/wp-content\/uploads\/2024\/09\/vie-associative-1-150x150.jpg","caption":"Julien"},"description":"Je suis Julien, r\u00e9dacteur pour Vie Associative. Passionn\u00e9 par le monde associatif depuis plus de 10 ans, j'ai \u00e0 c\u0153ur de partager des histoires inspirantes et de mettre en lumi\u00e8re les initiatives locales. Mon objectif est de sensibiliser et d'encourager l'engagement communautaire \u00e0 travers mes articles.","sameAs":["https:\/\/vieassociative.be\/"]}]}},"_links":{"self":[{"href":"https:\/\/vieassociative.be\/actualites\/wp-json\/wp\/v2\/posts\/9710"}],"collection":[{"href":"https:\/\/vieassociative.be\/actualites\/wp-json\/wp\/v2\/posts"}],"about":[{"href":"https:\/\/vieassociative.be\/actualites\/wp-json\/wp\/v2\/types\/post"}],"author":[{"embeddable":true,"href":"https:\/\/vieassociative.be\/actualites\/wp-json\/wp\/v2\/users\/1"}],"replies":[{"embeddable":true,"href":"https:\/\/vieassociative.be\/actualites\/wp-json\/wp\/v2\/comments?post=9710"}],"version-history":[{"count":0,"href":"https:\/\/vieassociative.be\/actualites\/wp-json\/wp\/v2\/posts\/9710\/revisions"}],"wp:featuredmedia":[{"embeddable":true,"href":"https:\/\/vieassociative.be\/actualites\/wp-json\/wp\/v2\/media\/9711"}],"wp:attachment":[{"href":"https:\/\/vieassociative.be\/actualites\/wp-json\/wp\/v2\/media?parent=9710"}],"wp:term":[{"taxonomy":"category","embeddable":true,"href":"https:\/\/vieassociative.be\/actualites\/wp-json\/wp\/v2\/categories?post=9710"},{"taxonomy":"post_tag","embeddable":true,"href":"https:\/\/vieassociative.be\/actualites\/wp-json\/wp\/v2\/tags?post=9710"}],"curies":[{"name":"wp","href":"https:\/\/api.w.org\/{rel}","templated":true}]}}