{"id":9708,"date":"2025-08-30T03:19:39","date_gmt":"2025-08-30T01:19:39","guid":{"rendered":"https:\/\/vieassociative.be\/actualites\/chaque-samsung-galaxy-s25-est-en-vente-pour-la-fete-du-travail\/"},"modified":"2025-08-30T03:19:39","modified_gmt":"2025-08-30T01:19:39","slug":"chaque-samsung-galaxy-s25-est-en-vente-pour-la-fete-du-travail","status":"publish","type":"post","link":"https:\/\/vieassociative.be\/actualites\/chaque-samsung-galaxy-s25-est-en-vente-pour-la-fete-du-travail\/","title":{"rendered":"Chaque Samsung Galaxy S25 est en vente pour la f\u00eate du Travail"},"content":{"rendered":"<div class=\"mt-4 leading-6 md:mb-8\">Les Samsung Galaxy S25, S25 +, S25 Ultra et S25 Edge sont tous en vente pour la f\u00eate du Travail.<\/div>\n<p><\/p>\n<p><em>Ventes de la f\u00eate du Travail<\/em><em>  sont en force et Vie Associative partage les meilleures ventes<\/em><em>  Bas\u00e9 sur les revues de produits, les comparaisons et les outils de suivi des prix avant la fin. Vous pouvez \u00e9galement vous abonner \u00e0 notre newsletter de shopping<\/em><em>Ajouter au panier, pour les meilleures ventes envoy\u00e9es dans votre bo\u00eete de r\u00e9ception.<\/em><\/p>\n<hr>\n<p>Si vous \u00eates sur Android, il y a de fortes chances que vous utilisiez l&rsquo;un des t\u00e9l\u00e9phones de la s\u00e9rie Galaxy de Samsung. Ces t\u00e9l\u00e9phones sont rapides, fiables, obtiennent des mises \u00e0 jour et du support fr\u00e9quentes, et selon votre mod\u00e8le, emballez les meilleures cam\u00e9ras en classe. Les derniers t\u00e9l\u00e9phones Galaxy, du moins si vous ne comptez pas ceux qui se plient, proviennent de la s\u00e9rie Galaxy S25. Ceux-ci ont la derni\u00e8re et la plus grande technologie mobile Samsung, et comme la s\u00e9rie Galaxy S26 ne devrait pas sortir avant le d\u00e9but de l&rsquo;ann\u00e9e prochaine, ils seront toujours pertinents pour un bon moment. La f\u00eate du Travail a des offres sur chaque S25 que vous pouvez acheter, ce qui signifie que c&rsquo;est le moment id\u00e9al pour investir dans un Galaxy S25.<\/p>\n<div class=\"shadow-b-2 mb-12 mt-10 rounded-md border-2 border-(#F0F0F0) px-6 py-2 shadow-lg md:px-12\" role=\"region\" aria-label=\"Products List\" x-data=\"{ showMore: false }\">\n<div class=\"flex w-full gap-x-5\">\n<div class=\"flex w-full flex-col flex-nowrap justify-center gap-2 text-black no-underline md:order-2 md:gap-y-6\">\n<div class=\"flex flex-col justify-between gap-y-2 md:w-full md:gap-y-1\">\n<div class=\"block w-fit cursor-pointer font-akshar text-lg font-medium leading-5 text-brand-green duration-200 ease-in-out hover:text-brand-green-700 md:text-xl md:leading-6\">\n<p>                            Samsung Galaxy S25\n                        <\/p><\/div>\n<\/p><\/div>\n<div class=\"hidden md:flex md:justify-between md:gap-x-4\">\n<div class=\"w-full mb-0 md:flex md:flex-col md:justify-center font-sans leading-4 text-black\">\n<div class=\"flex flex-wrap items-center justify-center gap-1 md:justify-start\">\n        <span class=\"font-bold\"><\/p>\n<p>            779,99 $<br \/>\n                            <span class=\"font-medium\">\u00e0 Amazon<\/span><br \/>\n                    <\/span>\n            <\/div>\n<div class=\"flex items-center justify-center gap-x-1 font-bold md:justify-start\">\n            <span class=\"text-sm line-through\">859,99 $<\/span><br \/>\n            <span class=\"text-sm text-brand-green\">\u00c9conomisez 80,00 $<\/span>\n        <\/div>\n<\/p><\/div>\n<p>                            <button class=\"flex justify-center items-center w-full bg-brand-green text-white text-base font-sans font-medium rounded-md hover:bg-brand-green-700 hover:cursor-pointer md:text-sm hidden self-end h-12 max-w-(10rem) duration-200 ease-in-out hover:bg-brand-green-700 md:flex md:h-10\"><\/p>\n<p>    Conclure un accord<br \/>\n<\/button>\n                        <\/div>\n<\/p><\/div>\n<div class=\"flex aspect-video h-(90px) shrink-0 items-center justify-center self-center md:order-1\">\n                        <img decoding=\"async\" class=\"m-0 max-h-full max-w-full rounded-md\" src=\"https:\/\/vieassociative.be\/actualites\/wp-content\/uploads\/2025\/08\/Chaque-Samsung-Galaxy-S25-est-en-vente-pour-la-fete.jpg\" alt=\"T\u00e9l\u00e9phone cellulaire Samsung Galaxy S25, smartphone AI de 256 Go, Android d\u00e9verrouill\u00e9, appareil photo IA, processeur rapide, affichage de la proscaler, longue dur\u00e9e de vie de la batterie, 2025, garantie du fabricant de 1 an, argent, ombre argent\u00e9e\" width=\"auto\" height=\"auto\" loading=\"lazy\">\n                    <\/div>\n<\/p><\/div>\n<p>                            <button class=\"flex justify-center items-center w-full bg-brand-green text-white text-base font-sans font-medium rounded-md hover:bg-brand-green-700 hover:cursor-pointer md:text-sm w-full h-12 duration-200 ease-in-out hover:bg-brand-green-700 md:hidden md:h-10\"><\/p>\n<p>    Conclure un accord<br \/>\n<\/button><\/p>\n<div class=\"flex flex-col items-center w-full md:hidden font-sans leading-4 text-black\">\n<div class=\"flex flex-wrap items-center justify-center gap-1 md:justify-start\">\n        <span class=\"font-bold\"><\/p>\n<p>            779,99 $<br \/>\n                            <span class=\"font-medium\">\u00e0 Amazon<\/span><br \/>\n                    <\/span>\n            <\/div>\n<div class=\"flex items-center justify-center gap-x-1 font-bold md:justify-start\">\n            <span class=\"text-sm line-through\">859,99 $<\/span><br \/>\n            <span class=\"text-sm text-brand-green\">\u00c9conomisez 80,00 $<\/span>\n        <\/div>\n<\/p><\/div>\n<div class=\"flex w-full gap-x-5\">\n<div class=\"flex w-full flex-col flex-nowrap justify-center gap-2 text-black no-underline md:order-2 md:gap-y-6\">\n<div class=\"flex flex-col justify-between gap-y-2 md:w-full md:gap-y-1\">\n<div class=\"block w-fit cursor-pointer font-akshar text-lg font-medium leading-5 text-brand-green duration-200 ease-in-out hover:text-brand-green-700 md:text-xl md:leading-6\">\n<p>                            Samsung Galaxy S25 +\n                        <\/p><\/div>\n<\/p><\/div>\n<div class=\"hidden md:flex md:justify-between md:gap-x-4\">\n<div class=\"w-full mb-0 md:flex md:flex-col md:justify-center font-sans leading-4 text-black\">\n<div class=\"flex flex-wrap items-center justify-center gap-1 md:justify-start\">\n        <span class=\"font-bold\"><\/p>\n<p>            849,99 $<br \/>\n                            <span class=\"font-medium\">\u00e0 Amazon<\/span><br \/>\n                    <\/span>\n            <\/div>\n<div class=\"flex items-center justify-center gap-x-1 font-bold md:justify-start\">\n            <span class=\"text-sm line-through\">999,99 $<\/span><br \/>\n            <span class=\"text-sm text-brand-green\">\u00c9conomisez 150,00 $<\/span>\n        <\/div>\n<\/p><\/div>\n<p>                            <button class=\"flex justify-center items-center w-full bg-brand-green text-white text-base font-sans font-medium rounded-md hover:bg-brand-green-700 hover:cursor-pointer md:text-sm hidden self-end h-12 max-w-(10rem) duration-200 ease-in-out hover:bg-brand-green-700 md:flex md:h-10\"><\/p>\n<p>    Conclure un accord<br \/>\n<\/button>\n                        <\/div>\n<\/p><\/div>\n<div class=\"flex aspect-video h-(90px) shrink-0 items-center justify-center self-center md:order-1\">\n                        <img decoding=\"async\" class=\"m-0 max-h-full max-w-full rounded-md\" src=\"https:\/\/vieassociative.be\/actualites\/wp-content\/uploads\/2025\/08\/1756516778_312_Chaque-Samsung-Galaxy-S25-est-en-vente-pour-la-fete.jpg\" alt=\"Samsung Galaxy S25 + t\u00e9l\u00e9phone portable, smartphone 256 Go, Android d\u00e9verrouill\u00e9, appareil photo en mode nocturne, Snapdragon 8 Processeur rapide, affichage de la proscaler, batterie 4900mAh, 2025, garantie de 1 an, iCyBlue\" width=\"auto\" height=\"auto\" loading=\"lazy\">\n                    <\/div>\n<\/p><\/div>\n<p>                            <button class=\"flex justify-center items-center w-full bg-brand-green text-white text-base font-sans font-medium rounded-md hover:bg-brand-green-700 hover:cursor-pointer md:text-sm w-full h-12 duration-200 ease-in-out hover:bg-brand-green-700 md:hidden md:h-10\"><\/p>\n<p>    Conclure un accord<br \/>\n<\/button><\/p>\n<div class=\"flex flex-col items-center w-full md:hidden font-sans leading-4 text-black\">\n<div class=\"flex flex-wrap items-center justify-center gap-1 md:justify-start\">\n        <span class=\"font-bold\"><\/p>\n<p>            849,99 $<br \/>\n                            <span class=\"font-medium\">\u00e0 Amazon<\/span><br \/>\n                    <\/span>\n            <\/div>\n<div class=\"flex items-center justify-center gap-x-1 font-bold md:justify-start\">\n            <span class=\"text-sm line-through\">999,99 $<\/span><br \/>\n            <span class=\"text-sm text-brand-green\">\u00c9conomisez 150,00 $<\/span>\n        <\/div>\n<\/p><\/div>\n<div class=\"flex w-full gap-x-5\">\n<div class=\"flex w-full flex-col flex-nowrap justify-center gap-2 text-black no-underline md:order-2 md:gap-y-6\">\n<div class=\"flex flex-col justify-between gap-y-2 md:w-full md:gap-y-1\">\n<div class=\"block w-fit cursor-pointer font-akshar text-lg font-medium leading-5 text-brand-green duration-200 ease-in-out hover:text-brand-green-700 md:text-xl md:leading-6\">\n<p>                            Samsung Galaxy S25 Ultra\n                        <\/p><\/div>\n<\/p><\/div>\n<div class=\"hidden md:flex md:justify-between md:gap-x-4\">\n<div class=\"w-full mb-0 md:flex md:flex-col md:justify-center font-sans leading-4 text-black\">\n<div class=\"flex flex-wrap items-center justify-center gap-1 md:justify-start\">\n        <span class=\"font-bold\"><\/p>\n<p>            1 169,99 $<br \/>\n                            <span class=\"font-medium\">\u00e0 Amazon<\/span><br \/>\n                    <\/span>\n            <\/div>\n<div class=\"flex items-center justify-center gap-x-1 font-bold md:justify-start\">\n            <span class=\"text-sm line-through\">1 419,99 $<\/span><br \/>\n            <span class=\"text-sm text-brand-green\">\u00c9conomisez 250,00 $<\/span>\n        <\/div>\n<\/p><\/div>\n<p>                            <button class=\"flex justify-center items-center w-full bg-brand-green text-white text-base font-sans font-medium rounded-md hover:bg-brand-green-700 hover:cursor-pointer md:text-sm hidden self-end h-12 max-w-(10rem) duration-200 ease-in-out hover:bg-brand-green-700 md:flex md:h-10\"><\/p>\n<p>    Conclure un accord<br \/>\n<\/button>\n                        <\/div>\n<\/p><\/div>\n<div class=\"flex aspect-video h-(90px) shrink-0 items-center justify-center self-center md:order-1\">\n                        <img decoding=\"async\" class=\"m-0 max-h-full max-w-full rounded-md\" src=\"https:\/\/vieassociative.be\/actualites\/wp-content\/uploads\/2025\/08\/1756516778_750_Chaque-Samsung-Galaxy-S25-est-en-vente-pour-la-fete.jpg\" alt=\"Samsung Galaxy S25 Ultra Cell T\u00e9l\u00e9phone, smartphone AI 512 Go, Android d\u00e9verrouill\u00e9, appareil photo IA, processeur rapide, longue dur\u00e9e de vie de la batterie, 2025, garantie du fabricant de 1 an, titane Whitesilver\" width=\"auto\" height=\"auto\" loading=\"lazy\">\n                    <\/div>\n<\/p><\/div>\n<p>                            <button class=\"flex justify-center items-center w-full bg-brand-green text-white text-base font-sans font-medium rounded-md hover:bg-brand-green-700 hover:cursor-pointer md:text-sm w-full h-12 duration-200 ease-in-out hover:bg-brand-green-700 md:hidden md:h-10\"><\/p>\n<p>    Conclure un accord<br \/>\n<\/button><\/p>\n<div class=\"flex flex-col items-center w-full md:hidden font-sans leading-4 text-black\">\n<div class=\"flex flex-wrap items-center justify-center gap-1 md:justify-start\">\n        <span class=\"font-bold\"><\/p>\n<p>            1 169,99 $<br \/>\n                            <span class=\"font-medium\">\u00e0 Amazon<\/span><br \/>\n                    <\/span>\n            <\/div>\n<div class=\"flex items-center justify-center gap-x-1 font-bold md:justify-start\">\n            <span class=\"text-sm line-through\">1 419,99 $<\/span><br \/>\n            <span class=\"text-sm text-brand-green\">\u00c9conomisez 250,00 $<\/span>\n        <\/div>\n<\/p><\/div>\n<div class=\"flex w-full gap-x-5\">\n<div class=\"flex w-full flex-col flex-nowrap justify-center gap-2 text-black no-underline md:order-2 md:gap-y-6\">\n<div class=\"flex flex-col justify-between gap-y-2 md:w-full md:gap-y-1\">\n<div class=\"block w-fit cursor-pointer font-akshar text-lg font-medium leading-5 text-brand-green duration-200 ease-in-out hover:text-brand-green-700 md:text-xl md:leading-6\">\n<p>                            Edge Samsung Galaxy S25\n                        <\/p><\/div>\n<\/p><\/div>\n<div class=\"hidden md:flex md:justify-between md:gap-x-4\">\n<div class=\"w-full mb-0 md:flex md:flex-col md:justify-center font-sans leading-4 text-black\">\n<div class=\"flex flex-wrap items-center justify-center gap-1 md:justify-start\">\n        <span class=\"font-bold\"><\/p>\n<p>            969,99 $<br \/>\n                            <span class=\"font-medium\">\u00e0 Amazon<\/span><br \/>\n                    <\/span>\n            <\/div>\n<div class=\"flex items-center justify-center gap-x-1 font-bold md:justify-start\">\n            <span class=\"text-sm line-through\">1 219,99 $<\/span><br \/>\n            <span class=\"text-sm text-brand-green\">\u00c9conomisez 250,00 $<\/span>\n        <\/div>\n<\/p><\/div>\n<p>                            <button class=\"flex justify-center items-center w-full bg-brand-green text-white text-base font-sans font-medium rounded-md hover:bg-brand-green-700 hover:cursor-pointer md:text-sm hidden self-end h-12 max-w-(10rem) duration-200 ease-in-out hover:bg-brand-green-700 md:flex md:h-10\"><\/p>\n<p>    Conclure un accord<br \/>\n<\/button>\n                        <\/div>\n<\/p><\/div>\n<div class=\"flex aspect-video h-(90px) shrink-0 items-center justify-center self-center md:order-1\">\n                        <img decoding=\"async\" class=\"m-0 max-h-full max-w-full rounded-md\" src=\"https:\/\/vieassociative.be\/actualites\/wp-content\/uploads\/2025\/08\/1756516778_70_Chaque-Samsung-Galaxy-S25-est-en-vente-pour-la-fete.jpg\" alt=\"Edge Samsung Galaxy S25\" width=\"auto\" height=\"auto\" loading=\"lazy\">\n                    <\/div>\n<\/p><\/div>\n<p>                            <button class=\"flex justify-center items-center w-full bg-brand-green text-white text-base font-sans font-medium rounded-md hover:bg-brand-green-700 hover:cursor-pointer md:text-sm w-full h-12 duration-200 ease-in-out hover:bg-brand-green-700 md:hidden md:h-10\"><\/p>\n<p>    Conclure un accord<br \/>\n<\/button><\/p>\n<div class=\"flex flex-col items-center w-full md:hidden font-sans leading-4 text-black\">\n<div class=\"flex flex-wrap items-center justify-center gap-1 md:justify-start\">\n        <span class=\"font-bold\"><\/p>\n<p>            969,99 $<br \/>\n                            <span class=\"font-medium\">\u00e0 Amazon<\/span><br \/>\n                    <\/span>\n            <\/div>\n<div class=\"flex items-center justify-center gap-x-1 font-bold md:justify-start\">\n            <span class=\"text-sm line-through\">1 219,99 $<\/span><br \/>\n            <span class=\"text-sm text-brand-green\">\u00c9conomisez 250,00 $<\/span>\n        <\/div>\n<\/p><\/div>\n<\/div>\n<p>La galaxie la plus abordable en ce moment est la Galaxy S25 de base. Ce t\u00e9l\u00e9phone est livr\u00e9 avec un Snapdragon 8 Elite sp\u00e9cial pour Galaxy Chip, qui prend un processeur d\u00e9j\u00e0 rapide et le sp\u00e9cialise pour l&rsquo;appareil de Samsung. Il a \u00e9galement un \u00e9cran AMOLED de 6,2 pouces avec un taux de rafra\u00eechissement de 120 Hz et un syst\u00e8me de cam\u00e9ra g\u00e9n\u00e9reux pour un mod\u00e8le de base, avec une lentille principale de 50 MP. La m\u00e9moire est de 12 Go et le stockage commence \u00e0 128 Go.<\/p>\n<p>Le Galaxy S25 + est la prochaine \u00e9tape et a la plupart des m\u00eames sp\u00e9cifications que le mod\u00e8le standard, mais augmente la taille de l&rsquo;\u00e9cran \u00e0 6,7 pouces. Il faut \u00e9galement la r\u00e9solution maximale de 2 340 x 1 080 \u00e0 3 120 x 1 440, et augmente le stockage de base \u00e0 256 Go.<\/p>\n<p>Pour les utilisateurs professionnels, le Galaxy S25 Ultra conserve l&rsquo;\u00e9lite Snapdragon 8 pour Galaxy Chip, mais change \u00e0 peu pr\u00e8s tout le reste. Cela signifie qu&rsquo;il a un \u00e9cran encore plus grand de 6,9 \u200b\u200bpouces (bien que la r\u00e9solution reste la m\u00eame que sur le S25 +), mais la mise \u00e0 niveau r\u00e9elle est vers le syst\u00e8me de cam\u00e9ra. L&rsquo;appareil photo principal de ce t\u00e9l\u00e9phone est de 200 MP, ce qui est le plus \u00e9lev\u00e9 que vous trouverez sur un smartphone.<\/p>\n<p>Enfin, il y a le Galaxy S25 Edge, qui est un peu comme un croisement entre un S25 Ultra et un S25 +. Son \u00e9cran correspond au S25 +, mais sa cam\u00e9ra arri\u00e8re conserve l&rsquo;objectif principal de 200 MP. Malheureusement, cependant, il perd un t\u00e9l\u00e9objectif &#8211; quelque chose que tous les autres t\u00e9l\u00e9phones de cette liste ont &#8211; et son objectif ultraide est 12MP (comme sur le S25 +) par opposition \u00e0 50MP (comme sur l&rsquo;ultra). En tant que consolation, c&rsquo;est le t\u00e9l\u00e9phone le plus mince de cette liste, \u00e0 0,22 pouce d&rsquo;\u00e9paisseur.<\/p>\n","protected":false},"excerpt":{"rendered":"<p>Les Samsung Galaxy S25, S25 +, S25 Ultra et S25 Edge sont tous en vente pour la f\u00eate du Travail. Ventes de la f\u00eate du<\/p>\n","protected":false},"author":1,"featured_media":9709,"comment_status":"","ping_status":"","sticky":false,"template":"","format":"standard","meta":{"footnotes":""},"categories":[13],"tags":[90,76,1485,4183,81,4796,1878,504,223],"class_list":["post-9708","post","type-post","status-publish","format-standard","has-post-thumbnail","hentry","category-technologie","tag-chaque","tag-est","tag-fete","tag-galaxy","tag-pour","tag-s25","tag-samsung","tag-travail","tag-vente","generate-columns","tablet-grid-50","mobile-grid-100","grid-parent","grid-33"],"yoast_head":"<!-- This site is optimized with the Yoast SEO plugin v24.0 - https:\/\/yoast.com\/wordpress\/plugins\/seo\/ -->\n<title>Chaque Samsung Galaxy S25 est en vente pour la f\u00eate du Travail | Vie Associative<\/title>\n<meta name=\"robots\" content=\"index, follow, max-snippet:-1, max-image-preview:large, max-video-preview:-1\" \/>\n<link rel=\"canonical\" href=\"https:\/\/vieassociative.be\/actualites\/chaque-samsung-galaxy-s25-est-en-vente-pour-la-fete-du-travail\/\" \/>\n<meta property=\"og:locale\" content=\"fr_FR\" \/>\n<meta property=\"og:type\" content=\"article\" \/>\n<meta property=\"og:title\" content=\"Chaque Samsung Galaxy S25 est en vente pour la f\u00eate du Travail | Vie Associative\" \/>\n<meta property=\"og:description\" content=\"Les Samsung Galaxy S25, S25 +, S25 Ultra et S25 Edge sont tous en vente pour la f\u00eate du Travail. Ventes de la f\u00eate du\" \/>\n<meta property=\"og:url\" content=\"https:\/\/vieassociative.be\/actualites\/chaque-samsung-galaxy-s25-est-en-vente-pour-la-fete-du-travail\/\" \/>\n<meta property=\"og:site_name\" content=\"Vie Associative\" \/>\n<meta property=\"article:published_time\" content=\"2025-08-30T01:19:39+00:00\" \/>\n<meta property=\"og:image\" content=\"https:\/\/vieassociative.be\/actualites\/wp-content\/uploads\/2025\/08\/Chaque-Samsung-Galaxy-S25-est-en-vente-pour-la-fete.jpg\" \/>\n<meta name=\"author\" content=\"Julien\" \/>\n<meta name=\"twitter:card\" content=\"summary_large_image\" \/>\n<meta name=\"twitter:label1\" content=\"\u00c9crit par\" \/>\n\t<meta name=\"twitter:data1\" content=\"Julien\" \/>\n\t<meta name=\"twitter:label2\" content=\"Dur\u00e9e de lecture est.\" \/>\n\t<meta name=\"twitter:data2\" content=\"3 minutes\" \/>\n<script type=\"application\/ld+json\" class=\"yoast-schema-graph\">{\"@context\":\"https:\/\/schema.org\",\"@graph\":[{\"@type\":\"Article\",\"@id\":\"https:\/\/vieassociative.be\/actualites\/chaque-samsung-galaxy-s25-est-en-vente-pour-la-fete-du-travail\/#article\",\"isPartOf\":{\"@id\":\"https:\/\/vieassociative.be\/actualites\/chaque-samsung-galaxy-s25-est-en-vente-pour-la-fete-du-travail\/\"},\"author\":{\"name\":\"Julien\",\"@id\":\"https:\/\/vieassociative.be\/actualites\/#\/schema\/person\/b87ac4f82f9d4e7b7cec7395b679edc4\"},\"headline\":\"Chaque Samsung Galaxy S25 est en vente pour la f\u00eate du Travail\",\"datePublished\":\"2025-08-30T01:19:39+00:00\",\"dateModified\":\"2025-08-30T01:19:39+00:00\",\"mainEntityOfPage\":{\"@id\":\"https:\/\/vieassociative.be\/actualites\/chaque-samsung-galaxy-s25-est-en-vente-pour-la-fete-du-travail\/\"},\"wordCount\":621,\"publisher\":{\"@id\":\"https:\/\/vieassociative.be\/actualites\/#organization\"},\"image\":{\"@id\":\"https:\/\/vieassociative.be\/actualites\/chaque-samsung-galaxy-s25-est-en-vente-pour-la-fete-du-travail\/#primaryimage\"},\"thumbnailUrl\":\"https:\/\/vieassociative.be\/actualites\/wp-content\/uploads\/2025\/08\/Chaque-Samsung-Galaxy-S25-est-en-vente-pour-la-fete.png\",\"keywords\":[\"chaque\",\"est\",\"f\u00eate\",\"Galaxy\",\"pour\",\"S25\",\"Samsung\",\"travail\",\"vente\"],\"articleSection\":[\"Technologie\"],\"inLanguage\":\"fr-BE\"},{\"@type\":\"WebPage\",\"@id\":\"https:\/\/vieassociative.be\/actualites\/chaque-samsung-galaxy-s25-est-en-vente-pour-la-fete-du-travail\/\",\"url\":\"https:\/\/vieassociative.be\/actualites\/chaque-samsung-galaxy-s25-est-en-vente-pour-la-fete-du-travail\/\",\"name\":\"Chaque Samsung Galaxy S25 est en vente pour la f\u00eate du Travail | Vie Associative\",\"isPartOf\":{\"@id\":\"https:\/\/vieassociative.be\/actualites\/#website\"},\"primaryImageOfPage\":{\"@id\":\"https:\/\/vieassociative.be\/actualites\/chaque-samsung-galaxy-s25-est-en-vente-pour-la-fete-du-travail\/#primaryimage\"},\"image\":{\"@id\":\"https:\/\/vieassociative.be\/actualites\/chaque-samsung-galaxy-s25-est-en-vente-pour-la-fete-du-travail\/#primaryimage\"},\"thumbnailUrl\":\"https:\/\/vieassociative.be\/actualites\/wp-content\/uploads\/2025\/08\/Chaque-Samsung-Galaxy-S25-est-en-vente-pour-la-fete.png\",\"datePublished\":\"2025-08-30T01:19:39+00:00\",\"dateModified\":\"2025-08-30T01:19:39+00:00\",\"breadcrumb\":{\"@id\":\"https:\/\/vieassociative.be\/actualites\/chaque-samsung-galaxy-s25-est-en-vente-pour-la-fete-du-travail\/#breadcrumb\"},\"inLanguage\":\"fr-BE\",\"potentialAction\":[{\"@type\":\"ReadAction\",\"target\":[\"https:\/\/vieassociative.be\/actualites\/chaque-samsung-galaxy-s25-est-en-vente-pour-la-fete-du-travail\/\"]}]},{\"@type\":\"ImageObject\",\"inLanguage\":\"fr-BE\",\"@id\":\"https:\/\/vieassociative.be\/actualites\/chaque-samsung-galaxy-s25-est-en-vente-pour-la-fete-du-travail\/#primaryimage\",\"url\":\"https:\/\/vieassociative.be\/actualites\/wp-content\/uploads\/2025\/08\/Chaque-Samsung-Galaxy-S25-est-en-vente-pour-la-fete.png\",\"contentUrl\":\"https:\/\/vieassociative.be\/actualites\/wp-content\/uploads\/2025\/08\/Chaque-Samsung-Galaxy-S25-est-en-vente-pour-la-fete.png\",\"width\":1200,\"height\":675,\"caption\":\"Chaque Samsung Galaxy S25 est en vente pour la f\u00eate du Travail\"},{\"@type\":\"BreadcrumbList\",\"@id\":\"https:\/\/vieassociative.be\/actualites\/chaque-samsung-galaxy-s25-est-en-vente-pour-la-fete-du-travail\/#breadcrumb\",\"itemListElement\":[{\"@type\":\"ListItem\",\"position\":1,\"name\":\"Accueil\",\"item\":\"https:\/\/vieassociative.be\/actualites\/\"},{\"@type\":\"ListItem\",\"position\":2,\"name\":\"Chaque Samsung Galaxy S25 est en vente pour la f\u00eate du Travail\"}]},{\"@type\":\"WebSite\",\"@id\":\"https:\/\/vieassociative.be\/actualites\/#website\",\"url\":\"https:\/\/vieassociative.be\/actualites\/\",\"name\":\"Vie Associative\",\"description\":\"\",\"publisher\":{\"@id\":\"https:\/\/vieassociative.be\/actualites\/#organization\"},\"potentialAction\":[{\"@type\":\"SearchAction\",\"target\":{\"@type\":\"EntryPoint\",\"urlTemplate\":\"https:\/\/vieassociative.be\/actualites\/?s={search_term_string}\"},\"query-input\":{\"@type\":\"PropertyValueSpecification\",\"valueRequired\":true,\"valueName\":\"search_term_string\"}}],\"inLanguage\":\"fr-BE\"},{\"@type\":\"Organization\",\"@id\":\"https:\/\/vieassociative.be\/actualites\/#organization\",\"name\":\"Vie Associative\",\"url\":\"https:\/\/vieassociative.be\/actualites\/\",\"logo\":{\"@type\":\"ImageObject\",\"inLanguage\":\"fr-BE\",\"@id\":\"https:\/\/vieassociative.be\/actualites\/#\/schema\/logo\/image\/\",\"url\":\"https:\/\/vieassociative.be\/actualites\/wp-content\/uploads\/2024\/09\/cropped-vieassociative_favicon.ico.png\",\"contentUrl\":\"https:\/\/vieassociative.be\/actualites\/wp-content\/uploads\/2024\/09\/cropped-vieassociative_favicon.ico.png\",\"width\":512,\"height\":512,\"caption\":\"Vie Associative\"},\"image\":{\"@id\":\"https:\/\/vieassociative.be\/actualites\/#\/schema\/logo\/image\/\"}},{\"@type\":\"Person\",\"@id\":\"https:\/\/vieassociative.be\/actualites\/#\/schema\/person\/b87ac4f82f9d4e7b7cec7395b679edc4\",\"name\":\"Julien\",\"image\":{\"@type\":\"ImageObject\",\"inLanguage\":\"fr-BE\",\"@id\":\"https:\/\/vieassociative.be\/actualites\/#\/schema\/person\/image\/\",\"url\":\"https:\/\/vieassociative.be\/actualites\/wp-content\/uploads\/2024\/09\/vie-associative-1-150x150.jpg\",\"contentUrl\":\"https:\/\/vieassociative.be\/actualites\/wp-content\/uploads\/2024\/09\/vie-associative-1-150x150.jpg\",\"caption\":\"Julien\"},\"description\":\"Je suis Julien, r\u00e9dacteur pour Vie Associative. Passionn\u00e9 par le monde associatif depuis plus de 10 ans, j'ai \u00e0 c\u0153ur de partager des histoires inspirantes et de mettre en lumi\u00e8re les initiatives locales. Mon objectif est de sensibiliser et d'encourager l'engagement communautaire \u00e0 travers mes articles.\",\"sameAs\":[\"https:\/\/vieassociative.be\/\"]}]}<\/script>\n<!-- \/ Yoast SEO plugin. -->","yoast_head_json":{"title":"Chaque Samsung Galaxy S25 est en vente pour la f\u00eate du Travail | Vie Associative","robots":{"index":"index","follow":"follow","max-snippet":"max-snippet:-1","max-image-preview":"max-image-preview:large","max-video-preview":"max-video-preview:-1"},"canonical":"https:\/\/vieassociative.be\/actualites\/chaque-samsung-galaxy-s25-est-en-vente-pour-la-fete-du-travail\/","og_locale":"fr_FR","og_type":"article","og_title":"Chaque Samsung Galaxy S25 est en vente pour la f\u00eate du Travail | Vie Associative","og_description":"Les Samsung Galaxy S25, S25 +, S25 Ultra et S25 Edge sont tous en vente pour la f\u00eate du Travail. Ventes de la f\u00eate du","og_url":"https:\/\/vieassociative.be\/actualites\/chaque-samsung-galaxy-s25-est-en-vente-pour-la-fete-du-travail\/","og_site_name":"Vie Associative","article_published_time":"2025-08-30T01:19:39+00:00","og_image":[{"url":"https:\/\/vieassociative.be\/actualites\/wp-content\/uploads\/2025\/08\/Chaque-Samsung-Galaxy-S25-est-en-vente-pour-la-fete.jpg","type":"","width":"","height":""}],"author":"Julien","twitter_card":"summary_large_image","twitter_misc":{"\u00c9crit par":"Julien","Dur\u00e9e de lecture est.":"3 minutes"},"schema":{"@context":"https:\/\/schema.org","@graph":[{"@type":"Article","@id":"https:\/\/vieassociative.be\/actualites\/chaque-samsung-galaxy-s25-est-en-vente-pour-la-fete-du-travail\/#article","isPartOf":{"@id":"https:\/\/vieassociative.be\/actualites\/chaque-samsung-galaxy-s25-est-en-vente-pour-la-fete-du-travail\/"},"author":{"name":"Julien","@id":"https:\/\/vieassociative.be\/actualites\/#\/schema\/person\/b87ac4f82f9d4e7b7cec7395b679edc4"},"headline":"Chaque Samsung Galaxy S25 est en vente pour la f\u00eate du Travail","datePublished":"2025-08-30T01:19:39+00:00","dateModified":"2025-08-30T01:19:39+00:00","mainEntityOfPage":{"@id":"https:\/\/vieassociative.be\/actualites\/chaque-samsung-galaxy-s25-est-en-vente-pour-la-fete-du-travail\/"},"wordCount":621,"publisher":{"@id":"https:\/\/vieassociative.be\/actualites\/#organization"},"image":{"@id":"https:\/\/vieassociative.be\/actualites\/chaque-samsung-galaxy-s25-est-en-vente-pour-la-fete-du-travail\/#primaryimage"},"thumbnailUrl":"https:\/\/vieassociative.be\/actualites\/wp-content\/uploads\/2025\/08\/Chaque-Samsung-Galaxy-S25-est-en-vente-pour-la-fete.png","keywords":["chaque","est","f\u00eate","Galaxy","pour","S25","Samsung","travail","vente"],"articleSection":["Technologie"],"inLanguage":"fr-BE"},{"@type":"WebPage","@id":"https:\/\/vieassociative.be\/actualites\/chaque-samsung-galaxy-s25-est-en-vente-pour-la-fete-du-travail\/","url":"https:\/\/vieassociative.be\/actualites\/chaque-samsung-galaxy-s25-est-en-vente-pour-la-fete-du-travail\/","name":"Chaque Samsung Galaxy S25 est en vente pour la f\u00eate du Travail | Vie Associative","isPartOf":{"@id":"https:\/\/vieassociative.be\/actualites\/#website"},"primaryImageOfPage":{"@id":"https:\/\/vieassociative.be\/actualites\/chaque-samsung-galaxy-s25-est-en-vente-pour-la-fete-du-travail\/#primaryimage"},"image":{"@id":"https:\/\/vieassociative.be\/actualites\/chaque-samsung-galaxy-s25-est-en-vente-pour-la-fete-du-travail\/#primaryimage"},"thumbnailUrl":"https:\/\/vieassociative.be\/actualites\/wp-content\/uploads\/2025\/08\/Chaque-Samsung-Galaxy-S25-est-en-vente-pour-la-fete.png","datePublished":"2025-08-30T01:19:39+00:00","dateModified":"2025-08-30T01:19:39+00:00","breadcrumb":{"@id":"https:\/\/vieassociative.be\/actualites\/chaque-samsung-galaxy-s25-est-en-vente-pour-la-fete-du-travail\/#breadcrumb"},"inLanguage":"fr-BE","potentialAction":[{"@type":"ReadAction","target":["https:\/\/vieassociative.be\/actualites\/chaque-samsung-galaxy-s25-est-en-vente-pour-la-fete-du-travail\/"]}]},{"@type":"ImageObject","inLanguage":"fr-BE","@id":"https:\/\/vieassociative.be\/actualites\/chaque-samsung-galaxy-s25-est-en-vente-pour-la-fete-du-travail\/#primaryimage","url":"https:\/\/vieassociative.be\/actualites\/wp-content\/uploads\/2025\/08\/Chaque-Samsung-Galaxy-S25-est-en-vente-pour-la-fete.png","contentUrl":"https:\/\/vieassociative.be\/actualites\/wp-content\/uploads\/2025\/08\/Chaque-Samsung-Galaxy-S25-est-en-vente-pour-la-fete.png","width":1200,"height":675,"caption":"Chaque Samsung Galaxy S25 est en vente pour la f\u00eate du Travail"},{"@type":"BreadcrumbList","@id":"https:\/\/vieassociative.be\/actualites\/chaque-samsung-galaxy-s25-est-en-vente-pour-la-fete-du-travail\/#breadcrumb","itemListElement":[{"@type":"ListItem","position":1,"name":"Accueil","item":"https:\/\/vieassociative.be\/actualites\/"},{"@type":"ListItem","position":2,"name":"Chaque Samsung Galaxy S25 est en vente pour la f\u00eate du Travail"}]},{"@type":"WebSite","@id":"https:\/\/vieassociative.be\/actualites\/#website","url":"https:\/\/vieassociative.be\/actualites\/","name":"Vie Associative","description":"","publisher":{"@id":"https:\/\/vieassociative.be\/actualites\/#organization"},"potentialAction":[{"@type":"SearchAction","target":{"@type":"EntryPoint","urlTemplate":"https:\/\/vieassociative.be\/actualites\/?s={search_term_string}"},"query-input":{"@type":"PropertyValueSpecification","valueRequired":true,"valueName":"search_term_string"}}],"inLanguage":"fr-BE"},{"@type":"Organization","@id":"https:\/\/vieassociative.be\/actualites\/#organization","name":"Vie Associative","url":"https:\/\/vieassociative.be\/actualites\/","logo":{"@type":"ImageObject","inLanguage":"fr-BE","@id":"https:\/\/vieassociative.be\/actualites\/#\/schema\/logo\/image\/","url":"https:\/\/vieassociative.be\/actualites\/wp-content\/uploads\/2024\/09\/cropped-vieassociative_favicon.ico.png","contentUrl":"https:\/\/vieassociative.be\/actualites\/wp-content\/uploads\/2024\/09\/cropped-vieassociative_favicon.ico.png","width":512,"height":512,"caption":"Vie Associative"},"image":{"@id":"https:\/\/vieassociative.be\/actualites\/#\/schema\/logo\/image\/"}},{"@type":"Person","@id":"https:\/\/vieassociative.be\/actualites\/#\/schema\/person\/b87ac4f82f9d4e7b7cec7395b679edc4","name":"Julien","image":{"@type":"ImageObject","inLanguage":"fr-BE","@id":"https:\/\/vieassociative.be\/actualites\/#\/schema\/person\/image\/","url":"https:\/\/vieassociative.be\/actualites\/wp-content\/uploads\/2024\/09\/vie-associative-1-150x150.jpg","contentUrl":"https:\/\/vieassociative.be\/actualites\/wp-content\/uploads\/2024\/09\/vie-associative-1-150x150.jpg","caption":"Julien"},"description":"Je suis Julien, r\u00e9dacteur pour Vie Associative. Passionn\u00e9 par le monde associatif depuis plus de 10 ans, j'ai \u00e0 c\u0153ur de partager des histoires inspirantes et de mettre en lumi\u00e8re les initiatives locales. Mon objectif est de sensibiliser et d'encourager l'engagement communautaire \u00e0 travers mes articles.","sameAs":["https:\/\/vieassociative.be\/"]}]}},"_links":{"self":[{"href":"https:\/\/vieassociative.be\/actualites\/wp-json\/wp\/v2\/posts\/9708"}],"collection":[{"href":"https:\/\/vieassociative.be\/actualites\/wp-json\/wp\/v2\/posts"}],"about":[{"href":"https:\/\/vieassociative.be\/actualites\/wp-json\/wp\/v2\/types\/post"}],"author":[{"embeddable":true,"href":"https:\/\/vieassociative.be\/actualites\/wp-json\/wp\/v2\/users\/1"}],"replies":[{"embeddable":true,"href":"https:\/\/vieassociative.be\/actualites\/wp-json\/wp\/v2\/comments?post=9708"}],"version-history":[{"count":0,"href":"https:\/\/vieassociative.be\/actualites\/wp-json\/wp\/v2\/posts\/9708\/revisions"}],"wp:featuredmedia":[{"embeddable":true,"href":"https:\/\/vieassociative.be\/actualites\/wp-json\/wp\/v2\/media\/9709"}],"wp:attachment":[{"href":"https:\/\/vieassociative.be\/actualites\/wp-json\/wp\/v2\/media?parent=9708"}],"wp:term":[{"taxonomy":"category","embeddable":true,"href":"https:\/\/vieassociative.be\/actualites\/wp-json\/wp\/v2\/categories?post=9708"},{"taxonomy":"post_tag","embeddable":true,"href":"https:\/\/vieassociative.be\/actualites\/wp-json\/wp\/v2\/tags?post=9708"}],"curies":[{"name":"wp","href":"https:\/\/api.w.org\/{rel}","templated":true}]}}