{"id":9704,"date":"2025-08-29T22:17:43","date_gmt":"2025-08-29T20:17:43","guid":{"rendered":"https:\/\/vieassociative.be\/actualites\/en-2026-la-dg-devra-egalement-sauver-le-gouvernement-de-paasch-saventure-vers-des-vaches-saintes\/"},"modified":"2025-08-29T22:17:43","modified_gmt":"2025-08-29T20:17:43","slug":"en-2026-la-dg-devra-egalement-sauver-le-gouvernement-de-paasch-saventure-vers-des-vaches-saintes","status":"publish","type":"post","link":"https:\/\/vieassociative.be\/actualites\/en-2026-la-dg-devra-egalement-sauver-le-gouvernement-de-paasch-saventure-vers-des-vaches-saintes\/","title":{"rendered":"En 2026, la DG devra \u00e9galement sauver: le gouvernement de Paasch s&rsquo;aventure vers des \u00ab\u00a0vaches saintes\u00a0\u00bb?"},"content":{"rendered":"<p><strong>Lorsque les vacances d&rsquo;\u00e9t\u00e9 prennent fin, les gouvernements au pays et \u00e0 l&rsquo;\u00e9tranger prennent d\u00e9j\u00e0 les premi\u00e8res pr\u00e9cautions pour le budget de l&rsquo;ann\u00e9e \u00e0 venir. Une chose est d\u00e9j\u00e0 certaine: que ce soit l&rsquo;\u00c9tat f\u00e9d\u00e9ral ou la DG, il doit \u00eatre sauv\u00e9 dur.<\/strong><\/p>\n<p><span id=\"more-423299\"><\/span>Il y a quelques semaines, le Premier ministre DG Oliver Paasch (Prodg) lui-m\u00eame dans une r\u00e9plique de la faction vivante a d\u00e9clar\u00e9 que le Premier ministre de la DG Oliver Paasch (Prodg) lui-m\u00eame il y a quelques semaines.<\/p>\n<p>Pour raison de l&rsquo;\u00e9pargne, Paasch a initialement conduit la baisse des revenus. C&rsquo;est le cas partout dans l&rsquo;UE, en Belgique et aussi dans la DG. La situation est actuellement tendue partout. M\u00eame Vivant ne peut ignorer les crises de cette plan\u00e8te. Il est na\u00eff et bleu pour croire que le budget de la DG a \u00e9t\u00e9 \u00e9pargn\u00e9.<\/p>\n<div id=\"attachment_423391\" class=\"wp-caption alignleft\" style=\"max-width: 300px\"><img fetchpriority=\"high\" decoding=\"async\" class=\"wp-image-423391 size-medium\" src=\"https:\/\/vieassociative.be\/actualites\/wp-content\/uploads\/2025\/08\/En-2026-la-DG-devra-egalement-sauver-le-gouvernement-de.jpg\" alt=\"\" width=\"300\" height=\"200\"  ><\/div>\n<p>En outre, selon PAASCH, la DG a besoin d&rsquo;une nouvelle port\u00e9e de politique financi\u00e8re pour l&rsquo;action \u00e0 court et \u00e0 moyen terme, en particulier pour investir dans l&rsquo;\u00e9ducation et les soins de sant\u00e9 de ses r\u00e9sidents. <\/p>\n<p>\u00abNous devrons investir des centaines de millions d&rsquo;euros dans les h\u00f4pitaux et nos infrastructures scolaires dans les ann\u00e9es \u00e0 venir afin de pr\u00e9server notre qualit\u00e9 de vie. La DG ne peut pas financer de tels efforts du poste.<\/p>\n<p>Il peut \u00eatre excit\u00e9 de voir ce que le Premier ministre indiquera au PDG MP en septembre lorsque la nouvelle session parlementaire a \u00e9t\u00e9 ouverte s&rsquo;il entre dans le m\u00e9nage en 2026. Admettra-t-il sans rel\u00e2che que la situation est tr\u00e8s grave et que les grosses ann\u00e9es sont termin\u00e9es? Ou est-il plus enclin \u00e0 parler de la situation ou \u00e0 rechercher la culpabilit\u00e9 des autres (\u00c9tat f\u00e9d\u00e9ral, UE, \u00e9conomie mondiale &#8230;)?<\/p>\n<p>Les responsabilit\u00e9s de la DG ont \u00e9norm\u00e9ment augment\u00e9 depuis 2021, comme le montrent les graphiques suivants:<\/p>\n<ul>\n<li>2021: 630.168,276 \u20ac<\/li>\n<li>2022: 774.579.295 \u20ac<\/li>\n<li>2023: 938.866.411 \u20ac<\/li>\n<li>2024: 1 221 741 853 \u20ac<\/li>\n<li>2025: 1 339 556 689 \u20ac<\/li>\n<\/ul>\n<p>Il y a in\u00e9vitablement des souvenirs de la proph\u00e9tie qui ont ensuite os\u00e9 par le Premier ministre de l&rsquo;\u00e9poque, Karl-Heinz Lambertz (SP), selon lequel la DG sera sans dette en 2038.<\/p>\n<div id=\"attachment_415433\" class=\"wp-caption alignleft\" style=\"max-width: 300px\"><img decoding=\"async\" class=\"wp-image-415433 size-medium\" src=\"https:\/\/vieassociative.be\/actualites\/wp-content\/uploads\/2025\/08\/1756498663_476_En-2026-la-DG-devra-egalement-sauver-le-gouvernement-de.jpg\" alt=\"\" width=\"300\" height=\"200\"  ><\/div>\n<p>Vous \u00eates actuellement \u00e0 des kilom\u00e8tres de cela. Selon le porte-parole du groupe parlementaire de Vivant, Michael Balter, le gouvernement DG s&rsquo;attendait toujours \u00e0 des paiements d&rsquo;int\u00e9r\u00eats de 1,18 million d&rsquo;euros en 2015 pour 2015. En fait, ceux-ci s&rsquo;\u00e9l\u00e8veraient d\u00e9sormais \u00e0 36 millions d&rsquo;euros &#8211; un \u00e9cart de trente fois. Le fardeau d&rsquo;int\u00e9r\u00eat explose. D\u00e8s l&rsquo;ann\u00e9e prochaine, 2026, la DG devra augmenter plus de 44 millions d&rsquo;euros par an pour leur int\u00e9r\u00eat &#8211; plus qu&rsquo;ils ne d\u00e9pensent pour l&rsquo;allocation de soins et tous les paiements aux maisons de soins infirmiers. \u00ab\u00a0La petite DG compte maintenant environ 1,3 milliard d&rsquo;euros de dette, et personne ne parle de remboursement\u00a0\u00bb, explique Vivant.<\/p>\n<p>Pour le Premier ministre Paasch, cependant, le fardeau de la dette est \u00ab\u00a0g\u00e9rable\u00a0\u00bb. La capacit\u00e9 de remboursement est garantie, dit-il. Le fardeau pour le m\u00e9nage par int\u00e9r\u00eat est moins dans la DG que dans les r\u00e9gions voisines.<\/p>\n<p>En ce qui concerne les \u00e9conomies qui seront n\u00e9cessaires pour 2026, la grande question est de savoir si Paasch osera obtenir des \u00abvaches saintes\u00bb qui ont toujours \u00e9t\u00e9 \u00e9pargn\u00e9es par des coupes. Cela s&rsquo;applique, entre autres, \u00e0 la radiodiffusion belge (BRF), dont l&rsquo;effort dans le budget de l&rsquo;ann\u00e9e en cours est un \u00e9norme 6 783 000 euros. Il y a aussi des \u00abvaches saintes\u00bb dans le secteur culturel. Voici quelques exemples du moniteur financier pour 2025:<\/p>\n<ul>\n<li>Agora: 579.107 \u20ac<\/li>\n<li>Chudosnik Sungia: 556 274 \u20ac<\/li>\n<li>Compagnie Irene K.: 312 642 \u20ac<\/li>\n<li>Eastbelgica: 246 957 \u20ac<\/li>\n<li>Ikob: 304 819 \u20ac<\/li>\n<li>Comit\u00e9 culturel: 358 212 \u20ac<\/li>\n<li>Meakusma: 223 503 \u20ac<\/li>\n<\/ul>\n<p>Des objets de prestige tels que le monast\u00e8re de Heidberg, que Vivant est depuis longtemps une \u00e9pine dans le c\u00f4t\u00e9, l&rsquo;acquisition d&rsquo;Eyneburg ou les fouilles du ch\u00e2teau d&rsquo;Alte \u00e0 Saint-Vith sont interrog\u00e9es de mani\u00e8re critique en public. (Cre)<\/p>\n","protected":false},"excerpt":{"rendered":"<p>Lorsque les vacances d&rsquo;\u00e9t\u00e9 prennent fin, les gouvernements au pays et \u00e0 l&rsquo;\u00e9tranger prennent d\u00e9j\u00e0 les premi\u00e8res pr\u00e9cautions pour le budget de l&rsquo;ann\u00e9e \u00e0 venir.<\/p>\n","protected":false},"author":1,"featured_media":1871,"comment_status":"","ping_status":"","sticky":false,"template":"","format":"standard","meta":{"footnotes":""},"categories":[298],"tags":[29,4657,172,615,2553,8343,2281,8341,8342,2778],"class_list":["post-9704","post","type-post","status-publish","format-standard","has-post-thumbnail","hentry","category-belgique","tag-des","tag-devra","tag-egalement","tag-gouvernement","tag-paasch","tag-saintes","tag-sauver","tag-saventure","tag-vaches","tag-vers","generate-columns","tablet-grid-50","mobile-grid-100","grid-parent","grid-33"],"yoast_head":"<!-- This site is optimized with the Yoast SEO plugin v24.0 - https:\/\/yoast.com\/wordpress\/plugins\/seo\/ -->\n<title>En 2026, la DG devra \u00e9galement sauver: le gouvernement de Paasch s&#039;aventure vers des &quot;vaches saintes&quot;? | Vie Associative<\/title>\n<meta name=\"robots\" content=\"index, follow, max-snippet:-1, max-image-preview:large, max-video-preview:-1\" \/>\n<link rel=\"canonical\" href=\"https:\/\/vieassociative.be\/actualites\/en-2026-la-dg-devra-egalement-sauver-le-gouvernement-de-paasch-saventure-vers-des-vaches-saintes\/\" \/>\n<meta property=\"og:locale\" content=\"fr_FR\" \/>\n<meta property=\"og:type\" content=\"article\" \/>\n<meta property=\"og:title\" content=\"En 2026, la DG devra \u00e9galement sauver: le gouvernement de Paasch s&#039;aventure vers des &quot;vaches saintes&quot;? | Vie Associative\" \/>\n<meta property=\"og:description\" content=\"Lorsque les vacances d&rsquo;\u00e9t\u00e9 prennent fin, les gouvernements au pays et \u00e0 l&rsquo;\u00e9tranger prennent d\u00e9j\u00e0 les premi\u00e8res pr\u00e9cautions pour le budget de l&rsquo;ann\u00e9e \u00e0 venir.\" \/>\n<meta property=\"og:url\" content=\"https:\/\/vieassociative.be\/actualites\/en-2026-la-dg-devra-egalement-sauver-le-gouvernement-de-paasch-saventure-vers-des-vaches-saintes\/\" \/>\n<meta property=\"og:site_name\" content=\"Vie Associative\" \/>\n<meta property=\"article:published_time\" content=\"2025-08-29T20:17:43+00:00\" \/>\n<meta property=\"og:image\" content=\"https:\/\/vieassociative.be\/actualites\/wp-content\/uploads\/2024\/09\/header_backgroundk-01-e1726694325946.png\" \/>\n\t<meta property=\"og:image:width\" content=\"279\" \/>\n\t<meta property=\"og:image:height\" content=\"92\" \/>\n\t<meta property=\"og:image:type\" content=\"image\/png\" \/>\n<meta name=\"author\" content=\"Julien\" \/>\n<meta name=\"twitter:card\" content=\"summary_large_image\" \/>\n<meta name=\"twitter:label1\" content=\"\u00c9crit par\" \/>\n\t<meta name=\"twitter:data1\" content=\"Julien\" \/>\n\t<meta name=\"twitter:label2\" content=\"Dur\u00e9e de lecture est.\" \/>\n\t<meta name=\"twitter:data2\" content=\"3 minutes\" \/>\n<script type=\"application\/ld+json\" class=\"yoast-schema-graph\">{\"@context\":\"https:\/\/schema.org\",\"@graph\":[{\"@type\":\"Article\",\"@id\":\"https:\/\/vieassociative.be\/actualites\/en-2026-la-dg-devra-egalement-sauver-le-gouvernement-de-paasch-saventure-vers-des-vaches-saintes\/#article\",\"isPartOf\":{\"@id\":\"https:\/\/vieassociative.be\/actualites\/en-2026-la-dg-devra-egalement-sauver-le-gouvernement-de-paasch-saventure-vers-des-vaches-saintes\/\"},\"author\":{\"name\":\"Julien\",\"@id\":\"https:\/\/vieassociative.be\/actualites\/#\/schema\/person\/b87ac4f82f9d4e7b7cec7395b679edc4\"},\"headline\":\"En 2026, la DG devra \u00e9galement sauver: le gouvernement de Paasch s&rsquo;aventure vers des \u00ab\u00a0vaches saintes\u00a0\u00bb?\",\"datePublished\":\"2025-08-29T20:17:43+00:00\",\"dateModified\":\"2025-08-29T20:17:43+00:00\",\"mainEntityOfPage\":{\"@id\":\"https:\/\/vieassociative.be\/actualites\/en-2026-la-dg-devra-egalement-sauver-le-gouvernement-de-paasch-saventure-vers-des-vaches-saintes\/\"},\"wordCount\":674,\"publisher\":{\"@id\":\"https:\/\/vieassociative.be\/actualites\/#organization\"},\"image\":{\"@id\":\"https:\/\/vieassociative.be\/actualites\/en-2026-la-dg-devra-egalement-sauver-le-gouvernement-de-paasch-saventure-vers-des-vaches-saintes\/#primaryimage\"},\"thumbnailUrl\":\"https:\/\/vieassociative.be\/actualites\/wp-content\/uploads\/2024\/10\/1730384522_La-DG-doit-economiser-ou-Paasch-met-il-le-crayon.jpg\",\"keywords\":[\"Des\",\"devra\",\"\u00e9galement\",\"gouvernement\",\"Paasch\",\"saintes\",\"sauver\",\"saventure\",\"vaches\",\"vers\"],\"articleSection\":[\"Belgique\"],\"inLanguage\":\"fr-BE\"},{\"@type\":\"WebPage\",\"@id\":\"https:\/\/vieassociative.be\/actualites\/en-2026-la-dg-devra-egalement-sauver-le-gouvernement-de-paasch-saventure-vers-des-vaches-saintes\/\",\"url\":\"https:\/\/vieassociative.be\/actualites\/en-2026-la-dg-devra-egalement-sauver-le-gouvernement-de-paasch-saventure-vers-des-vaches-saintes\/\",\"name\":\"En 2026, la DG devra \u00e9galement sauver: le gouvernement de Paasch s'aventure vers des \\\"vaches saintes\\\"? | Vie Associative\",\"isPartOf\":{\"@id\":\"https:\/\/vieassociative.be\/actualites\/#website\"},\"primaryImageOfPage\":{\"@id\":\"https:\/\/vieassociative.be\/actualites\/en-2026-la-dg-devra-egalement-sauver-le-gouvernement-de-paasch-saventure-vers-des-vaches-saintes\/#primaryimage\"},\"image\":{\"@id\":\"https:\/\/vieassociative.be\/actualites\/en-2026-la-dg-devra-egalement-sauver-le-gouvernement-de-paasch-saventure-vers-des-vaches-saintes\/#primaryimage\"},\"thumbnailUrl\":\"https:\/\/vieassociative.be\/actualites\/wp-content\/uploads\/2024\/10\/1730384522_La-DG-doit-economiser-ou-Paasch-met-il-le-crayon.jpg\",\"datePublished\":\"2025-08-29T20:17:43+00:00\",\"dateModified\":\"2025-08-29T20:17:43+00:00\",\"breadcrumb\":{\"@id\":\"https:\/\/vieassociative.be\/actualites\/en-2026-la-dg-devra-egalement-sauver-le-gouvernement-de-paasch-saventure-vers-des-vaches-saintes\/#breadcrumb\"},\"inLanguage\":\"fr-BE\",\"potentialAction\":[{\"@type\":\"ReadAction\",\"target\":[\"https:\/\/vieassociative.be\/actualites\/en-2026-la-dg-devra-egalement-sauver-le-gouvernement-de-paasch-saventure-vers-des-vaches-saintes\/\"]}]},{\"@type\":\"ImageObject\",\"inLanguage\":\"fr-BE\",\"@id\":\"https:\/\/vieassociative.be\/actualites\/en-2026-la-dg-devra-egalement-sauver-le-gouvernement-de-paasch-saventure-vers-des-vaches-saintes\/#primaryimage\",\"url\":\"https:\/\/vieassociative.be\/actualites\/wp-content\/uploads\/2024\/10\/1730384522_La-DG-doit-economiser-ou-Paasch-met-il-le-crayon.jpg\",\"contentUrl\":\"https:\/\/vieassociative.be\/actualites\/wp-content\/uploads\/2024\/10\/1730384522_La-DG-doit-economiser-ou-Paasch-met-il-le-crayon.jpg\",\"width\":1200,\"height\":800,\"caption\":\"La DG doit \u00e9conomiser : o\u00f9 Paasch met-il le crayon rouge ?\"},{\"@type\":\"BreadcrumbList\",\"@id\":\"https:\/\/vieassociative.be\/actualites\/en-2026-la-dg-devra-egalement-sauver-le-gouvernement-de-paasch-saventure-vers-des-vaches-saintes\/#breadcrumb\",\"itemListElement\":[{\"@type\":\"ListItem\",\"position\":1,\"name\":\"Accueil\",\"item\":\"https:\/\/vieassociative.be\/actualites\/\"},{\"@type\":\"ListItem\",\"position\":2,\"name\":\"En 2026, la DG devra \u00e9galement sauver: le gouvernement de Paasch s&rsquo;aventure vers des \u00ab\u00a0vaches saintes\u00a0\u00bb?\"}]},{\"@type\":\"WebSite\",\"@id\":\"https:\/\/vieassociative.be\/actualites\/#website\",\"url\":\"https:\/\/vieassociative.be\/actualites\/\",\"name\":\"Vie Associative\",\"description\":\"\",\"publisher\":{\"@id\":\"https:\/\/vieassociative.be\/actualites\/#organization\"},\"potentialAction\":[{\"@type\":\"SearchAction\",\"target\":{\"@type\":\"EntryPoint\",\"urlTemplate\":\"https:\/\/vieassociative.be\/actualites\/?s={search_term_string}\"},\"query-input\":{\"@type\":\"PropertyValueSpecification\",\"valueRequired\":true,\"valueName\":\"search_term_string\"}}],\"inLanguage\":\"fr-BE\"},{\"@type\":\"Organization\",\"@id\":\"https:\/\/vieassociative.be\/actualites\/#organization\",\"name\":\"Vie Associative\",\"url\":\"https:\/\/vieassociative.be\/actualites\/\",\"logo\":{\"@type\":\"ImageObject\",\"inLanguage\":\"fr-BE\",\"@id\":\"https:\/\/vieassociative.be\/actualites\/#\/schema\/logo\/image\/\",\"url\":\"https:\/\/vieassociative.be\/actualites\/wp-content\/uploads\/2024\/09\/cropped-vieassociative_favicon.ico.png\",\"contentUrl\":\"https:\/\/vieassociative.be\/actualites\/wp-content\/uploads\/2024\/09\/cropped-vieassociative_favicon.ico.png\",\"width\":512,\"height\":512,\"caption\":\"Vie Associative\"},\"image\":{\"@id\":\"https:\/\/vieassociative.be\/actualites\/#\/schema\/logo\/image\/\"}},{\"@type\":\"Person\",\"@id\":\"https:\/\/vieassociative.be\/actualites\/#\/schema\/person\/b87ac4f82f9d4e7b7cec7395b679edc4\",\"name\":\"Julien\",\"image\":{\"@type\":\"ImageObject\",\"inLanguage\":\"fr-BE\",\"@id\":\"https:\/\/vieassociative.be\/actualites\/#\/schema\/person\/image\/\",\"url\":\"https:\/\/vieassociative.be\/actualites\/wp-content\/uploads\/2024\/09\/vie-associative-1-150x150.jpg\",\"contentUrl\":\"https:\/\/vieassociative.be\/actualites\/wp-content\/uploads\/2024\/09\/vie-associative-1-150x150.jpg\",\"caption\":\"Julien\"},\"description\":\"Je suis Julien, r\u00e9dacteur pour Vie Associative. Passionn\u00e9 par le monde associatif depuis plus de 10 ans, j'ai \u00e0 c\u0153ur de partager des histoires inspirantes et de mettre en lumi\u00e8re les initiatives locales. Mon objectif est de sensibiliser et d'encourager l'engagement communautaire \u00e0 travers mes articles.\",\"sameAs\":[\"https:\/\/vieassociative.be\/\"]}]}<\/script>\n<!-- \/ Yoast SEO plugin. -->","yoast_head_json":{"title":"En 2026, la DG devra \u00e9galement sauver: le gouvernement de Paasch s'aventure vers des \"vaches saintes\"? | Vie Associative","robots":{"index":"index","follow":"follow","max-snippet":"max-snippet:-1","max-image-preview":"max-image-preview:large","max-video-preview":"max-video-preview:-1"},"canonical":"https:\/\/vieassociative.be\/actualites\/en-2026-la-dg-devra-egalement-sauver-le-gouvernement-de-paasch-saventure-vers-des-vaches-saintes\/","og_locale":"fr_FR","og_type":"article","og_title":"En 2026, la DG devra \u00e9galement sauver: le gouvernement de Paasch s'aventure vers des \"vaches saintes\"? | Vie Associative","og_description":"Lorsque les vacances d&rsquo;\u00e9t\u00e9 prennent fin, les gouvernements au pays et \u00e0 l&rsquo;\u00e9tranger prennent d\u00e9j\u00e0 les premi\u00e8res pr\u00e9cautions pour le budget de l&rsquo;ann\u00e9e \u00e0 venir.","og_url":"https:\/\/vieassociative.be\/actualites\/en-2026-la-dg-devra-egalement-sauver-le-gouvernement-de-paasch-saventure-vers-des-vaches-saintes\/","og_site_name":"Vie Associative","article_published_time":"2025-08-29T20:17:43+00:00","og_image":[{"width":279,"height":92,"url":"https:\/\/vieassociative.be\/actualites\/wp-content\/uploads\/2024\/09\/header_backgroundk-01-e1726694325946.png","type":"image\/png"}],"author":"Julien","twitter_card":"summary_large_image","twitter_misc":{"\u00c9crit par":"Julien","Dur\u00e9e de lecture est.":"3 minutes"},"schema":{"@context":"https:\/\/schema.org","@graph":[{"@type":"Article","@id":"https:\/\/vieassociative.be\/actualites\/en-2026-la-dg-devra-egalement-sauver-le-gouvernement-de-paasch-saventure-vers-des-vaches-saintes\/#article","isPartOf":{"@id":"https:\/\/vieassociative.be\/actualites\/en-2026-la-dg-devra-egalement-sauver-le-gouvernement-de-paasch-saventure-vers-des-vaches-saintes\/"},"author":{"name":"Julien","@id":"https:\/\/vieassociative.be\/actualites\/#\/schema\/person\/b87ac4f82f9d4e7b7cec7395b679edc4"},"headline":"En 2026, la DG devra \u00e9galement sauver: le gouvernement de Paasch s&rsquo;aventure vers des \u00ab\u00a0vaches saintes\u00a0\u00bb?","datePublished":"2025-08-29T20:17:43+00:00","dateModified":"2025-08-29T20:17:43+00:00","mainEntityOfPage":{"@id":"https:\/\/vieassociative.be\/actualites\/en-2026-la-dg-devra-egalement-sauver-le-gouvernement-de-paasch-saventure-vers-des-vaches-saintes\/"},"wordCount":674,"publisher":{"@id":"https:\/\/vieassociative.be\/actualites\/#organization"},"image":{"@id":"https:\/\/vieassociative.be\/actualites\/en-2026-la-dg-devra-egalement-sauver-le-gouvernement-de-paasch-saventure-vers-des-vaches-saintes\/#primaryimage"},"thumbnailUrl":"https:\/\/vieassociative.be\/actualites\/wp-content\/uploads\/2024\/10\/1730384522_La-DG-doit-economiser-ou-Paasch-met-il-le-crayon.jpg","keywords":["Des","devra","\u00e9galement","gouvernement","Paasch","saintes","sauver","saventure","vaches","vers"],"articleSection":["Belgique"],"inLanguage":"fr-BE"},{"@type":"WebPage","@id":"https:\/\/vieassociative.be\/actualites\/en-2026-la-dg-devra-egalement-sauver-le-gouvernement-de-paasch-saventure-vers-des-vaches-saintes\/","url":"https:\/\/vieassociative.be\/actualites\/en-2026-la-dg-devra-egalement-sauver-le-gouvernement-de-paasch-saventure-vers-des-vaches-saintes\/","name":"En 2026, la DG devra \u00e9galement sauver: le gouvernement de Paasch s'aventure vers des \"vaches saintes\"? | Vie Associative","isPartOf":{"@id":"https:\/\/vieassociative.be\/actualites\/#website"},"primaryImageOfPage":{"@id":"https:\/\/vieassociative.be\/actualites\/en-2026-la-dg-devra-egalement-sauver-le-gouvernement-de-paasch-saventure-vers-des-vaches-saintes\/#primaryimage"},"image":{"@id":"https:\/\/vieassociative.be\/actualites\/en-2026-la-dg-devra-egalement-sauver-le-gouvernement-de-paasch-saventure-vers-des-vaches-saintes\/#primaryimage"},"thumbnailUrl":"https:\/\/vieassociative.be\/actualites\/wp-content\/uploads\/2024\/10\/1730384522_La-DG-doit-economiser-ou-Paasch-met-il-le-crayon.jpg","datePublished":"2025-08-29T20:17:43+00:00","dateModified":"2025-08-29T20:17:43+00:00","breadcrumb":{"@id":"https:\/\/vieassociative.be\/actualites\/en-2026-la-dg-devra-egalement-sauver-le-gouvernement-de-paasch-saventure-vers-des-vaches-saintes\/#breadcrumb"},"inLanguage":"fr-BE","potentialAction":[{"@type":"ReadAction","target":["https:\/\/vieassociative.be\/actualites\/en-2026-la-dg-devra-egalement-sauver-le-gouvernement-de-paasch-saventure-vers-des-vaches-saintes\/"]}]},{"@type":"ImageObject","inLanguage":"fr-BE","@id":"https:\/\/vieassociative.be\/actualites\/en-2026-la-dg-devra-egalement-sauver-le-gouvernement-de-paasch-saventure-vers-des-vaches-saintes\/#primaryimage","url":"https:\/\/vieassociative.be\/actualites\/wp-content\/uploads\/2024\/10\/1730384522_La-DG-doit-economiser-ou-Paasch-met-il-le-crayon.jpg","contentUrl":"https:\/\/vieassociative.be\/actualites\/wp-content\/uploads\/2024\/10\/1730384522_La-DG-doit-economiser-ou-Paasch-met-il-le-crayon.jpg","width":1200,"height":800,"caption":"La DG doit \u00e9conomiser : o\u00f9 Paasch met-il le crayon rouge ?"},{"@type":"BreadcrumbList","@id":"https:\/\/vieassociative.be\/actualites\/en-2026-la-dg-devra-egalement-sauver-le-gouvernement-de-paasch-saventure-vers-des-vaches-saintes\/#breadcrumb","itemListElement":[{"@type":"ListItem","position":1,"name":"Accueil","item":"https:\/\/vieassociative.be\/actualites\/"},{"@type":"ListItem","position":2,"name":"En 2026, la DG devra \u00e9galement sauver: le gouvernement de Paasch s&rsquo;aventure vers des \u00ab\u00a0vaches saintes\u00a0\u00bb?"}]},{"@type":"WebSite","@id":"https:\/\/vieassociative.be\/actualites\/#website","url":"https:\/\/vieassociative.be\/actualites\/","name":"Vie Associative","description":"","publisher":{"@id":"https:\/\/vieassociative.be\/actualites\/#organization"},"potentialAction":[{"@type":"SearchAction","target":{"@type":"EntryPoint","urlTemplate":"https:\/\/vieassociative.be\/actualites\/?s={search_term_string}"},"query-input":{"@type":"PropertyValueSpecification","valueRequired":true,"valueName":"search_term_string"}}],"inLanguage":"fr-BE"},{"@type":"Organization","@id":"https:\/\/vieassociative.be\/actualites\/#organization","name":"Vie Associative","url":"https:\/\/vieassociative.be\/actualites\/","logo":{"@type":"ImageObject","inLanguage":"fr-BE","@id":"https:\/\/vieassociative.be\/actualites\/#\/schema\/logo\/image\/","url":"https:\/\/vieassociative.be\/actualites\/wp-content\/uploads\/2024\/09\/cropped-vieassociative_favicon.ico.png","contentUrl":"https:\/\/vieassociative.be\/actualites\/wp-content\/uploads\/2024\/09\/cropped-vieassociative_favicon.ico.png","width":512,"height":512,"caption":"Vie Associative"},"image":{"@id":"https:\/\/vieassociative.be\/actualites\/#\/schema\/logo\/image\/"}},{"@type":"Person","@id":"https:\/\/vieassociative.be\/actualites\/#\/schema\/person\/b87ac4f82f9d4e7b7cec7395b679edc4","name":"Julien","image":{"@type":"ImageObject","inLanguage":"fr-BE","@id":"https:\/\/vieassociative.be\/actualites\/#\/schema\/person\/image\/","url":"https:\/\/vieassociative.be\/actualites\/wp-content\/uploads\/2024\/09\/vie-associative-1-150x150.jpg","contentUrl":"https:\/\/vieassociative.be\/actualites\/wp-content\/uploads\/2024\/09\/vie-associative-1-150x150.jpg","caption":"Julien"},"description":"Je suis Julien, r\u00e9dacteur pour Vie Associative. Passionn\u00e9 par le monde associatif depuis plus de 10 ans, j'ai \u00e0 c\u0153ur de partager des histoires inspirantes et de mettre en lumi\u00e8re les initiatives locales. Mon objectif est de sensibiliser et d'encourager l'engagement communautaire \u00e0 travers mes articles.","sameAs":["https:\/\/vieassociative.be\/"]}]}},"_links":{"self":[{"href":"https:\/\/vieassociative.be\/actualites\/wp-json\/wp\/v2\/posts\/9704"}],"collection":[{"href":"https:\/\/vieassociative.be\/actualites\/wp-json\/wp\/v2\/posts"}],"about":[{"href":"https:\/\/vieassociative.be\/actualites\/wp-json\/wp\/v2\/types\/post"}],"author":[{"embeddable":true,"href":"https:\/\/vieassociative.be\/actualites\/wp-json\/wp\/v2\/users\/1"}],"replies":[{"embeddable":true,"href":"https:\/\/vieassociative.be\/actualites\/wp-json\/wp\/v2\/comments?post=9704"}],"version-history":[{"count":0,"href":"https:\/\/vieassociative.be\/actualites\/wp-json\/wp\/v2\/posts\/9704\/revisions"}],"wp:featuredmedia":[{"embeddable":true,"href":"https:\/\/vieassociative.be\/actualites\/wp-json\/wp\/v2\/media\/1871"}],"wp:attachment":[{"href":"https:\/\/vieassociative.be\/actualites\/wp-json\/wp\/v2\/media?parent=9704"}],"wp:term":[{"taxonomy":"category","embeddable":true,"href":"https:\/\/vieassociative.be\/actualites\/wp-json\/wp\/v2\/categories?post=9704"},{"taxonomy":"post_tag","embeddable":true,"href":"https:\/\/vieassociative.be\/actualites\/wp-json\/wp\/v2\/tags?post=9704"}],"curies":[{"name":"wp","href":"https:\/\/api.w.org\/{rel}","templated":true}]}}