{"id":9700,"date":"2025-08-29T16:17:44","date_gmt":"2025-08-29T14:17:44","guid":{"rendered":"https:\/\/vieassociative.be\/actualites\/red-devil-without-lukaku-mais-avec-de-bruyne-et-courtois-bathshuayi-est-de-retour-trois-nouveaux-arrivants\/"},"modified":"2025-08-29T16:17:44","modified_gmt":"2025-08-29T14:17:44","slug":"red-devil-without-lukaku-mais-avec-de-bruyne-et-courtois-bathshuayi-est-de-retour-trois-nouveaux-arrivants","status":"publish","type":"post","link":"https:\/\/vieassociative.be\/actualites\/red-devil-without-lukaku-mais-avec-de-bruyne-et-courtois-bathshuayi-est-de-retour-trois-nouveaux-arrivants\/","title":{"rendered":"Red Devil Without Lukaku, mais avec de Bruyne et Courtois &#8211; Bathshuayi est de retour &#8211; trois nouveaux arrivants"},"content":{"rendered":"<p><strong>L&rsquo;entra\u00eeneur national de football de la Belgique, Rudi Garcia, a annonc\u00e9 son \u00e9quipe pour les matchs de qualification pour la Coupe du monde 2026 contre le Liechtenstein (jeudi 4 septembre \u00e0 Vaduz) et le Kazakhstan (dimanche 7 septembre \u00e0 Anderlecht). Il y a trois nouveaux joueurs, mais aussi Thibaut Courtois et Kevin de Bruyne. Michy Bathshuayi revient \u00e9galement \u00e0 l&rsquo;\u00e9quipe.<\/strong><\/p>\n<p><span id=\"more-423365\"><\/span>C&rsquo;est la troisi\u00e8me fois que Garcia, en tant qu&rsquo;entra\u00eeneur national du Red Devil, est avec les \u00e9liminatoires de la Ligue des nations contre l&rsquo;Ukraine et le d\u00e9but de la qualification de la Coupe du monde contre Nordmacedonia (1: 1) et le Pays de Galles (4: 3).<\/p>\n<p>Le Fran\u00e7ais peut compter sur Thibaut Courtois, qui a \u00e9t\u00e9 bless\u00e9 la derni\u00e8re fois, mais aussi sur Kevin de Bruyne, tandis que Romelu Lukaku est malheureusement, ainsi que sur Amadou Onana, qui a \u00e9t\u00e9 mis sur la liste des \u00e9checs \u00e0 la derni\u00e8re minute. Il convient de noter que Mike Penders, Joaquin Seys et Charles Vanhouttte ont \u00e9t\u00e9 nomin\u00e9s pour la premi\u00e8re fois.<\/p>\n<div id=\"attachment_415886\" class=\"wp-caption alignleft\" style=\"max-width: 300px\"><img fetchpriority=\"high\" decoding=\"async\" class=\"wp-image-415886 size-medium\" src=\"https:\/\/vieassociative.be\/actualites\/wp-content\/uploads\/2025\/05\/Avec-Diego-Moreira-Rudi-Garcia-apporte-un-binational-dans-le.jpg\" alt=\"\" width=\"300\" height=\"200\"><\/div>\n<p>\u00ab\u00a0Pour faire une s\u00e9lection en septembre, vous devez prendre en compte beaucoup de choses. Le championnat belge a recommenc\u00e9 beaucoup plus t\u00f4t que, par exemple, l&rsquo;italien. Nous avons suivi plusieurs jeux amicaux et regard\u00e9 les joueurs que nous avons d\u00fb voir, surtout dans les positions o\u00f9 nous avions encore des questions ouvertes\u00a0\u00bb, a expliqu\u00e9 Rudi Garcia.<\/p>\n<p>\u00ab\u00a0La nomination de Michy Bathshuayi est le r\u00e9sultat de l&rsquo;\u00e9chec de Romelu Lukaku, qui manquera tr\u00e8s probablement toute la s\u00e9ance de qualification. Michy est l&rsquo;un des rares attaquants qui pourraient provoquer un objectif contre un adversaire profond dans une zone proche, m\u00eame si j&rsquo;aurais aim\u00e9 avoir jou\u00e9 un peu plus au cours des derni\u00e8res semaines. Mais nous regretterons \u00e9galement les qualit\u00e9s.<\/p>\n<p>L&rsquo;entra\u00eeneur a \u00e9t\u00e9 invit\u00e9 \u00e0 commenter l&rsquo;arriv\u00e9e des nouveaux arrivants: \u00ab\u00a0Nous suivons Charles Vanhoutte depuis un certain temps, mais il s&rsquo;\u00e9tait bless\u00e9 en mars. Il m\u00e9rite sa place parce qu&rsquo;il est un ma\u00eetre belge et apprendra \u00e0 conna\u00eetre la Ligue des champions. L&rsquo;absence d&rsquo;Amadou Onana, qui a \u00e9chou\u00e9 \u00e0 la derni\u00e8re minute.\u00a0\u00bb<\/p>\n<div id=\"attachment_423240\" class=\"wp-caption alignleft\" style=\"max-width: 300px\"><img decoding=\"async\" class=\"wp-image-423240 size-medium\" src=\"https:\/\/vieassociative.be\/actualites\/wp-content\/uploads\/2025\/08\/Red-Devil-Without-Lukaku-mais-avec-de-Bruyne-et-Courtois.jpg\" alt=\"\" width=\"300\" height=\"200\"><\/div>\n<p>Joaquin Seys est un autre nouveau joueur que Rudi Garcia. \u00ab\u00a0Il est polyvalent et peut jouer \u00e0 gauche et \u00e0 droite. Il a des qualit\u00e9s offensives comme tout le belge complet. Nous avons \u00e9galement besoin de bons d\u00e9fenseurs, mais il est un complet sp\u00e9cial qui a encore beaucoup de potentiel.\u00a0\u00bb<\/p>\n<p>SEYS a montr\u00e9 une solide performance avec deux buts et un but dans la victoire victoire 6-0 du FC Bruges contre les Rangers de Glasgow.<\/p>\n<p>Enfin, Mike Penders de Racing Strasbourg sera le quatri\u00e8me gardien de but au lieu de Senne Lamms par Royal Anvers.<\/p>\n<p>En plus de Romelu Lukaku, Dodi Lukebakio (FC Sevilla) et Amadou Onana (Aston Villa) sont \u00e9galement port\u00e9s disparus en raison d&rsquo;une blessure. Wout Faes, qui s&rsquo;est rel\u00e9gu\u00e9 avec Leicester de la Premier League et esp\u00e8re trouver un nouveau club dans les prochains jours jusqu&rsquo;\u00e0 la fermeture de la fen\u00eatre de transfert. (Cre)<\/p>\n<h3>La s\u00e9lection de Rudi Garcia<\/h3>\n<p><strong>Gardien de but:<\/strong> Courtois (Real Madrid), Penders (Racing Strasbourg), Sels (Nottingham), Vandevoordt (RB Leipzig).<\/p>\n<p><strong>D\u00e9fenseur:<\/strong> Timothy Castagne (Fulham), Debast (Sporting Lisbonne), de Cuyper (Brighton &#038; Hove Albion), de Winter (AC Milan), Mechele (FC Bruges), Meunier (OSC Lille), Seys (FC Bruges), Theate (Eintracht Francfurt).<\/p>\n<p><strong>Milieu de terrain:<\/strong> De Bruyne (SSC Naples), Raskin (Glasgow Rangers), Tielemans (Aston Villa), Vanaken (FC Bruges), Vanhouttte (Union Saint-Gilloise).<\/p>\n<p><strong>Gr\u00e9viste:<\/strong> Bathshuyai (Eintracht Frankfurt), Doku (Manchester City), de Ketelaere (Atalanta Bergamo), Fofana (Olympique Lyon), Moreira (Racing Strasbourg), OpenDA (RB Leipzig), Saelemaekers (AC Milan), Trossard (Arsenal Londres).<\/p>\n","protected":false},"excerpt":{"rendered":"<p>L&rsquo;entra\u00eeneur national de football de la Belgique, Rudi Garcia, a annonc\u00e9 son \u00e9quipe pour les matchs de qualification pour la Coupe du monde 2026 contre<\/p>\n","protected":false},"author":1,"featured_media":8090,"comment_status":"","ping_status":"","sticky":false,"template":"","format":"standard","meta":{"footnotes":""},"categories":[298],"tags":[8338,61,5135,6172,5753,4940,76,3002,156,2052,3312,787,771],"class_list":["post-9700","post","type-post","status-publish","format-standard","has-post-thumbnail","hentry","category-belgique","tag-arrivants","tag-avec","tag-bathshuayi","tag-bruyne","tag-courtois","tag-devil","tag-est","tag-lukaku","tag-mais","tag-nouveaux","tag-red","tag-retour","tag-trois","generate-columns","tablet-grid-50","mobile-grid-100","grid-parent","grid-33"],"yoast_head":"<!-- This site is optimized with the Yoast SEO plugin v24.0 - https:\/\/yoast.com\/wordpress\/plugins\/seo\/ -->\n<title>Red Devil Without Lukaku, mais avec de Bruyne et Courtois - Bathshuayi est de retour - trois nouveaux arrivants | Vie Associative<\/title>\n<meta name=\"robots\" content=\"index, follow, max-snippet:-1, max-image-preview:large, max-video-preview:-1\" \/>\n<link rel=\"canonical\" href=\"https:\/\/vieassociative.be\/actualites\/red-devil-without-lukaku-mais-avec-de-bruyne-et-courtois-bathshuayi-est-de-retour-trois-nouveaux-arrivants\/\" \/>\n<meta property=\"og:locale\" content=\"fr_FR\" \/>\n<meta property=\"og:type\" content=\"article\" \/>\n<meta property=\"og:title\" content=\"Red Devil Without Lukaku, mais avec de Bruyne et Courtois - Bathshuayi est de retour - trois nouveaux arrivants | Vie Associative\" \/>\n<meta property=\"og:description\" content=\"L&rsquo;entra\u00eeneur national de football de la Belgique, Rudi Garcia, a annonc\u00e9 son \u00e9quipe pour les matchs de qualification pour la Coupe du monde 2026 contre\" \/>\n<meta property=\"og:url\" content=\"https:\/\/vieassociative.be\/actualites\/red-devil-without-lukaku-mais-avec-de-bruyne-et-courtois-bathshuayi-est-de-retour-trois-nouveaux-arrivants\/\" \/>\n<meta property=\"og:site_name\" content=\"Vie Associative\" \/>\n<meta property=\"article:published_time\" content=\"2025-08-29T14:17:44+00:00\" \/>\n<meta property=\"og:image\" content=\"https:\/\/vieassociative.be\/actualites\/wp-content\/uploads\/2024\/09\/header_backgroundk-01-e1726694325946.png\" \/>\n\t<meta property=\"og:image:width\" content=\"279\" \/>\n\t<meta property=\"og:image:height\" content=\"92\" \/>\n\t<meta property=\"og:image:type\" content=\"image\/png\" \/>\n<meta name=\"author\" content=\"Julien\" \/>\n<meta name=\"twitter:card\" content=\"summary_large_image\" \/>\n<meta name=\"twitter:label1\" content=\"\u00c9crit par\" \/>\n\t<meta name=\"twitter:data1\" content=\"Julien\" \/>\n\t<meta name=\"twitter:label2\" content=\"Dur\u00e9e de lecture est.\" \/>\n\t<meta name=\"twitter:data2\" content=\"3 minutes\" \/>\n<script type=\"application\/ld+json\" class=\"yoast-schema-graph\">{\"@context\":\"https:\/\/schema.org\",\"@graph\":[{\"@type\":\"Article\",\"@id\":\"https:\/\/vieassociative.be\/actualites\/red-devil-without-lukaku-mais-avec-de-bruyne-et-courtois-bathshuayi-est-de-retour-trois-nouveaux-arrivants\/#article\",\"isPartOf\":{\"@id\":\"https:\/\/vieassociative.be\/actualites\/red-devil-without-lukaku-mais-avec-de-bruyne-et-courtois-bathshuayi-est-de-retour-trois-nouveaux-arrivants\/\"},\"author\":{\"name\":\"Julien\",\"@id\":\"https:\/\/vieassociative.be\/actualites\/#\/schema\/person\/b87ac4f82f9d4e7b7cec7395b679edc4\"},\"headline\":\"Red Devil Without Lukaku, mais avec de Bruyne et Courtois &#8211; Bathshuayi est de retour &#8211; trois nouveaux arrivants\",\"datePublished\":\"2025-08-29T14:17:44+00:00\",\"dateModified\":\"2025-08-29T14:17:44+00:00\",\"mainEntityOfPage\":{\"@id\":\"https:\/\/vieassociative.be\/actualites\/red-devil-without-lukaku-mais-avec-de-bruyne-et-courtois-bathshuayi-est-de-retour-trois-nouveaux-arrivants\/\"},\"wordCount\":631,\"publisher\":{\"@id\":\"https:\/\/vieassociative.be\/actualites\/#organization\"},\"image\":{\"@id\":\"https:\/\/vieassociative.be\/actualites\/red-devil-without-lukaku-mais-avec-de-bruyne-et-courtois-bathshuayi-est-de-retour-trois-nouveaux-arrivants\/#primaryimage\"},\"thumbnailUrl\":\"https:\/\/vieassociative.be\/actualites\/wp-content\/uploads\/2025\/06\/1749521884_3-0-3-3-4-3-Un-thriller-de.jpg\",\"keywords\":[\"arrivants\",\"avec\",\"Bathshuayi\",\"Bruyne\",\"Courtois\",\"Devil\",\"est\",\"Lukaku\",\"mais\",\"nouveaux\",\"Red\",\"retour\",\"trois\"],\"articleSection\":[\"Belgique\"],\"inLanguage\":\"fr-BE\"},{\"@type\":\"WebPage\",\"@id\":\"https:\/\/vieassociative.be\/actualites\/red-devil-without-lukaku-mais-avec-de-bruyne-et-courtois-bathshuayi-est-de-retour-trois-nouveaux-arrivants\/\",\"url\":\"https:\/\/vieassociative.be\/actualites\/red-devil-without-lukaku-mais-avec-de-bruyne-et-courtois-bathshuayi-est-de-retour-trois-nouveaux-arrivants\/\",\"name\":\"Red Devil Without Lukaku, mais avec de Bruyne et Courtois - Bathshuayi est de retour - trois nouveaux arrivants | Vie Associative\",\"isPartOf\":{\"@id\":\"https:\/\/vieassociative.be\/actualites\/#website\"},\"primaryImageOfPage\":{\"@id\":\"https:\/\/vieassociative.be\/actualites\/red-devil-without-lukaku-mais-avec-de-bruyne-et-courtois-bathshuayi-est-de-retour-trois-nouveaux-arrivants\/#primaryimage\"},\"image\":{\"@id\":\"https:\/\/vieassociative.be\/actualites\/red-devil-without-lukaku-mais-avec-de-bruyne-et-courtois-bathshuayi-est-de-retour-trois-nouveaux-arrivants\/#primaryimage\"},\"thumbnailUrl\":\"https:\/\/vieassociative.be\/actualites\/wp-content\/uploads\/2025\/06\/1749521884_3-0-3-3-4-3-Un-thriller-de.jpg\",\"datePublished\":\"2025-08-29T14:17:44+00:00\",\"dateModified\":\"2025-08-29T14:17:44+00:00\",\"breadcrumb\":{\"@id\":\"https:\/\/vieassociative.be\/actualites\/red-devil-without-lukaku-mais-avec-de-bruyne-et-courtois-bathshuayi-est-de-retour-trois-nouveaux-arrivants\/#breadcrumb\"},\"inLanguage\":\"fr-BE\",\"potentialAction\":[{\"@type\":\"ReadAction\",\"target\":[\"https:\/\/vieassociative.be\/actualites\/red-devil-without-lukaku-mais-avec-de-bruyne-et-courtois-bathshuayi-est-de-retour-trois-nouveaux-arrivants\/\"]}]},{\"@type\":\"ImageObject\",\"inLanguage\":\"fr-BE\",\"@id\":\"https:\/\/vieassociative.be\/actualites\/red-devil-without-lukaku-mais-avec-de-bruyne-et-courtois-bathshuayi-est-de-retour-trois-nouveaux-arrivants\/#primaryimage\",\"url\":\"https:\/\/vieassociative.be\/actualites\/wp-content\/uploads\/2025\/06\/1749521884_3-0-3-3-4-3-Un-thriller-de.jpg\",\"contentUrl\":\"https:\/\/vieassociative.be\/actualites\/wp-content\/uploads\/2025\/06\/1749521884_3-0-3-3-4-3-Un-thriller-de.jpg\",\"width\":1200,\"height\":801,\"caption\":\"3: 0, 3: 3, 4: 3 - Un thriller de battements cardiaques avec une fin heureuse \u00e0 Bruxelles - De Bruyne sauve le diable rouge contre le Pays de Galles\"},{\"@type\":\"BreadcrumbList\",\"@id\":\"https:\/\/vieassociative.be\/actualites\/red-devil-without-lukaku-mais-avec-de-bruyne-et-courtois-bathshuayi-est-de-retour-trois-nouveaux-arrivants\/#breadcrumb\",\"itemListElement\":[{\"@type\":\"ListItem\",\"position\":1,\"name\":\"Accueil\",\"item\":\"https:\/\/vieassociative.be\/actualites\/\"},{\"@type\":\"ListItem\",\"position\":2,\"name\":\"Red Devil Without Lukaku, mais avec de Bruyne et Courtois &#8211; Bathshuayi est de retour &#8211; trois nouveaux arrivants\"}]},{\"@type\":\"WebSite\",\"@id\":\"https:\/\/vieassociative.be\/actualites\/#website\",\"url\":\"https:\/\/vieassociative.be\/actualites\/\",\"name\":\"Vie Associative\",\"description\":\"\",\"publisher\":{\"@id\":\"https:\/\/vieassociative.be\/actualites\/#organization\"},\"potentialAction\":[{\"@type\":\"SearchAction\",\"target\":{\"@type\":\"EntryPoint\",\"urlTemplate\":\"https:\/\/vieassociative.be\/actualites\/?s={search_term_string}\"},\"query-input\":{\"@type\":\"PropertyValueSpecification\",\"valueRequired\":true,\"valueName\":\"search_term_string\"}}],\"inLanguage\":\"fr-BE\"},{\"@type\":\"Organization\",\"@id\":\"https:\/\/vieassociative.be\/actualites\/#organization\",\"name\":\"Vie Associative\",\"url\":\"https:\/\/vieassociative.be\/actualites\/\",\"logo\":{\"@type\":\"ImageObject\",\"inLanguage\":\"fr-BE\",\"@id\":\"https:\/\/vieassociative.be\/actualites\/#\/schema\/logo\/image\/\",\"url\":\"https:\/\/vieassociative.be\/actualites\/wp-content\/uploads\/2024\/09\/cropped-vieassociative_favicon.ico.png\",\"contentUrl\":\"https:\/\/vieassociative.be\/actualites\/wp-content\/uploads\/2024\/09\/cropped-vieassociative_favicon.ico.png\",\"width\":512,\"height\":512,\"caption\":\"Vie Associative\"},\"image\":{\"@id\":\"https:\/\/vieassociative.be\/actualites\/#\/schema\/logo\/image\/\"}},{\"@type\":\"Person\",\"@id\":\"https:\/\/vieassociative.be\/actualites\/#\/schema\/person\/b87ac4f82f9d4e7b7cec7395b679edc4\",\"name\":\"Julien\",\"image\":{\"@type\":\"ImageObject\",\"inLanguage\":\"fr-BE\",\"@id\":\"https:\/\/vieassociative.be\/actualites\/#\/schema\/person\/image\/\",\"url\":\"https:\/\/vieassociative.be\/actualites\/wp-content\/uploads\/2024\/09\/vie-associative-1-150x150.jpg\",\"contentUrl\":\"https:\/\/vieassociative.be\/actualites\/wp-content\/uploads\/2024\/09\/vie-associative-1-150x150.jpg\",\"caption\":\"Julien\"},\"description\":\"Je suis Julien, r\u00e9dacteur pour Vie Associative. Passionn\u00e9 par le monde associatif depuis plus de 10 ans, j'ai \u00e0 c\u0153ur de partager des histoires inspirantes et de mettre en lumi\u00e8re les initiatives locales. Mon objectif est de sensibiliser et d'encourager l'engagement communautaire \u00e0 travers mes articles.\",\"sameAs\":[\"https:\/\/vieassociative.be\/\"]}]}<\/script>\n<!-- \/ Yoast SEO plugin. -->","yoast_head_json":{"title":"Red Devil Without Lukaku, mais avec de Bruyne et Courtois - Bathshuayi est de retour - trois nouveaux arrivants | Vie Associative","robots":{"index":"index","follow":"follow","max-snippet":"max-snippet:-1","max-image-preview":"max-image-preview:large","max-video-preview":"max-video-preview:-1"},"canonical":"https:\/\/vieassociative.be\/actualites\/red-devil-without-lukaku-mais-avec-de-bruyne-et-courtois-bathshuayi-est-de-retour-trois-nouveaux-arrivants\/","og_locale":"fr_FR","og_type":"article","og_title":"Red Devil Without Lukaku, mais avec de Bruyne et Courtois - Bathshuayi est de retour - trois nouveaux arrivants | Vie Associative","og_description":"L&rsquo;entra\u00eeneur national de football de la Belgique, Rudi Garcia, a annonc\u00e9 son \u00e9quipe pour les matchs de qualification pour la Coupe du monde 2026 contre","og_url":"https:\/\/vieassociative.be\/actualites\/red-devil-without-lukaku-mais-avec-de-bruyne-et-courtois-bathshuayi-est-de-retour-trois-nouveaux-arrivants\/","og_site_name":"Vie Associative","article_published_time":"2025-08-29T14:17:44+00:00","og_image":[{"width":279,"height":92,"url":"https:\/\/vieassociative.be\/actualites\/wp-content\/uploads\/2024\/09\/header_backgroundk-01-e1726694325946.png","type":"image\/png"}],"author":"Julien","twitter_card":"summary_large_image","twitter_misc":{"\u00c9crit par":"Julien","Dur\u00e9e de lecture est.":"3 minutes"},"schema":{"@context":"https:\/\/schema.org","@graph":[{"@type":"Article","@id":"https:\/\/vieassociative.be\/actualites\/red-devil-without-lukaku-mais-avec-de-bruyne-et-courtois-bathshuayi-est-de-retour-trois-nouveaux-arrivants\/#article","isPartOf":{"@id":"https:\/\/vieassociative.be\/actualites\/red-devil-without-lukaku-mais-avec-de-bruyne-et-courtois-bathshuayi-est-de-retour-trois-nouveaux-arrivants\/"},"author":{"name":"Julien","@id":"https:\/\/vieassociative.be\/actualites\/#\/schema\/person\/b87ac4f82f9d4e7b7cec7395b679edc4"},"headline":"Red Devil Without Lukaku, mais avec de Bruyne et Courtois &#8211; Bathshuayi est de retour &#8211; trois nouveaux arrivants","datePublished":"2025-08-29T14:17:44+00:00","dateModified":"2025-08-29T14:17:44+00:00","mainEntityOfPage":{"@id":"https:\/\/vieassociative.be\/actualites\/red-devil-without-lukaku-mais-avec-de-bruyne-et-courtois-bathshuayi-est-de-retour-trois-nouveaux-arrivants\/"},"wordCount":631,"publisher":{"@id":"https:\/\/vieassociative.be\/actualites\/#organization"},"image":{"@id":"https:\/\/vieassociative.be\/actualites\/red-devil-without-lukaku-mais-avec-de-bruyne-et-courtois-bathshuayi-est-de-retour-trois-nouveaux-arrivants\/#primaryimage"},"thumbnailUrl":"https:\/\/vieassociative.be\/actualites\/wp-content\/uploads\/2025\/06\/1749521884_3-0-3-3-4-3-Un-thriller-de.jpg","keywords":["arrivants","avec","Bathshuayi","Bruyne","Courtois","Devil","est","Lukaku","mais","nouveaux","Red","retour","trois"],"articleSection":["Belgique"],"inLanguage":"fr-BE"},{"@type":"WebPage","@id":"https:\/\/vieassociative.be\/actualites\/red-devil-without-lukaku-mais-avec-de-bruyne-et-courtois-bathshuayi-est-de-retour-trois-nouveaux-arrivants\/","url":"https:\/\/vieassociative.be\/actualites\/red-devil-without-lukaku-mais-avec-de-bruyne-et-courtois-bathshuayi-est-de-retour-trois-nouveaux-arrivants\/","name":"Red Devil Without Lukaku, mais avec de Bruyne et Courtois - Bathshuayi est de retour - trois nouveaux arrivants | Vie Associative","isPartOf":{"@id":"https:\/\/vieassociative.be\/actualites\/#website"},"primaryImageOfPage":{"@id":"https:\/\/vieassociative.be\/actualites\/red-devil-without-lukaku-mais-avec-de-bruyne-et-courtois-bathshuayi-est-de-retour-trois-nouveaux-arrivants\/#primaryimage"},"image":{"@id":"https:\/\/vieassociative.be\/actualites\/red-devil-without-lukaku-mais-avec-de-bruyne-et-courtois-bathshuayi-est-de-retour-trois-nouveaux-arrivants\/#primaryimage"},"thumbnailUrl":"https:\/\/vieassociative.be\/actualites\/wp-content\/uploads\/2025\/06\/1749521884_3-0-3-3-4-3-Un-thriller-de.jpg","datePublished":"2025-08-29T14:17:44+00:00","dateModified":"2025-08-29T14:17:44+00:00","breadcrumb":{"@id":"https:\/\/vieassociative.be\/actualites\/red-devil-without-lukaku-mais-avec-de-bruyne-et-courtois-bathshuayi-est-de-retour-trois-nouveaux-arrivants\/#breadcrumb"},"inLanguage":"fr-BE","potentialAction":[{"@type":"ReadAction","target":["https:\/\/vieassociative.be\/actualites\/red-devil-without-lukaku-mais-avec-de-bruyne-et-courtois-bathshuayi-est-de-retour-trois-nouveaux-arrivants\/"]}]},{"@type":"ImageObject","inLanguage":"fr-BE","@id":"https:\/\/vieassociative.be\/actualites\/red-devil-without-lukaku-mais-avec-de-bruyne-et-courtois-bathshuayi-est-de-retour-trois-nouveaux-arrivants\/#primaryimage","url":"https:\/\/vieassociative.be\/actualites\/wp-content\/uploads\/2025\/06\/1749521884_3-0-3-3-4-3-Un-thriller-de.jpg","contentUrl":"https:\/\/vieassociative.be\/actualites\/wp-content\/uploads\/2025\/06\/1749521884_3-0-3-3-4-3-Un-thriller-de.jpg","width":1200,"height":801,"caption":"3: 0, 3: 3, 4: 3 - Un thriller de battements cardiaques avec une fin heureuse \u00e0 Bruxelles - De Bruyne sauve le diable rouge contre le Pays de Galles"},{"@type":"BreadcrumbList","@id":"https:\/\/vieassociative.be\/actualites\/red-devil-without-lukaku-mais-avec-de-bruyne-et-courtois-bathshuayi-est-de-retour-trois-nouveaux-arrivants\/#breadcrumb","itemListElement":[{"@type":"ListItem","position":1,"name":"Accueil","item":"https:\/\/vieassociative.be\/actualites\/"},{"@type":"ListItem","position":2,"name":"Red Devil Without Lukaku, mais avec de Bruyne et Courtois &#8211; Bathshuayi est de retour &#8211; trois nouveaux arrivants"}]},{"@type":"WebSite","@id":"https:\/\/vieassociative.be\/actualites\/#website","url":"https:\/\/vieassociative.be\/actualites\/","name":"Vie Associative","description":"","publisher":{"@id":"https:\/\/vieassociative.be\/actualites\/#organization"},"potentialAction":[{"@type":"SearchAction","target":{"@type":"EntryPoint","urlTemplate":"https:\/\/vieassociative.be\/actualites\/?s={search_term_string}"},"query-input":{"@type":"PropertyValueSpecification","valueRequired":true,"valueName":"search_term_string"}}],"inLanguage":"fr-BE"},{"@type":"Organization","@id":"https:\/\/vieassociative.be\/actualites\/#organization","name":"Vie Associative","url":"https:\/\/vieassociative.be\/actualites\/","logo":{"@type":"ImageObject","inLanguage":"fr-BE","@id":"https:\/\/vieassociative.be\/actualites\/#\/schema\/logo\/image\/","url":"https:\/\/vieassociative.be\/actualites\/wp-content\/uploads\/2024\/09\/cropped-vieassociative_favicon.ico.png","contentUrl":"https:\/\/vieassociative.be\/actualites\/wp-content\/uploads\/2024\/09\/cropped-vieassociative_favicon.ico.png","width":512,"height":512,"caption":"Vie Associative"},"image":{"@id":"https:\/\/vieassociative.be\/actualites\/#\/schema\/logo\/image\/"}},{"@type":"Person","@id":"https:\/\/vieassociative.be\/actualites\/#\/schema\/person\/b87ac4f82f9d4e7b7cec7395b679edc4","name":"Julien","image":{"@type":"ImageObject","inLanguage":"fr-BE","@id":"https:\/\/vieassociative.be\/actualites\/#\/schema\/person\/image\/","url":"https:\/\/vieassociative.be\/actualites\/wp-content\/uploads\/2024\/09\/vie-associative-1-150x150.jpg","contentUrl":"https:\/\/vieassociative.be\/actualites\/wp-content\/uploads\/2024\/09\/vie-associative-1-150x150.jpg","caption":"Julien"},"description":"Je suis Julien, r\u00e9dacteur pour Vie Associative. Passionn\u00e9 par le monde associatif depuis plus de 10 ans, j'ai \u00e0 c\u0153ur de partager des histoires inspirantes et de mettre en lumi\u00e8re les initiatives locales. Mon objectif est de sensibiliser et d'encourager l'engagement communautaire \u00e0 travers mes articles.","sameAs":["https:\/\/vieassociative.be\/"]}]}},"_links":{"self":[{"href":"https:\/\/vieassociative.be\/actualites\/wp-json\/wp\/v2\/posts\/9700"}],"collection":[{"href":"https:\/\/vieassociative.be\/actualites\/wp-json\/wp\/v2\/posts"}],"about":[{"href":"https:\/\/vieassociative.be\/actualites\/wp-json\/wp\/v2\/types\/post"}],"author":[{"embeddable":true,"href":"https:\/\/vieassociative.be\/actualites\/wp-json\/wp\/v2\/users\/1"}],"replies":[{"embeddable":true,"href":"https:\/\/vieassociative.be\/actualites\/wp-json\/wp\/v2\/comments?post=9700"}],"version-history":[{"count":0,"href":"https:\/\/vieassociative.be\/actualites\/wp-json\/wp\/v2\/posts\/9700\/revisions"}],"wp:featuredmedia":[{"embeddable":true,"href":"https:\/\/vieassociative.be\/actualites\/wp-json\/wp\/v2\/media\/8090"}],"wp:attachment":[{"href":"https:\/\/vieassociative.be\/actualites\/wp-json\/wp\/v2\/media?parent=9700"}],"wp:term":[{"taxonomy":"category","embeddable":true,"href":"https:\/\/vieassociative.be\/actualites\/wp-json\/wp\/v2\/categories?post=9700"},{"taxonomy":"post_tag","embeddable":true,"href":"https:\/\/vieassociative.be\/actualites\/wp-json\/wp\/v2\/tags?post=9700"}],"curies":[{"name":"wp","href":"https:\/\/api.w.org\/{rel}","templated":true}]}}