{"id":969,"date":"2024-10-08T00:18:16","date_gmt":"2024-10-07T22:18:16","guid":{"rendered":"https:\/\/vieassociative.be\/actualites\/les-meilleures-offres-decouteurs-juste-avant-le-prime-day-doctobre\/"},"modified":"2024-10-08T00:18:16","modified_gmt":"2024-10-07T22:18:16","slug":"les-meilleures-offres-decouteurs-juste-avant-le-prime-day-doctobre","status":"publish","type":"post","link":"https:\/\/vieassociative.be\/actualites\/les-meilleures-offres-decouteurs-juste-avant-le-prime-day-doctobre\/","title":{"rendered":"Les meilleures offres d\u2019\u00e9couteurs juste avant le Prime Day d\u2019octobre"},"content":{"rendered":"<div class=\"mt-4 leading-6 md:mb-8\">Les \u00e9couteurs b\u00e9n\u00e9ficient d&rsquo;une remise jusqu&rsquo;\u00e0 71 % lors des offres Prime Day d&rsquo;Amazon d\u00e9but octobre.<\/div>\n<p><\/p>\n<p>Le Prime Day d&rsquo;octobre commence demain, le 8 octobre, et se termine le 9 octobre, mais si les \u00e9couteurs figurent sur votre liste de souhaits, vous n&rsquo;aurez peut-\u00eatre pas \u00e0 attendre aussi longtemps. Les offres Early Prime Day sont d\u00e9j\u00e0 en cours avec des remises allant jusqu&rsquo;\u00e0 71 % sur des marques comme Apple, Sennheiser et d&rsquo;autres. Voici les meilleures offres d\u2019\u00e9couteurs et d\u2019\u00e9couteurs que j\u2019ai trouv\u00e9es jusqu\u2019\u00e0 pr\u00e9sent avant la grande vente.<\/p>\n<h2 id=\"best-airpod-deals-for-early-prime-day\">Meilleures offres AirPod pour le d\u00e9but du Prime Day<\/h2>\n<p>Si vous recherchez des AirPod, pensez aux Apple AirPods Max, actuellement disponibles \u00e0 <strong>399\u00a0$<\/strong> (\u00e0 l&rsquo;origine 549 $). Bien s\u00fbr, cela reste cher, mais jusqu&rsquo;\u00e0 r\u00e9cemment, ils \u00e9taient rarement mis en vente. C&rsquo;est l&rsquo;un des meilleurs \u00e9couteurs ANC que vous puissiez acheter (ils ne vous donnent pas cette \u00e9trange sensation de pression lorsque vous les allumez), ont une tr\u00e8s bonne conscience ambiante pour bien entendre votre environnement, ont un \u00e9galiseur adaptatif et un audio spatial, qui ajuste le audio automatiquement \u00e0 vous et \u00e0 votre environnement, et Siri mains libres, selon l'\u00a0\u00bbexcellente\u00a0\u00bb critique de PCMag.<\/p>\n<h2 id=\"best-over-ear-headphone-deal-for-early-prime-day\">Meilleure offre de casque supra-auriculaire pour le d\u00e9but du Prime Day<\/h2>\n<p>Les meilleurs \u00e9couteurs supra-auriculaires non Apple sont le Sennheiser Momentum 4, actuellement<strong> 249,95\u00a0$ <\/strong>(\u00e0 l&rsquo;origine 379,95 $). Ces \u00e9couteurs sont sortis en 2022 et \u00e9taient l\u2019un des meilleurs \u00e9couteurs ANC de cette ann\u00e9e-l\u00e0, selon \u00ab l\u2019excellente \u00bb critique de PCMag. Si vous recherchez un excellent son avec des basses puissantes, des aigus d\u00e9taill\u00e9s, une prise en charge des codecs pour votre t\u00e9l\u00e9phone et des commandes conviviales, le Sennheiser Momentum 4, pour son prix actuel, est votre meilleur choix. Ces \u00e9couteurs ont une autonomie impressionnante de 60 heures et la possibilit\u00e9 de brancher un cordon st\u00e9r\u00e9o de 3,5 mm.<\/p>\n<h2 id=\"best-anc-earbuds-ahead-of-prime-day\">Meilleurs \u00e9couteurs ANC avant le Prime Day<\/h2>\n<p>Il ne fait aucun doute que les meilleurs \u00e9couteurs ANC sont les Bose QuietComfort Ultra, malheureusement, ils ne sont pas (encore) r\u00e9duits. Cependant, le Sennheiser Momentum True Wireless 3 est une alternative bien plus \u00e9conomique, actuellement \u00e0 53 % de r\u00e9duction. Vous pouvez les obtenir pour <strong>132,42\u00a0$<\/strong> (\u00e0 l&rsquo;origine 279,99 $). En plus d&rsquo;avoir un excellent ANC, le bo\u00eetier prend en charge le chargement sans fil, l&rsquo;application dispose d&rsquo;un \u00e9galiseur r\u00e9glable et l&rsquo;audio est excellent avec des basses puissantes, selon l&rsquo;examen de PCMag.<\/p>\n<h2 id=\"best-budget-earbuds\">Meilleurs \u00e9couteurs \u00e9conomiques<\/h2>\n<p>Si vous cherchez \u00e0 \u00e9conomiser de l&rsquo;argent pour Prime Day mais que vous avez toujours besoin de nouveaux \u00e9couteurs, pensez aux Amazon Echo Buds avec ANC pour <strong>34,99\u00a0$<\/strong> (\u00e0 l&rsquo;origine 119,99 $). Il s&rsquo;agit de la deuxi\u00e8me g\u00e9n\u00e9ration d&rsquo;Echo Buds de 2021, et comme PCMag l&rsquo;a conclu dans son examen, ce sont d'\u00a0\u00bbexcellents\u00a0\u00bb \u00e9couteurs avec un son \u00e9quilibr\u00e9 et vous offrent Alexa mains libres. Si vous ne vous souciez pas de l&rsquo;ANC et que vous souhaitez \u00e9conomiser encore plus d&rsquo;argent, pensez aux nouveaux Amazon Echo Buds de troisi\u00e8me g\u00e9n\u00e9ration (sans ANC) pour <strong>24,99\u00a0$<\/strong> (\u00e0 l&rsquo;origine 49,99 $).<\/p>\n<div class=\"w-full mt-12 text-center sm:text-left\" x-data=\"{ showAll: false }\">\n<div class=\"flex flex-col items-center justify-between sm:px-6 sm:flex-row\">\n<span class=\"text-sm italic\">Les offres sont s\u00e9lectionn\u00e9es par notre \u00e9quipe commerciale<\/span>\n<\/div>\n<\/div>\n","protected":false},"excerpt":{"rendered":"<p>Les \u00e9couteurs b\u00e9n\u00e9ficient d&rsquo;une remise jusqu&rsquo;\u00e0 71 % lors des offres Prime Day d&rsquo;Amazon d\u00e9but octobre. Le Prime Day d&rsquo;octobre commence demain, le 8 octobre,<\/p>\n","protected":false},"author":1,"featured_media":970,"comment_status":"","ping_status":"","sticky":false,"template":"","format":"standard","meta":{"footnotes":""},"categories":[13],"tags":[142,347,1498,1250,1499,14,79,345,346],"class_list":["post-969","post","type-post","status-publish","format-standard","has-post-thumbnail","hentry","category-technologie","tag-avant","tag-day","tag-decouteurs","tag-doctobre","tag-juste","tag-les","tag-meilleures","tag-offres","tag-prime","generate-columns","tablet-grid-50","mobile-grid-100","grid-parent","grid-33"],"yoast_head":"<!-- This site is optimized with the Yoast SEO plugin v24.0 - https:\/\/yoast.com\/wordpress\/plugins\/seo\/ -->\n<title>Les meilleures offres d\u2019\u00e9couteurs juste avant le Prime Day d\u2019octobre | Vie Associative<\/title>\n<meta name=\"robots\" content=\"index, follow, max-snippet:-1, max-image-preview:large, max-video-preview:-1\" \/>\n<link rel=\"canonical\" href=\"https:\/\/vieassociative.be\/actualites\/les-meilleures-offres-decouteurs-juste-avant-le-prime-day-doctobre\/\" \/>\n<meta property=\"og:locale\" content=\"fr_FR\" \/>\n<meta property=\"og:type\" content=\"article\" \/>\n<meta property=\"og:title\" content=\"Les meilleures offres d\u2019\u00e9couteurs juste avant le Prime Day d\u2019octobre | Vie Associative\" \/>\n<meta property=\"og:description\" content=\"Les \u00e9couteurs b\u00e9n\u00e9ficient d&rsquo;une remise jusqu&rsquo;\u00e0 71 % lors des offres Prime Day d&rsquo;Amazon d\u00e9but octobre. Le Prime Day d&rsquo;octobre commence demain, le 8 octobre,\" \/>\n<meta property=\"og:url\" content=\"https:\/\/vieassociative.be\/actualites\/les-meilleures-offres-decouteurs-juste-avant-le-prime-day-doctobre\/\" \/>\n<meta property=\"og:site_name\" content=\"Vie Associative\" \/>\n<meta property=\"article:published_time\" content=\"2024-10-07T22:18:16+00:00\" \/>\n<meta property=\"og:image\" content=\"https:\/\/vieassociative.be\/actualites\/wp-content\/uploads\/2024\/09\/header_backgroundk-01-e1726694325946.png\" \/>\n\t<meta property=\"og:image:width\" content=\"279\" \/>\n\t<meta property=\"og:image:height\" content=\"92\" \/>\n\t<meta property=\"og:image:type\" content=\"image\/png\" \/>\n<meta name=\"author\" content=\"Julien\" \/>\n<meta name=\"twitter:card\" content=\"summary_large_image\" \/>\n<meta name=\"twitter:label1\" content=\"\u00c9crit par\" \/>\n\t<meta name=\"twitter:data1\" content=\"Julien\" \/>\n\t<meta name=\"twitter:label2\" content=\"Dur\u00e9e de lecture est.\" \/>\n\t<meta name=\"twitter:data2\" content=\"2 minutes\" \/>\n<script type=\"application\/ld+json\" class=\"yoast-schema-graph\">{\"@context\":\"https:\/\/schema.org\",\"@graph\":[{\"@type\":\"Article\",\"@id\":\"https:\/\/vieassociative.be\/actualites\/les-meilleures-offres-decouteurs-juste-avant-le-prime-day-doctobre\/#article\",\"isPartOf\":{\"@id\":\"https:\/\/vieassociative.be\/actualites\/les-meilleures-offres-decouteurs-juste-avant-le-prime-day-doctobre\/\"},\"author\":{\"name\":\"Julien\",\"@id\":\"https:\/\/vieassociative.be\/actualites\/#\/schema\/person\/b87ac4f82f9d4e7b7cec7395b679edc4\"},\"headline\":\"Les meilleures offres d\u2019\u00e9couteurs juste avant le Prime Day d\u2019octobre\",\"datePublished\":\"2024-10-07T22:18:16+00:00\",\"dateModified\":\"2024-10-07T22:18:16+00:00\",\"mainEntityOfPage\":{\"@id\":\"https:\/\/vieassociative.be\/actualites\/les-meilleures-offres-decouteurs-juste-avant-le-prime-day-doctobre\/\"},\"wordCount\":530,\"publisher\":{\"@id\":\"https:\/\/vieassociative.be\/actualites\/#organization\"},\"image\":{\"@id\":\"https:\/\/vieassociative.be\/actualites\/les-meilleures-offres-decouteurs-juste-avant-le-prime-day-doctobre\/#primaryimage\"},\"thumbnailUrl\":\"https:\/\/vieassociative.be\/actualites\/wp-content\/uploads\/2024\/10\/Les-meilleures-offres-decouteurs-juste-avant-le-Prime-Day-doctobre.png\",\"keywords\":[\"avant\",\"Day\",\"d\u00e9couteurs\",\"doctobre\",\"juste\",\"Les\",\"meilleures\",\"offres\",\"Prime\"],\"articleSection\":[\"Technologie\"],\"inLanguage\":\"fr-BE\"},{\"@type\":\"WebPage\",\"@id\":\"https:\/\/vieassociative.be\/actualites\/les-meilleures-offres-decouteurs-juste-avant-le-prime-day-doctobre\/\",\"url\":\"https:\/\/vieassociative.be\/actualites\/les-meilleures-offres-decouteurs-juste-avant-le-prime-day-doctobre\/\",\"name\":\"Les meilleures offres d\u2019\u00e9couteurs juste avant le Prime Day d\u2019octobre | Vie Associative\",\"isPartOf\":{\"@id\":\"https:\/\/vieassociative.be\/actualites\/#website\"},\"primaryImageOfPage\":{\"@id\":\"https:\/\/vieassociative.be\/actualites\/les-meilleures-offres-decouteurs-juste-avant-le-prime-day-doctobre\/#primaryimage\"},\"image\":{\"@id\":\"https:\/\/vieassociative.be\/actualites\/les-meilleures-offres-decouteurs-juste-avant-le-prime-day-doctobre\/#primaryimage\"},\"thumbnailUrl\":\"https:\/\/vieassociative.be\/actualites\/wp-content\/uploads\/2024\/10\/Les-meilleures-offres-decouteurs-juste-avant-le-Prime-Day-doctobre.png\",\"datePublished\":\"2024-10-07T22:18:16+00:00\",\"dateModified\":\"2024-10-07T22:18:16+00:00\",\"breadcrumb\":{\"@id\":\"https:\/\/vieassociative.be\/actualites\/les-meilleures-offres-decouteurs-juste-avant-le-prime-day-doctobre\/#breadcrumb\"},\"inLanguage\":\"fr-BE\",\"potentialAction\":[{\"@type\":\"ReadAction\",\"target\":[\"https:\/\/vieassociative.be\/actualites\/les-meilleures-offres-decouteurs-juste-avant-le-prime-day-doctobre\/\"]}]},{\"@type\":\"ImageObject\",\"inLanguage\":\"fr-BE\",\"@id\":\"https:\/\/vieassociative.be\/actualites\/les-meilleures-offres-decouteurs-juste-avant-le-prime-day-doctobre\/#primaryimage\",\"url\":\"https:\/\/vieassociative.be\/actualites\/wp-content\/uploads\/2024\/10\/Les-meilleures-offres-decouteurs-juste-avant-le-Prime-Day-doctobre.png\",\"contentUrl\":\"https:\/\/vieassociative.be\/actualites\/wp-content\/uploads\/2024\/10\/Les-meilleures-offres-decouteurs-juste-avant-le-Prime-Day-doctobre.png\",\"width\":1200,\"height\":675,\"caption\":\"Les meilleures offres d\u2019\u00e9couteurs juste avant le Prime Day d\u2019octobre\"},{\"@type\":\"BreadcrumbList\",\"@id\":\"https:\/\/vieassociative.be\/actualites\/les-meilleures-offres-decouteurs-juste-avant-le-prime-day-doctobre\/#breadcrumb\",\"itemListElement\":[{\"@type\":\"ListItem\",\"position\":1,\"name\":\"Accueil\",\"item\":\"https:\/\/vieassociative.be\/actualites\/\"},{\"@type\":\"ListItem\",\"position\":2,\"name\":\"Les meilleures offres d\u2019\u00e9couteurs juste avant le Prime Day d\u2019octobre\"}]},{\"@type\":\"WebSite\",\"@id\":\"https:\/\/vieassociative.be\/actualites\/#website\",\"url\":\"https:\/\/vieassociative.be\/actualites\/\",\"name\":\"Vie Associative\",\"description\":\"\",\"publisher\":{\"@id\":\"https:\/\/vieassociative.be\/actualites\/#organization\"},\"potentialAction\":[{\"@type\":\"SearchAction\",\"target\":{\"@type\":\"EntryPoint\",\"urlTemplate\":\"https:\/\/vieassociative.be\/actualites\/?s={search_term_string}\"},\"query-input\":{\"@type\":\"PropertyValueSpecification\",\"valueRequired\":true,\"valueName\":\"search_term_string\"}}],\"inLanguage\":\"fr-BE\"},{\"@type\":\"Organization\",\"@id\":\"https:\/\/vieassociative.be\/actualites\/#organization\",\"name\":\"Vie Associative\",\"url\":\"https:\/\/vieassociative.be\/actualites\/\",\"logo\":{\"@type\":\"ImageObject\",\"inLanguage\":\"fr-BE\",\"@id\":\"https:\/\/vieassociative.be\/actualites\/#\/schema\/logo\/image\/\",\"url\":\"https:\/\/vieassociative.be\/actualites\/wp-content\/uploads\/2024\/09\/cropped-vieassociative_favicon.ico.png\",\"contentUrl\":\"https:\/\/vieassociative.be\/actualites\/wp-content\/uploads\/2024\/09\/cropped-vieassociative_favicon.ico.png\",\"width\":512,\"height\":512,\"caption\":\"Vie Associative\"},\"image\":{\"@id\":\"https:\/\/vieassociative.be\/actualites\/#\/schema\/logo\/image\/\"}},{\"@type\":\"Person\",\"@id\":\"https:\/\/vieassociative.be\/actualites\/#\/schema\/person\/b87ac4f82f9d4e7b7cec7395b679edc4\",\"name\":\"Julien\",\"image\":{\"@type\":\"ImageObject\",\"inLanguage\":\"fr-BE\",\"@id\":\"https:\/\/vieassociative.be\/actualites\/#\/schema\/person\/image\/\",\"url\":\"https:\/\/vieassociative.be\/actualites\/wp-content\/uploads\/2024\/09\/vie-associative-1-150x150.jpg\",\"contentUrl\":\"https:\/\/vieassociative.be\/actualites\/wp-content\/uploads\/2024\/09\/vie-associative-1-150x150.jpg\",\"caption\":\"Julien\"},\"description\":\"Je suis Julien, r\u00e9dacteur pour Vie Associative. Passionn\u00e9 par le monde associatif depuis plus de 10 ans, j'ai \u00e0 c\u0153ur de partager des histoires inspirantes et de mettre en lumi\u00e8re les initiatives locales. Mon objectif est de sensibiliser et d'encourager l'engagement communautaire \u00e0 travers mes articles.\",\"sameAs\":[\"https:\/\/vieassociative.be\/\"]}]}<\/script>\n<!-- \/ Yoast SEO plugin. -->","yoast_head_json":{"title":"Les meilleures offres d\u2019\u00e9couteurs juste avant le Prime Day d\u2019octobre | Vie Associative","robots":{"index":"index","follow":"follow","max-snippet":"max-snippet:-1","max-image-preview":"max-image-preview:large","max-video-preview":"max-video-preview:-1"},"canonical":"https:\/\/vieassociative.be\/actualites\/les-meilleures-offres-decouteurs-juste-avant-le-prime-day-doctobre\/","og_locale":"fr_FR","og_type":"article","og_title":"Les meilleures offres d\u2019\u00e9couteurs juste avant le Prime Day d\u2019octobre | Vie Associative","og_description":"Les \u00e9couteurs b\u00e9n\u00e9ficient d&rsquo;une remise jusqu&rsquo;\u00e0 71 % lors des offres Prime Day d&rsquo;Amazon d\u00e9but octobre. Le Prime Day d&rsquo;octobre commence demain, le 8 octobre,","og_url":"https:\/\/vieassociative.be\/actualites\/les-meilleures-offres-decouteurs-juste-avant-le-prime-day-doctobre\/","og_site_name":"Vie Associative","article_published_time":"2024-10-07T22:18:16+00:00","og_image":[{"width":279,"height":92,"url":"https:\/\/vieassociative.be\/actualites\/wp-content\/uploads\/2024\/09\/header_backgroundk-01-e1726694325946.png","type":"image\/png"}],"author":"Julien","twitter_card":"summary_large_image","twitter_misc":{"\u00c9crit par":"Julien","Dur\u00e9e de lecture est.":"2 minutes"},"schema":{"@context":"https:\/\/schema.org","@graph":[{"@type":"Article","@id":"https:\/\/vieassociative.be\/actualites\/les-meilleures-offres-decouteurs-juste-avant-le-prime-day-doctobre\/#article","isPartOf":{"@id":"https:\/\/vieassociative.be\/actualites\/les-meilleures-offres-decouteurs-juste-avant-le-prime-day-doctobre\/"},"author":{"name":"Julien","@id":"https:\/\/vieassociative.be\/actualites\/#\/schema\/person\/b87ac4f82f9d4e7b7cec7395b679edc4"},"headline":"Les meilleures offres d\u2019\u00e9couteurs juste avant le Prime Day d\u2019octobre","datePublished":"2024-10-07T22:18:16+00:00","dateModified":"2024-10-07T22:18:16+00:00","mainEntityOfPage":{"@id":"https:\/\/vieassociative.be\/actualites\/les-meilleures-offres-decouteurs-juste-avant-le-prime-day-doctobre\/"},"wordCount":530,"publisher":{"@id":"https:\/\/vieassociative.be\/actualites\/#organization"},"image":{"@id":"https:\/\/vieassociative.be\/actualites\/les-meilleures-offres-decouteurs-juste-avant-le-prime-day-doctobre\/#primaryimage"},"thumbnailUrl":"https:\/\/vieassociative.be\/actualites\/wp-content\/uploads\/2024\/10\/Les-meilleures-offres-decouteurs-juste-avant-le-Prime-Day-doctobre.png","keywords":["avant","Day","d\u00e9couteurs","doctobre","juste","Les","meilleures","offres","Prime"],"articleSection":["Technologie"],"inLanguage":"fr-BE"},{"@type":"WebPage","@id":"https:\/\/vieassociative.be\/actualites\/les-meilleures-offres-decouteurs-juste-avant-le-prime-day-doctobre\/","url":"https:\/\/vieassociative.be\/actualites\/les-meilleures-offres-decouteurs-juste-avant-le-prime-day-doctobre\/","name":"Les meilleures offres d\u2019\u00e9couteurs juste avant le Prime Day d\u2019octobre | Vie Associative","isPartOf":{"@id":"https:\/\/vieassociative.be\/actualites\/#website"},"primaryImageOfPage":{"@id":"https:\/\/vieassociative.be\/actualites\/les-meilleures-offres-decouteurs-juste-avant-le-prime-day-doctobre\/#primaryimage"},"image":{"@id":"https:\/\/vieassociative.be\/actualites\/les-meilleures-offres-decouteurs-juste-avant-le-prime-day-doctobre\/#primaryimage"},"thumbnailUrl":"https:\/\/vieassociative.be\/actualites\/wp-content\/uploads\/2024\/10\/Les-meilleures-offres-decouteurs-juste-avant-le-Prime-Day-doctobre.png","datePublished":"2024-10-07T22:18:16+00:00","dateModified":"2024-10-07T22:18:16+00:00","breadcrumb":{"@id":"https:\/\/vieassociative.be\/actualites\/les-meilleures-offres-decouteurs-juste-avant-le-prime-day-doctobre\/#breadcrumb"},"inLanguage":"fr-BE","potentialAction":[{"@type":"ReadAction","target":["https:\/\/vieassociative.be\/actualites\/les-meilleures-offres-decouteurs-juste-avant-le-prime-day-doctobre\/"]}]},{"@type":"ImageObject","inLanguage":"fr-BE","@id":"https:\/\/vieassociative.be\/actualites\/les-meilleures-offres-decouteurs-juste-avant-le-prime-day-doctobre\/#primaryimage","url":"https:\/\/vieassociative.be\/actualites\/wp-content\/uploads\/2024\/10\/Les-meilleures-offres-decouteurs-juste-avant-le-Prime-Day-doctobre.png","contentUrl":"https:\/\/vieassociative.be\/actualites\/wp-content\/uploads\/2024\/10\/Les-meilleures-offres-decouteurs-juste-avant-le-Prime-Day-doctobre.png","width":1200,"height":675,"caption":"Les meilleures offres d\u2019\u00e9couteurs juste avant le Prime Day d\u2019octobre"},{"@type":"BreadcrumbList","@id":"https:\/\/vieassociative.be\/actualites\/les-meilleures-offres-decouteurs-juste-avant-le-prime-day-doctobre\/#breadcrumb","itemListElement":[{"@type":"ListItem","position":1,"name":"Accueil","item":"https:\/\/vieassociative.be\/actualites\/"},{"@type":"ListItem","position":2,"name":"Les meilleures offres d\u2019\u00e9couteurs juste avant le Prime Day d\u2019octobre"}]},{"@type":"WebSite","@id":"https:\/\/vieassociative.be\/actualites\/#website","url":"https:\/\/vieassociative.be\/actualites\/","name":"Vie Associative","description":"","publisher":{"@id":"https:\/\/vieassociative.be\/actualites\/#organization"},"potentialAction":[{"@type":"SearchAction","target":{"@type":"EntryPoint","urlTemplate":"https:\/\/vieassociative.be\/actualites\/?s={search_term_string}"},"query-input":{"@type":"PropertyValueSpecification","valueRequired":true,"valueName":"search_term_string"}}],"inLanguage":"fr-BE"},{"@type":"Organization","@id":"https:\/\/vieassociative.be\/actualites\/#organization","name":"Vie Associative","url":"https:\/\/vieassociative.be\/actualites\/","logo":{"@type":"ImageObject","inLanguage":"fr-BE","@id":"https:\/\/vieassociative.be\/actualites\/#\/schema\/logo\/image\/","url":"https:\/\/vieassociative.be\/actualites\/wp-content\/uploads\/2024\/09\/cropped-vieassociative_favicon.ico.png","contentUrl":"https:\/\/vieassociative.be\/actualites\/wp-content\/uploads\/2024\/09\/cropped-vieassociative_favicon.ico.png","width":512,"height":512,"caption":"Vie Associative"},"image":{"@id":"https:\/\/vieassociative.be\/actualites\/#\/schema\/logo\/image\/"}},{"@type":"Person","@id":"https:\/\/vieassociative.be\/actualites\/#\/schema\/person\/b87ac4f82f9d4e7b7cec7395b679edc4","name":"Julien","image":{"@type":"ImageObject","inLanguage":"fr-BE","@id":"https:\/\/vieassociative.be\/actualites\/#\/schema\/person\/image\/","url":"https:\/\/vieassociative.be\/actualites\/wp-content\/uploads\/2024\/09\/vie-associative-1-150x150.jpg","contentUrl":"https:\/\/vieassociative.be\/actualites\/wp-content\/uploads\/2024\/09\/vie-associative-1-150x150.jpg","caption":"Julien"},"description":"Je suis Julien, r\u00e9dacteur pour Vie Associative. Passionn\u00e9 par le monde associatif depuis plus de 10 ans, j'ai \u00e0 c\u0153ur de partager des histoires inspirantes et de mettre en lumi\u00e8re les initiatives locales. Mon objectif est de sensibiliser et d'encourager l'engagement communautaire \u00e0 travers mes articles.","sameAs":["https:\/\/vieassociative.be\/"]}]}},"_links":{"self":[{"href":"https:\/\/vieassociative.be\/actualites\/wp-json\/wp\/v2\/posts\/969"}],"collection":[{"href":"https:\/\/vieassociative.be\/actualites\/wp-json\/wp\/v2\/posts"}],"about":[{"href":"https:\/\/vieassociative.be\/actualites\/wp-json\/wp\/v2\/types\/post"}],"author":[{"embeddable":true,"href":"https:\/\/vieassociative.be\/actualites\/wp-json\/wp\/v2\/users\/1"}],"replies":[{"embeddable":true,"href":"https:\/\/vieassociative.be\/actualites\/wp-json\/wp\/v2\/comments?post=969"}],"version-history":[{"count":0,"href":"https:\/\/vieassociative.be\/actualites\/wp-json\/wp\/v2\/posts\/969\/revisions"}],"wp:featuredmedia":[{"embeddable":true,"href":"https:\/\/vieassociative.be\/actualites\/wp-json\/wp\/v2\/media\/970"}],"wp:attachment":[{"href":"https:\/\/vieassociative.be\/actualites\/wp-json\/wp\/v2\/media?parent=969"}],"wp:term":[{"taxonomy":"category","embeddable":true,"href":"https:\/\/vieassociative.be\/actualites\/wp-json\/wp\/v2\/categories?post=969"},{"taxonomy":"post_tag","embeddable":true,"href":"https:\/\/vieassociative.be\/actualites\/wp-json\/wp\/v2\/tags?post=969"}],"curies":[{"name":"wp","href":"https:\/\/api.w.org\/{rel}","templated":true}]}}