{"id":9685,"date":"2025-08-28T21:18:02","date_gmt":"2025-08-28T19:18:02","guid":{"rendered":"https:\/\/vieassociative.be\/actualites\/ce-sont-les-meilleures-offres-technologiques-de-la-fete-du-travail-sur-amazon\/"},"modified":"2025-08-28T21:18:02","modified_gmt":"2025-08-28T19:18:02","slug":"ce-sont-les-meilleures-offres-technologiques-de-la-fete-du-travail-sur-amazon","status":"publish","type":"post","link":"https:\/\/vieassociative.be\/actualites\/ce-sont-les-meilleures-offres-technologiques-de-la-fete-du-travail-sur-amazon\/","title":{"rendered":"Ce sont les meilleures offres technologiques de la f\u00eate du Travail sur Amazon"},"content":{"rendered":"<div class=\"mt-4 leading-6 md:mb-8\">La vente de la f\u00eate du Travail d&rsquo;Amazon bat son plein, avec des ventes sur les t\u00e9l\u00e9viseurs, les \u00e9couteurs, les tablettes, les haut-parleurs, etc.<\/div>\n<p><\/p>\n<p><em>Ventes de la f\u00eate du Travail<\/em><em>  sont roul\u00e9s et Vie Associative partage les meilleures ventes<\/em><em>  Bas\u00e9 sur les revues de produits, les comparaisons et les outils de suivi des prix avant la fin. Vous pouvez \u00e9galement vous abonner \u00e0 notre newsletter de shopping<\/em><em>Ajouter au panier, pour les meilleures ventes envoy\u00e9es dans votre bo\u00eete de r\u00e9ception.<\/em><\/p>\n<p>Les ventes de la f\u00eate du Travail sont l\u00e0, et Amazon a une tonne de grandes offres technologiques. Pour vous faciliter la vie un peu plus facile, j&rsquo;ai rassembl\u00e9 les meilleurs que je puisse trouver. <\/p>\n<div class=\"shadow-b-2 mb-12 mt-10 rounded-md border-2 border-(#F0F0F0) px-6 py-2 shadow-lg md:px-12\" role=\"region\" aria-label=\"Products List\" x-data=\"{ showMore: false }\">\n<div class=\"flex w-full gap-x-5\">\n<div class=\"flex w-full flex-col flex-nowrap justify-center gap-2 text-black no-underline md:order-2 md:gap-y-6\">\n<div class=\"flex flex-col justify-between gap-y-2 md:w-full md:gap-y-1\">\n<div class=\"block w-fit cursor-pointer font-akshar text-lg font-medium leading-5 text-brand-green duration-200 ease-in-out hover:text-brand-green-700 md:text-xl md:leading-6\">\n<p>                            Sony WH-1000XM4\n                        <\/p><\/div>\n<\/p><\/div>\n<div class=\"hidden md:flex md:justify-between md:gap-x-4\">\n<div class=\"w-full mb-0 md:flex md:flex-col md:justify-center font-sans leading-4 text-black\">\n<div class=\"flex flex-wrap items-center justify-center gap-1 md:justify-start\">\n        <span class=\"font-bold\"><\/p>\n<p>            198,00 $<br \/>\n                            <span class=\"font-medium\">\u00e0 Amazon<\/span><br \/>\n                    <\/span>\n            <\/div>\n<div class=\"flex items-center justify-center gap-x-1 font-bold md:justify-start\">\n            <span class=\"text-sm line-through\">349,99 $<\/span><br \/>\n            <span class=\"text-sm text-brand-green\">\u00c9conomisez 151,99 $<\/span>\n        <\/div>\n<\/p><\/div>\n<p>                            <button class=\"flex justify-center items-center w-full bg-brand-green text-white text-base font-sans font-medium rounded-md hover:bg-brand-green-700 hover:cursor-pointer md:text-sm hidden self-end h-12 max-w-(10rem) duration-200 ease-in-out hover:bg-brand-green-700 md:flex md:h-10\"><\/p>\n<p>    Conclure un accord<br \/>\n<\/button>\n                        <\/div>\n<\/p><\/div>\n<div class=\"flex aspect-video h-(90px) shrink-0 items-center justify-center self-center md:order-1\">\n                        <img decoding=\"async\" class=\"m-0 max-h-full max-w-full rounded-md\" src=\"https:\/\/vieassociative.be\/actualites\/wp-content\/uploads\/2025\/08\/1755933424_750_Les-meilleures-offres-sur-les-ecouteurs-et-les-ecouteurs-lors.jpg\" alt=\"Sony WH-1000XM4 Annulation du bruit sans fil (bleu)\" width=\"auto\" height=\"auto\" loading=\"lazy\">\n                    <\/div>\n<\/p><\/div>\n<p>                            <button class=\"flex justify-center items-center w-full bg-brand-green text-white text-base font-sans font-medium rounded-md hover:bg-brand-green-700 hover:cursor-pointer md:text-sm w-full h-12 duration-200 ease-in-out hover:bg-brand-green-700 md:hidden md:h-10\"><\/p>\n<p>    Conclure un accord<br \/>\n<\/button><\/p>\n<div class=\"flex flex-col items-center w-full md:hidden font-sans leading-4 text-black\">\n<div class=\"flex flex-wrap items-center justify-center gap-1 md:justify-start\">\n        <span class=\"font-bold\"><\/p>\n<p>            198,00 $<br \/>\n                            <span class=\"font-medium\">\u00e0 Amazon<\/span><br \/>\n                    <\/span>\n            <\/div>\n<div class=\"flex items-center justify-center gap-x-1 font-bold md:justify-start\">\n            <span class=\"text-sm line-through\">349,99 $<\/span><br \/>\n            <span class=\"text-sm text-brand-green\">\u00c9conomisez 151,99 $<\/span>\n        <\/div>\n<\/p><\/div>\n<div class=\"flex w-full gap-x-5\">\n<div class=\"flex w-full flex-col flex-nowrap justify-center gap-2 text-black no-underline md:order-2 md:gap-y-6\">\n<div class=\"flex flex-col justify-between gap-y-2 md:w-full md:gap-y-1\">\n<div class=\"block w-fit cursor-pointer font-akshar text-lg font-medium leading-5 text-brand-green duration-200 ease-in-out hover:text-brand-green-700 md:text-xl md:leading-6\">\n<p>                            Sonos as\n                        <\/p><\/div>\n<\/p><\/div>\n<div class=\"hidden md:flex md:justify-between md:gap-x-4\">\n<div class=\"w-full mb-0 md:flex md:flex-col md:justify-center font-sans leading-4 text-black\">\n<div class=\"flex flex-wrap items-center justify-center gap-1 md:justify-start\">\n        <span class=\"font-bold\"><\/p>\n<p>            299,00 $<br \/>\n                            <span class=\"font-medium\">\u00e0 Amazon<\/span><br \/>\n                    <\/span>\n            <\/div>\n<div class=\"flex items-center justify-center gap-x-1 font-bold md:justify-start\">\n            <span class=\"text-sm line-through\">399,00 $<\/span><br \/>\n            <span class=\"text-sm text-brand-green\">\u00c9conomisez 100,00 $<\/span>\n        <\/div>\n<\/p><\/div>\n<p>                            <button class=\"flex justify-center items-center w-full bg-brand-green text-white text-base font-sans font-medium rounded-md hover:bg-brand-green-700 hover:cursor-pointer md:text-sm hidden self-end h-12 max-w-(10rem) duration-200 ease-in-out hover:bg-brand-green-700 md:flex md:h-10\"><\/p>\n<p>    Conclure un accord<br \/>\n<\/button>\n                        <\/div>\n<\/p><\/div>\n<div class=\"flex aspect-video h-(90px) shrink-0 items-center justify-center self-center md:order-1\">\n                        <img decoding=\"async\" class=\"m-0 max-h-full max-w-full rounded-md\" src=\"https:\/\/vieassociative.be\/actualites\/wp-content\/uploads\/2025\/08\/Ce-sont-les-meilleures-offres-technologiques-de-la-fete-du.jpg\" alt=\"Sonos as\" width=\"auto\" height=\"auto\" loading=\"lazy\">\n                    <\/div>\n<\/p><\/div>\n<p>                            <button class=\"flex justify-center items-center w-full bg-brand-green text-white text-base font-sans font-medium rounded-md hover:bg-brand-green-700 hover:cursor-pointer md:text-sm w-full h-12 duration-200 ease-in-out hover:bg-brand-green-700 md:hidden md:h-10\"><\/p>\n<p>    Conclure un accord<br \/>\n<\/button><\/p>\n<div class=\"flex flex-col items-center w-full md:hidden font-sans leading-4 text-black\">\n<div class=\"flex flex-wrap items-center justify-center gap-1 md:justify-start\">\n        <span class=\"font-bold\"><\/p>\n<p>            299,00 $<br \/>\n                            <span class=\"font-medium\">\u00e0 Amazon<\/span><br \/>\n                    <\/span>\n            <\/div>\n<div class=\"flex items-center justify-center gap-x-1 font-bold md:justify-start\">\n            <span class=\"text-sm line-through\">399,00 $<\/span><br \/>\n            <span class=\"text-sm text-brand-green\">\u00c9conomisez 100,00 $<\/span>\n        <\/div>\n<\/p><\/div>\n<div class=\"flex w-full gap-x-5\">\n<div class=\"flex w-full flex-col flex-nowrap justify-center gap-2 text-black no-underline md:order-2 md:gap-y-6\">\n<div class=\"flex flex-col justify-between gap-y-2 md:w-full md:gap-y-1\">\n<div class=\"block w-fit cursor-pointer font-akshar text-lg font-medium leading-5 text-brand-green duration-200 ease-in-out hover:text-brand-green-700 md:text-xl md:leading-6\">\n<p>                            S\u00e9rie TCL 55 pouces QM6K\n                        <\/p><\/div>\n<\/p><\/div>\n<div class=\"hidden md:flex md:justify-between md:gap-x-4\">\n<div class=\"w-full mb-0 md:flex md:flex-col md:justify-center font-sans leading-4 text-black\">\n<div class=\"flex flex-wrap items-center justify-center gap-1 md:justify-start\">\n        <span class=\"font-bold\"><\/p>\n<p>            446,99 $<br \/>\n                            <span class=\"font-medium\">\u00e0 Amazon<\/span><br \/>\n                    <\/span>\n            <\/div>\n<div class=\"flex items-center justify-center gap-x-1 font-bold md:justify-start\">\n            <span class=\"text-sm line-through\">599,99 $<\/span><br \/>\n            <span class=\"text-sm text-brand-green\">\u00c9conomisez 153,00 $<\/span>\n        <\/div>\n<\/p><\/div>\n<p>                            <button class=\"flex justify-center items-center w-full bg-brand-green text-white text-base font-sans font-medium rounded-md hover:bg-brand-green-700 hover:cursor-pointer md:text-sm hidden self-end h-12 max-w-(10rem) duration-200 ease-in-out hover:bg-brand-green-700 md:flex md:h-10\"><\/p>\n<p>    Conclure un accord<br \/>\n<\/button>\n                        <\/div>\n<\/p><\/div>\n<div class=\"flex aspect-video h-(90px) shrink-0 items-center justify-center self-center md:order-1\">\n                        <img decoding=\"async\" class=\"m-0 max-h-full max-w-full rounded-md\" src=\"https:\/\/vieassociative.be\/actualites\/wp-content\/uploads\/2025\/08\/1756408681_582_Ce-sont-les-meilleures-offres-technologiques-de-la-fete-du.jpg\" alt=\"S\u00e9rie TCL 55 pouces QM6K\" width=\"auto\" height=\"auto\" loading=\"lazy\">\n                    <\/div>\n<\/p><\/div>\n<p>                            <button class=\"flex justify-center items-center w-full bg-brand-green text-white text-base font-sans font-medium rounded-md hover:bg-brand-green-700 hover:cursor-pointer md:text-sm w-full h-12 duration-200 ease-in-out hover:bg-brand-green-700 md:hidden md:h-10\"><\/p>\n<p>    Conclure un accord<br \/>\n<\/button><\/p>\n<div class=\"flex flex-col items-center w-full md:hidden font-sans leading-4 text-black\">\n<div class=\"flex flex-wrap items-center justify-center gap-1 md:justify-start\">\n        <span class=\"font-bold\"><\/p>\n<p>            446,99 $<br \/>\n                            <span class=\"font-medium\">\u00e0 Amazon<\/span><br \/>\n                    <\/span>\n            <\/div>\n<div class=\"flex items-center justify-center gap-x-1 font-bold md:justify-start\">\n            <span class=\"text-sm line-through\">599,99 $<\/span><br \/>\n            <span class=\"text-sm text-brand-green\">\u00c9conomisez 153,00 $<\/span>\n        <\/div>\n<\/p><\/div>\n<div class=\"flex w-full gap-x-5\">\n<div class=\"flex w-full flex-col flex-nowrap justify-center gap-2 text-black no-underline md:order-2 md:gap-y-6\">\n<div class=\"flex flex-col justify-between gap-y-2 md:w-full md:gap-y-1\">\n<div class=\"block w-fit cursor-pointer font-akshar text-lg font-medium leading-5 text-brand-green duration-200 ease-in-out hover:text-brand-green-700 md:text-xl md:leading-6\">\n<p>                            LG 65 pouces Class Oled Evo Ai 4k C5 Series\n                        <\/p><\/div>\n<\/p><\/div>\n<div class=\"hidden md:flex md:justify-between md:gap-x-4\">\n<div class=\"w-full mb-0 md:flex md:flex-col md:justify-center font-sans leading-4 text-black\">\n<div class=\"flex flex-wrap items-center justify-center gap-1 md:justify-start\">\n        <span class=\"font-bold\"><\/p>\n<p>            1 496,99 $<br \/>\n                            <span class=\"font-medium\">\u00e0 Amazon<\/span><br \/>\n                    <\/span>\n            <\/div>\n<div class=\"flex items-center justify-center gap-x-1 font-bold md:justify-start\">\n            <span class=\"text-sm line-through\">2 696,99 $<\/span><br \/>\n            <span class=\"text-sm text-brand-green\">\u00c9conomisez 1 200,00 $<\/span>\n        <\/div>\n<\/p><\/div>\n<p>                            <button class=\"flex justify-center items-center w-full bg-brand-green text-white text-base font-sans font-medium rounded-md hover:bg-brand-green-700 hover:cursor-pointer md:text-sm hidden self-end h-12 max-w-(10rem) duration-200 ease-in-out hover:bg-brand-green-700 md:flex md:h-10\"><\/p>\n<p>    Conclure un accord<br \/>\n<\/button>\n                        <\/div>\n<\/p><\/div>\n<div class=\"flex aspect-video h-(90px) shrink-0 items-center justify-center self-center md:order-1\">\n                        <img decoding=\"async\" class=\"m-0 max-h-full max-w-full rounded-md\" src=\"https:\/\/vieassociative.be\/actualites\/wp-content\/uploads\/2025\/08\/1755890222_999_Les-six-meilleures-offres-sur-les-televiseurs-pendant-la-fete.jpg\" alt=\"LG 65 pouces Class OLED EVO C5 Series\" width=\"auto\" height=\"auto\" loading=\"lazy\">\n                    <\/div>\n<\/p><\/div>\n<p>                            <button class=\"flex justify-center items-center w-full bg-brand-green text-white text-base font-sans font-medium rounded-md hover:bg-brand-green-700 hover:cursor-pointer md:text-sm w-full h-12 duration-200 ease-in-out hover:bg-brand-green-700 md:hidden md:h-10\"><\/p>\n<p>    Conclure un accord<br \/>\n<\/button><\/p>\n<div class=\"flex flex-col items-center w-full md:hidden font-sans leading-4 text-black\">\n<div class=\"flex flex-wrap items-center justify-center gap-1 md:justify-start\">\n        <span class=\"font-bold\"><\/p>\n<p>            1 496,99 $<br \/>\n                            <span class=\"font-medium\">\u00e0 Amazon<\/span><br \/>\n                    <\/span>\n            <\/div>\n<div class=\"flex items-center justify-center gap-x-1 font-bold md:justify-start\">\n            <span class=\"text-sm line-through\">2 696,99 $<\/span><br \/>\n            <span class=\"text-sm text-brand-green\">\u00c9conomisez 1 200,00 $<\/span>\n        <\/div>\n<\/p><\/div>\n<div class=\"flex w-full gap-x-5\">\n<div class=\"flex w-full flex-col flex-nowrap justify-center gap-2 text-black no-underline md:order-2 md:gap-y-6\">\n<div class=\"flex flex-col justify-between gap-y-2 md:w-full md:gap-y-1\">\n<div class=\"block w-fit cursor-pointer font-akshar text-lg font-medium leading-5 text-brand-green duration-200 ease-in-out hover:text-brand-green-700 md:text-xl md:leading-6\">\n<p>                            Tablette Google Pixel &#8211; tablette Android avec \u00e9cran de 11 pouces et autonomie de batterie extra-longue &#8211; Porcelaine &#8211; 8 Go de RAM &#8211; 128 Go\n                        <\/p><\/div>\n<\/p><\/div>\n<div class=\"hidden md:flex md:justify-between md:gap-x-4\">\n<div class=\"w-full mb-0 md:flex md:flex-col md:justify-center font-sans leading-4 text-black\">\n<div class=\"flex flex-wrap items-center justify-center gap-1 md:justify-start\">\n        <span class=\"font-bold\"><\/p>\n<p>            249,00 $<br \/>\n                            <span class=\"font-medium\">\u00e0 Amazon<\/span><br \/>\n                    <\/span>\n            <\/div>\n<div class=\"flex items-center justify-center gap-x-1 font-bold md:justify-start\">\n            <span class=\"text-sm line-through\">399,00 $<\/span><br \/>\n            <span class=\"text-sm text-brand-green\">\u00c9conomisez 150,00 $<\/span>\n        <\/div>\n<\/p><\/div>\n<p>                            <button class=\"flex justify-center items-center w-full bg-brand-green text-white text-base font-sans font-medium rounded-md hover:bg-brand-green-700 hover:cursor-pointer md:text-sm hidden self-end h-12 max-w-(10rem) duration-200 ease-in-out hover:bg-brand-green-700 md:flex md:h-10\"><\/p>\n<p>    Conclure un accord<br \/>\n<\/button>\n                        <\/div>\n<\/p><\/div>\n<div class=\"flex aspect-video h-(90px) shrink-0 items-center justify-center self-center md:order-1\">\n                        <img decoding=\"async\" class=\"m-0 max-h-full max-w-full rounded-md\" src=\"https:\/\/vieassociative.be\/actualites\/wp-content\/uploads\/2025\/08\/1756408681_444_Ce-sont-les-meilleures-offres-technologiques-de-la-fete-du.jpg\" alt=\"Tablette Google Pixel - tablette Android avec \u00e9cran de 11 pouces et autonomie de batterie extra-longue - Porcelaine - 8 Go de RAM - 128 Go\" width=\"auto\" height=\"auto\" loading=\"lazy\">\n                    <\/div>\n<\/p><\/div>\n<p>                            <button class=\"flex justify-center items-center w-full bg-brand-green text-white text-base font-sans font-medium rounded-md hover:bg-brand-green-700 hover:cursor-pointer md:text-sm w-full h-12 duration-200 ease-in-out hover:bg-brand-green-700 md:hidden md:h-10\"><\/p>\n<p>    Conclure un accord<br \/>\n<\/button><\/p>\n<div class=\"flex flex-col items-center w-full md:hidden font-sans leading-4 text-black\">\n<div class=\"flex flex-wrap items-center justify-center gap-1 md:justify-start\">\n        <span class=\"font-bold\"><\/p>\n<p>            249,00 $<br \/>\n                            <span class=\"font-medium\">\u00e0 Amazon<\/span><br \/>\n                    <\/span>\n            <\/div>\n<div class=\"flex items-center justify-center gap-x-1 font-bold md:justify-start\">\n            <span class=\"text-sm line-through\">399,00 $<\/span><br \/>\n            <span class=\"text-sm text-brand-green\">\u00c9conomisez 150,00 $<\/span>\n        <\/div>\n<\/p><\/div>\n<div class=\"flex w-full gap-x-5\">\n<div class=\"flex w-full flex-col flex-nowrap justify-center gap-2 text-black no-underline md:order-2 md:gap-y-6\">\n<div class=\"flex flex-col justify-between gap-y-2 md:w-full md:gap-y-1\">\n<div class=\"block w-fit cursor-pointer font-akshar text-lg font-medium leading-5 text-brand-green duration-200 ease-in-out hover:text-brand-green-700 md:text-xl md:leading-6\">\n<p>                            Apple iPad Pro (2024)\n                        <\/p><\/div>\n<\/p><\/div>\n<div class=\"hidden md:flex md:justify-between md:gap-x-4\">\n<div class=\"w-full mb-0 md:flex md:flex-col md:justify-center font-sans leading-4 text-black\">\n<div class=\"flex flex-wrap items-center justify-center gap-1 md:justify-start\">\n        <span class=\"font-bold\"><\/p>\n<p>            894,99 $<br \/>\n                            <span class=\"font-medium\">\u00e0 Amazon<\/span><br \/>\n                    <\/span>\n            <\/div>\n<div class=\"flex items-center justify-center gap-x-1 font-bold md:justify-start\">\n            <span class=\"text-sm line-through\">999,00 $<\/span><br \/>\n            <span class=\"text-sm text-brand-green\">\u00c9conomisez 104,01 $<\/span>\n        <\/div>\n<\/p><\/div>\n<p>                            <button class=\"flex justify-center items-center w-full bg-brand-green text-white text-base font-sans font-medium rounded-md hover:bg-brand-green-700 hover:cursor-pointer md:text-sm hidden self-end h-12 max-w-(10rem) duration-200 ease-in-out hover:bg-brand-green-700 md:flex md:h-10\"><\/p>\n<p>    Conclure un accord<br \/>\n<\/button>\n                        <\/div>\n<\/p><\/div>\n<div class=\"flex aspect-video h-(90px) shrink-0 items-center justify-center self-center md:order-1\">\n                        <img decoding=\"async\" class=\"m-0 max-h-full max-w-full rounded-md\" src=\"https:\/\/vieassociative.be\/actualites\/wp-content\/uploads\/2025\/08\/1756408681_926_Ce-sont-les-meilleures-offres-technologiques-de-la-fete-du.jpg\" alt=\"Apple iPad Pro (2024)\" width=\"auto\" height=\"auto\" loading=\"lazy\">\n                    <\/div>\n<\/p><\/div>\n<p>                            <button class=\"flex justify-center items-center w-full bg-brand-green text-white text-base font-sans font-medium rounded-md hover:bg-brand-green-700 hover:cursor-pointer md:text-sm w-full h-12 duration-200 ease-in-out hover:bg-brand-green-700 md:hidden md:h-10\"><\/p>\n<p>    Conclure un accord<br \/>\n<\/button><\/p>\n<div class=\"flex flex-col items-center w-full md:hidden font-sans leading-4 text-black\">\n<div class=\"flex flex-wrap items-center justify-center gap-1 md:justify-start\">\n        <span class=\"font-bold\"><\/p>\n<p>            894,99 $<br \/>\n                            <span class=\"font-medium\">\u00e0 Amazon<\/span><br \/>\n                    <\/span>\n            <\/div>\n<div class=\"flex items-center justify-center gap-x-1 font-bold md:justify-start\">\n            <span class=\"text-sm line-through\">999,00 $<\/span><br \/>\n            <span class=\"text-sm text-brand-green\">\u00c9conomisez 104,01 $<\/span>\n        <\/div>\n<\/p><\/div>\n<div class=\"flex w-full gap-x-5\">\n<div class=\"flex w-full flex-col flex-nowrap justify-center gap-2 text-black no-underline md:order-2 md:gap-y-6\">\n<div class=\"flex flex-col justify-between gap-y-2 md:w-full md:gap-y-1\">\n<div class=\"block w-fit cursor-pointer font-akshar text-lg font-medium leading-5 text-brand-green duration-200 ease-in-out hover:text-brand-green-700 md:text-xl md:leading-6\">\n<p>                            Kit de combo de forage sans fil Dewalt 20V max, 2 tools (DCK240C2)\n                        <\/p><\/div>\n<\/p><\/div>\n<div class=\"hidden md:flex md:justify-between md:gap-x-4\">\n<div class=\"w-full mb-0 md:flex md:flex-col md:justify-center font-sans leading-4 text-black\">\n<div class=\"flex flex-wrap items-center justify-center gap-1 md:justify-start\">\n        <span class=\"font-bold\"><\/p>\n<p>            179,00 $<br \/>\n                            <span class=\"font-medium\">\u00e0 Amazon<\/span><br \/>\n                    <\/span>\n            <\/div>\n<div class=\"flex items-center justify-center gap-x-1 font-bold md:justify-start\">\n            <span class=\"text-sm line-through\">259,00 $<\/span><br \/>\n            <span class=\"text-sm text-brand-green\">\u00c9conomisez 80,00 $<\/span>\n        <\/div>\n<\/p><\/div>\n<p>                            <button class=\"flex justify-center items-center w-full bg-brand-green text-white text-base font-sans font-medium rounded-md hover:bg-brand-green-700 hover:cursor-pointer md:text-sm hidden self-end h-12 max-w-(10rem) duration-200 ease-in-out hover:bg-brand-green-700 md:flex md:h-10\"><\/p>\n<p>    Conclure un accord<br \/>\n<\/button>\n                        <\/div>\n<\/p><\/div>\n<div class=\"flex aspect-video h-(90px) shrink-0 items-center justify-center self-center md:order-1\">\n                        <img decoding=\"async\" class=\"m-0 max-h-full max-w-full rounded-md\" src=\"https:\/\/vieassociative.be\/actualites\/wp-content\/uploads\/2025\/08\/1756408682_418_Ce-sont-les-meilleures-offres-technologiques-de-la-fete-du.jpg\" alt=\"Kit de combo de forage sans fil Dewalt 20V max, 2 tools (DCK240C2)\" width=\"auto\" height=\"auto\" loading=\"lazy\">\n                    <\/div>\n<\/p><\/div>\n<p>                            <button class=\"flex justify-center items-center w-full bg-brand-green text-white text-base font-sans font-medium rounded-md hover:bg-brand-green-700 hover:cursor-pointer md:text-sm w-full h-12 duration-200 ease-in-out hover:bg-brand-green-700 md:hidden md:h-10\"><\/p>\n<p>    Conclure un accord<br \/>\n<\/button><\/p>\n<div class=\"flex flex-col items-center w-full md:hidden font-sans leading-4 text-black\">\n<div class=\"flex flex-wrap items-center justify-center gap-1 md:justify-start\">\n        <span class=\"font-bold\"><\/p>\n<p>            179,00 $<br \/>\n                            <span class=\"font-medium\">\u00e0 Amazon<\/span><br \/>\n                    <\/span>\n            <\/div>\n<div class=\"flex items-center justify-center gap-x-1 font-bold md:justify-start\">\n            <span class=\"text-sm line-through\">259,00 $<\/span><br \/>\n            <span class=\"text-sm text-brand-green\">\u00c9conomisez 80,00 $<\/span>\n        <\/div>\n<\/p><\/div>\n<div class=\"flex w-full gap-x-5\">\n<div class=\"flex w-full flex-col flex-nowrap justify-center gap-2 text-black no-underline md:order-2 md:gap-y-6\">\n<div class=\"flex flex-col justify-between gap-y-2 md:w-full md:gap-y-1\">\n<div class=\"block w-fit cursor-pointer font-akshar text-lg font-medium leading-5 text-brand-green duration-200 ease-in-out hover:text-brand-green-700 md:text-xl md:leading-6\">\n<p>                            Apple Airtag Tracker (4-pack)\n                        <\/p><\/div>\n<\/p><\/div>\n<div class=\"hidden md:flex md:justify-between md:gap-x-4\">\n<div class=\"w-full mb-0 md:flex md:flex-col md:justify-center font-sans leading-4 text-black\">\n<div class=\"flex flex-wrap items-center justify-center gap-1 md:justify-start\">\n        <span class=\"font-bold\"><\/p>\n<p>            69,99 $<br \/>\n                            <span class=\"font-medium\">\u00e0 Amazon<\/span><br \/>\n                    <\/span>\n            <\/div>\n<div class=\"flex items-center justify-center gap-x-1 font-bold md:justify-start\">\n            <span class=\"text-sm line-through\">99,00 $<\/span><br \/>\n            <span class=\"text-sm text-brand-green\">\u00c9conomisez 29,01 $<\/span>\n        <\/div>\n<\/p><\/div>\n<p>                            <button class=\"flex justify-center items-center w-full bg-brand-green text-white text-base font-sans font-medium rounded-md hover:bg-brand-green-700 hover:cursor-pointer md:text-sm hidden self-end h-12 max-w-(10rem) duration-200 ease-in-out hover:bg-brand-green-700 md:flex md:h-10\"><\/p>\n<p>    Conclure un accord<br \/>\n<\/button>\n                        <\/div>\n<\/p><\/div>\n<div class=\"flex aspect-video h-(90px) shrink-0 items-center justify-center self-center md:order-1\">\n                        <img decoding=\"async\" class=\"m-0 max-h-full max-w-full rounded-md\" src=\"https:\/\/vieassociative.be\/actualites\/wp-content\/uploads\/2025\/08\/1756408682_560_Ce-sont-les-meilleures-offres-technologiques-de-la-fete-du.jpg\" alt=\"Apple Airtag Tracker (4-pack)\" width=\"auto\" height=\"auto\" loading=\"lazy\">\n                    <\/div>\n<\/p><\/div>\n<p>                            <button class=\"flex justify-center items-center w-full bg-brand-green text-white text-base font-sans font-medium rounded-md hover:bg-brand-green-700 hover:cursor-pointer md:text-sm w-full h-12 duration-200 ease-in-out hover:bg-brand-green-700 md:hidden md:h-10\"><\/p>\n<p>    Conclure un accord<br \/>\n<\/button><\/p>\n<div class=\"flex flex-col items-center w-full md:hidden font-sans leading-4 text-black\">\n<div class=\"flex flex-wrap items-center justify-center gap-1 md:justify-start\">\n        <span class=\"font-bold\"><\/p>\n<p>            69,99 $<br \/>\n                            <span class=\"font-medium\">\u00e0 Amazon<\/span><br \/>\n                    <\/span>\n            <\/div>\n<div class=\"flex items-center justify-center gap-x-1 font-bold md:justify-start\">\n            <span class=\"text-sm line-through\">99,00 $<\/span><br \/>\n            <span class=\"text-sm text-brand-green\">\u00c9conomisez 29,01 $<\/span>\n        <\/div>\n<\/p><\/div>\n<div class=\"flex w-full gap-x-5\">\n<div class=\"flex w-full flex-col flex-nowrap justify-center gap-2 text-black no-underline md:order-2 md:gap-y-6\">\n<div class=\"flex flex-col justify-between gap-y-2 md:w-full md:gap-y-1\">\n<div class=\"block font-sans text-xs font-semibold capitalize leading-3 text-gray-900 md:leading-4\">La barre de son pour la t\u00e9l\u00e9vision avec connectivit\u00e9 Bluetooth et HDMI-ARC, noir, comprend une t\u00e9l\u00e9commande<\/div>\n<div class=\"block w-fit cursor-pointer font-akshar text-lg font-medium leading-5 text-brand-green duration-200 ease-in-out hover:text-brand-green-700 md:text-xl md:leading-6\">\n<p>                            Bose TV enceinte de son de haut-parleur\n                        <\/p><\/div>\n<\/p><\/div>\n<div class=\"hidden md:flex md:justify-between md:gap-x-4\">\n<div class=\"w-full mb-0 md:flex md:flex-col md:justify-center font-sans leading-4 text-black\">\n<div class=\"flex flex-wrap items-center justify-center gap-1 md:justify-start\">\n        <span class=\"font-bold\"><\/p>\n<p>            163,45 $<br \/>\n                            <span class=\"font-medium\">\u00e0 Amazon<\/span><br \/>\n                    <\/span>\n            <\/div>\n<div class=\"flex items-center justify-center gap-x-1 font-bold md:justify-start\">\n            <span class=\"text-sm line-through\">279,00 $<\/span><br \/>\n            <span class=\"text-sm text-brand-green\">\u00c9conomisez 115,55 $<\/span>\n        <\/div>\n<\/p><\/div>\n<p>                            <button class=\"flex justify-center items-center w-full bg-brand-green text-white text-base font-sans font-medium rounded-md hover:bg-brand-green-700 hover:cursor-pointer md:text-sm hidden self-end h-12 max-w-(10rem) duration-200 ease-in-out hover:bg-brand-green-700 md:flex md:h-10\"><\/p>\n<p>    Conclure un accord<br \/>\n<\/button>\n                        <\/div>\n<\/p><\/div>\n<div class=\"flex aspect-video h-(90px) shrink-0 items-center justify-center self-center md:order-1\">\n                        <img decoding=\"async\" class=\"m-0 max-h-full max-w-full rounded-md\" src=\"https:\/\/vieassociative.be\/actualites\/wp-content\/uploads\/2025\/08\/1756408682_368_Ce-sont-les-meilleures-offres-technologiques-de-la-fete-du.jpg\" alt=\"Bose TV enceinte de son de haut-parleur\" width=\"auto\" height=\"auto\" loading=\"lazy\">\n                    <\/div>\n<\/p><\/div>\n<p>                            <button class=\"flex justify-center items-center w-full bg-brand-green text-white text-base font-sans font-medium rounded-md hover:bg-brand-green-700 hover:cursor-pointer md:text-sm w-full h-12 duration-200 ease-in-out hover:bg-brand-green-700 md:hidden md:h-10\"><\/p>\n<p>    Conclure un accord<br \/>\n<\/button><\/p>\n<div class=\"flex flex-col items-center w-full md:hidden font-sans leading-4 text-black\">\n<div class=\"flex flex-wrap items-center justify-center gap-1 md:justify-start\">\n        <span class=\"font-bold\"><\/p>\n<p>            163,45 $<br \/>\n                            <span class=\"font-medium\">\u00e0 Amazon<\/span><br \/>\n                    <\/span>\n            <\/div>\n<div class=\"flex items-center justify-center gap-x-1 font-bold md:justify-start\">\n            <span class=\"text-sm line-through\">279,00 $<\/span><br \/>\n            <span class=\"text-sm text-brand-green\">\u00c9conomisez 115,55 $<\/span>\n        <\/div>\n<\/p><\/div>\n<\/div>\n<h2 id=\"headphones\">Casque <\/h2>\n<p>Si vous avez besoin d&rsquo;obtenir de nouveaux \u00e9couteurs ANC, il y a de bonnes options pour voir de grosses r\u00e9ductions. Le WH-1000XM4 commence \u00e0 <strong>198 $ <\/strong>(\u00e0 l&rsquo;origine 349,99 $). Ils ne sont pas aussi fantaisistes que le XM6, mais ce sont toujours de superbes \u00e9couteurs et tr\u00e8s puissants pour la plupart des gens. Vous pouvez en savoir plus \u00e0 leur sujet dans la critique \u00ab\u00a0exceptionnelle\u00a0\u00bb de PCMAG.<\/p>\n<p>Pour ceux qui sont pr\u00eats \u00e0 d\u00e9penser plus pour des \u00e9couteurs premium, pensez \u00e0 Sonos Ace, surtout si vous \u00eates d\u00e9j\u00e0 dans l&rsquo;\u00e9cosyst\u00e8me de Sonos. Mais m\u00eame si vous ne l&rsquo;\u00eates pas, ceux-ci font de grands \u00e9couteurs pour les utilisateurs d&rsquo;Android et d&rsquo;Apple. Vous pouvez les obtenir pour <strong>299 $ <\/strong>(\u00e0 l&rsquo;origine 399 $). Vous pouvez en savoir plus \u00e0 leur sujet dans la critique \u00ab\u00a0Excellente\u00a0\u00bb de PCMAG.<\/p>\n<h2 id=\"tvs\">T\u00e9l\u00e9viseurs<\/h2>\n<p>J&rsquo;ai eu la chance de tester de premi\u00e8re main le nouveau QM6K Qled TV de TCL pendant quelques mois. Il est difficile de croire qu&rsquo;il est consid\u00e9r\u00e9 comme un t\u00e9l\u00e9viseur budg\u00e9taire, compte tenu de sa qualit\u00e9. Le mod\u00e8le de 55 pouces commence \u00e0 <strong>446,99 $<\/strong> (\u00e0 l&rsquo;origine 698 $ au lancement) en ce moment.<\/p>\n<p>Pour ceux qui cherchent \u00e0 faire des folies sur une t\u00e9l\u00e9vision OLED, le LG C5 de 55 pouces est <strong>1 296,99 $<\/strong> (\u00e0 l&rsquo;origine 1 799,99 $) et le 65 pouces est <strong>1 496,99 $<\/strong> (\u00e0 l&rsquo;origine 2 696,99 $). Ce mod\u00e8le OLED est sorti cette ann\u00e9e et il est impressionnant de le voir d\u00e9j\u00e0 avec une r\u00e9duction aussi forte. Il a une excellente qualit\u00e9 d&rsquo;image comme vous l&rsquo;attendez de n&rsquo;importe quel OLED, a d&rsquo;excellentes sp\u00e9cifications de jeu, et le contraste est super m\u00eame dans les chambres lumineuses, selon la revue de CNET.<\/p>\n<p>La classe U8 de Hisense 100 est une t\u00e9l\u00e9vision de milieu de niveau publi\u00e9e en avril de cette ann\u00e9e. C&rsquo;est une t\u00e9l\u00e9vision solide et bien \u00e9quilibr\u00e9e qui fonctionnera tr\u00e8s bien dans des pi\u00e8ces brillantes et excellera pour regarder les sports et les films, et jouer \u00e0 des jeux vid\u00e9o. La luminosit\u00e9, les niveaux noirs et les couleurs sont ses sp\u00e9cifications les plus impressionnantes. Vous pouvez l&rsquo;obtenir pour <strong>3 499,99 $<\/strong> (\u00e0 l&rsquo;origine 6 999,99 $) apr\u00e8s une remise de 50%, ce qui l&rsquo;a port\u00e9 \u00e0 son prix le plus bas de tous les temps.<\/p>\n<h2 id=\"tablets\">Comprim\u00e9s <\/h2>\n<p>La tablette Pixel est la r\u00e9ponse de Google \u00e0 l&rsquo;iPad, mais pour les utilisateurs d&rsquo;Apple et d&rsquo;Android et est beaucoup moins ch\u00e8re. Il double \u00e9galement un \u00e9cran intelligent lorsqu&rsquo;il a \u00e9t\u00e9 amarr\u00e9 sur sa station d&rsquo;accueil de haut-parleurs. Il est parfait pour partir sur le comptoir ou le salon de votre cuisine en tant que centre. \u00c0 <strong>249 $ <\/strong>(\u00e0 l&rsquo;origine 399 $), c&rsquo;est un choix solide si vous \u00eates d\u00e9j\u00e0 investi dans l&rsquo;\u00e9cosyst\u00e8me de Google.<\/p>\n<p>Si vous \u00eates un utilisateur d&rsquo;Apple et que vous voulez le meilleur argent, mais pour les iPads, consid\u00e9rez l&rsquo;iPad Pro. C&rsquo;est honn\u00eatement un ordinateur portable sous forme de tablette. Propuls\u00e9 par la puce M4 &#8211; une puce plus puissante que la plupart des ordinateurs portables &#8211; il offre des performances qui peuvent g\u00e9rer les t\u00e2ches les plus exigeantes sans probl\u00e8mes. \u00c0 l&rsquo;heure actuelle, la version de 11 pouces est \u00e0 son prix le plus bas \u00e0 ce jour, selon Price Trackers, \u00e0 <strong>894,99 $<\/strong>.<\/p>\n<p>Les deux mod\u00e8les Kindle Kids sont r\u00e9duits en ce moment. Le classique Amazon Kindle Kids est <strong>99,99 $<\/strong> (\u00e0 l&rsquo;origine 129,99 $), et le Kindle Colorsoft Kids est <strong>239,99 $<\/strong> (\u00e0 l&rsquo;origine 269,99 $) &#8211; sa premi\u00e8re remise depuis sa r\u00e9cente version. Le mod\u00e8le Kindle Kids offre toujours une meilleure valeur que la version adulte ordinaire, quel que soit l&rsquo;\u00e2ge du propri\u00e9taire: le mod\u00e8le Kids est livr\u00e9 avec un cas, ne pr\u00e9sente pas de publicit\u00e9s et comprend quelques mois d&rsquo;Amazon Kids +, un service d&rsquo;abonnement qui accorde l&rsquo;acc\u00e8s \u00e0 un tas de livres.<\/p>\n<h2 id=\"drill-combo-kit\">Kit combo de foret <\/h2>\n<p>Pour les bricolages, le kit de combo de forage de puissance Dewalt est livr\u00e9 avec un foret \u00e0 chuck max de 20 volts de 20 volts, un pilote \u00e0 impact maximum de 20 volts \u00bc de pouce, deux batteries max \u00e0 20 volts, un chargeur max de 20 volts et un sac \u00e0 outils. Un exercice \u00e0 impact signifie entrer dans ces surfaces plus difficiles comme les briques, les blocs ou le m\u00e9tal (avec les bons bits de forage). Avoir deux batteries et forets signifie \u00e9galement un double temps sans avoir \u00e0 s&rsquo;arr\u00eater ou \u00e0 recharger. Obtenez le combo pour <strong>179 $<\/strong> (\u00e0 l&rsquo;origine 259 $).<\/p>\n<h2 id=\"soundbars\">Barres de son<\/h2>\n<p>La barre de son Bose TV enceinte est la barre de son \u00e0 budget de Bose \u00e0 partir de 2020. C&rsquo;est simple, compact, et c&rsquo;est id\u00e9al pour quiconque cherche \u00e0 am\u00e9liorer le dialogue avec sa fonction d&rsquo;am\u00e9lioration (et qui ne l&rsquo;est pas?). Il n&rsquo;a pas toutes les cloches et les sifflets que les barres de son Bose premium ont, mais il fait bien les bases. Vous pouvez l&rsquo;obtenir pour <strong>163,45 $<\/strong> (\u00e0 l&rsquo;origine 279 $). <\/p>\n<p>Vous pouvez obtenir la derni\u00e8re barre de son phare de Sonos, l&rsquo;Arc Ultra, pour un prix record de <strong>899 $<\/strong> (\u00e0 l&rsquo;origine 999 $) apr\u00e8s une remise de 100 $. L&rsquo;Arc Ultra a succ\u00e9d\u00e9 \u00e0 la barre de son d&rsquo;arc d\u00e9j\u00e0 excellente, mais il a ajout\u00e9 Bluetooth et une exp\u00e9rience audio plus immersive avec des basses plus profondes et un dialogue plus clair, selon l&rsquo;examen \u00ab\u00a0exceptionnel\u00a0\u00bb de PCMAG. Il s&rsquo;agit d&rsquo;une barre de son tr\u00e8s longue, mesurant 2,95 par 46,38 par 4,35 pouces, alors assurez-vous d&rsquo;avoir l&rsquo;espace pour cela.<\/p>\n<p>Si vous n&rsquo;avez pas l&rsquo;espace pour cela, le faisceau Sonos Gen 2 est beaucoup plus compact et va pour <strong>399 $<\/strong> (\u00e0 l&rsquo;origine 499 $). Il est sorti en 2021, ajoutant la compatibilit\u00e9 ATMOS, la connectivit\u00e9 EARC, la connectivit\u00e9 NFC et un meilleur processeur de la g\u00e9n\u00e9ration 1, selon la revue de CNET. La sortie de la plus grande et plus puissante Arc Ultra de Sonos signifiait que le faisceau Gen 2 n&rsquo;\u00e9tait plus la barre de son premium phare et a commenc\u00e9 \u00e0 baisser.<\/p>\n<h2 id=\"airtags\">A\u00e9rodinage <\/h2>\n<p>L&rsquo;AirTag fonctionne avec le r\u00e9seau d&rsquo;appareils iOS d&rsquo;Apple pour cr\u00e9er un tracker Bluetooth. Essentiellement, chaque personne avec un iPhone (ou iPad) fait partie de ce r\u00e9seau iOS, et tant que l&rsquo;une de ces personnes se trouve dans la gamme Bluetooth de votre AirTag, elle appara\u00eetra comme le dernier emplacement de votre application. Vous pouvez obtenir un pack de quatre <strong>69,99 $<\/strong> (\u00e0 l&rsquo;origine 99 $).<\/p>\n<hr>\n","protected":false},"excerpt":{"rendered":"<p>La vente de la f\u00eate du Travail d&rsquo;Amazon bat son plein, avec des ventes sur les t\u00e9l\u00e9viseurs, les \u00e9couteurs, les tablettes, les haut-parleurs, etc. Ventes<\/p>\n","protected":false},"author":1,"featured_media":9686,"comment_status":"","ping_status":"","sticky":false,"template":"","format":"standard","meta":{"footnotes":""},"categories":[41],"tags":[51,1485,14,79,345,18,33,2789,504],"class_list":["post-9685","post","type-post","status-publish","format-standard","has-post-thumbnail","hentry","category-argent","tag-amazon","tag-fete","tag-les","tag-meilleures","tag-offres","tag-sont","tag-sur","tag-technologiques","tag-travail","generate-columns","tablet-grid-50","mobile-grid-100","grid-parent","grid-33"],"yoast_head":"<!-- This site is optimized with the Yoast SEO plugin v24.0 - https:\/\/yoast.com\/wordpress\/plugins\/seo\/ -->\n<title>Ce sont les meilleures offres technologiques de la f\u00eate du Travail sur Amazon | Vie Associative<\/title>\n<meta name=\"robots\" content=\"index, follow, max-snippet:-1, max-image-preview:large, max-video-preview:-1\" \/>\n<link rel=\"canonical\" href=\"https:\/\/vieassociative.be\/actualites\/ce-sont-les-meilleures-offres-technologiques-de-la-fete-du-travail-sur-amazon\/\" \/>\n<meta property=\"og:locale\" content=\"fr_FR\" \/>\n<meta property=\"og:type\" content=\"article\" \/>\n<meta property=\"og:title\" content=\"Ce sont les meilleures offres technologiques de la f\u00eate du Travail sur Amazon | Vie Associative\" \/>\n<meta property=\"og:description\" content=\"La vente de la f\u00eate du Travail d&rsquo;Amazon bat son plein, avec des ventes sur les t\u00e9l\u00e9viseurs, les \u00e9couteurs, les tablettes, les haut-parleurs, etc. Ventes\" \/>\n<meta property=\"og:url\" content=\"https:\/\/vieassociative.be\/actualites\/ce-sont-les-meilleures-offres-technologiques-de-la-fete-du-travail-sur-amazon\/\" \/>\n<meta property=\"og:site_name\" content=\"Vie Associative\" \/>\n<meta property=\"article:published_time\" content=\"2025-08-28T19:18:02+00:00\" \/>\n<meta property=\"og:image\" content=\"https:\/\/vieassociative.be\/actualites\/wp-content\/uploads\/2025\/08\/1755933424_750_Les-meilleures-offres-sur-les-ecouteurs-et-les-ecouteurs-lors.jpg\" \/>\n<meta name=\"author\" content=\"Julien\" \/>\n<meta name=\"twitter:card\" content=\"summary_large_image\" \/>\n<meta name=\"twitter:label1\" content=\"\u00c9crit par\" \/>\n\t<meta name=\"twitter:data1\" content=\"Julien\" \/>\n\t<meta name=\"twitter:label2\" content=\"Dur\u00e9e de lecture est.\" \/>\n\t<meta name=\"twitter:data2\" content=\"7 minutes\" \/>\n<script type=\"application\/ld+json\" class=\"yoast-schema-graph\">{\"@context\":\"https:\/\/schema.org\",\"@graph\":[{\"@type\":\"Article\",\"@id\":\"https:\/\/vieassociative.be\/actualites\/ce-sont-les-meilleures-offres-technologiques-de-la-fete-du-travail-sur-amazon\/#article\",\"isPartOf\":{\"@id\":\"https:\/\/vieassociative.be\/actualites\/ce-sont-les-meilleures-offres-technologiques-de-la-fete-du-travail-sur-amazon\/\"},\"author\":{\"name\":\"Julien\",\"@id\":\"https:\/\/vieassociative.be\/actualites\/#\/schema\/person\/b87ac4f82f9d4e7b7cec7395b679edc4\"},\"headline\":\"Ce sont les meilleures offres technologiques de la f\u00eate du Travail sur Amazon\",\"datePublished\":\"2025-08-28T19:18:02+00:00\",\"dateModified\":\"2025-08-28T19:18:02+00:00\",\"mainEntityOfPage\":{\"@id\":\"https:\/\/vieassociative.be\/actualites\/ce-sont-les-meilleures-offres-technologiques-de-la-fete-du-travail-sur-amazon\/\"},\"wordCount\":1391,\"publisher\":{\"@id\":\"https:\/\/vieassociative.be\/actualites\/#organization\"},\"image\":{\"@id\":\"https:\/\/vieassociative.be\/actualites\/ce-sont-les-meilleures-offres-technologiques-de-la-fete-du-travail-sur-amazon\/#primaryimage\"},\"thumbnailUrl\":\"https:\/\/vieassociative.be\/actualites\/wp-content\/uploads\/2025\/08\/1756408684_Ce-sont-les-meilleures-offres-technologiques-de-la-fete-du.png\",\"keywords\":[\"Amazon\",\"f\u00eate\",\"Les\",\"meilleures\",\"offres\",\"sont\",\"sur\",\"technologiques\",\"travail\"],\"articleSection\":[\"Argent\"],\"inLanguage\":\"fr-BE\"},{\"@type\":\"WebPage\",\"@id\":\"https:\/\/vieassociative.be\/actualites\/ce-sont-les-meilleures-offres-technologiques-de-la-fete-du-travail-sur-amazon\/\",\"url\":\"https:\/\/vieassociative.be\/actualites\/ce-sont-les-meilleures-offres-technologiques-de-la-fete-du-travail-sur-amazon\/\",\"name\":\"Ce sont les meilleures offres technologiques de la f\u00eate du Travail sur Amazon | Vie Associative\",\"isPartOf\":{\"@id\":\"https:\/\/vieassociative.be\/actualites\/#website\"},\"primaryImageOfPage\":{\"@id\":\"https:\/\/vieassociative.be\/actualites\/ce-sont-les-meilleures-offres-technologiques-de-la-fete-du-travail-sur-amazon\/#primaryimage\"},\"image\":{\"@id\":\"https:\/\/vieassociative.be\/actualites\/ce-sont-les-meilleures-offres-technologiques-de-la-fete-du-travail-sur-amazon\/#primaryimage\"},\"thumbnailUrl\":\"https:\/\/vieassociative.be\/actualites\/wp-content\/uploads\/2025\/08\/1756408684_Ce-sont-les-meilleures-offres-technologiques-de-la-fete-du.png\",\"datePublished\":\"2025-08-28T19:18:02+00:00\",\"dateModified\":\"2025-08-28T19:18:02+00:00\",\"breadcrumb\":{\"@id\":\"https:\/\/vieassociative.be\/actualites\/ce-sont-les-meilleures-offres-technologiques-de-la-fete-du-travail-sur-amazon\/#breadcrumb\"},\"inLanguage\":\"fr-BE\",\"potentialAction\":[{\"@type\":\"ReadAction\",\"target\":[\"https:\/\/vieassociative.be\/actualites\/ce-sont-les-meilleures-offres-technologiques-de-la-fete-du-travail-sur-amazon\/\"]}]},{\"@type\":\"ImageObject\",\"inLanguage\":\"fr-BE\",\"@id\":\"https:\/\/vieassociative.be\/actualites\/ce-sont-les-meilleures-offres-technologiques-de-la-fete-du-travail-sur-amazon\/#primaryimage\",\"url\":\"https:\/\/vieassociative.be\/actualites\/wp-content\/uploads\/2025\/08\/1756408684_Ce-sont-les-meilleures-offres-technologiques-de-la-fete-du.png\",\"contentUrl\":\"https:\/\/vieassociative.be\/actualites\/wp-content\/uploads\/2025\/08\/1756408684_Ce-sont-les-meilleures-offres-technologiques-de-la-fete-du.png\",\"width\":1200,\"height\":675,\"caption\":\"Ce sont les meilleures offres technologiques de la f\u00eate du Travail sur Amazon\"},{\"@type\":\"BreadcrumbList\",\"@id\":\"https:\/\/vieassociative.be\/actualites\/ce-sont-les-meilleures-offres-technologiques-de-la-fete-du-travail-sur-amazon\/#breadcrumb\",\"itemListElement\":[{\"@type\":\"ListItem\",\"position\":1,\"name\":\"Accueil\",\"item\":\"https:\/\/vieassociative.be\/actualites\/\"},{\"@type\":\"ListItem\",\"position\":2,\"name\":\"Ce sont les meilleures offres technologiques de la f\u00eate du Travail sur Amazon\"}]},{\"@type\":\"WebSite\",\"@id\":\"https:\/\/vieassociative.be\/actualites\/#website\",\"url\":\"https:\/\/vieassociative.be\/actualites\/\",\"name\":\"Vie Associative\",\"description\":\"\",\"publisher\":{\"@id\":\"https:\/\/vieassociative.be\/actualites\/#organization\"},\"potentialAction\":[{\"@type\":\"SearchAction\",\"target\":{\"@type\":\"EntryPoint\",\"urlTemplate\":\"https:\/\/vieassociative.be\/actualites\/?s={search_term_string}\"},\"query-input\":{\"@type\":\"PropertyValueSpecification\",\"valueRequired\":true,\"valueName\":\"search_term_string\"}}],\"inLanguage\":\"fr-BE\"},{\"@type\":\"Organization\",\"@id\":\"https:\/\/vieassociative.be\/actualites\/#organization\",\"name\":\"Vie Associative\",\"url\":\"https:\/\/vieassociative.be\/actualites\/\",\"logo\":{\"@type\":\"ImageObject\",\"inLanguage\":\"fr-BE\",\"@id\":\"https:\/\/vieassociative.be\/actualites\/#\/schema\/logo\/image\/\",\"url\":\"https:\/\/vieassociative.be\/actualites\/wp-content\/uploads\/2024\/09\/cropped-vieassociative_favicon.ico.png\",\"contentUrl\":\"https:\/\/vieassociative.be\/actualites\/wp-content\/uploads\/2024\/09\/cropped-vieassociative_favicon.ico.png\",\"width\":512,\"height\":512,\"caption\":\"Vie Associative\"},\"image\":{\"@id\":\"https:\/\/vieassociative.be\/actualites\/#\/schema\/logo\/image\/\"}},{\"@type\":\"Person\",\"@id\":\"https:\/\/vieassociative.be\/actualites\/#\/schema\/person\/b87ac4f82f9d4e7b7cec7395b679edc4\",\"name\":\"Julien\",\"image\":{\"@type\":\"ImageObject\",\"inLanguage\":\"fr-BE\",\"@id\":\"https:\/\/vieassociative.be\/actualites\/#\/schema\/person\/image\/\",\"url\":\"https:\/\/vieassociative.be\/actualites\/wp-content\/uploads\/2024\/09\/vie-associative-1-150x150.jpg\",\"contentUrl\":\"https:\/\/vieassociative.be\/actualites\/wp-content\/uploads\/2024\/09\/vie-associative-1-150x150.jpg\",\"caption\":\"Julien\"},\"description\":\"Je suis Julien, r\u00e9dacteur pour Vie Associative. Passionn\u00e9 par le monde associatif depuis plus de 10 ans, j'ai \u00e0 c\u0153ur de partager des histoires inspirantes et de mettre en lumi\u00e8re les initiatives locales. Mon objectif est de sensibiliser et d'encourager l'engagement communautaire \u00e0 travers mes articles.\",\"sameAs\":[\"https:\/\/vieassociative.be\/\"]}]}<\/script>\n<!-- \/ Yoast SEO plugin. -->","yoast_head_json":{"title":"Ce sont les meilleures offres technologiques de la f\u00eate du Travail sur Amazon | Vie Associative","robots":{"index":"index","follow":"follow","max-snippet":"max-snippet:-1","max-image-preview":"max-image-preview:large","max-video-preview":"max-video-preview:-1"},"canonical":"https:\/\/vieassociative.be\/actualites\/ce-sont-les-meilleures-offres-technologiques-de-la-fete-du-travail-sur-amazon\/","og_locale":"fr_FR","og_type":"article","og_title":"Ce sont les meilleures offres technologiques de la f\u00eate du Travail sur Amazon | Vie Associative","og_description":"La vente de la f\u00eate du Travail d&rsquo;Amazon bat son plein, avec des ventes sur les t\u00e9l\u00e9viseurs, les \u00e9couteurs, les tablettes, les haut-parleurs, etc. Ventes","og_url":"https:\/\/vieassociative.be\/actualites\/ce-sont-les-meilleures-offres-technologiques-de-la-fete-du-travail-sur-amazon\/","og_site_name":"Vie Associative","article_published_time":"2025-08-28T19:18:02+00:00","og_image":[{"url":"https:\/\/vieassociative.be\/actualites\/wp-content\/uploads\/2025\/08\/1755933424_750_Les-meilleures-offres-sur-les-ecouteurs-et-les-ecouteurs-lors.jpg","type":"","width":"","height":""}],"author":"Julien","twitter_card":"summary_large_image","twitter_misc":{"\u00c9crit par":"Julien","Dur\u00e9e de lecture est.":"7 minutes"},"schema":{"@context":"https:\/\/schema.org","@graph":[{"@type":"Article","@id":"https:\/\/vieassociative.be\/actualites\/ce-sont-les-meilleures-offres-technologiques-de-la-fete-du-travail-sur-amazon\/#article","isPartOf":{"@id":"https:\/\/vieassociative.be\/actualites\/ce-sont-les-meilleures-offres-technologiques-de-la-fete-du-travail-sur-amazon\/"},"author":{"name":"Julien","@id":"https:\/\/vieassociative.be\/actualites\/#\/schema\/person\/b87ac4f82f9d4e7b7cec7395b679edc4"},"headline":"Ce sont les meilleures offres technologiques de la f\u00eate du Travail sur Amazon","datePublished":"2025-08-28T19:18:02+00:00","dateModified":"2025-08-28T19:18:02+00:00","mainEntityOfPage":{"@id":"https:\/\/vieassociative.be\/actualites\/ce-sont-les-meilleures-offres-technologiques-de-la-fete-du-travail-sur-amazon\/"},"wordCount":1391,"publisher":{"@id":"https:\/\/vieassociative.be\/actualites\/#organization"},"image":{"@id":"https:\/\/vieassociative.be\/actualites\/ce-sont-les-meilleures-offres-technologiques-de-la-fete-du-travail-sur-amazon\/#primaryimage"},"thumbnailUrl":"https:\/\/vieassociative.be\/actualites\/wp-content\/uploads\/2025\/08\/1756408684_Ce-sont-les-meilleures-offres-technologiques-de-la-fete-du.png","keywords":["Amazon","f\u00eate","Les","meilleures","offres","sont","sur","technologiques","travail"],"articleSection":["Argent"],"inLanguage":"fr-BE"},{"@type":"WebPage","@id":"https:\/\/vieassociative.be\/actualites\/ce-sont-les-meilleures-offres-technologiques-de-la-fete-du-travail-sur-amazon\/","url":"https:\/\/vieassociative.be\/actualites\/ce-sont-les-meilleures-offres-technologiques-de-la-fete-du-travail-sur-amazon\/","name":"Ce sont les meilleures offres technologiques de la f\u00eate du Travail sur Amazon | Vie Associative","isPartOf":{"@id":"https:\/\/vieassociative.be\/actualites\/#website"},"primaryImageOfPage":{"@id":"https:\/\/vieassociative.be\/actualites\/ce-sont-les-meilleures-offres-technologiques-de-la-fete-du-travail-sur-amazon\/#primaryimage"},"image":{"@id":"https:\/\/vieassociative.be\/actualites\/ce-sont-les-meilleures-offres-technologiques-de-la-fete-du-travail-sur-amazon\/#primaryimage"},"thumbnailUrl":"https:\/\/vieassociative.be\/actualites\/wp-content\/uploads\/2025\/08\/1756408684_Ce-sont-les-meilleures-offres-technologiques-de-la-fete-du.png","datePublished":"2025-08-28T19:18:02+00:00","dateModified":"2025-08-28T19:18:02+00:00","breadcrumb":{"@id":"https:\/\/vieassociative.be\/actualites\/ce-sont-les-meilleures-offres-technologiques-de-la-fete-du-travail-sur-amazon\/#breadcrumb"},"inLanguage":"fr-BE","potentialAction":[{"@type":"ReadAction","target":["https:\/\/vieassociative.be\/actualites\/ce-sont-les-meilleures-offres-technologiques-de-la-fete-du-travail-sur-amazon\/"]}]},{"@type":"ImageObject","inLanguage":"fr-BE","@id":"https:\/\/vieassociative.be\/actualites\/ce-sont-les-meilleures-offres-technologiques-de-la-fete-du-travail-sur-amazon\/#primaryimage","url":"https:\/\/vieassociative.be\/actualites\/wp-content\/uploads\/2025\/08\/1756408684_Ce-sont-les-meilleures-offres-technologiques-de-la-fete-du.png","contentUrl":"https:\/\/vieassociative.be\/actualites\/wp-content\/uploads\/2025\/08\/1756408684_Ce-sont-les-meilleures-offres-technologiques-de-la-fete-du.png","width":1200,"height":675,"caption":"Ce sont les meilleures offres technologiques de la f\u00eate du Travail sur Amazon"},{"@type":"BreadcrumbList","@id":"https:\/\/vieassociative.be\/actualites\/ce-sont-les-meilleures-offres-technologiques-de-la-fete-du-travail-sur-amazon\/#breadcrumb","itemListElement":[{"@type":"ListItem","position":1,"name":"Accueil","item":"https:\/\/vieassociative.be\/actualites\/"},{"@type":"ListItem","position":2,"name":"Ce sont les meilleures offres technologiques de la f\u00eate du Travail sur Amazon"}]},{"@type":"WebSite","@id":"https:\/\/vieassociative.be\/actualites\/#website","url":"https:\/\/vieassociative.be\/actualites\/","name":"Vie Associative","description":"","publisher":{"@id":"https:\/\/vieassociative.be\/actualites\/#organization"},"potentialAction":[{"@type":"SearchAction","target":{"@type":"EntryPoint","urlTemplate":"https:\/\/vieassociative.be\/actualites\/?s={search_term_string}"},"query-input":{"@type":"PropertyValueSpecification","valueRequired":true,"valueName":"search_term_string"}}],"inLanguage":"fr-BE"},{"@type":"Organization","@id":"https:\/\/vieassociative.be\/actualites\/#organization","name":"Vie Associative","url":"https:\/\/vieassociative.be\/actualites\/","logo":{"@type":"ImageObject","inLanguage":"fr-BE","@id":"https:\/\/vieassociative.be\/actualites\/#\/schema\/logo\/image\/","url":"https:\/\/vieassociative.be\/actualites\/wp-content\/uploads\/2024\/09\/cropped-vieassociative_favicon.ico.png","contentUrl":"https:\/\/vieassociative.be\/actualites\/wp-content\/uploads\/2024\/09\/cropped-vieassociative_favicon.ico.png","width":512,"height":512,"caption":"Vie Associative"},"image":{"@id":"https:\/\/vieassociative.be\/actualites\/#\/schema\/logo\/image\/"}},{"@type":"Person","@id":"https:\/\/vieassociative.be\/actualites\/#\/schema\/person\/b87ac4f82f9d4e7b7cec7395b679edc4","name":"Julien","image":{"@type":"ImageObject","inLanguage":"fr-BE","@id":"https:\/\/vieassociative.be\/actualites\/#\/schema\/person\/image\/","url":"https:\/\/vieassociative.be\/actualites\/wp-content\/uploads\/2024\/09\/vie-associative-1-150x150.jpg","contentUrl":"https:\/\/vieassociative.be\/actualites\/wp-content\/uploads\/2024\/09\/vie-associative-1-150x150.jpg","caption":"Julien"},"description":"Je suis Julien, r\u00e9dacteur pour Vie Associative. Passionn\u00e9 par le monde associatif depuis plus de 10 ans, j'ai \u00e0 c\u0153ur de partager des histoires inspirantes et de mettre en lumi\u00e8re les initiatives locales. Mon objectif est de sensibiliser et d'encourager l'engagement communautaire \u00e0 travers mes articles.","sameAs":["https:\/\/vieassociative.be\/"]}]}},"_links":{"self":[{"href":"https:\/\/vieassociative.be\/actualites\/wp-json\/wp\/v2\/posts\/9685"}],"collection":[{"href":"https:\/\/vieassociative.be\/actualites\/wp-json\/wp\/v2\/posts"}],"about":[{"href":"https:\/\/vieassociative.be\/actualites\/wp-json\/wp\/v2\/types\/post"}],"author":[{"embeddable":true,"href":"https:\/\/vieassociative.be\/actualites\/wp-json\/wp\/v2\/users\/1"}],"replies":[{"embeddable":true,"href":"https:\/\/vieassociative.be\/actualites\/wp-json\/wp\/v2\/comments?post=9685"}],"version-history":[{"count":0,"href":"https:\/\/vieassociative.be\/actualites\/wp-json\/wp\/v2\/posts\/9685\/revisions"}],"wp:featuredmedia":[{"embeddable":true,"href":"https:\/\/vieassociative.be\/actualites\/wp-json\/wp\/v2\/media\/9686"}],"wp:attachment":[{"href":"https:\/\/vieassociative.be\/actualites\/wp-json\/wp\/v2\/media?parent=9685"}],"wp:term":[{"taxonomy":"category","embeddable":true,"href":"https:\/\/vieassociative.be\/actualites\/wp-json\/wp\/v2\/categories?post=9685"},{"taxonomy":"post_tag","embeddable":true,"href":"https:\/\/vieassociative.be\/actualites\/wp-json\/wp\/v2\/tags?post=9685"}],"curies":[{"name":"wp","href":"https:\/\/api.w.org\/{rel}","templated":true}]}}