{"id":9681,"date":"2025-08-28T16:17:48","date_gmt":"2025-08-28T14:17:48","guid":{"rendered":"https:\/\/vieassociative.be\/actualites\/les-chercheurs-du-bonheur-sont-concernes-les-jeunes-se-sentent-plus-mal-comme-jamais-auparavant-linversion-des-tendances\/"},"modified":"2025-08-28T16:17:48","modified_gmt":"2025-08-28T14:17:48","slug":"les-chercheurs-du-bonheur-sont-concernes-les-jeunes-se-sentent-plus-mal-comme-jamais-auparavant-linversion-des-tendances","status":"publish","type":"post","link":"https:\/\/vieassociative.be\/actualites\/les-chercheurs-du-bonheur-sont-concernes-les-jeunes-se-sentent-plus-mal-comme-jamais-auparavant-linversion-des-tendances\/","title":{"rendered":"Les chercheurs du bonheur sont concern\u00e9s: les jeunes se sentent plus mal comme jamais auparavant &#8211; l&rsquo;inversion des tendances?"},"content":{"rendered":"<p><strong>En moyenne, les jeunes adultes sont beaucoup plus malheureux qu&rsquo;ils ne l&rsquo;\u00e9taient pendant des ann\u00e9es. Une \u00e9quipe autour du chercheur chanceux David Blanchflower du Dartmouth College de Hanover (USA) d\u00e9crit un renversement de tendance dans le journal \u00abPLoS One\u00bb.<\/strong><\/p>\n<p><span id=\"more-423265\"><\/span>Pendant longtemps, l&rsquo;insatisfaction des personnes dans une sorte de colline a \u00e9t\u00e9 pr\u00e9sent\u00e9e: avec quelques fluctuations \u00e0 l&rsquo;\u00e2ge m\u00fbr d&rsquo;environ 50 ans &#8211; l&rsquo;heure de la vie de So-appelle &#8211; elle a de nouveau diminu\u00e9 de mani\u00e8re significative. Cela \u00e9tait vrai pour les pays industriels et en d\u00e9veloppement, comme cela a \u00e9t\u00e9 examin\u00e9 dans diverses \u00e9tudes.<\/p>\n<p>En d&rsquo;autres termes, les jeunes et les personnes \u00e2g\u00e9es se d\u00e9brouillaient bien en moyenne, le Moyen \u00c2ge, qui jongle souvent avec la carri\u00e8re, l&rsquo;\u00e9ducation des enfants et peut-\u00eatre les soins g\u00e9riatriques en m\u00eame temps, \u00e9taient pires &#8211; les inqui\u00e9tudes, la d\u00e9pression et le stress se sont produits plus souvent.<\/p>\n<p>Jusqu&rsquo;\u00e0 pr\u00e9sent, si normal. Maintenant, la courbe est super diff\u00e9rente: les jeunes adultes sont les plus insatisfaits, chez les personnes \u00e2g\u00e9es sont plus heureuses. Ce r\u00e9sultat confirme les examens pr\u00e9c\u00e9dents de cette ann\u00e9e.<\/p>\n<div id=\"attachment_135006\" class=\"wp-caption alignleft\" style=\"max-width: 300px\"><img fetchpriority=\"high\" decoding=\"async\" class=\"wp-image-135006 size-medium\" src=\"https:\/\/vieassociative.be\/actualites\/wp-content\/uploads\/2025\/08\/Les-chercheurs-du-bonheur-sont-concernes-les-jeunes-se-sentent.jpg\" alt=\"\" width=\"300\" height=\"203\"  ><\/div>\n<p><strong>&#8211; Les probl\u00e8mes plus jeunes dans le monde:<\/strong> Pour la pr\u00e9sente \u00e9tude, les chercheurs ont analys\u00e9 les donn\u00e9es de sondage approfondies d&rsquo;adultes en Grande-Bretagne et aux \u00c9tats-Unis sur leur sant\u00e9 mentale. En outre, des donn\u00e9es similaires de l&rsquo;\u00e9tude dite des \u00abesprits mondiaux\u00bb de pr\u00e8s de deux millions de personnes de 42 autres pays ont \u00e9t\u00e9 consult\u00e9es, \u00e0 partir de laquelle l&rsquo;\u00e9quipe peut \u00eatre d\u00e9riv\u00e9e du fait que le changement d\u00e9crit est un ph\u00e9nom\u00e8ne mondial.<\/p>\n<p>L&rsquo;\u00e9tude montre pour les \u00c9tats-Unis et la Grande-Bretagne que \u00ables probl\u00e8mes psychologiques chez les jeunes se produisent le plus souvent et diminuent avec l&rsquo;\u00e2ge\u00bb, \u00e9crivez les auteurs. \u00ab\u00a0Il s&rsquo;agit d&rsquo;un \u00e9norme changement par rapport au pass\u00e9 lorsque les probl\u00e8mes psychologiques ont atteint son apog\u00e9e \u00e0 l&rsquo;\u00e2ge moyen.\u00a0\u00bb<\/p>\n<p>Les donn\u00e9es am\u00e9ricaines moyenn\u00e9es pour la p\u00e9riode de 2009 \u00e0 2018 se traduisent toujours par le cours bien connu de Hill de Jung \u00e0 Alt, les donn\u00e9es de la p\u00e9riode de 2019 \u00e0 2024, en revanche, montrent la nouvelle tendance \u00e0 la satisfaction ult\u00e9rieure. Le niveau d&rsquo;insatisfaction dans le groupe d&rsquo;\u00e2ge d&rsquo;\u00e2ge moyen n&rsquo;a pas chut\u00e9 excessivement, de sorte que la \u00e9volution modifi\u00e9e a \u00e9t\u00e9 provoqu\u00e9e par-dessus tout \u00e0 travers l&rsquo;\u00e9norme d\u00e9t\u00e9rioration de l&rsquo;\u00e9tat des plus jeunes.<\/p>\n<p><strong>&#8211; Les experts sont concern\u00e9s:<\/strong> La macro\u00e9conomie et le chercheur chanceux Karlheinz Ruckriegel de l&rsquo;Universit\u00e9 technique de Nuremberg consid\u00e8re que les r\u00e9sultats de l&rsquo;\u00e9tude sont \u00ab\u00a0tr\u00e8s inqui\u00e9tants\u00a0\u00bb. D&rsquo;autres \u00e9tudes ont d\u00e9j\u00e0 montr\u00e9 des tendances similaires. \u00ab\u00a0Les preuves battent\u00a0\u00bb, dit-il dans une interview avec l&rsquo;agence de presse allemande.<\/p>\n<p>Mais pourquoi est-ce tellement pire pour les plus jeunes aujourd&rsquo;hui qu&rsquo;il y a quelques ann\u00e9es?<\/p>\n<div id=\"attachment_106143\" class=\"wp-caption alignleft\" style=\"max-width: 300px\"><img decoding=\"async\" class=\"wp-image-106143 size-medium\" src=\"https:\/\/vieassociative.be\/actualites\/wp-content\/uploads\/2025\/08\/Les-chercheurs-du-bonheur-sont-concernes-les-jeunes-se-sentent.jpeg\" alt=\"\" width=\"300\" height=\"199\"  ><\/div>\n<p>\u00ab\u00a0Les raisons de ce changement sont controvers\u00e9es, mais nous craignons qu&rsquo;aujourd&rsquo;hui il y ait une grave crise de sant\u00e9 mentale chez les jeunes qui doivent \u00eatre abord\u00e9s\u00a0\u00bb, a d\u00e9clar\u00e9 l&rsquo;auteur d&rsquo;\u00e9criture Blanchflower et ses coll\u00e8gues &#8211; et diriger trois raisons possibles:<\/p>\n<p>&#8211; Agente \u00e0 long terme de la crise financi\u00e8re sur les jeunes g\u00e9n\u00e9rations sur le march\u00e9 du travail<\/p>\n<p>-Effects des restrictions pendant la pand\u00e9mie de corona et<\/p>\n<p>&#8211; Les effets des m\u00e9dias sociaux utilis\u00e9s par les jeunes.<\/p>\n<p>Le chercheur ind\u00e9pendant voit des secousses, contrairement aux cons\u00e9quences de la crise financi\u00e8re, le chercheur ind\u00e9pendant voit une utilisation excessive des m\u00e9dias sociaux. Les jeunes se compareraient constamment l\u00e0-bas avec les autres ou avec des id\u00e9aux irr\u00e9alistes. \u00ab\u00a0Nous savons que ces comparaisons sont tr\u00e8s probl\u00e9matiques pour notre bien-\u00eatre.\u00a0\u00bb<\/p>\n<p>De m\u00eame, le sociologue Hilke Brockmann de l&rsquo;Universit\u00e9 Constructor de Br\u00eame, qui le voit \u00e9galement, voit une raison pour laquelle l&rsquo;insatisfaction est particuli\u00e8rement prononc\u00e9e chez les filles et les jeunes femmes. Dans les m\u00e9dias sociaux, les filles \u00e9taient souvent r\u00e9duites ou sexualis\u00e9es \u00e0 leur apparence, et elles rendraient \u00e9galement les victimes sur Internet beaucoup plus souvent. De plus, les r\u00e9seaux ont provoqu\u00e9 qu&rsquo;ils se comparent non seulement aux autres filles de leur propre clique, mais avec beaucoup plus d&rsquo;autres personnes, m\u00eame avec des personnages qui ne sont pas si r\u00e9els, explique le scientifique. \u00abLe monde entier devient mon groupe de pairs. La pression pour s&rsquo;adapter et exister est brutale. \u00ab\u00a0<\/p>\n<p><strong>&#8211; L&rsquo;\u00e9tude a des faiblesses m\u00e9thodologiques:<\/strong> Cependant, Brockmann voit \u00e9galement certains points de collision dans la m\u00e9thode de l&rsquo;\u00e9tude: l&rsquo;\u00e9valuation des donn\u00e9es n&rsquo;est pas adapt\u00e9e pour faire des d\u00e9clarations quant \u00e0 savoir si les relations observ\u00e9es avec la sant\u00e9 mentale sont r\u00e9ellement d\u00e9clench\u00e9es par l&rsquo;\u00e2ge et non par d&rsquo;autres facteurs ind\u00e9pendants tels que la propagation des smartphones ou de la guerre de l&rsquo;Ukraine.<\/p>\n<div id=\"attachment_216333\" class=\"wp-caption alignleft\" style=\"max-width: 300px\"><img decoding=\"async\" class=\"wp-image-216333 size-medium\" src=\"https:\/\/vieassociative.be\/actualites\/wp-content\/uploads\/2025\/08\/1756390668_623_Les-chercheurs-du-bonheur-sont-concernes-les-jeunes-se-sentent.jpeg\" alt=\"\" width=\"300\" height=\"199\"  ><\/div>\n<p>Il est \u00e9galement concevable que ces effets observ\u00e9s soient limit\u00e9s \u00e0 une cohorte de jeunes, par exemple \u00e0 ceux qui \u00e9taient \u00e0 la pubert\u00e9 pendant la p\u00e9riode de la couronne et qui ont \u00e9t\u00e9 particuli\u00e8rement fortement des restrictions.<\/p>\n<p>\u00ab\u00a0C&rsquo;est pourquoi vous ne savez pas maintenant: les plus jeunes continueront d&rsquo;avoir une sant\u00e9 mentale instable \u00e0 l&rsquo;avenir ou est-ce peut-\u00eatre seulement un ph\u00e9nom\u00e8ne temporaire? Cependant, les changements \u00e0 long terme ne peuvent pas \u00eatre lus \u00e0 partir des donn\u00e9es.<\/p>\n<p><strong>&#8211; Crisis, guerres, changement climatique:<\/strong> Brockmann et Ruckriegel confirment la grande influence de Corona Pandemic et consid\u00e8rent \u00e9galement qu&rsquo;il est probable que la situation mondiale sombre et impr\u00e9visible avec les guerres et la crise climatique ait \u00e9galement un impact.<\/p>\n<p>La question demeure: la possible inversion des tendances est-elle r\u00e9ellement mauvaise? Apr\u00e8s tout, la satisfaction semble prendre du poids pendant la dur\u00e9e de vie.<\/p>\n<p>Cependant, l&rsquo;\u00e9quipe de recherche indique les effets de grande envergure des probl\u00e8mes mentaux &#8211; des probl\u00e8mes physiques associ\u00e9s aux performances scolaires ou \u00e0 la participation au march\u00e9 du travail. Brockmann souligne \u00e9galement: \u00ab\u00a0L&rsquo;adolescence est une phase particuli\u00e8rement importante de la vie. Si vous perdez des jeunes de cet \u00e2ge des maladies mentales, vous pouvez les perdre toute la vie.\u00a0\u00bb<\/p>\n<p>Le Robert Koch Institute (RKI) a r\u00e9cemment pr\u00e9sent\u00e9 une analyse qui, selon la proportion de ceux qui ont class\u00e9 leur bien-\u00eatre, sont particuli\u00e8rement \u00e9lev\u00e9s pour les 18 \u00e0 29 ans \u00e0 pr\u00e8s de 40%. Pour les enfants de 65 \u00e0 79 ans, la valeur n&rsquo;\u00e9tait que d&rsquo;environ 17%. En outre, une analyse pr\u00e9sent\u00e9e dans la revue \u00ab\u00a0Nature Mental Health\u00a0\u00bb a montr\u00e9 que l&rsquo;indice de bien-\u00eatre en moyenne de 22 pays consid\u00e9r\u00e9s jusqu&rsquo;\u00e0 l&rsquo;\u00e2ge de 50 ans restait essentiellement les m\u00eames et n&rsquo;augmentait qu&rsquo;avec l&rsquo;\u00e2ge. L&rsquo;\u00e9quipe de cette \u00e9tude \u00e9crit plus de probl\u00e8mes que les g\u00e9n\u00e9rations pr\u00e9c\u00e9dentes. (DPA)<\/p>\n","protected":false},"excerpt":{"rendered":"<p>En moyenne, les jeunes adultes sont beaucoup plus malheureux qu&rsquo;ils ne l&rsquo;\u00e9taient pendant des ann\u00e9es. Une \u00e9quipe autour du chercheur chanceux David Blanchflower du Dartmouth<\/p>\n","protected":false},"author":1,"featured_media":9682,"comment_status":"","ping_status":"","sticky":false,"template":"","format":"standard","meta":{"footnotes":""},"categories":[298],"tags":[8334,8332,5188,1254,8333,29,851,5859,14,8335,1299,7870,18,4438],"class_list":["post-9681","post","type-post","status-publish","format-standard","has-post-thumbnail","hentry","category-belgique","tag-auparavant","tag-bonheur","tag-chercheurs","tag-comme","tag-concernes","tag-des","tag-jamais","tag-jeunes","tag-les","tag-linversion","tag-mal","tag-sentent","tag-sont","tag-tendances","generate-columns","tablet-grid-50","mobile-grid-100","grid-parent","grid-33"],"yoast_head":"<!-- This site is optimized with the Yoast SEO plugin v24.0 - https:\/\/yoast.com\/wordpress\/plugins\/seo\/ -->\n<title>Les chercheurs du bonheur sont concern\u00e9s: les jeunes se sentent plus mal comme jamais auparavant - l&#039;inversion des tendances? | Vie Associative<\/title>\n<meta name=\"robots\" content=\"index, follow, max-snippet:-1, max-image-preview:large, max-video-preview:-1\" \/>\n<link rel=\"canonical\" href=\"https:\/\/vieassociative.be\/actualites\/les-chercheurs-du-bonheur-sont-concernes-les-jeunes-se-sentent-plus-mal-comme-jamais-auparavant-linversion-des-tendances\/\" \/>\n<meta property=\"og:locale\" content=\"fr_FR\" \/>\n<meta property=\"og:type\" content=\"article\" \/>\n<meta property=\"og:title\" content=\"Les chercheurs du bonheur sont concern\u00e9s: les jeunes se sentent plus mal comme jamais auparavant - l&#039;inversion des tendances? | Vie Associative\" \/>\n<meta property=\"og:description\" content=\"En moyenne, les jeunes adultes sont beaucoup plus malheureux qu&rsquo;ils ne l&rsquo;\u00e9taient pendant des ann\u00e9es. Une \u00e9quipe autour du chercheur chanceux David Blanchflower du Dartmouth\" \/>\n<meta property=\"og:url\" content=\"https:\/\/vieassociative.be\/actualites\/les-chercheurs-du-bonheur-sont-concernes-les-jeunes-se-sentent-plus-mal-comme-jamais-auparavant-linversion-des-tendances\/\" \/>\n<meta property=\"og:site_name\" content=\"Vie Associative\" \/>\n<meta property=\"article:published_time\" content=\"2025-08-28T14:17:48+00:00\" \/>\n<meta property=\"og:image\" content=\"https:\/\/vieassociative.be\/actualites\/wp-content\/uploads\/2024\/09\/header_backgroundk-01-e1726694325946.png\" \/>\n\t<meta property=\"og:image:width\" content=\"279\" \/>\n\t<meta property=\"og:image:height\" content=\"92\" \/>\n\t<meta property=\"og:image:type\" content=\"image\/png\" \/>\n<meta name=\"author\" content=\"Julien\" \/>\n<meta name=\"twitter:card\" content=\"summary_large_image\" \/>\n<meta name=\"twitter:label1\" content=\"\u00c9crit par\" \/>\n\t<meta name=\"twitter:data1\" content=\"Julien\" \/>\n\t<meta name=\"twitter:label2\" content=\"Dur\u00e9e de lecture est.\" \/>\n\t<meta name=\"twitter:data2\" content=\"6 minutes\" \/>\n<script type=\"application\/ld+json\" class=\"yoast-schema-graph\">{\"@context\":\"https:\/\/schema.org\",\"@graph\":[{\"@type\":\"Article\",\"@id\":\"https:\/\/vieassociative.be\/actualites\/les-chercheurs-du-bonheur-sont-concernes-les-jeunes-se-sentent-plus-mal-comme-jamais-auparavant-linversion-des-tendances\/#article\",\"isPartOf\":{\"@id\":\"https:\/\/vieassociative.be\/actualites\/les-chercheurs-du-bonheur-sont-concernes-les-jeunes-se-sentent-plus-mal-comme-jamais-auparavant-linversion-des-tendances\/\"},\"author\":{\"name\":\"Julien\",\"@id\":\"https:\/\/vieassociative.be\/actualites\/#\/schema\/person\/b87ac4f82f9d4e7b7cec7395b679edc4\"},\"headline\":\"Les chercheurs du bonheur sont concern\u00e9s: les jeunes se sentent plus mal comme jamais auparavant &#8211; l&rsquo;inversion des tendances?\",\"datePublished\":\"2025-08-28T14:17:48+00:00\",\"dateModified\":\"2025-08-28T14:17:48+00:00\",\"mainEntityOfPage\":{\"@id\":\"https:\/\/vieassociative.be\/actualites\/les-chercheurs-du-bonheur-sont-concernes-les-jeunes-se-sentent-plus-mal-comme-jamais-auparavant-linversion-des-tendances\/\"},\"wordCount\":1206,\"publisher\":{\"@id\":\"https:\/\/vieassociative.be\/actualites\/#organization\"},\"image\":{\"@id\":\"https:\/\/vieassociative.be\/actualites\/les-chercheurs-du-bonheur-sont-concernes-les-jeunes-se-sentent-plus-mal-comme-jamais-auparavant-linversion-des-tendances\/#primaryimage\"},\"thumbnailUrl\":\"https:\/\/vieassociative.be\/actualites\/wp-content\/uploads\/2025\/08\/1756390668_Les-chercheurs-du-bonheur-sont-concernes-les-jeunes-se-sentent.jpg\",\"keywords\":[\"auparavant\",\"bonheur\",\"chercheurs\",\"comme\",\"concern\u00e9s\",\"Des\",\"jamais\",\"jeunes\",\"Les\",\"linversion\",\"mal\",\"sentent\",\"sont\",\"tendances\"],\"articleSection\":[\"Belgique\"],\"inLanguage\":\"fr-BE\"},{\"@type\":\"WebPage\",\"@id\":\"https:\/\/vieassociative.be\/actualites\/les-chercheurs-du-bonheur-sont-concernes-les-jeunes-se-sentent-plus-mal-comme-jamais-auparavant-linversion-des-tendances\/\",\"url\":\"https:\/\/vieassociative.be\/actualites\/les-chercheurs-du-bonheur-sont-concernes-les-jeunes-se-sentent-plus-mal-comme-jamais-auparavant-linversion-des-tendances\/\",\"name\":\"Les chercheurs du bonheur sont concern\u00e9s: les jeunes se sentent plus mal comme jamais auparavant - l'inversion des tendances? | Vie Associative\",\"isPartOf\":{\"@id\":\"https:\/\/vieassociative.be\/actualites\/#website\"},\"primaryImageOfPage\":{\"@id\":\"https:\/\/vieassociative.be\/actualites\/les-chercheurs-du-bonheur-sont-concernes-les-jeunes-se-sentent-plus-mal-comme-jamais-auparavant-linversion-des-tendances\/#primaryimage\"},\"image\":{\"@id\":\"https:\/\/vieassociative.be\/actualites\/les-chercheurs-du-bonheur-sont-concernes-les-jeunes-se-sentent-plus-mal-comme-jamais-auparavant-linversion-des-tendances\/#primaryimage\"},\"thumbnailUrl\":\"https:\/\/vieassociative.be\/actualites\/wp-content\/uploads\/2025\/08\/1756390668_Les-chercheurs-du-bonheur-sont-concernes-les-jeunes-se-sentent.jpg\",\"datePublished\":\"2025-08-28T14:17:48+00:00\",\"dateModified\":\"2025-08-28T14:17:48+00:00\",\"breadcrumb\":{\"@id\":\"https:\/\/vieassociative.be\/actualites\/les-chercheurs-du-bonheur-sont-concernes-les-jeunes-se-sentent-plus-mal-comme-jamais-auparavant-linversion-des-tendances\/#breadcrumb\"},\"inLanguage\":\"fr-BE\",\"potentialAction\":[{\"@type\":\"ReadAction\",\"target\":[\"https:\/\/vieassociative.be\/actualites\/les-chercheurs-du-bonheur-sont-concernes-les-jeunes-se-sentent-plus-mal-comme-jamais-auparavant-linversion-des-tendances\/\"]}]},{\"@type\":\"ImageObject\",\"inLanguage\":\"fr-BE\",\"@id\":\"https:\/\/vieassociative.be\/actualites\/les-chercheurs-du-bonheur-sont-concernes-les-jeunes-se-sentent-plus-mal-comme-jamais-auparavant-linversion-des-tendances\/#primaryimage\",\"url\":\"https:\/\/vieassociative.be\/actualites\/wp-content\/uploads\/2025\/08\/1756390668_Les-chercheurs-du-bonheur-sont-concernes-les-jeunes-se-sentent.jpg\",\"contentUrl\":\"https:\/\/vieassociative.be\/actualites\/wp-content\/uploads\/2025\/08\/1756390668_Les-chercheurs-du-bonheur-sont-concernes-les-jeunes-se-sentent.jpg\",\"width\":1200,\"height\":784,\"caption\":\"Les chercheurs du bonheur sont concern\u00e9s: les jeunes se sentent plus mal comme jamais auparavant - l'inversion des tendances?\"},{\"@type\":\"BreadcrumbList\",\"@id\":\"https:\/\/vieassociative.be\/actualites\/les-chercheurs-du-bonheur-sont-concernes-les-jeunes-se-sentent-plus-mal-comme-jamais-auparavant-linversion-des-tendances\/#breadcrumb\",\"itemListElement\":[{\"@type\":\"ListItem\",\"position\":1,\"name\":\"Accueil\",\"item\":\"https:\/\/vieassociative.be\/actualites\/\"},{\"@type\":\"ListItem\",\"position\":2,\"name\":\"Les chercheurs du bonheur sont concern\u00e9s: les jeunes se sentent plus mal comme jamais auparavant &#8211; l&rsquo;inversion des tendances?\"}]},{\"@type\":\"WebSite\",\"@id\":\"https:\/\/vieassociative.be\/actualites\/#website\",\"url\":\"https:\/\/vieassociative.be\/actualites\/\",\"name\":\"Vie Associative\",\"description\":\"\",\"publisher\":{\"@id\":\"https:\/\/vieassociative.be\/actualites\/#organization\"},\"potentialAction\":[{\"@type\":\"SearchAction\",\"target\":{\"@type\":\"EntryPoint\",\"urlTemplate\":\"https:\/\/vieassociative.be\/actualites\/?s={search_term_string}\"},\"query-input\":{\"@type\":\"PropertyValueSpecification\",\"valueRequired\":true,\"valueName\":\"search_term_string\"}}],\"inLanguage\":\"fr-BE\"},{\"@type\":\"Organization\",\"@id\":\"https:\/\/vieassociative.be\/actualites\/#organization\",\"name\":\"Vie Associative\",\"url\":\"https:\/\/vieassociative.be\/actualites\/\",\"logo\":{\"@type\":\"ImageObject\",\"inLanguage\":\"fr-BE\",\"@id\":\"https:\/\/vieassociative.be\/actualites\/#\/schema\/logo\/image\/\",\"url\":\"https:\/\/vieassociative.be\/actualites\/wp-content\/uploads\/2024\/09\/cropped-vieassociative_favicon.ico.png\",\"contentUrl\":\"https:\/\/vieassociative.be\/actualites\/wp-content\/uploads\/2024\/09\/cropped-vieassociative_favicon.ico.png\",\"width\":512,\"height\":512,\"caption\":\"Vie Associative\"},\"image\":{\"@id\":\"https:\/\/vieassociative.be\/actualites\/#\/schema\/logo\/image\/\"}},{\"@type\":\"Person\",\"@id\":\"https:\/\/vieassociative.be\/actualites\/#\/schema\/person\/b87ac4f82f9d4e7b7cec7395b679edc4\",\"name\":\"Julien\",\"image\":{\"@type\":\"ImageObject\",\"inLanguage\":\"fr-BE\",\"@id\":\"https:\/\/vieassociative.be\/actualites\/#\/schema\/person\/image\/\",\"url\":\"https:\/\/vieassociative.be\/actualites\/wp-content\/uploads\/2024\/09\/vie-associative-1-150x150.jpg\",\"contentUrl\":\"https:\/\/vieassociative.be\/actualites\/wp-content\/uploads\/2024\/09\/vie-associative-1-150x150.jpg\",\"caption\":\"Julien\"},\"description\":\"Je suis Julien, r\u00e9dacteur pour Vie Associative. Passionn\u00e9 par le monde associatif depuis plus de 10 ans, j'ai \u00e0 c\u0153ur de partager des histoires inspirantes et de mettre en lumi\u00e8re les initiatives locales. Mon objectif est de sensibiliser et d'encourager l'engagement communautaire \u00e0 travers mes articles.\",\"sameAs\":[\"https:\/\/vieassociative.be\/\"]}]}<\/script>\n<!-- \/ Yoast SEO plugin. -->","yoast_head_json":{"title":"Les chercheurs du bonheur sont concern\u00e9s: les jeunes se sentent plus mal comme jamais auparavant - l'inversion des tendances? | Vie Associative","robots":{"index":"index","follow":"follow","max-snippet":"max-snippet:-1","max-image-preview":"max-image-preview:large","max-video-preview":"max-video-preview:-1"},"canonical":"https:\/\/vieassociative.be\/actualites\/les-chercheurs-du-bonheur-sont-concernes-les-jeunes-se-sentent-plus-mal-comme-jamais-auparavant-linversion-des-tendances\/","og_locale":"fr_FR","og_type":"article","og_title":"Les chercheurs du bonheur sont concern\u00e9s: les jeunes se sentent plus mal comme jamais auparavant - l'inversion des tendances? | Vie Associative","og_description":"En moyenne, les jeunes adultes sont beaucoup plus malheureux qu&rsquo;ils ne l&rsquo;\u00e9taient pendant des ann\u00e9es. Une \u00e9quipe autour du chercheur chanceux David Blanchflower du Dartmouth","og_url":"https:\/\/vieassociative.be\/actualites\/les-chercheurs-du-bonheur-sont-concernes-les-jeunes-se-sentent-plus-mal-comme-jamais-auparavant-linversion-des-tendances\/","og_site_name":"Vie Associative","article_published_time":"2025-08-28T14:17:48+00:00","og_image":[{"width":279,"height":92,"url":"https:\/\/vieassociative.be\/actualites\/wp-content\/uploads\/2024\/09\/header_backgroundk-01-e1726694325946.png","type":"image\/png"}],"author":"Julien","twitter_card":"summary_large_image","twitter_misc":{"\u00c9crit par":"Julien","Dur\u00e9e de lecture est.":"6 minutes"},"schema":{"@context":"https:\/\/schema.org","@graph":[{"@type":"Article","@id":"https:\/\/vieassociative.be\/actualites\/les-chercheurs-du-bonheur-sont-concernes-les-jeunes-se-sentent-plus-mal-comme-jamais-auparavant-linversion-des-tendances\/#article","isPartOf":{"@id":"https:\/\/vieassociative.be\/actualites\/les-chercheurs-du-bonheur-sont-concernes-les-jeunes-se-sentent-plus-mal-comme-jamais-auparavant-linversion-des-tendances\/"},"author":{"name":"Julien","@id":"https:\/\/vieassociative.be\/actualites\/#\/schema\/person\/b87ac4f82f9d4e7b7cec7395b679edc4"},"headline":"Les chercheurs du bonheur sont concern\u00e9s: les jeunes se sentent plus mal comme jamais auparavant &#8211; l&rsquo;inversion des tendances?","datePublished":"2025-08-28T14:17:48+00:00","dateModified":"2025-08-28T14:17:48+00:00","mainEntityOfPage":{"@id":"https:\/\/vieassociative.be\/actualites\/les-chercheurs-du-bonheur-sont-concernes-les-jeunes-se-sentent-plus-mal-comme-jamais-auparavant-linversion-des-tendances\/"},"wordCount":1206,"publisher":{"@id":"https:\/\/vieassociative.be\/actualites\/#organization"},"image":{"@id":"https:\/\/vieassociative.be\/actualites\/les-chercheurs-du-bonheur-sont-concernes-les-jeunes-se-sentent-plus-mal-comme-jamais-auparavant-linversion-des-tendances\/#primaryimage"},"thumbnailUrl":"https:\/\/vieassociative.be\/actualites\/wp-content\/uploads\/2025\/08\/1756390668_Les-chercheurs-du-bonheur-sont-concernes-les-jeunes-se-sentent.jpg","keywords":["auparavant","bonheur","chercheurs","comme","concern\u00e9s","Des","jamais","jeunes","Les","linversion","mal","sentent","sont","tendances"],"articleSection":["Belgique"],"inLanguage":"fr-BE"},{"@type":"WebPage","@id":"https:\/\/vieassociative.be\/actualites\/les-chercheurs-du-bonheur-sont-concernes-les-jeunes-se-sentent-plus-mal-comme-jamais-auparavant-linversion-des-tendances\/","url":"https:\/\/vieassociative.be\/actualites\/les-chercheurs-du-bonheur-sont-concernes-les-jeunes-se-sentent-plus-mal-comme-jamais-auparavant-linversion-des-tendances\/","name":"Les chercheurs du bonheur sont concern\u00e9s: les jeunes se sentent plus mal comme jamais auparavant - l'inversion des tendances? | Vie Associative","isPartOf":{"@id":"https:\/\/vieassociative.be\/actualites\/#website"},"primaryImageOfPage":{"@id":"https:\/\/vieassociative.be\/actualites\/les-chercheurs-du-bonheur-sont-concernes-les-jeunes-se-sentent-plus-mal-comme-jamais-auparavant-linversion-des-tendances\/#primaryimage"},"image":{"@id":"https:\/\/vieassociative.be\/actualites\/les-chercheurs-du-bonheur-sont-concernes-les-jeunes-se-sentent-plus-mal-comme-jamais-auparavant-linversion-des-tendances\/#primaryimage"},"thumbnailUrl":"https:\/\/vieassociative.be\/actualites\/wp-content\/uploads\/2025\/08\/1756390668_Les-chercheurs-du-bonheur-sont-concernes-les-jeunes-se-sentent.jpg","datePublished":"2025-08-28T14:17:48+00:00","dateModified":"2025-08-28T14:17:48+00:00","breadcrumb":{"@id":"https:\/\/vieassociative.be\/actualites\/les-chercheurs-du-bonheur-sont-concernes-les-jeunes-se-sentent-plus-mal-comme-jamais-auparavant-linversion-des-tendances\/#breadcrumb"},"inLanguage":"fr-BE","potentialAction":[{"@type":"ReadAction","target":["https:\/\/vieassociative.be\/actualites\/les-chercheurs-du-bonheur-sont-concernes-les-jeunes-se-sentent-plus-mal-comme-jamais-auparavant-linversion-des-tendances\/"]}]},{"@type":"ImageObject","inLanguage":"fr-BE","@id":"https:\/\/vieassociative.be\/actualites\/les-chercheurs-du-bonheur-sont-concernes-les-jeunes-se-sentent-plus-mal-comme-jamais-auparavant-linversion-des-tendances\/#primaryimage","url":"https:\/\/vieassociative.be\/actualites\/wp-content\/uploads\/2025\/08\/1756390668_Les-chercheurs-du-bonheur-sont-concernes-les-jeunes-se-sentent.jpg","contentUrl":"https:\/\/vieassociative.be\/actualites\/wp-content\/uploads\/2025\/08\/1756390668_Les-chercheurs-du-bonheur-sont-concernes-les-jeunes-se-sentent.jpg","width":1200,"height":784,"caption":"Les chercheurs du bonheur sont concern\u00e9s: les jeunes se sentent plus mal comme jamais auparavant - l'inversion des tendances?"},{"@type":"BreadcrumbList","@id":"https:\/\/vieassociative.be\/actualites\/les-chercheurs-du-bonheur-sont-concernes-les-jeunes-se-sentent-plus-mal-comme-jamais-auparavant-linversion-des-tendances\/#breadcrumb","itemListElement":[{"@type":"ListItem","position":1,"name":"Accueil","item":"https:\/\/vieassociative.be\/actualites\/"},{"@type":"ListItem","position":2,"name":"Les chercheurs du bonheur sont concern\u00e9s: les jeunes se sentent plus mal comme jamais auparavant &#8211; l&rsquo;inversion des tendances?"}]},{"@type":"WebSite","@id":"https:\/\/vieassociative.be\/actualites\/#website","url":"https:\/\/vieassociative.be\/actualites\/","name":"Vie Associative","description":"","publisher":{"@id":"https:\/\/vieassociative.be\/actualites\/#organization"},"potentialAction":[{"@type":"SearchAction","target":{"@type":"EntryPoint","urlTemplate":"https:\/\/vieassociative.be\/actualites\/?s={search_term_string}"},"query-input":{"@type":"PropertyValueSpecification","valueRequired":true,"valueName":"search_term_string"}}],"inLanguage":"fr-BE"},{"@type":"Organization","@id":"https:\/\/vieassociative.be\/actualites\/#organization","name":"Vie Associative","url":"https:\/\/vieassociative.be\/actualites\/","logo":{"@type":"ImageObject","inLanguage":"fr-BE","@id":"https:\/\/vieassociative.be\/actualites\/#\/schema\/logo\/image\/","url":"https:\/\/vieassociative.be\/actualites\/wp-content\/uploads\/2024\/09\/cropped-vieassociative_favicon.ico.png","contentUrl":"https:\/\/vieassociative.be\/actualites\/wp-content\/uploads\/2024\/09\/cropped-vieassociative_favicon.ico.png","width":512,"height":512,"caption":"Vie Associative"},"image":{"@id":"https:\/\/vieassociative.be\/actualites\/#\/schema\/logo\/image\/"}},{"@type":"Person","@id":"https:\/\/vieassociative.be\/actualites\/#\/schema\/person\/b87ac4f82f9d4e7b7cec7395b679edc4","name":"Julien","image":{"@type":"ImageObject","inLanguage":"fr-BE","@id":"https:\/\/vieassociative.be\/actualites\/#\/schema\/person\/image\/","url":"https:\/\/vieassociative.be\/actualites\/wp-content\/uploads\/2024\/09\/vie-associative-1-150x150.jpg","contentUrl":"https:\/\/vieassociative.be\/actualites\/wp-content\/uploads\/2024\/09\/vie-associative-1-150x150.jpg","caption":"Julien"},"description":"Je suis Julien, r\u00e9dacteur pour Vie Associative. Passionn\u00e9 par le monde associatif depuis plus de 10 ans, j'ai \u00e0 c\u0153ur de partager des histoires inspirantes et de mettre en lumi\u00e8re les initiatives locales. Mon objectif est de sensibiliser et d'encourager l'engagement communautaire \u00e0 travers mes articles.","sameAs":["https:\/\/vieassociative.be\/"]}]}},"_links":{"self":[{"href":"https:\/\/vieassociative.be\/actualites\/wp-json\/wp\/v2\/posts\/9681"}],"collection":[{"href":"https:\/\/vieassociative.be\/actualites\/wp-json\/wp\/v2\/posts"}],"about":[{"href":"https:\/\/vieassociative.be\/actualites\/wp-json\/wp\/v2\/types\/post"}],"author":[{"embeddable":true,"href":"https:\/\/vieassociative.be\/actualites\/wp-json\/wp\/v2\/users\/1"}],"replies":[{"embeddable":true,"href":"https:\/\/vieassociative.be\/actualites\/wp-json\/wp\/v2\/comments?post=9681"}],"version-history":[{"count":0,"href":"https:\/\/vieassociative.be\/actualites\/wp-json\/wp\/v2\/posts\/9681\/revisions"}],"wp:featuredmedia":[{"embeddable":true,"href":"https:\/\/vieassociative.be\/actualites\/wp-json\/wp\/v2\/media\/9682"}],"wp:attachment":[{"href":"https:\/\/vieassociative.be\/actualites\/wp-json\/wp\/v2\/media?parent=9681"}],"wp:term":[{"taxonomy":"category","embeddable":true,"href":"https:\/\/vieassociative.be\/actualites\/wp-json\/wp\/v2\/categories?post=9681"},{"taxonomy":"post_tag","embeddable":true,"href":"https:\/\/vieassociative.be\/actualites\/wp-json\/wp\/v2\/tags?post=9681"}],"curies":[{"name":"wp","href":"https:\/\/api.w.org\/{rel}","templated":true}]}}