{"id":9679,"date":"2025-08-28T15:17:50","date_gmt":"2025-08-28T13:17:50","guid":{"rendered":"https:\/\/vieassociative.be\/actualites\/comment-reintegrer-les-nouveaux-parametres-de-sauvegarde-de-cloud-automatique-de-word\/"},"modified":"2025-08-28T15:17:50","modified_gmt":"2025-08-28T13:17:50","slug":"comment-reintegrer-les-nouveaux-parametres-de-sauvegarde-de-cloud-automatique-de-word","status":"publish","type":"post","link":"https:\/\/vieassociative.be\/actualites\/comment-reintegrer-les-nouveaux-parametres-de-sauvegarde-de-cloud-automatique-de-word\/","title":{"rendered":"Comment r\u00e9int\u00e9grer les nouveaux param\u00e8tres de sauvegarde de cloud automatique de Word"},"content":{"rendered":"<div class=\"mt-4 leading-6 md:mb-8\">Microsoft commencera \u00e0 enregistrer de nouveaux documents Word dans le cloud avant de frapper SAVE. Voici comment d\u00e9sactiver cela.<\/div>\n<p><\/p>\n<p>Microsoft modifie la fa\u00e7on dont les documents Word sont enregistr\u00e9s dans Windows. \u00ab\u00a0Maintenant, vous n&rsquo;avez plus \u00e0 vous soucier de l&rsquo;enregistrement de vos documents\u00a0\u00bb, indique l&rsquo;annonce officielle, d\u00e9clarant que de nouveaux fichiers seront enregistr\u00e9s sur OneDrive d\u00e8s que vous les cr\u00e9ez.<\/p>\n<p>Le nouveau par d\u00e9faut signifie que le mot fonctionnera davantage comme Google Docs, en ce que tout document que vous cr\u00e9ez est partag\u00e9 avec le cloud avant de choisir de l&rsquo;enregistrer. Fermez le document et il vous sera demand\u00e9 si vous souhaitez le garder ou le jeter, \u00e0 quel point vous pouvez \u00e9galement choisir un nom pour le fichier.<\/p>\n<p>Je peux imaginer que certaines personnes pr\u00e9f\u00e9reront ce param\u00e8tre, et Microsoft le consid\u00e8re certainement comme un bien sans ambigu\u00eft\u00e9 dans son annonce. Certaines personnes, cependant, pr\u00e9f\u00e8rent stocker des fichiers &#8211; en particulier ceux de nature personnelle &#8211; sur leurs propres ordinateurs, loin du cloud. C&rsquo;est particuli\u00e8rement vrai si vous avez tendance \u00e0 utiliser le mot comme un pavillon, en \u00e9crivant rapidement des choses que vous n&rsquo;avez pas besoin de rester longtemps.<\/p>\n<div class=\"mx-auto mb-12 mt-5 w-full max-w-3xl rounded-md border-2 border-gray-100 p-3 shadow-md md:px-7 md:pb-7 md:pt-5\" id=\"related-video\">\n<div class=\"mb-3 flex items-center md:mb-5\">\n        <img decoding=\"async\" class=\"mr-4 mt-0 h-10 w-10 md:mr-5 md:h-12 md:w-12\" src=\"https:\/\/vieassociative.be\/actualites\/wp-content\/uploads\/2025\/08\/1754414314_422_Les-brins-du-NYT-daujourdhui-indiquent-et-repondent-pour-le.jpg\" alt=\"Logo Lifehacker\"><\/p><\/div>\n<div class=\"aspect-video w-full overflow-hidden rounded-md\">\n<div id=\"video-container-01K3RCFHMHNEVT6V015CH3ANMX\"><\/div>\n<\/p><\/div>\n<\/div>\n<p>Si vous pr\u00e9f\u00e9rez le stockage local, ne vous inqui\u00e9tez pas: vous pouvez r\u00e9cup\u00e9rer la fa\u00e7on traditionnelle de cr\u00e9er des documents, dans lesquels ils ne sont pas enregistr\u00e9s dans le cloud avant le choix. Dans Word pour Windows, cliquez <strong>D\u00e9poser<\/strong> > <strong>Plus<\/strong> > <strong>Options<\/strong>alors dirigez-vous vers le <strong>Sauvegarder<\/strong> section. De l\u00e0, vous pouvez d\u00e9sactiver le <strong>Cr\u00e9er automatiquement de nouveaux fichiers dans le cloud<\/strong> param\u00e8tre.<\/p>\n<div class=\"eloquent-imagery-image\">\n<div class=\"flex justify-center\">\n                    <img decoding=\"async\" class=\"border border-gray-100\" src=\"https:\/\/vieassociative.be\/actualites\/wp-content\/uploads\/2025\/08\/Comment-reintegrer-les-nouveaux-parametres-de-sauvegarde-de-cloud-automatique.png\" alt=\"La fen\u00eatre d'options en mot ouverte au \" save sub-menu. width=\"2000\" height=\"818\" loading=\"lazy\"  >\n            <\/div>\n<\/p><\/div>\n<p>Apr\u00e8s avoir d\u00e9coch\u00e9 cette option, les fichiers ne seront enregistr\u00e9s qu&rsquo;au cloud apr\u00e8s avoir d\u00e9cid\u00e9 de les enregistrer. Vous pouvez \u00e9galement choisir un emplacement de sauvegarde par d\u00e9faut qui se trouve sur votre disque dur, en \u00e9vitant compl\u00e8tement le cloud. C&rsquo;est un peu plus de fouille que je ne le souhaite, mais c&rsquo;est bien que l&rsquo;option soit toujours disponible.<\/p>\n<p>Le nouveau sch\u00e9ma d&rsquo;enregistrement par d\u00e9faut est actuellement activ\u00e9 pour les utilisateurs d&rsquo;initi\u00e9s avec la version 2509 de Word pour Windows install\u00e9, ce qui signifie que la plupart des gens ne sont pas affect\u00e9s \u00e0 ce jour (mais le seront \u00e9ventuellement).<\/p>\n","protected":false},"excerpt":{"rendered":"<p>Microsoft commencera \u00e0 enregistrer de nouveaux documents Word dans le cloud avant de frapper SAVE. Voici comment d\u00e9sactiver cela. Microsoft modifie la fa\u00e7on dont les<\/p>\n","protected":false},"author":1,"featured_media":9680,"comment_status":"","ping_status":"","sticky":false,"template":"","format":"standard","meta":{"footnotes":""},"categories":[13],"tags":[219,3536,44,14,2052,234,8330,3613,8331],"class_list":["post-9679","post","type-post","status-publish","format-standard","has-post-thumbnail","hentry","category-technologie","tag-automatique","tag-cloud","tag-comment","tag-les","tag-nouveaux","tag-parametres","tag-reintegrer","tag-sauvegarde","tag-word","generate-columns","tablet-grid-50","mobile-grid-100","grid-parent","grid-33"],"yoast_head":"<!-- This site is optimized with the Yoast SEO plugin v24.0 - https:\/\/yoast.com\/wordpress\/plugins\/seo\/ -->\n<title>Comment r\u00e9int\u00e9grer les nouveaux param\u00e8tres de sauvegarde de cloud automatique de Word | Vie Associative<\/title>\n<meta name=\"robots\" content=\"index, follow, max-snippet:-1, max-image-preview:large, max-video-preview:-1\" \/>\n<link rel=\"canonical\" href=\"https:\/\/vieassociative.be\/actualites\/comment-reintegrer-les-nouveaux-parametres-de-sauvegarde-de-cloud-automatique-de-word\/\" \/>\n<meta property=\"og:locale\" content=\"fr_FR\" \/>\n<meta property=\"og:type\" content=\"article\" \/>\n<meta property=\"og:title\" content=\"Comment r\u00e9int\u00e9grer les nouveaux param\u00e8tres de sauvegarde de cloud automatique de Word | Vie Associative\" \/>\n<meta property=\"og:description\" content=\"Microsoft commencera \u00e0 enregistrer de nouveaux documents Word dans le cloud avant de frapper SAVE. Voici comment d\u00e9sactiver cela. Microsoft modifie la fa\u00e7on dont les\" \/>\n<meta property=\"og:url\" content=\"https:\/\/vieassociative.be\/actualites\/comment-reintegrer-les-nouveaux-parametres-de-sauvegarde-de-cloud-automatique-de-word\/\" \/>\n<meta property=\"og:site_name\" content=\"Vie Associative\" \/>\n<meta property=\"article:published_time\" content=\"2025-08-28T13:17:50+00:00\" \/>\n<meta property=\"og:image\" content=\"https:\/\/vieassociative.be\/actualites\/wp-content\/uploads\/2025\/08\/1754414314_422_Les-brins-du-NYT-daujourdhui-indiquent-et-repondent-pour-le.jpg\" \/>\n<meta name=\"author\" content=\"Julien\" \/>\n<meta name=\"twitter:card\" content=\"summary_large_image\" \/>\n<meta name=\"twitter:label1\" content=\"\u00c9crit par\" \/>\n\t<meta name=\"twitter:data1\" content=\"Julien\" \/>\n\t<meta name=\"twitter:label2\" content=\"Dur\u00e9e de lecture est.\" \/>\n\t<meta name=\"twitter:data2\" content=\"2 minutes\" \/>\n<script type=\"application\/ld+json\" class=\"yoast-schema-graph\">{\"@context\":\"https:\/\/schema.org\",\"@graph\":[{\"@type\":\"Article\",\"@id\":\"https:\/\/vieassociative.be\/actualites\/comment-reintegrer-les-nouveaux-parametres-de-sauvegarde-de-cloud-automatique-de-word\/#article\",\"isPartOf\":{\"@id\":\"https:\/\/vieassociative.be\/actualites\/comment-reintegrer-les-nouveaux-parametres-de-sauvegarde-de-cloud-automatique-de-word\/\"},\"author\":{\"name\":\"Julien\",\"@id\":\"https:\/\/vieassociative.be\/actualites\/#\/schema\/person\/b87ac4f82f9d4e7b7cec7395b679edc4\"},\"headline\":\"Comment r\u00e9int\u00e9grer les nouveaux param\u00e8tres de sauvegarde de cloud automatique de Word\",\"datePublished\":\"2025-08-28T13:17:50+00:00\",\"dateModified\":\"2025-08-28T13:17:50+00:00\",\"mainEntityOfPage\":{\"@id\":\"https:\/\/vieassociative.be\/actualites\/comment-reintegrer-les-nouveaux-parametres-de-sauvegarde-de-cloud-automatique-de-word\/\"},\"wordCount\":412,\"publisher\":{\"@id\":\"https:\/\/vieassociative.be\/actualites\/#organization\"},\"image\":{\"@id\":\"https:\/\/vieassociative.be\/actualites\/comment-reintegrer-les-nouveaux-parametres-de-sauvegarde-de-cloud-automatique-de-word\/#primaryimage\"},\"thumbnailUrl\":\"https:\/\/vieassociative.be\/actualites\/wp-content\/uploads\/2025\/08\/1756387071_Comment-reintegrer-les-nouveaux-parametres-de-sauvegarde-de-cloud-automatique.png\",\"keywords\":[\"automatique\",\"Cloud\",\"Comment\",\"Les\",\"nouveaux\",\"param\u00e8tres\",\"r\u00e9int\u00e9grer\",\"sauvegarde\",\"Word\"],\"articleSection\":[\"Technologie\"],\"inLanguage\":\"fr-BE\"},{\"@type\":\"WebPage\",\"@id\":\"https:\/\/vieassociative.be\/actualites\/comment-reintegrer-les-nouveaux-parametres-de-sauvegarde-de-cloud-automatique-de-word\/\",\"url\":\"https:\/\/vieassociative.be\/actualites\/comment-reintegrer-les-nouveaux-parametres-de-sauvegarde-de-cloud-automatique-de-word\/\",\"name\":\"Comment r\u00e9int\u00e9grer les nouveaux param\u00e8tres de sauvegarde de cloud automatique de Word | Vie Associative\",\"isPartOf\":{\"@id\":\"https:\/\/vieassociative.be\/actualites\/#website\"},\"primaryImageOfPage\":{\"@id\":\"https:\/\/vieassociative.be\/actualites\/comment-reintegrer-les-nouveaux-parametres-de-sauvegarde-de-cloud-automatique-de-word\/#primaryimage\"},\"image\":{\"@id\":\"https:\/\/vieassociative.be\/actualites\/comment-reintegrer-les-nouveaux-parametres-de-sauvegarde-de-cloud-automatique-de-word\/#primaryimage\"},\"thumbnailUrl\":\"https:\/\/vieassociative.be\/actualites\/wp-content\/uploads\/2025\/08\/1756387071_Comment-reintegrer-les-nouveaux-parametres-de-sauvegarde-de-cloud-automatique.png\",\"datePublished\":\"2025-08-28T13:17:50+00:00\",\"dateModified\":\"2025-08-28T13:17:50+00:00\",\"breadcrumb\":{\"@id\":\"https:\/\/vieassociative.be\/actualites\/comment-reintegrer-les-nouveaux-parametres-de-sauvegarde-de-cloud-automatique-de-word\/#breadcrumb\"},\"inLanguage\":\"fr-BE\",\"potentialAction\":[{\"@type\":\"ReadAction\",\"target\":[\"https:\/\/vieassociative.be\/actualites\/comment-reintegrer-les-nouveaux-parametres-de-sauvegarde-de-cloud-automatique-de-word\/\"]}]},{\"@type\":\"ImageObject\",\"inLanguage\":\"fr-BE\",\"@id\":\"https:\/\/vieassociative.be\/actualites\/comment-reintegrer-les-nouveaux-parametres-de-sauvegarde-de-cloud-automatique-de-word\/#primaryimage\",\"url\":\"https:\/\/vieassociative.be\/actualites\/wp-content\/uploads\/2025\/08\/1756387071_Comment-reintegrer-les-nouveaux-parametres-de-sauvegarde-de-cloud-automatique.png\",\"contentUrl\":\"https:\/\/vieassociative.be\/actualites\/wp-content\/uploads\/2025\/08\/1756387071_Comment-reintegrer-les-nouveaux-parametres-de-sauvegarde-de-cloud-automatique.png\",\"width\":1200,\"height\":675,\"caption\":\"Comment r\u00e9int\u00e9grer les nouveaux param\u00e8tres de sauvegarde de cloud automatique de Word\"},{\"@type\":\"BreadcrumbList\",\"@id\":\"https:\/\/vieassociative.be\/actualites\/comment-reintegrer-les-nouveaux-parametres-de-sauvegarde-de-cloud-automatique-de-word\/#breadcrumb\",\"itemListElement\":[{\"@type\":\"ListItem\",\"position\":1,\"name\":\"Accueil\",\"item\":\"https:\/\/vieassociative.be\/actualites\/\"},{\"@type\":\"ListItem\",\"position\":2,\"name\":\"Comment r\u00e9int\u00e9grer les nouveaux param\u00e8tres de sauvegarde de cloud automatique de Word\"}]},{\"@type\":\"WebSite\",\"@id\":\"https:\/\/vieassociative.be\/actualites\/#website\",\"url\":\"https:\/\/vieassociative.be\/actualites\/\",\"name\":\"Vie Associative\",\"description\":\"\",\"publisher\":{\"@id\":\"https:\/\/vieassociative.be\/actualites\/#organization\"},\"potentialAction\":[{\"@type\":\"SearchAction\",\"target\":{\"@type\":\"EntryPoint\",\"urlTemplate\":\"https:\/\/vieassociative.be\/actualites\/?s={search_term_string}\"},\"query-input\":{\"@type\":\"PropertyValueSpecification\",\"valueRequired\":true,\"valueName\":\"search_term_string\"}}],\"inLanguage\":\"fr-BE\"},{\"@type\":\"Organization\",\"@id\":\"https:\/\/vieassociative.be\/actualites\/#organization\",\"name\":\"Vie Associative\",\"url\":\"https:\/\/vieassociative.be\/actualites\/\",\"logo\":{\"@type\":\"ImageObject\",\"inLanguage\":\"fr-BE\",\"@id\":\"https:\/\/vieassociative.be\/actualites\/#\/schema\/logo\/image\/\",\"url\":\"https:\/\/vieassociative.be\/actualites\/wp-content\/uploads\/2024\/09\/cropped-vieassociative_favicon.ico.png\",\"contentUrl\":\"https:\/\/vieassociative.be\/actualites\/wp-content\/uploads\/2024\/09\/cropped-vieassociative_favicon.ico.png\",\"width\":512,\"height\":512,\"caption\":\"Vie Associative\"},\"image\":{\"@id\":\"https:\/\/vieassociative.be\/actualites\/#\/schema\/logo\/image\/\"}},{\"@type\":\"Person\",\"@id\":\"https:\/\/vieassociative.be\/actualites\/#\/schema\/person\/b87ac4f82f9d4e7b7cec7395b679edc4\",\"name\":\"Julien\",\"image\":{\"@type\":\"ImageObject\",\"inLanguage\":\"fr-BE\",\"@id\":\"https:\/\/vieassociative.be\/actualites\/#\/schema\/person\/image\/\",\"url\":\"https:\/\/vieassociative.be\/actualites\/wp-content\/uploads\/2024\/09\/vie-associative-1-150x150.jpg\",\"contentUrl\":\"https:\/\/vieassociative.be\/actualites\/wp-content\/uploads\/2024\/09\/vie-associative-1-150x150.jpg\",\"caption\":\"Julien\"},\"description\":\"Je suis Julien, r\u00e9dacteur pour Vie Associative. Passionn\u00e9 par le monde associatif depuis plus de 10 ans, j'ai \u00e0 c\u0153ur de partager des histoires inspirantes et de mettre en lumi\u00e8re les initiatives locales. Mon objectif est de sensibiliser et d'encourager l'engagement communautaire \u00e0 travers mes articles.\",\"sameAs\":[\"https:\/\/vieassociative.be\/\"]}]}<\/script>\n<!-- \/ Yoast SEO plugin. -->","yoast_head_json":{"title":"Comment r\u00e9int\u00e9grer les nouveaux param\u00e8tres de sauvegarde de cloud automatique de Word | Vie Associative","robots":{"index":"index","follow":"follow","max-snippet":"max-snippet:-1","max-image-preview":"max-image-preview:large","max-video-preview":"max-video-preview:-1"},"canonical":"https:\/\/vieassociative.be\/actualites\/comment-reintegrer-les-nouveaux-parametres-de-sauvegarde-de-cloud-automatique-de-word\/","og_locale":"fr_FR","og_type":"article","og_title":"Comment r\u00e9int\u00e9grer les nouveaux param\u00e8tres de sauvegarde de cloud automatique de Word | Vie Associative","og_description":"Microsoft commencera \u00e0 enregistrer de nouveaux documents Word dans le cloud avant de frapper SAVE. Voici comment d\u00e9sactiver cela. Microsoft modifie la fa\u00e7on dont les","og_url":"https:\/\/vieassociative.be\/actualites\/comment-reintegrer-les-nouveaux-parametres-de-sauvegarde-de-cloud-automatique-de-word\/","og_site_name":"Vie Associative","article_published_time":"2025-08-28T13:17:50+00:00","og_image":[{"url":"https:\/\/vieassociative.be\/actualites\/wp-content\/uploads\/2025\/08\/1754414314_422_Les-brins-du-NYT-daujourdhui-indiquent-et-repondent-pour-le.jpg","type":"","width":"","height":""}],"author":"Julien","twitter_card":"summary_large_image","twitter_misc":{"\u00c9crit par":"Julien","Dur\u00e9e de lecture est.":"2 minutes"},"schema":{"@context":"https:\/\/schema.org","@graph":[{"@type":"Article","@id":"https:\/\/vieassociative.be\/actualites\/comment-reintegrer-les-nouveaux-parametres-de-sauvegarde-de-cloud-automatique-de-word\/#article","isPartOf":{"@id":"https:\/\/vieassociative.be\/actualites\/comment-reintegrer-les-nouveaux-parametres-de-sauvegarde-de-cloud-automatique-de-word\/"},"author":{"name":"Julien","@id":"https:\/\/vieassociative.be\/actualites\/#\/schema\/person\/b87ac4f82f9d4e7b7cec7395b679edc4"},"headline":"Comment r\u00e9int\u00e9grer les nouveaux param\u00e8tres de sauvegarde de cloud automatique de Word","datePublished":"2025-08-28T13:17:50+00:00","dateModified":"2025-08-28T13:17:50+00:00","mainEntityOfPage":{"@id":"https:\/\/vieassociative.be\/actualites\/comment-reintegrer-les-nouveaux-parametres-de-sauvegarde-de-cloud-automatique-de-word\/"},"wordCount":412,"publisher":{"@id":"https:\/\/vieassociative.be\/actualites\/#organization"},"image":{"@id":"https:\/\/vieassociative.be\/actualites\/comment-reintegrer-les-nouveaux-parametres-de-sauvegarde-de-cloud-automatique-de-word\/#primaryimage"},"thumbnailUrl":"https:\/\/vieassociative.be\/actualites\/wp-content\/uploads\/2025\/08\/1756387071_Comment-reintegrer-les-nouveaux-parametres-de-sauvegarde-de-cloud-automatique.png","keywords":["automatique","Cloud","Comment","Les","nouveaux","param\u00e8tres","r\u00e9int\u00e9grer","sauvegarde","Word"],"articleSection":["Technologie"],"inLanguage":"fr-BE"},{"@type":"WebPage","@id":"https:\/\/vieassociative.be\/actualites\/comment-reintegrer-les-nouveaux-parametres-de-sauvegarde-de-cloud-automatique-de-word\/","url":"https:\/\/vieassociative.be\/actualites\/comment-reintegrer-les-nouveaux-parametres-de-sauvegarde-de-cloud-automatique-de-word\/","name":"Comment r\u00e9int\u00e9grer les nouveaux param\u00e8tres de sauvegarde de cloud automatique de Word | Vie Associative","isPartOf":{"@id":"https:\/\/vieassociative.be\/actualites\/#website"},"primaryImageOfPage":{"@id":"https:\/\/vieassociative.be\/actualites\/comment-reintegrer-les-nouveaux-parametres-de-sauvegarde-de-cloud-automatique-de-word\/#primaryimage"},"image":{"@id":"https:\/\/vieassociative.be\/actualites\/comment-reintegrer-les-nouveaux-parametres-de-sauvegarde-de-cloud-automatique-de-word\/#primaryimage"},"thumbnailUrl":"https:\/\/vieassociative.be\/actualites\/wp-content\/uploads\/2025\/08\/1756387071_Comment-reintegrer-les-nouveaux-parametres-de-sauvegarde-de-cloud-automatique.png","datePublished":"2025-08-28T13:17:50+00:00","dateModified":"2025-08-28T13:17:50+00:00","breadcrumb":{"@id":"https:\/\/vieassociative.be\/actualites\/comment-reintegrer-les-nouveaux-parametres-de-sauvegarde-de-cloud-automatique-de-word\/#breadcrumb"},"inLanguage":"fr-BE","potentialAction":[{"@type":"ReadAction","target":["https:\/\/vieassociative.be\/actualites\/comment-reintegrer-les-nouveaux-parametres-de-sauvegarde-de-cloud-automatique-de-word\/"]}]},{"@type":"ImageObject","inLanguage":"fr-BE","@id":"https:\/\/vieassociative.be\/actualites\/comment-reintegrer-les-nouveaux-parametres-de-sauvegarde-de-cloud-automatique-de-word\/#primaryimage","url":"https:\/\/vieassociative.be\/actualites\/wp-content\/uploads\/2025\/08\/1756387071_Comment-reintegrer-les-nouveaux-parametres-de-sauvegarde-de-cloud-automatique.png","contentUrl":"https:\/\/vieassociative.be\/actualites\/wp-content\/uploads\/2025\/08\/1756387071_Comment-reintegrer-les-nouveaux-parametres-de-sauvegarde-de-cloud-automatique.png","width":1200,"height":675,"caption":"Comment r\u00e9int\u00e9grer les nouveaux param\u00e8tres de sauvegarde de cloud automatique de Word"},{"@type":"BreadcrumbList","@id":"https:\/\/vieassociative.be\/actualites\/comment-reintegrer-les-nouveaux-parametres-de-sauvegarde-de-cloud-automatique-de-word\/#breadcrumb","itemListElement":[{"@type":"ListItem","position":1,"name":"Accueil","item":"https:\/\/vieassociative.be\/actualites\/"},{"@type":"ListItem","position":2,"name":"Comment r\u00e9int\u00e9grer les nouveaux param\u00e8tres de sauvegarde de cloud automatique de Word"}]},{"@type":"WebSite","@id":"https:\/\/vieassociative.be\/actualites\/#website","url":"https:\/\/vieassociative.be\/actualites\/","name":"Vie Associative","description":"","publisher":{"@id":"https:\/\/vieassociative.be\/actualites\/#organization"},"potentialAction":[{"@type":"SearchAction","target":{"@type":"EntryPoint","urlTemplate":"https:\/\/vieassociative.be\/actualites\/?s={search_term_string}"},"query-input":{"@type":"PropertyValueSpecification","valueRequired":true,"valueName":"search_term_string"}}],"inLanguage":"fr-BE"},{"@type":"Organization","@id":"https:\/\/vieassociative.be\/actualites\/#organization","name":"Vie Associative","url":"https:\/\/vieassociative.be\/actualites\/","logo":{"@type":"ImageObject","inLanguage":"fr-BE","@id":"https:\/\/vieassociative.be\/actualites\/#\/schema\/logo\/image\/","url":"https:\/\/vieassociative.be\/actualites\/wp-content\/uploads\/2024\/09\/cropped-vieassociative_favicon.ico.png","contentUrl":"https:\/\/vieassociative.be\/actualites\/wp-content\/uploads\/2024\/09\/cropped-vieassociative_favicon.ico.png","width":512,"height":512,"caption":"Vie Associative"},"image":{"@id":"https:\/\/vieassociative.be\/actualites\/#\/schema\/logo\/image\/"}},{"@type":"Person","@id":"https:\/\/vieassociative.be\/actualites\/#\/schema\/person\/b87ac4f82f9d4e7b7cec7395b679edc4","name":"Julien","image":{"@type":"ImageObject","inLanguage":"fr-BE","@id":"https:\/\/vieassociative.be\/actualites\/#\/schema\/person\/image\/","url":"https:\/\/vieassociative.be\/actualites\/wp-content\/uploads\/2024\/09\/vie-associative-1-150x150.jpg","contentUrl":"https:\/\/vieassociative.be\/actualites\/wp-content\/uploads\/2024\/09\/vie-associative-1-150x150.jpg","caption":"Julien"},"description":"Je suis Julien, r\u00e9dacteur pour Vie Associative. Passionn\u00e9 par le monde associatif depuis plus de 10 ans, j'ai \u00e0 c\u0153ur de partager des histoires inspirantes et de mettre en lumi\u00e8re les initiatives locales. Mon objectif est de sensibiliser et d'encourager l'engagement communautaire \u00e0 travers mes articles.","sameAs":["https:\/\/vieassociative.be\/"]}]}},"_links":{"self":[{"href":"https:\/\/vieassociative.be\/actualites\/wp-json\/wp\/v2\/posts\/9679"}],"collection":[{"href":"https:\/\/vieassociative.be\/actualites\/wp-json\/wp\/v2\/posts"}],"about":[{"href":"https:\/\/vieassociative.be\/actualites\/wp-json\/wp\/v2\/types\/post"}],"author":[{"embeddable":true,"href":"https:\/\/vieassociative.be\/actualites\/wp-json\/wp\/v2\/users\/1"}],"replies":[{"embeddable":true,"href":"https:\/\/vieassociative.be\/actualites\/wp-json\/wp\/v2\/comments?post=9679"}],"version-history":[{"count":0,"href":"https:\/\/vieassociative.be\/actualites\/wp-json\/wp\/v2\/posts\/9679\/revisions"}],"wp:featuredmedia":[{"embeddable":true,"href":"https:\/\/vieassociative.be\/actualites\/wp-json\/wp\/v2\/media\/9680"}],"wp:attachment":[{"href":"https:\/\/vieassociative.be\/actualites\/wp-json\/wp\/v2\/media?parent=9679"}],"wp:term":[{"taxonomy":"category","embeddable":true,"href":"https:\/\/vieassociative.be\/actualites\/wp-json\/wp\/v2\/categories?post=9679"},{"taxonomy":"post_tag","embeddable":true,"href":"https:\/\/vieassociative.be\/actualites\/wp-json\/wp\/v2\/tags?post=9679"}],"curies":[{"name":"wp","href":"https:\/\/api.w.org\/{rel}","templated":true}]}}