{"id":9676,"date":"2025-08-28T10:17:03","date_gmt":"2025-08-28T08:17:03","guid":{"rendered":"https:\/\/vieassociative.be\/actualites\/6-0-fc-bruges-a-envahi-les-rangers-de-glasgow-belgique-avec-deux-clubs-lors-de-la-manche-principale-de-la-ligue-des-champions\/"},"modified":"2025-08-28T10:17:03","modified_gmt":"2025-08-28T08:17:03","slug":"6-0-fc-bruges-a-envahi-les-rangers-de-glasgow-belgique-avec-deux-clubs-lors-de-la-manche-principale-de-la-ligue-des-champions","status":"publish","type":"post","link":"https:\/\/vieassociative.be\/actualites\/6-0-fc-bruges-a-envahi-les-rangers-de-glasgow-belgique-avec-deux-clubs-lors-de-la-manche-principale-de-la-ligue-des-champions\/","title":{"rendered":"6: 0 &#8211; FC Bruges a envahi les Rangers de Glasgow &#8211; Belgique avec deux clubs lors de la manche principale de la Ligue des champions"},"content":{"rendered":"<p><strong>Le football belge est repr\u00e9sent\u00e9 lors de la ronde principale de la Ligue des champions de l&rsquo;UEFA 2025\/2026 avec deux clubs, ce qui n&rsquo;a \u00e9t\u00e9 que quatre fois jusqu&rsquo;\u00e0 pr\u00e9sent, plus r\u00e9cemment au cours de la saison 2019\/2020. Apr\u00e8s l&rsquo;Union Saint-Gilloise, qui est automatiquement qualifi\u00e9 en tant que ma\u00eetre, finaliste a \u00e9galement fait la t\u00eate du premier cours mercredi.<\/strong><\/p>\n<p><span id=\"more-423231\"><\/span>Le Br\u00fcgger avait d\u00e9j\u00e0 remport\u00e9 la premi\u00e8re \u00e9tape des s\u00e9ries \u00e9liminatoires aux Glasgow Rangers 3-1. Mercredi, la sup\u00e9riorit\u00e9 des Belges \u00e9tait encore plus claire, car Hans Vanaken &#038; Co. a pris les \u00c9cossais en inf\u00e9riorit\u00e9 num\u00e9rique au d\u00e9but avec 6-0.<\/p>\n<div id=\"attachment_423243\" class=\"wp-caption alignleft\" style=\"max-width: 300px\"><img fetchpriority=\"high\" decoding=\"async\" class=\"wp-image-423243 size-medium\" src=\"https:\/\/vieassociative.be\/actualites\/wp-content\/uploads\/2025\/08\/6-0-FC-Bruges-a-envahi-les-Rangers-de.jpg\" alt=\"\" width=\"300\" height=\"200\"><\/div>\n<p>Tresoldi (5e), \u200b\u200bVanaken (32e), SEYS (41., 45.) et Stankovic (45. + 2) ont fourni une avance claire de 5-0 \u00e0 la mi-temps. Le jeu des h\u00f4tes a \u00e9t\u00e9 soulag\u00e9 par le rejet pr\u00e9coce d&rsquo;Aarons \u00e0 la 8e minute apr\u00e8s un frein d&rsquo;urgence. En seconde p\u00e9riode, Tzolis (50e) a quand m\u00eame atteint 6: 0.<\/p>\n<p>Une soir\u00e9e noire pour le football \u00e9cossais, car 24 heures d&rsquo;avance sur la d\u00e9b\u00e2cle des Glasgow Rangers \u00e0 Bruges, son \u00e9ternel rival Celtic Glasgow a \u00e9t\u00e9 compl\u00e8tement excr\u00e9t\u00e9 lors de la fusillade de p\u00e9nalit\u00e9 au Kazakh Club Qairat Almaty. Dimanche, les deux rivaux se disputent les uns contre les autres dans le match de championnat \u00e9cossais dans le stade Ibrox des Rangers (\u00ab\u00a0Old Firm\u00a0\u00bb).<\/p>\n<p>La manche principale de la manche principale de la Ligue des champions aura lieu ce jeudi \u00e0 18 h. Non seulement Saint-Gilloise et le FC Bruges prient pour qu&rsquo;ils soient \u00e9pargn\u00e9s d&rsquo;un jeu \u00e0 l&rsquo;ext\u00e9rieur \u00e0 Qairat Almaty. Le corbeau entre la Belgique et l&rsquo;almaty au Kazakhstan est d&rsquo;environ 5 500 \u00e0 5 600 kilom\u00e8tres. (Cre)<\/p>\n<div id=\"attachment_423236\" class=\"wp-caption alignleft\" style=\"max-width: 300px\"><img decoding=\"async\" class=\"wp-image-423236 size-medium\" src=\"https:\/\/vieassociative.be\/actualites\/wp-content\/uploads\/2025\/08\/1756369023_442_6-0-FC-Bruges-a-envahi-les-Rangers-de.jpg\" alt=\"\" width=\"300\" height=\"200\"><\/div>\n","protected":false},"excerpt":{"rendered":"<p>Le football belge est repr\u00e9sent\u00e9 lors de la ronde principale de la Ligue des champions de l&rsquo;UEFA 2025\/2026 avec deux clubs, ce qui n&rsquo;a \u00e9t\u00e9<\/p>\n","protected":false},"author":1,"featured_media":9677,"comment_status":"","ping_status":"","sticky":false,"template":"","format":"standard","meta":{"footnotes":""},"categories":[298],"tags":[61,383,2851,2818,415,29,114,8270,3569,14,2817,353,8329,7773,8229],"class_list":["post-9676","post","type-post","status-publish","format-standard","has-post-thumbnail","hentry","category-belgique","tag-avec","tag-belgique","tag-bruges","tag-champions","tag-clubs","tag-des","tag-deux","tag-envahi","tag-glasgow","tag-les","tag-ligue","tag-lors","tag-manche","tag-principale","tag-rangers","generate-columns","tablet-grid-50","mobile-grid-100","grid-parent","grid-33"],"yoast_head":"<!-- This site is optimized with the Yoast SEO plugin v24.0 - https:\/\/yoast.com\/wordpress\/plugins\/seo\/ -->\n<title>6: 0 - FC Bruges a envahi les Rangers de Glasgow - Belgique avec deux clubs lors de la manche principale de la Ligue des champions | Vie Associative<\/title>\n<meta name=\"robots\" content=\"index, follow, max-snippet:-1, max-image-preview:large, max-video-preview:-1\" \/>\n<link rel=\"canonical\" href=\"https:\/\/vieassociative.be\/actualites\/6-0-fc-bruges-a-envahi-les-rangers-de-glasgow-belgique-avec-deux-clubs-lors-de-la-manche-principale-de-la-ligue-des-champions\/\" \/>\n<meta property=\"og:locale\" content=\"fr_FR\" \/>\n<meta property=\"og:type\" content=\"article\" \/>\n<meta property=\"og:title\" content=\"6: 0 - FC Bruges a envahi les Rangers de Glasgow - Belgique avec deux clubs lors de la manche principale de la Ligue des champions | Vie Associative\" \/>\n<meta property=\"og:description\" content=\"Le football belge est repr\u00e9sent\u00e9 lors de la ronde principale de la Ligue des champions de l&rsquo;UEFA 2025\/2026 avec deux clubs, ce qui n&rsquo;a \u00e9t\u00e9\" \/>\n<meta property=\"og:url\" content=\"https:\/\/vieassociative.be\/actualites\/6-0-fc-bruges-a-envahi-les-rangers-de-glasgow-belgique-avec-deux-clubs-lors-de-la-manche-principale-de-la-ligue-des-champions\/\" \/>\n<meta property=\"og:site_name\" content=\"Vie Associative\" \/>\n<meta property=\"article:published_time\" content=\"2025-08-28T08:17:03+00:00\" \/>\n<meta property=\"og:image\" content=\"https:\/\/vieassociative.be\/actualites\/wp-content\/uploads\/2024\/09\/header_backgroundk-01-e1726694325946.png\" \/>\n\t<meta property=\"og:image:width\" content=\"279\" \/>\n\t<meta property=\"og:image:height\" content=\"92\" \/>\n\t<meta property=\"og:image:type\" content=\"image\/png\" \/>\n<meta name=\"author\" content=\"Julien\" \/>\n<meta name=\"twitter:card\" content=\"summary_large_image\" \/>\n<meta name=\"twitter:label1\" content=\"\u00c9crit par\" \/>\n\t<meta name=\"twitter:data1\" content=\"Julien\" \/>\n\t<meta name=\"twitter:label2\" content=\"Dur\u00e9e de lecture est.\" \/>\n\t<meta name=\"twitter:data2\" content=\"1 minute\" \/>\n<script type=\"application\/ld+json\" class=\"yoast-schema-graph\">{\"@context\":\"https:\/\/schema.org\",\"@graph\":[{\"@type\":\"Article\",\"@id\":\"https:\/\/vieassociative.be\/actualites\/6-0-fc-bruges-a-envahi-les-rangers-de-glasgow-belgique-avec-deux-clubs-lors-de-la-manche-principale-de-la-ligue-des-champions\/#article\",\"isPartOf\":{\"@id\":\"https:\/\/vieassociative.be\/actualites\/6-0-fc-bruges-a-envahi-les-rangers-de-glasgow-belgique-avec-deux-clubs-lors-de-la-manche-principale-de-la-ligue-des-champions\/\"},\"author\":{\"name\":\"Julien\",\"@id\":\"https:\/\/vieassociative.be\/actualites\/#\/schema\/person\/b87ac4f82f9d4e7b7cec7395b679edc4\"},\"headline\":\"6: 0 &#8211; FC Bruges a envahi les Rangers de Glasgow &#8211; Belgique avec deux clubs lors de la manche principale de la Ligue des champions\",\"datePublished\":\"2025-08-28T08:17:03+00:00\",\"dateModified\":\"2025-08-28T08:17:03+00:00\",\"mainEntityOfPage\":{\"@id\":\"https:\/\/vieassociative.be\/actualites\/6-0-fc-bruges-a-envahi-les-rangers-de-glasgow-belgique-avec-deux-clubs-lors-de-la-manche-principale-de-la-ligue-des-champions\/\"},\"wordCount\":312,\"publisher\":{\"@id\":\"https:\/\/vieassociative.be\/actualites\/#organization\"},\"image\":{\"@id\":\"https:\/\/vieassociative.be\/actualites\/6-0-fc-bruges-a-envahi-les-rangers-de-glasgow-belgique-avec-deux-clubs-lors-de-la-manche-principale-de-la-ligue-des-champions\/#primaryimage\"},\"thumbnailUrl\":\"https:\/\/vieassociative.be\/actualites\/wp-content\/uploads\/2025\/08\/1756369024_6-0-FC-Bruges-a-envahi-les-Rangers-de.jpg\",\"keywords\":[\"avec\",\"Belgique\",\"Bruges\",\"Champions\",\"clubs\",\"Des\",\"deux\",\"envahi\",\"Glasgow\",\"Les\",\"Ligue\",\"lors\",\"manche\",\"principale\",\"Rangers\"],\"articleSection\":[\"Belgique\"],\"inLanguage\":\"fr-BE\"},{\"@type\":\"WebPage\",\"@id\":\"https:\/\/vieassociative.be\/actualites\/6-0-fc-bruges-a-envahi-les-rangers-de-glasgow-belgique-avec-deux-clubs-lors-de-la-manche-principale-de-la-ligue-des-champions\/\",\"url\":\"https:\/\/vieassociative.be\/actualites\/6-0-fc-bruges-a-envahi-les-rangers-de-glasgow-belgique-avec-deux-clubs-lors-de-la-manche-principale-de-la-ligue-des-champions\/\",\"name\":\"6: 0 - FC Bruges a envahi les Rangers de Glasgow - Belgique avec deux clubs lors de la manche principale de la Ligue des champions | Vie Associative\",\"isPartOf\":{\"@id\":\"https:\/\/vieassociative.be\/actualites\/#website\"},\"primaryImageOfPage\":{\"@id\":\"https:\/\/vieassociative.be\/actualites\/6-0-fc-bruges-a-envahi-les-rangers-de-glasgow-belgique-avec-deux-clubs-lors-de-la-manche-principale-de-la-ligue-des-champions\/#primaryimage\"},\"image\":{\"@id\":\"https:\/\/vieassociative.be\/actualites\/6-0-fc-bruges-a-envahi-les-rangers-de-glasgow-belgique-avec-deux-clubs-lors-de-la-manche-principale-de-la-ligue-des-champions\/#primaryimage\"},\"thumbnailUrl\":\"https:\/\/vieassociative.be\/actualites\/wp-content\/uploads\/2025\/08\/1756369024_6-0-FC-Bruges-a-envahi-les-Rangers-de.jpg\",\"datePublished\":\"2025-08-28T08:17:03+00:00\",\"dateModified\":\"2025-08-28T08:17:03+00:00\",\"breadcrumb\":{\"@id\":\"https:\/\/vieassociative.be\/actualites\/6-0-fc-bruges-a-envahi-les-rangers-de-glasgow-belgique-avec-deux-clubs-lors-de-la-manche-principale-de-la-ligue-des-champions\/#breadcrumb\"},\"inLanguage\":\"fr-BE\",\"potentialAction\":[{\"@type\":\"ReadAction\",\"target\":[\"https:\/\/vieassociative.be\/actualites\/6-0-fc-bruges-a-envahi-les-rangers-de-glasgow-belgique-avec-deux-clubs-lors-de-la-manche-principale-de-la-ligue-des-champions\/\"]}]},{\"@type\":\"ImageObject\",\"inLanguage\":\"fr-BE\",\"@id\":\"https:\/\/vieassociative.be\/actualites\/6-0-fc-bruges-a-envahi-les-rangers-de-glasgow-belgique-avec-deux-clubs-lors-de-la-manche-principale-de-la-ligue-des-champions\/#primaryimage\",\"url\":\"https:\/\/vieassociative.be\/actualites\/wp-content\/uploads\/2025\/08\/1756369024_6-0-FC-Bruges-a-envahi-les-Rangers-de.jpg\",\"contentUrl\":\"https:\/\/vieassociative.be\/actualites\/wp-content\/uploads\/2025\/08\/1756369024_6-0-FC-Bruges-a-envahi-les-Rangers-de.jpg\",\"width\":1200,\"height\":800,\"caption\":\"6: 0 - FC Bruges a envahi les Rangers de Glasgow - Belgique avec deux clubs lors de la manche principale de la Ligue des champions\"},{\"@type\":\"BreadcrumbList\",\"@id\":\"https:\/\/vieassociative.be\/actualites\/6-0-fc-bruges-a-envahi-les-rangers-de-glasgow-belgique-avec-deux-clubs-lors-de-la-manche-principale-de-la-ligue-des-champions\/#breadcrumb\",\"itemListElement\":[{\"@type\":\"ListItem\",\"position\":1,\"name\":\"Accueil\",\"item\":\"https:\/\/vieassociative.be\/actualites\/\"},{\"@type\":\"ListItem\",\"position\":2,\"name\":\"6: 0 &#8211; FC Bruges a envahi les Rangers de Glasgow &#8211; Belgique avec deux clubs lors de la manche principale de la Ligue des champions\"}]},{\"@type\":\"WebSite\",\"@id\":\"https:\/\/vieassociative.be\/actualites\/#website\",\"url\":\"https:\/\/vieassociative.be\/actualites\/\",\"name\":\"Vie Associative\",\"description\":\"\",\"publisher\":{\"@id\":\"https:\/\/vieassociative.be\/actualites\/#organization\"},\"potentialAction\":[{\"@type\":\"SearchAction\",\"target\":{\"@type\":\"EntryPoint\",\"urlTemplate\":\"https:\/\/vieassociative.be\/actualites\/?s={search_term_string}\"},\"query-input\":{\"@type\":\"PropertyValueSpecification\",\"valueRequired\":true,\"valueName\":\"search_term_string\"}}],\"inLanguage\":\"fr-BE\"},{\"@type\":\"Organization\",\"@id\":\"https:\/\/vieassociative.be\/actualites\/#organization\",\"name\":\"Vie Associative\",\"url\":\"https:\/\/vieassociative.be\/actualites\/\",\"logo\":{\"@type\":\"ImageObject\",\"inLanguage\":\"fr-BE\",\"@id\":\"https:\/\/vieassociative.be\/actualites\/#\/schema\/logo\/image\/\",\"url\":\"https:\/\/vieassociative.be\/actualites\/wp-content\/uploads\/2024\/09\/cropped-vieassociative_favicon.ico.png\",\"contentUrl\":\"https:\/\/vieassociative.be\/actualites\/wp-content\/uploads\/2024\/09\/cropped-vieassociative_favicon.ico.png\",\"width\":512,\"height\":512,\"caption\":\"Vie Associative\"},\"image\":{\"@id\":\"https:\/\/vieassociative.be\/actualites\/#\/schema\/logo\/image\/\"}},{\"@type\":\"Person\",\"@id\":\"https:\/\/vieassociative.be\/actualites\/#\/schema\/person\/b87ac4f82f9d4e7b7cec7395b679edc4\",\"name\":\"Julien\",\"image\":{\"@type\":\"ImageObject\",\"inLanguage\":\"fr-BE\",\"@id\":\"https:\/\/vieassociative.be\/actualites\/#\/schema\/person\/image\/\",\"url\":\"https:\/\/vieassociative.be\/actualites\/wp-content\/uploads\/2024\/09\/vie-associative-1-150x150.jpg\",\"contentUrl\":\"https:\/\/vieassociative.be\/actualites\/wp-content\/uploads\/2024\/09\/vie-associative-1-150x150.jpg\",\"caption\":\"Julien\"},\"description\":\"Je suis Julien, r\u00e9dacteur pour Vie Associative. Passionn\u00e9 par le monde associatif depuis plus de 10 ans, j'ai \u00e0 c\u0153ur de partager des histoires inspirantes et de mettre en lumi\u00e8re les initiatives locales. Mon objectif est de sensibiliser et d'encourager l'engagement communautaire \u00e0 travers mes articles.\",\"sameAs\":[\"https:\/\/vieassociative.be\/\"]}]}<\/script>\n<!-- \/ Yoast SEO plugin. -->","yoast_head_json":{"title":"6: 0 - FC Bruges a envahi les Rangers de Glasgow - Belgique avec deux clubs lors de la manche principale de la Ligue des champions | Vie Associative","robots":{"index":"index","follow":"follow","max-snippet":"max-snippet:-1","max-image-preview":"max-image-preview:large","max-video-preview":"max-video-preview:-1"},"canonical":"https:\/\/vieassociative.be\/actualites\/6-0-fc-bruges-a-envahi-les-rangers-de-glasgow-belgique-avec-deux-clubs-lors-de-la-manche-principale-de-la-ligue-des-champions\/","og_locale":"fr_FR","og_type":"article","og_title":"6: 0 - FC Bruges a envahi les Rangers de Glasgow - Belgique avec deux clubs lors de la manche principale de la Ligue des champions | Vie Associative","og_description":"Le football belge est repr\u00e9sent\u00e9 lors de la ronde principale de la Ligue des champions de l&rsquo;UEFA 2025\/2026 avec deux clubs, ce qui n&rsquo;a \u00e9t\u00e9","og_url":"https:\/\/vieassociative.be\/actualites\/6-0-fc-bruges-a-envahi-les-rangers-de-glasgow-belgique-avec-deux-clubs-lors-de-la-manche-principale-de-la-ligue-des-champions\/","og_site_name":"Vie Associative","article_published_time":"2025-08-28T08:17:03+00:00","og_image":[{"width":279,"height":92,"url":"https:\/\/vieassociative.be\/actualites\/wp-content\/uploads\/2024\/09\/header_backgroundk-01-e1726694325946.png","type":"image\/png"}],"author":"Julien","twitter_card":"summary_large_image","twitter_misc":{"\u00c9crit par":"Julien","Dur\u00e9e de lecture est.":"1 minute"},"schema":{"@context":"https:\/\/schema.org","@graph":[{"@type":"Article","@id":"https:\/\/vieassociative.be\/actualites\/6-0-fc-bruges-a-envahi-les-rangers-de-glasgow-belgique-avec-deux-clubs-lors-de-la-manche-principale-de-la-ligue-des-champions\/#article","isPartOf":{"@id":"https:\/\/vieassociative.be\/actualites\/6-0-fc-bruges-a-envahi-les-rangers-de-glasgow-belgique-avec-deux-clubs-lors-de-la-manche-principale-de-la-ligue-des-champions\/"},"author":{"name":"Julien","@id":"https:\/\/vieassociative.be\/actualites\/#\/schema\/person\/b87ac4f82f9d4e7b7cec7395b679edc4"},"headline":"6: 0 &#8211; FC Bruges a envahi les Rangers de Glasgow &#8211; Belgique avec deux clubs lors de la manche principale de la Ligue des champions","datePublished":"2025-08-28T08:17:03+00:00","dateModified":"2025-08-28T08:17:03+00:00","mainEntityOfPage":{"@id":"https:\/\/vieassociative.be\/actualites\/6-0-fc-bruges-a-envahi-les-rangers-de-glasgow-belgique-avec-deux-clubs-lors-de-la-manche-principale-de-la-ligue-des-champions\/"},"wordCount":312,"publisher":{"@id":"https:\/\/vieassociative.be\/actualites\/#organization"},"image":{"@id":"https:\/\/vieassociative.be\/actualites\/6-0-fc-bruges-a-envahi-les-rangers-de-glasgow-belgique-avec-deux-clubs-lors-de-la-manche-principale-de-la-ligue-des-champions\/#primaryimage"},"thumbnailUrl":"https:\/\/vieassociative.be\/actualites\/wp-content\/uploads\/2025\/08\/1756369024_6-0-FC-Bruges-a-envahi-les-Rangers-de.jpg","keywords":["avec","Belgique","Bruges","Champions","clubs","Des","deux","envahi","Glasgow","Les","Ligue","lors","manche","principale","Rangers"],"articleSection":["Belgique"],"inLanguage":"fr-BE"},{"@type":"WebPage","@id":"https:\/\/vieassociative.be\/actualites\/6-0-fc-bruges-a-envahi-les-rangers-de-glasgow-belgique-avec-deux-clubs-lors-de-la-manche-principale-de-la-ligue-des-champions\/","url":"https:\/\/vieassociative.be\/actualites\/6-0-fc-bruges-a-envahi-les-rangers-de-glasgow-belgique-avec-deux-clubs-lors-de-la-manche-principale-de-la-ligue-des-champions\/","name":"6: 0 - FC Bruges a envahi les Rangers de Glasgow - Belgique avec deux clubs lors de la manche principale de la Ligue des champions | Vie Associative","isPartOf":{"@id":"https:\/\/vieassociative.be\/actualites\/#website"},"primaryImageOfPage":{"@id":"https:\/\/vieassociative.be\/actualites\/6-0-fc-bruges-a-envahi-les-rangers-de-glasgow-belgique-avec-deux-clubs-lors-de-la-manche-principale-de-la-ligue-des-champions\/#primaryimage"},"image":{"@id":"https:\/\/vieassociative.be\/actualites\/6-0-fc-bruges-a-envahi-les-rangers-de-glasgow-belgique-avec-deux-clubs-lors-de-la-manche-principale-de-la-ligue-des-champions\/#primaryimage"},"thumbnailUrl":"https:\/\/vieassociative.be\/actualites\/wp-content\/uploads\/2025\/08\/1756369024_6-0-FC-Bruges-a-envahi-les-Rangers-de.jpg","datePublished":"2025-08-28T08:17:03+00:00","dateModified":"2025-08-28T08:17:03+00:00","breadcrumb":{"@id":"https:\/\/vieassociative.be\/actualites\/6-0-fc-bruges-a-envahi-les-rangers-de-glasgow-belgique-avec-deux-clubs-lors-de-la-manche-principale-de-la-ligue-des-champions\/#breadcrumb"},"inLanguage":"fr-BE","potentialAction":[{"@type":"ReadAction","target":["https:\/\/vieassociative.be\/actualites\/6-0-fc-bruges-a-envahi-les-rangers-de-glasgow-belgique-avec-deux-clubs-lors-de-la-manche-principale-de-la-ligue-des-champions\/"]}]},{"@type":"ImageObject","inLanguage":"fr-BE","@id":"https:\/\/vieassociative.be\/actualites\/6-0-fc-bruges-a-envahi-les-rangers-de-glasgow-belgique-avec-deux-clubs-lors-de-la-manche-principale-de-la-ligue-des-champions\/#primaryimage","url":"https:\/\/vieassociative.be\/actualites\/wp-content\/uploads\/2025\/08\/1756369024_6-0-FC-Bruges-a-envahi-les-Rangers-de.jpg","contentUrl":"https:\/\/vieassociative.be\/actualites\/wp-content\/uploads\/2025\/08\/1756369024_6-0-FC-Bruges-a-envahi-les-Rangers-de.jpg","width":1200,"height":800,"caption":"6: 0 - FC Bruges a envahi les Rangers de Glasgow - Belgique avec deux clubs lors de la manche principale de la Ligue des champions"},{"@type":"BreadcrumbList","@id":"https:\/\/vieassociative.be\/actualites\/6-0-fc-bruges-a-envahi-les-rangers-de-glasgow-belgique-avec-deux-clubs-lors-de-la-manche-principale-de-la-ligue-des-champions\/#breadcrumb","itemListElement":[{"@type":"ListItem","position":1,"name":"Accueil","item":"https:\/\/vieassociative.be\/actualites\/"},{"@type":"ListItem","position":2,"name":"6: 0 &#8211; FC Bruges a envahi les Rangers de Glasgow &#8211; Belgique avec deux clubs lors de la manche principale de la Ligue des champions"}]},{"@type":"WebSite","@id":"https:\/\/vieassociative.be\/actualites\/#website","url":"https:\/\/vieassociative.be\/actualites\/","name":"Vie Associative","description":"","publisher":{"@id":"https:\/\/vieassociative.be\/actualites\/#organization"},"potentialAction":[{"@type":"SearchAction","target":{"@type":"EntryPoint","urlTemplate":"https:\/\/vieassociative.be\/actualites\/?s={search_term_string}"},"query-input":{"@type":"PropertyValueSpecification","valueRequired":true,"valueName":"search_term_string"}}],"inLanguage":"fr-BE"},{"@type":"Organization","@id":"https:\/\/vieassociative.be\/actualites\/#organization","name":"Vie Associative","url":"https:\/\/vieassociative.be\/actualites\/","logo":{"@type":"ImageObject","inLanguage":"fr-BE","@id":"https:\/\/vieassociative.be\/actualites\/#\/schema\/logo\/image\/","url":"https:\/\/vieassociative.be\/actualites\/wp-content\/uploads\/2024\/09\/cropped-vieassociative_favicon.ico.png","contentUrl":"https:\/\/vieassociative.be\/actualites\/wp-content\/uploads\/2024\/09\/cropped-vieassociative_favicon.ico.png","width":512,"height":512,"caption":"Vie Associative"},"image":{"@id":"https:\/\/vieassociative.be\/actualites\/#\/schema\/logo\/image\/"}},{"@type":"Person","@id":"https:\/\/vieassociative.be\/actualites\/#\/schema\/person\/b87ac4f82f9d4e7b7cec7395b679edc4","name":"Julien","image":{"@type":"ImageObject","inLanguage":"fr-BE","@id":"https:\/\/vieassociative.be\/actualites\/#\/schema\/person\/image\/","url":"https:\/\/vieassociative.be\/actualites\/wp-content\/uploads\/2024\/09\/vie-associative-1-150x150.jpg","contentUrl":"https:\/\/vieassociative.be\/actualites\/wp-content\/uploads\/2024\/09\/vie-associative-1-150x150.jpg","caption":"Julien"},"description":"Je suis Julien, r\u00e9dacteur pour Vie Associative. Passionn\u00e9 par le monde associatif depuis plus de 10 ans, j'ai \u00e0 c\u0153ur de partager des histoires inspirantes et de mettre en lumi\u00e8re les initiatives locales. Mon objectif est de sensibiliser et d'encourager l'engagement communautaire \u00e0 travers mes articles.","sameAs":["https:\/\/vieassociative.be\/"]}]}},"_links":{"self":[{"href":"https:\/\/vieassociative.be\/actualites\/wp-json\/wp\/v2\/posts\/9676"}],"collection":[{"href":"https:\/\/vieassociative.be\/actualites\/wp-json\/wp\/v2\/posts"}],"about":[{"href":"https:\/\/vieassociative.be\/actualites\/wp-json\/wp\/v2\/types\/post"}],"author":[{"embeddable":true,"href":"https:\/\/vieassociative.be\/actualites\/wp-json\/wp\/v2\/users\/1"}],"replies":[{"embeddable":true,"href":"https:\/\/vieassociative.be\/actualites\/wp-json\/wp\/v2\/comments?post=9676"}],"version-history":[{"count":0,"href":"https:\/\/vieassociative.be\/actualites\/wp-json\/wp\/v2\/posts\/9676\/revisions"}],"wp:featuredmedia":[{"embeddable":true,"href":"https:\/\/vieassociative.be\/actualites\/wp-json\/wp\/v2\/media\/9677"}],"wp:attachment":[{"href":"https:\/\/vieassociative.be\/actualites\/wp-json\/wp\/v2\/media?parent=9676"}],"wp:term":[{"taxonomy":"category","embeddable":true,"href":"https:\/\/vieassociative.be\/actualites\/wp-json\/wp\/v2\/categories?post=9676"},{"taxonomy":"post_tag","embeddable":true,"href":"https:\/\/vieassociative.be\/actualites\/wp-json\/wp\/v2\/tags?post=9676"}],"curies":[{"name":"wp","href":"https:\/\/api.w.org\/{rel}","templated":true}]}}