{"id":9671,"date":"2025-08-28T04:17:14","date_gmt":"2025-08-28T02:17:14","guid":{"rendered":"https:\/\/vieassociative.be\/actualites\/kane-se-reunit-tard-le-bayern-du-fc-juste-apres-lembarras-de-la-tasse\/"},"modified":"2025-08-28T04:17:14","modified_gmt":"2025-08-28T02:17:14","slug":"kane-se-reunit-tard-le-bayern-du-fc-juste-apres-lembarras-de-la-tasse","status":"publish","type":"post","link":"https:\/\/vieassociative.be\/actualites\/kane-se-reunit-tard-le-bayern-du-fc-juste-apres-lembarras-de-la-tasse\/","title":{"rendered":"Kane se r\u00e9unit tard: le Bayern du FC juste apr\u00e8s l&#8217;embarras de la tasse"},"content":{"rendered":"<p><strong>Le Bayern Munich doit trembler bien avant de se d\u00e9placer dans le deuxi\u00e8me tour de tasse. Harry Kane rach\u00e8te l&rsquo;\u00e9quipe de Munich dans le temps suppl\u00e9mentaire.<\/strong><\/p>\n<p><span id=\"more-423258\"><\/span>Harry Kane and Co. a trott\u00e9 sur la courbe du ventilateur de Munich. Les stars du Bayern n&rsquo;avaient vraiment pas envie de c\u00e9l\u00e9brer, apr\u00e8s tout, apr\u00e8s une apparence \u00e9tonnamment d\u00e9fectueuse, l&rsquo;ensemble \u00e9toile n&rsquo;avait que difficile d&rsquo;\u00e9viter une embarras de la coupe.<\/p>\n<p>C&rsquo;est Kane qui a donn\u00e9 le champion record avec une t\u00eate \u00e0 la quatri\u00e8me minute du temps d&rsquo;arr\u00eat, une victoire terne 3: 2 (1-0) dans l&rsquo;\u00e9quipe de football de la troisi\u00e8me division SV Wehen Wiesbaden.<\/p>\n<p>L&rsquo;\u00e9quipe de Munich a ainsi \u00e9vit\u00e9 le premier tour, qu&rsquo;elle avait souffert de TSV Vestenbergsgreuth il y a 31 ans. Au d\u00e9but, tout s&rsquo;est d\u00e9roul\u00e9 comme pr\u00e9vu. Avant 12 500 fans, le FC Bayern Munich \u00e9tait d\u00e9j\u00e0 2-0 en t\u00eate de p\u00e9nalit\u00e9 (16e) et Michael Olise (51e).<\/p>\n<div id=\"attachment_423260\" class=\"wp-caption alignleft\" style=\"max-width: 300px\"><img fetchpriority=\"high\" decoding=\"async\" class=\"wp-image-423260 size-medium\" src=\"https:\/\/vieassociative.be\/actualites\/wp-content\/uploads\/2025\/08\/Kane-se-reunit-tard-le-Bayern-du-FC-juste-apres.jpg\" alt=\"\" width=\"300\" height=\"203\"><\/div>\n<p>Mais le vainqueur de la Coupe 20 fois, dont le dernier triomphe a \u00e9t\u00e9 il y a cinq ans, s&rsquo;est soudainement d\u00e9cal\u00e9. Le combat bravement combattant Hesse est revenu en jeu avec une double frappe de Fatih Kaya (64e \/ 70e), et Kane a m\u00eame rat\u00e9 une p\u00e9nalit\u00e9 (76.).<\/p>\n<p>\u00ab\u00a0C&rsquo;est tr\u00e8s amer. Nous avons une apparence tr\u00e8s courageuse. Les Bavarois ont le niveau de classe mondiale. Gardez le niveau, un compliment g\u00e9ant aux gar\u00e7ons. Ce qui se passait dans le stade \u00e9tait sp\u00e9cial. Nous pouvons \u00eatre fiers de nous. Il est tr\u00e8s sp\u00e9cial de rencontrer un tel club, mais j&rsquo;aurais pr\u00e9f\u00e9r\u00e9 de venir\u00a0\u00bb, a d\u00e9clar\u00e9 le score de la Spille de Strritz.<\/p>\n<p>Konrad Laimer de Bavaria ne pouvait pas vraiment expliquer le jeu tremblant: \u00ab\u00a0Parfois, c&rsquo;est comme \u00e7a dans le football. Vous avez suffisamment de chances de 3: 0, 4: 0 et puis parfois, cela ne prend qu&rsquo;un moment. C&rsquo;est le premier tour de coupe qui n&rsquo;est jamais facile. Quelque chose comme \u00e7a peut se produire. (DPA)<\/p>\n","protected":false},"excerpt":{"rendered":"<p>Le Bayern Munich doit trembler bien avant de se d\u00e9placer dans le deuxi\u00e8me tour de tasse. Harry Kane rach\u00e8te l&rsquo;\u00e9quipe de Munich dans le temps<\/p>\n","protected":false},"author":1,"featured_media":9672,"comment_status":"","ping_status":"","sticky":false,"template":"","format":"standard","meta":{"footnotes":""},"categories":[298],"tags":[472,2298,1499,3418,8328,8327,2483,3716],"class_list":["post-9671","post","type-post","status-publish","format-standard","has-post-thumbnail","hentry","category-belgique","tag-apres","tag-bayern","tag-juste","tag-kane","tag-lembarras","tag-reunit","tag-tard","tag-tasse","generate-columns","tablet-grid-50","mobile-grid-100","grid-parent","grid-33"],"yoast_head":"<!-- This site is optimized with the Yoast SEO plugin v24.0 - https:\/\/yoast.com\/wordpress\/plugins\/seo\/ -->\n<title>Kane se r\u00e9unit tard: le Bayern du FC juste apr\u00e8s l&#039;embarras de la tasse | Vie Associative<\/title>\n<meta name=\"robots\" content=\"index, follow, max-snippet:-1, max-image-preview:large, max-video-preview:-1\" \/>\n<link rel=\"canonical\" href=\"https:\/\/vieassociative.be\/actualites\/kane-se-reunit-tard-le-bayern-du-fc-juste-apres-lembarras-de-la-tasse\/\" \/>\n<meta property=\"og:locale\" content=\"fr_FR\" \/>\n<meta property=\"og:type\" content=\"article\" \/>\n<meta property=\"og:title\" content=\"Kane se r\u00e9unit tard: le Bayern du FC juste apr\u00e8s l&#039;embarras de la tasse | Vie Associative\" \/>\n<meta property=\"og:description\" content=\"Le Bayern Munich doit trembler bien avant de se d\u00e9placer dans le deuxi\u00e8me tour de tasse. Harry Kane rach\u00e8te l&rsquo;\u00e9quipe de Munich dans le temps\" \/>\n<meta property=\"og:url\" content=\"https:\/\/vieassociative.be\/actualites\/kane-se-reunit-tard-le-bayern-du-fc-juste-apres-lembarras-de-la-tasse\/\" \/>\n<meta property=\"og:site_name\" content=\"Vie Associative\" \/>\n<meta property=\"article:published_time\" content=\"2025-08-28T02:17:14+00:00\" \/>\n<meta property=\"og:image\" content=\"https:\/\/vieassociative.be\/actualites\/wp-content\/uploads\/2024\/09\/header_backgroundk-01-e1726694325946.png\" \/>\n\t<meta property=\"og:image:width\" content=\"279\" \/>\n\t<meta property=\"og:image:height\" content=\"92\" \/>\n\t<meta property=\"og:image:type\" content=\"image\/png\" \/>\n<meta name=\"author\" content=\"Julien\" \/>\n<meta name=\"twitter:card\" content=\"summary_large_image\" \/>\n<meta name=\"twitter:label1\" content=\"\u00c9crit par\" \/>\n\t<meta name=\"twitter:data1\" content=\"Julien\" \/>\n\t<meta name=\"twitter:label2\" content=\"Dur\u00e9e de lecture est.\" \/>\n\t<meta name=\"twitter:data2\" content=\"2 minutes\" \/>\n<script type=\"application\/ld+json\" class=\"yoast-schema-graph\">{\"@context\":\"https:\/\/schema.org\",\"@graph\":[{\"@type\":\"Article\",\"@id\":\"https:\/\/vieassociative.be\/actualites\/kane-se-reunit-tard-le-bayern-du-fc-juste-apres-lembarras-de-la-tasse\/#article\",\"isPartOf\":{\"@id\":\"https:\/\/vieassociative.be\/actualites\/kane-se-reunit-tard-le-bayern-du-fc-juste-apres-lembarras-de-la-tasse\/\"},\"author\":{\"name\":\"Julien\",\"@id\":\"https:\/\/vieassociative.be\/actualites\/#\/schema\/person\/b87ac4f82f9d4e7b7cec7395b679edc4\"},\"headline\":\"Kane se r\u00e9unit tard: le Bayern du FC juste apr\u00e8s l&#8217;embarras de la tasse\",\"datePublished\":\"2025-08-28T02:17:14+00:00\",\"dateModified\":\"2025-08-28T02:17:14+00:00\",\"mainEntityOfPage\":{\"@id\":\"https:\/\/vieassociative.be\/actualites\/kane-se-reunit-tard-le-bayern-du-fc-juste-apres-lembarras-de-la-tasse\/\"},\"wordCount\":370,\"publisher\":{\"@id\":\"https:\/\/vieassociative.be\/actualites\/#organization\"},\"image\":{\"@id\":\"https:\/\/vieassociative.be\/actualites\/kane-se-reunit-tard-le-bayern-du-fc-juste-apres-lembarras-de-la-tasse\/#primaryimage\"},\"thumbnailUrl\":\"https:\/\/vieassociative.be\/actualites\/wp-content\/uploads\/2025\/08\/1756347434_Kane-se-reunit-tard-le-Bayern-du-FC-juste-apres.jpg\",\"keywords\":[\"Apr\u00e8s\",\"Bayern\",\"juste\",\"Kane\",\"lembarras\",\"r\u00e9unit\",\"tard\",\"tasse\"],\"articleSection\":[\"Belgique\"],\"inLanguage\":\"fr-BE\"},{\"@type\":\"WebPage\",\"@id\":\"https:\/\/vieassociative.be\/actualites\/kane-se-reunit-tard-le-bayern-du-fc-juste-apres-lembarras-de-la-tasse\/\",\"url\":\"https:\/\/vieassociative.be\/actualites\/kane-se-reunit-tard-le-bayern-du-fc-juste-apres-lembarras-de-la-tasse\/\",\"name\":\"Kane se r\u00e9unit tard: le Bayern du FC juste apr\u00e8s l'embarras de la tasse | Vie Associative\",\"isPartOf\":{\"@id\":\"https:\/\/vieassociative.be\/actualites\/#website\"},\"primaryImageOfPage\":{\"@id\":\"https:\/\/vieassociative.be\/actualites\/kane-se-reunit-tard-le-bayern-du-fc-juste-apres-lembarras-de-la-tasse\/#primaryimage\"},\"image\":{\"@id\":\"https:\/\/vieassociative.be\/actualites\/kane-se-reunit-tard-le-bayern-du-fc-juste-apres-lembarras-de-la-tasse\/#primaryimage\"},\"thumbnailUrl\":\"https:\/\/vieassociative.be\/actualites\/wp-content\/uploads\/2025\/08\/1756347434_Kane-se-reunit-tard-le-Bayern-du-FC-juste-apres.jpg\",\"datePublished\":\"2025-08-28T02:17:14+00:00\",\"dateModified\":\"2025-08-28T02:17:14+00:00\",\"breadcrumb\":{\"@id\":\"https:\/\/vieassociative.be\/actualites\/kane-se-reunit-tard-le-bayern-du-fc-juste-apres-lembarras-de-la-tasse\/#breadcrumb\"},\"inLanguage\":\"fr-BE\",\"potentialAction\":[{\"@type\":\"ReadAction\",\"target\":[\"https:\/\/vieassociative.be\/actualites\/kane-se-reunit-tard-le-bayern-du-fc-juste-apres-lembarras-de-la-tasse\/\"]}]},{\"@type\":\"ImageObject\",\"inLanguage\":\"fr-BE\",\"@id\":\"https:\/\/vieassociative.be\/actualites\/kane-se-reunit-tard-le-bayern-du-fc-juste-apres-lembarras-de-la-tasse\/#primaryimage\",\"url\":\"https:\/\/vieassociative.be\/actualites\/wp-content\/uploads\/2025\/08\/1756347434_Kane-se-reunit-tard-le-Bayern-du-FC-juste-apres.jpg\",\"contentUrl\":\"https:\/\/vieassociative.be\/actualites\/wp-content\/uploads\/2025\/08\/1756347434_Kane-se-reunit-tard-le-Bayern-du-FC-juste-apres.jpg\",\"width\":1200,\"height\":800,\"caption\":\"Kane se r\u00e9unit tard: le Bayern du FC juste apr\u00e8s l'embarras de la tasse\"},{\"@type\":\"BreadcrumbList\",\"@id\":\"https:\/\/vieassociative.be\/actualites\/kane-se-reunit-tard-le-bayern-du-fc-juste-apres-lembarras-de-la-tasse\/#breadcrumb\",\"itemListElement\":[{\"@type\":\"ListItem\",\"position\":1,\"name\":\"Accueil\",\"item\":\"https:\/\/vieassociative.be\/actualites\/\"},{\"@type\":\"ListItem\",\"position\":2,\"name\":\"Kane se r\u00e9unit tard: le Bayern du FC juste apr\u00e8s l&#8217;embarras de la tasse\"}]},{\"@type\":\"WebSite\",\"@id\":\"https:\/\/vieassociative.be\/actualites\/#website\",\"url\":\"https:\/\/vieassociative.be\/actualites\/\",\"name\":\"Vie Associative\",\"description\":\"\",\"publisher\":{\"@id\":\"https:\/\/vieassociative.be\/actualites\/#organization\"},\"potentialAction\":[{\"@type\":\"SearchAction\",\"target\":{\"@type\":\"EntryPoint\",\"urlTemplate\":\"https:\/\/vieassociative.be\/actualites\/?s={search_term_string}\"},\"query-input\":{\"@type\":\"PropertyValueSpecification\",\"valueRequired\":true,\"valueName\":\"search_term_string\"}}],\"inLanguage\":\"fr-BE\"},{\"@type\":\"Organization\",\"@id\":\"https:\/\/vieassociative.be\/actualites\/#organization\",\"name\":\"Vie Associative\",\"url\":\"https:\/\/vieassociative.be\/actualites\/\",\"logo\":{\"@type\":\"ImageObject\",\"inLanguage\":\"fr-BE\",\"@id\":\"https:\/\/vieassociative.be\/actualites\/#\/schema\/logo\/image\/\",\"url\":\"https:\/\/vieassociative.be\/actualites\/wp-content\/uploads\/2024\/09\/cropped-vieassociative_favicon.ico.png\",\"contentUrl\":\"https:\/\/vieassociative.be\/actualites\/wp-content\/uploads\/2024\/09\/cropped-vieassociative_favicon.ico.png\",\"width\":512,\"height\":512,\"caption\":\"Vie Associative\"},\"image\":{\"@id\":\"https:\/\/vieassociative.be\/actualites\/#\/schema\/logo\/image\/\"}},{\"@type\":\"Person\",\"@id\":\"https:\/\/vieassociative.be\/actualites\/#\/schema\/person\/b87ac4f82f9d4e7b7cec7395b679edc4\",\"name\":\"Julien\",\"image\":{\"@type\":\"ImageObject\",\"inLanguage\":\"fr-BE\",\"@id\":\"https:\/\/vieassociative.be\/actualites\/#\/schema\/person\/image\/\",\"url\":\"https:\/\/vieassociative.be\/actualites\/wp-content\/uploads\/2024\/09\/vie-associative-1-150x150.jpg\",\"contentUrl\":\"https:\/\/vieassociative.be\/actualites\/wp-content\/uploads\/2024\/09\/vie-associative-1-150x150.jpg\",\"caption\":\"Julien\"},\"description\":\"Je suis Julien, r\u00e9dacteur pour Vie Associative. Passionn\u00e9 par le monde associatif depuis plus de 10 ans, j'ai \u00e0 c\u0153ur de partager des histoires inspirantes et de mettre en lumi\u00e8re les initiatives locales. Mon objectif est de sensibiliser et d'encourager l'engagement communautaire \u00e0 travers mes articles.\",\"sameAs\":[\"https:\/\/vieassociative.be\/\"]}]}<\/script>\n<!-- \/ Yoast SEO plugin. -->","yoast_head_json":{"title":"Kane se r\u00e9unit tard: le Bayern du FC juste apr\u00e8s l'embarras de la tasse | Vie Associative","robots":{"index":"index","follow":"follow","max-snippet":"max-snippet:-1","max-image-preview":"max-image-preview:large","max-video-preview":"max-video-preview:-1"},"canonical":"https:\/\/vieassociative.be\/actualites\/kane-se-reunit-tard-le-bayern-du-fc-juste-apres-lembarras-de-la-tasse\/","og_locale":"fr_FR","og_type":"article","og_title":"Kane se r\u00e9unit tard: le Bayern du FC juste apr\u00e8s l'embarras de la tasse | Vie Associative","og_description":"Le Bayern Munich doit trembler bien avant de se d\u00e9placer dans le deuxi\u00e8me tour de tasse. Harry Kane rach\u00e8te l&rsquo;\u00e9quipe de Munich dans le temps","og_url":"https:\/\/vieassociative.be\/actualites\/kane-se-reunit-tard-le-bayern-du-fc-juste-apres-lembarras-de-la-tasse\/","og_site_name":"Vie Associative","article_published_time":"2025-08-28T02:17:14+00:00","og_image":[{"width":279,"height":92,"url":"https:\/\/vieassociative.be\/actualites\/wp-content\/uploads\/2024\/09\/header_backgroundk-01-e1726694325946.png","type":"image\/png"}],"author":"Julien","twitter_card":"summary_large_image","twitter_misc":{"\u00c9crit par":"Julien","Dur\u00e9e de lecture est.":"2 minutes"},"schema":{"@context":"https:\/\/schema.org","@graph":[{"@type":"Article","@id":"https:\/\/vieassociative.be\/actualites\/kane-se-reunit-tard-le-bayern-du-fc-juste-apres-lembarras-de-la-tasse\/#article","isPartOf":{"@id":"https:\/\/vieassociative.be\/actualites\/kane-se-reunit-tard-le-bayern-du-fc-juste-apres-lembarras-de-la-tasse\/"},"author":{"name":"Julien","@id":"https:\/\/vieassociative.be\/actualites\/#\/schema\/person\/b87ac4f82f9d4e7b7cec7395b679edc4"},"headline":"Kane se r\u00e9unit tard: le Bayern du FC juste apr\u00e8s l&#8217;embarras de la tasse","datePublished":"2025-08-28T02:17:14+00:00","dateModified":"2025-08-28T02:17:14+00:00","mainEntityOfPage":{"@id":"https:\/\/vieassociative.be\/actualites\/kane-se-reunit-tard-le-bayern-du-fc-juste-apres-lembarras-de-la-tasse\/"},"wordCount":370,"publisher":{"@id":"https:\/\/vieassociative.be\/actualites\/#organization"},"image":{"@id":"https:\/\/vieassociative.be\/actualites\/kane-se-reunit-tard-le-bayern-du-fc-juste-apres-lembarras-de-la-tasse\/#primaryimage"},"thumbnailUrl":"https:\/\/vieassociative.be\/actualites\/wp-content\/uploads\/2025\/08\/1756347434_Kane-se-reunit-tard-le-Bayern-du-FC-juste-apres.jpg","keywords":["Apr\u00e8s","Bayern","juste","Kane","lembarras","r\u00e9unit","tard","tasse"],"articleSection":["Belgique"],"inLanguage":"fr-BE"},{"@type":"WebPage","@id":"https:\/\/vieassociative.be\/actualites\/kane-se-reunit-tard-le-bayern-du-fc-juste-apres-lembarras-de-la-tasse\/","url":"https:\/\/vieassociative.be\/actualites\/kane-se-reunit-tard-le-bayern-du-fc-juste-apres-lembarras-de-la-tasse\/","name":"Kane se r\u00e9unit tard: le Bayern du FC juste apr\u00e8s l'embarras de la tasse | Vie Associative","isPartOf":{"@id":"https:\/\/vieassociative.be\/actualites\/#website"},"primaryImageOfPage":{"@id":"https:\/\/vieassociative.be\/actualites\/kane-se-reunit-tard-le-bayern-du-fc-juste-apres-lembarras-de-la-tasse\/#primaryimage"},"image":{"@id":"https:\/\/vieassociative.be\/actualites\/kane-se-reunit-tard-le-bayern-du-fc-juste-apres-lembarras-de-la-tasse\/#primaryimage"},"thumbnailUrl":"https:\/\/vieassociative.be\/actualites\/wp-content\/uploads\/2025\/08\/1756347434_Kane-se-reunit-tard-le-Bayern-du-FC-juste-apres.jpg","datePublished":"2025-08-28T02:17:14+00:00","dateModified":"2025-08-28T02:17:14+00:00","breadcrumb":{"@id":"https:\/\/vieassociative.be\/actualites\/kane-se-reunit-tard-le-bayern-du-fc-juste-apres-lembarras-de-la-tasse\/#breadcrumb"},"inLanguage":"fr-BE","potentialAction":[{"@type":"ReadAction","target":["https:\/\/vieassociative.be\/actualites\/kane-se-reunit-tard-le-bayern-du-fc-juste-apres-lembarras-de-la-tasse\/"]}]},{"@type":"ImageObject","inLanguage":"fr-BE","@id":"https:\/\/vieassociative.be\/actualites\/kane-se-reunit-tard-le-bayern-du-fc-juste-apres-lembarras-de-la-tasse\/#primaryimage","url":"https:\/\/vieassociative.be\/actualites\/wp-content\/uploads\/2025\/08\/1756347434_Kane-se-reunit-tard-le-Bayern-du-FC-juste-apres.jpg","contentUrl":"https:\/\/vieassociative.be\/actualites\/wp-content\/uploads\/2025\/08\/1756347434_Kane-se-reunit-tard-le-Bayern-du-FC-juste-apres.jpg","width":1200,"height":800,"caption":"Kane se r\u00e9unit tard: le Bayern du FC juste apr\u00e8s l'embarras de la tasse"},{"@type":"BreadcrumbList","@id":"https:\/\/vieassociative.be\/actualites\/kane-se-reunit-tard-le-bayern-du-fc-juste-apres-lembarras-de-la-tasse\/#breadcrumb","itemListElement":[{"@type":"ListItem","position":1,"name":"Accueil","item":"https:\/\/vieassociative.be\/actualites\/"},{"@type":"ListItem","position":2,"name":"Kane se r\u00e9unit tard: le Bayern du FC juste apr\u00e8s l&#8217;embarras de la tasse"}]},{"@type":"WebSite","@id":"https:\/\/vieassociative.be\/actualites\/#website","url":"https:\/\/vieassociative.be\/actualites\/","name":"Vie Associative","description":"","publisher":{"@id":"https:\/\/vieassociative.be\/actualites\/#organization"},"potentialAction":[{"@type":"SearchAction","target":{"@type":"EntryPoint","urlTemplate":"https:\/\/vieassociative.be\/actualites\/?s={search_term_string}"},"query-input":{"@type":"PropertyValueSpecification","valueRequired":true,"valueName":"search_term_string"}}],"inLanguage":"fr-BE"},{"@type":"Organization","@id":"https:\/\/vieassociative.be\/actualites\/#organization","name":"Vie Associative","url":"https:\/\/vieassociative.be\/actualites\/","logo":{"@type":"ImageObject","inLanguage":"fr-BE","@id":"https:\/\/vieassociative.be\/actualites\/#\/schema\/logo\/image\/","url":"https:\/\/vieassociative.be\/actualites\/wp-content\/uploads\/2024\/09\/cropped-vieassociative_favicon.ico.png","contentUrl":"https:\/\/vieassociative.be\/actualites\/wp-content\/uploads\/2024\/09\/cropped-vieassociative_favicon.ico.png","width":512,"height":512,"caption":"Vie Associative"},"image":{"@id":"https:\/\/vieassociative.be\/actualites\/#\/schema\/logo\/image\/"}},{"@type":"Person","@id":"https:\/\/vieassociative.be\/actualites\/#\/schema\/person\/b87ac4f82f9d4e7b7cec7395b679edc4","name":"Julien","image":{"@type":"ImageObject","inLanguage":"fr-BE","@id":"https:\/\/vieassociative.be\/actualites\/#\/schema\/person\/image\/","url":"https:\/\/vieassociative.be\/actualites\/wp-content\/uploads\/2024\/09\/vie-associative-1-150x150.jpg","contentUrl":"https:\/\/vieassociative.be\/actualites\/wp-content\/uploads\/2024\/09\/vie-associative-1-150x150.jpg","caption":"Julien"},"description":"Je suis Julien, r\u00e9dacteur pour Vie Associative. Passionn\u00e9 par le monde associatif depuis plus de 10 ans, j'ai \u00e0 c\u0153ur de partager des histoires inspirantes et de mettre en lumi\u00e8re les initiatives locales. Mon objectif est de sensibiliser et d'encourager l'engagement communautaire \u00e0 travers mes articles.","sameAs":["https:\/\/vieassociative.be\/"]}]}},"_links":{"self":[{"href":"https:\/\/vieassociative.be\/actualites\/wp-json\/wp\/v2\/posts\/9671"}],"collection":[{"href":"https:\/\/vieassociative.be\/actualites\/wp-json\/wp\/v2\/posts"}],"about":[{"href":"https:\/\/vieassociative.be\/actualites\/wp-json\/wp\/v2\/types\/post"}],"author":[{"embeddable":true,"href":"https:\/\/vieassociative.be\/actualites\/wp-json\/wp\/v2\/users\/1"}],"replies":[{"embeddable":true,"href":"https:\/\/vieassociative.be\/actualites\/wp-json\/wp\/v2\/comments?post=9671"}],"version-history":[{"count":0,"href":"https:\/\/vieassociative.be\/actualites\/wp-json\/wp\/v2\/posts\/9671\/revisions"}],"wp:featuredmedia":[{"embeddable":true,"href":"https:\/\/vieassociative.be\/actualites\/wp-json\/wp\/v2\/media\/9672"}],"wp:attachment":[{"href":"https:\/\/vieassociative.be\/actualites\/wp-json\/wp\/v2\/media?parent=9671"}],"wp:term":[{"taxonomy":"category","embeddable":true,"href":"https:\/\/vieassociative.be\/actualites\/wp-json\/wp\/v2\/categories?post=9671"},{"taxonomy":"post_tag","embeddable":true,"href":"https:\/\/vieassociative.be\/actualites\/wp-json\/wp\/v2\/tags?post=9671"}],"curies":[{"name":"wp","href":"https:\/\/api.w.org\/{rel}","templated":true}]}}