{"id":9665,"date":"2025-08-27T22:17:49","date_gmt":"2025-08-27T20:17:49","guid":{"rendered":"https:\/\/vieassociative.be\/actualites\/orient-belgique-directement-existe-depuis-13-ans-sous-poutine-ou-trump-ce-ne-serait-probablement-quun-maximum-de-13-jours\/"},"modified":"2025-08-27T22:17:49","modified_gmt":"2025-08-27T20:17:49","slug":"orient-belgique-directement-existe-depuis-13-ans-sous-poutine-ou-trump-ce-ne-serait-probablement-quun-maximum-de-13-jours","status":"publish","type":"post","link":"https:\/\/vieassociative.be\/actualites\/orient-belgique-directement-existe-depuis-13-ans-sous-poutine-ou-trump-ce-ne-serait-probablement-quun-maximum-de-13-jours\/","title":{"rendered":"\u00ab\u00a0Orient Belgique directement\u00a0\u00bb existe depuis 13 ans &#8211; sous Poutine ou Trump, ce ne serait probablement qu&rsquo;un maximum de 13 jours"},"content":{"rendered":"<p><strong>Une autre ann\u00e9e s&rsquo;est \u00e9coul\u00e9e: \u00ab\u00a0l&rsquo;est de la Belgique directement\u00a0\u00bb c\u00e9l\u00e8bre son 13e anniversaire le 27 ao\u00fbt 2025. Surtout \u00e0 une \u00e9poque o\u00f9 des dictateurs tels que le pr\u00e9sident russe Vladimir Poutine ou des autocrates comme Donald Trump, tout ce qui ne leur convient pas, la chasse depuis 13 ans est remarquable.<\/strong><\/p>\n<p><span id=\"more-423201\"><\/span>L&rsquo;OD est \u00e9galement le seul support vraiment ind\u00e9pendant de la Belgique de l&rsquo;Est depuis 13 ans: pas de dopping (BRF re\u00e7oit pr\u00e8s de 6,8 millions d&rsquo;euros cette ann\u00e9e), pas d&rsquo;aide \u00e0 la presse (Border Echo re\u00e7oit 347 000 euros par an), pas de \u00ab\u00a0subvention pour promouvoir le journalisme dans la communaut\u00e9 germanophone\u00a0\u00bb (40 000 euros dans le m\u00e9nage DG), \u00e9galement pas d&rsquo;achat de livres, pas m\u00eame de la publication, m\u00eame si le d\u00e9lai avait condamn\u00e9 \u00e0 l&rsquo;ODE lorsqu&rsquo;il ne serait pas consid\u00e9r\u00e9 comme un peu de distribution, m\u00eame si le d\u00e9lai avait condamn\u00e9 \u00e0 l&rsquo;ODE lors de la distribution, m\u00eame si le d\u00e9lai a conduit \u00e0 l&rsquo;ODE lors de la distribution, m\u00eame si le d\u00e9lai avait conduit \u00e0 l&rsquo;OD Soul\u00e8vement publicitaire. Mais rien ne s&rsquo;est pass\u00e9. Apparemment, il y a de petits atouts en Belgique orientale &#8230;<\/p>\n<div id=\"attachment_423216\" class=\"wp-caption alignleft\" style=\"max-width: 300px\"><img fetchpriority=\"high\" decoding=\"async\" class=\"wp-image-423216 size-medium\" src=\"https:\/\/vieassociative.be\/actualites\/wp-content\/uploads\/2025\/08\/Orient-Belgique-directement-existe-depuis-13-ans-sous-Poutine.jpg\" alt=\"\" width=\"300\" height=\"200\"><\/div>\n<p>Pour avoir un sentiment pour la dur\u00e9e de 13 ans, il vous suffit de vous rappeler ce qui s&rsquo;est pass\u00e9 en 2012.<\/p>\n<p>En 2012, Aspire a repris le club de deuxi\u00e8me division en tant qu&rsquo;Eupen, qui a \u00e9t\u00e9 la premi\u00e8re classe de 2016 \u00e0 2024 et est maintenant \u00e0 nouveau en deuxi\u00e8me classe. En 2012, Eden Hazard est pass\u00e9 d&rsquo;OSC Lille \u00e0 Chelsea FC et Philippe Gilbert est devenu le champion du monde \u00e0 Valkenburg. Hazard et Gilbert ont maintenant mis fin \u00e0 leur carri\u00e8re sportive. Le conducteur du rallye Thierry Neuville a commenc\u00e9 pour Citro\u00ebn il y a 13 ans. Entre-temps, le natif de St. Vither est m\u00eame un champion du monde de rallye.<\/p>\n<p>Et le dernier mais non le moindre il y a eu \u00abOrient Belgique directement\u00bb le 27 ao\u00fbt 2012. Od 7\/7 jours sont lib\u00e9r\u00e9s 24h \/ 24 depuis 13 ans. Pr\u00e8s de 25 000 contributions ont \u00e9t\u00e9 publi\u00e9es sur OD depuis le 27 ao\u00fbt 2012, plus de 480 000 commentaires de lecteurs ont \u00e9t\u00e9 activ\u00e9s.<\/p>\n<div id=\"attachment_76925\" class=\"wp-caption alignleft\" style=\"max-width: 300px\"><img decoding=\"async\" class=\"wp-image-76925 size-medium\" src=\"https:\/\/vieassociative.be\/actualites\/wp-content\/uploads\/2025\/08\/1756325869_257_Orient-Belgique-directement-existe-depuis-13-ans-sous-Poutine.jpg\" alt=\"\" width=\"300\" height=\"200\"  ><\/div>\n<p>Le nombre de commentaires qui n&rsquo;ont pas \u00e9t\u00e9 activ\u00e9s ne peuvent plus \u00eatre d\u00e9termin\u00e9s car ils sont automatiquement supprim\u00e9s apr\u00e8s un certain temps. Dans tous les cas, il y a des dizaines de milliers, car contrairement aux r\u00e9seaux sociaux SO appel\u00e9s, OD est un forum mod\u00e9r\u00e9 dans lequel chaque commentaire doit \u00eatre d\u00e9verrouill\u00e9 individuellement avant qu&rsquo;il ne soit en ligne. Od Today compte pr\u00e8s de 15 000 likes et sur X, auparavant Twitter, plus de 1 400 abonn\u00e9s.<\/p>\n<p>En ce qui concerne le nombre de pages vues, il est assez constant apr\u00e8s 13 ans entre 12 000 et 14 000 par jour, 84 000 \u00e0 100 000 par semaine, 430 000 par mois ou environ 5,2 millions par an.<\/p>\n<p>Sinon, beaucoup de choses ont chang\u00e9 en 13 ans dans le comportement de lecture des habitants de l&rsquo;Est de la Belgique. Lorsque OD a \u00e9t\u00e9 fond\u00e9e le 27 ao\u00fbt 2012, les lecteurs \u00e9taient principalement int\u00e9ress\u00e9s par le local et la r\u00e9gion. The Islamist attacks of Paris and Brussels 2015 and 2016, the 2015 refugee crisis, the Corona crisis 2020 and 2021, the climate crisis, the debt crisis, the Ukraine war and its consequences (energy supply, inflation, etc.), the atomic threat, the mass extinction in the Gaza Strip, Donald Trump&rsquo;s autocratic course in America Putin has increasingly focused on overall Belgium, Europe et le monde. (Cre)<\/p>\n","protected":false},"excerpt":{"rendered":"<p>Une autre ann\u00e9e s&rsquo;est \u00e9coul\u00e9e: \u00ab\u00a0l&rsquo;est de la Belgique directement\u00a0\u00bb c\u00e9l\u00e8bre son 13e anniversaire le 27 ao\u00fbt 2025. Surtout \u00e0 une \u00e9poque o\u00f9 des dictateurs<\/p>\n","protected":false},"author":1,"featured_media":9666,"comment_status":"","ping_status":"","sticky":false,"template":"","format":"standard","meta":{"footnotes":""},"categories":[298],"tags":[584,383,1824,5304,965,937,7179,8322,4227,419,1185,5456,467,2425],"class_list":["post-9665","post","type-post","status-publish","format-standard","has-post-thumbnail","hentry","category-belgique","tag-ans","tag-belgique","tag-depuis","tag-directement","tag-existe","tag-jours","tag-maximum","tag-orient","tag-poutine","tag-probablement","tag-quun","tag-serait","tag-sous","tag-trump","generate-columns","tablet-grid-50","mobile-grid-100","grid-parent","grid-33"],"yoast_head":"<!-- This site is optimized with the Yoast SEO plugin v24.0 - https:\/\/yoast.com\/wordpress\/plugins\/seo\/ -->\n<title>&quot;Orient Belgique directement&quot; existe depuis 13 ans - sous Poutine ou Trump, ce ne serait probablement qu&#039;un maximum de 13 jours | Vie Associative<\/title>\n<meta name=\"robots\" content=\"index, follow, max-snippet:-1, max-image-preview:large, max-video-preview:-1\" \/>\n<link rel=\"canonical\" href=\"https:\/\/vieassociative.be\/actualites\/orient-belgique-directement-existe-depuis-13-ans-sous-poutine-ou-trump-ce-ne-serait-probablement-quun-maximum-de-13-jours\/\" \/>\n<meta property=\"og:locale\" content=\"fr_FR\" \/>\n<meta property=\"og:type\" content=\"article\" \/>\n<meta property=\"og:title\" content=\"&quot;Orient Belgique directement&quot; existe depuis 13 ans - sous Poutine ou Trump, ce ne serait probablement qu&#039;un maximum de 13 jours | Vie Associative\" \/>\n<meta property=\"og:description\" content=\"Une autre ann\u00e9e s&rsquo;est \u00e9coul\u00e9e: \u00ab\u00a0l&rsquo;est de la Belgique directement\u00a0\u00bb c\u00e9l\u00e8bre son 13e anniversaire le 27 ao\u00fbt 2025. Surtout \u00e0 une \u00e9poque o\u00f9 des dictateurs\" \/>\n<meta property=\"og:url\" content=\"https:\/\/vieassociative.be\/actualites\/orient-belgique-directement-existe-depuis-13-ans-sous-poutine-ou-trump-ce-ne-serait-probablement-quun-maximum-de-13-jours\/\" \/>\n<meta property=\"og:site_name\" content=\"Vie Associative\" \/>\n<meta property=\"article:published_time\" content=\"2025-08-27T20:17:49+00:00\" \/>\n<meta property=\"og:image\" content=\"https:\/\/vieassociative.be\/actualites\/wp-content\/uploads\/2024\/09\/header_backgroundk-01-e1726694325946.png\" \/>\n\t<meta property=\"og:image:width\" content=\"279\" \/>\n\t<meta property=\"og:image:height\" content=\"92\" \/>\n\t<meta property=\"og:image:type\" content=\"image\/png\" \/>\n<meta name=\"author\" content=\"Julien\" \/>\n<meta name=\"twitter:card\" content=\"summary_large_image\" \/>\n<meta name=\"twitter:label1\" content=\"\u00c9crit par\" \/>\n\t<meta name=\"twitter:data1\" content=\"Julien\" \/>\n\t<meta name=\"twitter:label2\" content=\"Dur\u00e9e de lecture est.\" \/>\n\t<meta name=\"twitter:data2\" content=\"3 minutes\" \/>\n<script type=\"application\/ld+json\" class=\"yoast-schema-graph\">{\"@context\":\"https:\/\/schema.org\",\"@graph\":[{\"@type\":\"Article\",\"@id\":\"https:\/\/vieassociative.be\/actualites\/orient-belgique-directement-existe-depuis-13-ans-sous-poutine-ou-trump-ce-ne-serait-probablement-quun-maximum-de-13-jours\/#article\",\"isPartOf\":{\"@id\":\"https:\/\/vieassociative.be\/actualites\/orient-belgique-directement-existe-depuis-13-ans-sous-poutine-ou-trump-ce-ne-serait-probablement-quun-maximum-de-13-jours\/\"},\"author\":{\"name\":\"Julien\",\"@id\":\"https:\/\/vieassociative.be\/actualites\/#\/schema\/person\/b87ac4f82f9d4e7b7cec7395b679edc4\"},\"headline\":\"\u00ab\u00a0Orient Belgique directement\u00a0\u00bb existe depuis 13 ans &#8211; sous Poutine ou Trump, ce ne serait probablement qu&rsquo;un maximum de 13 jours\",\"datePublished\":\"2025-08-27T20:17:49+00:00\",\"dateModified\":\"2025-08-27T20:17:49+00:00\",\"mainEntityOfPage\":{\"@id\":\"https:\/\/vieassociative.be\/actualites\/orient-belgique-directement-existe-depuis-13-ans-sous-poutine-ou-trump-ce-ne-serait-probablement-quun-maximum-de-13-jours\/\"},\"wordCount\":611,\"publisher\":{\"@id\":\"https:\/\/vieassociative.be\/actualites\/#organization\"},\"image\":{\"@id\":\"https:\/\/vieassociative.be\/actualites\/orient-belgique-directement-existe-depuis-13-ans-sous-poutine-ou-trump-ce-ne-serait-probablement-quun-maximum-de-13-jours\/#primaryimage\"},\"thumbnailUrl\":\"https:\/\/vieassociative.be\/actualites\/wp-content\/uploads\/2025\/08\/1756325870_Orient-Belgique-directement-existe-depuis-13-ans-sous-Poutine.jpg\",\"keywords\":[\"ans\",\"Belgique\",\"depuis\",\"directement\",\"existe\",\"jours\",\"maximum\",\"Orient\",\"Poutine\",\"probablement\",\"quun\",\"serait\",\"sous\",\"Trump\"],\"articleSection\":[\"Belgique\"],\"inLanguage\":\"fr-BE\"},{\"@type\":\"WebPage\",\"@id\":\"https:\/\/vieassociative.be\/actualites\/orient-belgique-directement-existe-depuis-13-ans-sous-poutine-ou-trump-ce-ne-serait-probablement-quun-maximum-de-13-jours\/\",\"url\":\"https:\/\/vieassociative.be\/actualites\/orient-belgique-directement-existe-depuis-13-ans-sous-poutine-ou-trump-ce-ne-serait-probablement-quun-maximum-de-13-jours\/\",\"name\":\"\\\"Orient Belgique directement\\\" existe depuis 13 ans - sous Poutine ou Trump, ce ne serait probablement qu'un maximum de 13 jours | Vie Associative\",\"isPartOf\":{\"@id\":\"https:\/\/vieassociative.be\/actualites\/#website\"},\"primaryImageOfPage\":{\"@id\":\"https:\/\/vieassociative.be\/actualites\/orient-belgique-directement-existe-depuis-13-ans-sous-poutine-ou-trump-ce-ne-serait-probablement-quun-maximum-de-13-jours\/#primaryimage\"},\"image\":{\"@id\":\"https:\/\/vieassociative.be\/actualites\/orient-belgique-directement-existe-depuis-13-ans-sous-poutine-ou-trump-ce-ne-serait-probablement-quun-maximum-de-13-jours\/#primaryimage\"},\"thumbnailUrl\":\"https:\/\/vieassociative.be\/actualites\/wp-content\/uploads\/2025\/08\/1756325870_Orient-Belgique-directement-existe-depuis-13-ans-sous-Poutine.jpg\",\"datePublished\":\"2025-08-27T20:17:49+00:00\",\"dateModified\":\"2025-08-27T20:17:49+00:00\",\"breadcrumb\":{\"@id\":\"https:\/\/vieassociative.be\/actualites\/orient-belgique-directement-existe-depuis-13-ans-sous-poutine-ou-trump-ce-ne-serait-probablement-quun-maximum-de-13-jours\/#breadcrumb\"},\"inLanguage\":\"fr-BE\",\"potentialAction\":[{\"@type\":\"ReadAction\",\"target\":[\"https:\/\/vieassociative.be\/actualites\/orient-belgique-directement-existe-depuis-13-ans-sous-poutine-ou-trump-ce-ne-serait-probablement-quun-maximum-de-13-jours\/\"]}]},{\"@type\":\"ImageObject\",\"inLanguage\":\"fr-BE\",\"@id\":\"https:\/\/vieassociative.be\/actualites\/orient-belgique-directement-existe-depuis-13-ans-sous-poutine-ou-trump-ce-ne-serait-probablement-quun-maximum-de-13-jours\/#primaryimage\",\"url\":\"https:\/\/vieassociative.be\/actualites\/wp-content\/uploads\/2025\/08\/1756325870_Orient-Belgique-directement-existe-depuis-13-ans-sous-Poutine.jpg\",\"contentUrl\":\"https:\/\/vieassociative.be\/actualites\/wp-content\/uploads\/2025\/08\/1756325870_Orient-Belgique-directement-existe-depuis-13-ans-sous-Poutine.jpg\",\"width\":1199,\"height\":793,\"caption\":\"\\\"Orient Belgique directement\\\" existe depuis 13 ans - sous Poutine ou Trump, ce ne serait probablement qu'un maximum de 13 jours\"},{\"@type\":\"BreadcrumbList\",\"@id\":\"https:\/\/vieassociative.be\/actualites\/orient-belgique-directement-existe-depuis-13-ans-sous-poutine-ou-trump-ce-ne-serait-probablement-quun-maximum-de-13-jours\/#breadcrumb\",\"itemListElement\":[{\"@type\":\"ListItem\",\"position\":1,\"name\":\"Accueil\",\"item\":\"https:\/\/vieassociative.be\/actualites\/\"},{\"@type\":\"ListItem\",\"position\":2,\"name\":\"\u00ab\u00a0Orient Belgique directement\u00a0\u00bb existe depuis 13 ans &#8211; sous Poutine ou Trump, ce ne serait probablement qu&rsquo;un maximum de 13 jours\"}]},{\"@type\":\"WebSite\",\"@id\":\"https:\/\/vieassociative.be\/actualites\/#website\",\"url\":\"https:\/\/vieassociative.be\/actualites\/\",\"name\":\"Vie Associative\",\"description\":\"\",\"publisher\":{\"@id\":\"https:\/\/vieassociative.be\/actualites\/#organization\"},\"potentialAction\":[{\"@type\":\"SearchAction\",\"target\":{\"@type\":\"EntryPoint\",\"urlTemplate\":\"https:\/\/vieassociative.be\/actualites\/?s={search_term_string}\"},\"query-input\":{\"@type\":\"PropertyValueSpecification\",\"valueRequired\":true,\"valueName\":\"search_term_string\"}}],\"inLanguage\":\"fr-BE\"},{\"@type\":\"Organization\",\"@id\":\"https:\/\/vieassociative.be\/actualites\/#organization\",\"name\":\"Vie Associative\",\"url\":\"https:\/\/vieassociative.be\/actualites\/\",\"logo\":{\"@type\":\"ImageObject\",\"inLanguage\":\"fr-BE\",\"@id\":\"https:\/\/vieassociative.be\/actualites\/#\/schema\/logo\/image\/\",\"url\":\"https:\/\/vieassociative.be\/actualites\/wp-content\/uploads\/2024\/09\/cropped-vieassociative_favicon.ico.png\",\"contentUrl\":\"https:\/\/vieassociative.be\/actualites\/wp-content\/uploads\/2024\/09\/cropped-vieassociative_favicon.ico.png\",\"width\":512,\"height\":512,\"caption\":\"Vie Associative\"},\"image\":{\"@id\":\"https:\/\/vieassociative.be\/actualites\/#\/schema\/logo\/image\/\"}},{\"@type\":\"Person\",\"@id\":\"https:\/\/vieassociative.be\/actualites\/#\/schema\/person\/b87ac4f82f9d4e7b7cec7395b679edc4\",\"name\":\"Julien\",\"image\":{\"@type\":\"ImageObject\",\"inLanguage\":\"fr-BE\",\"@id\":\"https:\/\/vieassociative.be\/actualites\/#\/schema\/person\/image\/\",\"url\":\"https:\/\/vieassociative.be\/actualites\/wp-content\/uploads\/2024\/09\/vie-associative-1-150x150.jpg\",\"contentUrl\":\"https:\/\/vieassociative.be\/actualites\/wp-content\/uploads\/2024\/09\/vie-associative-1-150x150.jpg\",\"caption\":\"Julien\"},\"description\":\"Je suis Julien, r\u00e9dacteur pour Vie Associative. Passionn\u00e9 par le monde associatif depuis plus de 10 ans, j'ai \u00e0 c\u0153ur de partager des histoires inspirantes et de mettre en lumi\u00e8re les initiatives locales. Mon objectif est de sensibiliser et d'encourager l'engagement communautaire \u00e0 travers mes articles.\",\"sameAs\":[\"https:\/\/vieassociative.be\/\"]}]}<\/script>\n<!-- \/ Yoast SEO plugin. -->","yoast_head_json":{"title":"\"Orient Belgique directement\" existe depuis 13 ans - sous Poutine ou Trump, ce ne serait probablement qu'un maximum de 13 jours | Vie Associative","robots":{"index":"index","follow":"follow","max-snippet":"max-snippet:-1","max-image-preview":"max-image-preview:large","max-video-preview":"max-video-preview:-1"},"canonical":"https:\/\/vieassociative.be\/actualites\/orient-belgique-directement-existe-depuis-13-ans-sous-poutine-ou-trump-ce-ne-serait-probablement-quun-maximum-de-13-jours\/","og_locale":"fr_FR","og_type":"article","og_title":"\"Orient Belgique directement\" existe depuis 13 ans - sous Poutine ou Trump, ce ne serait probablement qu'un maximum de 13 jours | Vie Associative","og_description":"Une autre ann\u00e9e s&rsquo;est \u00e9coul\u00e9e: \u00ab\u00a0l&rsquo;est de la Belgique directement\u00a0\u00bb c\u00e9l\u00e8bre son 13e anniversaire le 27 ao\u00fbt 2025. Surtout \u00e0 une \u00e9poque o\u00f9 des dictateurs","og_url":"https:\/\/vieassociative.be\/actualites\/orient-belgique-directement-existe-depuis-13-ans-sous-poutine-ou-trump-ce-ne-serait-probablement-quun-maximum-de-13-jours\/","og_site_name":"Vie Associative","article_published_time":"2025-08-27T20:17:49+00:00","og_image":[{"width":279,"height":92,"url":"https:\/\/vieassociative.be\/actualites\/wp-content\/uploads\/2024\/09\/header_backgroundk-01-e1726694325946.png","type":"image\/png"}],"author":"Julien","twitter_card":"summary_large_image","twitter_misc":{"\u00c9crit par":"Julien","Dur\u00e9e de lecture est.":"3 minutes"},"schema":{"@context":"https:\/\/schema.org","@graph":[{"@type":"Article","@id":"https:\/\/vieassociative.be\/actualites\/orient-belgique-directement-existe-depuis-13-ans-sous-poutine-ou-trump-ce-ne-serait-probablement-quun-maximum-de-13-jours\/#article","isPartOf":{"@id":"https:\/\/vieassociative.be\/actualites\/orient-belgique-directement-existe-depuis-13-ans-sous-poutine-ou-trump-ce-ne-serait-probablement-quun-maximum-de-13-jours\/"},"author":{"name":"Julien","@id":"https:\/\/vieassociative.be\/actualites\/#\/schema\/person\/b87ac4f82f9d4e7b7cec7395b679edc4"},"headline":"\u00ab\u00a0Orient Belgique directement\u00a0\u00bb existe depuis 13 ans &#8211; sous Poutine ou Trump, ce ne serait probablement qu&rsquo;un maximum de 13 jours","datePublished":"2025-08-27T20:17:49+00:00","dateModified":"2025-08-27T20:17:49+00:00","mainEntityOfPage":{"@id":"https:\/\/vieassociative.be\/actualites\/orient-belgique-directement-existe-depuis-13-ans-sous-poutine-ou-trump-ce-ne-serait-probablement-quun-maximum-de-13-jours\/"},"wordCount":611,"publisher":{"@id":"https:\/\/vieassociative.be\/actualites\/#organization"},"image":{"@id":"https:\/\/vieassociative.be\/actualites\/orient-belgique-directement-existe-depuis-13-ans-sous-poutine-ou-trump-ce-ne-serait-probablement-quun-maximum-de-13-jours\/#primaryimage"},"thumbnailUrl":"https:\/\/vieassociative.be\/actualites\/wp-content\/uploads\/2025\/08\/1756325870_Orient-Belgique-directement-existe-depuis-13-ans-sous-Poutine.jpg","keywords":["ans","Belgique","depuis","directement","existe","jours","maximum","Orient","Poutine","probablement","quun","serait","sous","Trump"],"articleSection":["Belgique"],"inLanguage":"fr-BE"},{"@type":"WebPage","@id":"https:\/\/vieassociative.be\/actualites\/orient-belgique-directement-existe-depuis-13-ans-sous-poutine-ou-trump-ce-ne-serait-probablement-quun-maximum-de-13-jours\/","url":"https:\/\/vieassociative.be\/actualites\/orient-belgique-directement-existe-depuis-13-ans-sous-poutine-ou-trump-ce-ne-serait-probablement-quun-maximum-de-13-jours\/","name":"\"Orient Belgique directement\" existe depuis 13 ans - sous Poutine ou Trump, ce ne serait probablement qu'un maximum de 13 jours | Vie Associative","isPartOf":{"@id":"https:\/\/vieassociative.be\/actualites\/#website"},"primaryImageOfPage":{"@id":"https:\/\/vieassociative.be\/actualites\/orient-belgique-directement-existe-depuis-13-ans-sous-poutine-ou-trump-ce-ne-serait-probablement-quun-maximum-de-13-jours\/#primaryimage"},"image":{"@id":"https:\/\/vieassociative.be\/actualites\/orient-belgique-directement-existe-depuis-13-ans-sous-poutine-ou-trump-ce-ne-serait-probablement-quun-maximum-de-13-jours\/#primaryimage"},"thumbnailUrl":"https:\/\/vieassociative.be\/actualites\/wp-content\/uploads\/2025\/08\/1756325870_Orient-Belgique-directement-existe-depuis-13-ans-sous-Poutine.jpg","datePublished":"2025-08-27T20:17:49+00:00","dateModified":"2025-08-27T20:17:49+00:00","breadcrumb":{"@id":"https:\/\/vieassociative.be\/actualites\/orient-belgique-directement-existe-depuis-13-ans-sous-poutine-ou-trump-ce-ne-serait-probablement-quun-maximum-de-13-jours\/#breadcrumb"},"inLanguage":"fr-BE","potentialAction":[{"@type":"ReadAction","target":["https:\/\/vieassociative.be\/actualites\/orient-belgique-directement-existe-depuis-13-ans-sous-poutine-ou-trump-ce-ne-serait-probablement-quun-maximum-de-13-jours\/"]}]},{"@type":"ImageObject","inLanguage":"fr-BE","@id":"https:\/\/vieassociative.be\/actualites\/orient-belgique-directement-existe-depuis-13-ans-sous-poutine-ou-trump-ce-ne-serait-probablement-quun-maximum-de-13-jours\/#primaryimage","url":"https:\/\/vieassociative.be\/actualites\/wp-content\/uploads\/2025\/08\/1756325870_Orient-Belgique-directement-existe-depuis-13-ans-sous-Poutine.jpg","contentUrl":"https:\/\/vieassociative.be\/actualites\/wp-content\/uploads\/2025\/08\/1756325870_Orient-Belgique-directement-existe-depuis-13-ans-sous-Poutine.jpg","width":1199,"height":793,"caption":"\"Orient Belgique directement\" existe depuis 13 ans - sous Poutine ou Trump, ce ne serait probablement qu'un maximum de 13 jours"},{"@type":"BreadcrumbList","@id":"https:\/\/vieassociative.be\/actualites\/orient-belgique-directement-existe-depuis-13-ans-sous-poutine-ou-trump-ce-ne-serait-probablement-quun-maximum-de-13-jours\/#breadcrumb","itemListElement":[{"@type":"ListItem","position":1,"name":"Accueil","item":"https:\/\/vieassociative.be\/actualites\/"},{"@type":"ListItem","position":2,"name":"\u00ab\u00a0Orient Belgique directement\u00a0\u00bb existe depuis 13 ans &#8211; sous Poutine ou Trump, ce ne serait probablement qu&rsquo;un maximum de 13 jours"}]},{"@type":"WebSite","@id":"https:\/\/vieassociative.be\/actualites\/#website","url":"https:\/\/vieassociative.be\/actualites\/","name":"Vie Associative","description":"","publisher":{"@id":"https:\/\/vieassociative.be\/actualites\/#organization"},"potentialAction":[{"@type":"SearchAction","target":{"@type":"EntryPoint","urlTemplate":"https:\/\/vieassociative.be\/actualites\/?s={search_term_string}"},"query-input":{"@type":"PropertyValueSpecification","valueRequired":true,"valueName":"search_term_string"}}],"inLanguage":"fr-BE"},{"@type":"Organization","@id":"https:\/\/vieassociative.be\/actualites\/#organization","name":"Vie Associative","url":"https:\/\/vieassociative.be\/actualites\/","logo":{"@type":"ImageObject","inLanguage":"fr-BE","@id":"https:\/\/vieassociative.be\/actualites\/#\/schema\/logo\/image\/","url":"https:\/\/vieassociative.be\/actualites\/wp-content\/uploads\/2024\/09\/cropped-vieassociative_favicon.ico.png","contentUrl":"https:\/\/vieassociative.be\/actualites\/wp-content\/uploads\/2024\/09\/cropped-vieassociative_favicon.ico.png","width":512,"height":512,"caption":"Vie Associative"},"image":{"@id":"https:\/\/vieassociative.be\/actualites\/#\/schema\/logo\/image\/"}},{"@type":"Person","@id":"https:\/\/vieassociative.be\/actualites\/#\/schema\/person\/b87ac4f82f9d4e7b7cec7395b679edc4","name":"Julien","image":{"@type":"ImageObject","inLanguage":"fr-BE","@id":"https:\/\/vieassociative.be\/actualites\/#\/schema\/person\/image\/","url":"https:\/\/vieassociative.be\/actualites\/wp-content\/uploads\/2024\/09\/vie-associative-1-150x150.jpg","contentUrl":"https:\/\/vieassociative.be\/actualites\/wp-content\/uploads\/2024\/09\/vie-associative-1-150x150.jpg","caption":"Julien"},"description":"Je suis Julien, r\u00e9dacteur pour Vie Associative. Passionn\u00e9 par le monde associatif depuis plus de 10 ans, j'ai \u00e0 c\u0153ur de partager des histoires inspirantes et de mettre en lumi\u00e8re les initiatives locales. Mon objectif est de sensibiliser et d'encourager l'engagement communautaire \u00e0 travers mes articles.","sameAs":["https:\/\/vieassociative.be\/"]}]}},"_links":{"self":[{"href":"https:\/\/vieassociative.be\/actualites\/wp-json\/wp\/v2\/posts\/9665"}],"collection":[{"href":"https:\/\/vieassociative.be\/actualites\/wp-json\/wp\/v2\/posts"}],"about":[{"href":"https:\/\/vieassociative.be\/actualites\/wp-json\/wp\/v2\/types\/post"}],"author":[{"embeddable":true,"href":"https:\/\/vieassociative.be\/actualites\/wp-json\/wp\/v2\/users\/1"}],"replies":[{"embeddable":true,"href":"https:\/\/vieassociative.be\/actualites\/wp-json\/wp\/v2\/comments?post=9665"}],"version-history":[{"count":0,"href":"https:\/\/vieassociative.be\/actualites\/wp-json\/wp\/v2\/posts\/9665\/revisions"}],"wp:featuredmedia":[{"embeddable":true,"href":"https:\/\/vieassociative.be\/actualites\/wp-json\/wp\/v2\/media\/9666"}],"wp:attachment":[{"href":"https:\/\/vieassociative.be\/actualites\/wp-json\/wp\/v2\/media?parent=9665"}],"wp:term":[{"taxonomy":"category","embeddable":true,"href":"https:\/\/vieassociative.be\/actualites\/wp-json\/wp\/v2\/categories?post=9665"},{"taxonomy":"post_tag","embeddable":true,"href":"https:\/\/vieassociative.be\/actualites\/wp-json\/wp\/v2\/tags?post=9665"}],"curies":[{"name":"wp","href":"https:\/\/api.w.org\/{rel}","templated":true}]}}