{"id":9657,"date":"2025-08-27T15:17:31","date_gmt":"2025-08-27T13:17:31","guid":{"rendered":"https:\/\/vieassociative.be\/actualites\/cette-sonnette-de-porte-video-clignotante-et-le-mini-pack-2-sont-de-60-pour-la-fete-du-travail\/"},"modified":"2025-08-27T15:17:31","modified_gmt":"2025-08-27T13:17:31","slug":"cette-sonnette-de-porte-video-clignotante-et-le-mini-pack-2-sont-de-60-pour-la-fete-du-travail","status":"publish","type":"post","link":"https:\/\/vieassociative.be\/actualites\/cette-sonnette-de-porte-video-clignotante-et-le-mini-pack-2-sont-de-60-pour-la-fete-du-travail\/","title":{"rendered":"Cette sonnette de porte vid\u00e9o clignotante et le mini pack 2 sont de 60 $ pour la f\u00eate du Travail"},"content":{"rendered":"<div class=\"mt-4 leading-6 md:mb-8\">Ce pack de d\u00e9marrage de s\u00e9curit\u00e9 \u00e0 domicile DIY est destin\u00e9 \u00e0 tous ceux qui souhaitent une configuration simple.<\/div>\n<p><\/p>\n<p><em>Ventes de la f\u00eate du Travail<\/em><em>  sont roul\u00e9s et Vie Associative partage les meilleures ventes<\/em><em>  Bas\u00e9 sur les revues de produits, les comparaisons et les outils de suivi des prix avant la fin. Vous pouvez \u00e9galement vous abonner \u00e0 notre newsletter de shopping<\/em><em>Ajouter au panier, pour les meilleures ventes envoy\u00e9es dans votre bo\u00eete de r\u00e9ception.<\/em><\/p>\n<hr>\n<p>\u00c0 l&rsquo;heure actuelle, Amazon a la sonnette vid\u00e9o Blink jumel\u00e9e avec le Blink Mini 2 pour 59,98 $ (contre 109,98 $), son prix le plus bas \u00e0 ce jour, selon Price-Trackers. Pour les locataires, les petits m\u00e9nages ou quiconque teste simplement les eaux avec des cam\u00e9ras de s\u00e9curit\u00e9 \u00e0 domicile, c&rsquo;est un moyen peu engag\u00e9.<\/p>\n<div class=\"pogoClear mb-12 mt-10 rounded-md border-2 border-gray-100 py-7 shadow-xl md:py-6\">\n<div class=\"flex flex-wrap justify-between px-7 text-black no-underline md:flex-nowrap md:px-8\">\n<div class=\"order-1 mx-auto flex flex-col justify-center md:order-2 md:ml-4 md:w-full md:grow\">\n<div class=\"block cursor-pointer text-center font-akshar text-2xl font-medium leading-7 text-brand-green duration-200 ease-in-out hover:text-brand-green-700 md:text-left md:text-xl md:leading-6\">All-New Blink Video Doorbell + Mini 2 &#8211; Motion &#038; Caring Alertes, visualisation HD et audio bidirectionnel. Core du module de synchronisation inclus &#8211; 1 syst\u00e8me de cam\u00e9ra + mini 2 (blanc \/ blanc)\n                <\/div>\n<div class=\"mt-4 hidden md:flex md:justify-between\">\n<div class=\"self-end\">\n<div class=\"mb-0 h-11 md:flex md:flex-col md:justify-center\">\n<div class=\" font-sans leading-4 text-black\">\n<div class=\"flex flex-wrap items-center justify-center gap-1 md:justify-start\">\n        <span class=\"font-bold\"><\/p>\n<p>            59,98 $<br \/>\n                            <span class=\"font-medium\">\u00e0 Amazon<\/span><br \/>\n                    <\/span>\n            <\/div>\n<div class=\"flex items-center justify-center gap-x-1 font-bold md:justify-start\">\n            <span class=\"text-sm line-through\">109,98 $<\/span><br \/>\n            <span class=\"text-sm text-brand-green\">\u00c9conomisez 50,00 $<\/span>\n        <\/div>\n<\/p><\/div>\n<\/p><\/div>\n<\/p><\/div>\n<div class=\"w-44 self-end\">\n                            <button class=\"flex justify-center items-center w-full bg-brand-green text-white text-base font-sans font-medium rounded-md hover:bg-brand-green-700 hover:cursor-pointer md:text-sm h-11\"><\/p>\n<p>    Conclure un accord<br \/>\n<\/button>\n                        <\/div>\n<\/p><\/div>\n<\/p><\/div>\n<div class=\"order-2 mt-5 h-auto w-full md:order-1 md:mt-0 md:hidden\">\n<div class=\"flex aspect-video items-center justify-center\">\n                                            <img decoding=\"async\" class=\"m-0 max-h-full max-w-full rounded-md\" src=\"https:\/\/vieassociative.be\/actualites\/wp-content\/uploads\/2025\/08\/Cette-sonnette-de-porte-video-clignotante-et-le-mini-pack.jpg\" alt=\"All-New Blink Video Doorbell + Mini 2 - Motion &#038; Caring Alertes, visualisation HD et audio bidirectionnel. Core du module de synchronisation inclus - 1 syst\u00e8me de cam\u00e9ra + mini 2 (blanc \/ blanc)\" width=\"auto\" height=\"auto\" loading=\"lazy\">\n                                    <\/div>\n<\/p><\/div>\n<div class=\"order-2 ml-2 hidden w-32 shrink-0 items-center md:order-1 md:ml-0 md:flex\">\n<div class=\"flex aspect-video items-center justify-center\">\n                                            <img decoding=\"async\" class=\"m-0 max-h-full max-w-full rounded-md\" src=\"https:\/\/vieassociative.be\/actualites\/wp-content\/uploads\/2025\/08\/Cette-sonnette-de-porte-video-clignotante-et-le-mini-pack.jpg\" alt=\"All-New Blink Video Doorbell + Mini 2 - Motion &#038; Caring Alertes, visualisation HD et audio bidirectionnel. Core du module de synchronisation inclus - 1 syst\u00e8me de cam\u00e9ra + mini 2 (blanc \/ blanc)\" width=\"auto\" height=\"auto\" loading=\"lazy\">\n                                    <\/div>\n<\/p><\/div>\n<div class=\"order-3 flex grow flex-wrap md:hidden md:grow-0\">\n<div class=\"mt-4 w-full\">\n                        <button class=\"flex justify-center items-center w-full bg-brand-green text-white text-base font-sans font-medium rounded-md hover:bg-brand-green-700 hover:cursor-pointer md:text-sm h-11\"><\/p>\n<p>    Conclure un accord<br \/>\n<\/button>\n                    <\/div>\n<div class=\"mx-2 mt-4 w-full\">\n<div class=\" font-sans leading-4 text-black\">\n<div class=\"flex flex-wrap items-center justify-center gap-1 md:justify-start\">\n        <span class=\"font-bold\"><\/p>\n<p>            59,98 $<br \/>\n                            <span class=\"font-medium\">\u00e0 Amazon<\/span><br \/>\n                    <\/span>\n            <\/div>\n<div class=\"flex items-center justify-center gap-x-1 font-bold md:justify-start\">\n            <span class=\"text-sm line-through\">109,98 $<\/span><br \/>\n            <span class=\"text-sm text-brand-green\">\u00c9conomisez 50,00 $<\/span>\n        <\/div>\n<\/p><\/div>\n<\/p><\/div>\n<\/p><\/div>\n<\/p><\/div>\n<\/div>\n<p>La sonnette vid\u00e9o est l&rsquo;ancre ici, vous donnant les bases que vous attendez &#8211; une vid\u00e9o 1080p, des discussions bidirectionnelles, des alertes de mouvement et la possibilit\u00e9 de v\u00e9rifier qui est \u00e0 la porte, que vous soyez \u00e0 la maison ou \u00e0 l&rsquo;ext\u00e9rieur. Blink comprend son module de synchronisation dans la bo\u00eete, qui acc\u00e9l\u00e8re la configuration et attache la sonnette dans le reste de l&rsquo;\u00e9cosyst\u00e8me des clignotements si vous avez d\u00e9j\u00e0 d&rsquo;autres cam\u00e9ras Blink. Il peut fonctionner c\u00e2bl\u00e9 dans votre sonnette de porte ou sur trois batteries AA (incluses) si vous pr\u00e9f\u00e9rez ne pas faire de fils avec des fils (ce qui est plus simple, mais signifie que vous aurez finalement besoin de remplacements). On estime que ces batteries ont une vie pouvant aller jusqu&rsquo;\u00e0 deux ans, mais votre kilom\u00e9trage peut varier en fonction de l&rsquo;utilisation et des param\u00e8tres.<\/p>\n<p>Le Mini 2 ajoute une couche suppl\u00e9mentaire de couverture \u00e0 l&rsquo;int\u00e9rieur &#8211; bon pour regarder l&rsquo;entr\u00e9e, v\u00e9rifier les animaux de compagnie ou simplement garder un \u0153il sur une salle commune. Et avec un adaptateur r\u00e9sistant aux intemp\u00e9ries (vendu s\u00e9par\u00e9ment), il peut m\u00eame se d\u00e9placer \u00e0 l&rsquo;ext\u00e9rieur, donnant au paquet plus de flexibilit\u00e9 que vous ne vous y attendez \u00e0 ce prix. Les examinateurs ont not\u00e9 ses performances en baisse am\u00e9lior\u00e9es et leurs meilleurs d\u00e9tails dans l&rsquo;ensemble, ce qui en fait un module compl\u00e9mentaire pratique. Cela dit, il faut rester branch\u00e9, ce qui limite le placement. Les deux appareils s&rsquo;appuient sur l&rsquo;application de gestion de Blink et, si vous souhaitez des enregistrements stock\u00e9s, un plan d&rsquo;abonnement. Ce co\u00fbt suppl\u00e9mentaire pourrait \u00eatre un inconv\u00e9nient pour quiconque veut plus que la vue en direct et les notifications.<\/p>\n<hr>\n","protected":false},"excerpt":{"rendered":"<p>Ce pack de d\u00e9marrage de s\u00e9curit\u00e9 \u00e0 domicile DIY est destin\u00e9 \u00e0 tous ceux qui souhaitent une configuration simple. Ventes de la f\u00eate du Travail<\/p>\n","protected":false},"author":1,"featured_media":9658,"comment_status":"","ping_status":"","sticky":false,"template":"","format":"standard","meta":{"footnotes":""},"categories":[13],"tags":[206,5521,1485,1529,7248,3911,81,5520,18,504,1204],"class_list":["post-9657","post","type-post","status-publish","format-standard","has-post-thumbnail","hentry","category-technologie","tag-cette","tag-clignotante","tag-fete","tag-mini","tag-pack","tag-porte","tag-pour","tag-sonnette","tag-sont","tag-travail","tag-video","generate-columns","tablet-grid-50","mobile-grid-100","grid-parent","grid-33"],"yoast_head":"<!-- This site is optimized with the Yoast SEO plugin v24.0 - https:\/\/yoast.com\/wordpress\/plugins\/seo\/ -->\n<title>Cette sonnette de porte vid\u00e9o clignotante et le mini pack 2 sont de 60 $ pour la f\u00eate du Travail | Vie Associative<\/title>\n<meta name=\"robots\" content=\"index, follow, max-snippet:-1, max-image-preview:large, max-video-preview:-1\" \/>\n<link rel=\"canonical\" href=\"https:\/\/vieassociative.be\/actualites\/cette-sonnette-de-porte-video-clignotante-et-le-mini-pack-2-sont-de-60-pour-la-fete-du-travail\/\" \/>\n<meta property=\"og:locale\" content=\"fr_FR\" \/>\n<meta property=\"og:type\" content=\"article\" \/>\n<meta property=\"og:title\" content=\"Cette sonnette de porte vid\u00e9o clignotante et le mini pack 2 sont de 60 $ pour la f\u00eate du Travail | Vie Associative\" \/>\n<meta property=\"og:description\" content=\"Ce pack de d\u00e9marrage de s\u00e9curit\u00e9 \u00e0 domicile DIY est destin\u00e9 \u00e0 tous ceux qui souhaitent une configuration simple. Ventes de la f\u00eate du Travail\" \/>\n<meta property=\"og:url\" content=\"https:\/\/vieassociative.be\/actualites\/cette-sonnette-de-porte-video-clignotante-et-le-mini-pack-2-sont-de-60-pour-la-fete-du-travail\/\" \/>\n<meta property=\"og:site_name\" content=\"Vie Associative\" \/>\n<meta property=\"article:published_time\" content=\"2025-08-27T13:17:31+00:00\" \/>\n<meta property=\"og:image\" content=\"https:\/\/vieassociative.be\/actualites\/wp-content\/uploads\/2025\/08\/Cette-sonnette-de-porte-video-clignotante-et-le-mini-pack.jpg\" \/>\n<meta name=\"author\" content=\"Julien\" \/>\n<meta name=\"twitter:card\" content=\"summary_large_image\" \/>\n<meta name=\"twitter:label1\" content=\"\u00c9crit par\" \/>\n\t<meta name=\"twitter:data1\" content=\"Julien\" \/>\n\t<meta name=\"twitter:label2\" content=\"Dur\u00e9e de lecture est.\" \/>\n\t<meta name=\"twitter:data2\" content=\"2 minutes\" \/>\n<script type=\"application\/ld+json\" class=\"yoast-schema-graph\">{\"@context\":\"https:\/\/schema.org\",\"@graph\":[{\"@type\":\"Article\",\"@id\":\"https:\/\/vieassociative.be\/actualites\/cette-sonnette-de-porte-video-clignotante-et-le-mini-pack-2-sont-de-60-pour-la-fete-du-travail\/#article\",\"isPartOf\":{\"@id\":\"https:\/\/vieassociative.be\/actualites\/cette-sonnette-de-porte-video-clignotante-et-le-mini-pack-2-sont-de-60-pour-la-fete-du-travail\/\"},\"author\":{\"name\":\"Julien\",\"@id\":\"https:\/\/vieassociative.be\/actualites\/#\/schema\/person\/b87ac4f82f9d4e7b7cec7395b679edc4\"},\"headline\":\"Cette sonnette de porte vid\u00e9o clignotante et le mini pack 2 sont de 60 $ pour la f\u00eate du Travail\",\"datePublished\":\"2025-08-27T13:17:31+00:00\",\"dateModified\":\"2025-08-27T13:17:31+00:00\",\"mainEntityOfPage\":{\"@id\":\"https:\/\/vieassociative.be\/actualites\/cette-sonnette-de-porte-video-clignotante-et-le-mini-pack-2-sont-de-60-pour-la-fete-du-travail\/\"},\"wordCount\":503,\"publisher\":{\"@id\":\"https:\/\/vieassociative.be\/actualites\/#organization\"},\"image\":{\"@id\":\"https:\/\/vieassociative.be\/actualites\/cette-sonnette-de-porte-video-clignotante-et-le-mini-pack-2-sont-de-60-pour-la-fete-du-travail\/#primaryimage\"},\"thumbnailUrl\":\"https:\/\/vieassociative.be\/actualites\/wp-content\/uploads\/2025\/08\/Cette-sonnette-de-porte-video-clignotante-et-le-mini-pack.png\",\"keywords\":[\"cette\",\"clignotante\",\"f\u00eate\",\"Mini\",\"pack\",\"porte\",\"pour\",\"sonnette\",\"sont\",\"travail\",\"vid\u00e9o\"],\"articleSection\":[\"Technologie\"],\"inLanguage\":\"fr-BE\"},{\"@type\":\"WebPage\",\"@id\":\"https:\/\/vieassociative.be\/actualites\/cette-sonnette-de-porte-video-clignotante-et-le-mini-pack-2-sont-de-60-pour-la-fete-du-travail\/\",\"url\":\"https:\/\/vieassociative.be\/actualites\/cette-sonnette-de-porte-video-clignotante-et-le-mini-pack-2-sont-de-60-pour-la-fete-du-travail\/\",\"name\":\"Cette sonnette de porte vid\u00e9o clignotante et le mini pack 2 sont de 60 $ pour la f\u00eate du Travail | Vie Associative\",\"isPartOf\":{\"@id\":\"https:\/\/vieassociative.be\/actualites\/#website\"},\"primaryImageOfPage\":{\"@id\":\"https:\/\/vieassociative.be\/actualites\/cette-sonnette-de-porte-video-clignotante-et-le-mini-pack-2-sont-de-60-pour-la-fete-du-travail\/#primaryimage\"},\"image\":{\"@id\":\"https:\/\/vieassociative.be\/actualites\/cette-sonnette-de-porte-video-clignotante-et-le-mini-pack-2-sont-de-60-pour-la-fete-du-travail\/#primaryimage\"},\"thumbnailUrl\":\"https:\/\/vieassociative.be\/actualites\/wp-content\/uploads\/2025\/08\/Cette-sonnette-de-porte-video-clignotante-et-le-mini-pack.png\",\"datePublished\":\"2025-08-27T13:17:31+00:00\",\"dateModified\":\"2025-08-27T13:17:31+00:00\",\"breadcrumb\":{\"@id\":\"https:\/\/vieassociative.be\/actualites\/cette-sonnette-de-porte-video-clignotante-et-le-mini-pack-2-sont-de-60-pour-la-fete-du-travail\/#breadcrumb\"},\"inLanguage\":\"fr-BE\",\"potentialAction\":[{\"@type\":\"ReadAction\",\"target\":[\"https:\/\/vieassociative.be\/actualites\/cette-sonnette-de-porte-video-clignotante-et-le-mini-pack-2-sont-de-60-pour-la-fete-du-travail\/\"]}]},{\"@type\":\"ImageObject\",\"inLanguage\":\"fr-BE\",\"@id\":\"https:\/\/vieassociative.be\/actualites\/cette-sonnette-de-porte-video-clignotante-et-le-mini-pack-2-sont-de-60-pour-la-fete-du-travail\/#primaryimage\",\"url\":\"https:\/\/vieassociative.be\/actualites\/wp-content\/uploads\/2025\/08\/Cette-sonnette-de-porte-video-clignotante-et-le-mini-pack.png\",\"contentUrl\":\"https:\/\/vieassociative.be\/actualites\/wp-content\/uploads\/2025\/08\/Cette-sonnette-de-porte-video-clignotante-et-le-mini-pack.png\",\"width\":1200,\"height\":675,\"caption\":\"Cette sonnette de porte vid\u00e9o clignotante et le mini pack 2 sont de 60 $ pour la f\u00eate du Travail\"},{\"@type\":\"BreadcrumbList\",\"@id\":\"https:\/\/vieassociative.be\/actualites\/cette-sonnette-de-porte-video-clignotante-et-le-mini-pack-2-sont-de-60-pour-la-fete-du-travail\/#breadcrumb\",\"itemListElement\":[{\"@type\":\"ListItem\",\"position\":1,\"name\":\"Accueil\",\"item\":\"https:\/\/vieassociative.be\/actualites\/\"},{\"@type\":\"ListItem\",\"position\":2,\"name\":\"Cette sonnette de porte vid\u00e9o clignotante et le mini pack 2 sont de 60 $ pour la f\u00eate du Travail\"}]},{\"@type\":\"WebSite\",\"@id\":\"https:\/\/vieassociative.be\/actualites\/#website\",\"url\":\"https:\/\/vieassociative.be\/actualites\/\",\"name\":\"Vie Associative\",\"description\":\"\",\"publisher\":{\"@id\":\"https:\/\/vieassociative.be\/actualites\/#organization\"},\"potentialAction\":[{\"@type\":\"SearchAction\",\"target\":{\"@type\":\"EntryPoint\",\"urlTemplate\":\"https:\/\/vieassociative.be\/actualites\/?s={search_term_string}\"},\"query-input\":{\"@type\":\"PropertyValueSpecification\",\"valueRequired\":true,\"valueName\":\"search_term_string\"}}],\"inLanguage\":\"fr-BE\"},{\"@type\":\"Organization\",\"@id\":\"https:\/\/vieassociative.be\/actualites\/#organization\",\"name\":\"Vie Associative\",\"url\":\"https:\/\/vieassociative.be\/actualites\/\",\"logo\":{\"@type\":\"ImageObject\",\"inLanguage\":\"fr-BE\",\"@id\":\"https:\/\/vieassociative.be\/actualites\/#\/schema\/logo\/image\/\",\"url\":\"https:\/\/vieassociative.be\/actualites\/wp-content\/uploads\/2024\/09\/cropped-vieassociative_favicon.ico.png\",\"contentUrl\":\"https:\/\/vieassociative.be\/actualites\/wp-content\/uploads\/2024\/09\/cropped-vieassociative_favicon.ico.png\",\"width\":512,\"height\":512,\"caption\":\"Vie Associative\"},\"image\":{\"@id\":\"https:\/\/vieassociative.be\/actualites\/#\/schema\/logo\/image\/\"}},{\"@type\":\"Person\",\"@id\":\"https:\/\/vieassociative.be\/actualites\/#\/schema\/person\/b87ac4f82f9d4e7b7cec7395b679edc4\",\"name\":\"Julien\",\"image\":{\"@type\":\"ImageObject\",\"inLanguage\":\"fr-BE\",\"@id\":\"https:\/\/vieassociative.be\/actualites\/#\/schema\/person\/image\/\",\"url\":\"https:\/\/vieassociative.be\/actualites\/wp-content\/uploads\/2024\/09\/vie-associative-1-150x150.jpg\",\"contentUrl\":\"https:\/\/vieassociative.be\/actualites\/wp-content\/uploads\/2024\/09\/vie-associative-1-150x150.jpg\",\"caption\":\"Julien\"},\"description\":\"Je suis Julien, r\u00e9dacteur pour Vie Associative. Passionn\u00e9 par le monde associatif depuis plus de 10 ans, j'ai \u00e0 c\u0153ur de partager des histoires inspirantes et de mettre en lumi\u00e8re les initiatives locales. Mon objectif est de sensibiliser et d'encourager l'engagement communautaire \u00e0 travers mes articles.\",\"sameAs\":[\"https:\/\/vieassociative.be\/\"]}]}<\/script>\n<!-- \/ Yoast SEO plugin. -->","yoast_head_json":{"title":"Cette sonnette de porte vid\u00e9o clignotante et le mini pack 2 sont de 60 $ pour la f\u00eate du Travail | Vie Associative","robots":{"index":"index","follow":"follow","max-snippet":"max-snippet:-1","max-image-preview":"max-image-preview:large","max-video-preview":"max-video-preview:-1"},"canonical":"https:\/\/vieassociative.be\/actualites\/cette-sonnette-de-porte-video-clignotante-et-le-mini-pack-2-sont-de-60-pour-la-fete-du-travail\/","og_locale":"fr_FR","og_type":"article","og_title":"Cette sonnette de porte vid\u00e9o clignotante et le mini pack 2 sont de 60 $ pour la f\u00eate du Travail | Vie Associative","og_description":"Ce pack de d\u00e9marrage de s\u00e9curit\u00e9 \u00e0 domicile DIY est destin\u00e9 \u00e0 tous ceux qui souhaitent une configuration simple. Ventes de la f\u00eate du Travail","og_url":"https:\/\/vieassociative.be\/actualites\/cette-sonnette-de-porte-video-clignotante-et-le-mini-pack-2-sont-de-60-pour-la-fete-du-travail\/","og_site_name":"Vie Associative","article_published_time":"2025-08-27T13:17:31+00:00","og_image":[{"url":"https:\/\/vieassociative.be\/actualites\/wp-content\/uploads\/2025\/08\/Cette-sonnette-de-porte-video-clignotante-et-le-mini-pack.jpg","type":"","width":"","height":""}],"author":"Julien","twitter_card":"summary_large_image","twitter_misc":{"\u00c9crit par":"Julien","Dur\u00e9e de lecture est.":"2 minutes"},"schema":{"@context":"https:\/\/schema.org","@graph":[{"@type":"Article","@id":"https:\/\/vieassociative.be\/actualites\/cette-sonnette-de-porte-video-clignotante-et-le-mini-pack-2-sont-de-60-pour-la-fete-du-travail\/#article","isPartOf":{"@id":"https:\/\/vieassociative.be\/actualites\/cette-sonnette-de-porte-video-clignotante-et-le-mini-pack-2-sont-de-60-pour-la-fete-du-travail\/"},"author":{"name":"Julien","@id":"https:\/\/vieassociative.be\/actualites\/#\/schema\/person\/b87ac4f82f9d4e7b7cec7395b679edc4"},"headline":"Cette sonnette de porte vid\u00e9o clignotante et le mini pack 2 sont de 60 $ pour la f\u00eate du Travail","datePublished":"2025-08-27T13:17:31+00:00","dateModified":"2025-08-27T13:17:31+00:00","mainEntityOfPage":{"@id":"https:\/\/vieassociative.be\/actualites\/cette-sonnette-de-porte-video-clignotante-et-le-mini-pack-2-sont-de-60-pour-la-fete-du-travail\/"},"wordCount":503,"publisher":{"@id":"https:\/\/vieassociative.be\/actualites\/#organization"},"image":{"@id":"https:\/\/vieassociative.be\/actualites\/cette-sonnette-de-porte-video-clignotante-et-le-mini-pack-2-sont-de-60-pour-la-fete-du-travail\/#primaryimage"},"thumbnailUrl":"https:\/\/vieassociative.be\/actualites\/wp-content\/uploads\/2025\/08\/Cette-sonnette-de-porte-video-clignotante-et-le-mini-pack.png","keywords":["cette","clignotante","f\u00eate","Mini","pack","porte","pour","sonnette","sont","travail","vid\u00e9o"],"articleSection":["Technologie"],"inLanguage":"fr-BE"},{"@type":"WebPage","@id":"https:\/\/vieassociative.be\/actualites\/cette-sonnette-de-porte-video-clignotante-et-le-mini-pack-2-sont-de-60-pour-la-fete-du-travail\/","url":"https:\/\/vieassociative.be\/actualites\/cette-sonnette-de-porte-video-clignotante-et-le-mini-pack-2-sont-de-60-pour-la-fete-du-travail\/","name":"Cette sonnette de porte vid\u00e9o clignotante et le mini pack 2 sont de 60 $ pour la f\u00eate du Travail | Vie Associative","isPartOf":{"@id":"https:\/\/vieassociative.be\/actualites\/#website"},"primaryImageOfPage":{"@id":"https:\/\/vieassociative.be\/actualites\/cette-sonnette-de-porte-video-clignotante-et-le-mini-pack-2-sont-de-60-pour-la-fete-du-travail\/#primaryimage"},"image":{"@id":"https:\/\/vieassociative.be\/actualites\/cette-sonnette-de-porte-video-clignotante-et-le-mini-pack-2-sont-de-60-pour-la-fete-du-travail\/#primaryimage"},"thumbnailUrl":"https:\/\/vieassociative.be\/actualites\/wp-content\/uploads\/2025\/08\/Cette-sonnette-de-porte-video-clignotante-et-le-mini-pack.png","datePublished":"2025-08-27T13:17:31+00:00","dateModified":"2025-08-27T13:17:31+00:00","breadcrumb":{"@id":"https:\/\/vieassociative.be\/actualites\/cette-sonnette-de-porte-video-clignotante-et-le-mini-pack-2-sont-de-60-pour-la-fete-du-travail\/#breadcrumb"},"inLanguage":"fr-BE","potentialAction":[{"@type":"ReadAction","target":["https:\/\/vieassociative.be\/actualites\/cette-sonnette-de-porte-video-clignotante-et-le-mini-pack-2-sont-de-60-pour-la-fete-du-travail\/"]}]},{"@type":"ImageObject","inLanguage":"fr-BE","@id":"https:\/\/vieassociative.be\/actualites\/cette-sonnette-de-porte-video-clignotante-et-le-mini-pack-2-sont-de-60-pour-la-fete-du-travail\/#primaryimage","url":"https:\/\/vieassociative.be\/actualites\/wp-content\/uploads\/2025\/08\/Cette-sonnette-de-porte-video-clignotante-et-le-mini-pack.png","contentUrl":"https:\/\/vieassociative.be\/actualites\/wp-content\/uploads\/2025\/08\/Cette-sonnette-de-porte-video-clignotante-et-le-mini-pack.png","width":1200,"height":675,"caption":"Cette sonnette de porte vid\u00e9o clignotante et le mini pack 2 sont de 60 $ pour la f\u00eate du Travail"},{"@type":"BreadcrumbList","@id":"https:\/\/vieassociative.be\/actualites\/cette-sonnette-de-porte-video-clignotante-et-le-mini-pack-2-sont-de-60-pour-la-fete-du-travail\/#breadcrumb","itemListElement":[{"@type":"ListItem","position":1,"name":"Accueil","item":"https:\/\/vieassociative.be\/actualites\/"},{"@type":"ListItem","position":2,"name":"Cette sonnette de porte vid\u00e9o clignotante et le mini pack 2 sont de 60 $ pour la f\u00eate du Travail"}]},{"@type":"WebSite","@id":"https:\/\/vieassociative.be\/actualites\/#website","url":"https:\/\/vieassociative.be\/actualites\/","name":"Vie Associative","description":"","publisher":{"@id":"https:\/\/vieassociative.be\/actualites\/#organization"},"potentialAction":[{"@type":"SearchAction","target":{"@type":"EntryPoint","urlTemplate":"https:\/\/vieassociative.be\/actualites\/?s={search_term_string}"},"query-input":{"@type":"PropertyValueSpecification","valueRequired":true,"valueName":"search_term_string"}}],"inLanguage":"fr-BE"},{"@type":"Organization","@id":"https:\/\/vieassociative.be\/actualites\/#organization","name":"Vie Associative","url":"https:\/\/vieassociative.be\/actualites\/","logo":{"@type":"ImageObject","inLanguage":"fr-BE","@id":"https:\/\/vieassociative.be\/actualites\/#\/schema\/logo\/image\/","url":"https:\/\/vieassociative.be\/actualites\/wp-content\/uploads\/2024\/09\/cropped-vieassociative_favicon.ico.png","contentUrl":"https:\/\/vieassociative.be\/actualites\/wp-content\/uploads\/2024\/09\/cropped-vieassociative_favicon.ico.png","width":512,"height":512,"caption":"Vie Associative"},"image":{"@id":"https:\/\/vieassociative.be\/actualites\/#\/schema\/logo\/image\/"}},{"@type":"Person","@id":"https:\/\/vieassociative.be\/actualites\/#\/schema\/person\/b87ac4f82f9d4e7b7cec7395b679edc4","name":"Julien","image":{"@type":"ImageObject","inLanguage":"fr-BE","@id":"https:\/\/vieassociative.be\/actualites\/#\/schema\/person\/image\/","url":"https:\/\/vieassociative.be\/actualites\/wp-content\/uploads\/2024\/09\/vie-associative-1-150x150.jpg","contentUrl":"https:\/\/vieassociative.be\/actualites\/wp-content\/uploads\/2024\/09\/vie-associative-1-150x150.jpg","caption":"Julien"},"description":"Je suis Julien, r\u00e9dacteur pour Vie Associative. Passionn\u00e9 par le monde associatif depuis plus de 10 ans, j'ai \u00e0 c\u0153ur de partager des histoires inspirantes et de mettre en lumi\u00e8re les initiatives locales. Mon objectif est de sensibiliser et d'encourager l'engagement communautaire \u00e0 travers mes articles.","sameAs":["https:\/\/vieassociative.be\/"]}]}},"_links":{"self":[{"href":"https:\/\/vieassociative.be\/actualites\/wp-json\/wp\/v2\/posts\/9657"}],"collection":[{"href":"https:\/\/vieassociative.be\/actualites\/wp-json\/wp\/v2\/posts"}],"about":[{"href":"https:\/\/vieassociative.be\/actualites\/wp-json\/wp\/v2\/types\/post"}],"author":[{"embeddable":true,"href":"https:\/\/vieassociative.be\/actualites\/wp-json\/wp\/v2\/users\/1"}],"replies":[{"embeddable":true,"href":"https:\/\/vieassociative.be\/actualites\/wp-json\/wp\/v2\/comments?post=9657"}],"version-history":[{"count":0,"href":"https:\/\/vieassociative.be\/actualites\/wp-json\/wp\/v2\/posts\/9657\/revisions"}],"wp:featuredmedia":[{"embeddable":true,"href":"https:\/\/vieassociative.be\/actualites\/wp-json\/wp\/v2\/media\/9658"}],"wp:attachment":[{"href":"https:\/\/vieassociative.be\/actualites\/wp-json\/wp\/v2\/media?parent=9657"}],"wp:term":[{"taxonomy":"category","embeddable":true,"href":"https:\/\/vieassociative.be\/actualites\/wp-json\/wp\/v2\/categories?post=9657"},{"taxonomy":"post_tag","embeddable":true,"href":"https:\/\/vieassociative.be\/actualites\/wp-json\/wp\/v2\/tags?post=9657"}],"curies":[{"name":"wp","href":"https:\/\/api.w.org\/{rel}","templated":true}]}}