{"id":9644,"date":"2025-08-26T22:17:18","date_gmt":"2025-08-26T20:17:18","guid":{"rendered":"https:\/\/vieassociative.be\/actualites\/equipe-de-la-ville-daix-un-avec-une-voiture-suns-au-world-solar-challenge-a-travers-laustralie\/"},"modified":"2025-08-26T22:17:18","modified_gmt":"2025-08-26T20:17:18","slug":"equipe-de-la-ville-daix-un-avec-une-voiture-suns-au-world-solar-challenge-a-travers-laustralie","status":"publish","type":"post","link":"https:\/\/vieassociative.be\/actualites\/equipe-de-la-ville-daix-un-avec-une-voiture-suns-au-world-solar-challenge-a-travers-laustralie\/","title":{"rendered":"\u00c9quipe de la ville d&rsquo;Aix-un avec une voiture Sun&rsquo;s au World Solar Challenge \u00e0 travers l&rsquo;Australie"},"content":{"rendered":"<p><strong>Le pays d&rsquo;Australie est \u00e9norme. Une course extraordinaire m\u00e8ne \u00e0 travers ce grand pays: The World Solar Challenge, une course de voitures solaires. Une \u00e9quipe de la ville d&rsquo;Aix-un est l\u00e0.<\/strong><\/p>\n<p><span id=\"more-423189\"><\/span>Une course de voitures solaires \u00e0 travers l&rsquo;Australie a commenc\u00e9 avec une voiture d&rsquo;Aix-un. Le World Solar Challenge a commenc\u00e9 dans la ville de Darwin australienne du Nord, comme les ont indiqu\u00e9 les organisateurs. L&rsquo;\u00e9quipe d&rsquo;Aix-de-Chapeau avait atteint le temps de tour le plus rapide en ce qui concerne le contre-la-montre et a donc \u00e9t\u00e9 autoris\u00e9 \u00e0 commencer au sommet. L&rsquo;objectif est la noblesse \u00e0 3 000 kilom\u00e8tres dans le sud du continent.<\/p>\n<p>Des \u00e9quipes du monde entier participent \u00e0 des v\u00e9hicules \u00e9lectriques \u00e9conomes en \u00e9nergie, qu&rsquo;ils ont con\u00e7us et construits dans la course qui a eu lieu depuis 1987. Cette ann\u00e9e, il y a 34 \u00e9quipes &#8211; selon les organisateurs, il s&rsquo;agit g\u00e9n\u00e9ralement d&rsquo;\u00e9tudiants et d&rsquo;\u00e9tudiants.<\/p>\n<p>Au d\u00e9but de l&rsquo;\u00e9quipe d&rsquo;Aix-un, des \u00e9quipes des Pays-Bas se tenaient en deuxi\u00e8me et troisi\u00e8me place. Le conducteur d&rsquo;Aix-un Moritz Mitzel conduit la cinqui\u00e8me version d\u00e9j\u00e0 de la voiture Sun. Il y a 1,5 ans de d\u00e9veloppement intensif et cinq mois de production, comme l&rsquo;a \u00e9crit l&rsquo;\u00e9quipe sur Instagram. (DPA)<\/p>\n<div id=\"attachment_423194\" class=\"wp-caption alignleft\" style=\"max-width: 300px\"><img fetchpriority=\"high\" decoding=\"async\" class=\"wp-image-423194 size-medium\" src=\"https:\/\/vieassociative.be\/actualites\/wp-content\/uploads\/2025\/08\/Equipe-de-la-ville-dAix-un-avec-une-voiture-Suns-au.jpg\" alt=\"\" width=\"300\" height=\"200\"><\/div>\n","protected":false},"excerpt":{"rendered":"<p>Le pays d&rsquo;Australie est \u00e9norme. Une course extraordinaire m\u00e8ne \u00e0 travers ce grand pays: The World Solar Challenge, une course de voitures solaires. Une \u00e9quipe<\/p>\n","protected":false},"author":1,"featured_media":9645,"comment_status":"","ping_status":"","sticky":false,"template":"","format":"standard","meta":{"footnotes":""},"categories":[298],"tags":[61,310,8315,3875,8318,8317,8316,838,110,684,1229,576],"class_list":["post-9644","post","type-post","status-publish","format-standard","has-post-thumbnail","hentry","category-belgique","tag-avec","tag-challenge","tag-daixun","tag-equipe","tag-laustralie","tag-solar","tag-suns","tag-travers","tag-une","tag-ville","tag-voiture","tag-world","generate-columns","tablet-grid-50","mobile-grid-100","grid-parent","grid-33"],"yoast_head":"<!-- This site is optimized with the Yoast SEO plugin v24.0 - https:\/\/yoast.com\/wordpress\/plugins\/seo\/ -->\n<title>\u00c9quipe de la ville d&#039;Aix-un avec une voiture Sun&#039;s au World Solar Challenge \u00e0 travers l&#039;Australie | Vie Associative<\/title>\n<meta name=\"robots\" content=\"index, follow, max-snippet:-1, max-image-preview:large, max-video-preview:-1\" \/>\n<link rel=\"canonical\" href=\"https:\/\/vieassociative.be\/actualites\/equipe-de-la-ville-daix-un-avec-une-voiture-suns-au-world-solar-challenge-a-travers-laustralie\/\" \/>\n<meta property=\"og:locale\" content=\"fr_FR\" \/>\n<meta property=\"og:type\" content=\"article\" \/>\n<meta property=\"og:title\" content=\"\u00c9quipe de la ville d&#039;Aix-un avec une voiture Sun&#039;s au World Solar Challenge \u00e0 travers l&#039;Australie | Vie Associative\" \/>\n<meta property=\"og:description\" content=\"Le pays d&rsquo;Australie est \u00e9norme. Une course extraordinaire m\u00e8ne \u00e0 travers ce grand pays: The World Solar Challenge, une course de voitures solaires. Une \u00e9quipe\" \/>\n<meta property=\"og:url\" content=\"https:\/\/vieassociative.be\/actualites\/equipe-de-la-ville-daix-un-avec-une-voiture-suns-au-world-solar-challenge-a-travers-laustralie\/\" \/>\n<meta property=\"og:site_name\" content=\"Vie Associative\" \/>\n<meta property=\"article:published_time\" content=\"2025-08-26T20:17:18+00:00\" \/>\n<meta property=\"og:image\" content=\"https:\/\/vieassociative.be\/actualites\/wp-content\/uploads\/2024\/09\/header_backgroundk-01-e1726694325946.png\" \/>\n\t<meta property=\"og:image:width\" content=\"279\" \/>\n\t<meta property=\"og:image:height\" content=\"92\" \/>\n\t<meta property=\"og:image:type\" content=\"image\/png\" \/>\n<meta name=\"author\" content=\"Julien\" \/>\n<meta name=\"twitter:card\" content=\"summary_large_image\" \/>\n<meta name=\"twitter:label1\" content=\"\u00c9crit par\" \/>\n\t<meta name=\"twitter:data1\" content=\"Julien\" \/>\n\t<meta name=\"twitter:label2\" content=\"Dur\u00e9e de lecture est.\" \/>\n\t<meta name=\"twitter:data2\" content=\"1 minute\" \/>\n<script type=\"application\/ld+json\" class=\"yoast-schema-graph\">{\"@context\":\"https:\/\/schema.org\",\"@graph\":[{\"@type\":\"Article\",\"@id\":\"https:\/\/vieassociative.be\/actualites\/equipe-de-la-ville-daix-un-avec-une-voiture-suns-au-world-solar-challenge-a-travers-laustralie\/#article\",\"isPartOf\":{\"@id\":\"https:\/\/vieassociative.be\/actualites\/equipe-de-la-ville-daix-un-avec-une-voiture-suns-au-world-solar-challenge-a-travers-laustralie\/\"},\"author\":{\"name\":\"Julien\",\"@id\":\"https:\/\/vieassociative.be\/actualites\/#\/schema\/person\/b87ac4f82f9d4e7b7cec7395b679edc4\"},\"headline\":\"\u00c9quipe de la ville d&rsquo;Aix-un avec une voiture Sun&rsquo;s au World Solar Challenge \u00e0 travers l&rsquo;Australie\",\"datePublished\":\"2025-08-26T20:17:18+00:00\",\"dateModified\":\"2025-08-26T20:17:18+00:00\",\"mainEntityOfPage\":{\"@id\":\"https:\/\/vieassociative.be\/actualites\/equipe-de-la-ville-daix-un-avec-une-voiture-suns-au-world-solar-challenge-a-travers-laustralie\/\"},\"wordCount\":235,\"publisher\":{\"@id\":\"https:\/\/vieassociative.be\/actualites\/#organization\"},\"image\":{\"@id\":\"https:\/\/vieassociative.be\/actualites\/equipe-de-la-ville-daix-un-avec-une-voiture-suns-au-world-solar-challenge-a-travers-laustralie\/#primaryimage\"},\"thumbnailUrl\":\"https:\/\/vieassociative.be\/actualites\/wp-content\/uploads\/2025\/08\/1756239438_Equipe-de-la-ville-dAix-un-avec-une-voiture-Suns-au.jpg\",\"keywords\":[\"avec\",\"Challenge\",\"dAixun\",\"\u00e9quipe\",\"lAustralie\",\"Solar\",\"Suns\",\"travers\",\"une\",\"ville\",\"voiture\",\"World\"],\"articleSection\":[\"Belgique\"],\"inLanguage\":\"fr-BE\"},{\"@type\":\"WebPage\",\"@id\":\"https:\/\/vieassociative.be\/actualites\/equipe-de-la-ville-daix-un-avec-une-voiture-suns-au-world-solar-challenge-a-travers-laustralie\/\",\"url\":\"https:\/\/vieassociative.be\/actualites\/equipe-de-la-ville-daix-un-avec-une-voiture-suns-au-world-solar-challenge-a-travers-laustralie\/\",\"name\":\"\u00c9quipe de la ville d'Aix-un avec une voiture Sun's au World Solar Challenge \u00e0 travers l'Australie | Vie Associative\",\"isPartOf\":{\"@id\":\"https:\/\/vieassociative.be\/actualites\/#website\"},\"primaryImageOfPage\":{\"@id\":\"https:\/\/vieassociative.be\/actualites\/equipe-de-la-ville-daix-un-avec-une-voiture-suns-au-world-solar-challenge-a-travers-laustralie\/#primaryimage\"},\"image\":{\"@id\":\"https:\/\/vieassociative.be\/actualites\/equipe-de-la-ville-daix-un-avec-une-voiture-suns-au-world-solar-challenge-a-travers-laustralie\/#primaryimage\"},\"thumbnailUrl\":\"https:\/\/vieassociative.be\/actualites\/wp-content\/uploads\/2025\/08\/1756239438_Equipe-de-la-ville-dAix-un-avec-une-voiture-Suns-au.jpg\",\"datePublished\":\"2025-08-26T20:17:18+00:00\",\"dateModified\":\"2025-08-26T20:17:18+00:00\",\"breadcrumb\":{\"@id\":\"https:\/\/vieassociative.be\/actualites\/equipe-de-la-ville-daix-un-avec-une-voiture-suns-au-world-solar-challenge-a-travers-laustralie\/#breadcrumb\"},\"inLanguage\":\"fr-BE\",\"potentialAction\":[{\"@type\":\"ReadAction\",\"target\":[\"https:\/\/vieassociative.be\/actualites\/equipe-de-la-ville-daix-un-avec-une-voiture-suns-au-world-solar-challenge-a-travers-laustralie\/\"]}]},{\"@type\":\"ImageObject\",\"inLanguage\":\"fr-BE\",\"@id\":\"https:\/\/vieassociative.be\/actualites\/equipe-de-la-ville-daix-un-avec-une-voiture-suns-au-world-solar-challenge-a-travers-laustralie\/#primaryimage\",\"url\":\"https:\/\/vieassociative.be\/actualites\/wp-content\/uploads\/2025\/08\/1756239438_Equipe-de-la-ville-dAix-un-avec-une-voiture-Suns-au.jpg\",\"contentUrl\":\"https:\/\/vieassociative.be\/actualites\/wp-content\/uploads\/2025\/08\/1756239438_Equipe-de-la-ville-dAix-un-avec-une-voiture-Suns-au.jpg\",\"width\":1200,\"height\":900,\"caption\":\"\u00c9quipe de la ville d'Aix-un avec une voiture Sun's au World Solar Challenge \u00e0 travers l'Australie\"},{\"@type\":\"BreadcrumbList\",\"@id\":\"https:\/\/vieassociative.be\/actualites\/equipe-de-la-ville-daix-un-avec-une-voiture-suns-au-world-solar-challenge-a-travers-laustralie\/#breadcrumb\",\"itemListElement\":[{\"@type\":\"ListItem\",\"position\":1,\"name\":\"Accueil\",\"item\":\"https:\/\/vieassociative.be\/actualites\/\"},{\"@type\":\"ListItem\",\"position\":2,\"name\":\"\u00c9quipe de la ville d&rsquo;Aix-un avec une voiture Sun&rsquo;s au World Solar Challenge \u00e0 travers l&rsquo;Australie\"}]},{\"@type\":\"WebSite\",\"@id\":\"https:\/\/vieassociative.be\/actualites\/#website\",\"url\":\"https:\/\/vieassociative.be\/actualites\/\",\"name\":\"Vie Associative\",\"description\":\"\",\"publisher\":{\"@id\":\"https:\/\/vieassociative.be\/actualites\/#organization\"},\"potentialAction\":[{\"@type\":\"SearchAction\",\"target\":{\"@type\":\"EntryPoint\",\"urlTemplate\":\"https:\/\/vieassociative.be\/actualites\/?s={search_term_string}\"},\"query-input\":{\"@type\":\"PropertyValueSpecification\",\"valueRequired\":true,\"valueName\":\"search_term_string\"}}],\"inLanguage\":\"fr-BE\"},{\"@type\":\"Organization\",\"@id\":\"https:\/\/vieassociative.be\/actualites\/#organization\",\"name\":\"Vie Associative\",\"url\":\"https:\/\/vieassociative.be\/actualites\/\",\"logo\":{\"@type\":\"ImageObject\",\"inLanguage\":\"fr-BE\",\"@id\":\"https:\/\/vieassociative.be\/actualites\/#\/schema\/logo\/image\/\",\"url\":\"https:\/\/vieassociative.be\/actualites\/wp-content\/uploads\/2024\/09\/cropped-vieassociative_favicon.ico.png\",\"contentUrl\":\"https:\/\/vieassociative.be\/actualites\/wp-content\/uploads\/2024\/09\/cropped-vieassociative_favicon.ico.png\",\"width\":512,\"height\":512,\"caption\":\"Vie Associative\"},\"image\":{\"@id\":\"https:\/\/vieassociative.be\/actualites\/#\/schema\/logo\/image\/\"}},{\"@type\":\"Person\",\"@id\":\"https:\/\/vieassociative.be\/actualites\/#\/schema\/person\/b87ac4f82f9d4e7b7cec7395b679edc4\",\"name\":\"Julien\",\"image\":{\"@type\":\"ImageObject\",\"inLanguage\":\"fr-BE\",\"@id\":\"https:\/\/vieassociative.be\/actualites\/#\/schema\/person\/image\/\",\"url\":\"https:\/\/vieassociative.be\/actualites\/wp-content\/uploads\/2024\/09\/vie-associative-1-150x150.jpg\",\"contentUrl\":\"https:\/\/vieassociative.be\/actualites\/wp-content\/uploads\/2024\/09\/vie-associative-1-150x150.jpg\",\"caption\":\"Julien\"},\"description\":\"Je suis Julien, r\u00e9dacteur pour Vie Associative. Passionn\u00e9 par le monde associatif depuis plus de 10 ans, j'ai \u00e0 c\u0153ur de partager des histoires inspirantes et de mettre en lumi\u00e8re les initiatives locales. Mon objectif est de sensibiliser et d'encourager l'engagement communautaire \u00e0 travers mes articles.\",\"sameAs\":[\"https:\/\/vieassociative.be\/\"]}]}<\/script>\n<!-- \/ Yoast SEO plugin. -->","yoast_head_json":{"title":"\u00c9quipe de la ville d'Aix-un avec une voiture Sun's au World Solar Challenge \u00e0 travers l'Australie | Vie Associative","robots":{"index":"index","follow":"follow","max-snippet":"max-snippet:-1","max-image-preview":"max-image-preview:large","max-video-preview":"max-video-preview:-1"},"canonical":"https:\/\/vieassociative.be\/actualites\/equipe-de-la-ville-daix-un-avec-une-voiture-suns-au-world-solar-challenge-a-travers-laustralie\/","og_locale":"fr_FR","og_type":"article","og_title":"\u00c9quipe de la ville d'Aix-un avec une voiture Sun's au World Solar Challenge \u00e0 travers l'Australie | Vie Associative","og_description":"Le pays d&rsquo;Australie est \u00e9norme. Une course extraordinaire m\u00e8ne \u00e0 travers ce grand pays: The World Solar Challenge, une course de voitures solaires. Une \u00e9quipe","og_url":"https:\/\/vieassociative.be\/actualites\/equipe-de-la-ville-daix-un-avec-une-voiture-suns-au-world-solar-challenge-a-travers-laustralie\/","og_site_name":"Vie Associative","article_published_time":"2025-08-26T20:17:18+00:00","og_image":[{"width":279,"height":92,"url":"https:\/\/vieassociative.be\/actualites\/wp-content\/uploads\/2024\/09\/header_backgroundk-01-e1726694325946.png","type":"image\/png"}],"author":"Julien","twitter_card":"summary_large_image","twitter_misc":{"\u00c9crit par":"Julien","Dur\u00e9e de lecture est.":"1 minute"},"schema":{"@context":"https:\/\/schema.org","@graph":[{"@type":"Article","@id":"https:\/\/vieassociative.be\/actualites\/equipe-de-la-ville-daix-un-avec-une-voiture-suns-au-world-solar-challenge-a-travers-laustralie\/#article","isPartOf":{"@id":"https:\/\/vieassociative.be\/actualites\/equipe-de-la-ville-daix-un-avec-une-voiture-suns-au-world-solar-challenge-a-travers-laustralie\/"},"author":{"name":"Julien","@id":"https:\/\/vieassociative.be\/actualites\/#\/schema\/person\/b87ac4f82f9d4e7b7cec7395b679edc4"},"headline":"\u00c9quipe de la ville d&rsquo;Aix-un avec une voiture Sun&rsquo;s au World Solar Challenge \u00e0 travers l&rsquo;Australie","datePublished":"2025-08-26T20:17:18+00:00","dateModified":"2025-08-26T20:17:18+00:00","mainEntityOfPage":{"@id":"https:\/\/vieassociative.be\/actualites\/equipe-de-la-ville-daix-un-avec-une-voiture-suns-au-world-solar-challenge-a-travers-laustralie\/"},"wordCount":235,"publisher":{"@id":"https:\/\/vieassociative.be\/actualites\/#organization"},"image":{"@id":"https:\/\/vieassociative.be\/actualites\/equipe-de-la-ville-daix-un-avec-une-voiture-suns-au-world-solar-challenge-a-travers-laustralie\/#primaryimage"},"thumbnailUrl":"https:\/\/vieassociative.be\/actualites\/wp-content\/uploads\/2025\/08\/1756239438_Equipe-de-la-ville-dAix-un-avec-une-voiture-Suns-au.jpg","keywords":["avec","Challenge","dAixun","\u00e9quipe","lAustralie","Solar","Suns","travers","une","ville","voiture","World"],"articleSection":["Belgique"],"inLanguage":"fr-BE"},{"@type":"WebPage","@id":"https:\/\/vieassociative.be\/actualites\/equipe-de-la-ville-daix-un-avec-une-voiture-suns-au-world-solar-challenge-a-travers-laustralie\/","url":"https:\/\/vieassociative.be\/actualites\/equipe-de-la-ville-daix-un-avec-une-voiture-suns-au-world-solar-challenge-a-travers-laustralie\/","name":"\u00c9quipe de la ville d'Aix-un avec une voiture Sun's au World Solar Challenge \u00e0 travers l'Australie | Vie Associative","isPartOf":{"@id":"https:\/\/vieassociative.be\/actualites\/#website"},"primaryImageOfPage":{"@id":"https:\/\/vieassociative.be\/actualites\/equipe-de-la-ville-daix-un-avec-une-voiture-suns-au-world-solar-challenge-a-travers-laustralie\/#primaryimage"},"image":{"@id":"https:\/\/vieassociative.be\/actualites\/equipe-de-la-ville-daix-un-avec-une-voiture-suns-au-world-solar-challenge-a-travers-laustralie\/#primaryimage"},"thumbnailUrl":"https:\/\/vieassociative.be\/actualites\/wp-content\/uploads\/2025\/08\/1756239438_Equipe-de-la-ville-dAix-un-avec-une-voiture-Suns-au.jpg","datePublished":"2025-08-26T20:17:18+00:00","dateModified":"2025-08-26T20:17:18+00:00","breadcrumb":{"@id":"https:\/\/vieassociative.be\/actualites\/equipe-de-la-ville-daix-un-avec-une-voiture-suns-au-world-solar-challenge-a-travers-laustralie\/#breadcrumb"},"inLanguage":"fr-BE","potentialAction":[{"@type":"ReadAction","target":["https:\/\/vieassociative.be\/actualites\/equipe-de-la-ville-daix-un-avec-une-voiture-suns-au-world-solar-challenge-a-travers-laustralie\/"]}]},{"@type":"ImageObject","inLanguage":"fr-BE","@id":"https:\/\/vieassociative.be\/actualites\/equipe-de-la-ville-daix-un-avec-une-voiture-suns-au-world-solar-challenge-a-travers-laustralie\/#primaryimage","url":"https:\/\/vieassociative.be\/actualites\/wp-content\/uploads\/2025\/08\/1756239438_Equipe-de-la-ville-dAix-un-avec-une-voiture-Suns-au.jpg","contentUrl":"https:\/\/vieassociative.be\/actualites\/wp-content\/uploads\/2025\/08\/1756239438_Equipe-de-la-ville-dAix-un-avec-une-voiture-Suns-au.jpg","width":1200,"height":900,"caption":"\u00c9quipe de la ville d'Aix-un avec une voiture Sun's au World Solar Challenge \u00e0 travers l'Australie"},{"@type":"BreadcrumbList","@id":"https:\/\/vieassociative.be\/actualites\/equipe-de-la-ville-daix-un-avec-une-voiture-suns-au-world-solar-challenge-a-travers-laustralie\/#breadcrumb","itemListElement":[{"@type":"ListItem","position":1,"name":"Accueil","item":"https:\/\/vieassociative.be\/actualites\/"},{"@type":"ListItem","position":2,"name":"\u00c9quipe de la ville d&rsquo;Aix-un avec une voiture Sun&rsquo;s au World Solar Challenge \u00e0 travers l&rsquo;Australie"}]},{"@type":"WebSite","@id":"https:\/\/vieassociative.be\/actualites\/#website","url":"https:\/\/vieassociative.be\/actualites\/","name":"Vie Associative","description":"","publisher":{"@id":"https:\/\/vieassociative.be\/actualites\/#organization"},"potentialAction":[{"@type":"SearchAction","target":{"@type":"EntryPoint","urlTemplate":"https:\/\/vieassociative.be\/actualites\/?s={search_term_string}"},"query-input":{"@type":"PropertyValueSpecification","valueRequired":true,"valueName":"search_term_string"}}],"inLanguage":"fr-BE"},{"@type":"Organization","@id":"https:\/\/vieassociative.be\/actualites\/#organization","name":"Vie Associative","url":"https:\/\/vieassociative.be\/actualites\/","logo":{"@type":"ImageObject","inLanguage":"fr-BE","@id":"https:\/\/vieassociative.be\/actualites\/#\/schema\/logo\/image\/","url":"https:\/\/vieassociative.be\/actualites\/wp-content\/uploads\/2024\/09\/cropped-vieassociative_favicon.ico.png","contentUrl":"https:\/\/vieassociative.be\/actualites\/wp-content\/uploads\/2024\/09\/cropped-vieassociative_favicon.ico.png","width":512,"height":512,"caption":"Vie Associative"},"image":{"@id":"https:\/\/vieassociative.be\/actualites\/#\/schema\/logo\/image\/"}},{"@type":"Person","@id":"https:\/\/vieassociative.be\/actualites\/#\/schema\/person\/b87ac4f82f9d4e7b7cec7395b679edc4","name":"Julien","image":{"@type":"ImageObject","inLanguage":"fr-BE","@id":"https:\/\/vieassociative.be\/actualites\/#\/schema\/person\/image\/","url":"https:\/\/vieassociative.be\/actualites\/wp-content\/uploads\/2024\/09\/vie-associative-1-150x150.jpg","contentUrl":"https:\/\/vieassociative.be\/actualites\/wp-content\/uploads\/2024\/09\/vie-associative-1-150x150.jpg","caption":"Julien"},"description":"Je suis Julien, r\u00e9dacteur pour Vie Associative. Passionn\u00e9 par le monde associatif depuis plus de 10 ans, j'ai \u00e0 c\u0153ur de partager des histoires inspirantes et de mettre en lumi\u00e8re les initiatives locales. Mon objectif est de sensibiliser et d'encourager l'engagement communautaire \u00e0 travers mes articles.","sameAs":["https:\/\/vieassociative.be\/"]}]}},"_links":{"self":[{"href":"https:\/\/vieassociative.be\/actualites\/wp-json\/wp\/v2\/posts\/9644"}],"collection":[{"href":"https:\/\/vieassociative.be\/actualites\/wp-json\/wp\/v2\/posts"}],"about":[{"href":"https:\/\/vieassociative.be\/actualites\/wp-json\/wp\/v2\/types\/post"}],"author":[{"embeddable":true,"href":"https:\/\/vieassociative.be\/actualites\/wp-json\/wp\/v2\/users\/1"}],"replies":[{"embeddable":true,"href":"https:\/\/vieassociative.be\/actualites\/wp-json\/wp\/v2\/comments?post=9644"}],"version-history":[{"count":0,"href":"https:\/\/vieassociative.be\/actualites\/wp-json\/wp\/v2\/posts\/9644\/revisions"}],"wp:featuredmedia":[{"embeddable":true,"href":"https:\/\/vieassociative.be\/actualites\/wp-json\/wp\/v2\/media\/9645"}],"wp:attachment":[{"href":"https:\/\/vieassociative.be\/actualites\/wp-json\/wp\/v2\/media?parent=9644"}],"wp:term":[{"taxonomy":"category","embeddable":true,"href":"https:\/\/vieassociative.be\/actualites\/wp-json\/wp\/v2\/categories?post=9644"},{"taxonomy":"post_tag","embeddable":true,"href":"https:\/\/vieassociative.be\/actualites\/wp-json\/wp\/v2\/tags?post=9644"}],"curies":[{"name":"wp","href":"https:\/\/api.w.org\/{rel}","templated":true}]}}