{"id":9642,"date":"2025-08-26T21:17:08","date_gmt":"2025-08-26T19:17:08","guid":{"rendered":"https:\/\/vieassociative.be\/actualites\/ce-kindle-colorsoft-coute-30-pour-la-fete-du-travail\/"},"modified":"2025-08-26T21:17:08","modified_gmt":"2025-08-26T19:17:08","slug":"ce-kindle-colorsoft-coute-30-pour-la-fete-du-travail","status":"publish","type":"post","link":"https:\/\/vieassociative.be\/actualites\/ce-kindle-colorsoft-coute-30-pour-la-fete-du-travail\/","title":{"rendered":"Ce Kindle Colorsoft co\u00fbte 30 $ pour la f\u00eate du Travail"},"content":{"rendered":"<div class=\"mt-4 leading-6 md:mb-8\">Le Kindle de couleur la moins ch\u00e8re est encore moins cher lors des ventes de la f\u00eate du Travail.<\/div>\n<p><\/p>\n<p><em>Ventes de la f\u00eate du Travail<\/em><em>  sont roul\u00e9s et Vie Associative partage les meilleures ventes<\/em><em>  Bas\u00e9 sur les revues de produits, les comparaisons et les outils de suivi des prix avant la fin. Vous pouvez \u00e9galement vous abonner \u00e0 notre newsletter de shopping<\/em><em>Ajouter au panier, pour les meilleures ventes envoy\u00e9es dans votre bo\u00eete de r\u00e9ception.<\/em><\/p>\n<hr>\n<p>Les ventes de la f\u00eate du Travail sont l\u00e0, avec de bonnes affaires sur toutes sortes de technologies; Si votre jeu audio a besoin d&rsquo;un peu d&rsquo;aide, il existe de nombreuses options disponibles \u00e0 des prix avantageux, des derniers \u00e9couteurs Sony aux \u00e9couteurs Buzzy New Nothing.<\/p>\n<p>Apr\u00e8s des ann\u00e9es d&rsquo;attente, Amazon est finalement sorti avec sa propre ligne de lecteurs \u00e9lectroniques de couleur. Appel\u00e9 Kindle Colorsoft, vous obtenez le m\u00eame \u00e9cosyst\u00e8me Kindle &#8211; et les bienfaits de lecture, mais avec un \u00e9cran de couleur E-INK. Il est construit sur les bases du nouveau Paperwhite, vous obtenez donc un rapport de contraste \u00e9lev\u00e9 et des virages rapides. Il y a des lumi\u00e8res chaudes r\u00e9glables, et contrairement \u00e0 d&rsquo;autres Kindles de base, il n&rsquo;y a pas d&rsquo;annonces ici pour parler. <\/p>\n<p>Et pour la f\u00eate du Travail, Amazon r\u00e9duit le nouveau Kindle Colorsoft pour la premi\u00e8re fois, de 30 $, ce qui porte le prix d&rsquo;un nouveau mod\u00e8le \u00e0 219,99 $.<\/p>\n<div class=\"pogoClear mb-12 mt-10 rounded-md border-2 border-gray-100 py-7 shadow-xl md:py-6\">\n<div class=\"flex flex-wrap justify-between px-7 text-black no-underline md:flex-nowrap md:px-8\">\n<div class=\"order-1 mx-auto flex flex-col justify-center md:order-2 md:ml-4 md:w-full md:grow\">\n<div class=\"block cursor-pointer text-center font-akshar text-2xl font-medium leading-7 text-brand-green duration-200 ease-in-out hover:text-brand-green-700 md:text-left md:text-xl md:leading-6\">Amazon Kindle Colorsoft 16 Go (mod\u00e8le le plus r\u00e9cent) &#8211; avec affichage couleur et lumi\u00e8re chaude r\u00e9glable &#8211; pas d&rsquo;annonces &#8211; noir\n                <\/div>\n<div class=\"mt-4 hidden md:flex md:justify-between\">\n<div class=\"self-end\">\n<div class=\"mb-0 h-11 md:flex md:flex-col md:justify-center\">\n<div class=\" font-sans leading-4 text-black\">\n<div class=\"flex flex-wrap items-center justify-center gap-1 md:justify-start\">\n        <span class=\"font-bold\"><\/p>\n<p>            219,99 $<br \/>\n                            <span class=\"font-medium\">\u00e0 Amazon<\/span><br \/>\n                    <\/span>\n            <\/div>\n<div class=\"flex items-center justify-center gap-x-1 font-bold md:justify-start\">\n            <span class=\"text-sm line-through\">249,99 $<\/span><br \/>\n            <span class=\"text-sm text-brand-green\">\u00c9conomisez 30,00 $<\/span>\n        <\/div>\n<\/p><\/div>\n<\/p><\/div>\n<\/p><\/div>\n<div class=\"w-44 self-end\">\n                            <button class=\"flex justify-center items-center w-full bg-brand-green text-white text-base font-sans font-medium rounded-md hover:bg-brand-green-700 hover:cursor-pointer md:text-sm h-11\"><\/p>\n<p>    Conclure un accord<br \/>\n<\/button>\n                        <\/div>\n<\/p><\/div>\n<\/p><\/div>\n<div class=\"order-2 mt-5 h-auto w-full md:order-1 md:mt-0 md:hidden\">\n<div class=\"flex aspect-video items-center justify-center\">\n                                            <img decoding=\"async\" class=\"m-0 max-h-full max-w-full rounded-md\" src=\"https:\/\/vieassociative.be\/actualites\/wp-content\/uploads\/2025\/08\/Ce-Kindle-Colorsoft-coute-30-pour-la-fete-du.jpg\" alt=\"Amazon Kindle Colorsoft 16 Go (mod\u00e8le le plus r\u00e9cent) - avec affichage couleur et lumi\u00e8re chaude r\u00e9glable - pas d'annonces - noir\" width=\"auto\" height=\"auto\" loading=\"lazy\">\n                                    <\/div>\n<\/p><\/div>\n<div class=\"order-2 ml-2 hidden w-32 shrink-0 items-center md:order-1 md:ml-0 md:flex\">\n<div class=\"flex aspect-video items-center justify-center\">\n                                            <img decoding=\"async\" class=\"m-0 max-h-full max-w-full rounded-md\" src=\"https:\/\/vieassociative.be\/actualites\/wp-content\/uploads\/2025\/08\/Ce-Kindle-Colorsoft-coute-30-pour-la-fete-du.jpg\" alt=\"Amazon Kindle Colorsoft 16 Go (mod\u00e8le le plus r\u00e9cent) - avec affichage couleur et lumi\u00e8re chaude r\u00e9glable - pas d'annonces - noir\" width=\"auto\" height=\"auto\" loading=\"lazy\">\n                                    <\/div>\n<\/p><\/div>\n<div class=\"order-3 flex grow flex-wrap md:hidden md:grow-0\">\n<div class=\"mt-4 w-full\">\n                        <button class=\"flex justify-center items-center w-full bg-brand-green text-white text-base font-sans font-medium rounded-md hover:bg-brand-green-700 hover:cursor-pointer md:text-sm h-11\"><\/p>\n<p>    Conclure un accord<br \/>\n<\/button>\n                    <\/div>\n<div class=\"mx-2 mt-4 w-full\">\n<div class=\" font-sans leading-4 text-black\">\n<div class=\"flex flex-wrap items-center justify-center gap-1 md:justify-start\">\n        <span class=\"font-bold\"><\/p>\n<p>            219,99 $<br \/>\n                            <span class=\"font-medium\">\u00e0 Amazon<\/span><br \/>\n                    <\/span>\n            <\/div>\n<div class=\"flex items-center justify-center gap-x-1 font-bold md:justify-start\">\n            <span class=\"text-sm line-through\">249,99 $<\/span><br \/>\n            <span class=\"text-sm text-brand-green\">\u00c9conomisez 30,00 $<\/span>\n        <\/div>\n<\/p><\/div>\n<\/p><\/div>\n<\/p><\/div>\n<\/p><\/div>\n<\/div>\n<p>Mais en plus, il y a un \u00e9cran E-Ink est construit sur la technologie Kaleido d&rsquo;E Ink. Il dispose de LED de nitrure sur mesure qui am\u00e9liorent la couleur et augmentent la luminosit\u00e9. Vous pouvez profiter de couvertures de livres, de romans graphiques et de certains mangas en couleur. L&rsquo;exp\u00e9rience de lecture, cependant, est la m\u00eame affaire en noir et blanc. L&rsquo;affichage des couleurs affiche du contenu \u00e0 150 ppi, mais l&rsquo;exp\u00e9rience de lecture en noir et blanc vous offre toujours une nettet\u00e9 de 300 ppi qui est devenue standard avec Kindle Paperwhite. Et parce que c&rsquo;est un \u00e9cran E-Ink, vous obtenez toujours la m\u00eame dur\u00e9e de vie de la batterie de huit semaines.<\/p>\n<p>Jusqu&rsquo;\u00e0 pr\u00e9sent, Kindle n&rsquo;a propos\u00e9 que Color-Signature Edition qui a commenc\u00e9 \u00e0 280 $. Mais maintenant, Amazon a publi\u00e9 un nouveau mod\u00e8le ColorSoft de base avec un stockage de 16 Go (au lieu de 32 Go), et d\u00e9pose des fonctionnalit\u00e9s comme la charge sans fil et la lubrification automatique. Mais il y a encore plus qu&rsquo;assez de faire le tour dans le Colorsoft pour en faire un achat solide. <\/p>\n<p>La r\u00e9dactrice en technologie associ\u00e9e de Vie Associative, Michelle Ehrhardt, a donn\u00e9 au Kindle Colorsoft une note de 3,5 \u00e9toiles, notant que \u00ab\u00a0le Colorsoft est un petit appareil soign\u00e9 qui offre des am\u00e9liorations objectives par rapport aux autres lecteurs \u00e9lectroniques lorsqu&rsquo;il s&rsquo;agit d&rsquo;afficher des images de couleur.\u00a0\u00bb<\/p>\n<p>\u00c0 l&rsquo;autre extr\u00e9mit\u00e9 du spectre, Amazon r\u00e9duit \u00e9galement son Kindle de base de 20 $. Vous pouvez obtenir le dernier mod\u00e8le pour 89,99 $, en baisse de 109,99 $ pour la f\u00eate du Travail. <\/p>\n","protected":false},"excerpt":{"rendered":"<p>Le Kindle de couleur la moins ch\u00e8re est encore moins cher lors des ventes de la f\u00eate du Travail. Ventes de la f\u00eate du Travail<\/p>\n","protected":false},"author":1,"featured_media":9643,"comment_status":"","ping_status":"","sticky":false,"template":"","format":"standard","meta":{"footnotes":""},"categories":[13],"tags":[4834,1122,1485,2263,81,504],"class_list":["post-9642","post","type-post","status-publish","format-standard","has-post-thumbnail","hentry","category-technologie","tag-colorsoft","tag-coute","tag-fete","tag-kindle","tag-pour","tag-travail","generate-columns","tablet-grid-50","mobile-grid-100","grid-parent","grid-33"],"yoast_head":"<!-- This site is optimized with the Yoast SEO plugin v24.0 - https:\/\/yoast.com\/wordpress\/plugins\/seo\/ -->\n<title>Ce Kindle Colorsoft co\u00fbte 30 $ pour la f\u00eate du Travail | Vie Associative<\/title>\n<meta name=\"robots\" content=\"index, follow, max-snippet:-1, max-image-preview:large, max-video-preview:-1\" \/>\n<link rel=\"canonical\" href=\"https:\/\/vieassociative.be\/actualites\/ce-kindle-colorsoft-coute-30-pour-la-fete-du-travail\/\" \/>\n<meta property=\"og:locale\" content=\"fr_FR\" \/>\n<meta property=\"og:type\" content=\"article\" \/>\n<meta property=\"og:title\" content=\"Ce Kindle Colorsoft co\u00fbte 30 $ pour la f\u00eate du Travail | Vie Associative\" \/>\n<meta property=\"og:description\" content=\"Le Kindle de couleur la moins ch\u00e8re est encore moins cher lors des ventes de la f\u00eate du Travail. Ventes de la f\u00eate du Travail\" \/>\n<meta property=\"og:url\" content=\"https:\/\/vieassociative.be\/actualites\/ce-kindle-colorsoft-coute-30-pour-la-fete-du-travail\/\" \/>\n<meta property=\"og:site_name\" content=\"Vie Associative\" \/>\n<meta property=\"article:published_time\" content=\"2025-08-26T19:17:08+00:00\" \/>\n<meta property=\"og:image\" content=\"https:\/\/vieassociative.be\/actualites\/wp-content\/uploads\/2025\/08\/Ce-Kindle-Colorsoft-coute-30-pour-la-fete-du.jpg\" \/>\n<meta name=\"author\" content=\"Julien\" \/>\n<meta name=\"twitter:card\" content=\"summary_large_image\" \/>\n<meta name=\"twitter:label1\" content=\"\u00c9crit par\" \/>\n\t<meta name=\"twitter:data1\" content=\"Julien\" \/>\n\t<meta name=\"twitter:label2\" content=\"Dur\u00e9e de lecture est.\" \/>\n\t<meta name=\"twitter:data2\" content=\"3 minutes\" \/>\n<script type=\"application\/ld+json\" class=\"yoast-schema-graph\">{\"@context\":\"https:\/\/schema.org\",\"@graph\":[{\"@type\":\"Article\",\"@id\":\"https:\/\/vieassociative.be\/actualites\/ce-kindle-colorsoft-coute-30-pour-la-fete-du-travail\/#article\",\"isPartOf\":{\"@id\":\"https:\/\/vieassociative.be\/actualites\/ce-kindle-colorsoft-coute-30-pour-la-fete-du-travail\/\"},\"author\":{\"name\":\"Julien\",\"@id\":\"https:\/\/vieassociative.be\/actualites\/#\/schema\/person\/b87ac4f82f9d4e7b7cec7395b679edc4\"},\"headline\":\"Ce Kindle Colorsoft co\u00fbte 30 $ pour la f\u00eate du Travail\",\"datePublished\":\"2025-08-26T19:17:08+00:00\",\"dateModified\":\"2025-08-26T19:17:08+00:00\",\"mainEntityOfPage\":{\"@id\":\"https:\/\/vieassociative.be\/actualites\/ce-kindle-colorsoft-coute-30-pour-la-fete-du-travail\/\"},\"wordCount\":573,\"publisher\":{\"@id\":\"https:\/\/vieassociative.be\/actualites\/#organization\"},\"image\":{\"@id\":\"https:\/\/vieassociative.be\/actualites\/ce-kindle-colorsoft-coute-30-pour-la-fete-du-travail\/#primaryimage\"},\"thumbnailUrl\":\"https:\/\/vieassociative.be\/actualites\/wp-content\/uploads\/2025\/08\/1756235829_Ce-Kindle-Colorsoft-coute-30-pour-la-fete-du.jpg\",\"keywords\":[\"Colorsoft\",\"co\u00fbte\",\"f\u00eate\",\"Kindle\",\"pour\",\"travail\"],\"articleSection\":[\"Technologie\"],\"inLanguage\":\"fr-BE\"},{\"@type\":\"WebPage\",\"@id\":\"https:\/\/vieassociative.be\/actualites\/ce-kindle-colorsoft-coute-30-pour-la-fete-du-travail\/\",\"url\":\"https:\/\/vieassociative.be\/actualites\/ce-kindle-colorsoft-coute-30-pour-la-fete-du-travail\/\",\"name\":\"Ce Kindle Colorsoft co\u00fbte 30 $ pour la f\u00eate du Travail | Vie Associative\",\"isPartOf\":{\"@id\":\"https:\/\/vieassociative.be\/actualites\/#website\"},\"primaryImageOfPage\":{\"@id\":\"https:\/\/vieassociative.be\/actualites\/ce-kindle-colorsoft-coute-30-pour-la-fete-du-travail\/#primaryimage\"},\"image\":{\"@id\":\"https:\/\/vieassociative.be\/actualites\/ce-kindle-colorsoft-coute-30-pour-la-fete-du-travail\/#primaryimage\"},\"thumbnailUrl\":\"https:\/\/vieassociative.be\/actualites\/wp-content\/uploads\/2025\/08\/1756235829_Ce-Kindle-Colorsoft-coute-30-pour-la-fete-du.jpg\",\"datePublished\":\"2025-08-26T19:17:08+00:00\",\"dateModified\":\"2025-08-26T19:17:08+00:00\",\"breadcrumb\":{\"@id\":\"https:\/\/vieassociative.be\/actualites\/ce-kindle-colorsoft-coute-30-pour-la-fete-du-travail\/#breadcrumb\"},\"inLanguage\":\"fr-BE\",\"potentialAction\":[{\"@type\":\"ReadAction\",\"target\":[\"https:\/\/vieassociative.be\/actualites\/ce-kindle-colorsoft-coute-30-pour-la-fete-du-travail\/\"]}]},{\"@type\":\"ImageObject\",\"inLanguage\":\"fr-BE\",\"@id\":\"https:\/\/vieassociative.be\/actualites\/ce-kindle-colorsoft-coute-30-pour-la-fete-du-travail\/#primaryimage\",\"url\":\"https:\/\/vieassociative.be\/actualites\/wp-content\/uploads\/2025\/08\/1756235829_Ce-Kindle-Colorsoft-coute-30-pour-la-fete-du.jpg\",\"contentUrl\":\"https:\/\/vieassociative.be\/actualites\/wp-content\/uploads\/2025\/08\/1756235829_Ce-Kindle-Colorsoft-coute-30-pour-la-fete-du.jpg\",\"width\":1200,\"height\":675,\"caption\":\"Ce Kindle Colorsoft co\u00fbte 30 $ pour la f\u00eate du Travail\"},{\"@type\":\"BreadcrumbList\",\"@id\":\"https:\/\/vieassociative.be\/actualites\/ce-kindle-colorsoft-coute-30-pour-la-fete-du-travail\/#breadcrumb\",\"itemListElement\":[{\"@type\":\"ListItem\",\"position\":1,\"name\":\"Accueil\",\"item\":\"https:\/\/vieassociative.be\/actualites\/\"},{\"@type\":\"ListItem\",\"position\":2,\"name\":\"Ce Kindle Colorsoft co\u00fbte 30 $ pour la f\u00eate du Travail\"}]},{\"@type\":\"WebSite\",\"@id\":\"https:\/\/vieassociative.be\/actualites\/#website\",\"url\":\"https:\/\/vieassociative.be\/actualites\/\",\"name\":\"Vie Associative\",\"description\":\"\",\"publisher\":{\"@id\":\"https:\/\/vieassociative.be\/actualites\/#organization\"},\"potentialAction\":[{\"@type\":\"SearchAction\",\"target\":{\"@type\":\"EntryPoint\",\"urlTemplate\":\"https:\/\/vieassociative.be\/actualites\/?s={search_term_string}\"},\"query-input\":{\"@type\":\"PropertyValueSpecification\",\"valueRequired\":true,\"valueName\":\"search_term_string\"}}],\"inLanguage\":\"fr-BE\"},{\"@type\":\"Organization\",\"@id\":\"https:\/\/vieassociative.be\/actualites\/#organization\",\"name\":\"Vie Associative\",\"url\":\"https:\/\/vieassociative.be\/actualites\/\",\"logo\":{\"@type\":\"ImageObject\",\"inLanguage\":\"fr-BE\",\"@id\":\"https:\/\/vieassociative.be\/actualites\/#\/schema\/logo\/image\/\",\"url\":\"https:\/\/vieassociative.be\/actualites\/wp-content\/uploads\/2024\/09\/cropped-vieassociative_favicon.ico.png\",\"contentUrl\":\"https:\/\/vieassociative.be\/actualites\/wp-content\/uploads\/2024\/09\/cropped-vieassociative_favicon.ico.png\",\"width\":512,\"height\":512,\"caption\":\"Vie Associative\"},\"image\":{\"@id\":\"https:\/\/vieassociative.be\/actualites\/#\/schema\/logo\/image\/\"}},{\"@type\":\"Person\",\"@id\":\"https:\/\/vieassociative.be\/actualites\/#\/schema\/person\/b87ac4f82f9d4e7b7cec7395b679edc4\",\"name\":\"Julien\",\"image\":{\"@type\":\"ImageObject\",\"inLanguage\":\"fr-BE\",\"@id\":\"https:\/\/vieassociative.be\/actualites\/#\/schema\/person\/image\/\",\"url\":\"https:\/\/vieassociative.be\/actualites\/wp-content\/uploads\/2024\/09\/vie-associative-1-150x150.jpg\",\"contentUrl\":\"https:\/\/vieassociative.be\/actualites\/wp-content\/uploads\/2024\/09\/vie-associative-1-150x150.jpg\",\"caption\":\"Julien\"},\"description\":\"Je suis Julien, r\u00e9dacteur pour Vie Associative. Passionn\u00e9 par le monde associatif depuis plus de 10 ans, j'ai \u00e0 c\u0153ur de partager des histoires inspirantes et de mettre en lumi\u00e8re les initiatives locales. Mon objectif est de sensibiliser et d'encourager l'engagement communautaire \u00e0 travers mes articles.\",\"sameAs\":[\"https:\/\/vieassociative.be\/\"]}]}<\/script>\n<!-- \/ Yoast SEO plugin. -->","yoast_head_json":{"title":"Ce Kindle Colorsoft co\u00fbte 30 $ pour la f\u00eate du Travail | Vie Associative","robots":{"index":"index","follow":"follow","max-snippet":"max-snippet:-1","max-image-preview":"max-image-preview:large","max-video-preview":"max-video-preview:-1"},"canonical":"https:\/\/vieassociative.be\/actualites\/ce-kindle-colorsoft-coute-30-pour-la-fete-du-travail\/","og_locale":"fr_FR","og_type":"article","og_title":"Ce Kindle Colorsoft co\u00fbte 30 $ pour la f\u00eate du Travail | Vie Associative","og_description":"Le Kindle de couleur la moins ch\u00e8re est encore moins cher lors des ventes de la f\u00eate du Travail. Ventes de la f\u00eate du Travail","og_url":"https:\/\/vieassociative.be\/actualites\/ce-kindle-colorsoft-coute-30-pour-la-fete-du-travail\/","og_site_name":"Vie Associative","article_published_time":"2025-08-26T19:17:08+00:00","og_image":[{"url":"https:\/\/vieassociative.be\/actualites\/wp-content\/uploads\/2025\/08\/Ce-Kindle-Colorsoft-coute-30-pour-la-fete-du.jpg","type":"","width":"","height":""}],"author":"Julien","twitter_card":"summary_large_image","twitter_misc":{"\u00c9crit par":"Julien","Dur\u00e9e de lecture est.":"3 minutes"},"schema":{"@context":"https:\/\/schema.org","@graph":[{"@type":"Article","@id":"https:\/\/vieassociative.be\/actualites\/ce-kindle-colorsoft-coute-30-pour-la-fete-du-travail\/#article","isPartOf":{"@id":"https:\/\/vieassociative.be\/actualites\/ce-kindle-colorsoft-coute-30-pour-la-fete-du-travail\/"},"author":{"name":"Julien","@id":"https:\/\/vieassociative.be\/actualites\/#\/schema\/person\/b87ac4f82f9d4e7b7cec7395b679edc4"},"headline":"Ce Kindle Colorsoft co\u00fbte 30 $ pour la f\u00eate du Travail","datePublished":"2025-08-26T19:17:08+00:00","dateModified":"2025-08-26T19:17:08+00:00","mainEntityOfPage":{"@id":"https:\/\/vieassociative.be\/actualites\/ce-kindle-colorsoft-coute-30-pour-la-fete-du-travail\/"},"wordCount":573,"publisher":{"@id":"https:\/\/vieassociative.be\/actualites\/#organization"},"image":{"@id":"https:\/\/vieassociative.be\/actualites\/ce-kindle-colorsoft-coute-30-pour-la-fete-du-travail\/#primaryimage"},"thumbnailUrl":"https:\/\/vieassociative.be\/actualites\/wp-content\/uploads\/2025\/08\/1756235829_Ce-Kindle-Colorsoft-coute-30-pour-la-fete-du.jpg","keywords":["Colorsoft","co\u00fbte","f\u00eate","Kindle","pour","travail"],"articleSection":["Technologie"],"inLanguage":"fr-BE"},{"@type":"WebPage","@id":"https:\/\/vieassociative.be\/actualites\/ce-kindle-colorsoft-coute-30-pour-la-fete-du-travail\/","url":"https:\/\/vieassociative.be\/actualites\/ce-kindle-colorsoft-coute-30-pour-la-fete-du-travail\/","name":"Ce Kindle Colorsoft co\u00fbte 30 $ pour la f\u00eate du Travail | Vie Associative","isPartOf":{"@id":"https:\/\/vieassociative.be\/actualites\/#website"},"primaryImageOfPage":{"@id":"https:\/\/vieassociative.be\/actualites\/ce-kindle-colorsoft-coute-30-pour-la-fete-du-travail\/#primaryimage"},"image":{"@id":"https:\/\/vieassociative.be\/actualites\/ce-kindle-colorsoft-coute-30-pour-la-fete-du-travail\/#primaryimage"},"thumbnailUrl":"https:\/\/vieassociative.be\/actualites\/wp-content\/uploads\/2025\/08\/1756235829_Ce-Kindle-Colorsoft-coute-30-pour-la-fete-du.jpg","datePublished":"2025-08-26T19:17:08+00:00","dateModified":"2025-08-26T19:17:08+00:00","breadcrumb":{"@id":"https:\/\/vieassociative.be\/actualites\/ce-kindle-colorsoft-coute-30-pour-la-fete-du-travail\/#breadcrumb"},"inLanguage":"fr-BE","potentialAction":[{"@type":"ReadAction","target":["https:\/\/vieassociative.be\/actualites\/ce-kindle-colorsoft-coute-30-pour-la-fete-du-travail\/"]}]},{"@type":"ImageObject","inLanguage":"fr-BE","@id":"https:\/\/vieassociative.be\/actualites\/ce-kindle-colorsoft-coute-30-pour-la-fete-du-travail\/#primaryimage","url":"https:\/\/vieassociative.be\/actualites\/wp-content\/uploads\/2025\/08\/1756235829_Ce-Kindle-Colorsoft-coute-30-pour-la-fete-du.jpg","contentUrl":"https:\/\/vieassociative.be\/actualites\/wp-content\/uploads\/2025\/08\/1756235829_Ce-Kindle-Colorsoft-coute-30-pour-la-fete-du.jpg","width":1200,"height":675,"caption":"Ce Kindle Colorsoft co\u00fbte 30 $ pour la f\u00eate du Travail"},{"@type":"BreadcrumbList","@id":"https:\/\/vieassociative.be\/actualites\/ce-kindle-colorsoft-coute-30-pour-la-fete-du-travail\/#breadcrumb","itemListElement":[{"@type":"ListItem","position":1,"name":"Accueil","item":"https:\/\/vieassociative.be\/actualites\/"},{"@type":"ListItem","position":2,"name":"Ce Kindle Colorsoft co\u00fbte 30 $ pour la f\u00eate du Travail"}]},{"@type":"WebSite","@id":"https:\/\/vieassociative.be\/actualites\/#website","url":"https:\/\/vieassociative.be\/actualites\/","name":"Vie Associative","description":"","publisher":{"@id":"https:\/\/vieassociative.be\/actualites\/#organization"},"potentialAction":[{"@type":"SearchAction","target":{"@type":"EntryPoint","urlTemplate":"https:\/\/vieassociative.be\/actualites\/?s={search_term_string}"},"query-input":{"@type":"PropertyValueSpecification","valueRequired":true,"valueName":"search_term_string"}}],"inLanguage":"fr-BE"},{"@type":"Organization","@id":"https:\/\/vieassociative.be\/actualites\/#organization","name":"Vie Associative","url":"https:\/\/vieassociative.be\/actualites\/","logo":{"@type":"ImageObject","inLanguage":"fr-BE","@id":"https:\/\/vieassociative.be\/actualites\/#\/schema\/logo\/image\/","url":"https:\/\/vieassociative.be\/actualites\/wp-content\/uploads\/2024\/09\/cropped-vieassociative_favicon.ico.png","contentUrl":"https:\/\/vieassociative.be\/actualites\/wp-content\/uploads\/2024\/09\/cropped-vieassociative_favicon.ico.png","width":512,"height":512,"caption":"Vie Associative"},"image":{"@id":"https:\/\/vieassociative.be\/actualites\/#\/schema\/logo\/image\/"}},{"@type":"Person","@id":"https:\/\/vieassociative.be\/actualites\/#\/schema\/person\/b87ac4f82f9d4e7b7cec7395b679edc4","name":"Julien","image":{"@type":"ImageObject","inLanguage":"fr-BE","@id":"https:\/\/vieassociative.be\/actualites\/#\/schema\/person\/image\/","url":"https:\/\/vieassociative.be\/actualites\/wp-content\/uploads\/2024\/09\/vie-associative-1-150x150.jpg","contentUrl":"https:\/\/vieassociative.be\/actualites\/wp-content\/uploads\/2024\/09\/vie-associative-1-150x150.jpg","caption":"Julien"},"description":"Je suis Julien, r\u00e9dacteur pour Vie Associative. Passionn\u00e9 par le monde associatif depuis plus de 10 ans, j'ai \u00e0 c\u0153ur de partager des histoires inspirantes et de mettre en lumi\u00e8re les initiatives locales. Mon objectif est de sensibiliser et d'encourager l'engagement communautaire \u00e0 travers mes articles.","sameAs":["https:\/\/vieassociative.be\/"]}]}},"_links":{"self":[{"href":"https:\/\/vieassociative.be\/actualites\/wp-json\/wp\/v2\/posts\/9642"}],"collection":[{"href":"https:\/\/vieassociative.be\/actualites\/wp-json\/wp\/v2\/posts"}],"about":[{"href":"https:\/\/vieassociative.be\/actualites\/wp-json\/wp\/v2\/types\/post"}],"author":[{"embeddable":true,"href":"https:\/\/vieassociative.be\/actualites\/wp-json\/wp\/v2\/users\/1"}],"replies":[{"embeddable":true,"href":"https:\/\/vieassociative.be\/actualites\/wp-json\/wp\/v2\/comments?post=9642"}],"version-history":[{"count":0,"href":"https:\/\/vieassociative.be\/actualites\/wp-json\/wp\/v2\/posts\/9642\/revisions"}],"wp:featuredmedia":[{"embeddable":true,"href":"https:\/\/vieassociative.be\/actualites\/wp-json\/wp\/v2\/media\/9643"}],"wp:attachment":[{"href":"https:\/\/vieassociative.be\/actualites\/wp-json\/wp\/v2\/media?parent=9642"}],"wp:term":[{"taxonomy":"category","embeddable":true,"href":"https:\/\/vieassociative.be\/actualites\/wp-json\/wp\/v2\/categories?post=9642"},{"taxonomy":"post_tag","embeddable":true,"href":"https:\/\/vieassociative.be\/actualites\/wp-json\/wp\/v2\/tags?post=9642"}],"curies":[{"name":"wp","href":"https:\/\/api.w.org\/{rel}","templated":true}]}}