{"id":9638,"date":"2025-08-26T16:17:22","date_gmt":"2025-08-26T14:17:22","guid":{"rendered":"https:\/\/vieassociative.be\/actualites\/election-de-freddy-pour-la-mort-de-gerhard-palm\/"},"modified":"2025-08-26T16:17:22","modified_gmt":"2025-08-26T14:17:22","slug":"election-de-freddy-pour-la-mort-de-gerhard-palm","status":"publish","type":"post","link":"https:\/\/vieassociative.be\/actualites\/election-de-freddy-pour-la-mort-de-gerhard-palm\/","title":{"rendered":"\u00c9lection de Freddy pour la mort de Gerhard Palm"},"content":{"rendered":"<p><strong>Gerhard Palm, co-fondateur du Parti belge allemand (PDB) et ancien maire de B\u00fcllingen, est d\u00e9c\u00e9d\u00e9 samedi dernier \u00e0 l&rsquo;\u00e2ge de 78 ans.<\/strong><\/p>\n<p><span id=\"more-423126\"><\/span>Gerhard Palm appartenait au Parlement communautaire pendant pr\u00e8s de 37 ans. Il a \u00e9t\u00e9 l&rsquo;un des pionniers de l&rsquo;autonomie de la zone de la langue allemande, bien qu&rsquo;il ait pass\u00e9 la majeure partie de sa carri\u00e8re politique \u00e0 la Banque d&rsquo;opposition, \u00e0 savoir de la fondation du Conseil de l&rsquo;Association culturelle allemande (RDK) en 1973 jusqu&rsquo;au changement de PJU-PDB \u00e0 la majorit\u00e9 en 2004. <\/p>\n<p>Fin 2010, Palm s&rsquo;est retir\u00e9 du Parlement. Depuis 1977, le M\u00fcrringer est \u00e9galement un politicien communautaire, maire de B\u00fcllingen de 1989 \u00e0 2006.<\/p>\n<p>\u00ab\u00a0East Belgique directement\u00a0\u00bb a demand\u00e9 \u00e0 Freddy de choisir le travail politique de Gerhard Palm, que le journaliste et \u00e9crivain a pu observer en tant que r\u00e9dacteur en chef BRF pendant longtemps. (Cre)<\/p>\n<h3>Gerhard Palm &#8211; s&rsquo;est battu pour ses croyances en tant que pionnier et tribun avec courage<\/h3>\n<p><strong>De Freddy des \u00e9lections<\/strong><\/p>\n<p><strong>L&rsquo;invitation du r\u00e9dacteur en chef de \u00ab\u00a0Orient Belgique directement\u00a0\u00bb \u00e0 \u00e9crire une n\u00e9crologie sur Gerhard Palm m&rsquo;a surpris comme un peu abstrait, mais a provoqu\u00e9 et m\u00eame inspir\u00e9 apr\u00e8s une longue r\u00e9flexion.<\/strong><\/p>\n<p><!--more-->Certes, en tant que r\u00e9dacteur en chef du BRF, je n&rsquo;avais ni affection ni amiti\u00e9 avec Gerhard Palm en tant que r\u00e9dacteur en chef du BRF. L&rsquo;inverse \u00e9tait le cas, mais il y avait un respect tacite. Il a souri de la verve du \u00ab\u00a0Grenzland-Report\u00a0\u00bb, fond\u00e9e par Gerard Cremer dans les ann\u00e9es 1980. Il m&rsquo;a parl\u00e9 une fois apr\u00e8s avoir d\u00e9di\u00e9 une \u00e9loge \u00e0 Helmut Schmitz, qui \u00e9tait attach\u00e9 \u00e0 la PDB. Palm remerci\u00e9!<\/p>\n<p><strong>&#8211; Pas de message dans l&rsquo;ancien post:<\/strong> Mais ensuite, il y a eu encore cette suspicion mutuelle. En tant qu&rsquo;ancienne attaque de presse du secr\u00e9taire d&rsquo;\u00c9tat Willy Schins et des ministres de l&rsquo;Int\u00e9rieur Charles Hanin et Joseph Michel, il m&rsquo;a soup\u00e7onn\u00e9 de \u00ab\u00a0trahison\u00a0\u00bb. \u00c0 Bruxelles, des strat\u00e9gies de s\u00e9paration secr\u00e8tes ont \u00e9t\u00e9 craints dans le PDB, bien que moi-m\u00eame Pankert, Klaus Baltus et le Dr Norbert Scholzen ai pu mener une controverse chaleureuse, ce que les ministres ont accueilli. Ils sont rest\u00e9s inoubliables.<\/p>\n<div id=\"attachment_423157\" class=\"wp-caption alignleft\" style=\"max-width: 300px\"><img fetchpriority=\"high\" decoding=\"async\" class=\"wp-image-423157 size-medium\" src=\"https:\/\/vieassociative.be\/actualites\/wp-content\/uploads\/2025\/08\/Election-de-Freddy-pour-la-mort-de-Gerhard-Palm.jpg\" alt=\"\" width=\"300\" height=\"200\"  ><\/div>\n<p>Palm a \u00e9t\u00e9 humble au Conseil de l&rsquo;Association culturelle allemande (RDK) au cours des premi\u00e8res ann\u00e9es, bien qu&rsquo;il ait \u00e9t\u00e9 regard\u00e9 que cela bouillonnait en lui quand Albert Gehlen, Ferdy Dupont ou \u00ab\u00a0The Long Fred\u00a0\u00bb Evers sont all\u00e9s \u00e0 l&rsquo;orateur. Quand il a finalement pu laisser son talent rh\u00e9torique se d\u00e9rouler, une autre image PDB est apparue. \u00ab\u00a0Wallonian Boot Deck\u00a0\u00bb \u00ab\u00a0n&rsquo;\u00e9tait pas son dicton, bien qu&rsquo;il ait \u00e9galement accus\u00e9\u00a0\u00bb le colonialisme de la t\u00eate de Belge orientale \u00ab\u00a0dans un d\u00e9bat fondamental en Wallonie.<\/p>\n<p>Oui, Palm \u00e9tait craint dans les rangs du go\u00fbt et souvent souvent de la majorit\u00e9 de l&rsquo;entretien: il en savait trop. Au mieux, il a pu \u00ab\u00a0KHL\u00a0\u00bb et Albert Gehlen. Mais encore plus: le porte-parole le mieux inform\u00e9 de PDB a pu le pr\u00e9senter en m\u00eame temps, comme MT, la diapositive du calcul, sans parler dans une langue terrestre. Lorsqu&rsquo;il a pr\u00e9sent\u00e9 sa note pour la presse \u00e0 la presse pour la presse en une s\u00e9ance d&rsquo;une heure, il \u00e9tait difficile de comprendre, qui a servi d&rsquo;aide \u00e0 la pens\u00e9e. Seul Karl-Heinz Lambertz a pu l&rsquo;imiter sur un couvercle de bi\u00e8re.<\/p>\n<p><strong>&#8211; diff\u00e9rend sur l&rsquo;oncle Hermann Niermann:<\/strong> Une confrontation difficile avec lui a \u00e9t\u00e9 la d\u00e9claration devant le comit\u00e9 d&rsquo;enqu\u00eate sur l&rsquo;affaire Niermann. Apr\u00e8s que le pr\u00e9sident Mathieu Grosch ait eu la parole, il m&rsquo;a bombard\u00e9 de questions orageuses concernant un m\u00e9decin anesth\u00e9sique \u00e0 D\u00fcsseldorf, qui, selon une explication de l&rsquo;enqu\u00eateur de Bolzano en tant que \u00ab\u00a0combattant de la libert\u00e9\u00a0\u00bb, a \u00e9t\u00e9 impliqu\u00e9 dans le meurtre de plusieurs carabiniers en forme de porcelaine. Gerhard Palm croyait que j&rsquo;avais des contacts avec cet homme, mais cela ne correspondait pas aux faits.<\/p>\n<\/p>\n<div id=\"attachment_263099\" class=\"wp-caption alignleft\" style=\"max-width: 225px\"><img decoding=\"async\" class=\"wp-image-263099 size-medium\" src=\"https:\/\/vieassociative.be\/actualites\/wp-content\/uploads\/2025\/08\/Election-de-Freddy-pour-la-mort-de-Gerhard-Palm.jpeg\" alt=\"\" width=\"225\" height=\"300\"  ><\/div>\n<p> L&rsquo;attaque contre les bandes en porcelaine a \u00e9t\u00e9 une attaque terroriste le 25 juin 1967, dans laquelle quatre soldats italiens sont morts sur la colonne vert\u00e9brale en porcelaine, \u00e0 la fronti\u00e8re entre le Tyrol (Autriche) et la Cadore (province de Belluno, Italie). La paternit\u00e9 de l&rsquo;attaque non \u00e9clair\u00e9e est controvers\u00e9e. Selon des informations italiennes officielles, ils ont \u00e9t\u00e9 tu\u00e9s par des mines, qui ont \u00e9t\u00e9 pos\u00e9es par des membres du comit\u00e9 de lib\u00e9ration du Tyrol du Sud.<\/p>\n<p><strong>&#8211; \u00ab\u00a0Bosch en Belgique\u00a0\u00bb strictement controvers\u00e9:<\/strong> Pendant ce temps, le rapport de \u00ab\u00a0MP Palm Journaliste des \u00e9lections\u00a0\u00bb \u00e9tait \u00e0 un niveau glacial. Lorsque le Premier ministre Lambertz a recommand\u00e9 de lire mon roman cl\u00e9 \u00ab\u00a0Bosch en Belgique\u00a0\u00bb et a m\u00eame cit\u00e9 cela au Parlement, le Palm Gerhard d\u00e9cha\u00een\u00e9 a rejet\u00e9 cela qu&rsquo;il n&rsquo;avait pas lu les \u00ab\u00a0mani\u00e8res po\u00e9tiques\u00a0\u00bb.<\/p>\n<p>Apr\u00e8s la fin du PDB, il est devenu plus silencieux sur Gerhard Palm, bien qu&rsquo;il ait \u00e9t\u00e9 reconnu par la municipalit\u00e9 de B\u00fcllingen en tant que maire honoraire. Sa critique autrefois virulente est venue tr\u00e8s mod\u00e9r\u00e9e, voire positive pour l&rsquo;autonomie d\u00e9velopp\u00e9e.<\/p>\n<p><strong>-Les affirmations de Palm radi\u00e9es:<\/strong> C&rsquo;est aussi son \u00ab\u00a0sort\u00a0\u00bb politique. La plupart de ce qui a \u00e9t\u00e9 progressivement r\u00e9alis\u00e9, il avait pens\u00e9 et exig\u00e9 dans la salle d&rsquo;\u00e9tude silencieuse avec une intelligence m\u00e9ticuleuse. Ainsi, il est devenu une personnalit\u00e9 symbolique qui, en tant que pionnier et tribun sur les tranch\u00e9es politiques d&rsquo;humilit\u00e9 courageuse, s&rsquo;est battue pour ses croyances sans jamais \u00eatre responsable. <\/p>\n<p>Pour un \u00ab\u00a0P\u00f6stchen dans The Alte Post\u00a0\u00bb, lui et ses amis politiques \u00e9taient hors de question et bannis. Sa seule consolation: CSP, SP et PFF ne voulaient rien savoir sur lui depuis longtemps, mais la chose la plus importante de lui a not\u00e9. Gerhard Palm a apport\u00e9 une contribution \u00e0 sa patrie orientale. (FD)<\/p>\n","protected":false},"excerpt":{"rendered":"<p>Gerhard Palm, co-fondateur du Parti belge allemand (PDB) et ancien maire de B\u00fcllingen, est d\u00e9c\u00e9d\u00e9 samedi dernier \u00e0 l&rsquo;\u00e2ge de 78 ans. Gerhard Palm appartenait<\/p>\n","protected":false},"author":1,"featured_media":9639,"comment_status":"","ping_status":"","sticky":false,"template":"","format":"standard","meta":{"footnotes":""},"categories":[298],"tags":[2783,4912,8312,1717,8313,81],"class_list":["post-9638","post","type-post","status-publish","format-standard","has-post-thumbnail","hentry","category-belgique","tag-election","tag-freddy","tag-gerhard","tag-mort","tag-palm","tag-pour","generate-columns","tablet-grid-50","mobile-grid-100","grid-parent","grid-33"],"yoast_head":"<!-- This site is optimized with the Yoast SEO plugin v24.0 - https:\/\/yoast.com\/wordpress\/plugins\/seo\/ -->\n<title>\u00c9lection de Freddy pour la mort de Gerhard Palm | Vie Associative<\/title>\n<meta name=\"robots\" content=\"index, follow, max-snippet:-1, max-image-preview:large, max-video-preview:-1\" \/>\n<link rel=\"canonical\" href=\"https:\/\/vieassociative.be\/actualites\/election-de-freddy-pour-la-mort-de-gerhard-palm\/\" \/>\n<meta property=\"og:locale\" content=\"fr_FR\" \/>\n<meta property=\"og:type\" content=\"article\" \/>\n<meta property=\"og:title\" content=\"\u00c9lection de Freddy pour la mort de Gerhard Palm | Vie Associative\" \/>\n<meta property=\"og:description\" content=\"Gerhard Palm, co-fondateur du Parti belge allemand (PDB) et ancien maire de B\u00fcllingen, est d\u00e9c\u00e9d\u00e9 samedi dernier \u00e0 l&rsquo;\u00e2ge de 78 ans. Gerhard Palm appartenait\" \/>\n<meta property=\"og:url\" content=\"https:\/\/vieassociative.be\/actualites\/election-de-freddy-pour-la-mort-de-gerhard-palm\/\" \/>\n<meta property=\"og:site_name\" content=\"Vie Associative\" \/>\n<meta property=\"article:published_time\" content=\"2025-08-26T14:17:22+00:00\" \/>\n<meta property=\"og:image\" content=\"https:\/\/vieassociative.be\/actualites\/wp-content\/uploads\/2024\/09\/header_backgroundk-01-e1726694325946.png\" \/>\n\t<meta property=\"og:image:width\" content=\"279\" \/>\n\t<meta property=\"og:image:height\" content=\"92\" \/>\n\t<meta property=\"og:image:type\" content=\"image\/png\" \/>\n<meta name=\"author\" content=\"Julien\" \/>\n<meta name=\"twitter:card\" content=\"summary_large_image\" \/>\n<meta name=\"twitter:label1\" content=\"\u00c9crit par\" \/>\n\t<meta name=\"twitter:data1\" content=\"Julien\" \/>\n\t<meta name=\"twitter:label2\" content=\"Dur\u00e9e de lecture est.\" \/>\n\t<meta name=\"twitter:data2\" content=\"5 minutes\" \/>\n<script type=\"application\/ld+json\" class=\"yoast-schema-graph\">{\"@context\":\"https:\/\/schema.org\",\"@graph\":[{\"@type\":\"Article\",\"@id\":\"https:\/\/vieassociative.be\/actualites\/election-de-freddy-pour-la-mort-de-gerhard-palm\/#article\",\"isPartOf\":{\"@id\":\"https:\/\/vieassociative.be\/actualites\/election-de-freddy-pour-la-mort-de-gerhard-palm\/\"},\"author\":{\"name\":\"Julien\",\"@id\":\"https:\/\/vieassociative.be\/actualites\/#\/schema\/person\/b87ac4f82f9d4e7b7cec7395b679edc4\"},\"headline\":\"\u00c9lection de Freddy pour la mort de Gerhard Palm\",\"datePublished\":\"2025-08-26T14:17:22+00:00\",\"dateModified\":\"2025-08-26T14:17:22+00:00\",\"mainEntityOfPage\":{\"@id\":\"https:\/\/vieassociative.be\/actualites\/election-de-freddy-pour-la-mort-de-gerhard-palm\/\"},\"wordCount\":1016,\"publisher\":{\"@id\":\"https:\/\/vieassociative.be\/actualites\/#organization\"},\"image\":{\"@id\":\"https:\/\/vieassociative.be\/actualites\/election-de-freddy-pour-la-mort-de-gerhard-palm\/#primaryimage\"},\"thumbnailUrl\":\"https:\/\/vieassociative.be\/actualites\/wp-content\/uploads\/2025\/08\/1756217842_Election-de-Freddy-pour-la-mort-de-Gerhard-Palm.jpg\",\"keywords\":[\"\u00c9lection\",\"Freddy\",\"Gerhard\",\"mort\",\"Palm\",\"pour\"],\"articleSection\":[\"Belgique\"],\"inLanguage\":\"fr-BE\"},{\"@type\":\"WebPage\",\"@id\":\"https:\/\/vieassociative.be\/actualites\/election-de-freddy-pour-la-mort-de-gerhard-palm\/\",\"url\":\"https:\/\/vieassociative.be\/actualites\/election-de-freddy-pour-la-mort-de-gerhard-palm\/\",\"name\":\"\u00c9lection de Freddy pour la mort de Gerhard Palm | Vie Associative\",\"isPartOf\":{\"@id\":\"https:\/\/vieassociative.be\/actualites\/#website\"},\"primaryImageOfPage\":{\"@id\":\"https:\/\/vieassociative.be\/actualites\/election-de-freddy-pour-la-mort-de-gerhard-palm\/#primaryimage\"},\"image\":{\"@id\":\"https:\/\/vieassociative.be\/actualites\/election-de-freddy-pour-la-mort-de-gerhard-palm\/#primaryimage\"},\"thumbnailUrl\":\"https:\/\/vieassociative.be\/actualites\/wp-content\/uploads\/2025\/08\/1756217842_Election-de-Freddy-pour-la-mort-de-Gerhard-Palm.jpg\",\"datePublished\":\"2025-08-26T14:17:22+00:00\",\"dateModified\":\"2025-08-26T14:17:22+00:00\",\"breadcrumb\":{\"@id\":\"https:\/\/vieassociative.be\/actualites\/election-de-freddy-pour-la-mort-de-gerhard-palm\/#breadcrumb\"},\"inLanguage\":\"fr-BE\",\"potentialAction\":[{\"@type\":\"ReadAction\",\"target\":[\"https:\/\/vieassociative.be\/actualites\/election-de-freddy-pour-la-mort-de-gerhard-palm\/\"]}]},{\"@type\":\"ImageObject\",\"inLanguage\":\"fr-BE\",\"@id\":\"https:\/\/vieassociative.be\/actualites\/election-de-freddy-pour-la-mort-de-gerhard-palm\/#primaryimage\",\"url\":\"https:\/\/vieassociative.be\/actualites\/wp-content\/uploads\/2025\/08\/1756217842_Election-de-Freddy-pour-la-mort-de-Gerhard-Palm.jpg\",\"contentUrl\":\"https:\/\/vieassociative.be\/actualites\/wp-content\/uploads\/2025\/08\/1756217842_Election-de-Freddy-pour-la-mort-de-Gerhard-Palm.jpg\",\"width\":1200,\"height\":752,\"caption\":\"\u00c9lection de Freddy pour la mort de Gerhard Palm\"},{\"@type\":\"BreadcrumbList\",\"@id\":\"https:\/\/vieassociative.be\/actualites\/election-de-freddy-pour-la-mort-de-gerhard-palm\/#breadcrumb\",\"itemListElement\":[{\"@type\":\"ListItem\",\"position\":1,\"name\":\"Accueil\",\"item\":\"https:\/\/vieassociative.be\/actualites\/\"},{\"@type\":\"ListItem\",\"position\":2,\"name\":\"\u00c9lection de Freddy pour la mort de Gerhard Palm\"}]},{\"@type\":\"WebSite\",\"@id\":\"https:\/\/vieassociative.be\/actualites\/#website\",\"url\":\"https:\/\/vieassociative.be\/actualites\/\",\"name\":\"Vie Associative\",\"description\":\"\",\"publisher\":{\"@id\":\"https:\/\/vieassociative.be\/actualites\/#organization\"},\"potentialAction\":[{\"@type\":\"SearchAction\",\"target\":{\"@type\":\"EntryPoint\",\"urlTemplate\":\"https:\/\/vieassociative.be\/actualites\/?s={search_term_string}\"},\"query-input\":{\"@type\":\"PropertyValueSpecification\",\"valueRequired\":true,\"valueName\":\"search_term_string\"}}],\"inLanguage\":\"fr-BE\"},{\"@type\":\"Organization\",\"@id\":\"https:\/\/vieassociative.be\/actualites\/#organization\",\"name\":\"Vie Associative\",\"url\":\"https:\/\/vieassociative.be\/actualites\/\",\"logo\":{\"@type\":\"ImageObject\",\"inLanguage\":\"fr-BE\",\"@id\":\"https:\/\/vieassociative.be\/actualites\/#\/schema\/logo\/image\/\",\"url\":\"https:\/\/vieassociative.be\/actualites\/wp-content\/uploads\/2024\/09\/cropped-vieassociative_favicon.ico.png\",\"contentUrl\":\"https:\/\/vieassociative.be\/actualites\/wp-content\/uploads\/2024\/09\/cropped-vieassociative_favicon.ico.png\",\"width\":512,\"height\":512,\"caption\":\"Vie Associative\"},\"image\":{\"@id\":\"https:\/\/vieassociative.be\/actualites\/#\/schema\/logo\/image\/\"}},{\"@type\":\"Person\",\"@id\":\"https:\/\/vieassociative.be\/actualites\/#\/schema\/person\/b87ac4f82f9d4e7b7cec7395b679edc4\",\"name\":\"Julien\",\"image\":{\"@type\":\"ImageObject\",\"inLanguage\":\"fr-BE\",\"@id\":\"https:\/\/vieassociative.be\/actualites\/#\/schema\/person\/image\/\",\"url\":\"https:\/\/vieassociative.be\/actualites\/wp-content\/uploads\/2024\/09\/vie-associative-1-150x150.jpg\",\"contentUrl\":\"https:\/\/vieassociative.be\/actualites\/wp-content\/uploads\/2024\/09\/vie-associative-1-150x150.jpg\",\"caption\":\"Julien\"},\"description\":\"Je suis Julien, r\u00e9dacteur pour Vie Associative. Passionn\u00e9 par le monde associatif depuis plus de 10 ans, j'ai \u00e0 c\u0153ur de partager des histoires inspirantes et de mettre en lumi\u00e8re les initiatives locales. Mon objectif est de sensibiliser et d'encourager l'engagement communautaire \u00e0 travers mes articles.\",\"sameAs\":[\"https:\/\/vieassociative.be\/\"]}]}<\/script>\n<!-- \/ Yoast SEO plugin. -->","yoast_head_json":{"title":"\u00c9lection de Freddy pour la mort de Gerhard Palm | Vie Associative","robots":{"index":"index","follow":"follow","max-snippet":"max-snippet:-1","max-image-preview":"max-image-preview:large","max-video-preview":"max-video-preview:-1"},"canonical":"https:\/\/vieassociative.be\/actualites\/election-de-freddy-pour-la-mort-de-gerhard-palm\/","og_locale":"fr_FR","og_type":"article","og_title":"\u00c9lection de Freddy pour la mort de Gerhard Palm | Vie Associative","og_description":"Gerhard Palm, co-fondateur du Parti belge allemand (PDB) et ancien maire de B\u00fcllingen, est d\u00e9c\u00e9d\u00e9 samedi dernier \u00e0 l&rsquo;\u00e2ge de 78 ans. Gerhard Palm appartenait","og_url":"https:\/\/vieassociative.be\/actualites\/election-de-freddy-pour-la-mort-de-gerhard-palm\/","og_site_name":"Vie Associative","article_published_time":"2025-08-26T14:17:22+00:00","og_image":[{"width":279,"height":92,"url":"https:\/\/vieassociative.be\/actualites\/wp-content\/uploads\/2024\/09\/header_backgroundk-01-e1726694325946.png","type":"image\/png"}],"author":"Julien","twitter_card":"summary_large_image","twitter_misc":{"\u00c9crit par":"Julien","Dur\u00e9e de lecture est.":"5 minutes"},"schema":{"@context":"https:\/\/schema.org","@graph":[{"@type":"Article","@id":"https:\/\/vieassociative.be\/actualites\/election-de-freddy-pour-la-mort-de-gerhard-palm\/#article","isPartOf":{"@id":"https:\/\/vieassociative.be\/actualites\/election-de-freddy-pour-la-mort-de-gerhard-palm\/"},"author":{"name":"Julien","@id":"https:\/\/vieassociative.be\/actualites\/#\/schema\/person\/b87ac4f82f9d4e7b7cec7395b679edc4"},"headline":"\u00c9lection de Freddy pour la mort de Gerhard Palm","datePublished":"2025-08-26T14:17:22+00:00","dateModified":"2025-08-26T14:17:22+00:00","mainEntityOfPage":{"@id":"https:\/\/vieassociative.be\/actualites\/election-de-freddy-pour-la-mort-de-gerhard-palm\/"},"wordCount":1016,"publisher":{"@id":"https:\/\/vieassociative.be\/actualites\/#organization"},"image":{"@id":"https:\/\/vieassociative.be\/actualites\/election-de-freddy-pour-la-mort-de-gerhard-palm\/#primaryimage"},"thumbnailUrl":"https:\/\/vieassociative.be\/actualites\/wp-content\/uploads\/2025\/08\/1756217842_Election-de-Freddy-pour-la-mort-de-Gerhard-Palm.jpg","keywords":["\u00c9lection","Freddy","Gerhard","mort","Palm","pour"],"articleSection":["Belgique"],"inLanguage":"fr-BE"},{"@type":"WebPage","@id":"https:\/\/vieassociative.be\/actualites\/election-de-freddy-pour-la-mort-de-gerhard-palm\/","url":"https:\/\/vieassociative.be\/actualites\/election-de-freddy-pour-la-mort-de-gerhard-palm\/","name":"\u00c9lection de Freddy pour la mort de Gerhard Palm | Vie Associative","isPartOf":{"@id":"https:\/\/vieassociative.be\/actualites\/#website"},"primaryImageOfPage":{"@id":"https:\/\/vieassociative.be\/actualites\/election-de-freddy-pour-la-mort-de-gerhard-palm\/#primaryimage"},"image":{"@id":"https:\/\/vieassociative.be\/actualites\/election-de-freddy-pour-la-mort-de-gerhard-palm\/#primaryimage"},"thumbnailUrl":"https:\/\/vieassociative.be\/actualites\/wp-content\/uploads\/2025\/08\/1756217842_Election-de-Freddy-pour-la-mort-de-Gerhard-Palm.jpg","datePublished":"2025-08-26T14:17:22+00:00","dateModified":"2025-08-26T14:17:22+00:00","breadcrumb":{"@id":"https:\/\/vieassociative.be\/actualites\/election-de-freddy-pour-la-mort-de-gerhard-palm\/#breadcrumb"},"inLanguage":"fr-BE","potentialAction":[{"@type":"ReadAction","target":["https:\/\/vieassociative.be\/actualites\/election-de-freddy-pour-la-mort-de-gerhard-palm\/"]}]},{"@type":"ImageObject","inLanguage":"fr-BE","@id":"https:\/\/vieassociative.be\/actualites\/election-de-freddy-pour-la-mort-de-gerhard-palm\/#primaryimage","url":"https:\/\/vieassociative.be\/actualites\/wp-content\/uploads\/2025\/08\/1756217842_Election-de-Freddy-pour-la-mort-de-Gerhard-Palm.jpg","contentUrl":"https:\/\/vieassociative.be\/actualites\/wp-content\/uploads\/2025\/08\/1756217842_Election-de-Freddy-pour-la-mort-de-Gerhard-Palm.jpg","width":1200,"height":752,"caption":"\u00c9lection de Freddy pour la mort de Gerhard Palm"},{"@type":"BreadcrumbList","@id":"https:\/\/vieassociative.be\/actualites\/election-de-freddy-pour-la-mort-de-gerhard-palm\/#breadcrumb","itemListElement":[{"@type":"ListItem","position":1,"name":"Accueil","item":"https:\/\/vieassociative.be\/actualites\/"},{"@type":"ListItem","position":2,"name":"\u00c9lection de Freddy pour la mort de Gerhard Palm"}]},{"@type":"WebSite","@id":"https:\/\/vieassociative.be\/actualites\/#website","url":"https:\/\/vieassociative.be\/actualites\/","name":"Vie Associative","description":"","publisher":{"@id":"https:\/\/vieassociative.be\/actualites\/#organization"},"potentialAction":[{"@type":"SearchAction","target":{"@type":"EntryPoint","urlTemplate":"https:\/\/vieassociative.be\/actualites\/?s={search_term_string}"},"query-input":{"@type":"PropertyValueSpecification","valueRequired":true,"valueName":"search_term_string"}}],"inLanguage":"fr-BE"},{"@type":"Organization","@id":"https:\/\/vieassociative.be\/actualites\/#organization","name":"Vie Associative","url":"https:\/\/vieassociative.be\/actualites\/","logo":{"@type":"ImageObject","inLanguage":"fr-BE","@id":"https:\/\/vieassociative.be\/actualites\/#\/schema\/logo\/image\/","url":"https:\/\/vieassociative.be\/actualites\/wp-content\/uploads\/2024\/09\/cropped-vieassociative_favicon.ico.png","contentUrl":"https:\/\/vieassociative.be\/actualites\/wp-content\/uploads\/2024\/09\/cropped-vieassociative_favicon.ico.png","width":512,"height":512,"caption":"Vie Associative"},"image":{"@id":"https:\/\/vieassociative.be\/actualites\/#\/schema\/logo\/image\/"}},{"@type":"Person","@id":"https:\/\/vieassociative.be\/actualites\/#\/schema\/person\/b87ac4f82f9d4e7b7cec7395b679edc4","name":"Julien","image":{"@type":"ImageObject","inLanguage":"fr-BE","@id":"https:\/\/vieassociative.be\/actualites\/#\/schema\/person\/image\/","url":"https:\/\/vieassociative.be\/actualites\/wp-content\/uploads\/2024\/09\/vie-associative-1-150x150.jpg","contentUrl":"https:\/\/vieassociative.be\/actualites\/wp-content\/uploads\/2024\/09\/vie-associative-1-150x150.jpg","caption":"Julien"},"description":"Je suis Julien, r\u00e9dacteur pour Vie Associative. Passionn\u00e9 par le monde associatif depuis plus de 10 ans, j'ai \u00e0 c\u0153ur de partager des histoires inspirantes et de mettre en lumi\u00e8re les initiatives locales. Mon objectif est de sensibiliser et d'encourager l'engagement communautaire \u00e0 travers mes articles.","sameAs":["https:\/\/vieassociative.be\/"]}]}},"_links":{"self":[{"href":"https:\/\/vieassociative.be\/actualites\/wp-json\/wp\/v2\/posts\/9638"}],"collection":[{"href":"https:\/\/vieassociative.be\/actualites\/wp-json\/wp\/v2\/posts"}],"about":[{"href":"https:\/\/vieassociative.be\/actualites\/wp-json\/wp\/v2\/types\/post"}],"author":[{"embeddable":true,"href":"https:\/\/vieassociative.be\/actualites\/wp-json\/wp\/v2\/users\/1"}],"replies":[{"embeddable":true,"href":"https:\/\/vieassociative.be\/actualites\/wp-json\/wp\/v2\/comments?post=9638"}],"version-history":[{"count":0,"href":"https:\/\/vieassociative.be\/actualites\/wp-json\/wp\/v2\/posts\/9638\/revisions"}],"wp:featuredmedia":[{"embeddable":true,"href":"https:\/\/vieassociative.be\/actualites\/wp-json\/wp\/v2\/media\/9639"}],"wp:attachment":[{"href":"https:\/\/vieassociative.be\/actualites\/wp-json\/wp\/v2\/media?parent=9638"}],"wp:term":[{"taxonomy":"category","embeddable":true,"href":"https:\/\/vieassociative.be\/actualites\/wp-json\/wp\/v2\/categories?post=9638"},{"taxonomy":"post_tag","embeddable":true,"href":"https:\/\/vieassociative.be\/actualites\/wp-json\/wp\/v2\/tags?post=9638"}],"curies":[{"name":"wp","href":"https:\/\/api.w.org\/{rel}","templated":true}]}}