{"id":9636,"date":"2025-08-26T15:17:38","date_gmt":"2025-08-26T13:17:38","guid":{"rendered":"https:\/\/vieassociative.be\/actualites\/lera-300-de-sonos-est-a-son-prix-le-plus-bas-pour-la-fete-du-travail\/"},"modified":"2025-08-26T15:17:38","modified_gmt":"2025-08-26T13:17:38","slug":"lera-300-de-sonos-est-a-son-prix-le-plus-bas-pour-la-fete-du-travail","status":"publish","type":"post","link":"https:\/\/vieassociative.be\/actualites\/lera-300-de-sonos-est-a-son-prix-le-plus-bas-pour-la-fete-du-travail\/","title":{"rendered":"L&rsquo;ERA 300 de Sonos est \u00e0 son prix le plus bas pour la f\u00eate du Travail"},"content":{"rendered":"<div class=\"mt-4 leading-6 md:mb-8\">Si vous avez regard\u00e9 un haut-parleur avec la lecture de Dolby Atmos pour la musique ou les films, c&rsquo;est le mod\u00e8le Sonos pour cela.<\/div>\n<p><\/p>\n<p><em>Ventes de la f\u00eate du Travail<\/em><em>  sont roul\u00e9s et Vie Associative partage les meilleures ventes<\/em><em>  Bas\u00e9 sur les revues de produits, les comparaisons et les outils de suivi des prix avant la fin. Vous pouvez \u00e9galement vous abonner \u00e0 notre newsletter de shopping<\/em><em>Ajouter au panier, pour les meilleures ventes envoy\u00e9es dans votre bo\u00eete de r\u00e9ception.<\/em><\/p>\n<p>Les ventes de la f\u00eate du Travail signifient g\u00e9n\u00e9ralement la chasse \u00e0 des r\u00e9ductions sur les articles gros billets &#8211; TV, tablettes, peut-\u00eatre m\u00eame une nouvelle paire d&rsquo;\u00e9couteurs. Mais cette ann\u00e9e, l&rsquo;une des meilleures offres que j&rsquo;ai rep\u00e9r\u00e9es est sur un haut-parleur \u00e0 domicile qui ne voit presque jamais de rabais: le Sonos Era 300. Il est actuellement assis \u00e0 359 $ sur Amazon (contre 449 $), ce qui est son prix le plus bas \u00e0 ce jour selon les trackers de prix.<\/p>\n<div class=\"pogoClear mb-12 mt-10 rounded-md border-2 border-gray-100 py-7 shadow-xl md:py-6\">\n<div class=\"flex flex-wrap justify-between px-7 text-black no-underline md:flex-nowrap md:px-8\">\n<div class=\"order-1 mx-auto flex flex-col justify-center md:order-2 md:ml-4 md:w-full md:grow\">\n<div class=\"block cursor-pointer text-center font-akshar text-2xl font-medium leading-7 text-brand-green duration-200 ease-in-out hover:text-brand-green-700 md:text-left md:text-xl md:leading-6\">Sonos Era 300 Black &#8211; Wireless\n                <\/div>\n<div class=\"mt-4 hidden md:flex md:justify-between\">\n<div class=\"self-end\">\n<div class=\"mb-0 h-11 md:flex md:flex-col md:justify-center\">\n<div class=\" font-sans leading-4 text-black\">\n<div class=\"flex flex-wrap items-center justify-center gap-1 md:justify-start\">\n        <span class=\"font-bold\"><\/p>\n<p>            359,00 $<br \/>\n                            <span class=\"font-medium\">\u00e0 Amazon<\/span><br \/>\n                    <\/span>\n            <\/div>\n<div class=\"flex items-center justify-center gap-x-1 font-bold md:justify-start\">\n            <span class=\"text-sm line-through\">449,00 $<\/span><br \/>\n            <span class=\"text-sm text-brand-green\">\u00c9conomisez 90,00 $<\/span>\n        <\/div>\n<\/p><\/div>\n<\/p><\/div>\n<\/p><\/div>\n<div class=\"w-44 self-end\">\n                            <button class=\"flex justify-center items-center w-full bg-brand-green text-white text-base font-sans font-medium rounded-md hover:bg-brand-green-700 hover:cursor-pointer md:text-sm h-11\"><\/p>\n<p>    Conclure un accord<br \/>\n<\/button>\n                        <\/div>\n<\/p><\/div>\n<\/p><\/div>\n<div class=\"order-2 mt-5 h-auto w-full md:order-1 md:mt-0 md:hidden\">\n<div class=\"flex aspect-video items-center justify-center\">\n                                            <img decoding=\"async\" class=\"m-0 max-h-full max-w-full rounded-md\" src=\"https:\/\/vieassociative.be\/actualites\/wp-content\/uploads\/2025\/08\/LERA-300-de-Sonos-est-a-son-prix-le-plus.png\" alt=\"Sonos 300\" width=\"auto\" height=\"auto\" loading=\"lazy\">\n                                    <\/div>\n<\/p><\/div>\n<div class=\"order-2 ml-2 hidden w-32 shrink-0 items-center md:order-1 md:ml-0 md:flex\">\n<div class=\"flex aspect-video items-center justify-center\">\n                                            <img decoding=\"async\" class=\"m-0 max-h-full max-w-full rounded-md\" src=\"https:\/\/vieassociative.be\/actualites\/wp-content\/uploads\/2025\/08\/LERA-300-de-Sonos-est-a-son-prix-le-plus.png\" alt=\"Sonos 300\" width=\"auto\" height=\"auto\" loading=\"lazy\">\n                                    <\/div>\n<\/p><\/div>\n<div class=\"order-3 flex grow flex-wrap md:hidden md:grow-0\">\n<div class=\"mt-4 w-full\">\n                        <button class=\"flex justify-center items-center w-full bg-brand-green text-white text-base font-sans font-medium rounded-md hover:bg-brand-green-700 hover:cursor-pointer md:text-sm h-11\"><\/p>\n<p>    Conclure un accord<br \/>\n<\/button>\n                    <\/div>\n<div class=\"mx-2 mt-4 w-full\">\n<div class=\" font-sans leading-4 text-black\">\n<div class=\"flex flex-wrap items-center justify-center gap-1 md:justify-start\">\n        <span class=\"font-bold\"><\/p>\n<p>            359,00 $<br \/>\n                            <span class=\"font-medium\">\u00e0 Amazon<\/span><br \/>\n                    <\/span>\n            <\/div>\n<div class=\"flex items-center justify-center gap-x-1 font-bold md:justify-start\">\n            <span class=\"text-sm line-through\">449,00 $<\/span><br \/>\n            <span class=\"text-sm text-brand-green\">\u00c9conomisez 90,00 $<\/span>\n        <\/div>\n<\/p><\/div>\n<\/p><\/div>\n<\/p><\/div>\n<\/p><\/div>\n<\/div>\n<p>Sonos a construit celui-ci avec un audio spatial \u00e0 l&rsquo;esprit, et le design le montre. \u00c0 premi\u00e8re vue, il ressemble un peu \u00e0 un sablier futuriste, mais la forme \u00e9trange est l\u00e0 pour abriter six pilotes point\u00e9s dans des directions diff\u00e9rentes &#8211; vers les c\u00f4t\u00e9s, et vers le haut &#8211; donc les pistes de Dolby Atmos ne se contentent pas de vous mais se propagent dans la pi\u00e8ce, cr\u00e9ant cette sensation cin\u00e9matographique large. Dans l&rsquo;ensemble, l&rsquo;ERA 300 offre un son \u00e9quilibr\u00e9 qui fonctionne bien dans diff\u00e9rents genres, bien que la basse ne soit pas aussi lourde hors de la bo\u00eete. Pourtant, vous pouvez modifier la basse pour le augmenter (ou le ramener) dans l&rsquo;application si vous souhaitez ajuster la sensation.<\/p>\n<p>De plus, il y a aussi un r\u00e9glage trueplay (long un point de vente de Sonos) qui optimise l&rsquo;audio pour l&rsquo;acoustique de votre pi\u00e8ce. En ce qui concerne la connectivit\u00e9, vous pouvez diffuser sur le wifi, vous connecter via Bluetooth ou utiliser AirPlay 2 si vous \u00eates dans l&rsquo;\u00e9cosyst\u00e8me Apple. Il y a \u00e9galement Alexa int\u00e9gr\u00e9e pour les commandes vocales et une option de ligne pour brancher d&rsquo;autres \u00e9quipements, bien qu&rsquo;il n\u00e9cessite un adaptateur s\u00e9par\u00e9. Ce que l&rsquo;ERA 300 n&rsquo;offre pas, c&rsquo;est la portabilit\u00e9 &#8211; c&rsquo;est un haut-parleur de neuf livres qui reste en place. Il n&rsquo;est pas imperm\u00e9able, pas aliment\u00e9 par batterie et ne destin\u00e9 pas \u00e0 vous accompagner lors de voyages en voiture. Mais si ce que vous voulez, c&rsquo;est un appareil qui remplit votre salon de son propre et \u00e9quilibr\u00e9, ce prix de la f\u00eate du Travail est aussi bon que possible.<\/p>\n<hr>\n","protected":false},"excerpt":{"rendered":"<p>Si vous avez regard\u00e9 un haut-parleur avec la lecture de Dolby Atmos pour la musique ou les films, c&rsquo;est le mod\u00e8le Sonos pour cela. Ventes<\/p>\n","protected":false},"author":1,"featured_media":9637,"comment_status":"","ping_status":"","sticky":false,"template":"","format":"standard","meta":{"footnotes":""},"categories":[13],"tags":[700,76,1485,8311,81,1399,800,1834,504],"class_list":["post-9636","post","type-post","status-publish","format-standard","has-post-thumbnail","hentry","category-technologie","tag-bas","tag-est","tag-fete","tag-lera","tag-pour","tag-prix","tag-son","tag-sonos","tag-travail","generate-columns","tablet-grid-50","mobile-grid-100","grid-parent","grid-33"],"yoast_head":"<!-- This site is optimized with the Yoast SEO plugin v24.0 - https:\/\/yoast.com\/wordpress\/plugins\/seo\/ -->\n<title>L&#039;ERA 300 de Sonos est \u00e0 son prix le plus bas pour la f\u00eate du Travail | Vie Associative<\/title>\n<meta name=\"robots\" content=\"index, follow, max-snippet:-1, max-image-preview:large, max-video-preview:-1\" \/>\n<link rel=\"canonical\" href=\"https:\/\/vieassociative.be\/actualites\/lera-300-de-sonos-est-a-son-prix-le-plus-bas-pour-la-fete-du-travail\/\" \/>\n<meta property=\"og:locale\" content=\"fr_FR\" \/>\n<meta property=\"og:type\" content=\"article\" \/>\n<meta property=\"og:title\" content=\"L&#039;ERA 300 de Sonos est \u00e0 son prix le plus bas pour la f\u00eate du Travail | Vie Associative\" \/>\n<meta property=\"og:description\" content=\"Si vous avez regard\u00e9 un haut-parleur avec la lecture de Dolby Atmos pour la musique ou les films, c&rsquo;est le mod\u00e8le Sonos pour cela. Ventes\" \/>\n<meta property=\"og:url\" content=\"https:\/\/vieassociative.be\/actualites\/lera-300-de-sonos-est-a-son-prix-le-plus-bas-pour-la-fete-du-travail\/\" \/>\n<meta property=\"og:site_name\" content=\"Vie Associative\" \/>\n<meta property=\"article:published_time\" content=\"2025-08-26T13:17:38+00:00\" \/>\n<meta property=\"og:image\" content=\"https:\/\/vieassociative.be\/actualites\/wp-content\/uploads\/2025\/08\/LERA-300-de-Sonos-est-a-son-prix-le-plus.png\" \/>\n<meta name=\"author\" content=\"Julien\" \/>\n<meta name=\"twitter:card\" content=\"summary_large_image\" \/>\n<meta name=\"twitter:label1\" content=\"\u00c9crit par\" \/>\n\t<meta name=\"twitter:data1\" content=\"Julien\" \/>\n\t<meta name=\"twitter:label2\" content=\"Dur\u00e9e de lecture est.\" \/>\n\t<meta name=\"twitter:data2\" content=\"2 minutes\" \/>\n<script type=\"application\/ld+json\" class=\"yoast-schema-graph\">{\"@context\":\"https:\/\/schema.org\",\"@graph\":[{\"@type\":\"Article\",\"@id\":\"https:\/\/vieassociative.be\/actualites\/lera-300-de-sonos-est-a-son-prix-le-plus-bas-pour-la-fete-du-travail\/#article\",\"isPartOf\":{\"@id\":\"https:\/\/vieassociative.be\/actualites\/lera-300-de-sonos-est-a-son-prix-le-plus-bas-pour-la-fete-du-travail\/\"},\"author\":{\"name\":\"Julien\",\"@id\":\"https:\/\/vieassociative.be\/actualites\/#\/schema\/person\/b87ac4f82f9d4e7b7cec7395b679edc4\"},\"headline\":\"L&rsquo;ERA 300 de Sonos est \u00e0 son prix le plus bas pour la f\u00eate du Travail\",\"datePublished\":\"2025-08-26T13:17:38+00:00\",\"dateModified\":\"2025-08-26T13:17:38+00:00\",\"mainEntityOfPage\":{\"@id\":\"https:\/\/vieassociative.be\/actualites\/lera-300-de-sonos-est-a-son-prix-le-plus-bas-pour-la-fete-du-travail\/\"},\"wordCount\":495,\"publisher\":{\"@id\":\"https:\/\/vieassociative.be\/actualites\/#organization\"},\"image\":{\"@id\":\"https:\/\/vieassociative.be\/actualites\/lera-300-de-sonos-est-a-son-prix-le-plus-bas-pour-la-fete-du-travail\/#primaryimage\"},\"thumbnailUrl\":\"https:\/\/vieassociative.be\/actualites\/wp-content\/uploads\/2025\/08\/1756214259_LERA-300-de-Sonos-est-a-son-prix-le-plus.png\",\"keywords\":[\"bas\",\"est\",\"f\u00eate\",\"LERA\",\"pour\",\"prix\",\"son\",\"Sonos\",\"travail\"],\"articleSection\":[\"Technologie\"],\"inLanguage\":\"fr-BE\"},{\"@type\":\"WebPage\",\"@id\":\"https:\/\/vieassociative.be\/actualites\/lera-300-de-sonos-est-a-son-prix-le-plus-bas-pour-la-fete-du-travail\/\",\"url\":\"https:\/\/vieassociative.be\/actualites\/lera-300-de-sonos-est-a-son-prix-le-plus-bas-pour-la-fete-du-travail\/\",\"name\":\"L'ERA 300 de Sonos est \u00e0 son prix le plus bas pour la f\u00eate du Travail | Vie Associative\",\"isPartOf\":{\"@id\":\"https:\/\/vieassociative.be\/actualites\/#website\"},\"primaryImageOfPage\":{\"@id\":\"https:\/\/vieassociative.be\/actualites\/lera-300-de-sonos-est-a-son-prix-le-plus-bas-pour-la-fete-du-travail\/#primaryimage\"},\"image\":{\"@id\":\"https:\/\/vieassociative.be\/actualites\/lera-300-de-sonos-est-a-son-prix-le-plus-bas-pour-la-fete-du-travail\/#primaryimage\"},\"thumbnailUrl\":\"https:\/\/vieassociative.be\/actualites\/wp-content\/uploads\/2025\/08\/1756214259_LERA-300-de-Sonos-est-a-son-prix-le-plus.png\",\"datePublished\":\"2025-08-26T13:17:38+00:00\",\"dateModified\":\"2025-08-26T13:17:38+00:00\",\"breadcrumb\":{\"@id\":\"https:\/\/vieassociative.be\/actualites\/lera-300-de-sonos-est-a-son-prix-le-plus-bas-pour-la-fete-du-travail\/#breadcrumb\"},\"inLanguage\":\"fr-BE\",\"potentialAction\":[{\"@type\":\"ReadAction\",\"target\":[\"https:\/\/vieassociative.be\/actualites\/lera-300-de-sonos-est-a-son-prix-le-plus-bas-pour-la-fete-du-travail\/\"]}]},{\"@type\":\"ImageObject\",\"inLanguage\":\"fr-BE\",\"@id\":\"https:\/\/vieassociative.be\/actualites\/lera-300-de-sonos-est-a-son-prix-le-plus-bas-pour-la-fete-du-travail\/#primaryimage\",\"url\":\"https:\/\/vieassociative.be\/actualites\/wp-content\/uploads\/2025\/08\/1756214259_LERA-300-de-Sonos-est-a-son-prix-le-plus.png\",\"contentUrl\":\"https:\/\/vieassociative.be\/actualites\/wp-content\/uploads\/2025\/08\/1756214259_LERA-300-de-Sonos-est-a-son-prix-le-plus.png\",\"width\":1200,\"height\":675,\"caption\":\"L'ERA 300 de Sonos est \u00e0 son prix le plus bas pour la f\u00eate du Travail\"},{\"@type\":\"BreadcrumbList\",\"@id\":\"https:\/\/vieassociative.be\/actualites\/lera-300-de-sonos-est-a-son-prix-le-plus-bas-pour-la-fete-du-travail\/#breadcrumb\",\"itemListElement\":[{\"@type\":\"ListItem\",\"position\":1,\"name\":\"Accueil\",\"item\":\"https:\/\/vieassociative.be\/actualites\/\"},{\"@type\":\"ListItem\",\"position\":2,\"name\":\"L&rsquo;ERA 300 de Sonos est \u00e0 son prix le plus bas pour la f\u00eate du Travail\"}]},{\"@type\":\"WebSite\",\"@id\":\"https:\/\/vieassociative.be\/actualites\/#website\",\"url\":\"https:\/\/vieassociative.be\/actualites\/\",\"name\":\"Vie Associative\",\"description\":\"\",\"publisher\":{\"@id\":\"https:\/\/vieassociative.be\/actualites\/#organization\"},\"potentialAction\":[{\"@type\":\"SearchAction\",\"target\":{\"@type\":\"EntryPoint\",\"urlTemplate\":\"https:\/\/vieassociative.be\/actualites\/?s={search_term_string}\"},\"query-input\":{\"@type\":\"PropertyValueSpecification\",\"valueRequired\":true,\"valueName\":\"search_term_string\"}}],\"inLanguage\":\"fr-BE\"},{\"@type\":\"Organization\",\"@id\":\"https:\/\/vieassociative.be\/actualites\/#organization\",\"name\":\"Vie Associative\",\"url\":\"https:\/\/vieassociative.be\/actualites\/\",\"logo\":{\"@type\":\"ImageObject\",\"inLanguage\":\"fr-BE\",\"@id\":\"https:\/\/vieassociative.be\/actualites\/#\/schema\/logo\/image\/\",\"url\":\"https:\/\/vieassociative.be\/actualites\/wp-content\/uploads\/2024\/09\/cropped-vieassociative_favicon.ico.png\",\"contentUrl\":\"https:\/\/vieassociative.be\/actualites\/wp-content\/uploads\/2024\/09\/cropped-vieassociative_favicon.ico.png\",\"width\":512,\"height\":512,\"caption\":\"Vie Associative\"},\"image\":{\"@id\":\"https:\/\/vieassociative.be\/actualites\/#\/schema\/logo\/image\/\"}},{\"@type\":\"Person\",\"@id\":\"https:\/\/vieassociative.be\/actualites\/#\/schema\/person\/b87ac4f82f9d4e7b7cec7395b679edc4\",\"name\":\"Julien\",\"image\":{\"@type\":\"ImageObject\",\"inLanguage\":\"fr-BE\",\"@id\":\"https:\/\/vieassociative.be\/actualites\/#\/schema\/person\/image\/\",\"url\":\"https:\/\/vieassociative.be\/actualites\/wp-content\/uploads\/2024\/09\/vie-associative-1-150x150.jpg\",\"contentUrl\":\"https:\/\/vieassociative.be\/actualites\/wp-content\/uploads\/2024\/09\/vie-associative-1-150x150.jpg\",\"caption\":\"Julien\"},\"description\":\"Je suis Julien, r\u00e9dacteur pour Vie Associative. Passionn\u00e9 par le monde associatif depuis plus de 10 ans, j'ai \u00e0 c\u0153ur de partager des histoires inspirantes et de mettre en lumi\u00e8re les initiatives locales. Mon objectif est de sensibiliser et d'encourager l'engagement communautaire \u00e0 travers mes articles.\",\"sameAs\":[\"https:\/\/vieassociative.be\/\"]}]}<\/script>\n<!-- \/ Yoast SEO plugin. -->","yoast_head_json":{"title":"L'ERA 300 de Sonos est \u00e0 son prix le plus bas pour la f\u00eate du Travail | Vie Associative","robots":{"index":"index","follow":"follow","max-snippet":"max-snippet:-1","max-image-preview":"max-image-preview:large","max-video-preview":"max-video-preview:-1"},"canonical":"https:\/\/vieassociative.be\/actualites\/lera-300-de-sonos-est-a-son-prix-le-plus-bas-pour-la-fete-du-travail\/","og_locale":"fr_FR","og_type":"article","og_title":"L'ERA 300 de Sonos est \u00e0 son prix le plus bas pour la f\u00eate du Travail | Vie Associative","og_description":"Si vous avez regard\u00e9 un haut-parleur avec la lecture de Dolby Atmos pour la musique ou les films, c&rsquo;est le mod\u00e8le Sonos pour cela. Ventes","og_url":"https:\/\/vieassociative.be\/actualites\/lera-300-de-sonos-est-a-son-prix-le-plus-bas-pour-la-fete-du-travail\/","og_site_name":"Vie Associative","article_published_time":"2025-08-26T13:17:38+00:00","og_image":[{"url":"https:\/\/vieassociative.be\/actualites\/wp-content\/uploads\/2025\/08\/LERA-300-de-Sonos-est-a-son-prix-le-plus.png","type":"","width":"","height":""}],"author":"Julien","twitter_card":"summary_large_image","twitter_misc":{"\u00c9crit par":"Julien","Dur\u00e9e de lecture est.":"2 minutes"},"schema":{"@context":"https:\/\/schema.org","@graph":[{"@type":"Article","@id":"https:\/\/vieassociative.be\/actualites\/lera-300-de-sonos-est-a-son-prix-le-plus-bas-pour-la-fete-du-travail\/#article","isPartOf":{"@id":"https:\/\/vieassociative.be\/actualites\/lera-300-de-sonos-est-a-son-prix-le-plus-bas-pour-la-fete-du-travail\/"},"author":{"name":"Julien","@id":"https:\/\/vieassociative.be\/actualites\/#\/schema\/person\/b87ac4f82f9d4e7b7cec7395b679edc4"},"headline":"L&rsquo;ERA 300 de Sonos est \u00e0 son prix le plus bas pour la f\u00eate du Travail","datePublished":"2025-08-26T13:17:38+00:00","dateModified":"2025-08-26T13:17:38+00:00","mainEntityOfPage":{"@id":"https:\/\/vieassociative.be\/actualites\/lera-300-de-sonos-est-a-son-prix-le-plus-bas-pour-la-fete-du-travail\/"},"wordCount":495,"publisher":{"@id":"https:\/\/vieassociative.be\/actualites\/#organization"},"image":{"@id":"https:\/\/vieassociative.be\/actualites\/lera-300-de-sonos-est-a-son-prix-le-plus-bas-pour-la-fete-du-travail\/#primaryimage"},"thumbnailUrl":"https:\/\/vieassociative.be\/actualites\/wp-content\/uploads\/2025\/08\/1756214259_LERA-300-de-Sonos-est-a-son-prix-le-plus.png","keywords":["bas","est","f\u00eate","LERA","pour","prix","son","Sonos","travail"],"articleSection":["Technologie"],"inLanguage":"fr-BE"},{"@type":"WebPage","@id":"https:\/\/vieassociative.be\/actualites\/lera-300-de-sonos-est-a-son-prix-le-plus-bas-pour-la-fete-du-travail\/","url":"https:\/\/vieassociative.be\/actualites\/lera-300-de-sonos-est-a-son-prix-le-plus-bas-pour-la-fete-du-travail\/","name":"L'ERA 300 de Sonos est \u00e0 son prix le plus bas pour la f\u00eate du Travail | Vie Associative","isPartOf":{"@id":"https:\/\/vieassociative.be\/actualites\/#website"},"primaryImageOfPage":{"@id":"https:\/\/vieassociative.be\/actualites\/lera-300-de-sonos-est-a-son-prix-le-plus-bas-pour-la-fete-du-travail\/#primaryimage"},"image":{"@id":"https:\/\/vieassociative.be\/actualites\/lera-300-de-sonos-est-a-son-prix-le-plus-bas-pour-la-fete-du-travail\/#primaryimage"},"thumbnailUrl":"https:\/\/vieassociative.be\/actualites\/wp-content\/uploads\/2025\/08\/1756214259_LERA-300-de-Sonos-est-a-son-prix-le-plus.png","datePublished":"2025-08-26T13:17:38+00:00","dateModified":"2025-08-26T13:17:38+00:00","breadcrumb":{"@id":"https:\/\/vieassociative.be\/actualites\/lera-300-de-sonos-est-a-son-prix-le-plus-bas-pour-la-fete-du-travail\/#breadcrumb"},"inLanguage":"fr-BE","potentialAction":[{"@type":"ReadAction","target":["https:\/\/vieassociative.be\/actualites\/lera-300-de-sonos-est-a-son-prix-le-plus-bas-pour-la-fete-du-travail\/"]}]},{"@type":"ImageObject","inLanguage":"fr-BE","@id":"https:\/\/vieassociative.be\/actualites\/lera-300-de-sonos-est-a-son-prix-le-plus-bas-pour-la-fete-du-travail\/#primaryimage","url":"https:\/\/vieassociative.be\/actualites\/wp-content\/uploads\/2025\/08\/1756214259_LERA-300-de-Sonos-est-a-son-prix-le-plus.png","contentUrl":"https:\/\/vieassociative.be\/actualites\/wp-content\/uploads\/2025\/08\/1756214259_LERA-300-de-Sonos-est-a-son-prix-le-plus.png","width":1200,"height":675,"caption":"L'ERA 300 de Sonos est \u00e0 son prix le plus bas pour la f\u00eate du Travail"},{"@type":"BreadcrumbList","@id":"https:\/\/vieassociative.be\/actualites\/lera-300-de-sonos-est-a-son-prix-le-plus-bas-pour-la-fete-du-travail\/#breadcrumb","itemListElement":[{"@type":"ListItem","position":1,"name":"Accueil","item":"https:\/\/vieassociative.be\/actualites\/"},{"@type":"ListItem","position":2,"name":"L&rsquo;ERA 300 de Sonos est \u00e0 son prix le plus bas pour la f\u00eate du Travail"}]},{"@type":"WebSite","@id":"https:\/\/vieassociative.be\/actualites\/#website","url":"https:\/\/vieassociative.be\/actualites\/","name":"Vie Associative","description":"","publisher":{"@id":"https:\/\/vieassociative.be\/actualites\/#organization"},"potentialAction":[{"@type":"SearchAction","target":{"@type":"EntryPoint","urlTemplate":"https:\/\/vieassociative.be\/actualites\/?s={search_term_string}"},"query-input":{"@type":"PropertyValueSpecification","valueRequired":true,"valueName":"search_term_string"}}],"inLanguage":"fr-BE"},{"@type":"Organization","@id":"https:\/\/vieassociative.be\/actualites\/#organization","name":"Vie Associative","url":"https:\/\/vieassociative.be\/actualites\/","logo":{"@type":"ImageObject","inLanguage":"fr-BE","@id":"https:\/\/vieassociative.be\/actualites\/#\/schema\/logo\/image\/","url":"https:\/\/vieassociative.be\/actualites\/wp-content\/uploads\/2024\/09\/cropped-vieassociative_favicon.ico.png","contentUrl":"https:\/\/vieassociative.be\/actualites\/wp-content\/uploads\/2024\/09\/cropped-vieassociative_favicon.ico.png","width":512,"height":512,"caption":"Vie Associative"},"image":{"@id":"https:\/\/vieassociative.be\/actualites\/#\/schema\/logo\/image\/"}},{"@type":"Person","@id":"https:\/\/vieassociative.be\/actualites\/#\/schema\/person\/b87ac4f82f9d4e7b7cec7395b679edc4","name":"Julien","image":{"@type":"ImageObject","inLanguage":"fr-BE","@id":"https:\/\/vieassociative.be\/actualites\/#\/schema\/person\/image\/","url":"https:\/\/vieassociative.be\/actualites\/wp-content\/uploads\/2024\/09\/vie-associative-1-150x150.jpg","contentUrl":"https:\/\/vieassociative.be\/actualites\/wp-content\/uploads\/2024\/09\/vie-associative-1-150x150.jpg","caption":"Julien"},"description":"Je suis Julien, r\u00e9dacteur pour Vie Associative. Passionn\u00e9 par le monde associatif depuis plus de 10 ans, j'ai \u00e0 c\u0153ur de partager des histoires inspirantes et de mettre en lumi\u00e8re les initiatives locales. Mon objectif est de sensibiliser et d'encourager l'engagement communautaire \u00e0 travers mes articles.","sameAs":["https:\/\/vieassociative.be\/"]}]}},"_links":{"self":[{"href":"https:\/\/vieassociative.be\/actualites\/wp-json\/wp\/v2\/posts\/9636"}],"collection":[{"href":"https:\/\/vieassociative.be\/actualites\/wp-json\/wp\/v2\/posts"}],"about":[{"href":"https:\/\/vieassociative.be\/actualites\/wp-json\/wp\/v2\/types\/post"}],"author":[{"embeddable":true,"href":"https:\/\/vieassociative.be\/actualites\/wp-json\/wp\/v2\/users\/1"}],"replies":[{"embeddable":true,"href":"https:\/\/vieassociative.be\/actualites\/wp-json\/wp\/v2\/comments?post=9636"}],"version-history":[{"count":0,"href":"https:\/\/vieassociative.be\/actualites\/wp-json\/wp\/v2\/posts\/9636\/revisions"}],"wp:featuredmedia":[{"embeddable":true,"href":"https:\/\/vieassociative.be\/actualites\/wp-json\/wp\/v2\/media\/9637"}],"wp:attachment":[{"href":"https:\/\/vieassociative.be\/actualites\/wp-json\/wp\/v2\/media?parent=9636"}],"wp:term":[{"taxonomy":"category","embeddable":true,"href":"https:\/\/vieassociative.be\/actualites\/wp-json\/wp\/v2\/categories?post=9636"},{"taxonomy":"post_tag","embeddable":true,"href":"https:\/\/vieassociative.be\/actualites\/wp-json\/wp\/v2\/tags?post=9636"}],"curies":[{"name":"wp","href":"https:\/\/api.w.org\/{rel}","templated":true}]}}