{"id":9635,"date":"2025-08-26T13:19:43","date_gmt":"2025-08-26T11:19:43","guid":{"rendered":"https:\/\/vieassociative.be\/actualites\/ce-sont-les-meilleures-offres-de-technologie-et-dappareils-electromenagers-pour-la-fete-du-travail-chez-best-buy-2\/"},"modified":"2025-08-26T13:19:43","modified_gmt":"2025-08-26T11:19:43","slug":"ce-sont-les-meilleures-offres-de-technologie-et-dappareils-electromenagers-pour-la-fete-du-travail-chez-best-buy-2","status":"publish","type":"post","link":"https:\/\/vieassociative.be\/actualites\/ce-sont-les-meilleures-offres-de-technologie-et-dappareils-electromenagers-pour-la-fete-du-travail-chez-best-buy-2\/","title":{"rendered":"Ce sont les meilleures offres de technologie et d&rsquo;appareils \u00e9lectrom\u00e9nagers pour la f\u00eate du Travail chez Best Buy"},"content":{"rendered":"<div class=\"mt-4 leading-6 md:mb-8\">Best Buy a une vente massive de la f\u00eate du Travail sur les appareils \u00e9lectrom\u00e9nagers, les t\u00e9l\u00e9viseurs, les iPads, les ordinateurs portables, les \u00e9couteurs et plus encore, avec jusqu&rsquo;\u00e0 50% de r\u00e9duction.<\/div>\n<p><\/p>\n<p><em>Ventes de la f\u00eate du Travail<\/em><em>  sont roul\u00e9s et Vie Associative partage les meilleures ventes<\/em><em>  Bas\u00e9 sur les revues de produits, les comparaisons et les outils de suivi des prix avant la fin. Vous pouvez \u00e9galement vous abonner \u00e0 notre newsletter de shopping<\/em><em>Ajouter au panier, pour les meilleures ventes envoy\u00e9es dans votre bo\u00eete de r\u00e9ception.<\/em><\/p>\n<hr>\n<p>Amazon n&rsquo;est pas le seul grand d\u00e9taillant avec de solides offres de la f\u00eate du Travail. Best Buy saute \u00e9galement sur l&rsquo;action, avec des offres sur les appareils \u00e9lectrom\u00e9nagers, les t\u00e9l\u00e9viseurs, les iPads, les ordinateurs portables, les \u00e9couteurs, et plus encore de grandes marques fonctionnant jusqu&rsquo;au 1er septembre. J&rsquo;ai utilis\u00e9 des outils de suivi des prix pour m&rsquo;assurer que ces offres technologiques sont l\u00e9gitimes et ont rendu une liste des meilleurs pour faciliter vos achats. Voici quelques-uns des meilleurs \u00e0 ce jour.<\/p>\n<div class=\"shadow-b-2 mb-12 mt-10 rounded-md border-2 border-(#F0F0F0) px-6 py-2 shadow-lg md:px-12\" role=\"region\" aria-label=\"Products List\" x-data=\"{ showMore: false }\">\n<div class=\"flex w-full gap-x-5\">\n<div class=\"flex w-full flex-col flex-nowrap justify-center gap-2 text-black no-underline md:order-2 md:gap-y-6\">\n<div class=\"flex flex-col justify-between gap-y-2 md:w-full md:gap-y-1\">\n<div class=\"block font-sans text-xs font-semibold capitalize leading-3 text-gray-900 md:leading-4\">4K UHD Smart WebOS TV (2025)<\/div>\n<div class=\"block w-fit cursor-pointer font-akshar text-lg font-medium leading-5 text-brand-green duration-200 ease-in-out hover:text-brand-green-700 md:text-xl md:leading-6\">\n<p>                            LG &#8211; 65 \u00ab\u00a0S\u00e9rie C5 de classe C5 OLED\n                        <\/p><\/div>\n<\/p><\/div>\n<div class=\"hidden md:flex md:justify-between md:gap-x-4\">\n<div class=\"w-full mb-0 md:flex md:flex-col md:justify-center font-sans leading-4 text-black\">\n<div class=\"flex flex-wrap items-center justify-center gap-1 md:justify-start\">\n        <span class=\"font-bold\"><\/p>\n<p>            1 496,99 $<br \/>\n                            <span class=\"font-medium\">\u00e0 Best Buy<\/span><br \/>\n                    <\/span>\n            <\/div>\n<div class=\"flex items-center justify-center gap-x-1 font-bold md:justify-start\">\n            <span class=\"text-sm line-through\">2 699,99 $<\/span><br \/>\n            <span class=\"text-sm text-brand-green\">\u00c9conomisez 1 203,00 $<\/span>\n        <\/div>\n<\/p><\/div>\n<p>                            <button class=\"flex justify-center items-center w-full bg-brand-green text-white text-base font-sans font-medium rounded-md hover:bg-brand-green-700 hover:cursor-pointer md:text-sm hidden self-end h-12 max-w-(10rem) duration-200 ease-in-out hover:bg-brand-green-700 md:flex md:h-10\"><\/p>\n<p>    Conclure un accord<br \/>\n<\/button>\n                        <\/div>\n<\/p><\/div>\n<div class=\"flex aspect-video h-(90px) shrink-0 items-center justify-center self-center md:order-1\">\n                        <img decoding=\"async\" class=\"m-0 max-h-full max-w-full rounded-md\" src=\"https:\/\/vieassociative.be\/actualites\/wp-content\/uploads\/2025\/08\/Ce-sont-les-meilleures-offres-de-technologie-et-dappareils-electromenagers.jpg\" alt=\"LG - 65\" c5 series oled width=\"auto\" height=\"auto\" loading=\"lazy\">\n                    <\/div>\n<\/p><\/div>\n<p>                            <button class=\"flex justify-center items-center w-full bg-brand-green text-white text-base font-sans font-medium rounded-md hover:bg-brand-green-700 hover:cursor-pointer md:text-sm w-full h-12 duration-200 ease-in-out hover:bg-brand-green-700 md:hidden md:h-10\"><\/p>\n<p>    Conclure un accord<br \/>\n<\/button><\/p>\n<div class=\"flex flex-col items-center w-full md:hidden font-sans leading-4 text-black\">\n<div class=\"flex flex-wrap items-center justify-center gap-1 md:justify-start\">\n        <span class=\"font-bold\"><\/p>\n<p>            1 496,99 $<br \/>\n                            <span class=\"font-medium\">\u00e0 Best Buy<\/span><br \/>\n                    <\/span>\n            <\/div>\n<div class=\"flex items-center justify-center gap-x-1 font-bold md:justify-start\">\n            <span class=\"text-sm line-through\">2 699,99 $<\/span><br \/>\n            <span class=\"text-sm text-brand-green\">\u00c9conomisez 1 203,00 $<\/span>\n        <\/div>\n<\/p><\/div>\n<div class=\"flex w-full gap-x-5\">\n<div class=\"flex w-full flex-col flex-nowrap justify-center gap-2 text-black no-underline md:order-2 md:gap-y-6\">\n<div class=\"flex flex-col justify-between gap-y-2 md:w-full md:gap-y-1\">\n<div class=\"block font-sans text-xs font-semibold capitalize leading-3 text-gray-900 md:leading-4\">M\u00e9moire de 16 Go &#8211; 256 Go de SSD<\/div>\n<div class=\"block w-fit cursor-pointer font-akshar text-lg font-medium leading-5 text-brand-green duration-200 ease-in-out hover:text-brand-green-700 md:text-xl md:leading-6\">\n<p>                            MacBook Air 13 pouces ordinateur portable (M4)\n                        <\/p><\/div>\n<\/p><\/div>\n<div class=\"hidden md:flex md:justify-between md:gap-x-4\">\n<div class=\"w-full mb-0 md:flex md:flex-col md:justify-center font-sans leading-4 text-black\">\n<div class=\"flex flex-wrap items-center justify-center gap-1 md:justify-start\">\n        <span class=\"font-bold\"><\/p>\n<p>            799,00 $<br \/>\n                            <span class=\"font-medium\">\u00e0 Best Buy<\/span><br \/>\n                    <\/span>\n            <\/div>\n<div class=\"flex items-center justify-center gap-x-1 font-bold md:justify-start\">\n            <span class=\"text-sm line-through\">999,00 $<\/span><br \/>\n            <span class=\"text-sm text-brand-green\">\u00c9conomisez 200 $<\/span>\n        <\/div>\n<\/p><\/div>\n<p>                            <button class=\"flex justify-center items-center w-full bg-brand-green text-white text-base font-sans font-medium rounded-md hover:bg-brand-green-700 hover:cursor-pointer md:text-sm hidden self-end h-12 max-w-(10rem) duration-200 ease-in-out hover:bg-brand-green-700 md:flex md:h-10\"><\/p>\n<p>    Conclure un accord<br \/>\n<\/button>\n                        <\/div>\n<\/p><\/div>\n<div class=\"flex aspect-video h-(90px) shrink-0 items-center justify-center self-center md:order-1\">\n                        <img decoding=\"async\" class=\"m-0 max-h-full max-w-full rounded-md\" src=\"https:\/\/vieassociative.be\/actualites\/wp-content\/uploads\/2025\/08\/1756192698_413_Ce-sont-les-meilleures-offres-de-technologie-et-dappareils-electromenagers.jpg\" alt=\"MacBook Air 13 pouces ordinateur portable (M4)\" width=\"auto\" height=\"auto\" loading=\"lazy\">\n                    <\/div>\n<\/p><\/div>\n<p>                            <button class=\"flex justify-center items-center w-full bg-brand-green text-white text-base font-sans font-medium rounded-md hover:bg-brand-green-700 hover:cursor-pointer md:text-sm w-full h-12 duration-200 ease-in-out hover:bg-brand-green-700 md:hidden md:h-10\"><\/p>\n<p>    Conclure un accord<br \/>\n<\/button><\/p>\n<div class=\"flex flex-col items-center w-full md:hidden font-sans leading-4 text-black\">\n<div class=\"flex flex-wrap items-center justify-center gap-1 md:justify-start\">\n        <span class=\"font-bold\"><\/p>\n<p>            799,00 $<br \/>\n                            <span class=\"font-medium\">\u00e0 Best Buy<\/span><br \/>\n                    <\/span>\n            <\/div>\n<div class=\"flex items-center justify-center gap-x-1 font-bold md:justify-start\">\n            <span class=\"text-sm line-through\">999,00 $<\/span><br \/>\n            <span class=\"text-sm text-brand-green\">\u00c9conomisez 200 $<\/span>\n        <\/div>\n<\/p><\/div>\n<div class=\"flex w-full gap-x-5\">\n<div class=\"flex w-full flex-col flex-nowrap justify-center gap-2 text-black no-underline md:order-2 md:gap-y-6\">\n<div class=\"flex flex-col justify-between gap-y-2 md:w-full md:gap-y-1\">\n<div class=\"block font-sans text-xs font-semibold capitalize leading-3 text-gray-900 md:leading-4\">S\u00e9rie Crystal Uhd Smart Tizen TV (2024)<\/div>\n<div class=\"block w-fit cursor-pointer font-akshar text-lg font-medium leading-5 text-brand-green duration-200 ease-in-out hover:text-brand-green-700 md:text-xl md:leading-6\">\n<p>                            Classe Samsung 98 \u201dDU9000 TV\n                        <\/p><\/div>\n<\/p><\/div>\n<div class=\"hidden md:flex md:justify-between md:gap-x-4\">\n<div class=\"w-full mb-0 md:flex md:flex-col md:justify-center font-sans leading-4 text-black\">\n<div class=\"flex flex-wrap items-center justify-center gap-1 md:justify-start\">\n        <span class=\"font-bold\"><\/p>\n<p>            1 899,99 $<br \/>\n                            <span class=\"font-medium\">\u00e0 Best Buy<\/span><br \/>\n                    <\/span>\n            <\/div>\n<div class=\"flex items-center justify-center gap-x-1 font-bold md:justify-start\">\n            <span class=\"text-sm line-through\">2 999,99 $<\/span><br \/>\n            <span class=\"text-sm text-brand-green\">\u00c9conomisez 1 100,00 $<\/span>\n        <\/div>\n<\/p><\/div>\n<p>                            <button class=\"flex justify-center items-center w-full bg-brand-green text-white text-base font-sans font-medium rounded-md hover:bg-brand-green-700 hover:cursor-pointer md:text-sm hidden self-end h-12 max-w-(10rem) duration-200 ease-in-out hover:bg-brand-green-700 md:flex md:h-10\"><\/p>\n<p>    Conclure un accord<br \/>\n<\/button>\n                        <\/div>\n<\/p><\/div>\n<div class=\"flex aspect-video h-(90px) shrink-0 items-center justify-center self-center md:order-1\">\n                        <img decoding=\"async\" class=\"m-0 max-h-full max-w-full rounded-md\" src=\"https:\/\/vieassociative.be\/actualites\/wp-content\/uploads\/2025\/08\/1756192699_864_Ce-sont-les-meilleures-offres-de-technologie-et-dappareils-electromenagers.jpg\" alt=\"Classe Samsung - 98 \u201dDU9000\" width=\"auto\" height=\"auto\" loading=\"lazy\">\n                    <\/div>\n<\/p><\/div>\n<p>                            <button class=\"flex justify-center items-center w-full bg-brand-green text-white text-base font-sans font-medium rounded-md hover:bg-brand-green-700 hover:cursor-pointer md:text-sm w-full h-12 duration-200 ease-in-out hover:bg-brand-green-700 md:hidden md:h-10\"><\/p>\n<p>    Conclure un accord<br \/>\n<\/button><\/p>\n<div class=\"flex flex-col items-center w-full md:hidden font-sans leading-4 text-black\">\n<div class=\"flex flex-wrap items-center justify-center gap-1 md:justify-start\">\n        <span class=\"font-bold\"><\/p>\n<p>            1 899,99 $<br \/>\n                            <span class=\"font-medium\">\u00e0 Best Buy<\/span><br \/>\n                    <\/span>\n            <\/div>\n<div class=\"flex items-center justify-center gap-x-1 font-bold md:justify-start\">\n            <span class=\"text-sm line-through\">2 999,99 $<\/span><br \/>\n            <span class=\"text-sm text-brand-green\">\u00c9conomisez 1 100,00 $<\/span>\n        <\/div>\n<\/p><\/div>\n<div class=\"flex w-full gap-x-5\">\n<div class=\"flex w-full flex-col flex-nowrap justify-center gap-2 text-black no-underline md:order-2 md:gap-y-6\">\n<div class=\"flex flex-col justify-between gap-y-2 md:w-full md:gap-y-1\">\n<div class=\"block font-sans text-xs font-semibold capitalize leading-3 text-gray-900 md:leading-4\">QLED 4K avec anti-r\u00e9flexion et support mural slim inclus (2024)<\/div>\n<div class=\"block w-fit cursor-pointer font-akshar text-lg font-medium leading-5 text-brand-green duration-200 ease-in-out hover:text-brand-green-700 md:text-xl md:leading-6\">\n<p>                            Samsung 55 \u201dLS03d le cadre TV\n                        <\/p><\/div>\n<\/p><\/div>\n<div class=\"hidden md:flex md:justify-between md:gap-x-4\">\n<div class=\"w-full mb-0 md:flex md:flex-col md:justify-center font-sans leading-4 text-black\">\n<div class=\"flex flex-wrap items-center justify-center gap-1 md:justify-start\">\n        <span class=\"font-bold\"><\/p>\n<p>            899,99 $<br \/>\n                            <span class=\"font-medium\">\u00e0 Best Buy<\/span><br \/>\n                    <\/span>\n            <\/div>\n<div class=\"flex items-center justify-center gap-x-1 font-bold md:justify-start\">\n            <span class=\"text-sm line-through\">1 499,99 $<\/span><br \/>\n            <span class=\"text-sm text-brand-green\">\u00c9conomisez 600,00 $<\/span>\n        <\/div>\n<\/p><\/div>\n<p>                            <button class=\"flex justify-center items-center w-full bg-brand-green text-white text-base font-sans font-medium rounded-md hover:bg-brand-green-700 hover:cursor-pointer md:text-sm hidden self-end h-12 max-w-(10rem) duration-200 ease-in-out hover:bg-brand-green-700 md:flex md:h-10\"><\/p>\n<p>    Conclure un accord<br \/>\n<\/button>\n                        <\/div>\n<\/p><\/div>\n<div class=\"flex aspect-video h-(90px) shrink-0 items-center justify-center self-center md:order-1\">\n                        <img decoding=\"async\" class=\"m-0 max-h-full max-w-full rounded-md\" src=\"https:\/\/vieassociative.be\/actualites\/wp-content\/uploads\/2025\/08\/1756192699_417_Ce-sont-les-meilleures-offres-de-technologie-et-dappareils-electromenagers.jpg\" alt=\"SAMSUNG - Classe 55 \u201dLS03D La s\u00e9rie Frame QLED 4K avec anti-r\u00e9flexion et support mural slim inclus (2024)\" width=\"auto\" height=\"auto\" loading=\"lazy\">\n                    <\/div>\n<\/p><\/div>\n<p>                            <button class=\"flex justify-center items-center w-full bg-brand-green text-white text-base font-sans font-medium rounded-md hover:bg-brand-green-700 hover:cursor-pointer md:text-sm w-full h-12 duration-200 ease-in-out hover:bg-brand-green-700 md:hidden md:h-10\"><\/p>\n<p>    Conclure un accord<br \/>\n<\/button><\/p>\n<div class=\"flex flex-col items-center w-full md:hidden font-sans leading-4 text-black\">\n<div class=\"flex flex-wrap items-center justify-center gap-1 md:justify-start\">\n        <span class=\"font-bold\"><\/p>\n<p>            899,99 $<br \/>\n                            <span class=\"font-medium\">\u00e0 Best Buy<\/span><br \/>\n                    <\/span>\n            <\/div>\n<div class=\"flex items-center justify-center gap-x-1 font-bold md:justify-start\">\n            <span class=\"text-sm line-through\">1 499,99 $<\/span><br \/>\n            <span class=\"text-sm text-brand-green\">\u00c9conomisez 600,00 $<\/span>\n        <\/div>\n<\/p><\/div>\n<div class=\"flex w-full gap-x-5\">\n<div class=\"flex w-full flex-col flex-nowrap justify-center gap-2 text-black no-underline md:order-2 md:gap-y-6\">\n<div class=\"flex flex-col justify-between gap-y-2 md:w-full md:gap-y-1\">\n<div class=\"block font-sans text-xs font-semibold capitalize leading-3 text-gray-900 md:leading-4\">True Wireless Noise Am\u00e9lioration des \u00e9couteurs &#8211; noir<\/div>\n<div class=\"block w-fit cursor-pointer font-akshar text-lg font-medium leading-5 text-brand-green duration-200 ease-in-out hover:text-brand-green-700 md:text-xl md:leading-6\">\n<p>                            Sony WF1000XM5\n                        <\/p><\/div>\n<\/p><\/div>\n<div class=\"hidden md:flex md:justify-between md:gap-x-4\">\n<div class=\"w-full mb-0 md:flex md:flex-col md:justify-center font-sans leading-4 text-black\">\n<div class=\"flex flex-wrap items-center justify-center gap-1 md:justify-start\">\n        <span class=\"font-bold\"><\/p>\n<p>            214,99 $<br \/>\n                            <span class=\"font-medium\">\u00e0 Best Buy<\/span><br \/>\n                    <\/span>\n            <\/div>\n<div class=\"flex items-center justify-center gap-x-1 font-bold md:justify-start\">\n            <span class=\"text-sm line-through\">329,99 $<\/span><br \/>\n            <span class=\"text-sm text-brand-green\">\u00c9conomisez 115,00 $<\/span>\n        <\/div>\n<\/p><\/div>\n<p>                            <button class=\"flex justify-center items-center w-full bg-brand-green text-white text-base font-sans font-medium rounded-md hover:bg-brand-green-700 hover:cursor-pointer md:text-sm hidden self-end h-12 max-w-(10rem) duration-200 ease-in-out hover:bg-brand-green-700 md:flex md:h-10\"><\/p>\n<p>    Conclure un accord<br \/>\n<\/button>\n                        <\/div>\n<\/p><\/div>\n<div class=\"flex aspect-video h-(90px) shrink-0 items-center justify-center self-center md:order-1\">\n                        <img decoding=\"async\" class=\"m-0 max-h-full max-w-full rounded-md\" src=\"https:\/\/vieassociative.be\/actualites\/wp-content\/uploads\/2025\/08\/1756207181_138_Ce-sont-les-meilleures-offres-de-technologie-et-dappareils-electromenagers.jpg\" alt=\"Sony - WF1000XM5\" width=\"auto\" height=\"auto\" loading=\"lazy\">\n                    <\/div>\n<\/p><\/div>\n<p>                            <button class=\"flex justify-center items-center w-full bg-brand-green text-white text-base font-sans font-medium rounded-md hover:bg-brand-green-700 hover:cursor-pointer md:text-sm w-full h-12 duration-200 ease-in-out hover:bg-brand-green-700 md:hidden md:h-10\"><\/p>\n<p>    Conclure un accord<br \/>\n<\/button><\/p>\n<div class=\"flex flex-col items-center w-full md:hidden font-sans leading-4 text-black\">\n<div class=\"flex flex-wrap items-center justify-center gap-1 md:justify-start\">\n        <span class=\"font-bold\"><\/p>\n<p>            214,99 $<br \/>\n                            <span class=\"font-medium\">\u00e0 Best Buy<\/span><br \/>\n                    <\/span>\n            <\/div>\n<div class=\"flex items-center justify-center gap-x-1 font-bold md:justify-start\">\n            <span class=\"text-sm line-through\">329,99 $<\/span><br \/>\n            <span class=\"text-sm text-brand-green\">\u00c9conomisez 115,00 $<\/span>\n        <\/div>\n<\/p><\/div>\n<div class=\"flex w-full gap-x-5\">\n<div class=\"flex w-full flex-col flex-nowrap justify-center gap-2 text-black no-underline md:order-2 md:gap-y-6\">\n<div class=\"flex flex-col justify-between gap-y-2 md:w-full md:gap-y-1\">\n<div class=\"block font-sans text-xs font-semibold capitalize leading-3 text-gray-900 md:leading-4\">\u00c9couteur sur-oreille antibruit<\/div>\n<div class=\"block w-fit cursor-pointer font-akshar text-lg font-medium leading-5 text-brand-green duration-200 ease-in-out hover:text-brand-green-700 md:text-xl md:leading-6\">\n<p>                            \u00c9couteurs Sony WH1000XM4\n                        <\/p><\/div>\n<\/p><\/div>\n<div class=\"hidden md:flex md:justify-between md:gap-x-4\">\n<div class=\"w-full mb-0 md:flex md:flex-col md:justify-center font-sans leading-4 text-black\">\n<div class=\"flex flex-wrap items-center justify-center gap-1 md:justify-start\">\n        <span class=\"font-bold\"><\/p>\n<p>            199,99 $<br \/>\n                            <span class=\"font-medium\">\u00e0 Best Buy<\/span><br \/>\n                    <\/span>\n            <\/div>\n<div class=\"flex items-center justify-center gap-x-1 font-bold md:justify-start\">\n            <span class=\"text-sm line-through\">349,99 $<\/span><br \/>\n            <span class=\"text-sm text-brand-green\">\u00c9conomisez 150,00 $<\/span>\n        <\/div>\n<\/p><\/div>\n<p>                            <button class=\"flex justify-center items-center w-full bg-brand-green text-white text-base font-sans font-medium rounded-md hover:bg-brand-green-700 hover:cursor-pointer md:text-sm hidden self-end h-12 max-w-(10rem) duration-200 ease-in-out hover:bg-brand-green-700 md:flex md:h-10\"><\/p>\n<p>    Conclure un accord<br \/>\n<\/button>\n                        <\/div>\n<\/p><\/div>\n<div class=\"flex aspect-video h-(90px) shrink-0 items-center justify-center self-center md:order-1\">\n                        <img decoding=\"async\" class=\"m-0 max-h-full max-w-full rounded-md\" src=\"https:\/\/vieassociative.be\/actualites\/wp-content\/uploads\/2025\/08\/1756192699_183_Ce-sont-les-meilleures-offres-de-technologie-et-dappareils-electromenagers.jpg\" alt=\"Sony - WH1000XM4\" width=\"auto\" height=\"auto\" loading=\"lazy\">\n                    <\/div>\n<\/p><\/div>\n<p>                            <button class=\"flex justify-center items-center w-full bg-brand-green text-white text-base font-sans font-medium rounded-md hover:bg-brand-green-700 hover:cursor-pointer md:text-sm w-full h-12 duration-200 ease-in-out hover:bg-brand-green-700 md:hidden md:h-10\"><\/p>\n<p>    Conclure un accord<br \/>\n<\/button><\/p>\n<div class=\"flex flex-col items-center w-full md:hidden font-sans leading-4 text-black\">\n<div class=\"flex flex-wrap items-center justify-center gap-1 md:justify-start\">\n        <span class=\"font-bold\"><\/p>\n<p>            199,99 $<br \/>\n                            <span class=\"font-medium\">\u00e0 Best Buy<\/span><br \/>\n                    <\/span>\n            <\/div>\n<div class=\"flex items-center justify-center gap-x-1 font-bold md:justify-start\">\n            <span class=\"text-sm line-through\">349,99 $<\/span><br \/>\n            <span class=\"text-sm text-brand-green\">\u00c9conomisez 150,00 $<\/span>\n        <\/div>\n<\/p><\/div>\n<div class=\"flex w-full gap-x-5\">\n<div class=\"flex w-full flex-col flex-nowrap justify-center gap-2 text-black no-underline md:order-2 md:gap-y-6\">\n<div class=\"flex flex-col justify-between gap-y-2 md:w-full md:gap-y-1\">\n<div class=\"block font-sans text-xs font-semibold capitalize leading-3 text-gray-900 md:leading-4\">AI 4K UHD SMART WEBOS (2025)<\/div>\n<div class=\"block w-fit cursor-pointer font-akshar text-lg font-medium leading-5 text-brand-green duration-200 ease-in-out hover:text-brand-green-700 md:text-xl md:leading-6\">\n<p>                            LG 48 \u00ab\u00a0Classe B5 S\u00e9rie OLED TV\n                        <\/p><\/div>\n<\/p><\/div>\n<div class=\"hidden md:flex md:justify-between md:gap-x-4\">\n<div class=\"w-full mb-0 md:flex md:flex-col md:justify-center font-sans leading-4 text-black\">\n<div class=\"flex flex-wrap items-center justify-center gap-1 md:justify-start\">\n        <span class=\"font-bold\"><\/p>\n<p>            699,99 $<br \/>\n                            <span class=\"font-medium\">\u00e0 Best Buy<\/span><br \/>\n                    <\/span>\n            <\/div>\n<div class=\"flex items-center justify-center gap-x-1 font-bold md:justify-start\">\n            <span class=\"text-sm line-through\">1 299,99 $<\/span><br \/>\n            <span class=\"text-sm text-brand-green\">\u00c9conomisez 600,00 $<\/span>\n        <\/div>\n<\/p><\/div>\n<p>                            <button class=\"flex justify-center items-center w-full bg-brand-green text-white text-base font-sans font-medium rounded-md hover:bg-brand-green-700 hover:cursor-pointer md:text-sm hidden self-end h-12 max-w-(10rem) duration-200 ease-in-out hover:bg-brand-green-700 md:flex md:h-10\"><\/p>\n<p>    Conclure un accord<br \/>\n<\/button>\n                        <\/div>\n<\/p><\/div>\n<div class=\"flex aspect-video h-(90px) shrink-0 items-center justify-center self-center md:order-1\">\n                        <img decoding=\"async\" class=\"m-0 max-h-full max-w-full rounded-md\" src=\"https:\/\/vieassociative.be\/actualites\/wp-content\/uploads\/2025\/08\/1756192699_827_Ce-sont-les-meilleures-offres-de-technologie-et-dappareils-electromenagers.jpg\" alt=\"LG - 48\" b5 series oled ai uhd smart webos tv width=\"auto\" height=\"auto\" loading=\"lazy\">\n                    <\/div>\n<\/p><\/div>\n<p>                            <button class=\"flex justify-center items-center w-full bg-brand-green text-white text-base font-sans font-medium rounded-md hover:bg-brand-green-700 hover:cursor-pointer md:text-sm w-full h-12 duration-200 ease-in-out hover:bg-brand-green-700 md:hidden md:h-10\"><\/p>\n<p>    Conclure un accord<br \/>\n<\/button><\/p>\n<div class=\"flex flex-col items-center w-full md:hidden font-sans leading-4 text-black\">\n<div class=\"flex flex-wrap items-center justify-center gap-1 md:justify-start\">\n        <span class=\"font-bold\"><\/p>\n<p>            699,99 $<br \/>\n                            <span class=\"font-medium\">\u00e0 Best Buy<\/span><br \/>\n                    <\/span>\n            <\/div>\n<div class=\"flex items-center justify-center gap-x-1 font-bold md:justify-start\">\n            <span class=\"text-sm line-through\">1 299,99 $<\/span><br \/>\n            <span class=\"text-sm text-brand-green\">\u00c9conomisez 600,00 $<\/span>\n        <\/div>\n<\/p><\/div>\n<div class=\"flex w-full gap-x-5\">\n<div class=\"flex w-full flex-col flex-nowrap justify-center gap-2 text-black no-underline md:order-2 md:gap-y-6\">\n<div class=\"flex flex-col justify-between gap-y-2 md:w-full md:gap-y-1\">\n<div class=\"block font-sans text-xs font-semibold capitalize leading-3 text-gray-900 md:leading-4\">R\u00e9frig\u00e9rateur de porte fran\u00e7aise en acier inoxydable r\u00e9sistant aux empreintes digitales<\/div>\n<div class=\"block w-fit cursor-pointer font-akshar text-lg font-medium leading-5 text-brand-green duration-200 ease-in-out hover:text-brand-green-700 md:text-xl md:leading-6\">\n<p>                            Whirlpool 25.2 Cu. Ft. R\u00e9frig\u00e9rateur intelligent de la porte fran\u00e7aise\n                        <\/p><\/div>\n<\/p><\/div>\n<div class=\"hidden md:flex md:justify-between md:gap-x-4\">\n<div class=\"w-full mb-0 md:flex md:flex-col md:justify-center font-sans leading-4 text-black\">\n<div class=\"flex flex-wrap items-center justify-center gap-1 md:justify-start\">\n        <span class=\"font-bold\"><\/p>\n<p>            1 199,99 $<br \/>\n                            <span class=\"font-medium\">\u00e0 Best Buy<\/span><br \/>\n                    <\/span>\n            <\/div>\n<div class=\"flex items-center justify-center gap-x-1 font-bold md:justify-start\">\n            <span class=\"text-sm line-through\">2 399,99 $<\/span><br \/>\n            <span class=\"text-sm text-brand-green\">\u00c9conomisez 1 200,00 $<\/span>\n        <\/div>\n<\/p><\/div>\n<p>                            <button class=\"flex justify-center items-center w-full bg-brand-green text-white text-base font-sans font-medium rounded-md hover:bg-brand-green-700 hover:cursor-pointer md:text-sm hidden self-end h-12 max-w-(10rem) duration-200 ease-in-out hover:bg-brand-green-700 md:flex md:h-10\"><\/p>\n<p>    Conclure un accord<br \/>\n<\/button>\n                        <\/div>\n<\/p><\/div>\n<div class=\"flex aspect-video h-(90px) shrink-0 items-center justify-center self-center md:order-1\">\n                        <img decoding=\"async\" class=\"m-0 max-h-full max-w-full rounded-md\" src=\"https:\/\/vieassociative.be\/actualites\/wp-content\/uploads\/2025\/08\/1756192699_503_Ce-sont-les-meilleures-offres-de-technologie-et-dappareils-electromenagers.jpg\" alt=\"Whirlpool 25.2 Cu. Ft. R\u00e9frig\u00e9rateur intelligent de la porte fran\u00e7aise\" width=\"auto\" height=\"auto\" loading=\"lazy\">\n                    <\/div>\n<\/p><\/div>\n<p>                            <button class=\"flex justify-center items-center w-full bg-brand-green text-white text-base font-sans font-medium rounded-md hover:bg-brand-green-700 hover:cursor-pointer md:text-sm w-full h-12 duration-200 ease-in-out hover:bg-brand-green-700 md:hidden md:h-10\"><\/p>\n<p>    Conclure un accord<br \/>\n<\/button><\/p>\n<div class=\"flex flex-col items-center w-full md:hidden font-sans leading-4 text-black\">\n<div class=\"flex flex-wrap items-center justify-center gap-1 md:justify-start\">\n        <span class=\"font-bold\"><\/p>\n<p>            1 199,99 $<br \/>\n                            <span class=\"font-medium\">\u00e0 Best Buy<\/span><br \/>\n                    <\/span>\n            <\/div>\n<div class=\"flex items-center justify-center gap-x-1 font-bold md:justify-start\">\n            <span class=\"text-sm line-through\">2 399,99 $<\/span><br \/>\n            <span class=\"text-sm text-brand-green\">\u00c9conomisez 1 200,00 $<\/span>\n        <\/div>\n<\/p><\/div>\n<div class=\"flex w-full gap-x-5\">\n<div class=\"flex w-full flex-col flex-nowrap justify-center gap-2 text-black no-underline md:order-2 md:gap-y-6\">\n<div class=\"flex flex-col justify-between gap-y-2 md:w-full md:gap-y-1\">\n<div class=\"block font-sans text-xs font-semibold capitalize leading-3 text-gray-900 md:leading-4\">Vapeur et intelligence int\u00e9gr\u00e9e<\/div>\n<div class=\"block w-fit cursor-pointer font-akshar text-lg font-medium leading-5 text-brand-green duration-200 ease-in-out hover:text-brand-green-700 md:text-xl md:leading-6\">\n<p>                            LG 4,5 Cu. Ft. Laveuse \u00e0 chargement frontal intelligent empilable\n                        <\/p><\/div>\n<\/p><\/div>\n<div class=\"hidden md:flex md:justify-between md:gap-x-4\">\n<div class=\"w-full mb-0 md:flex md:flex-col md:justify-center font-sans leading-4 text-black\">\n<div class=\"flex flex-wrap items-center justify-center gap-1 md:justify-start\">\n        <span class=\"font-bold\"><\/p>\n<p>            899,99 $<br \/>\n                            <span class=\"font-medium\">\u00e0 Best Buy<\/span><br \/>\n                    <\/span>\n            <\/div>\n<div class=\"flex items-center justify-center gap-x-1 font-bold md:justify-start\">\n            <span class=\"text-sm line-through\">1 299,99 $<\/span><br \/>\n            <span class=\"text-sm text-brand-green\">\u00c9conomisez 400,00 $<\/span>\n        <\/div>\n<\/p><\/div>\n<p>                            <button class=\"flex justify-center items-center w-full bg-brand-green text-white text-base font-sans font-medium rounded-md hover:bg-brand-green-700 hover:cursor-pointer md:text-sm hidden self-end h-12 max-w-(10rem) duration-200 ease-in-out hover:bg-brand-green-700 md:flex md:h-10\"><\/p>\n<p>    Conclure un accord<br \/>\n<\/button>\n                        <\/div>\n<\/p><\/div>\n<div class=\"flex aspect-video h-(90px) shrink-0 items-center justify-center self-center md:order-1\">\n                        <img decoding=\"async\" class=\"m-0 max-h-full max-w-full rounded-md\" src=\"https:\/\/vieassociative.be\/actualites\/wp-content\/uploads\/2025\/08\/Ce-sont-les-meilleures-offres-de-technologie-et-dappareils-electromenagers.png\" alt=\"LG - 4,5 Cu. Ft. Laveuse \u00e0 charge frontale intelligente empilable \u00e0 haute efficacit\u00e9 avec vapeur et intelligence int\u00e9gr\u00e9e\" width=\"auto\" height=\"auto\" loading=\"lazy\">\n                    <\/div>\n<\/p><\/div>\n<p>                            <button class=\"flex justify-center items-center w-full bg-brand-green text-white text-base font-sans font-medium rounded-md hover:bg-brand-green-700 hover:cursor-pointer md:text-sm w-full h-12 duration-200 ease-in-out hover:bg-brand-green-700 md:hidden md:h-10\"><\/p>\n<p>    Conclure un accord<br \/>\n<\/button><\/p>\n<div class=\"flex flex-col items-center w-full md:hidden font-sans leading-4 text-black\">\n<div class=\"flex flex-wrap items-center justify-center gap-1 md:justify-start\">\n        <span class=\"font-bold\"><\/p>\n<p>            899,99 $<br \/>\n                            <span class=\"font-medium\">\u00e0 Best Buy<\/span><br \/>\n                    <\/span>\n            <\/div>\n<div class=\"flex items-center justify-center gap-x-1 font-bold md:justify-start\">\n            <span class=\"text-sm line-through\">1 299,99 $<\/span><br \/>\n            <span class=\"text-sm text-brand-green\">\u00c9conomisez 400,00 $<\/span>\n        <\/div>\n<\/p><\/div>\n<div class=\"flex w-full gap-x-5\">\n<div class=\"flex w-full flex-col flex-nowrap justify-center gap-2 text-black no-underline md:order-2 md:gap-y-6\">\n<div class=\"flex flex-col justify-between gap-y-2 md:w-full md:gap-y-1\">\n<div class=\"block font-sans text-xs font-semibold capitalize leading-3 text-gray-900 md:leading-4\">Technologie Coldmotion<\/div>\n<div class=\"block w-fit cursor-pointer font-akshar text-lg font-medium leading-5 text-brand-green duration-200 ease-in-out hover:text-brand-green-700 md:text-xl md:leading-6\">\n<p>                            Insigne 4.1 Cu. Ft. Laveuse de charge sup\u00e9rieure\n                        <\/p><\/div>\n<\/p><\/div>\n<div class=\"hidden md:flex md:justify-between md:gap-x-4\">\n<div class=\"w-full mb-0 md:flex md:flex-col md:justify-center font-sans leading-4 text-black\">\n<div class=\"flex flex-wrap items-center justify-center gap-1 md:justify-start\">\n        <span class=\"font-bold\"><\/p>\n<p>            449,99 $<br \/>\n                            <span class=\"font-medium\">\u00e0 Best Buy<\/span><br \/>\n                    <\/span>\n            <\/div>\n<div class=\"flex items-center justify-center gap-x-1 font-bold md:justify-start\">\n            <span class=\"text-sm line-through\">699,99 $<\/span><br \/>\n            <span class=\"text-sm text-brand-green\">\u00c9conomisez 250,00 $<\/span>\n        <\/div>\n<\/p><\/div>\n<p>                            <button class=\"flex justify-center items-center w-full bg-brand-green text-white text-base font-sans font-medium rounded-md hover:bg-brand-green-700 hover:cursor-pointer md:text-sm hidden self-end h-12 max-w-(10rem) duration-200 ease-in-out hover:bg-brand-green-700 md:flex md:h-10\"><\/p>\n<p>    Conclure un accord<br \/>\n<\/button>\n                        <\/div>\n<\/p><\/div>\n<div class=\"flex aspect-video h-(90px) shrink-0 items-center justify-center self-center md:order-1\">\n                        <img decoding=\"async\" class=\"m-0 max-h-full max-w-full rounded-md\" src=\"https:\/\/vieassociative.be\/actualites\/wp-content\/uploads\/2025\/08\/1756207183_54_Ce-sont-les-meilleures-offres-de-technologie-et-dappareils-electromenagers.png\" alt=\"Insignia \u2122 - 4.1 cu. Ft. Renque de charge sup\u00e9rieure avec une technologie Coldmotion\" width=\"auto\" height=\"auto\" loading=\"lazy\">\n                    <\/div>\n<\/p><\/div>\n<p>                            <button class=\"flex justify-center items-center w-full bg-brand-green text-white text-base font-sans font-medium rounded-md hover:bg-brand-green-700 hover:cursor-pointer md:text-sm w-full h-12 duration-200 ease-in-out hover:bg-brand-green-700 md:hidden md:h-10\"><\/p>\n<p>    Conclure un accord<br \/>\n<\/button><\/p>\n<div class=\"flex flex-col items-center w-full md:hidden font-sans leading-4 text-black\">\n<div class=\"flex flex-wrap items-center justify-center gap-1 md:justify-start\">\n        <span class=\"font-bold\"><\/p>\n<p>            449,99 $<br \/>\n                            <span class=\"font-medium\">\u00e0 Best Buy<\/span><br \/>\n                    <\/span>\n            <\/div>\n<div class=\"flex items-center justify-center gap-x-1 font-bold md:justify-start\">\n            <span class=\"text-sm line-through\">699,99 $<\/span><br \/>\n            <span class=\"text-sm text-brand-green\">\u00c9conomisez 250,00 $<\/span>\n        <\/div>\n<\/p><\/div>\n<\/div>\n<h2 id=\"the-best-macbook-for-most-people\">Le meilleur MacBook pour la plupart des gens<\/h2>\n<p>Le MacBook Air M4 de 13 pouces avec 256 Go de SSD est <strong>799 $<\/strong> (\u00e0 l&rsquo;origine 999 $), et c&rsquo;est sans doute la meilleure option pour la plupart des gens. Avec 16 Go de RAM pour le MacBook Air le plus basique, vous pourrez entreprendre des applications et des projets intensifs maintenant et pendant de nombreuses ann\u00e9es \u00e0 venir. Il est livr\u00e9 avec un \u00e9cran \u00ab\u00a0Liquid Retina\u00a0\u00bb de 13,6 pouces, avec une r\u00e9solution de 2 560 par 1 664, une gamme de couleurs larges P3 et une luminosit\u00e9 maximale de 500 nits. Vous obtiendrez \u00e9galement un excellent clavier r\u00e9tro-\u00e9clair\u00e9 avec Touch ID, un support Wi-Fi 6E et de grands haut-parleurs et microphones. Apple a \u00e9galement d\u00e9cid\u00e9 de ramener Magsafe Charges avec cet ordinateur portable.<\/p>\n<h2 id=\"smart-tvs\">T\u00e9l\u00e9viseurs intelligents<\/h2>\n<p>Les t\u00e9l\u00e9viseurs OLED offrent la meilleure qualit\u00e9 d&rsquo;image que l&rsquo;argent peut acheter, et d&rsquo;une mani\u00e8re ou d&rsquo;une autre, un OLED tr\u00e8s bien not\u00e9 de 2025 voient l&rsquo;une des meilleures r\u00e9ductions sur les t\u00e9l\u00e9viseurs lors de la vente de la f\u00eate du Travail. Le C5 offre une luminosit\u00e9 incroyable pour un OLED &#8211; 1 400 nits en mode vivant &#8211; ainsi que des couleurs pr\u00e9cises et un rejet de r\u00e9flexion, selon la revue de CNET. Vous pouvez obtenir la s\u00e9rie C5 de classe C5 LG 65 pour <strong>1 496,99 $<\/strong> (\u00e0 l&rsquo;origine 2 699,99 $) et voyez pourquoi il s&rsquo;agit d&rsquo;un accord de tueur OLED.<\/p>\n<p>Il est rare de voir les t\u00e9l\u00e9viseurs OLED moins de 1 000 $, en particulier ceux de l&rsquo;ann\u00e9e en cours. La s\u00e9rie OLED de la s\u00e9rie LG 48 \u00ab\u00a0Class B5 est <strong>699,99 $<\/strong> (\u00e0 l&rsquo;origine 1 299,99 $) et il est sorti cet \u00e9t\u00e9. Oui, c&rsquo;est un OLED d&rsquo;entr\u00e9e de gamme, mais c&rsquo;est toujours un OLED, avec un contraste incroyable, des couleurs, un traitement et des sp\u00e9cifications de jeu, ce qui en fait une excellente option pour ceux qui n&rsquo;ont pas besoin d&rsquo;un gros t\u00e9l\u00e9viseur.<\/p>\n<p>Si vous n&rsquo;aimez pas votre mur, obtenez un t\u00e9l\u00e9viseur de 98 pouces. La classe Samsung 98 \u201dDU9000 TV est <strong>1 899,99 $ <\/strong>(\u00e0 l&rsquo;origine 2 999,99 $), et en ce qui concerne les t\u00e9l\u00e9viseurs d\u00e9cents de 98 pouces, celui-ci offre l&rsquo;une des meilleures valeurs. C&rsquo;est un t\u00e9l\u00e9viseur LED avec 4K, Alexa int\u00e9gr\u00e9 et le propre syst\u00e8me d&rsquo;exploitation Tizen TV de Samsung.<\/p>\n<p>Samsung est le cadre que les t\u00e9l\u00e9viseurs intelligents sont con\u00e7us pour plaire \u00e0 la foule qui veulent un t\u00e9l\u00e9viseur mais ne veut pas qu&rsquo;il domine leur d\u00e9cor. Une caract\u00e9ristique d&rsquo;affichage mate anti-r\u00e9flexion prend l&rsquo;aspect \u00abillustr\u00e9 encadr\u00e9\u00bb pour ressembler \u00e0 une \u0153uvre d&rsquo;art encadr\u00e9e. Comme son nom l&rsquo;indique, l&rsquo;attrait de ce t\u00e9l\u00e9viseur est qu&rsquo;il peut servir de cadre d&rsquo;art num\u00e9rique, avec son affichage mate anti-\u00e9clat et son cadre personnalisable. Vous pouvez obtenir le LS03D 55 \u201dle t\u00e9l\u00e9viseur <strong>899,99 $ <\/strong>(\u00e0 l&rsquo;origine 1 499,99 $).<\/p>\n<h2 id=\"earphones\">\u00c9couteurs<\/h2>\n<p>Les \u00e9couteurs Sony WF-1000XM5 vous permettent de personnaliser pleinement leur son avec diverses options d&rsquo;\u00e9galisation et de personnalisation dans l&rsquo;application d&rsquo;accompagnement, mais elles semblent \u00e9quilibr\u00e9es et compl\u00e8tes. Vous obtenez \u00e9galement une prise en charge des codecs Bluetooth LC3 et LDAC haut de gamme. Leur ANC est g\u00e9nial, mais ce qui les rend sp\u00e9ciaux, c&rsquo;est que, contrairement \u00e0 de nombreux autres \u00e9couteurs de l&rsquo;ANC, leur qualit\u00e9 audio n&rsquo;est pas g\u00ean\u00e9e par l&rsquo;utilisation de l&rsquo;ANC, comme indiqu\u00e9 dans l&rsquo;examen \u00ab\u00a0exceptionnel\u00a0\u00bb de PCMAG. Vous pouvez les obtenir pour <strong>214,99 $ <\/strong>(\u00e0 l&rsquo;origine 329,99 $).<\/p>\n<p>Si vous avez besoin d&rsquo;obtenir de nouveaux \u00e9couteurs ANC mais que vous ne voulez pas d\u00e9penser un bras et une jambe, consid\u00e9rez le WH-1000XM4, en allant pour<strong> 199 $<\/strong> (\u00e0 l&rsquo;origine 349,99 $). Ce n&rsquo;est pas la derni\u00e8re version &#8211; ce serait le XM6 &#8211; mais ce sont toujours de grands \u00e9couteurs et tr\u00e8s puissants pour la plupart des gens en 2025. Vous pouvez en savoir plus \u00e0 leur sujet dans la critique \u00ab\u00a0exceptionnelle\u00a0\u00bb de PCMAG.<\/p>\n<h2 id=\"major-appliances\">Appareils majeurs<\/h2>\n<p>Best Buy a de bonnes affaires sur les principaux appareils \u00e9lectrom\u00e9nagers, allant jusqu&rsquo;\u00e0 50% de r\u00e9duction, et certains offrant 10% ou 20% de r\u00e9duction suppl\u00e9mentaires. Si vous cherchez un nouveau r\u00e9frig\u00e9rateur, le tourbillon 25,2 cu. Ft. Le r\u00e9frig\u00e9rateur intelligent de la porte fran\u00e7aise est <strong>1 199,99 $<\/strong> (\u00e0 l&rsquo;origine 2 399,99 $), l&rsquo;une des meilleures offres de r\u00e9frig\u00e9rateur disponibles en ce moment. <\/p>\n<p>Si vous cherchez un plus grand r\u00e9frig\u00e9rateur, le Samsung a sur mesure 30 Cu. ft. Le r\u00e9frig\u00e9rateur intelligent \u00e0 3 portes est <strong>1 699,99 $<\/strong> (\u00e0 l&rsquo;origine 2 429,99 $) et est livr\u00e9 avec un pichet d&rsquo;eau de remplissage automatique \u00e0 l&rsquo;int\u00e9rieur.<\/p>\n<p>Il y a aussi des rondelles avec de bonnes affaires. L&rsquo;une des vedettes est l&rsquo;insigne 4.1 cu. Ft. Laveuse de charge sup\u00e9rieure allant pour <strong>449,99 $<\/strong> (\u00e0 l&rsquo;origine 699,99 $). <\/p>\n","protected":false},"excerpt":{"rendered":"<p>Best Buy a une vente massive de la f\u00eate du Travail sur les appareils \u00e9lectrom\u00e9nagers, les t\u00e9l\u00e9viseurs, les iPads, les ordinateurs portables, les \u00e9couteurs et<\/p>\n","protected":false},"author":1,"featured_media":9634,"comment_status":"","ping_status":"","sticky":false,"template":"","format":"standard","meta":{"footnotes":""},"categories":[41],"tags":[1256,1287,6077,5308,1485,14,79,345,81,18,1582,504],"class_list":["post-9635","post","type-post","status-publish","format-standard","has-post-thumbnail","hentry","category-argent","tag-buy","tag-chez","tag-dappareils","tag-electromenagers","tag-fete","tag-les","tag-meilleures","tag-offres","tag-pour","tag-sont","tag-technologie","tag-travail","generate-columns","tablet-grid-50","mobile-grid-100","grid-parent","grid-33"],"yoast_head":"<!-- This site is optimized with the Yoast SEO plugin v24.0 - https:\/\/yoast.com\/wordpress\/plugins\/seo\/ -->\n<title>Ce sont les meilleures offres de technologie et d&#039;appareils \u00e9lectrom\u00e9nagers pour la f\u00eate du Travail chez Best Buy | Vie Associative<\/title>\n<meta name=\"robots\" content=\"index, follow, max-snippet:-1, max-image-preview:large, max-video-preview:-1\" \/>\n<link rel=\"canonical\" href=\"https:\/\/vieassociative.be\/actualites\/ce-sont-les-meilleures-offres-de-technologie-et-dappareils-electromenagers-pour-la-fete-du-travail-chez-best-buy-2\/\" \/>\n<meta property=\"og:locale\" content=\"fr_FR\" \/>\n<meta property=\"og:type\" content=\"article\" \/>\n<meta property=\"og:title\" content=\"Ce sont les meilleures offres de technologie et d&#039;appareils \u00e9lectrom\u00e9nagers pour la f\u00eate du Travail chez Best Buy | Vie Associative\" \/>\n<meta property=\"og:description\" content=\"Best Buy a une vente massive de la f\u00eate du Travail sur les appareils \u00e9lectrom\u00e9nagers, les t\u00e9l\u00e9viseurs, les iPads, les ordinateurs portables, les \u00e9couteurs et\" \/>\n<meta property=\"og:url\" content=\"https:\/\/vieassociative.be\/actualites\/ce-sont-les-meilleures-offres-de-technologie-et-dappareils-electromenagers-pour-la-fete-du-travail-chez-best-buy-2\/\" \/>\n<meta property=\"og:site_name\" content=\"Vie Associative\" \/>\n<meta property=\"article:published_time\" content=\"2025-08-26T11:19:43+00:00\" \/>\n<meta property=\"og:image\" content=\"https:\/\/vieassociative.be\/actualites\/wp-content\/uploads\/2025\/08\/Ce-sont-les-meilleures-offres-de-technologie-et-dappareils-electromenagers.jpg\" \/>\n<meta name=\"author\" content=\"Julien\" \/>\n<meta name=\"twitter:card\" content=\"summary_large_image\" \/>\n<meta name=\"twitter:label1\" content=\"\u00c9crit par\" \/>\n\t<meta name=\"twitter:data1\" content=\"Julien\" \/>\n\t<meta name=\"twitter:label2\" content=\"Dur\u00e9e de lecture est.\" \/>\n\t<meta name=\"twitter:data2\" content=\"6 minutes\" \/>\n<script type=\"application\/ld+json\" class=\"yoast-schema-graph\">{\"@context\":\"https:\/\/schema.org\",\"@graph\":[{\"@type\":\"Article\",\"@id\":\"https:\/\/vieassociative.be\/actualites\/ce-sont-les-meilleures-offres-de-technologie-et-dappareils-electromenagers-pour-la-fete-du-travail-chez-best-buy-2\/#article\",\"isPartOf\":{\"@id\":\"https:\/\/vieassociative.be\/actualites\/ce-sont-les-meilleures-offres-de-technologie-et-dappareils-electromenagers-pour-la-fete-du-travail-chez-best-buy-2\/\"},\"author\":{\"name\":\"Julien\",\"@id\":\"https:\/\/vieassociative.be\/actualites\/#\/schema\/person\/b87ac4f82f9d4e7b7cec7395b679edc4\"},\"headline\":\"Ce sont les meilleures offres de technologie et d&rsquo;appareils \u00e9lectrom\u00e9nagers pour la f\u00eate du Travail chez Best Buy\",\"datePublished\":\"2025-08-26T11:19:43+00:00\",\"dateModified\":\"2025-08-26T11:19:43+00:00\",\"mainEntityOfPage\":{\"@id\":\"https:\/\/vieassociative.be\/actualites\/ce-sont-les-meilleures-offres-de-technologie-et-dappareils-electromenagers-pour-la-fete-du-travail-chez-best-buy-2\/\"},\"wordCount\":1275,\"publisher\":{\"@id\":\"https:\/\/vieassociative.be\/actualites\/#organization\"},\"image\":{\"@id\":\"https:\/\/vieassociative.be\/actualites\/ce-sont-les-meilleures-offres-de-technologie-et-dappareils-electromenagers-pour-la-fete-du-travail-chez-best-buy-2\/#primaryimage\"},\"thumbnailUrl\":\"https:\/\/vieassociative.be\/actualites\/wp-content\/uploads\/2025\/08\/1756192702_Ce-sont-les-meilleures-offres-de-technologie-et-dappareils-electromenagers.png\",\"keywords\":[\"Buy\",\"chez\",\"dappareils\",\"\u00e9lectrom\u00e9nagers\",\"f\u00eate\",\"Les\",\"meilleures\",\"offres\",\"pour\",\"sont\",\"technologie\",\"travail\"],\"articleSection\":[\"Argent\"],\"inLanguage\":\"fr-BE\"},{\"@type\":\"WebPage\",\"@id\":\"https:\/\/vieassociative.be\/actualites\/ce-sont-les-meilleures-offres-de-technologie-et-dappareils-electromenagers-pour-la-fete-du-travail-chez-best-buy-2\/\",\"url\":\"https:\/\/vieassociative.be\/actualites\/ce-sont-les-meilleures-offres-de-technologie-et-dappareils-electromenagers-pour-la-fete-du-travail-chez-best-buy-2\/\",\"name\":\"Ce sont les meilleures offres de technologie et d'appareils \u00e9lectrom\u00e9nagers pour la f\u00eate du Travail chez Best Buy | Vie Associative\",\"isPartOf\":{\"@id\":\"https:\/\/vieassociative.be\/actualites\/#website\"},\"primaryImageOfPage\":{\"@id\":\"https:\/\/vieassociative.be\/actualites\/ce-sont-les-meilleures-offres-de-technologie-et-dappareils-electromenagers-pour-la-fete-du-travail-chez-best-buy-2\/#primaryimage\"},\"image\":{\"@id\":\"https:\/\/vieassociative.be\/actualites\/ce-sont-les-meilleures-offres-de-technologie-et-dappareils-electromenagers-pour-la-fete-du-travail-chez-best-buy-2\/#primaryimage\"},\"thumbnailUrl\":\"https:\/\/vieassociative.be\/actualites\/wp-content\/uploads\/2025\/08\/1756192702_Ce-sont-les-meilleures-offres-de-technologie-et-dappareils-electromenagers.png\",\"datePublished\":\"2025-08-26T11:19:43+00:00\",\"dateModified\":\"2025-08-26T11:19:43+00:00\",\"breadcrumb\":{\"@id\":\"https:\/\/vieassociative.be\/actualites\/ce-sont-les-meilleures-offres-de-technologie-et-dappareils-electromenagers-pour-la-fete-du-travail-chez-best-buy-2\/#breadcrumb\"},\"inLanguage\":\"fr-BE\",\"potentialAction\":[{\"@type\":\"ReadAction\",\"target\":[\"https:\/\/vieassociative.be\/actualites\/ce-sont-les-meilleures-offres-de-technologie-et-dappareils-electromenagers-pour-la-fete-du-travail-chez-best-buy-2\/\"]}]},{\"@type\":\"ImageObject\",\"inLanguage\":\"fr-BE\",\"@id\":\"https:\/\/vieassociative.be\/actualites\/ce-sont-les-meilleures-offres-de-technologie-et-dappareils-electromenagers-pour-la-fete-du-travail-chez-best-buy-2\/#primaryimage\",\"url\":\"https:\/\/vieassociative.be\/actualites\/wp-content\/uploads\/2025\/08\/1756192702_Ce-sont-les-meilleures-offres-de-technologie-et-dappareils-electromenagers.png\",\"contentUrl\":\"https:\/\/vieassociative.be\/actualites\/wp-content\/uploads\/2025\/08\/1756192702_Ce-sont-les-meilleures-offres-de-technologie-et-dappareils-electromenagers.png\",\"width\":1200,\"height\":675,\"caption\":\"Ce sont les meilleures offres de technologie et d'appareils \u00e9lectrom\u00e9nagers pour la f\u00eate du Travail chez Best Buy\"},{\"@type\":\"BreadcrumbList\",\"@id\":\"https:\/\/vieassociative.be\/actualites\/ce-sont-les-meilleures-offres-de-technologie-et-dappareils-electromenagers-pour-la-fete-du-travail-chez-best-buy-2\/#breadcrumb\",\"itemListElement\":[{\"@type\":\"ListItem\",\"position\":1,\"name\":\"Accueil\",\"item\":\"https:\/\/vieassociative.be\/actualites\/\"},{\"@type\":\"ListItem\",\"position\":2,\"name\":\"Ce sont les meilleures offres de technologie et d&rsquo;appareils \u00e9lectrom\u00e9nagers pour la f\u00eate du Travail chez Best Buy\"}]},{\"@type\":\"WebSite\",\"@id\":\"https:\/\/vieassociative.be\/actualites\/#website\",\"url\":\"https:\/\/vieassociative.be\/actualites\/\",\"name\":\"Vie Associative\",\"description\":\"\",\"publisher\":{\"@id\":\"https:\/\/vieassociative.be\/actualites\/#organization\"},\"potentialAction\":[{\"@type\":\"SearchAction\",\"target\":{\"@type\":\"EntryPoint\",\"urlTemplate\":\"https:\/\/vieassociative.be\/actualites\/?s={search_term_string}\"},\"query-input\":{\"@type\":\"PropertyValueSpecification\",\"valueRequired\":true,\"valueName\":\"search_term_string\"}}],\"inLanguage\":\"fr-BE\"},{\"@type\":\"Organization\",\"@id\":\"https:\/\/vieassociative.be\/actualites\/#organization\",\"name\":\"Vie Associative\",\"url\":\"https:\/\/vieassociative.be\/actualites\/\",\"logo\":{\"@type\":\"ImageObject\",\"inLanguage\":\"fr-BE\",\"@id\":\"https:\/\/vieassociative.be\/actualites\/#\/schema\/logo\/image\/\",\"url\":\"https:\/\/vieassociative.be\/actualites\/wp-content\/uploads\/2024\/09\/cropped-vieassociative_favicon.ico.png\",\"contentUrl\":\"https:\/\/vieassociative.be\/actualites\/wp-content\/uploads\/2024\/09\/cropped-vieassociative_favicon.ico.png\",\"width\":512,\"height\":512,\"caption\":\"Vie Associative\"},\"image\":{\"@id\":\"https:\/\/vieassociative.be\/actualites\/#\/schema\/logo\/image\/\"}},{\"@type\":\"Person\",\"@id\":\"https:\/\/vieassociative.be\/actualites\/#\/schema\/person\/b87ac4f82f9d4e7b7cec7395b679edc4\",\"name\":\"Julien\",\"image\":{\"@type\":\"ImageObject\",\"inLanguage\":\"fr-BE\",\"@id\":\"https:\/\/vieassociative.be\/actualites\/#\/schema\/person\/image\/\",\"url\":\"https:\/\/vieassociative.be\/actualites\/wp-content\/uploads\/2024\/09\/vie-associative-1-150x150.jpg\",\"contentUrl\":\"https:\/\/vieassociative.be\/actualites\/wp-content\/uploads\/2024\/09\/vie-associative-1-150x150.jpg\",\"caption\":\"Julien\"},\"description\":\"Je suis Julien, r\u00e9dacteur pour Vie Associative. Passionn\u00e9 par le monde associatif depuis plus de 10 ans, j'ai \u00e0 c\u0153ur de partager des histoires inspirantes et de mettre en lumi\u00e8re les initiatives locales. Mon objectif est de sensibiliser et d'encourager l'engagement communautaire \u00e0 travers mes articles.\",\"sameAs\":[\"https:\/\/vieassociative.be\/\"]}]}<\/script>\n<!-- \/ Yoast SEO plugin. -->","yoast_head_json":{"title":"Ce sont les meilleures offres de technologie et d'appareils \u00e9lectrom\u00e9nagers pour la f\u00eate du Travail chez Best Buy | Vie Associative","robots":{"index":"index","follow":"follow","max-snippet":"max-snippet:-1","max-image-preview":"max-image-preview:large","max-video-preview":"max-video-preview:-1"},"canonical":"https:\/\/vieassociative.be\/actualites\/ce-sont-les-meilleures-offres-de-technologie-et-dappareils-electromenagers-pour-la-fete-du-travail-chez-best-buy-2\/","og_locale":"fr_FR","og_type":"article","og_title":"Ce sont les meilleures offres de technologie et d'appareils \u00e9lectrom\u00e9nagers pour la f\u00eate du Travail chez Best Buy | Vie Associative","og_description":"Best Buy a une vente massive de la f\u00eate du Travail sur les appareils \u00e9lectrom\u00e9nagers, les t\u00e9l\u00e9viseurs, les iPads, les ordinateurs portables, les \u00e9couteurs et","og_url":"https:\/\/vieassociative.be\/actualites\/ce-sont-les-meilleures-offres-de-technologie-et-dappareils-electromenagers-pour-la-fete-du-travail-chez-best-buy-2\/","og_site_name":"Vie Associative","article_published_time":"2025-08-26T11:19:43+00:00","og_image":[{"url":"https:\/\/vieassociative.be\/actualites\/wp-content\/uploads\/2025\/08\/Ce-sont-les-meilleures-offres-de-technologie-et-dappareils-electromenagers.jpg","type":"","width":"","height":""}],"author":"Julien","twitter_card":"summary_large_image","twitter_misc":{"\u00c9crit par":"Julien","Dur\u00e9e de lecture est.":"6 minutes"},"schema":{"@context":"https:\/\/schema.org","@graph":[{"@type":"Article","@id":"https:\/\/vieassociative.be\/actualites\/ce-sont-les-meilleures-offres-de-technologie-et-dappareils-electromenagers-pour-la-fete-du-travail-chez-best-buy-2\/#article","isPartOf":{"@id":"https:\/\/vieassociative.be\/actualites\/ce-sont-les-meilleures-offres-de-technologie-et-dappareils-electromenagers-pour-la-fete-du-travail-chez-best-buy-2\/"},"author":{"name":"Julien","@id":"https:\/\/vieassociative.be\/actualites\/#\/schema\/person\/b87ac4f82f9d4e7b7cec7395b679edc4"},"headline":"Ce sont les meilleures offres de technologie et d&rsquo;appareils \u00e9lectrom\u00e9nagers pour la f\u00eate du Travail chez Best Buy","datePublished":"2025-08-26T11:19:43+00:00","dateModified":"2025-08-26T11:19:43+00:00","mainEntityOfPage":{"@id":"https:\/\/vieassociative.be\/actualites\/ce-sont-les-meilleures-offres-de-technologie-et-dappareils-electromenagers-pour-la-fete-du-travail-chez-best-buy-2\/"},"wordCount":1275,"publisher":{"@id":"https:\/\/vieassociative.be\/actualites\/#organization"},"image":{"@id":"https:\/\/vieassociative.be\/actualites\/ce-sont-les-meilleures-offres-de-technologie-et-dappareils-electromenagers-pour-la-fete-du-travail-chez-best-buy-2\/#primaryimage"},"thumbnailUrl":"https:\/\/vieassociative.be\/actualites\/wp-content\/uploads\/2025\/08\/1756192702_Ce-sont-les-meilleures-offres-de-technologie-et-dappareils-electromenagers.png","keywords":["Buy","chez","dappareils","\u00e9lectrom\u00e9nagers","f\u00eate","Les","meilleures","offres","pour","sont","technologie","travail"],"articleSection":["Argent"],"inLanguage":"fr-BE"},{"@type":"WebPage","@id":"https:\/\/vieassociative.be\/actualites\/ce-sont-les-meilleures-offres-de-technologie-et-dappareils-electromenagers-pour-la-fete-du-travail-chez-best-buy-2\/","url":"https:\/\/vieassociative.be\/actualites\/ce-sont-les-meilleures-offres-de-technologie-et-dappareils-electromenagers-pour-la-fete-du-travail-chez-best-buy-2\/","name":"Ce sont les meilleures offres de technologie et d'appareils \u00e9lectrom\u00e9nagers pour la f\u00eate du Travail chez Best Buy | Vie Associative","isPartOf":{"@id":"https:\/\/vieassociative.be\/actualites\/#website"},"primaryImageOfPage":{"@id":"https:\/\/vieassociative.be\/actualites\/ce-sont-les-meilleures-offres-de-technologie-et-dappareils-electromenagers-pour-la-fete-du-travail-chez-best-buy-2\/#primaryimage"},"image":{"@id":"https:\/\/vieassociative.be\/actualites\/ce-sont-les-meilleures-offres-de-technologie-et-dappareils-electromenagers-pour-la-fete-du-travail-chez-best-buy-2\/#primaryimage"},"thumbnailUrl":"https:\/\/vieassociative.be\/actualites\/wp-content\/uploads\/2025\/08\/1756192702_Ce-sont-les-meilleures-offres-de-technologie-et-dappareils-electromenagers.png","datePublished":"2025-08-26T11:19:43+00:00","dateModified":"2025-08-26T11:19:43+00:00","breadcrumb":{"@id":"https:\/\/vieassociative.be\/actualites\/ce-sont-les-meilleures-offres-de-technologie-et-dappareils-electromenagers-pour-la-fete-du-travail-chez-best-buy-2\/#breadcrumb"},"inLanguage":"fr-BE","potentialAction":[{"@type":"ReadAction","target":["https:\/\/vieassociative.be\/actualites\/ce-sont-les-meilleures-offres-de-technologie-et-dappareils-electromenagers-pour-la-fete-du-travail-chez-best-buy-2\/"]}]},{"@type":"ImageObject","inLanguage":"fr-BE","@id":"https:\/\/vieassociative.be\/actualites\/ce-sont-les-meilleures-offres-de-technologie-et-dappareils-electromenagers-pour-la-fete-du-travail-chez-best-buy-2\/#primaryimage","url":"https:\/\/vieassociative.be\/actualites\/wp-content\/uploads\/2025\/08\/1756192702_Ce-sont-les-meilleures-offres-de-technologie-et-dappareils-electromenagers.png","contentUrl":"https:\/\/vieassociative.be\/actualites\/wp-content\/uploads\/2025\/08\/1756192702_Ce-sont-les-meilleures-offres-de-technologie-et-dappareils-electromenagers.png","width":1200,"height":675,"caption":"Ce sont les meilleures offres de technologie et d'appareils \u00e9lectrom\u00e9nagers pour la f\u00eate du Travail chez Best Buy"},{"@type":"BreadcrumbList","@id":"https:\/\/vieassociative.be\/actualites\/ce-sont-les-meilleures-offres-de-technologie-et-dappareils-electromenagers-pour-la-fete-du-travail-chez-best-buy-2\/#breadcrumb","itemListElement":[{"@type":"ListItem","position":1,"name":"Accueil","item":"https:\/\/vieassociative.be\/actualites\/"},{"@type":"ListItem","position":2,"name":"Ce sont les meilleures offres de technologie et d&rsquo;appareils \u00e9lectrom\u00e9nagers pour la f\u00eate du Travail chez Best Buy"}]},{"@type":"WebSite","@id":"https:\/\/vieassociative.be\/actualites\/#website","url":"https:\/\/vieassociative.be\/actualites\/","name":"Vie Associative","description":"","publisher":{"@id":"https:\/\/vieassociative.be\/actualites\/#organization"},"potentialAction":[{"@type":"SearchAction","target":{"@type":"EntryPoint","urlTemplate":"https:\/\/vieassociative.be\/actualites\/?s={search_term_string}"},"query-input":{"@type":"PropertyValueSpecification","valueRequired":true,"valueName":"search_term_string"}}],"inLanguage":"fr-BE"},{"@type":"Organization","@id":"https:\/\/vieassociative.be\/actualites\/#organization","name":"Vie Associative","url":"https:\/\/vieassociative.be\/actualites\/","logo":{"@type":"ImageObject","inLanguage":"fr-BE","@id":"https:\/\/vieassociative.be\/actualites\/#\/schema\/logo\/image\/","url":"https:\/\/vieassociative.be\/actualites\/wp-content\/uploads\/2024\/09\/cropped-vieassociative_favicon.ico.png","contentUrl":"https:\/\/vieassociative.be\/actualites\/wp-content\/uploads\/2024\/09\/cropped-vieassociative_favicon.ico.png","width":512,"height":512,"caption":"Vie Associative"},"image":{"@id":"https:\/\/vieassociative.be\/actualites\/#\/schema\/logo\/image\/"}},{"@type":"Person","@id":"https:\/\/vieassociative.be\/actualites\/#\/schema\/person\/b87ac4f82f9d4e7b7cec7395b679edc4","name":"Julien","image":{"@type":"ImageObject","inLanguage":"fr-BE","@id":"https:\/\/vieassociative.be\/actualites\/#\/schema\/person\/image\/","url":"https:\/\/vieassociative.be\/actualites\/wp-content\/uploads\/2024\/09\/vie-associative-1-150x150.jpg","contentUrl":"https:\/\/vieassociative.be\/actualites\/wp-content\/uploads\/2024\/09\/vie-associative-1-150x150.jpg","caption":"Julien"},"description":"Je suis Julien, r\u00e9dacteur pour Vie Associative. Passionn\u00e9 par le monde associatif depuis plus de 10 ans, j'ai \u00e0 c\u0153ur de partager des histoires inspirantes et de mettre en lumi\u00e8re les initiatives locales. Mon objectif est de sensibiliser et d'encourager l'engagement communautaire \u00e0 travers mes articles.","sameAs":["https:\/\/vieassociative.be\/"]}]}},"_links":{"self":[{"href":"https:\/\/vieassociative.be\/actualites\/wp-json\/wp\/v2\/posts\/9635"}],"collection":[{"href":"https:\/\/vieassociative.be\/actualites\/wp-json\/wp\/v2\/posts"}],"about":[{"href":"https:\/\/vieassociative.be\/actualites\/wp-json\/wp\/v2\/types\/post"}],"author":[{"embeddable":true,"href":"https:\/\/vieassociative.be\/actualites\/wp-json\/wp\/v2\/users\/1"}],"replies":[{"embeddable":true,"href":"https:\/\/vieassociative.be\/actualites\/wp-json\/wp\/v2\/comments?post=9635"}],"version-history":[{"count":0,"href":"https:\/\/vieassociative.be\/actualites\/wp-json\/wp\/v2\/posts\/9635\/revisions"}],"wp:featuredmedia":[{"embeddable":true,"href":"https:\/\/vieassociative.be\/actualites\/wp-json\/wp\/v2\/media\/9634"}],"wp:attachment":[{"href":"https:\/\/vieassociative.be\/actualites\/wp-json\/wp\/v2\/media?parent=9635"}],"wp:term":[{"taxonomy":"category","embeddable":true,"href":"https:\/\/vieassociative.be\/actualites\/wp-json\/wp\/v2\/categories?post=9635"},{"taxonomy":"post_tag","embeddable":true,"href":"https:\/\/vieassociative.be\/actualites\/wp-json\/wp\/v2\/tags?post=9635"}],"curies":[{"name":"wp","href":"https:\/\/api.w.org\/{rel}","templated":true}]}}