{"id":9630,"date":"2025-08-26T03:17:45","date_gmt":"2025-08-26T01:17:45","guid":{"rendered":"https:\/\/vieassociative.be\/actualites\/comment-liphone-changera-au-cours-des-trois-prochaines-annees-selon-bloomberg\/"},"modified":"2025-08-26T03:17:45","modified_gmt":"2025-08-26T01:17:45","slug":"comment-liphone-changera-au-cours-des-trois-prochaines-annees-selon-bloomberg","status":"publish","type":"post","link":"https:\/\/vieassociative.be\/actualites\/comment-liphone-changera-au-cours-des-trois-prochaines-annees-selon-bloomberg\/","title":{"rendered":"Comment l&rsquo;iPhone changera au cours des trois prochaines ann\u00e9es, selon Bloomberg"},"content":{"rendered":"<div class=\"mt-4 leading-6 md:mb-8\">L&rsquo;iPhone va changer. Beaucoup.<\/div>\n<p><\/p>\n<p><em>Saviez-vous que vous pouvez personnaliser Google pour filtrer les ordures? Prendre ces \u00e9tapes<\/em><em> Pour de meilleurs r\u00e9sultats de recherche, notamment en ajoutant mon travail chez Vie Associative comme source pr\u00e9f\u00e9r\u00e9e<\/em><em>.<\/em><\/p>\n<hr>\n<p>Apple a de grands projets pour les prochaines ann\u00e9es. C&rsquo;est selon Mark Gurman de Bloomberg, qui a un bon bilan pour couvrir les fuites et les rumeurs de pomme. Les d\u00e9tails les plus importants de Gurman concernent actuellement un plan \u00e0 trois ans pour mettre \u00e0 niveau la ligne de l&rsquo;iPhone, mais il y a des rumeurs pour explorer qui couvrent presque l&rsquo;int\u00e9gralit\u00e9 de la gamme de produits de l&rsquo;entreprise.  <\/p>\n<p>Comme pour toute couverture des fuites et des rumeurs, ce n&rsquo;est pas cens\u00e9 \u00eatre d\u00e9finitif. Apple pourrait finir par faire tout, certains ou rien de ces choses. Bien que certaines pr\u00e9dictions ici soient plus probables que d&rsquo;autres, nous ne saurons tout simplement pas quels sont les plans d&rsquo;Apple tant que l&rsquo;entreprise les rend officiels au cours des prochaines ann\u00e9es.  <\/p>\n<div class=\"mx-auto mb-12 mt-5 w-full max-w-3xl rounded-md border-2 border-gray-100 p-3 shadow-md md:px-7 md:pb-7 md:pt-5\" id=\"related-video\">\n<div class=\"mb-3 flex items-center md:mb-5\">\n        <img decoding=\"async\" class=\"mr-4 mt-0 h-10 w-10 md:mr-5 md:h-12 md:w-12\" src=\"https:\/\/vieassociative.be\/actualites\/wp-content\/uploads\/2025\/08\/1754414314_422_Les-brins-du-NYT-daujourdhui-indiquent-et-repondent-pour-le.jpg\" alt=\"Logo Lifehacker\"><\/p><\/div>\n<div class=\"aspect-video w-full overflow-hidden rounded-md\">\n<div id=\"video-container-01K3HXFMXK2TRJ2HQEGE5ZPVG6\"><\/div>\n<\/p><\/div>\n<\/div>\n<h2 id=\"iphone\">iPhone<\/h2>\n<p>Si vous en avez assez de la conception d&rsquo;iPhone \u00e9prouv\u00e9e d&rsquo;Apple, Gurman a de bonnes nouvelles pour vous. Le journaliste affirme qu&rsquo;Apple pr\u00e9voit d&rsquo;introduire une conception d&rsquo;iPhone diff\u00e9rente chaque ann\u00e9e au cours des trois prochaines ann\u00e9es. Voici \u00e0 quoi s&rsquo;attendre:<\/p>\n<h3>2025: Air iPhone<\/h3>\n<p>L&rsquo;iPhone Air lance les choses le mois prochain, rempla\u00e7ant l&rsquo;iPhone 16 Plus de la gamme. Le premier grand changement de conception d&rsquo;Apple rendra l&rsquo;iPhone plus mince et plus l\u00e9ger que jamais. Pensez \u00e0 la fa\u00e7on dont un MacBook Air se compare \u00e0 un pro: ceux qui pr\u00e9f\u00e8rent une exp\u00e9rience mince et l\u00e9g\u00e8re pourraient trouver le dernier iPhone pr\u00e9f\u00e9rable \u00e0 la conception existante, qui restera probablement la m\u00eame pour le reste de la s\u00e9rie iPhone 17. Gurman avertit que le rasage de ces onces et centim\u00e8tres sera \u00e0 un prix, \u00e0 savoir la dur\u00e9e de vie de la batterie inf\u00e9rieure, une seule cam\u00e9ra arri\u00e8re et aucun support physique de la SIM, bien qu&rsquo;Apple ne soit ESIM qu&rsquo;aux \u00c9tats-Unis depuis l&rsquo;iPhone 14.<\/p>\n<p>Si vous pr\u00e9f\u00e9rez l&rsquo;un des iPhones traditionnels, qui comprend les 17, 17 Pro et 17 Pro Max, ne vous attendez pas \u00e0 beaucoup de nouveau ici. Gurman note que ces iPhones offriront un mod\u00e8le orange, tandis que l&rsquo;air sera exp\u00e9di\u00e9 en bleu clair, mais il semble que les changements seront modestes cette ann\u00e9e. Le rapport ne sp\u00e9cifie pas, mais j&rsquo;imagine que c&rsquo;est la m\u00eame situation ancienne ici, y compris les processeurs et les cam\u00e9ras am\u00e9lior\u00e9s, tout en conservant le m\u00eame look g\u00e9n\u00e9ral g\u00e9n\u00e9ral. Le prix peut cependant augmenter en raison de tarifs. <\/p>\n<h3>2026: iPhone pliable<\/h3>\n<p>O\u00f9 vous verrez plus de mouvement dans un an. Selon les rumeurs, Apple abandonne un iPhone pliable pour la premi\u00e8re fois. Selon Gurman, Apple opte pour le pliable de style tablette, plut\u00f4t que la conception du t\u00e9l\u00e9phone flip. Personnellement, je ne peux pas d\u00e9cider ce que je pr\u00e9f\u00e9rerais: un hybride iPhone \/ iPad portable est assez intrigant, mais je ne peux toujours pas secouer l&rsquo;id\u00e9e d&rsquo;un hybride iPhone \/ Razr. C&rsquo;est peut-\u00eatre le mill\u00e9naire en moi. <\/p>\n<p>Gurman dit que ce nouveau pliable sera livr\u00e9 avec quatre cam\u00e9ras (une sur l&rsquo;\u00e9cran avant, une \u00e0 l&rsquo;int\u00e9rieur lorsque vous ouvrez le pliable, et deux \u00e0 l&rsquo;arri\u00e8re), et, \u00e9tonnamment, viendront avec un ID de touche plut\u00f4t que sur un ID de visage. Apple propose Touch ID sur certains mod\u00e8les iPad, donc peut-\u00eatre qu&rsquo;il adopte \u00e9galement cette m\u00eame approche avec son premier combo smartphone \/ tablette. Le pliable pourrait \u00eatre venu en mod\u00e8les blancs et noirs, et peut \u00eatre exp\u00e9di\u00e9 avec le modem C2 propri\u00e9taire de la soci\u00e9t\u00e9, qui, selon Gurman, affirme que rivalise les modems Qualcomm. La ligne iPhone 18 Pro peut \u00e9galement \u00eatre livr\u00e9e avec ce modem. <\/p>\n<p>Apple peut \u00e9galement planifier un iPhone 17E pour 2026, pour remplacer l&rsquo;iPhone 16E une fois que l&rsquo;iPhone 17 chute \u00e0 l&rsquo;automne.<\/p>\n<h3>2027: &lsquo;iPhone 20&rsquo;<\/h3>\n<p>Il semble un peu fou de penser, mais dans seulement deux ans, l&rsquo;iPhone aura 20 ans. L&rsquo;iPhone et les smartphones qui ont \u00e9t\u00e9 lanc\u00e9s peu de temps apr\u00e8s, ont chang\u00e9 le monde pour le meilleur et pour le pire. Pour comm\u00e9morer l&rsquo;occasion, Apple pourrait mettre \u00e0 jour la conception de l&rsquo;iPhone une fois de plus. <\/p>\n<p>Nous n&rsquo;avons pas encore une tonne de d\u00e9tails, mais selon Gurman, \u00ab\u00a0l&rsquo;iPhone 20\u00a0\u00bb optera pour \u00ab\u00a0les bords en verre incurv\u00e9\u00a0\u00bb tout autour de l&rsquo;appareil, par opposition au design rectangulaire qu&rsquo;Apple a utilis\u00e9 au cours des cinq derni\u00e8res ann\u00e9es. Gurman Th\u00e9orisant cela fonctionnera bien avec le nouveau design \u00ab\u00a0Liquid Glass\u00a0\u00bb de l&rsquo;entreprise pour iOS, ce qui a du sens. J&rsquo;esp\u00e8re que nous obtiendrons bient\u00f4t d&rsquo;autres rumeurs sur cet iPhone, bien que 2027 soit encore assez loin. <\/p>\n<p>En tout cas, ce ne serait pas la premi\u00e8re fois que Apple enregistre un changement de conception majeur pour un anniversaire majeur. L&rsquo;iPhone X a chut\u00e9 en 2017 et a marqu\u00e9 10 ans d&rsquo;iPhone. C&rsquo;\u00e9tait aussi un d\u00e9part radical dans la conception, abandonnant le bouton d&rsquo;accueil embl\u00e9matique et, avec lui, des lunettes de haut et de bas qui ont d\u00e9fini l&rsquo;iPhone pour cette premi\u00e8re d\u00e9cennie.<\/p>\n<h2 id=\"other-apple-products\">Autres produits Apple<\/h2>\n<p>Apple, bien s\u00fbr, ne fait pas que l&rsquo;iPhone. Gurman a des rumeurs pour d&rsquo;autres appareils Apple qui se d\u00e9roulent, bien que les d\u00e9tails manquent par rapport \u00e0 leurs homologues iPhone.<\/p>\n<p>Il ne sera pas surprenant d&rsquo;apprendre qu&rsquo;Apple abandonnera probablement de nouvelles montres Apple cet automne. La soci\u00e9t\u00e9 peut \u00e9galement publier de nouveaux pros iPad avec la nouvelle puce M5 &#8211; qui n&rsquo;a pas encore exp\u00e9di\u00e9e dans aucun MacBook, ainsi que les cam\u00e9ras sur les c\u00f4t\u00e9s du portrait et du paysage de la tablette. Pour les fans de r\u00e9alit\u00e9 mixte, Apple peut laisser tomber plus de vis de vision plus rapide, bien que les actuels ont du mal \u00e0 vendre. La soci\u00e9t\u00e9 peut \u00e9galement publier un nouveau AirPods Pro, potentiellement avec la surveillance de la fr\u00e9quence cardiaque, et peut actualiser les HomePod Minis et Apple TV (\u00e0 ne pas confondre avec Apple TV +, bien s\u00fbr). <\/p>\n<p>Gurman pr\u00e9dit que l&rsquo;Apple 2026 implique des iPhones de mod\u00e8le de base rafra\u00eechis, des Airs iPad et des Mac M5 &#8211; en particulier MacBook Pros et MacBook Airs. Nous pouvons obtenir de nouveaux accessoires, y compris un nouvel \u00e9cran externe. En parlant d&rsquo;affichages, cela pourrait \u00eatre l&rsquo;ann\u00e9e pour HomePod d&rsquo;Apple avec un \u00e9cran, qui rivaliserait directement avec des produits Smart Home similaires d&rsquo;Amazon et de Google. <\/p>\n<p>Si nous divertissons des rumeurs de grande envergure, Gurman pense qu&rsquo;Apple finira par publier des lunettes intelligentes pour rivaliser avec Meta, un v\u00e9ritable robot de maison intelligent, un Vision Pro plus abordable, AirPods avec des appareils photo int\u00e9gr\u00e9s, un hybride iPad \/ Mac pliable et une cam\u00e9ra de s\u00e9curit\u00e9 \u00e0 domicile. Je les prendrais avec un grain de sel, car nous sommes si loin de ces d\u00e9lais et, m\u00eame s&rsquo;ils sont vrais, Apple pourrait changer ses plans de d\u00e9veloppement \u00e0 tout moment. <\/p>\n<h2 id=\"apple-health\">Apple Health +<\/h2>\n<p>Gurman ne concerne pas seulement le mat\u00e9riel ici. En plus de discuter de choses annonc\u00e9es pr\u00e9c\u00e9demment comme AppleCare One et une augmentation de prix pour Apple TV +, il a \u00e9galement abandonn\u00e9 une note sur un abonnement \u00e0 venir pour s&rsquo;asseoir aux c\u00f4t\u00e9s des offres actuelles d&rsquo;Apple: Apple Health +. Ce serait un \u00abcoach de sant\u00e9 bas\u00e9 sur l&rsquo;IA\u00bb, qui viendra avec des conseils de nutrition et de m\u00e9decine. <\/p>\n<p>Je suis un peu sceptique quant \u00e0 tout ce qui concerne l&rsquo;IA et la sant\u00e9, mais nous devrons voir comment Apple g\u00e8re cela. La soci\u00e9t\u00e9 se vante g\u00e9n\u00e9ralement de son approche de la sant\u00e9, en particulier en ce qui concerne l&rsquo;Apple Watch, ainsi que la confidentialit\u00e9 des utilisateurs &#8211; deux choses que l&rsquo;IA n&rsquo;a pas actuellement la meilleure r\u00e9putation. Mais, comme tout produit in\u00e9dit (et inopin\u00e9), nous devrons attendre et voir ce que la sant\u00e9 + se forme.<\/p>\n","protected":false},"excerpt":{"rendered":"<p>L&rsquo;iPhone va changer. Beaucoup. Saviez-vous que vous pouvez personnaliser Google pour filtrer les ordures? Prendre ces \u00e9tapes Pour de meilleurs r\u00e9sultats de recherche, notamment en<\/p>\n","protected":false},"author":1,"featured_media":9631,"comment_status":"","ping_status":"","sticky":false,"template":"","format":"standard","meta":{"footnotes":""},"categories":[13],"tags":[2392,8310,8308,44,335,29,2903,8309,507,771],"class_list":["post-9630","post","type-post","status-publish","format-standard","has-post-thumbnail","hentry","category-technologie","tag-annees","tag-bloomberg","tag-changera","tag-comment","tag-cours","tag-des","tag-liphone","tag-prochaines","tag-selon","tag-trois","generate-columns","tablet-grid-50","mobile-grid-100","grid-parent","grid-33"],"yoast_head":"<!-- This site is optimized with the Yoast SEO plugin v24.0 - https:\/\/yoast.com\/wordpress\/plugins\/seo\/ -->\n<title>Comment l&#039;iPhone changera au cours des trois prochaines ann\u00e9es, selon Bloomberg | Vie Associative<\/title>\n<meta name=\"robots\" content=\"index, follow, max-snippet:-1, max-image-preview:large, max-video-preview:-1\" \/>\n<link rel=\"canonical\" href=\"https:\/\/vieassociative.be\/actualites\/comment-liphone-changera-au-cours-des-trois-prochaines-annees-selon-bloomberg\/\" \/>\n<meta property=\"og:locale\" content=\"fr_FR\" \/>\n<meta property=\"og:type\" content=\"article\" \/>\n<meta property=\"og:title\" content=\"Comment l&#039;iPhone changera au cours des trois prochaines ann\u00e9es, selon Bloomberg | Vie Associative\" \/>\n<meta property=\"og:description\" content=\"L&rsquo;iPhone va changer. Beaucoup. Saviez-vous que vous pouvez personnaliser Google pour filtrer les ordures? Prendre ces \u00e9tapes Pour de meilleurs r\u00e9sultats de recherche, notamment en\" \/>\n<meta property=\"og:url\" content=\"https:\/\/vieassociative.be\/actualites\/comment-liphone-changera-au-cours-des-trois-prochaines-annees-selon-bloomberg\/\" \/>\n<meta property=\"og:site_name\" content=\"Vie Associative\" \/>\n<meta property=\"article:published_time\" content=\"2025-08-26T01:17:45+00:00\" \/>\n<meta property=\"og:image\" content=\"https:\/\/vieassociative.be\/actualites\/wp-content\/uploads\/2025\/08\/1754414314_422_Les-brins-du-NYT-daujourdhui-indiquent-et-repondent-pour-le.jpg\" \/>\n<meta name=\"author\" content=\"Julien\" \/>\n<meta name=\"twitter:card\" content=\"summary_large_image\" \/>\n<meta name=\"twitter:label1\" content=\"\u00c9crit par\" \/>\n\t<meta name=\"twitter:data1\" content=\"Julien\" \/>\n\t<meta name=\"twitter:label2\" content=\"Dur\u00e9e de lecture est.\" \/>\n\t<meta name=\"twitter:data2\" content=\"7 minutes\" \/>\n<script type=\"application\/ld+json\" class=\"yoast-schema-graph\">{\"@context\":\"https:\/\/schema.org\",\"@graph\":[{\"@type\":\"Article\",\"@id\":\"https:\/\/vieassociative.be\/actualites\/comment-liphone-changera-au-cours-des-trois-prochaines-annees-selon-bloomberg\/#article\",\"isPartOf\":{\"@id\":\"https:\/\/vieassociative.be\/actualites\/comment-liphone-changera-au-cours-des-trois-prochaines-annees-selon-bloomberg\/\"},\"author\":{\"name\":\"Julien\",\"@id\":\"https:\/\/vieassociative.be\/actualites\/#\/schema\/person\/b87ac4f82f9d4e7b7cec7395b679edc4\"},\"headline\":\"Comment l&rsquo;iPhone changera au cours des trois prochaines ann\u00e9es, selon Bloomberg\",\"datePublished\":\"2025-08-26T01:17:45+00:00\",\"dateModified\":\"2025-08-26T01:17:45+00:00\",\"mainEntityOfPage\":{\"@id\":\"https:\/\/vieassociative.be\/actualites\/comment-liphone-changera-au-cours-des-trois-prochaines-annees-selon-bloomberg\/\"},\"wordCount\":1429,\"publisher\":{\"@id\":\"https:\/\/vieassociative.be\/actualites\/#organization\"},\"image\":{\"@id\":\"https:\/\/vieassociative.be\/actualites\/comment-liphone-changera-au-cours-des-trois-prochaines-annees-selon-bloomberg\/#primaryimage\"},\"thumbnailUrl\":\"https:\/\/vieassociative.be\/actualites\/wp-content\/uploads\/2025\/08\/Comment-liPhone-changera-au-cours-des-trois-prochaines-annees-selon.jpg\",\"keywords\":[\"ann\u00e9es\",\"Bloomberg\",\"changera\",\"Comment\",\"cours\",\"Des\",\"liPhone\",\"prochaines\",\"selon\",\"trois\"],\"articleSection\":[\"Technologie\"],\"inLanguage\":\"fr-BE\"},{\"@type\":\"WebPage\",\"@id\":\"https:\/\/vieassociative.be\/actualites\/comment-liphone-changera-au-cours-des-trois-prochaines-annees-selon-bloomberg\/\",\"url\":\"https:\/\/vieassociative.be\/actualites\/comment-liphone-changera-au-cours-des-trois-prochaines-annees-selon-bloomberg\/\",\"name\":\"Comment l'iPhone changera au cours des trois prochaines ann\u00e9es, selon Bloomberg | Vie Associative\",\"isPartOf\":{\"@id\":\"https:\/\/vieassociative.be\/actualites\/#website\"},\"primaryImageOfPage\":{\"@id\":\"https:\/\/vieassociative.be\/actualites\/comment-liphone-changera-au-cours-des-trois-prochaines-annees-selon-bloomberg\/#primaryimage\"},\"image\":{\"@id\":\"https:\/\/vieassociative.be\/actualites\/comment-liphone-changera-au-cours-des-trois-prochaines-annees-selon-bloomberg\/#primaryimage\"},\"thumbnailUrl\":\"https:\/\/vieassociative.be\/actualites\/wp-content\/uploads\/2025\/08\/Comment-liPhone-changera-au-cours-des-trois-prochaines-annees-selon.jpg\",\"datePublished\":\"2025-08-26T01:17:45+00:00\",\"dateModified\":\"2025-08-26T01:17:45+00:00\",\"breadcrumb\":{\"@id\":\"https:\/\/vieassociative.be\/actualites\/comment-liphone-changera-au-cours-des-trois-prochaines-annees-selon-bloomberg\/#breadcrumb\"},\"inLanguage\":\"fr-BE\",\"potentialAction\":[{\"@type\":\"ReadAction\",\"target\":[\"https:\/\/vieassociative.be\/actualites\/comment-liphone-changera-au-cours-des-trois-prochaines-annees-selon-bloomberg\/\"]}]},{\"@type\":\"ImageObject\",\"inLanguage\":\"fr-BE\",\"@id\":\"https:\/\/vieassociative.be\/actualites\/comment-liphone-changera-au-cours-des-trois-prochaines-annees-selon-bloomberg\/#primaryimage\",\"url\":\"https:\/\/vieassociative.be\/actualites\/wp-content\/uploads\/2025\/08\/Comment-liPhone-changera-au-cours-des-trois-prochaines-annees-selon.jpg\",\"contentUrl\":\"https:\/\/vieassociative.be\/actualites\/wp-content\/uploads\/2025\/08\/Comment-liPhone-changera-au-cours-des-trois-prochaines-annees-selon.jpg\",\"width\":1200,\"height\":675,\"caption\":\"Comment l'iPhone changera au cours des trois prochaines ann\u00e9es, selon Bloomberg\"},{\"@type\":\"BreadcrumbList\",\"@id\":\"https:\/\/vieassociative.be\/actualites\/comment-liphone-changera-au-cours-des-trois-prochaines-annees-selon-bloomberg\/#breadcrumb\",\"itemListElement\":[{\"@type\":\"ListItem\",\"position\":1,\"name\":\"Accueil\",\"item\":\"https:\/\/vieassociative.be\/actualites\/\"},{\"@type\":\"ListItem\",\"position\":2,\"name\":\"Comment l&rsquo;iPhone changera au cours des trois prochaines ann\u00e9es, selon Bloomberg\"}]},{\"@type\":\"WebSite\",\"@id\":\"https:\/\/vieassociative.be\/actualites\/#website\",\"url\":\"https:\/\/vieassociative.be\/actualites\/\",\"name\":\"Vie Associative\",\"description\":\"\",\"publisher\":{\"@id\":\"https:\/\/vieassociative.be\/actualites\/#organization\"},\"potentialAction\":[{\"@type\":\"SearchAction\",\"target\":{\"@type\":\"EntryPoint\",\"urlTemplate\":\"https:\/\/vieassociative.be\/actualites\/?s={search_term_string}\"},\"query-input\":{\"@type\":\"PropertyValueSpecification\",\"valueRequired\":true,\"valueName\":\"search_term_string\"}}],\"inLanguage\":\"fr-BE\"},{\"@type\":\"Organization\",\"@id\":\"https:\/\/vieassociative.be\/actualites\/#organization\",\"name\":\"Vie Associative\",\"url\":\"https:\/\/vieassociative.be\/actualites\/\",\"logo\":{\"@type\":\"ImageObject\",\"inLanguage\":\"fr-BE\",\"@id\":\"https:\/\/vieassociative.be\/actualites\/#\/schema\/logo\/image\/\",\"url\":\"https:\/\/vieassociative.be\/actualites\/wp-content\/uploads\/2024\/09\/cropped-vieassociative_favicon.ico.png\",\"contentUrl\":\"https:\/\/vieassociative.be\/actualites\/wp-content\/uploads\/2024\/09\/cropped-vieassociative_favicon.ico.png\",\"width\":512,\"height\":512,\"caption\":\"Vie Associative\"},\"image\":{\"@id\":\"https:\/\/vieassociative.be\/actualites\/#\/schema\/logo\/image\/\"}},{\"@type\":\"Person\",\"@id\":\"https:\/\/vieassociative.be\/actualites\/#\/schema\/person\/b87ac4f82f9d4e7b7cec7395b679edc4\",\"name\":\"Julien\",\"image\":{\"@type\":\"ImageObject\",\"inLanguage\":\"fr-BE\",\"@id\":\"https:\/\/vieassociative.be\/actualites\/#\/schema\/person\/image\/\",\"url\":\"https:\/\/vieassociative.be\/actualites\/wp-content\/uploads\/2024\/09\/vie-associative-1-150x150.jpg\",\"contentUrl\":\"https:\/\/vieassociative.be\/actualites\/wp-content\/uploads\/2024\/09\/vie-associative-1-150x150.jpg\",\"caption\":\"Julien\"},\"description\":\"Je suis Julien, r\u00e9dacteur pour Vie Associative. Passionn\u00e9 par le monde associatif depuis plus de 10 ans, j'ai \u00e0 c\u0153ur de partager des histoires inspirantes et de mettre en lumi\u00e8re les initiatives locales. Mon objectif est de sensibiliser et d'encourager l'engagement communautaire \u00e0 travers mes articles.\",\"sameAs\":[\"https:\/\/vieassociative.be\/\"]}]}<\/script>\n<!-- \/ Yoast SEO plugin. -->","yoast_head_json":{"title":"Comment l'iPhone changera au cours des trois prochaines ann\u00e9es, selon Bloomberg | Vie Associative","robots":{"index":"index","follow":"follow","max-snippet":"max-snippet:-1","max-image-preview":"max-image-preview:large","max-video-preview":"max-video-preview:-1"},"canonical":"https:\/\/vieassociative.be\/actualites\/comment-liphone-changera-au-cours-des-trois-prochaines-annees-selon-bloomberg\/","og_locale":"fr_FR","og_type":"article","og_title":"Comment l'iPhone changera au cours des trois prochaines ann\u00e9es, selon Bloomberg | Vie Associative","og_description":"L&rsquo;iPhone va changer. Beaucoup. Saviez-vous que vous pouvez personnaliser Google pour filtrer les ordures? Prendre ces \u00e9tapes Pour de meilleurs r\u00e9sultats de recherche, notamment en","og_url":"https:\/\/vieassociative.be\/actualites\/comment-liphone-changera-au-cours-des-trois-prochaines-annees-selon-bloomberg\/","og_site_name":"Vie Associative","article_published_time":"2025-08-26T01:17:45+00:00","og_image":[{"url":"https:\/\/vieassociative.be\/actualites\/wp-content\/uploads\/2025\/08\/1754414314_422_Les-brins-du-NYT-daujourdhui-indiquent-et-repondent-pour-le.jpg","type":"","width":"","height":""}],"author":"Julien","twitter_card":"summary_large_image","twitter_misc":{"\u00c9crit par":"Julien","Dur\u00e9e de lecture est.":"7 minutes"},"schema":{"@context":"https:\/\/schema.org","@graph":[{"@type":"Article","@id":"https:\/\/vieassociative.be\/actualites\/comment-liphone-changera-au-cours-des-trois-prochaines-annees-selon-bloomberg\/#article","isPartOf":{"@id":"https:\/\/vieassociative.be\/actualites\/comment-liphone-changera-au-cours-des-trois-prochaines-annees-selon-bloomberg\/"},"author":{"name":"Julien","@id":"https:\/\/vieassociative.be\/actualites\/#\/schema\/person\/b87ac4f82f9d4e7b7cec7395b679edc4"},"headline":"Comment l&rsquo;iPhone changera au cours des trois prochaines ann\u00e9es, selon Bloomberg","datePublished":"2025-08-26T01:17:45+00:00","dateModified":"2025-08-26T01:17:45+00:00","mainEntityOfPage":{"@id":"https:\/\/vieassociative.be\/actualites\/comment-liphone-changera-au-cours-des-trois-prochaines-annees-selon-bloomberg\/"},"wordCount":1429,"publisher":{"@id":"https:\/\/vieassociative.be\/actualites\/#organization"},"image":{"@id":"https:\/\/vieassociative.be\/actualites\/comment-liphone-changera-au-cours-des-trois-prochaines-annees-selon-bloomberg\/#primaryimage"},"thumbnailUrl":"https:\/\/vieassociative.be\/actualites\/wp-content\/uploads\/2025\/08\/Comment-liPhone-changera-au-cours-des-trois-prochaines-annees-selon.jpg","keywords":["ann\u00e9es","Bloomberg","changera","Comment","cours","Des","liPhone","prochaines","selon","trois"],"articleSection":["Technologie"],"inLanguage":"fr-BE"},{"@type":"WebPage","@id":"https:\/\/vieassociative.be\/actualites\/comment-liphone-changera-au-cours-des-trois-prochaines-annees-selon-bloomberg\/","url":"https:\/\/vieassociative.be\/actualites\/comment-liphone-changera-au-cours-des-trois-prochaines-annees-selon-bloomberg\/","name":"Comment l'iPhone changera au cours des trois prochaines ann\u00e9es, selon Bloomberg | Vie Associative","isPartOf":{"@id":"https:\/\/vieassociative.be\/actualites\/#website"},"primaryImageOfPage":{"@id":"https:\/\/vieassociative.be\/actualites\/comment-liphone-changera-au-cours-des-trois-prochaines-annees-selon-bloomberg\/#primaryimage"},"image":{"@id":"https:\/\/vieassociative.be\/actualites\/comment-liphone-changera-au-cours-des-trois-prochaines-annees-selon-bloomberg\/#primaryimage"},"thumbnailUrl":"https:\/\/vieassociative.be\/actualites\/wp-content\/uploads\/2025\/08\/Comment-liPhone-changera-au-cours-des-trois-prochaines-annees-selon.jpg","datePublished":"2025-08-26T01:17:45+00:00","dateModified":"2025-08-26T01:17:45+00:00","breadcrumb":{"@id":"https:\/\/vieassociative.be\/actualites\/comment-liphone-changera-au-cours-des-trois-prochaines-annees-selon-bloomberg\/#breadcrumb"},"inLanguage":"fr-BE","potentialAction":[{"@type":"ReadAction","target":["https:\/\/vieassociative.be\/actualites\/comment-liphone-changera-au-cours-des-trois-prochaines-annees-selon-bloomberg\/"]}]},{"@type":"ImageObject","inLanguage":"fr-BE","@id":"https:\/\/vieassociative.be\/actualites\/comment-liphone-changera-au-cours-des-trois-prochaines-annees-selon-bloomberg\/#primaryimage","url":"https:\/\/vieassociative.be\/actualites\/wp-content\/uploads\/2025\/08\/Comment-liPhone-changera-au-cours-des-trois-prochaines-annees-selon.jpg","contentUrl":"https:\/\/vieassociative.be\/actualites\/wp-content\/uploads\/2025\/08\/Comment-liPhone-changera-au-cours-des-trois-prochaines-annees-selon.jpg","width":1200,"height":675,"caption":"Comment l'iPhone changera au cours des trois prochaines ann\u00e9es, selon Bloomberg"},{"@type":"BreadcrumbList","@id":"https:\/\/vieassociative.be\/actualites\/comment-liphone-changera-au-cours-des-trois-prochaines-annees-selon-bloomberg\/#breadcrumb","itemListElement":[{"@type":"ListItem","position":1,"name":"Accueil","item":"https:\/\/vieassociative.be\/actualites\/"},{"@type":"ListItem","position":2,"name":"Comment l&rsquo;iPhone changera au cours des trois prochaines ann\u00e9es, selon Bloomberg"}]},{"@type":"WebSite","@id":"https:\/\/vieassociative.be\/actualites\/#website","url":"https:\/\/vieassociative.be\/actualites\/","name":"Vie Associative","description":"","publisher":{"@id":"https:\/\/vieassociative.be\/actualites\/#organization"},"potentialAction":[{"@type":"SearchAction","target":{"@type":"EntryPoint","urlTemplate":"https:\/\/vieassociative.be\/actualites\/?s={search_term_string}"},"query-input":{"@type":"PropertyValueSpecification","valueRequired":true,"valueName":"search_term_string"}}],"inLanguage":"fr-BE"},{"@type":"Organization","@id":"https:\/\/vieassociative.be\/actualites\/#organization","name":"Vie Associative","url":"https:\/\/vieassociative.be\/actualites\/","logo":{"@type":"ImageObject","inLanguage":"fr-BE","@id":"https:\/\/vieassociative.be\/actualites\/#\/schema\/logo\/image\/","url":"https:\/\/vieassociative.be\/actualites\/wp-content\/uploads\/2024\/09\/cropped-vieassociative_favicon.ico.png","contentUrl":"https:\/\/vieassociative.be\/actualites\/wp-content\/uploads\/2024\/09\/cropped-vieassociative_favicon.ico.png","width":512,"height":512,"caption":"Vie Associative"},"image":{"@id":"https:\/\/vieassociative.be\/actualites\/#\/schema\/logo\/image\/"}},{"@type":"Person","@id":"https:\/\/vieassociative.be\/actualites\/#\/schema\/person\/b87ac4f82f9d4e7b7cec7395b679edc4","name":"Julien","image":{"@type":"ImageObject","inLanguage":"fr-BE","@id":"https:\/\/vieassociative.be\/actualites\/#\/schema\/person\/image\/","url":"https:\/\/vieassociative.be\/actualites\/wp-content\/uploads\/2024\/09\/vie-associative-1-150x150.jpg","contentUrl":"https:\/\/vieassociative.be\/actualites\/wp-content\/uploads\/2024\/09\/vie-associative-1-150x150.jpg","caption":"Julien"},"description":"Je suis Julien, r\u00e9dacteur pour Vie Associative. Passionn\u00e9 par le monde associatif depuis plus de 10 ans, j'ai \u00e0 c\u0153ur de partager des histoires inspirantes et de mettre en lumi\u00e8re les initiatives locales. Mon objectif est de sensibiliser et d'encourager l'engagement communautaire \u00e0 travers mes articles.","sameAs":["https:\/\/vieassociative.be\/"]}]}},"_links":{"self":[{"href":"https:\/\/vieassociative.be\/actualites\/wp-json\/wp\/v2\/posts\/9630"}],"collection":[{"href":"https:\/\/vieassociative.be\/actualites\/wp-json\/wp\/v2\/posts"}],"about":[{"href":"https:\/\/vieassociative.be\/actualites\/wp-json\/wp\/v2\/types\/post"}],"author":[{"embeddable":true,"href":"https:\/\/vieassociative.be\/actualites\/wp-json\/wp\/v2\/users\/1"}],"replies":[{"embeddable":true,"href":"https:\/\/vieassociative.be\/actualites\/wp-json\/wp\/v2\/comments?post=9630"}],"version-history":[{"count":0,"href":"https:\/\/vieassociative.be\/actualites\/wp-json\/wp\/v2\/posts\/9630\/revisions"}],"wp:featuredmedia":[{"embeddable":true,"href":"https:\/\/vieassociative.be\/actualites\/wp-json\/wp\/v2\/media\/9631"}],"wp:attachment":[{"href":"https:\/\/vieassociative.be\/actualites\/wp-json\/wp\/v2\/media?parent=9630"}],"wp:term":[{"taxonomy":"category","embeddable":true,"href":"https:\/\/vieassociative.be\/actualites\/wp-json\/wp\/v2\/categories?post=9630"},{"taxonomy":"post_tag","embeddable":true,"href":"https:\/\/vieassociative.be\/actualites\/wp-json\/wp\/v2\/tags?post=9630"}],"curies":[{"name":"wp","href":"https:\/\/api.w.org\/{rel}","templated":true}]}}