{"id":9628,"date":"2025-08-25T22:17:32","date_gmt":"2025-08-25T20:17:32","guid":{"rendered":"https:\/\/vieassociative.be\/actualites\/dix-ans-apres-son-nous-pouvons-le-faire-merkel-est-deraisonnable-et-est-fortement-critiquee-pour-cela\/"},"modified":"2025-08-25T22:17:32","modified_gmt":"2025-08-25T20:17:32","slug":"dix-ans-apres-son-nous-pouvons-le-faire-merkel-est-deraisonnable-et-est-fortement-critiquee-pour-cela","status":"publish","type":"post","link":"https:\/\/vieassociative.be\/actualites\/dix-ans-apres-son-nous-pouvons-le-faire-merkel-est-deraisonnable-et-est-fortement-critiquee-pour-cela\/","title":{"rendered":"Dix ans apr\u00e8s son \u00ab\u00a0nous pouvons le faire\u00a0\u00bb, Merkel est d\u00e9raisonnable et est fortement critiqu\u00e9e pour cela"},"content":{"rendered":"<p><strong>Dix ans apr\u00e8s son \u00ab\u00a0nous pouvons le faire\u00a0\u00bb, l&rsquo;ancienne chanceli\u00e8re allemande Angela Merkel (CDU) n&rsquo;est consciente d&rsquo;aucune culpabilit\u00e9. Elle est m\u00eame convaincue que \u00ab\u00a0nous avons fait beaucoup\u00a0\u00bb, comme elle a assur\u00e9 une conversation avec le journaliste Ingo Zamperoni diffus\u00e9 lundi soir. Dans la perspective du documentaire ARD, Merkel a re\u00e7u de fortes critiques pour son d\u00e9raisonnabilit\u00e9 et son ent\u00eatement.<\/strong><\/p>\n<p><span id=\"more-423131\"><\/span>Dix ans apr\u00e8s que sa phrase l\u00e9gendaire \u00ab\u00a0nous pouvons le faire\u00a0\u00bb pour accepter des centaines de milliers de r\u00e9fugi\u00e9s, l&rsquo;Allemagne, selon la chanceli\u00e8re de l&rsquo;\u00e9poque, Angela Merkel (CDU), a consid\u00e9rablement progress\u00e9 dans l&rsquo;int\u00e9gration des migrants. \u00ab\u00a0C&rsquo;est un processus. Mais jusqu&rsquo;\u00e0 pr\u00e9sent, nous avons fait beaucoup. Et ce qui doit \u00eatre fait doit \u00eatre fait\u00a0\u00bb, a d\u00e9clar\u00e9 le politicien de la CDU dans une interview avec le journaliste Ingo Zamperoni, qui a \u00e9t\u00e9 conduit \u00e0 un documentaire ARD.<\/p>\n<p>Le 31 ao\u00fbt 2015, Merkel a choisi les trois mots apr\u00e8s avoir connu que 800 000 r\u00e9fugi\u00e9s \u00e9taient attendus en Allemagne pour l&rsquo;ann\u00e9e en cours et des milliers de r\u00e9fugi\u00e9s de Hongrie se dirigeaient vers l&rsquo;Allemagne.<\/p>\n<div id=\"attachment_91525\" class=\"wp-caption alignleft\" style=\"max-width: 300px\"><img fetchpriority=\"high\" decoding=\"async\" class=\"wp-image-91525 size-medium\" src=\"https:\/\/vieassociative.be\/actualites\/wp-content\/uploads\/2025\/08\/Dix-ans-apres-son-nous-pouvons-le-faire-Merkel-est.jpeg\" alt=\"\" width=\"300\" height=\"200\"  ><\/div>\n<p><strong>&#8211; Sa phrase \u00e9tait \u00ab\u00a0Hewn autour des oreilles\u00a0\u00bb:<\/strong> Merkel dit aujourd&rsquo;hui: \u00ab\u00a0Il \u00e9tait clair pour moi que ce sera quelque chose de vraiment difficile.\u00a0\u00bb En m\u00eame temps, elle a toujours \u00e9t\u00e9 surprise \u00abcombien ces trois mots\u00ab nous pouvons \u00bbfaire cela pour mes oreilles\u00bb. Elle voulait juste exprimer que l&rsquo;Allemagne \u00e9tait confront\u00e9e \u00e0 une grande t\u00e2che. Elle esp\u00e9rait les gens du pays.<\/p>\n<p>Merkel ne voit pas une demande excessive de l&rsquo;Allemagne par le biais de sa d\u00e9cision. \u00ab\u00a0Je ne pense pas. L&rsquo;Allemagne est un pays fort\u00a0\u00bb, a-t-elle d\u00e9clar\u00e9. \u00ab\u00a0Dans l&rsquo;ensemble, j&rsquo;\u00e9tais convaincu que l&rsquo;Allemagne pouvait le faire.\u00a0\u00bb<\/p>\n<p>L&rsquo;ancien chancelier a soulign\u00e9 que l&rsquo;alternative aurait \u00e9t\u00e9 d&#8217;emp\u00eacher le peuple r\u00e9fugi\u00e9 par la force de venir en Allemagne. \u00ab\u00a0Je n&rsquo;aurais jamais accept\u00e9\u00a0\u00bb, a d\u00e9clar\u00e9 Merkel. R\u00e9trospectivement, cependant, elle a parfois bl\u00e2m\u00e9 qu&rsquo;en 2012\/2013 &#8211; lorsque la guerre civile en Syrie \u00e9tait d\u00e9j\u00e0 en cours &#8211; elle n&rsquo;avait plus fait pour les gens sur place.<\/p>\n<p><strong>&#8211; L&rsquo;AFD est devenu plus fort, le diff\u00e9rend dans l&rsquo;Union:<\/strong> Merkel a \u00e9galement admis que sa d\u00e9cision avait contribu\u00e9 \u00e0 la reprise de l&rsquo;AFD. \u00ab\u00a0Cela est certainement devenu plus fort de l&rsquo;AFD.\u00a0\u00bb Mais ce n&rsquo;\u00e9tait pas une raison de ne pas prendre la d\u00e9cision qu&rsquo;elle pense \u00eatre bonne et raisonnable. De plus, sa d\u00e9cision de contester dans le syndicat, qui n&rsquo;a pas \u00e9t\u00e9 utile pour faire face \u00e0 la grande t\u00e2che d&rsquo;int\u00e9gration.<\/p>\n<div id=\"attachment_259361\" class=\"wp-caption alignleft\" style=\"max-width: 300px\"><img decoding=\"async\" class=\"wp-image-259361 size-medium\" src=\"https:\/\/vieassociative.be\/actualites\/wp-content\/uploads\/2025\/08\/1756153052_804_Dix-ans-apres-son-nous-pouvons-le-faire-Merkel-est.jpeg\" alt=\"\" width=\"300\" height=\"189\"><\/div>\n<p><strong>&#8211; Linnemann n&rsquo;est pas satisfait de l&rsquo;int\u00e9gration:<\/strong> Le secr\u00e9taire g\u00e9n\u00e9ral de la CDU, Carsten Linnemann, a inscrit un record critique dix ans apr\u00e8s le set de Merkel. \u00ab\u00a06,5 millions de personnes sont venues chez nous depuis 2015 et moins de la moiti\u00e9 sont en pr\u00e9paration aujourd&rsquo;hui. Je pense que, pour le moins, non satisfaisante\u00a0\u00bb, a d\u00e9clar\u00e9 Linnemann du \u00ab\u00a0Neue Osnabr\u00fccker Zeitung\u00a0\u00bb. Aujourd&rsquo;hui, il s&rsquo;agit d&rsquo;arr\u00eater la migration ill\u00e9gale dans les syst\u00e8mes sociaux et de promouvoir l&rsquo;immigration r\u00e9guli\u00e8re vers le march\u00e9 du travail. \u00ab\u00a0Cela doit \u00eatre la politique de ce gouvernement en 2025 &#8211; et c&rsquo;est tout aussi.\u00a0\u00bb<\/p>\n<p><strong>&#8211; \u00ab\u00a0M\u00fcnchner Merkur\u00a0\u00bb \u00e0 Merkel \/ Nous pouvons le faire:<\/strong> \u00abDix ans apr\u00e8s l&rsquo;\u00e9chec de son exp\u00e9rience de Wir-Schaffen-Das, la physicienne Angela Merkel n&rsquo;est pas devenue une plus intelligente. Son pays ne la voit pas d\u00e9pass\u00e9. des radicaux de droite est une gifle dans le visage.<\/p>\n","protected":false},"excerpt":{"rendered":"<p>Dix ans apr\u00e8s son \u00ab\u00a0nous pouvons le faire\u00a0\u00bb, l&rsquo;ancienne chanceli\u00e8re allemande Angela Merkel (CDU) n&rsquo;est consciente d&rsquo;aucune culpabilit\u00e9. Elle est m\u00eame convaincue que \u00ab\u00a0nous avons<\/p>\n","protected":false},"author":1,"featured_media":9629,"comment_status":"","ping_status":"","sticky":false,"template":"","format":"standard","meta":{"footnotes":""},"categories":[298],"tags":[584,472,1610,8307,8305,117,76,127,8306,2373,393,81,8123,800],"class_list":["post-9628","post","type-post","status-publish","format-standard","has-post-thumbnail","hentry","category-belgique","tag-ans","tag-apres","tag-cela","tag-critiquee","tag-deraisonnable","tag-dix","tag-est","tag-faire","tag-fortement","tag-merkel","tag-nous","tag-pour","tag-pouvons","tag-son","generate-columns","tablet-grid-50","mobile-grid-100","grid-parent","grid-33"],"yoast_head":"<!-- This site is optimized with the Yoast SEO plugin v24.0 - https:\/\/yoast.com\/wordpress\/plugins\/seo\/ -->\n<title>Dix ans apr\u00e8s son &quot;nous pouvons le faire&quot;, Merkel est d\u00e9raisonnable et est fortement critiqu\u00e9e pour cela | Vie Associative<\/title>\n<meta name=\"robots\" content=\"index, follow, max-snippet:-1, max-image-preview:large, max-video-preview:-1\" \/>\n<link rel=\"canonical\" href=\"https:\/\/vieassociative.be\/actualites\/dix-ans-apres-son-nous-pouvons-le-faire-merkel-est-deraisonnable-et-est-fortement-critiquee-pour-cela\/\" \/>\n<meta property=\"og:locale\" content=\"fr_FR\" \/>\n<meta property=\"og:type\" content=\"article\" \/>\n<meta property=\"og:title\" content=\"Dix ans apr\u00e8s son &quot;nous pouvons le faire&quot;, Merkel est d\u00e9raisonnable et est fortement critiqu\u00e9e pour cela | Vie Associative\" \/>\n<meta property=\"og:description\" content=\"Dix ans apr\u00e8s son \u00ab\u00a0nous pouvons le faire\u00a0\u00bb, l&rsquo;ancienne chanceli\u00e8re allemande Angela Merkel (CDU) n&rsquo;est consciente d&rsquo;aucune culpabilit\u00e9. Elle est m\u00eame convaincue que \u00ab\u00a0nous avons\" \/>\n<meta property=\"og:url\" content=\"https:\/\/vieassociative.be\/actualites\/dix-ans-apres-son-nous-pouvons-le-faire-merkel-est-deraisonnable-et-est-fortement-critiquee-pour-cela\/\" \/>\n<meta property=\"og:site_name\" content=\"Vie Associative\" \/>\n<meta property=\"article:published_time\" content=\"2025-08-25T20:17:32+00:00\" \/>\n<meta property=\"og:image\" content=\"https:\/\/vieassociative.be\/actualites\/wp-content\/uploads\/2024\/09\/header_backgroundk-01-e1726694325946.png\" \/>\n\t<meta property=\"og:image:width\" content=\"279\" \/>\n\t<meta property=\"og:image:height\" content=\"92\" \/>\n\t<meta property=\"og:image:type\" content=\"image\/png\" \/>\n<meta name=\"author\" content=\"Julien\" \/>\n<meta name=\"twitter:card\" content=\"summary_large_image\" \/>\n<meta name=\"twitter:label1\" content=\"\u00c9crit par\" \/>\n\t<meta name=\"twitter:data1\" content=\"Julien\" \/>\n\t<meta name=\"twitter:label2\" content=\"Dur\u00e9e de lecture est.\" \/>\n\t<meta name=\"twitter:data2\" content=\"3 minutes\" \/>\n<script type=\"application\/ld+json\" class=\"yoast-schema-graph\">{\"@context\":\"https:\/\/schema.org\",\"@graph\":[{\"@type\":\"Article\",\"@id\":\"https:\/\/vieassociative.be\/actualites\/dix-ans-apres-son-nous-pouvons-le-faire-merkel-est-deraisonnable-et-est-fortement-critiquee-pour-cela\/#article\",\"isPartOf\":{\"@id\":\"https:\/\/vieassociative.be\/actualites\/dix-ans-apres-son-nous-pouvons-le-faire-merkel-est-deraisonnable-et-est-fortement-critiquee-pour-cela\/\"},\"author\":{\"name\":\"Julien\",\"@id\":\"https:\/\/vieassociative.be\/actualites\/#\/schema\/person\/b87ac4f82f9d4e7b7cec7395b679edc4\"},\"headline\":\"Dix ans apr\u00e8s son \u00ab\u00a0nous pouvons le faire\u00a0\u00bb, Merkel est d\u00e9raisonnable et est fortement critiqu\u00e9e pour cela\",\"datePublished\":\"2025-08-25T20:17:32+00:00\",\"dateModified\":\"2025-08-25T20:17:32+00:00\",\"mainEntityOfPage\":{\"@id\":\"https:\/\/vieassociative.be\/actualites\/dix-ans-apres-son-nous-pouvons-le-faire-merkel-est-deraisonnable-et-est-fortement-critiquee-pour-cela\/\"},\"wordCount\":641,\"publisher\":{\"@id\":\"https:\/\/vieassociative.be\/actualites\/#organization\"},\"image\":{\"@id\":\"https:\/\/vieassociative.be\/actualites\/dix-ans-apres-son-nous-pouvons-le-faire-merkel-est-deraisonnable-et-est-fortement-critiquee-pour-cela\/#primaryimage\"},\"thumbnailUrl\":\"https:\/\/vieassociative.be\/actualites\/wp-content\/uploads\/2025\/08\/Dix-ans-apres-son-nous-pouvons-le-faire-Merkel-est.jpg\",\"keywords\":[\"ans\",\"Apr\u00e8s\",\"cela\",\"critiqu\u00e9e\",\"d\u00e9raisonnable\",\"Dix\",\"est\",\"faire\",\"fortement\",\"Merkel\",\"nous\",\"pour\",\"pouvons\",\"son\"],\"articleSection\":[\"Belgique\"],\"inLanguage\":\"fr-BE\"},{\"@type\":\"WebPage\",\"@id\":\"https:\/\/vieassociative.be\/actualites\/dix-ans-apres-son-nous-pouvons-le-faire-merkel-est-deraisonnable-et-est-fortement-critiquee-pour-cela\/\",\"url\":\"https:\/\/vieassociative.be\/actualites\/dix-ans-apres-son-nous-pouvons-le-faire-merkel-est-deraisonnable-et-est-fortement-critiquee-pour-cela\/\",\"name\":\"Dix ans apr\u00e8s son \\\"nous pouvons le faire\\\", Merkel est d\u00e9raisonnable et est fortement critiqu\u00e9e pour cela | Vie Associative\",\"isPartOf\":{\"@id\":\"https:\/\/vieassociative.be\/actualites\/#website\"},\"primaryImageOfPage\":{\"@id\":\"https:\/\/vieassociative.be\/actualites\/dix-ans-apres-son-nous-pouvons-le-faire-merkel-est-deraisonnable-et-est-fortement-critiquee-pour-cela\/#primaryimage\"},\"image\":{\"@id\":\"https:\/\/vieassociative.be\/actualites\/dix-ans-apres-son-nous-pouvons-le-faire-merkel-est-deraisonnable-et-est-fortement-critiquee-pour-cela\/#primaryimage\"},\"thumbnailUrl\":\"https:\/\/vieassociative.be\/actualites\/wp-content\/uploads\/2025\/08\/Dix-ans-apres-son-nous-pouvons-le-faire-Merkel-est.jpg\",\"datePublished\":\"2025-08-25T20:17:32+00:00\",\"dateModified\":\"2025-08-25T20:17:32+00:00\",\"breadcrumb\":{\"@id\":\"https:\/\/vieassociative.be\/actualites\/dix-ans-apres-son-nous-pouvons-le-faire-merkel-est-deraisonnable-et-est-fortement-critiquee-pour-cela\/#breadcrumb\"},\"inLanguage\":\"fr-BE\",\"potentialAction\":[{\"@type\":\"ReadAction\",\"target\":[\"https:\/\/vieassociative.be\/actualites\/dix-ans-apres-son-nous-pouvons-le-faire-merkel-est-deraisonnable-et-est-fortement-critiquee-pour-cela\/\"]}]},{\"@type\":\"ImageObject\",\"inLanguage\":\"fr-BE\",\"@id\":\"https:\/\/vieassociative.be\/actualites\/dix-ans-apres-son-nous-pouvons-le-faire-merkel-est-deraisonnable-et-est-fortement-critiquee-pour-cela\/#primaryimage\",\"url\":\"https:\/\/vieassociative.be\/actualites\/wp-content\/uploads\/2025\/08\/Dix-ans-apres-son-nous-pouvons-le-faire-Merkel-est.jpg\",\"contentUrl\":\"https:\/\/vieassociative.be\/actualites\/wp-content\/uploads\/2025\/08\/Dix-ans-apres-son-nous-pouvons-le-faire-Merkel-est.jpg\",\"width\":1200,\"height\":792,\"caption\":\"Dix ans apr\u00e8s son \\\"nous pouvons le faire\\\", Merkel est d\u00e9raisonnable et est fortement critiqu\u00e9e pour cela\"},{\"@type\":\"BreadcrumbList\",\"@id\":\"https:\/\/vieassociative.be\/actualites\/dix-ans-apres-son-nous-pouvons-le-faire-merkel-est-deraisonnable-et-est-fortement-critiquee-pour-cela\/#breadcrumb\",\"itemListElement\":[{\"@type\":\"ListItem\",\"position\":1,\"name\":\"Accueil\",\"item\":\"https:\/\/vieassociative.be\/actualites\/\"},{\"@type\":\"ListItem\",\"position\":2,\"name\":\"Dix ans apr\u00e8s son \u00ab\u00a0nous pouvons le faire\u00a0\u00bb, Merkel est d\u00e9raisonnable et est fortement critiqu\u00e9e pour cela\"}]},{\"@type\":\"WebSite\",\"@id\":\"https:\/\/vieassociative.be\/actualites\/#website\",\"url\":\"https:\/\/vieassociative.be\/actualites\/\",\"name\":\"Vie Associative\",\"description\":\"\",\"publisher\":{\"@id\":\"https:\/\/vieassociative.be\/actualites\/#organization\"},\"potentialAction\":[{\"@type\":\"SearchAction\",\"target\":{\"@type\":\"EntryPoint\",\"urlTemplate\":\"https:\/\/vieassociative.be\/actualites\/?s={search_term_string}\"},\"query-input\":{\"@type\":\"PropertyValueSpecification\",\"valueRequired\":true,\"valueName\":\"search_term_string\"}}],\"inLanguage\":\"fr-BE\"},{\"@type\":\"Organization\",\"@id\":\"https:\/\/vieassociative.be\/actualites\/#organization\",\"name\":\"Vie Associative\",\"url\":\"https:\/\/vieassociative.be\/actualites\/\",\"logo\":{\"@type\":\"ImageObject\",\"inLanguage\":\"fr-BE\",\"@id\":\"https:\/\/vieassociative.be\/actualites\/#\/schema\/logo\/image\/\",\"url\":\"https:\/\/vieassociative.be\/actualites\/wp-content\/uploads\/2024\/09\/cropped-vieassociative_favicon.ico.png\",\"contentUrl\":\"https:\/\/vieassociative.be\/actualites\/wp-content\/uploads\/2024\/09\/cropped-vieassociative_favicon.ico.png\",\"width\":512,\"height\":512,\"caption\":\"Vie Associative\"},\"image\":{\"@id\":\"https:\/\/vieassociative.be\/actualites\/#\/schema\/logo\/image\/\"}},{\"@type\":\"Person\",\"@id\":\"https:\/\/vieassociative.be\/actualites\/#\/schema\/person\/b87ac4f82f9d4e7b7cec7395b679edc4\",\"name\":\"Julien\",\"image\":{\"@type\":\"ImageObject\",\"inLanguage\":\"fr-BE\",\"@id\":\"https:\/\/vieassociative.be\/actualites\/#\/schema\/person\/image\/\",\"url\":\"https:\/\/vieassociative.be\/actualites\/wp-content\/uploads\/2024\/09\/vie-associative-1-150x150.jpg\",\"contentUrl\":\"https:\/\/vieassociative.be\/actualites\/wp-content\/uploads\/2024\/09\/vie-associative-1-150x150.jpg\",\"caption\":\"Julien\"},\"description\":\"Je suis Julien, r\u00e9dacteur pour Vie Associative. Passionn\u00e9 par le monde associatif depuis plus de 10 ans, j'ai \u00e0 c\u0153ur de partager des histoires inspirantes et de mettre en lumi\u00e8re les initiatives locales. Mon objectif est de sensibiliser et d'encourager l'engagement communautaire \u00e0 travers mes articles.\",\"sameAs\":[\"https:\/\/vieassociative.be\/\"]}]}<\/script>\n<!-- \/ Yoast SEO plugin. -->","yoast_head_json":{"title":"Dix ans apr\u00e8s son \"nous pouvons le faire\", Merkel est d\u00e9raisonnable et est fortement critiqu\u00e9e pour cela | Vie Associative","robots":{"index":"index","follow":"follow","max-snippet":"max-snippet:-1","max-image-preview":"max-image-preview:large","max-video-preview":"max-video-preview:-1"},"canonical":"https:\/\/vieassociative.be\/actualites\/dix-ans-apres-son-nous-pouvons-le-faire-merkel-est-deraisonnable-et-est-fortement-critiquee-pour-cela\/","og_locale":"fr_FR","og_type":"article","og_title":"Dix ans apr\u00e8s son \"nous pouvons le faire\", Merkel est d\u00e9raisonnable et est fortement critiqu\u00e9e pour cela | Vie Associative","og_description":"Dix ans apr\u00e8s son \u00ab\u00a0nous pouvons le faire\u00a0\u00bb, l&rsquo;ancienne chanceli\u00e8re allemande Angela Merkel (CDU) n&rsquo;est consciente d&rsquo;aucune culpabilit\u00e9. Elle est m\u00eame convaincue que \u00ab\u00a0nous avons","og_url":"https:\/\/vieassociative.be\/actualites\/dix-ans-apres-son-nous-pouvons-le-faire-merkel-est-deraisonnable-et-est-fortement-critiquee-pour-cela\/","og_site_name":"Vie Associative","article_published_time":"2025-08-25T20:17:32+00:00","og_image":[{"width":279,"height":92,"url":"https:\/\/vieassociative.be\/actualites\/wp-content\/uploads\/2024\/09\/header_backgroundk-01-e1726694325946.png","type":"image\/png"}],"author":"Julien","twitter_card":"summary_large_image","twitter_misc":{"\u00c9crit par":"Julien","Dur\u00e9e de lecture est.":"3 minutes"},"schema":{"@context":"https:\/\/schema.org","@graph":[{"@type":"Article","@id":"https:\/\/vieassociative.be\/actualites\/dix-ans-apres-son-nous-pouvons-le-faire-merkel-est-deraisonnable-et-est-fortement-critiquee-pour-cela\/#article","isPartOf":{"@id":"https:\/\/vieassociative.be\/actualites\/dix-ans-apres-son-nous-pouvons-le-faire-merkel-est-deraisonnable-et-est-fortement-critiquee-pour-cela\/"},"author":{"name":"Julien","@id":"https:\/\/vieassociative.be\/actualites\/#\/schema\/person\/b87ac4f82f9d4e7b7cec7395b679edc4"},"headline":"Dix ans apr\u00e8s son \u00ab\u00a0nous pouvons le faire\u00a0\u00bb, Merkel est d\u00e9raisonnable et est fortement critiqu\u00e9e pour cela","datePublished":"2025-08-25T20:17:32+00:00","dateModified":"2025-08-25T20:17:32+00:00","mainEntityOfPage":{"@id":"https:\/\/vieassociative.be\/actualites\/dix-ans-apres-son-nous-pouvons-le-faire-merkel-est-deraisonnable-et-est-fortement-critiquee-pour-cela\/"},"wordCount":641,"publisher":{"@id":"https:\/\/vieassociative.be\/actualites\/#organization"},"image":{"@id":"https:\/\/vieassociative.be\/actualites\/dix-ans-apres-son-nous-pouvons-le-faire-merkel-est-deraisonnable-et-est-fortement-critiquee-pour-cela\/#primaryimage"},"thumbnailUrl":"https:\/\/vieassociative.be\/actualites\/wp-content\/uploads\/2025\/08\/Dix-ans-apres-son-nous-pouvons-le-faire-Merkel-est.jpg","keywords":["ans","Apr\u00e8s","cela","critiqu\u00e9e","d\u00e9raisonnable","Dix","est","faire","fortement","Merkel","nous","pour","pouvons","son"],"articleSection":["Belgique"],"inLanguage":"fr-BE"},{"@type":"WebPage","@id":"https:\/\/vieassociative.be\/actualites\/dix-ans-apres-son-nous-pouvons-le-faire-merkel-est-deraisonnable-et-est-fortement-critiquee-pour-cela\/","url":"https:\/\/vieassociative.be\/actualites\/dix-ans-apres-son-nous-pouvons-le-faire-merkel-est-deraisonnable-et-est-fortement-critiquee-pour-cela\/","name":"Dix ans apr\u00e8s son \"nous pouvons le faire\", Merkel est d\u00e9raisonnable et est fortement critiqu\u00e9e pour cela | Vie Associative","isPartOf":{"@id":"https:\/\/vieassociative.be\/actualites\/#website"},"primaryImageOfPage":{"@id":"https:\/\/vieassociative.be\/actualites\/dix-ans-apres-son-nous-pouvons-le-faire-merkel-est-deraisonnable-et-est-fortement-critiquee-pour-cela\/#primaryimage"},"image":{"@id":"https:\/\/vieassociative.be\/actualites\/dix-ans-apres-son-nous-pouvons-le-faire-merkel-est-deraisonnable-et-est-fortement-critiquee-pour-cela\/#primaryimage"},"thumbnailUrl":"https:\/\/vieassociative.be\/actualites\/wp-content\/uploads\/2025\/08\/Dix-ans-apres-son-nous-pouvons-le-faire-Merkel-est.jpg","datePublished":"2025-08-25T20:17:32+00:00","dateModified":"2025-08-25T20:17:32+00:00","breadcrumb":{"@id":"https:\/\/vieassociative.be\/actualites\/dix-ans-apres-son-nous-pouvons-le-faire-merkel-est-deraisonnable-et-est-fortement-critiquee-pour-cela\/#breadcrumb"},"inLanguage":"fr-BE","potentialAction":[{"@type":"ReadAction","target":["https:\/\/vieassociative.be\/actualites\/dix-ans-apres-son-nous-pouvons-le-faire-merkel-est-deraisonnable-et-est-fortement-critiquee-pour-cela\/"]}]},{"@type":"ImageObject","inLanguage":"fr-BE","@id":"https:\/\/vieassociative.be\/actualites\/dix-ans-apres-son-nous-pouvons-le-faire-merkel-est-deraisonnable-et-est-fortement-critiquee-pour-cela\/#primaryimage","url":"https:\/\/vieassociative.be\/actualites\/wp-content\/uploads\/2025\/08\/Dix-ans-apres-son-nous-pouvons-le-faire-Merkel-est.jpg","contentUrl":"https:\/\/vieassociative.be\/actualites\/wp-content\/uploads\/2025\/08\/Dix-ans-apres-son-nous-pouvons-le-faire-Merkel-est.jpg","width":1200,"height":792,"caption":"Dix ans apr\u00e8s son \"nous pouvons le faire\", Merkel est d\u00e9raisonnable et est fortement critiqu\u00e9e pour cela"},{"@type":"BreadcrumbList","@id":"https:\/\/vieassociative.be\/actualites\/dix-ans-apres-son-nous-pouvons-le-faire-merkel-est-deraisonnable-et-est-fortement-critiquee-pour-cela\/#breadcrumb","itemListElement":[{"@type":"ListItem","position":1,"name":"Accueil","item":"https:\/\/vieassociative.be\/actualites\/"},{"@type":"ListItem","position":2,"name":"Dix ans apr\u00e8s son \u00ab\u00a0nous pouvons le faire\u00a0\u00bb, Merkel est d\u00e9raisonnable et est fortement critiqu\u00e9e pour cela"}]},{"@type":"WebSite","@id":"https:\/\/vieassociative.be\/actualites\/#website","url":"https:\/\/vieassociative.be\/actualites\/","name":"Vie Associative","description":"","publisher":{"@id":"https:\/\/vieassociative.be\/actualites\/#organization"},"potentialAction":[{"@type":"SearchAction","target":{"@type":"EntryPoint","urlTemplate":"https:\/\/vieassociative.be\/actualites\/?s={search_term_string}"},"query-input":{"@type":"PropertyValueSpecification","valueRequired":true,"valueName":"search_term_string"}}],"inLanguage":"fr-BE"},{"@type":"Organization","@id":"https:\/\/vieassociative.be\/actualites\/#organization","name":"Vie Associative","url":"https:\/\/vieassociative.be\/actualites\/","logo":{"@type":"ImageObject","inLanguage":"fr-BE","@id":"https:\/\/vieassociative.be\/actualites\/#\/schema\/logo\/image\/","url":"https:\/\/vieassociative.be\/actualites\/wp-content\/uploads\/2024\/09\/cropped-vieassociative_favicon.ico.png","contentUrl":"https:\/\/vieassociative.be\/actualites\/wp-content\/uploads\/2024\/09\/cropped-vieassociative_favicon.ico.png","width":512,"height":512,"caption":"Vie Associative"},"image":{"@id":"https:\/\/vieassociative.be\/actualites\/#\/schema\/logo\/image\/"}},{"@type":"Person","@id":"https:\/\/vieassociative.be\/actualites\/#\/schema\/person\/b87ac4f82f9d4e7b7cec7395b679edc4","name":"Julien","image":{"@type":"ImageObject","inLanguage":"fr-BE","@id":"https:\/\/vieassociative.be\/actualites\/#\/schema\/person\/image\/","url":"https:\/\/vieassociative.be\/actualites\/wp-content\/uploads\/2024\/09\/vie-associative-1-150x150.jpg","contentUrl":"https:\/\/vieassociative.be\/actualites\/wp-content\/uploads\/2024\/09\/vie-associative-1-150x150.jpg","caption":"Julien"},"description":"Je suis Julien, r\u00e9dacteur pour Vie Associative. Passionn\u00e9 par le monde associatif depuis plus de 10 ans, j'ai \u00e0 c\u0153ur de partager des histoires inspirantes et de mettre en lumi\u00e8re les initiatives locales. Mon objectif est de sensibiliser et d'encourager l'engagement communautaire \u00e0 travers mes articles.","sameAs":["https:\/\/vieassociative.be\/"]}]}},"_links":{"self":[{"href":"https:\/\/vieassociative.be\/actualites\/wp-json\/wp\/v2\/posts\/9628"}],"collection":[{"href":"https:\/\/vieassociative.be\/actualites\/wp-json\/wp\/v2\/posts"}],"about":[{"href":"https:\/\/vieassociative.be\/actualites\/wp-json\/wp\/v2\/types\/post"}],"author":[{"embeddable":true,"href":"https:\/\/vieassociative.be\/actualites\/wp-json\/wp\/v2\/users\/1"}],"replies":[{"embeddable":true,"href":"https:\/\/vieassociative.be\/actualites\/wp-json\/wp\/v2\/comments?post=9628"}],"version-history":[{"count":0,"href":"https:\/\/vieassociative.be\/actualites\/wp-json\/wp\/v2\/posts\/9628\/revisions"}],"wp:featuredmedia":[{"embeddable":true,"href":"https:\/\/vieassociative.be\/actualites\/wp-json\/wp\/v2\/media\/9629"}],"wp:attachment":[{"href":"https:\/\/vieassociative.be\/actualites\/wp-json\/wp\/v2\/media?parent=9628"}],"wp:term":[{"taxonomy":"category","embeddable":true,"href":"https:\/\/vieassociative.be\/actualites\/wp-json\/wp\/v2\/categories?post=9628"},{"taxonomy":"post_tag","embeddable":true,"href":"https:\/\/vieassociative.be\/actualites\/wp-json\/wp\/v2\/tags?post=9628"}],"curies":[{"name":"wp","href":"https:\/\/api.w.org\/{rel}","templated":true}]}}