{"id":9624,"date":"2025-08-25T19:17:39","date_gmt":"2025-08-25T17:17:39","guid":{"rendered":"https:\/\/vieassociative.be\/actualites\/ce-kit-milwaukee-nine-tool-est-de-45-pour-la-fete-du-travail\/"},"modified":"2025-08-25T19:17:39","modified_gmt":"2025-08-25T17:17:39","slug":"ce-kit-milwaukee-nine-tool-est-de-45-pour-la-fete-du-travail","status":"publish","type":"post","link":"https:\/\/vieassociative.be\/actualites\/ce-kit-milwaukee-nine-tool-est-de-45-pour-la-fete-du-travail\/","title":{"rendered":"Ce kit Milwaukee Nine-Tool est de 45% pour la f\u00eate du Travail"},"content":{"rendered":"<div class=\"mt-4 leading-6 md:mb-8\">Ce kit est livr\u00e9 avec quelques-uns de mes outils pr\u00e9f\u00e9r\u00e9s.<\/div>\n<p><\/p>\n<p><em>Ventes de la f\u00eate du Travail<\/em><em>  sont roul\u00e9s et Vie Associative partage les meilleures ventes<\/em><em>  Bas\u00e9 sur les revues de produits, les comparaisons et les outils de suivi des prix avant la fin. Vous pouvez \u00e9galement vous abonner \u00e0 notre newsletter de shopping<\/em><em>Ajouter au panier, pour les meilleures ventes envoy\u00e9es dans votre bo\u00eete de r\u00e9ception.<\/em><\/p>\n<hr>\n<p>Les outils sans fil sont un \u00e9l\u00e9ment cl\u00e9 de la construction d&rsquo;un ensemble d&rsquo;outils pour les projets d&rsquo;entretien et de bricolage, mais ils ont \u00e9galement tendance \u00e0 \u00eatre les plus chers. Si vous cr\u00e9ez un nouvel ensemble d&rsquo;outils ou la mise \u00e0 niveau d&rsquo;un ensemble plus ancien, un kit combo vous fera \u00e9conomiser de l&rsquo;argent et vous permettra de commencer par les \u00e9l\u00e9ments essentiels et les batteries pour commencer certains projets. Ce kit combo Milwaukee Nine-Tool 18-Violt est de 45% de r\u00e9duction en ce moment pour la f\u00eate du Travail, et c&rsquo;est un bon point de d\u00e9part pour les nouveaux diyers.<\/p>\n<p>Cet ensemble est livr\u00e9 avec le combo de forage et de pilote que j&rsquo;utilise dans mon ensemble d&rsquo;outils sans fil personnel, et comme il comprend \u00e9galement plusieurs autres outils et batteries, c&rsquo;est une bonne affaire \u00e0 599 $. Vous pouvez vous attendre \u00e0 payer plus de 1 500 $ pour chacun des outils s\u00e9par\u00e9ment sans le sac \u00e0 outils, c&rsquo;est donc un bon prix pour une grande vari\u00e9t\u00e9 d&rsquo;outils. Mon ensemble d&rsquo;outils de Milwaukee m&rsquo;a dur\u00e9 plus d&rsquo;une d\u00e9cennie avec un minimum de remplacements n\u00e9cessaires, et la plupart des batteries durent plus de dix ans, donc la durabilit\u00e9 des outils signifie que vous \u00e9conomiserez de l&rsquo;argent pour les remplacer au fil du temps.<\/p>\n<p>Cet ensemble d&rsquo;outils est livr\u00e9 avec l&rsquo;exercice et le conducteur n\u00e9cessaires qui sont les bases de tout ensemble d&rsquo;outils sans fil, mais il est \u00e9galement livr\u00e9 avec une scie circulaire et un broyeur d&rsquo;angle, ce qui vous permet de couper du mat\u00e9riau comme du contreplaqu\u00e9, ainsi que de broyer les pointes de vis saillante et de couper du m\u00e9tal. Cette polyvalence rend ce kit id\u00e9al pour les projets ambitieux, tout comme la cl\u00e9 \u00e0 impact \u00e0 couple \u00e9lev\u00e9 qui peut \u00eatre utilis\u00e9e dans des projets automobiles comme le rel\u00e2chement des noix de roue pour changer un pneu.<\/p>\n<p>Je trouve que le pilote de perceuse et d&rsquo;impact est bien \u00e9quilibr\u00e9, ce qui les rend confortables \u00e0 utiliser pendant des p\u00e9riodes plus longues que certaines autres marques, et la lumi\u00e8re LED qui s&rsquo;allume automatiquement lorsque je tire sur la g\u00e2chette me permet de travailler dans des espaces restreints avec un \u00e9clairage moins qu&rsquo;id\u00e9al sans avoir besoin d&rsquo;un lampadaire.<\/p>\n<h2 id=\"whats-included-in-this-set\">Ce qui est inclus dans cet ensemble<\/h2>\n<p>Le kit combo Milwaukee \u00e0 9 tabliers de 18 volts comprend un foret de chuck de \u00bd pouce, un pilote d&rsquo;impact de chuck \u00bc de pouce, une cl\u00e9 \u00e0 impact \u00e0 couple \u00e9lev\u00e9 de \u00bd pouce, un broyeur d&rsquo;angle, une scie compacte alternative, une lumi\u00e8re de travail, une mini-souffle, un chargeur oscillant, une batterie \u00e0 3 amp\u00e8res.<\/p>\n<p>J&rsquo;utilise r\u00e9guli\u00e8rement la plupart de ces outils, mais je pense que le multitool oscillant est le bonus qui fait de cet ensemble l&rsquo;un des meilleurs en raison de sa polyvalence. Vous pouvez utiliser le multitool oscillant pour couper et couper le m\u00e9tal, le bois, les cloisons s\u00e8ches, les carreaux et les mat\u00e9riaux combin\u00e9s, ainsi que le sable dans les coins serr\u00e9s, polir vos surfaces et retirer le coulis et le mortier.<\/p>\n<h2 id=\"why-milwaukee-is-a-good-brand\">Pourquoi Milwaukee est une bonne marque<\/h2>\n<p>Milwaukee a plus de 100 ans d&rsquo;histoire de production d&rsquo;outils \u00e9lectriques, leur premier exercice \u00e9lectrique portable \u00e9tant produit pour la cha\u00eene de montage Ford Motor Company en 1924. Ils sont sortis avec leur premi\u00e8re ligne d&rsquo;outils sans fil dans les ann\u00e9es 1990 et sont depuis devenus un favori des pros et des amateurs de la dur\u00e9e de la durabilit\u00e9 de leurs outils.<\/p>\n<p>J&rsquo;utilise leurs outils depuis plus d&rsquo;une d\u00e9cennie dans ma trousse d&rsquo;outils personnels, et en plus de ce qu&rsquo;ils tiennent beaucoup d&rsquo;utilisation et d&rsquo;abus, la ligne d&rsquo;outils avec laquelle le syst\u00e8me de batterie actuel est compatible comprend plus de 300 outils diff\u00e9rents, y compris l&rsquo;am\u00e9nagement paysager, le travail du bois et les outils de travail m\u00e9tallique. Cela signifie qu&rsquo;avec mon ensemble de batteries, je peux obtenir des outils pour de nombreux travaux diff\u00e9rents sans avoir besoin d&rsquo;investir dans un ensemble de batteries diff\u00e9rent. Investir dans une marque d&rsquo;outils sans fil pouvant accueillir de nombreux outils diff\u00e9rents avec leurs batteries peut \u00e9conomiser de l&rsquo;argent sur le besoin de plusieurs ensembles de batteries, et vous pouvez explorer de nouveaux int\u00e9r\u00eats et \u00e9tendre vos comp\u00e9tences sans d\u00e9penser de l&rsquo;argent pour plus de batteries et de chargeurs.<\/p>\n","protected":false},"excerpt":{"rendered":"<p>Ce kit est livr\u00e9 avec quelques-uns de mes outils pr\u00e9f\u00e9r\u00e9s. Ventes de la f\u00eate du Travail sont roul\u00e9s et Vie Associative partage les meilleures ventes<\/p>\n","protected":false},"author":1,"featured_media":9625,"comment_status":"","ping_status":"","sticky":false,"template":"","format":"standard","meta":{"footnotes":""},"categories":[40],"tags":[76,1485,1023,5417,8304,81,504],"class_list":["post-9624","post","type-post","status-publish","format-standard","has-post-thumbnail","hentry","category-maison","tag-est","tag-fete","tag-kit","tag-milwaukee","tag-ninetool","tag-pour","tag-travail","generate-columns","tablet-grid-50","mobile-grid-100","grid-parent","grid-33"],"yoast_head":"<!-- This site is optimized with the Yoast SEO plugin v24.0 - https:\/\/yoast.com\/wordpress\/plugins\/seo\/ -->\n<title>Ce kit Milwaukee Nine-Tool est de 45% pour la f\u00eate du Travail | Vie Associative<\/title>\n<meta name=\"robots\" content=\"index, follow, max-snippet:-1, max-image-preview:large, max-video-preview:-1\" \/>\n<link rel=\"canonical\" href=\"https:\/\/vieassociative.be\/actualites\/ce-kit-milwaukee-nine-tool-est-de-45-pour-la-fete-du-travail\/\" \/>\n<meta property=\"og:locale\" content=\"fr_FR\" \/>\n<meta property=\"og:type\" content=\"article\" \/>\n<meta property=\"og:title\" content=\"Ce kit Milwaukee Nine-Tool est de 45% pour la f\u00eate du Travail | Vie Associative\" \/>\n<meta property=\"og:description\" content=\"Ce kit est livr\u00e9 avec quelques-uns de mes outils pr\u00e9f\u00e9r\u00e9s. Ventes de la f\u00eate du Travail sont roul\u00e9s et Vie Associative partage les meilleures ventes\" \/>\n<meta property=\"og:url\" content=\"https:\/\/vieassociative.be\/actualites\/ce-kit-milwaukee-nine-tool-est-de-45-pour-la-fete-du-travail\/\" \/>\n<meta property=\"og:site_name\" content=\"Vie Associative\" \/>\n<meta property=\"article:published_time\" content=\"2025-08-25T17:17:39+00:00\" \/>\n<meta property=\"og:image\" content=\"https:\/\/vieassociative.be\/actualites\/wp-content\/uploads\/2024\/09\/header_backgroundk-01-e1726694325946.png\" \/>\n\t<meta property=\"og:image:width\" content=\"279\" \/>\n\t<meta property=\"og:image:height\" content=\"92\" \/>\n\t<meta property=\"og:image:type\" content=\"image\/png\" \/>\n<meta name=\"author\" content=\"Julien\" \/>\n<meta name=\"twitter:card\" content=\"summary_large_image\" \/>\n<meta name=\"twitter:label1\" content=\"\u00c9crit par\" \/>\n\t<meta name=\"twitter:data1\" content=\"Julien\" \/>\n\t<meta name=\"twitter:label2\" content=\"Dur\u00e9e de lecture est.\" \/>\n\t<meta name=\"twitter:data2\" content=\"4 minutes\" \/>\n<script type=\"application\/ld+json\" class=\"yoast-schema-graph\">{\"@context\":\"https:\/\/schema.org\",\"@graph\":[{\"@type\":\"Article\",\"@id\":\"https:\/\/vieassociative.be\/actualites\/ce-kit-milwaukee-nine-tool-est-de-45-pour-la-fete-du-travail\/#article\",\"isPartOf\":{\"@id\":\"https:\/\/vieassociative.be\/actualites\/ce-kit-milwaukee-nine-tool-est-de-45-pour-la-fete-du-travail\/\"},\"author\":{\"name\":\"Julien\",\"@id\":\"https:\/\/vieassociative.be\/actualites\/#\/schema\/person\/b87ac4f82f9d4e7b7cec7395b679edc4\"},\"headline\":\"Ce kit Milwaukee Nine-Tool est de 45% pour la f\u00eate du Travail\",\"datePublished\":\"2025-08-25T17:17:39+00:00\",\"dateModified\":\"2025-08-25T17:17:39+00:00\",\"mainEntityOfPage\":{\"@id\":\"https:\/\/vieassociative.be\/actualites\/ce-kit-milwaukee-nine-tool-est-de-45-pour-la-fete-du-travail\/\"},\"wordCount\":852,\"publisher\":{\"@id\":\"https:\/\/vieassociative.be\/actualites\/#organization\"},\"image\":{\"@id\":\"https:\/\/vieassociative.be\/actualites\/ce-kit-milwaukee-nine-tool-est-de-45-pour-la-fete-du-travail\/#primaryimage\"},\"thumbnailUrl\":\"https:\/\/vieassociative.be\/actualites\/wp-content\/uploads\/2025\/08\/Ce-kit-Milwaukee-Nine-Tool-est-de-45-pour-la-fete.png\",\"keywords\":[\"est\",\"f\u00eate\",\"kit\",\"Milwaukee\",\"NineTool\",\"pour\",\"travail\"],\"articleSection\":[\"Maison\"],\"inLanguage\":\"fr-BE\"},{\"@type\":\"WebPage\",\"@id\":\"https:\/\/vieassociative.be\/actualites\/ce-kit-milwaukee-nine-tool-est-de-45-pour-la-fete-du-travail\/\",\"url\":\"https:\/\/vieassociative.be\/actualites\/ce-kit-milwaukee-nine-tool-est-de-45-pour-la-fete-du-travail\/\",\"name\":\"Ce kit Milwaukee Nine-Tool est de 45% pour la f\u00eate du Travail | Vie Associative\",\"isPartOf\":{\"@id\":\"https:\/\/vieassociative.be\/actualites\/#website\"},\"primaryImageOfPage\":{\"@id\":\"https:\/\/vieassociative.be\/actualites\/ce-kit-milwaukee-nine-tool-est-de-45-pour-la-fete-du-travail\/#primaryimage\"},\"image\":{\"@id\":\"https:\/\/vieassociative.be\/actualites\/ce-kit-milwaukee-nine-tool-est-de-45-pour-la-fete-du-travail\/#primaryimage\"},\"thumbnailUrl\":\"https:\/\/vieassociative.be\/actualites\/wp-content\/uploads\/2025\/08\/Ce-kit-Milwaukee-Nine-Tool-est-de-45-pour-la-fete.png\",\"datePublished\":\"2025-08-25T17:17:39+00:00\",\"dateModified\":\"2025-08-25T17:17:39+00:00\",\"breadcrumb\":{\"@id\":\"https:\/\/vieassociative.be\/actualites\/ce-kit-milwaukee-nine-tool-est-de-45-pour-la-fete-du-travail\/#breadcrumb\"},\"inLanguage\":\"fr-BE\",\"potentialAction\":[{\"@type\":\"ReadAction\",\"target\":[\"https:\/\/vieassociative.be\/actualites\/ce-kit-milwaukee-nine-tool-est-de-45-pour-la-fete-du-travail\/\"]}]},{\"@type\":\"ImageObject\",\"inLanguage\":\"fr-BE\",\"@id\":\"https:\/\/vieassociative.be\/actualites\/ce-kit-milwaukee-nine-tool-est-de-45-pour-la-fete-du-travail\/#primaryimage\",\"url\":\"https:\/\/vieassociative.be\/actualites\/wp-content\/uploads\/2025\/08\/Ce-kit-Milwaukee-Nine-Tool-est-de-45-pour-la-fete.png\",\"contentUrl\":\"https:\/\/vieassociative.be\/actualites\/wp-content\/uploads\/2025\/08\/Ce-kit-Milwaukee-Nine-Tool-est-de-45-pour-la-fete.png\",\"width\":1200,\"height\":675,\"caption\":\"Ce kit Milwaukee Nine-Tool est de 45% pour la f\u00eate du Travail\"},{\"@type\":\"BreadcrumbList\",\"@id\":\"https:\/\/vieassociative.be\/actualites\/ce-kit-milwaukee-nine-tool-est-de-45-pour-la-fete-du-travail\/#breadcrumb\",\"itemListElement\":[{\"@type\":\"ListItem\",\"position\":1,\"name\":\"Accueil\",\"item\":\"https:\/\/vieassociative.be\/actualites\/\"},{\"@type\":\"ListItem\",\"position\":2,\"name\":\"Ce kit Milwaukee Nine-Tool est de 45% pour la f\u00eate du Travail\"}]},{\"@type\":\"WebSite\",\"@id\":\"https:\/\/vieassociative.be\/actualites\/#website\",\"url\":\"https:\/\/vieassociative.be\/actualites\/\",\"name\":\"Vie Associative\",\"description\":\"\",\"publisher\":{\"@id\":\"https:\/\/vieassociative.be\/actualites\/#organization\"},\"potentialAction\":[{\"@type\":\"SearchAction\",\"target\":{\"@type\":\"EntryPoint\",\"urlTemplate\":\"https:\/\/vieassociative.be\/actualites\/?s={search_term_string}\"},\"query-input\":{\"@type\":\"PropertyValueSpecification\",\"valueRequired\":true,\"valueName\":\"search_term_string\"}}],\"inLanguage\":\"fr-BE\"},{\"@type\":\"Organization\",\"@id\":\"https:\/\/vieassociative.be\/actualites\/#organization\",\"name\":\"Vie Associative\",\"url\":\"https:\/\/vieassociative.be\/actualites\/\",\"logo\":{\"@type\":\"ImageObject\",\"inLanguage\":\"fr-BE\",\"@id\":\"https:\/\/vieassociative.be\/actualites\/#\/schema\/logo\/image\/\",\"url\":\"https:\/\/vieassociative.be\/actualites\/wp-content\/uploads\/2024\/09\/cropped-vieassociative_favicon.ico.png\",\"contentUrl\":\"https:\/\/vieassociative.be\/actualites\/wp-content\/uploads\/2024\/09\/cropped-vieassociative_favicon.ico.png\",\"width\":512,\"height\":512,\"caption\":\"Vie Associative\"},\"image\":{\"@id\":\"https:\/\/vieassociative.be\/actualites\/#\/schema\/logo\/image\/\"}},{\"@type\":\"Person\",\"@id\":\"https:\/\/vieassociative.be\/actualites\/#\/schema\/person\/b87ac4f82f9d4e7b7cec7395b679edc4\",\"name\":\"Julien\",\"image\":{\"@type\":\"ImageObject\",\"inLanguage\":\"fr-BE\",\"@id\":\"https:\/\/vieassociative.be\/actualites\/#\/schema\/person\/image\/\",\"url\":\"https:\/\/vieassociative.be\/actualites\/wp-content\/uploads\/2024\/09\/vie-associative-1-150x150.jpg\",\"contentUrl\":\"https:\/\/vieassociative.be\/actualites\/wp-content\/uploads\/2024\/09\/vie-associative-1-150x150.jpg\",\"caption\":\"Julien\"},\"description\":\"Je suis Julien, r\u00e9dacteur pour Vie Associative. Passionn\u00e9 par le monde associatif depuis plus de 10 ans, j'ai \u00e0 c\u0153ur de partager des histoires inspirantes et de mettre en lumi\u00e8re les initiatives locales. Mon objectif est de sensibiliser et d'encourager l'engagement communautaire \u00e0 travers mes articles.\",\"sameAs\":[\"https:\/\/vieassociative.be\/\"]}]}<\/script>\n<!-- \/ Yoast SEO plugin. -->","yoast_head_json":{"title":"Ce kit Milwaukee Nine-Tool est de 45% pour la f\u00eate du Travail | Vie Associative","robots":{"index":"index","follow":"follow","max-snippet":"max-snippet:-1","max-image-preview":"max-image-preview:large","max-video-preview":"max-video-preview:-1"},"canonical":"https:\/\/vieassociative.be\/actualites\/ce-kit-milwaukee-nine-tool-est-de-45-pour-la-fete-du-travail\/","og_locale":"fr_FR","og_type":"article","og_title":"Ce kit Milwaukee Nine-Tool est de 45% pour la f\u00eate du Travail | Vie Associative","og_description":"Ce kit est livr\u00e9 avec quelques-uns de mes outils pr\u00e9f\u00e9r\u00e9s. Ventes de la f\u00eate du Travail sont roul\u00e9s et Vie Associative partage les meilleures ventes","og_url":"https:\/\/vieassociative.be\/actualites\/ce-kit-milwaukee-nine-tool-est-de-45-pour-la-fete-du-travail\/","og_site_name":"Vie Associative","article_published_time":"2025-08-25T17:17:39+00:00","og_image":[{"width":279,"height":92,"url":"https:\/\/vieassociative.be\/actualites\/wp-content\/uploads\/2024\/09\/header_backgroundk-01-e1726694325946.png","type":"image\/png"}],"author":"Julien","twitter_card":"summary_large_image","twitter_misc":{"\u00c9crit par":"Julien","Dur\u00e9e de lecture est.":"4 minutes"},"schema":{"@context":"https:\/\/schema.org","@graph":[{"@type":"Article","@id":"https:\/\/vieassociative.be\/actualites\/ce-kit-milwaukee-nine-tool-est-de-45-pour-la-fete-du-travail\/#article","isPartOf":{"@id":"https:\/\/vieassociative.be\/actualites\/ce-kit-milwaukee-nine-tool-est-de-45-pour-la-fete-du-travail\/"},"author":{"name":"Julien","@id":"https:\/\/vieassociative.be\/actualites\/#\/schema\/person\/b87ac4f82f9d4e7b7cec7395b679edc4"},"headline":"Ce kit Milwaukee Nine-Tool est de 45% pour la f\u00eate du Travail","datePublished":"2025-08-25T17:17:39+00:00","dateModified":"2025-08-25T17:17:39+00:00","mainEntityOfPage":{"@id":"https:\/\/vieassociative.be\/actualites\/ce-kit-milwaukee-nine-tool-est-de-45-pour-la-fete-du-travail\/"},"wordCount":852,"publisher":{"@id":"https:\/\/vieassociative.be\/actualites\/#organization"},"image":{"@id":"https:\/\/vieassociative.be\/actualites\/ce-kit-milwaukee-nine-tool-est-de-45-pour-la-fete-du-travail\/#primaryimage"},"thumbnailUrl":"https:\/\/vieassociative.be\/actualites\/wp-content\/uploads\/2025\/08\/Ce-kit-Milwaukee-Nine-Tool-est-de-45-pour-la-fete.png","keywords":["est","f\u00eate","kit","Milwaukee","NineTool","pour","travail"],"articleSection":["Maison"],"inLanguage":"fr-BE"},{"@type":"WebPage","@id":"https:\/\/vieassociative.be\/actualites\/ce-kit-milwaukee-nine-tool-est-de-45-pour-la-fete-du-travail\/","url":"https:\/\/vieassociative.be\/actualites\/ce-kit-milwaukee-nine-tool-est-de-45-pour-la-fete-du-travail\/","name":"Ce kit Milwaukee Nine-Tool est de 45% pour la f\u00eate du Travail | Vie Associative","isPartOf":{"@id":"https:\/\/vieassociative.be\/actualites\/#website"},"primaryImageOfPage":{"@id":"https:\/\/vieassociative.be\/actualites\/ce-kit-milwaukee-nine-tool-est-de-45-pour-la-fete-du-travail\/#primaryimage"},"image":{"@id":"https:\/\/vieassociative.be\/actualites\/ce-kit-milwaukee-nine-tool-est-de-45-pour-la-fete-du-travail\/#primaryimage"},"thumbnailUrl":"https:\/\/vieassociative.be\/actualites\/wp-content\/uploads\/2025\/08\/Ce-kit-Milwaukee-Nine-Tool-est-de-45-pour-la-fete.png","datePublished":"2025-08-25T17:17:39+00:00","dateModified":"2025-08-25T17:17:39+00:00","breadcrumb":{"@id":"https:\/\/vieassociative.be\/actualites\/ce-kit-milwaukee-nine-tool-est-de-45-pour-la-fete-du-travail\/#breadcrumb"},"inLanguage":"fr-BE","potentialAction":[{"@type":"ReadAction","target":["https:\/\/vieassociative.be\/actualites\/ce-kit-milwaukee-nine-tool-est-de-45-pour-la-fete-du-travail\/"]}]},{"@type":"ImageObject","inLanguage":"fr-BE","@id":"https:\/\/vieassociative.be\/actualites\/ce-kit-milwaukee-nine-tool-est-de-45-pour-la-fete-du-travail\/#primaryimage","url":"https:\/\/vieassociative.be\/actualites\/wp-content\/uploads\/2025\/08\/Ce-kit-Milwaukee-Nine-Tool-est-de-45-pour-la-fete.png","contentUrl":"https:\/\/vieassociative.be\/actualites\/wp-content\/uploads\/2025\/08\/Ce-kit-Milwaukee-Nine-Tool-est-de-45-pour-la-fete.png","width":1200,"height":675,"caption":"Ce kit Milwaukee Nine-Tool est de 45% pour la f\u00eate du Travail"},{"@type":"BreadcrumbList","@id":"https:\/\/vieassociative.be\/actualites\/ce-kit-milwaukee-nine-tool-est-de-45-pour-la-fete-du-travail\/#breadcrumb","itemListElement":[{"@type":"ListItem","position":1,"name":"Accueil","item":"https:\/\/vieassociative.be\/actualites\/"},{"@type":"ListItem","position":2,"name":"Ce kit Milwaukee Nine-Tool est de 45% pour la f\u00eate du Travail"}]},{"@type":"WebSite","@id":"https:\/\/vieassociative.be\/actualites\/#website","url":"https:\/\/vieassociative.be\/actualites\/","name":"Vie Associative","description":"","publisher":{"@id":"https:\/\/vieassociative.be\/actualites\/#organization"},"potentialAction":[{"@type":"SearchAction","target":{"@type":"EntryPoint","urlTemplate":"https:\/\/vieassociative.be\/actualites\/?s={search_term_string}"},"query-input":{"@type":"PropertyValueSpecification","valueRequired":true,"valueName":"search_term_string"}}],"inLanguage":"fr-BE"},{"@type":"Organization","@id":"https:\/\/vieassociative.be\/actualites\/#organization","name":"Vie Associative","url":"https:\/\/vieassociative.be\/actualites\/","logo":{"@type":"ImageObject","inLanguage":"fr-BE","@id":"https:\/\/vieassociative.be\/actualites\/#\/schema\/logo\/image\/","url":"https:\/\/vieassociative.be\/actualites\/wp-content\/uploads\/2024\/09\/cropped-vieassociative_favicon.ico.png","contentUrl":"https:\/\/vieassociative.be\/actualites\/wp-content\/uploads\/2024\/09\/cropped-vieassociative_favicon.ico.png","width":512,"height":512,"caption":"Vie Associative"},"image":{"@id":"https:\/\/vieassociative.be\/actualites\/#\/schema\/logo\/image\/"}},{"@type":"Person","@id":"https:\/\/vieassociative.be\/actualites\/#\/schema\/person\/b87ac4f82f9d4e7b7cec7395b679edc4","name":"Julien","image":{"@type":"ImageObject","inLanguage":"fr-BE","@id":"https:\/\/vieassociative.be\/actualites\/#\/schema\/person\/image\/","url":"https:\/\/vieassociative.be\/actualites\/wp-content\/uploads\/2024\/09\/vie-associative-1-150x150.jpg","contentUrl":"https:\/\/vieassociative.be\/actualites\/wp-content\/uploads\/2024\/09\/vie-associative-1-150x150.jpg","caption":"Julien"},"description":"Je suis Julien, r\u00e9dacteur pour Vie Associative. Passionn\u00e9 par le monde associatif depuis plus de 10 ans, j'ai \u00e0 c\u0153ur de partager des histoires inspirantes et de mettre en lumi\u00e8re les initiatives locales. Mon objectif est de sensibiliser et d'encourager l'engagement communautaire \u00e0 travers mes articles.","sameAs":["https:\/\/vieassociative.be\/"]}]}},"_links":{"self":[{"href":"https:\/\/vieassociative.be\/actualites\/wp-json\/wp\/v2\/posts\/9624"}],"collection":[{"href":"https:\/\/vieassociative.be\/actualites\/wp-json\/wp\/v2\/posts"}],"about":[{"href":"https:\/\/vieassociative.be\/actualites\/wp-json\/wp\/v2\/types\/post"}],"author":[{"embeddable":true,"href":"https:\/\/vieassociative.be\/actualites\/wp-json\/wp\/v2\/users\/1"}],"replies":[{"embeddable":true,"href":"https:\/\/vieassociative.be\/actualites\/wp-json\/wp\/v2\/comments?post=9624"}],"version-history":[{"count":0,"href":"https:\/\/vieassociative.be\/actualites\/wp-json\/wp\/v2\/posts\/9624\/revisions"}],"wp:featuredmedia":[{"embeddable":true,"href":"https:\/\/vieassociative.be\/actualites\/wp-json\/wp\/v2\/media\/9625"}],"wp:attachment":[{"href":"https:\/\/vieassociative.be\/actualites\/wp-json\/wp\/v2\/media?parent=9624"}],"wp:term":[{"taxonomy":"category","embeddable":true,"href":"https:\/\/vieassociative.be\/actualites\/wp-json\/wp\/v2\/categories?post=9624"},{"taxonomy":"post_tag","embeddable":true,"href":"https:\/\/vieassociative.be\/actualites\/wp-json\/wp\/v2\/tags?post=9624"}],"curies":[{"name":"wp","href":"https:\/\/api.w.org\/{rel}","templated":true}]}}