{"id":9616,"date":"2025-08-25T09:17:26","date_gmt":"2025-08-25T07:17:26","guid":{"rendered":"https:\/\/vieassociative.be\/actualites\/whatsapp-est-des-messages-dappels-manques-a-test-beta\/"},"modified":"2025-08-25T09:17:26","modified_gmt":"2025-08-25T07:17:26","slug":"whatsapp-est-des-messages-dappels-manques-a-test-beta","status":"publish","type":"post","link":"https:\/\/vieassociative.be\/actualites\/whatsapp-est-des-messages-dappels-manques-a-test-beta\/","title":{"rendered":"WhatsApp est des messages d&rsquo;appels manqu\u00e9s \u00e0 test b\u00eata"},"content":{"rendered":"<div class=\"mt-4 leading-6 md:mb-8\">Vous pourrez peut-\u00eatre l&rsquo;essayer maintenant.<\/div>\n<p><\/p>\n<p>\u00ab\u00a0Laissez un message apr\u00e8s le ton.\u00a0\u00bb Nous nous attendons tous \u00e0 l&rsquo;option pour expliquer pourquoi nous avons contact\u00e9 lorsque quelqu&rsquo;un manque notre appel t\u00e9l\u00e9phonique. Cela n&rsquo;a pas \u00e9t\u00e9 le cas pour les appels des applications de messagerie. Bien que ces applications soient l&rsquo;option d&rsquo;appel incontournable pour beaucoup, la plupart, y compris WhatsApp, n&rsquo;offrent pas une option de messagerie vocale. Cela change maintenant. <\/p>\n<p>Comme l&rsquo;a rep\u00e9r\u00e9 Wabetainfo, WhatsApp est d\u00e9sormais en b\u00eata d&rsquo;une fonctionnalit\u00e9 qui vous permettra de quitter un message lorsque quelqu&rsquo;un manque votre appel. L&rsquo;option n&rsquo;est pas disponible pour tous les testeurs b\u00eata, mais certains le voient dans la derni\u00e8re version b\u00eata. <\/p>\n<p>Voici comment cela fonctionne: lorsque vous appelez quelqu&rsquo;un sur WhatsApp et qu&rsquo;il ne reprend pas, vous aurez les options standard pour rappeler ou annuler la sensibilisation. Cependant, lors de l&rsquo;ex\u00e9cution de cette derni\u00e8re version b\u00eata, vous pouvez \u00e9galement recevoir une troisi\u00e8me option: \u00ab\u00a0Enregistrer le message vocal\u00a0\u00bb. Cette option appara\u00eet \u00e9galement dans votre fil de texte avec le contact, sous l&rsquo;enregistrement de l&rsquo;appel vocal manqu\u00e9.<\/p>\n<div class=\"mx-auto mb-12 mt-5 w-full max-w-3xl rounded-md border-2 border-gray-100 p-3 shadow-md md:px-7 md:pb-7 md:pt-5\" id=\"related-video\">\n<div class=\"mb-3 flex items-center md:mb-5\">\n        <img decoding=\"async\" class=\"mr-4 mt-0 h-10 w-10 md:mr-5 md:h-12 md:w-12\" src=\"https:\/\/vieassociative.be\/actualites\/wp-content\/uploads\/2025\/08\/1754414314_422_Les-brins-du-NYT-daujourdhui-indiquent-et-repondent-pour-le.jpg\" alt=\"Logo Lifehacker\"><\/p><\/div>\n<div class=\"aspect-video w-full overflow-hidden rounded-md\">\n<div id=\"video-container-01K3G0HE5H7TQNHF1GB0NRF9MT\"><\/div>\n<\/p><\/div>\n<\/div>\n<p>Quelle que soit la fa\u00e7on dont vous choisissez d&rsquo;enregistrer le message, WhatsApp enverra la note vocale dans ce fil de texte et conservera la notification de l&rsquo;appel manqu\u00e9, afin que l&rsquo;autre utilisateur puisse rapidement rattraper son retard. Ce n&rsquo;est en aucun cas une fonctionnalit\u00e9 r\u00e9volutionnaire, car vous avez d\u00e9j\u00e0 pu envoyer des messages vocaux sur WhatsApp, mais c&rsquo;est une commodit\u00e9, et il est utile que WhatsApp ait con\u00e7u la fonctionnalit\u00e9 pour travailler avec l&rsquo;exp\u00e9rience d&rsquo;appel. <\/p>\n<p>Si WhatsApp d\u00e9ploie cette fonctionnalit\u00e9 au public, il rejoindrait les quelques applications qui l&rsquo;offrent, comme FaceTime &#8211; qui permet aux utilisateurs de laisser un message audio ou vid\u00e9o pour les appels manqu\u00e9s. <\/p>\n<h2 id=\"how-to-install-the-whatsapp-beta\">Comment installer la version b\u00eata de WhatsApp<\/h2>\n<p>Si vous souhaitez essayer cette fonctionnalit\u00e9 et toutes les autres premi\u00e8res fonctionnalit\u00e9s que WhatsApp comprend dans la version b\u00eata, vous aurez presque assur\u00e9ment besoin d&rsquo;un appareil Android. Bien qu&rsquo;il y ait une version b\u00eata de WhatsApp sur iOS, elle reste perp\u00e9tuellement pleine. Il y a toujours une chance que la version b\u00eata s&rsquo;ouvre, mais je ne l&rsquo;ai jamais vu se produire auparavant. <\/p>\n<p>Si vous avez un t\u00e9l\u00e9phone Android, vous pouvez vous inscrire \u00e0 la version b\u00eata de WhatsApp ici. Une fois que vous devenez un testeur, vous pouvez t\u00e9l\u00e9charger l&rsquo;application WhatsApp officielle \u00e0 partir du Play Store si vous ne l&rsquo;avez pas d\u00e9j\u00e0, ou attendre la prochaine mise \u00e0 jour: la version b\u00eata traverse l&rsquo;application officielle, vous recevrez donc de nouvelles b\u00eatas des mises \u00e0 jour logicielles traditionnelles via le Play Store. <\/p>\n","protected":false},"excerpt":{"rendered":"<p>Vous pourrez peut-\u00eatre l&rsquo;essayer maintenant. \u00ab\u00a0Laissez un message apr\u00e8s le ton.\u00a0\u00bb Nous nous attendons tous \u00e0 l&rsquo;option pour expliquer pourquoi nous avons contact\u00e9 lorsque quelqu&rsquo;un<\/p>\n","protected":false},"author":1,"featured_media":9617,"comment_status":"","ping_status":"","sticky":false,"template":"","format":"standard","meta":{"footnotes":""},"categories":[13],"tags":[4813,5280,29,76,8301,28,186,4046],"class_list":["post-9616","post","type-post","status-publish","format-standard","has-post-thumbnail","hentry","category-technologie","tag-beta","tag-dappels","tag-des","tag-est","tag-manques","tag-messages","tag-test","tag-whatsapp","generate-columns","tablet-grid-50","mobile-grid-100","grid-parent","grid-33"],"yoast_head":"<!-- This site is optimized with the Yoast SEO plugin v24.0 - https:\/\/yoast.com\/wordpress\/plugins\/seo\/ -->\n<title>WhatsApp est des messages d&#039;appels manqu\u00e9s \u00e0 test b\u00eata | Vie Associative<\/title>\n<meta name=\"robots\" content=\"index, follow, max-snippet:-1, max-image-preview:large, max-video-preview:-1\" \/>\n<link rel=\"canonical\" href=\"https:\/\/vieassociative.be\/actualites\/whatsapp-est-des-messages-dappels-manques-a-test-beta\/\" \/>\n<meta property=\"og:locale\" content=\"fr_FR\" \/>\n<meta property=\"og:type\" content=\"article\" \/>\n<meta property=\"og:title\" content=\"WhatsApp est des messages d&#039;appels manqu\u00e9s \u00e0 test b\u00eata | Vie Associative\" \/>\n<meta property=\"og:description\" content=\"Vous pourrez peut-\u00eatre l&rsquo;essayer maintenant. \u00ab\u00a0Laissez un message apr\u00e8s le ton.\u00a0\u00bb Nous nous attendons tous \u00e0 l&rsquo;option pour expliquer pourquoi nous avons contact\u00e9 lorsque quelqu&rsquo;un\" \/>\n<meta property=\"og:url\" content=\"https:\/\/vieassociative.be\/actualites\/whatsapp-est-des-messages-dappels-manques-a-test-beta\/\" \/>\n<meta property=\"og:site_name\" content=\"Vie Associative\" \/>\n<meta property=\"article:published_time\" content=\"2025-08-25T07:17:26+00:00\" \/>\n<meta property=\"og:image\" content=\"https:\/\/vieassociative.be\/actualites\/wp-content\/uploads\/2025\/08\/1754414314_422_Les-brins-du-NYT-daujourdhui-indiquent-et-repondent-pour-le.jpg\" \/>\n<meta name=\"author\" content=\"Julien\" \/>\n<meta name=\"twitter:card\" content=\"summary_large_image\" \/>\n<meta name=\"twitter:label1\" content=\"\u00c9crit par\" \/>\n\t<meta name=\"twitter:data1\" content=\"Julien\" \/>\n\t<meta name=\"twitter:label2\" content=\"Dur\u00e9e de lecture est.\" \/>\n\t<meta name=\"twitter:data2\" content=\"2 minutes\" \/>\n<script type=\"application\/ld+json\" class=\"yoast-schema-graph\">{\"@context\":\"https:\/\/schema.org\",\"@graph\":[{\"@type\":\"Article\",\"@id\":\"https:\/\/vieassociative.be\/actualites\/whatsapp-est-des-messages-dappels-manques-a-test-beta\/#article\",\"isPartOf\":{\"@id\":\"https:\/\/vieassociative.be\/actualites\/whatsapp-est-des-messages-dappels-manques-a-test-beta\/\"},\"author\":{\"name\":\"Julien\",\"@id\":\"https:\/\/vieassociative.be\/actualites\/#\/schema\/person\/b87ac4f82f9d4e7b7cec7395b679edc4\"},\"headline\":\"WhatsApp est des messages d&rsquo;appels manqu\u00e9s \u00e0 test b\u00eata\",\"datePublished\":\"2025-08-25T07:17:26+00:00\",\"dateModified\":\"2025-08-25T07:17:26+00:00\",\"mainEntityOfPage\":{\"@id\":\"https:\/\/vieassociative.be\/actualites\/whatsapp-est-des-messages-dappels-manques-a-test-beta\/\"},\"wordCount\":495,\"publisher\":{\"@id\":\"https:\/\/vieassociative.be\/actualites\/#organization\"},\"image\":{\"@id\":\"https:\/\/vieassociative.be\/actualites\/whatsapp-est-des-messages-dappels-manques-a-test-beta\/#primaryimage\"},\"thumbnailUrl\":\"https:\/\/vieassociative.be\/actualites\/wp-content\/uploads\/2025\/08\/WhatsApp-est-des-messages-dappels-manques-a-test-beta.jpg\",\"keywords\":[\"b\u00eata\",\"dappels\",\"Des\",\"est\",\"manqu\u00e9s\",\"messages\",\"test\",\"WhatsApp\"],\"articleSection\":[\"Technologie\"],\"inLanguage\":\"fr-BE\"},{\"@type\":\"WebPage\",\"@id\":\"https:\/\/vieassociative.be\/actualites\/whatsapp-est-des-messages-dappels-manques-a-test-beta\/\",\"url\":\"https:\/\/vieassociative.be\/actualites\/whatsapp-est-des-messages-dappels-manques-a-test-beta\/\",\"name\":\"WhatsApp est des messages d'appels manqu\u00e9s \u00e0 test b\u00eata | Vie Associative\",\"isPartOf\":{\"@id\":\"https:\/\/vieassociative.be\/actualites\/#website\"},\"primaryImageOfPage\":{\"@id\":\"https:\/\/vieassociative.be\/actualites\/whatsapp-est-des-messages-dappels-manques-a-test-beta\/#primaryimage\"},\"image\":{\"@id\":\"https:\/\/vieassociative.be\/actualites\/whatsapp-est-des-messages-dappels-manques-a-test-beta\/#primaryimage\"},\"thumbnailUrl\":\"https:\/\/vieassociative.be\/actualites\/wp-content\/uploads\/2025\/08\/WhatsApp-est-des-messages-dappels-manques-a-test-beta.jpg\",\"datePublished\":\"2025-08-25T07:17:26+00:00\",\"dateModified\":\"2025-08-25T07:17:26+00:00\",\"breadcrumb\":{\"@id\":\"https:\/\/vieassociative.be\/actualites\/whatsapp-est-des-messages-dappels-manques-a-test-beta\/#breadcrumb\"},\"inLanguage\":\"fr-BE\",\"potentialAction\":[{\"@type\":\"ReadAction\",\"target\":[\"https:\/\/vieassociative.be\/actualites\/whatsapp-est-des-messages-dappels-manques-a-test-beta\/\"]}]},{\"@type\":\"ImageObject\",\"inLanguage\":\"fr-BE\",\"@id\":\"https:\/\/vieassociative.be\/actualites\/whatsapp-est-des-messages-dappels-manques-a-test-beta\/#primaryimage\",\"url\":\"https:\/\/vieassociative.be\/actualites\/wp-content\/uploads\/2025\/08\/WhatsApp-est-des-messages-dappels-manques-a-test-beta.jpg\",\"contentUrl\":\"https:\/\/vieassociative.be\/actualites\/wp-content\/uploads\/2025\/08\/WhatsApp-est-des-messages-dappels-manques-a-test-beta.jpg\",\"width\":1200,\"height\":675,\"caption\":\"WhatsApp est des messages d'appels manqu\u00e9s \u00e0 test b\u00eata\"},{\"@type\":\"BreadcrumbList\",\"@id\":\"https:\/\/vieassociative.be\/actualites\/whatsapp-est-des-messages-dappels-manques-a-test-beta\/#breadcrumb\",\"itemListElement\":[{\"@type\":\"ListItem\",\"position\":1,\"name\":\"Accueil\",\"item\":\"https:\/\/vieassociative.be\/actualites\/\"},{\"@type\":\"ListItem\",\"position\":2,\"name\":\"WhatsApp est des messages d&rsquo;appels manqu\u00e9s \u00e0 test b\u00eata\"}]},{\"@type\":\"WebSite\",\"@id\":\"https:\/\/vieassociative.be\/actualites\/#website\",\"url\":\"https:\/\/vieassociative.be\/actualites\/\",\"name\":\"Vie Associative\",\"description\":\"\",\"publisher\":{\"@id\":\"https:\/\/vieassociative.be\/actualites\/#organization\"},\"potentialAction\":[{\"@type\":\"SearchAction\",\"target\":{\"@type\":\"EntryPoint\",\"urlTemplate\":\"https:\/\/vieassociative.be\/actualites\/?s={search_term_string}\"},\"query-input\":{\"@type\":\"PropertyValueSpecification\",\"valueRequired\":true,\"valueName\":\"search_term_string\"}}],\"inLanguage\":\"fr-BE\"},{\"@type\":\"Organization\",\"@id\":\"https:\/\/vieassociative.be\/actualites\/#organization\",\"name\":\"Vie Associative\",\"url\":\"https:\/\/vieassociative.be\/actualites\/\",\"logo\":{\"@type\":\"ImageObject\",\"inLanguage\":\"fr-BE\",\"@id\":\"https:\/\/vieassociative.be\/actualites\/#\/schema\/logo\/image\/\",\"url\":\"https:\/\/vieassociative.be\/actualites\/wp-content\/uploads\/2024\/09\/cropped-vieassociative_favicon.ico.png\",\"contentUrl\":\"https:\/\/vieassociative.be\/actualites\/wp-content\/uploads\/2024\/09\/cropped-vieassociative_favicon.ico.png\",\"width\":512,\"height\":512,\"caption\":\"Vie Associative\"},\"image\":{\"@id\":\"https:\/\/vieassociative.be\/actualites\/#\/schema\/logo\/image\/\"}},{\"@type\":\"Person\",\"@id\":\"https:\/\/vieassociative.be\/actualites\/#\/schema\/person\/b87ac4f82f9d4e7b7cec7395b679edc4\",\"name\":\"Julien\",\"image\":{\"@type\":\"ImageObject\",\"inLanguage\":\"fr-BE\",\"@id\":\"https:\/\/vieassociative.be\/actualites\/#\/schema\/person\/image\/\",\"url\":\"https:\/\/vieassociative.be\/actualites\/wp-content\/uploads\/2024\/09\/vie-associative-1-150x150.jpg\",\"contentUrl\":\"https:\/\/vieassociative.be\/actualites\/wp-content\/uploads\/2024\/09\/vie-associative-1-150x150.jpg\",\"caption\":\"Julien\"},\"description\":\"Je suis Julien, r\u00e9dacteur pour Vie Associative. Passionn\u00e9 par le monde associatif depuis plus de 10 ans, j'ai \u00e0 c\u0153ur de partager des histoires inspirantes et de mettre en lumi\u00e8re les initiatives locales. Mon objectif est de sensibiliser et d'encourager l'engagement communautaire \u00e0 travers mes articles.\",\"sameAs\":[\"https:\/\/vieassociative.be\/\"]}]}<\/script>\n<!-- \/ Yoast SEO plugin. -->","yoast_head_json":{"title":"WhatsApp est des messages d'appels manqu\u00e9s \u00e0 test b\u00eata | Vie Associative","robots":{"index":"index","follow":"follow","max-snippet":"max-snippet:-1","max-image-preview":"max-image-preview:large","max-video-preview":"max-video-preview:-1"},"canonical":"https:\/\/vieassociative.be\/actualites\/whatsapp-est-des-messages-dappels-manques-a-test-beta\/","og_locale":"fr_FR","og_type":"article","og_title":"WhatsApp est des messages d'appels manqu\u00e9s \u00e0 test b\u00eata | Vie Associative","og_description":"Vous pourrez peut-\u00eatre l&rsquo;essayer maintenant. \u00ab\u00a0Laissez un message apr\u00e8s le ton.\u00a0\u00bb Nous nous attendons tous \u00e0 l&rsquo;option pour expliquer pourquoi nous avons contact\u00e9 lorsque quelqu&rsquo;un","og_url":"https:\/\/vieassociative.be\/actualites\/whatsapp-est-des-messages-dappels-manques-a-test-beta\/","og_site_name":"Vie Associative","article_published_time":"2025-08-25T07:17:26+00:00","og_image":[{"url":"https:\/\/vieassociative.be\/actualites\/wp-content\/uploads\/2025\/08\/1754414314_422_Les-brins-du-NYT-daujourdhui-indiquent-et-repondent-pour-le.jpg","type":"","width":"","height":""}],"author":"Julien","twitter_card":"summary_large_image","twitter_misc":{"\u00c9crit par":"Julien","Dur\u00e9e de lecture est.":"2 minutes"},"schema":{"@context":"https:\/\/schema.org","@graph":[{"@type":"Article","@id":"https:\/\/vieassociative.be\/actualites\/whatsapp-est-des-messages-dappels-manques-a-test-beta\/#article","isPartOf":{"@id":"https:\/\/vieassociative.be\/actualites\/whatsapp-est-des-messages-dappels-manques-a-test-beta\/"},"author":{"name":"Julien","@id":"https:\/\/vieassociative.be\/actualites\/#\/schema\/person\/b87ac4f82f9d4e7b7cec7395b679edc4"},"headline":"WhatsApp est des messages d&rsquo;appels manqu\u00e9s \u00e0 test b\u00eata","datePublished":"2025-08-25T07:17:26+00:00","dateModified":"2025-08-25T07:17:26+00:00","mainEntityOfPage":{"@id":"https:\/\/vieassociative.be\/actualites\/whatsapp-est-des-messages-dappels-manques-a-test-beta\/"},"wordCount":495,"publisher":{"@id":"https:\/\/vieassociative.be\/actualites\/#organization"},"image":{"@id":"https:\/\/vieassociative.be\/actualites\/whatsapp-est-des-messages-dappels-manques-a-test-beta\/#primaryimage"},"thumbnailUrl":"https:\/\/vieassociative.be\/actualites\/wp-content\/uploads\/2025\/08\/WhatsApp-est-des-messages-dappels-manques-a-test-beta.jpg","keywords":["b\u00eata","dappels","Des","est","manqu\u00e9s","messages","test","WhatsApp"],"articleSection":["Technologie"],"inLanguage":"fr-BE"},{"@type":"WebPage","@id":"https:\/\/vieassociative.be\/actualites\/whatsapp-est-des-messages-dappels-manques-a-test-beta\/","url":"https:\/\/vieassociative.be\/actualites\/whatsapp-est-des-messages-dappels-manques-a-test-beta\/","name":"WhatsApp est des messages d'appels manqu\u00e9s \u00e0 test b\u00eata | Vie Associative","isPartOf":{"@id":"https:\/\/vieassociative.be\/actualites\/#website"},"primaryImageOfPage":{"@id":"https:\/\/vieassociative.be\/actualites\/whatsapp-est-des-messages-dappels-manques-a-test-beta\/#primaryimage"},"image":{"@id":"https:\/\/vieassociative.be\/actualites\/whatsapp-est-des-messages-dappels-manques-a-test-beta\/#primaryimage"},"thumbnailUrl":"https:\/\/vieassociative.be\/actualites\/wp-content\/uploads\/2025\/08\/WhatsApp-est-des-messages-dappels-manques-a-test-beta.jpg","datePublished":"2025-08-25T07:17:26+00:00","dateModified":"2025-08-25T07:17:26+00:00","breadcrumb":{"@id":"https:\/\/vieassociative.be\/actualites\/whatsapp-est-des-messages-dappels-manques-a-test-beta\/#breadcrumb"},"inLanguage":"fr-BE","potentialAction":[{"@type":"ReadAction","target":["https:\/\/vieassociative.be\/actualites\/whatsapp-est-des-messages-dappels-manques-a-test-beta\/"]}]},{"@type":"ImageObject","inLanguage":"fr-BE","@id":"https:\/\/vieassociative.be\/actualites\/whatsapp-est-des-messages-dappels-manques-a-test-beta\/#primaryimage","url":"https:\/\/vieassociative.be\/actualites\/wp-content\/uploads\/2025\/08\/WhatsApp-est-des-messages-dappels-manques-a-test-beta.jpg","contentUrl":"https:\/\/vieassociative.be\/actualites\/wp-content\/uploads\/2025\/08\/WhatsApp-est-des-messages-dappels-manques-a-test-beta.jpg","width":1200,"height":675,"caption":"WhatsApp est des messages d'appels manqu\u00e9s \u00e0 test b\u00eata"},{"@type":"BreadcrumbList","@id":"https:\/\/vieassociative.be\/actualites\/whatsapp-est-des-messages-dappels-manques-a-test-beta\/#breadcrumb","itemListElement":[{"@type":"ListItem","position":1,"name":"Accueil","item":"https:\/\/vieassociative.be\/actualites\/"},{"@type":"ListItem","position":2,"name":"WhatsApp est des messages d&rsquo;appels manqu\u00e9s \u00e0 test b\u00eata"}]},{"@type":"WebSite","@id":"https:\/\/vieassociative.be\/actualites\/#website","url":"https:\/\/vieassociative.be\/actualites\/","name":"Vie Associative","description":"","publisher":{"@id":"https:\/\/vieassociative.be\/actualites\/#organization"},"potentialAction":[{"@type":"SearchAction","target":{"@type":"EntryPoint","urlTemplate":"https:\/\/vieassociative.be\/actualites\/?s={search_term_string}"},"query-input":{"@type":"PropertyValueSpecification","valueRequired":true,"valueName":"search_term_string"}}],"inLanguage":"fr-BE"},{"@type":"Organization","@id":"https:\/\/vieassociative.be\/actualites\/#organization","name":"Vie Associative","url":"https:\/\/vieassociative.be\/actualites\/","logo":{"@type":"ImageObject","inLanguage":"fr-BE","@id":"https:\/\/vieassociative.be\/actualites\/#\/schema\/logo\/image\/","url":"https:\/\/vieassociative.be\/actualites\/wp-content\/uploads\/2024\/09\/cropped-vieassociative_favicon.ico.png","contentUrl":"https:\/\/vieassociative.be\/actualites\/wp-content\/uploads\/2024\/09\/cropped-vieassociative_favicon.ico.png","width":512,"height":512,"caption":"Vie Associative"},"image":{"@id":"https:\/\/vieassociative.be\/actualites\/#\/schema\/logo\/image\/"}},{"@type":"Person","@id":"https:\/\/vieassociative.be\/actualites\/#\/schema\/person\/b87ac4f82f9d4e7b7cec7395b679edc4","name":"Julien","image":{"@type":"ImageObject","inLanguage":"fr-BE","@id":"https:\/\/vieassociative.be\/actualites\/#\/schema\/person\/image\/","url":"https:\/\/vieassociative.be\/actualites\/wp-content\/uploads\/2024\/09\/vie-associative-1-150x150.jpg","contentUrl":"https:\/\/vieassociative.be\/actualites\/wp-content\/uploads\/2024\/09\/vie-associative-1-150x150.jpg","caption":"Julien"},"description":"Je suis Julien, r\u00e9dacteur pour Vie Associative. Passionn\u00e9 par le monde associatif depuis plus de 10 ans, j'ai \u00e0 c\u0153ur de partager des histoires inspirantes et de mettre en lumi\u00e8re les initiatives locales. Mon objectif est de sensibiliser et d'encourager l'engagement communautaire \u00e0 travers mes articles.","sameAs":["https:\/\/vieassociative.be\/"]}]}},"_links":{"self":[{"href":"https:\/\/vieassociative.be\/actualites\/wp-json\/wp\/v2\/posts\/9616"}],"collection":[{"href":"https:\/\/vieassociative.be\/actualites\/wp-json\/wp\/v2\/posts"}],"about":[{"href":"https:\/\/vieassociative.be\/actualites\/wp-json\/wp\/v2\/types\/post"}],"author":[{"embeddable":true,"href":"https:\/\/vieassociative.be\/actualites\/wp-json\/wp\/v2\/users\/1"}],"replies":[{"embeddable":true,"href":"https:\/\/vieassociative.be\/actualites\/wp-json\/wp\/v2\/comments?post=9616"}],"version-history":[{"count":0,"href":"https:\/\/vieassociative.be\/actualites\/wp-json\/wp\/v2\/posts\/9616\/revisions"}],"wp:featuredmedia":[{"embeddable":true,"href":"https:\/\/vieassociative.be\/actualites\/wp-json\/wp\/v2\/media\/9617"}],"wp:attachment":[{"href":"https:\/\/vieassociative.be\/actualites\/wp-json\/wp\/v2\/media?parent=9616"}],"wp:term":[{"taxonomy":"category","embeddable":true,"href":"https:\/\/vieassociative.be\/actualites\/wp-json\/wp\/v2\/categories?post=9616"},{"taxonomy":"post_tag","embeddable":true,"href":"https:\/\/vieassociative.be\/actualites\/wp-json\/wp\/v2\/tags?post=9616"}],"curies":[{"name":"wp","href":"https:\/\/api.w.org\/{rel}","templated":true}]}}