{"id":9613,"date":"2025-08-25T03:19:39","date_gmt":"2025-08-25T01:19:39","guid":{"rendered":"https:\/\/vieassociative.be\/actualites\/vous-pouvez-maintenant-partager-des-chansons-de-spotify-dans-votre-histoire-instagram\/"},"modified":"2025-08-25T03:19:39","modified_gmt":"2025-08-25T01:19:39","slug":"vous-pouvez-maintenant-partager-des-chansons-de-spotify-dans-votre-histoire-instagram","status":"publish","type":"post","link":"https:\/\/vieassociative.be\/actualites\/vous-pouvez-maintenant-partager-des-chansons-de-spotify-dans-votre-histoire-instagram\/","title":{"rendered":"Vous pouvez maintenant partager des chansons de Spotify dans votre histoire Instagram"},"content":{"rendered":"<div class=\"mt-4 leading-6 md:mb-8\">Vous pouvez \u00e9galement partager ce que vous \u00e9coutez en temps r\u00e9el.<\/div>\n<p><\/p>\n<p>Lorsque vous appr\u00e9ciez vraiment une chanson que vous \u00e9coutez, vous voudrez peut-\u00eatre la partager avec votre histoire. Mais le r\u00e9sultat standard peut sembler d\u00e9cevant: lors du partage de Spotify, par exemple, vous pouvez partager l&rsquo;art de l&rsquo;album, le titre de la chanson et le nom de l&rsquo;artiste, mais vous ne pourrez pas vraiment entendre la chanson elle-m\u00eame. Si vous souhaitez partager l&rsquo;audio, vous devez compter sur la fonction de musique int\u00e9gr\u00e9e d&rsquo;Instagram, pas l&rsquo;extension Spotify.<\/p>\n<p>Cela change cette semaine, car Spotify vous permettra d\u00e9sormais de partager des extraits audio \u00e0 votre histoire Instagram. La soci\u00e9t\u00e9 a annonc\u00e9 la nouvelle int\u00e9gration jeudi, et c&rsquo;est assez simple. Lorsque vous partagez une chanson sur Spotify sur votre histoire Instagram (appuyez sur le bouton Partager sur la chanson Spotify, puis choisissez \u00ab\u00a0Stories\u00a0\u00bb avec le logo Instagram), votre application Instagram s&rsquo;ouvrira \u00e0 une nouvelle histoire, avec l&rsquo;art de l&rsquo;album pour votre chanson choisie. Vous entendrez \u00e9galement un extrait de la chanson jouer sur votre histoire. Bien s\u00fbr, Spotify veut un engagement, donc la fonctionnalit\u00e9 est livr\u00e9e avec un autocollant qui permet aux t\u00e9l\u00e9spectateurs de votre histoire ouvrir la chanson dans leur propre application Spotify.   <\/p>\n<p>C&rsquo;est un changement petit mais bienvenu pour les utilisateurs de Spotify, dont certains demandent l&rsquo;int\u00e9gration depuis des ann\u00e9es. Cet article sur le Spotify Subdreddit est \u00e0 partir d&rsquo;avril 2021, il devrait donc y avoir des fans de Happy Spotify qui sont \u00e9galement des utilisateurs d&rsquo;Instagram. <\/p>\n<div class=\"mx-auto mb-12 mt-5 w-full max-w-3xl rounded-md border-2 border-gray-100 p-3 shadow-md md:px-7 md:pb-7 md:pt-5\" id=\"related-video\">\n<div class=\"mb-3 flex items-center md:mb-5\">\n        <img decoding=\"async\" class=\"mr-4 mt-0 h-10 w-10 md:mr-5 md:h-12 md:w-12\" src=\"https:\/\/vieassociative.be\/actualites\/wp-content\/uploads\/2025\/08\/1754414314_422_Les-brins-du-NYT-daujourdhui-indiquent-et-repondent-pour-le.jpg\" alt=\"Logo Lifehacker\"><\/p><\/div>\n<div class=\"aspect-video w-full overflow-hidden rounded-md\">\n<div id=\"video-container-01K3FBXHDW0DJESCGY5FPS7P80\"><\/div>\n<\/p><\/div>\n<\/div>\n<h2 id=\"real-time-music-sharing-to-instagram-notes\">Partage de musique en temps r\u00e9el aux notes Instagram<\/h2>\n<div class=\"eloquent-imagery-image\">\n<div class=\"flex justify-center\">\n                    <img decoding=\"async\" class=\"border border-gray-100\" src=\"https:\/\/vieassociative.be\/actualites\/wp-content\/uploads\/2025\/08\/Vous-pouvez-maintenant-partager-des-chansons-de-Spotify-dans-votre.jpg\" alt=\"Instagram Notes Int\u00e9gration Spotify\" width=\"2000\" height=\"1125\" loading=\"lazy\"  >\n            <\/div>\n<\/p><\/div>\n<p>Dans le cadre de cette annonce, Spotify d\u00e9ploie \u00e9galement la possibilit\u00e9 de partager ce que vous \u00e9coutez en temps r\u00e9el aux notes Instagram. Les notes vous permet de publier un court message \u00e0 votre flux DM, et maintenant, vous pouvez faire mettre \u00e0 jour vos notes chaque fois que vous \u00e9coutez de la musique sur Spotify. Si vous souhaitez configurer cela, d\u00e9marrez une note dans Instagram, puis appuyez sur l&rsquo;ic\u00f4ne de la musique. Ici, appuyez sur \u00ab\u00a0Link Spotify\u00a0\u00bb, puis suivez les \u00e9tapes \u00e0 l&rsquo;\u00e9cran pour connecter votre compte. <\/p>\n<p>Spotify dit que si vous \u00e9coutez d\u00e9j\u00e0 de la musique, votre note se mettra \u00e0 jour imm\u00e9diatement. Si vous ne l&rsquo;\u00eates pas, il affichera la prochaine chanson que vous \u00e9coutez dans les 30 minutes suivantes. Vous pouvez \u00e9galement partager une chanson sp\u00e9cifique que vous \u00e9coutez des notes, si vous pr\u00e9f\u00e9rez. Cela fonctionne comme partager une histoire, en choisissant uniquement des \u00ab\u00a0notes\u00a0\u00bb dans l&rsquo;option. <\/p>\n<p>Je n&rsquo;utilise pas de notes Instagram (ou d&rsquo;histoires, d&rsquo;ailleurs), mais m\u00eame si je l&rsquo;ai fait, je ne suis pas s\u00fbr que je serais \u00e0 l&rsquo;aise de partager mes exp\u00e9riences musicales en temps r\u00e9el directement avec toute ma liste de suiveurs Instagram. Je peux comprendre vouloir mettre en \u00e9vidence une nouvelle chanson pr\u00e9f\u00e9r\u00e9e, mais j&rsquo;\u00e9coute tellement de musique al\u00e9atoire, je n&rsquo;ai pas besoin de tous mes amis Instagram en connaissant chaque morceau qui joue de mon c\u00f4t\u00e9.<\/p>\n","protected":false},"excerpt":{"rendered":"<p>Vous pouvez \u00e9galement partager ce que vous \u00e9coutez en temps r\u00e9el. Lorsque vous appr\u00e9ciez vraiment une chanson que vous \u00e9coutez, vous voudrez peut-\u00eatre la partager<\/p>\n","protected":false},"author":1,"featured_media":9614,"comment_status":"","ping_status":"","sticky":false,"template":"","format":"standard","meta":{"footnotes":""},"categories":[13],"tags":[5025,166,29,2133,2282,233,2070,5,3758,8,4],"class_list":["post-9613","post","type-post","status-publish","format-standard","has-post-thumbnail","hentry","category-technologie","tag-chansons","tag-dans","tag-des","tag-histoire","tag-instagram","tag-maintenant","tag-partager","tag-pouvez","tag-spotify","tag-votre","tag-vous","generate-columns","tablet-grid-50","mobile-grid-100","grid-parent","grid-33"],"yoast_head":"<!-- This site is optimized with the Yoast SEO plugin v24.0 - https:\/\/yoast.com\/wordpress\/plugins\/seo\/ -->\n<title>Vous pouvez maintenant partager des chansons de Spotify dans votre histoire Instagram | Vie Associative<\/title>\n<meta name=\"robots\" content=\"index, follow, max-snippet:-1, max-image-preview:large, max-video-preview:-1\" \/>\n<link rel=\"canonical\" href=\"https:\/\/vieassociative.be\/actualites\/vous-pouvez-maintenant-partager-des-chansons-de-spotify-dans-votre-histoire-instagram\/\" \/>\n<meta property=\"og:locale\" content=\"fr_FR\" \/>\n<meta property=\"og:type\" content=\"article\" \/>\n<meta property=\"og:title\" content=\"Vous pouvez maintenant partager des chansons de Spotify dans votre histoire Instagram | Vie Associative\" \/>\n<meta property=\"og:description\" content=\"Vous pouvez \u00e9galement partager ce que vous \u00e9coutez en temps r\u00e9el. Lorsque vous appr\u00e9ciez vraiment une chanson que vous \u00e9coutez, vous voudrez peut-\u00eatre la partager\" \/>\n<meta property=\"og:url\" content=\"https:\/\/vieassociative.be\/actualites\/vous-pouvez-maintenant-partager-des-chansons-de-spotify-dans-votre-histoire-instagram\/\" \/>\n<meta property=\"og:site_name\" content=\"Vie Associative\" \/>\n<meta property=\"article:published_time\" content=\"2025-08-25T01:19:39+00:00\" \/>\n<meta property=\"og:image\" content=\"https:\/\/vieassociative.be\/actualites\/wp-content\/uploads\/2025\/08\/1754414314_422_Les-brins-du-NYT-daujourdhui-indiquent-et-repondent-pour-le.jpg\" \/>\n<meta name=\"author\" content=\"Julien\" \/>\n<meta name=\"twitter:card\" content=\"summary_large_image\" \/>\n<meta name=\"twitter:label1\" content=\"\u00c9crit par\" \/>\n\t<meta name=\"twitter:data1\" content=\"Julien\" \/>\n\t<meta name=\"twitter:label2\" content=\"Dur\u00e9e de lecture est.\" \/>\n\t<meta name=\"twitter:data2\" content=\"3 minutes\" \/>\n<script type=\"application\/ld+json\" class=\"yoast-schema-graph\">{\"@context\":\"https:\/\/schema.org\",\"@graph\":[{\"@type\":\"Article\",\"@id\":\"https:\/\/vieassociative.be\/actualites\/vous-pouvez-maintenant-partager-des-chansons-de-spotify-dans-votre-histoire-instagram\/#article\",\"isPartOf\":{\"@id\":\"https:\/\/vieassociative.be\/actualites\/vous-pouvez-maintenant-partager-des-chansons-de-spotify-dans-votre-histoire-instagram\/\"},\"author\":{\"name\":\"Julien\",\"@id\":\"https:\/\/vieassociative.be\/actualites\/#\/schema\/person\/b87ac4f82f9d4e7b7cec7395b679edc4\"},\"headline\":\"Vous pouvez maintenant partager des chansons de Spotify dans votre histoire Instagram\",\"datePublished\":\"2025-08-25T01:19:39+00:00\",\"dateModified\":\"2025-08-25T01:19:39+00:00\",\"mainEntityOfPage\":{\"@id\":\"https:\/\/vieassociative.be\/actualites\/vous-pouvez-maintenant-partager-des-chansons-de-spotify-dans-votre-histoire-instagram\/\"},\"wordCount\":544,\"publisher\":{\"@id\":\"https:\/\/vieassociative.be\/actualites\/#organization\"},\"image\":{\"@id\":\"https:\/\/vieassociative.be\/actualites\/vous-pouvez-maintenant-partager-des-chansons-de-spotify-dans-votre-histoire-instagram\/#primaryimage\"},\"thumbnailUrl\":\"https:\/\/vieassociative.be\/actualites\/wp-content\/uploads\/2025\/08\/1756084780_Vous-pouvez-maintenant-partager-des-chansons-de-Spotify-dans-votre.jpg\",\"keywords\":[\"chansons\",\"dans\",\"Des\",\"histoire\",\"Instagram\",\"maintenant\",\"partager\",\"pouvez\",\"Spotify\",\"votre\",\"Vous\"],\"articleSection\":[\"Technologie\"],\"inLanguage\":\"fr-BE\"},{\"@type\":\"WebPage\",\"@id\":\"https:\/\/vieassociative.be\/actualites\/vous-pouvez-maintenant-partager-des-chansons-de-spotify-dans-votre-histoire-instagram\/\",\"url\":\"https:\/\/vieassociative.be\/actualites\/vous-pouvez-maintenant-partager-des-chansons-de-spotify-dans-votre-histoire-instagram\/\",\"name\":\"Vous pouvez maintenant partager des chansons de Spotify dans votre histoire Instagram | Vie Associative\",\"isPartOf\":{\"@id\":\"https:\/\/vieassociative.be\/actualites\/#website\"},\"primaryImageOfPage\":{\"@id\":\"https:\/\/vieassociative.be\/actualites\/vous-pouvez-maintenant-partager-des-chansons-de-spotify-dans-votre-histoire-instagram\/#primaryimage\"},\"image\":{\"@id\":\"https:\/\/vieassociative.be\/actualites\/vous-pouvez-maintenant-partager-des-chansons-de-spotify-dans-votre-histoire-instagram\/#primaryimage\"},\"thumbnailUrl\":\"https:\/\/vieassociative.be\/actualites\/wp-content\/uploads\/2025\/08\/1756084780_Vous-pouvez-maintenant-partager-des-chansons-de-Spotify-dans-votre.jpg\",\"datePublished\":\"2025-08-25T01:19:39+00:00\",\"dateModified\":\"2025-08-25T01:19:39+00:00\",\"breadcrumb\":{\"@id\":\"https:\/\/vieassociative.be\/actualites\/vous-pouvez-maintenant-partager-des-chansons-de-spotify-dans-votre-histoire-instagram\/#breadcrumb\"},\"inLanguage\":\"fr-BE\",\"potentialAction\":[{\"@type\":\"ReadAction\",\"target\":[\"https:\/\/vieassociative.be\/actualites\/vous-pouvez-maintenant-partager-des-chansons-de-spotify-dans-votre-histoire-instagram\/\"]}]},{\"@type\":\"ImageObject\",\"inLanguage\":\"fr-BE\",\"@id\":\"https:\/\/vieassociative.be\/actualites\/vous-pouvez-maintenant-partager-des-chansons-de-spotify-dans-votre-histoire-instagram\/#primaryimage\",\"url\":\"https:\/\/vieassociative.be\/actualites\/wp-content\/uploads\/2025\/08\/1756084780_Vous-pouvez-maintenant-partager-des-chansons-de-Spotify-dans-votre.jpg\",\"contentUrl\":\"https:\/\/vieassociative.be\/actualites\/wp-content\/uploads\/2025\/08\/1756084780_Vous-pouvez-maintenant-partager-des-chansons-de-Spotify-dans-votre.jpg\",\"width\":1200,\"height\":675,\"caption\":\"Vous pouvez maintenant partager des chansons de Spotify dans votre histoire Instagram\"},{\"@type\":\"BreadcrumbList\",\"@id\":\"https:\/\/vieassociative.be\/actualites\/vous-pouvez-maintenant-partager-des-chansons-de-spotify-dans-votre-histoire-instagram\/#breadcrumb\",\"itemListElement\":[{\"@type\":\"ListItem\",\"position\":1,\"name\":\"Accueil\",\"item\":\"https:\/\/vieassociative.be\/actualites\/\"},{\"@type\":\"ListItem\",\"position\":2,\"name\":\"Vous pouvez maintenant partager des chansons de Spotify dans votre histoire Instagram\"}]},{\"@type\":\"WebSite\",\"@id\":\"https:\/\/vieassociative.be\/actualites\/#website\",\"url\":\"https:\/\/vieassociative.be\/actualites\/\",\"name\":\"Vie Associative\",\"description\":\"\",\"publisher\":{\"@id\":\"https:\/\/vieassociative.be\/actualites\/#organization\"},\"potentialAction\":[{\"@type\":\"SearchAction\",\"target\":{\"@type\":\"EntryPoint\",\"urlTemplate\":\"https:\/\/vieassociative.be\/actualites\/?s={search_term_string}\"},\"query-input\":{\"@type\":\"PropertyValueSpecification\",\"valueRequired\":true,\"valueName\":\"search_term_string\"}}],\"inLanguage\":\"fr-BE\"},{\"@type\":\"Organization\",\"@id\":\"https:\/\/vieassociative.be\/actualites\/#organization\",\"name\":\"Vie Associative\",\"url\":\"https:\/\/vieassociative.be\/actualites\/\",\"logo\":{\"@type\":\"ImageObject\",\"inLanguage\":\"fr-BE\",\"@id\":\"https:\/\/vieassociative.be\/actualites\/#\/schema\/logo\/image\/\",\"url\":\"https:\/\/vieassociative.be\/actualites\/wp-content\/uploads\/2024\/09\/cropped-vieassociative_favicon.ico.png\",\"contentUrl\":\"https:\/\/vieassociative.be\/actualites\/wp-content\/uploads\/2024\/09\/cropped-vieassociative_favicon.ico.png\",\"width\":512,\"height\":512,\"caption\":\"Vie Associative\"},\"image\":{\"@id\":\"https:\/\/vieassociative.be\/actualites\/#\/schema\/logo\/image\/\"}},{\"@type\":\"Person\",\"@id\":\"https:\/\/vieassociative.be\/actualites\/#\/schema\/person\/b87ac4f82f9d4e7b7cec7395b679edc4\",\"name\":\"Julien\",\"image\":{\"@type\":\"ImageObject\",\"inLanguage\":\"fr-BE\",\"@id\":\"https:\/\/vieassociative.be\/actualites\/#\/schema\/person\/image\/\",\"url\":\"https:\/\/vieassociative.be\/actualites\/wp-content\/uploads\/2024\/09\/vie-associative-1-150x150.jpg\",\"contentUrl\":\"https:\/\/vieassociative.be\/actualites\/wp-content\/uploads\/2024\/09\/vie-associative-1-150x150.jpg\",\"caption\":\"Julien\"},\"description\":\"Je suis Julien, r\u00e9dacteur pour Vie Associative. Passionn\u00e9 par le monde associatif depuis plus de 10 ans, j'ai \u00e0 c\u0153ur de partager des histoires inspirantes et de mettre en lumi\u00e8re les initiatives locales. Mon objectif est de sensibiliser et d'encourager l'engagement communautaire \u00e0 travers mes articles.\",\"sameAs\":[\"https:\/\/vieassociative.be\/\"]}]}<\/script>\n<!-- \/ Yoast SEO plugin. -->","yoast_head_json":{"title":"Vous pouvez maintenant partager des chansons de Spotify dans votre histoire Instagram | Vie Associative","robots":{"index":"index","follow":"follow","max-snippet":"max-snippet:-1","max-image-preview":"max-image-preview:large","max-video-preview":"max-video-preview:-1"},"canonical":"https:\/\/vieassociative.be\/actualites\/vous-pouvez-maintenant-partager-des-chansons-de-spotify-dans-votre-histoire-instagram\/","og_locale":"fr_FR","og_type":"article","og_title":"Vous pouvez maintenant partager des chansons de Spotify dans votre histoire Instagram | Vie Associative","og_description":"Vous pouvez \u00e9galement partager ce que vous \u00e9coutez en temps r\u00e9el. Lorsque vous appr\u00e9ciez vraiment une chanson que vous \u00e9coutez, vous voudrez peut-\u00eatre la partager","og_url":"https:\/\/vieassociative.be\/actualites\/vous-pouvez-maintenant-partager-des-chansons-de-spotify-dans-votre-histoire-instagram\/","og_site_name":"Vie Associative","article_published_time":"2025-08-25T01:19:39+00:00","og_image":[{"url":"https:\/\/vieassociative.be\/actualites\/wp-content\/uploads\/2025\/08\/1754414314_422_Les-brins-du-NYT-daujourdhui-indiquent-et-repondent-pour-le.jpg","type":"","width":"","height":""}],"author":"Julien","twitter_card":"summary_large_image","twitter_misc":{"\u00c9crit par":"Julien","Dur\u00e9e de lecture est.":"3 minutes"},"schema":{"@context":"https:\/\/schema.org","@graph":[{"@type":"Article","@id":"https:\/\/vieassociative.be\/actualites\/vous-pouvez-maintenant-partager-des-chansons-de-spotify-dans-votre-histoire-instagram\/#article","isPartOf":{"@id":"https:\/\/vieassociative.be\/actualites\/vous-pouvez-maintenant-partager-des-chansons-de-spotify-dans-votre-histoire-instagram\/"},"author":{"name":"Julien","@id":"https:\/\/vieassociative.be\/actualites\/#\/schema\/person\/b87ac4f82f9d4e7b7cec7395b679edc4"},"headline":"Vous pouvez maintenant partager des chansons de Spotify dans votre histoire Instagram","datePublished":"2025-08-25T01:19:39+00:00","dateModified":"2025-08-25T01:19:39+00:00","mainEntityOfPage":{"@id":"https:\/\/vieassociative.be\/actualites\/vous-pouvez-maintenant-partager-des-chansons-de-spotify-dans-votre-histoire-instagram\/"},"wordCount":544,"publisher":{"@id":"https:\/\/vieassociative.be\/actualites\/#organization"},"image":{"@id":"https:\/\/vieassociative.be\/actualites\/vous-pouvez-maintenant-partager-des-chansons-de-spotify-dans-votre-histoire-instagram\/#primaryimage"},"thumbnailUrl":"https:\/\/vieassociative.be\/actualites\/wp-content\/uploads\/2025\/08\/1756084780_Vous-pouvez-maintenant-partager-des-chansons-de-Spotify-dans-votre.jpg","keywords":["chansons","dans","Des","histoire","Instagram","maintenant","partager","pouvez","Spotify","votre","Vous"],"articleSection":["Technologie"],"inLanguage":"fr-BE"},{"@type":"WebPage","@id":"https:\/\/vieassociative.be\/actualites\/vous-pouvez-maintenant-partager-des-chansons-de-spotify-dans-votre-histoire-instagram\/","url":"https:\/\/vieassociative.be\/actualites\/vous-pouvez-maintenant-partager-des-chansons-de-spotify-dans-votre-histoire-instagram\/","name":"Vous pouvez maintenant partager des chansons de Spotify dans votre histoire Instagram | Vie Associative","isPartOf":{"@id":"https:\/\/vieassociative.be\/actualites\/#website"},"primaryImageOfPage":{"@id":"https:\/\/vieassociative.be\/actualites\/vous-pouvez-maintenant-partager-des-chansons-de-spotify-dans-votre-histoire-instagram\/#primaryimage"},"image":{"@id":"https:\/\/vieassociative.be\/actualites\/vous-pouvez-maintenant-partager-des-chansons-de-spotify-dans-votre-histoire-instagram\/#primaryimage"},"thumbnailUrl":"https:\/\/vieassociative.be\/actualites\/wp-content\/uploads\/2025\/08\/1756084780_Vous-pouvez-maintenant-partager-des-chansons-de-Spotify-dans-votre.jpg","datePublished":"2025-08-25T01:19:39+00:00","dateModified":"2025-08-25T01:19:39+00:00","breadcrumb":{"@id":"https:\/\/vieassociative.be\/actualites\/vous-pouvez-maintenant-partager-des-chansons-de-spotify-dans-votre-histoire-instagram\/#breadcrumb"},"inLanguage":"fr-BE","potentialAction":[{"@type":"ReadAction","target":["https:\/\/vieassociative.be\/actualites\/vous-pouvez-maintenant-partager-des-chansons-de-spotify-dans-votre-histoire-instagram\/"]}]},{"@type":"ImageObject","inLanguage":"fr-BE","@id":"https:\/\/vieassociative.be\/actualites\/vous-pouvez-maintenant-partager-des-chansons-de-spotify-dans-votre-histoire-instagram\/#primaryimage","url":"https:\/\/vieassociative.be\/actualites\/wp-content\/uploads\/2025\/08\/1756084780_Vous-pouvez-maintenant-partager-des-chansons-de-Spotify-dans-votre.jpg","contentUrl":"https:\/\/vieassociative.be\/actualites\/wp-content\/uploads\/2025\/08\/1756084780_Vous-pouvez-maintenant-partager-des-chansons-de-Spotify-dans-votre.jpg","width":1200,"height":675,"caption":"Vous pouvez maintenant partager des chansons de Spotify dans votre histoire Instagram"},{"@type":"BreadcrumbList","@id":"https:\/\/vieassociative.be\/actualites\/vous-pouvez-maintenant-partager-des-chansons-de-spotify-dans-votre-histoire-instagram\/#breadcrumb","itemListElement":[{"@type":"ListItem","position":1,"name":"Accueil","item":"https:\/\/vieassociative.be\/actualites\/"},{"@type":"ListItem","position":2,"name":"Vous pouvez maintenant partager des chansons de Spotify dans votre histoire Instagram"}]},{"@type":"WebSite","@id":"https:\/\/vieassociative.be\/actualites\/#website","url":"https:\/\/vieassociative.be\/actualites\/","name":"Vie Associative","description":"","publisher":{"@id":"https:\/\/vieassociative.be\/actualites\/#organization"},"potentialAction":[{"@type":"SearchAction","target":{"@type":"EntryPoint","urlTemplate":"https:\/\/vieassociative.be\/actualites\/?s={search_term_string}"},"query-input":{"@type":"PropertyValueSpecification","valueRequired":true,"valueName":"search_term_string"}}],"inLanguage":"fr-BE"},{"@type":"Organization","@id":"https:\/\/vieassociative.be\/actualites\/#organization","name":"Vie Associative","url":"https:\/\/vieassociative.be\/actualites\/","logo":{"@type":"ImageObject","inLanguage":"fr-BE","@id":"https:\/\/vieassociative.be\/actualites\/#\/schema\/logo\/image\/","url":"https:\/\/vieassociative.be\/actualites\/wp-content\/uploads\/2024\/09\/cropped-vieassociative_favicon.ico.png","contentUrl":"https:\/\/vieassociative.be\/actualites\/wp-content\/uploads\/2024\/09\/cropped-vieassociative_favicon.ico.png","width":512,"height":512,"caption":"Vie Associative"},"image":{"@id":"https:\/\/vieassociative.be\/actualites\/#\/schema\/logo\/image\/"}},{"@type":"Person","@id":"https:\/\/vieassociative.be\/actualites\/#\/schema\/person\/b87ac4f82f9d4e7b7cec7395b679edc4","name":"Julien","image":{"@type":"ImageObject","inLanguage":"fr-BE","@id":"https:\/\/vieassociative.be\/actualites\/#\/schema\/person\/image\/","url":"https:\/\/vieassociative.be\/actualites\/wp-content\/uploads\/2024\/09\/vie-associative-1-150x150.jpg","contentUrl":"https:\/\/vieassociative.be\/actualites\/wp-content\/uploads\/2024\/09\/vie-associative-1-150x150.jpg","caption":"Julien"},"description":"Je suis Julien, r\u00e9dacteur pour Vie Associative. Passionn\u00e9 par le monde associatif depuis plus de 10 ans, j'ai \u00e0 c\u0153ur de partager des histoires inspirantes et de mettre en lumi\u00e8re les initiatives locales. Mon objectif est de sensibiliser et d'encourager l'engagement communautaire \u00e0 travers mes articles.","sameAs":["https:\/\/vieassociative.be\/"]}]}},"_links":{"self":[{"href":"https:\/\/vieassociative.be\/actualites\/wp-json\/wp\/v2\/posts\/9613"}],"collection":[{"href":"https:\/\/vieassociative.be\/actualites\/wp-json\/wp\/v2\/posts"}],"about":[{"href":"https:\/\/vieassociative.be\/actualites\/wp-json\/wp\/v2\/types\/post"}],"author":[{"embeddable":true,"href":"https:\/\/vieassociative.be\/actualites\/wp-json\/wp\/v2\/users\/1"}],"replies":[{"embeddable":true,"href":"https:\/\/vieassociative.be\/actualites\/wp-json\/wp\/v2\/comments?post=9613"}],"version-history":[{"count":0,"href":"https:\/\/vieassociative.be\/actualites\/wp-json\/wp\/v2\/posts\/9613\/revisions"}],"wp:featuredmedia":[{"embeddable":true,"href":"https:\/\/vieassociative.be\/actualites\/wp-json\/wp\/v2\/media\/9614"}],"wp:attachment":[{"href":"https:\/\/vieassociative.be\/actualites\/wp-json\/wp\/v2\/media?parent=9613"}],"wp:term":[{"taxonomy":"category","embeddable":true,"href":"https:\/\/vieassociative.be\/actualites\/wp-json\/wp\/v2\/categories?post=9613"},{"taxonomy":"post_tag","embeddable":true,"href":"https:\/\/vieassociative.be\/actualites\/wp-json\/wp\/v2\/tags?post=9613"}],"curies":[{"name":"wp","href":"https:\/\/api.w.org\/{rel}","templated":true}]}}