{"id":9611,"date":"2025-08-24T22:17:18","date_gmt":"2025-08-24T20:17:18","guid":{"rendered":"https:\/\/vieassociative.be\/actualites\/questions-a-klinkenberg-pour-reformer-le-financement-du-systeme-de-sante-et-une-penurie-de-medecins\/"},"modified":"2025-08-24T22:17:18","modified_gmt":"2025-08-24T20:17:18","slug":"questions-a-klinkenberg-pour-reformer-le-financement-du-systeme-de-sante-et-une-penurie-de-medecins","status":"publish","type":"post","link":"https:\/\/vieassociative.be\/actualites\/questions-a-klinkenberg-pour-reformer-le-financement-du-systeme-de-sante-et-une-penurie-de-medecins\/","title":{"rendered":"Questions \u00e0 Klinkenberg pour r\u00e9former le financement du syst\u00e8me de sant\u00e9 et une p\u00e9nurie de m\u00e9decins"},"content":{"rendered":"<p><strong>Dans une question \u00e9crite \u00e0 la ministre de la Sant\u00e9 Lydia Klinkenberg (ProDG), le d\u00e9put\u00e9 lib\u00e9ral du PDG Evelyn Jadin (PFF) traite de la r\u00e9forme du financement du syst\u00e8me de sant\u00e9 en Belgique. Cela affecte \u00e9galement indirectement les soins de sant\u00e9 dans les zones rurales et la p\u00e9nurie de m\u00e9decins.<\/strong><\/p>\n<p><span id=\"more-423071\"><\/span>Dans ce contexte, Jadin rappelle la gr\u00e8ve m\u00e9dicale du 7 juillet 2025, qui, \u00e0 son avis, ira dans l&rsquo;histoire belge en tant que jour historique. <\/p>\n<p>\u00ab\u00a0Pour la premi\u00e8re fois en 25 ans, les m\u00e9decins ont \u00e9t\u00e9 forc\u00e9s de r\u00e9aliser leur travail afin de donner l&rsquo;exemple \u00e0 toute leur profession\u00a0\u00bb, a d\u00e9clar\u00e9 Jadin. Il convient de souligner que non seulement les m\u00e9decins g\u00e9n\u00e9ralistes, mais les m\u00e9decins de toutes disciplines &#8211; en particulier dans les h\u00f4pitaux &#8211; avaient rejoint la gr\u00e8ve.<\/p>\n<p>La gr\u00e8ve nationale a \u00e9t\u00e9 sp\u00e9cifiquement dirig\u00e9e contre la r\u00e9forme de la sant\u00e9 pr\u00e9vue du ministre socialiste de la Sant\u00e9 Frank Vandenbroucke (Vooruit).<\/p>\n<div id=\"attachment_57814\" class=\"wp-caption alignleft\" style=\"max-width: 300px\"><img fetchpriority=\"high\" decoding=\"async\" class=\"wp-image-57814 size-medium\" src=\"https:\/\/vieassociative.be\/actualites\/wp-content\/uploads\/2025\/08\/Questions-a-Klinkenberg-pour-reformer-le-financement-du-systeme-de.jpg\" alt=\"\" width=\"300\" height=\"203\"  ><\/div>\n<p>Bien s\u00fbr, il s&rsquo;agit \u00e0 nouveau de l&rsquo;argent de l&rsquo;amour. \u00ab\u00a0Avec des d\u00e9penses de sant\u00e9 de 10,8% du produit int\u00e9rieur brut, il est clair que l&rsquo;\u00c9tat et les patients portent d\u00e9j\u00e0 un fardeau financier important\u00a0\u00bb, a d\u00e9clar\u00e9 Jadin. Compte tenu du changement d\u00e9mographique et m\u00e9dical, une redistribution \u00e9quitable de ces charges est essentielle. Cela signifie \u00e9galement que les \u00c9tats membres en mati\u00e8re de soins de sant\u00e9 sont plus responsables \u00e0 l&rsquo;avenir<br \/>\ndevra avoir \u00e0 le faire.<\/p>\n<p>Dans ce contexte, Jadin, qui est \u00e9galement juge la\u00efque de la sant\u00e9 et des affaires sociales dans la municipalit\u00e9 de Lontzen, a r\u00e9pondu aux questions suivantes au ministre:<\/p>\n<p>&#8211; Que pensez-vous de la r\u00e9forme pr\u00e9vue du financement du syst\u00e8me de sant\u00e9?<\/p>\n<p>&#8211; avec lequel les acteurs du syst\u00e8me de sant\u00e9 (Belge oriental) sont en \u00e9change,<br \/>\nPour conseiller la r\u00e9forme et ses effets?<\/p>\n<p>&#8211; Quelles mesures sp\u00e9cifiques prenez-vous \u00e0 la p\u00e9nurie de m\u00e9decins de la Belgique orientale<br \/>\nPour contrer?<\/p>\n<p>Dans sa r\u00e9ponse, le ministre Klinkenberg a clairement indiqu\u00e9 que le financement du syst\u00e8me de sant\u00e9 et des services m\u00e9dicaux rel\u00e8ve de la responsabilit\u00e9 de l&rsquo;\u00c9tat f\u00e9d\u00e9ral. La DG n&rsquo;avait ni mot \u00e0 dire ni ne serait incluse dans les consid\u00e9rations de l&rsquo;\u00c9tat f\u00e9d\u00e9ral. N\u00e9anmoins, Klinkenberg a assur\u00e9 que le gouvernement de la DG est possible dans la mesure du possible, dans le sens d&rsquo;un soins de sant\u00e9 pr\u00e8s de chez lui en allemand pour les pr\u00e9occupations des pr\u00e9occupations de<br \/>\nUtilisez des patients belges orientaux.<\/p>\n<div id=\"attachment_57219\" class=\"wp-caption alignleft\" style=\"max-width: 300px\"><img decoding=\"async\" class=\"wp-image-57219 size-medium\" src=\"https:\/\/vieassociative.be\/actualites\/wp-content\/uploads\/2025\/07\/Le-ministre-de-la-Sante-veut-rendre-le-systeme-de.jpg\" alt=\"\" width=\"300\" height=\"200\"  ><\/div>\n<p>Klinkenberg: \u00ab\u00a0La DG a une responsabilit\u00e9 partielle pour les soins g\u00e9n\u00e9raux.<\/p>\n<p>La DG subventionne actuellement deux m\u00e9decins, \u00e0 savoir l&rsquo;Association des m\u00e9decins g\u00e9n\u00e9ralistes du nord de la communaut\u00e9 allemande (VANDG) et l&rsquo;Association des m\u00e9decins g\u00e9n\u00e9ralistes (VEA). Selon le ministre, les m\u00e9decins g\u00e9n\u00e9ralistes de Kelmis et Lontzen sont li\u00e9s au m\u00e9decin de famille pr\u00e9liminaire. Ce n&rsquo;est pas soutenu par la DG.<\/p>\n<p>Le m\u00e9decin g\u00e9n\u00e9raliste re\u00e7oit une subvention et est le contact pour le politique<br \/>\nResponsable en ce qui concerne la mise en \u0153uvre de la politique de sant\u00e9 locale. Le m\u00e9decin g\u00e9n\u00e9raliste peut le faire:<\/p>\n<p>1 et 1<br \/>\nle m\u00e9decin g\u00e9n\u00e9raliste;<\/p>\n<p>2. Les mesures prennent pour optimiser la coop\u00e9ration multidisciplinaire<br \/>\npremi\u00e8re ligne;<\/p>\n<p>3. Travaille sur l&rsquo;acquisition de contrats de coop\u00e9ration avec les h\u00f4pitaux ou les h\u00f4pitaux,<br \/>\nqui visent \u00e0 assurer la continuit\u00e9 des soins aux patients;<\/p>\n<p>4. Am\u00e9liorer l&rsquo;acc\u00e8s \u00e0 la m\u00e9decine g\u00e9n\u00e9rale;<\/p>\n<p>5. Promotion des soins de sant\u00e9 primaires;<\/p>\n<p>6. Proc\u00e9dure uniforme: \u00e9pid\u00e9miologie, plaintes, probl\u00e8mes de s\u00e9curit\u00e9; information<br \/>\nFournir dans la population.<\/p>\n<div id=\"attachment_56417\" class=\"wp-caption alignleft\" style=\"max-width: 300px\"><img decoding=\"async\" class=\"wp-image-56417 size-medium\" src=\"https:\/\/vieassociative.be\/actualites\/wp-content\/uploads\/2025\/08\/1756066638_656_Questions-a-Klinkenberg-pour-reformer-le-financement-du-systeme-de.jpg\" alt=\"\" width=\"300\" height=\"206\"  ><\/div>\n<p>Klinkenberg a conclu: \u00abUne tentative est actuellement faite pour am\u00e9liorer la coop\u00e9ration avec les m\u00e9decins g\u00e9n\u00e9ralistes en commen\u00e7ant des r\u00e9unions r\u00e9guli\u00e8res pour l&rsquo;\u00e9change.<br \/>\n.<br \/>\nUn m\u00e9decin de famille peut demander une prime de 20 000 euros et \/ ou un pr\u00eat de 15 000 euros au neuf r\u00e8glement d&rsquo;un m\u00e9decin de famille approuv\u00e9 dans la DG, qui garantit au moins 5 ans dans la DG. En outre, les m\u00e9decins g\u00e9n\u00e9ralistes seraient soutenus chaque ann\u00e9e dans le financement des forces d&rsquo;assistance, selon Klinkenberg dans leur r\u00e9ponse aux questions du d\u00e9put\u00e9 Jadin. (Cre)<\/p>\n","protected":false},"excerpt":{"rendered":"<p>Dans une question \u00e9crite \u00e0 la ministre de la Sant\u00e9 Lydia Klinkenberg (ProDG), le d\u00e9put\u00e9 lib\u00e9ral du PDG Evelyn Jadin (PFF) traite de la r\u00e9forme<\/p>\n","protected":false},"author":1,"featured_media":9612,"comment_status":"","ping_status":"","sticky":false,"template":"","format":"standard","meta":{"footnotes":""},"categories":[298],"tags":[4420,8297,8300,8299,81,481,8298,916,161,110],"class_list":["post-9611","post","type-post","status-publish","format-standard","has-post-thumbnail","hentry","category-belgique","tag-financement","tag-klinkenberg","tag-medecins","tag-penurie","tag-pour","tag-questions","tag-reformer","tag-sante","tag-systeme","tag-une","generate-columns","tablet-grid-50","mobile-grid-100","grid-parent","grid-33"],"yoast_head":"<!-- This site is optimized with the Yoast SEO plugin v24.0 - https:\/\/yoast.com\/wordpress\/plugins\/seo\/ -->\n<title>Questions \u00e0 Klinkenberg pour r\u00e9former le financement du syst\u00e8me de sant\u00e9 et une p\u00e9nurie de m\u00e9decins | Vie Associative<\/title>\n<meta name=\"robots\" content=\"index, follow, max-snippet:-1, max-image-preview:large, max-video-preview:-1\" \/>\n<link rel=\"canonical\" href=\"https:\/\/vieassociative.be\/actualites\/questions-a-klinkenberg-pour-reformer-le-financement-du-systeme-de-sante-et-une-penurie-de-medecins\/\" \/>\n<meta property=\"og:locale\" content=\"fr_FR\" \/>\n<meta property=\"og:type\" content=\"article\" \/>\n<meta property=\"og:title\" content=\"Questions \u00e0 Klinkenberg pour r\u00e9former le financement du syst\u00e8me de sant\u00e9 et une p\u00e9nurie de m\u00e9decins | Vie Associative\" \/>\n<meta property=\"og:description\" content=\"Dans une question \u00e9crite \u00e0 la ministre de la Sant\u00e9 Lydia Klinkenberg (ProDG), le d\u00e9put\u00e9 lib\u00e9ral du PDG Evelyn Jadin (PFF) traite de la r\u00e9forme\" \/>\n<meta property=\"og:url\" content=\"https:\/\/vieassociative.be\/actualites\/questions-a-klinkenberg-pour-reformer-le-financement-du-systeme-de-sante-et-une-penurie-de-medecins\/\" \/>\n<meta property=\"og:site_name\" content=\"Vie Associative\" \/>\n<meta property=\"article:published_time\" content=\"2025-08-24T20:17:18+00:00\" \/>\n<meta property=\"og:image\" content=\"https:\/\/vieassociative.be\/actualites\/wp-content\/uploads\/2024\/09\/header_backgroundk-01-e1726694325946.png\" \/>\n\t<meta property=\"og:image:width\" content=\"279\" \/>\n\t<meta property=\"og:image:height\" content=\"92\" \/>\n\t<meta property=\"og:image:type\" content=\"image\/png\" \/>\n<meta name=\"author\" content=\"Julien\" \/>\n<meta name=\"twitter:card\" content=\"summary_large_image\" \/>\n<meta name=\"twitter:label1\" content=\"\u00c9crit par\" \/>\n\t<meta name=\"twitter:data1\" content=\"Julien\" \/>\n\t<meta name=\"twitter:label2\" content=\"Dur\u00e9e de lecture est.\" \/>\n\t<meta name=\"twitter:data2\" content=\"4 minutes\" \/>\n<script type=\"application\/ld+json\" class=\"yoast-schema-graph\">{\"@context\":\"https:\/\/schema.org\",\"@graph\":[{\"@type\":\"Article\",\"@id\":\"https:\/\/vieassociative.be\/actualites\/questions-a-klinkenberg-pour-reformer-le-financement-du-systeme-de-sante-et-une-penurie-de-medecins\/#article\",\"isPartOf\":{\"@id\":\"https:\/\/vieassociative.be\/actualites\/questions-a-klinkenberg-pour-reformer-le-financement-du-systeme-de-sante-et-une-penurie-de-medecins\/\"},\"author\":{\"name\":\"Julien\",\"@id\":\"https:\/\/vieassociative.be\/actualites\/#\/schema\/person\/b87ac4f82f9d4e7b7cec7395b679edc4\"},\"headline\":\"Questions \u00e0 Klinkenberg pour r\u00e9former le financement du syst\u00e8me de sant\u00e9 et une p\u00e9nurie de m\u00e9decins\",\"datePublished\":\"2025-08-24T20:17:18+00:00\",\"dateModified\":\"2025-08-24T20:17:18+00:00\",\"mainEntityOfPage\":{\"@id\":\"https:\/\/vieassociative.be\/actualites\/questions-a-klinkenberg-pour-reformer-le-financement-du-systeme-de-sante-et-une-penurie-de-medecins\/\"},\"wordCount\":766,\"publisher\":{\"@id\":\"https:\/\/vieassociative.be\/actualites\/#organization\"},\"image\":{\"@id\":\"https:\/\/vieassociative.be\/actualites\/questions-a-klinkenberg-pour-reformer-le-financement-du-systeme-de-sante-et-une-penurie-de-medecins\/#primaryimage\"},\"thumbnailUrl\":\"https:\/\/vieassociative.be\/actualites\/wp-content\/uploads\/2025\/08\/1756066638_Questions-a-Klinkenberg-pour-reformer-le-financement-du-systeme-de.jpg\",\"keywords\":[\"financement\",\"Klinkenberg\",\"m\u00e9decins\",\"p\u00e9nurie\",\"pour\",\"questions\",\"r\u00e9former\",\"sant\u00e9\",\"syst\u00e8me\",\"une\"],\"articleSection\":[\"Belgique\"],\"inLanguage\":\"fr-BE\"},{\"@type\":\"WebPage\",\"@id\":\"https:\/\/vieassociative.be\/actualites\/questions-a-klinkenberg-pour-reformer-le-financement-du-systeme-de-sante-et-une-penurie-de-medecins\/\",\"url\":\"https:\/\/vieassociative.be\/actualites\/questions-a-klinkenberg-pour-reformer-le-financement-du-systeme-de-sante-et-une-penurie-de-medecins\/\",\"name\":\"Questions \u00e0 Klinkenberg pour r\u00e9former le financement du syst\u00e8me de sant\u00e9 et une p\u00e9nurie de m\u00e9decins | Vie Associative\",\"isPartOf\":{\"@id\":\"https:\/\/vieassociative.be\/actualites\/#website\"},\"primaryImageOfPage\":{\"@id\":\"https:\/\/vieassociative.be\/actualites\/questions-a-klinkenberg-pour-reformer-le-financement-du-systeme-de-sante-et-une-penurie-de-medecins\/#primaryimage\"},\"image\":{\"@id\":\"https:\/\/vieassociative.be\/actualites\/questions-a-klinkenberg-pour-reformer-le-financement-du-systeme-de-sante-et-une-penurie-de-medecins\/#primaryimage\"},\"thumbnailUrl\":\"https:\/\/vieassociative.be\/actualites\/wp-content\/uploads\/2025\/08\/1756066638_Questions-a-Klinkenberg-pour-reformer-le-financement-du-systeme-de.jpg\",\"datePublished\":\"2025-08-24T20:17:18+00:00\",\"dateModified\":\"2025-08-24T20:17:18+00:00\",\"breadcrumb\":{\"@id\":\"https:\/\/vieassociative.be\/actualites\/questions-a-klinkenberg-pour-reformer-le-financement-du-systeme-de-sante-et-une-penurie-de-medecins\/#breadcrumb\"},\"inLanguage\":\"fr-BE\",\"potentialAction\":[{\"@type\":\"ReadAction\",\"target\":[\"https:\/\/vieassociative.be\/actualites\/questions-a-klinkenberg-pour-reformer-le-financement-du-systeme-de-sante-et-une-penurie-de-medecins\/\"]}]},{\"@type\":\"ImageObject\",\"inLanguage\":\"fr-BE\",\"@id\":\"https:\/\/vieassociative.be\/actualites\/questions-a-klinkenberg-pour-reformer-le-financement-du-systeme-de-sante-et-une-penurie-de-medecins\/#primaryimage\",\"url\":\"https:\/\/vieassociative.be\/actualites\/wp-content\/uploads\/2025\/08\/1756066638_Questions-a-Klinkenberg-pour-reformer-le-financement-du-systeme-de.jpg\",\"contentUrl\":\"https:\/\/vieassociative.be\/actualites\/wp-content\/uploads\/2025\/08\/1756066638_Questions-a-Klinkenberg-pour-reformer-le-financement-du-systeme-de.jpg\",\"width\":1061,\"height\":707,\"caption\":\"Questions \u00e0 Klinkenberg pour r\u00e9former le financement du syst\u00e8me de sant\u00e9 et une p\u00e9nurie de m\u00e9decins\"},{\"@type\":\"BreadcrumbList\",\"@id\":\"https:\/\/vieassociative.be\/actualites\/questions-a-klinkenberg-pour-reformer-le-financement-du-systeme-de-sante-et-une-penurie-de-medecins\/#breadcrumb\",\"itemListElement\":[{\"@type\":\"ListItem\",\"position\":1,\"name\":\"Accueil\",\"item\":\"https:\/\/vieassociative.be\/actualites\/\"},{\"@type\":\"ListItem\",\"position\":2,\"name\":\"Questions \u00e0 Klinkenberg pour r\u00e9former le financement du syst\u00e8me de sant\u00e9 et une p\u00e9nurie de m\u00e9decins\"}]},{\"@type\":\"WebSite\",\"@id\":\"https:\/\/vieassociative.be\/actualites\/#website\",\"url\":\"https:\/\/vieassociative.be\/actualites\/\",\"name\":\"Vie Associative\",\"description\":\"\",\"publisher\":{\"@id\":\"https:\/\/vieassociative.be\/actualites\/#organization\"},\"potentialAction\":[{\"@type\":\"SearchAction\",\"target\":{\"@type\":\"EntryPoint\",\"urlTemplate\":\"https:\/\/vieassociative.be\/actualites\/?s={search_term_string}\"},\"query-input\":{\"@type\":\"PropertyValueSpecification\",\"valueRequired\":true,\"valueName\":\"search_term_string\"}}],\"inLanguage\":\"fr-BE\"},{\"@type\":\"Organization\",\"@id\":\"https:\/\/vieassociative.be\/actualites\/#organization\",\"name\":\"Vie Associative\",\"url\":\"https:\/\/vieassociative.be\/actualites\/\",\"logo\":{\"@type\":\"ImageObject\",\"inLanguage\":\"fr-BE\",\"@id\":\"https:\/\/vieassociative.be\/actualites\/#\/schema\/logo\/image\/\",\"url\":\"https:\/\/vieassociative.be\/actualites\/wp-content\/uploads\/2024\/09\/cropped-vieassociative_favicon.ico.png\",\"contentUrl\":\"https:\/\/vieassociative.be\/actualites\/wp-content\/uploads\/2024\/09\/cropped-vieassociative_favicon.ico.png\",\"width\":512,\"height\":512,\"caption\":\"Vie Associative\"},\"image\":{\"@id\":\"https:\/\/vieassociative.be\/actualites\/#\/schema\/logo\/image\/\"}},{\"@type\":\"Person\",\"@id\":\"https:\/\/vieassociative.be\/actualites\/#\/schema\/person\/b87ac4f82f9d4e7b7cec7395b679edc4\",\"name\":\"Julien\",\"image\":{\"@type\":\"ImageObject\",\"inLanguage\":\"fr-BE\",\"@id\":\"https:\/\/vieassociative.be\/actualites\/#\/schema\/person\/image\/\",\"url\":\"https:\/\/vieassociative.be\/actualites\/wp-content\/uploads\/2024\/09\/vie-associative-1-150x150.jpg\",\"contentUrl\":\"https:\/\/vieassociative.be\/actualites\/wp-content\/uploads\/2024\/09\/vie-associative-1-150x150.jpg\",\"caption\":\"Julien\"},\"description\":\"Je suis Julien, r\u00e9dacteur pour Vie Associative. Passionn\u00e9 par le monde associatif depuis plus de 10 ans, j'ai \u00e0 c\u0153ur de partager des histoires inspirantes et de mettre en lumi\u00e8re les initiatives locales. Mon objectif est de sensibiliser et d'encourager l'engagement communautaire \u00e0 travers mes articles.\",\"sameAs\":[\"https:\/\/vieassociative.be\/\"]}]}<\/script>\n<!-- \/ Yoast SEO plugin. -->","yoast_head_json":{"title":"Questions \u00e0 Klinkenberg pour r\u00e9former le financement du syst\u00e8me de sant\u00e9 et une p\u00e9nurie de m\u00e9decins | Vie Associative","robots":{"index":"index","follow":"follow","max-snippet":"max-snippet:-1","max-image-preview":"max-image-preview:large","max-video-preview":"max-video-preview:-1"},"canonical":"https:\/\/vieassociative.be\/actualites\/questions-a-klinkenberg-pour-reformer-le-financement-du-systeme-de-sante-et-une-penurie-de-medecins\/","og_locale":"fr_FR","og_type":"article","og_title":"Questions \u00e0 Klinkenberg pour r\u00e9former le financement du syst\u00e8me de sant\u00e9 et une p\u00e9nurie de m\u00e9decins | Vie Associative","og_description":"Dans une question \u00e9crite \u00e0 la ministre de la Sant\u00e9 Lydia Klinkenberg (ProDG), le d\u00e9put\u00e9 lib\u00e9ral du PDG Evelyn Jadin (PFF) traite de la r\u00e9forme","og_url":"https:\/\/vieassociative.be\/actualites\/questions-a-klinkenberg-pour-reformer-le-financement-du-systeme-de-sante-et-une-penurie-de-medecins\/","og_site_name":"Vie Associative","article_published_time":"2025-08-24T20:17:18+00:00","og_image":[{"width":279,"height":92,"url":"https:\/\/vieassociative.be\/actualites\/wp-content\/uploads\/2024\/09\/header_backgroundk-01-e1726694325946.png","type":"image\/png"}],"author":"Julien","twitter_card":"summary_large_image","twitter_misc":{"\u00c9crit par":"Julien","Dur\u00e9e de lecture est.":"4 minutes"},"schema":{"@context":"https:\/\/schema.org","@graph":[{"@type":"Article","@id":"https:\/\/vieassociative.be\/actualites\/questions-a-klinkenberg-pour-reformer-le-financement-du-systeme-de-sante-et-une-penurie-de-medecins\/#article","isPartOf":{"@id":"https:\/\/vieassociative.be\/actualites\/questions-a-klinkenberg-pour-reformer-le-financement-du-systeme-de-sante-et-une-penurie-de-medecins\/"},"author":{"name":"Julien","@id":"https:\/\/vieassociative.be\/actualites\/#\/schema\/person\/b87ac4f82f9d4e7b7cec7395b679edc4"},"headline":"Questions \u00e0 Klinkenberg pour r\u00e9former le financement du syst\u00e8me de sant\u00e9 et une p\u00e9nurie de m\u00e9decins","datePublished":"2025-08-24T20:17:18+00:00","dateModified":"2025-08-24T20:17:18+00:00","mainEntityOfPage":{"@id":"https:\/\/vieassociative.be\/actualites\/questions-a-klinkenberg-pour-reformer-le-financement-du-systeme-de-sante-et-une-penurie-de-medecins\/"},"wordCount":766,"publisher":{"@id":"https:\/\/vieassociative.be\/actualites\/#organization"},"image":{"@id":"https:\/\/vieassociative.be\/actualites\/questions-a-klinkenberg-pour-reformer-le-financement-du-systeme-de-sante-et-une-penurie-de-medecins\/#primaryimage"},"thumbnailUrl":"https:\/\/vieassociative.be\/actualites\/wp-content\/uploads\/2025\/08\/1756066638_Questions-a-Klinkenberg-pour-reformer-le-financement-du-systeme-de.jpg","keywords":["financement","Klinkenberg","m\u00e9decins","p\u00e9nurie","pour","questions","r\u00e9former","sant\u00e9","syst\u00e8me","une"],"articleSection":["Belgique"],"inLanguage":"fr-BE"},{"@type":"WebPage","@id":"https:\/\/vieassociative.be\/actualites\/questions-a-klinkenberg-pour-reformer-le-financement-du-systeme-de-sante-et-une-penurie-de-medecins\/","url":"https:\/\/vieassociative.be\/actualites\/questions-a-klinkenberg-pour-reformer-le-financement-du-systeme-de-sante-et-une-penurie-de-medecins\/","name":"Questions \u00e0 Klinkenberg pour r\u00e9former le financement du syst\u00e8me de sant\u00e9 et une p\u00e9nurie de m\u00e9decins | Vie Associative","isPartOf":{"@id":"https:\/\/vieassociative.be\/actualites\/#website"},"primaryImageOfPage":{"@id":"https:\/\/vieassociative.be\/actualites\/questions-a-klinkenberg-pour-reformer-le-financement-du-systeme-de-sante-et-une-penurie-de-medecins\/#primaryimage"},"image":{"@id":"https:\/\/vieassociative.be\/actualites\/questions-a-klinkenberg-pour-reformer-le-financement-du-systeme-de-sante-et-une-penurie-de-medecins\/#primaryimage"},"thumbnailUrl":"https:\/\/vieassociative.be\/actualites\/wp-content\/uploads\/2025\/08\/1756066638_Questions-a-Klinkenberg-pour-reformer-le-financement-du-systeme-de.jpg","datePublished":"2025-08-24T20:17:18+00:00","dateModified":"2025-08-24T20:17:18+00:00","breadcrumb":{"@id":"https:\/\/vieassociative.be\/actualites\/questions-a-klinkenberg-pour-reformer-le-financement-du-systeme-de-sante-et-une-penurie-de-medecins\/#breadcrumb"},"inLanguage":"fr-BE","potentialAction":[{"@type":"ReadAction","target":["https:\/\/vieassociative.be\/actualites\/questions-a-klinkenberg-pour-reformer-le-financement-du-systeme-de-sante-et-une-penurie-de-medecins\/"]}]},{"@type":"ImageObject","inLanguage":"fr-BE","@id":"https:\/\/vieassociative.be\/actualites\/questions-a-klinkenberg-pour-reformer-le-financement-du-systeme-de-sante-et-une-penurie-de-medecins\/#primaryimage","url":"https:\/\/vieassociative.be\/actualites\/wp-content\/uploads\/2025\/08\/1756066638_Questions-a-Klinkenberg-pour-reformer-le-financement-du-systeme-de.jpg","contentUrl":"https:\/\/vieassociative.be\/actualites\/wp-content\/uploads\/2025\/08\/1756066638_Questions-a-Klinkenberg-pour-reformer-le-financement-du-systeme-de.jpg","width":1061,"height":707,"caption":"Questions \u00e0 Klinkenberg pour r\u00e9former le financement du syst\u00e8me de sant\u00e9 et une p\u00e9nurie de m\u00e9decins"},{"@type":"BreadcrumbList","@id":"https:\/\/vieassociative.be\/actualites\/questions-a-klinkenberg-pour-reformer-le-financement-du-systeme-de-sante-et-une-penurie-de-medecins\/#breadcrumb","itemListElement":[{"@type":"ListItem","position":1,"name":"Accueil","item":"https:\/\/vieassociative.be\/actualites\/"},{"@type":"ListItem","position":2,"name":"Questions \u00e0 Klinkenberg pour r\u00e9former le financement du syst\u00e8me de sant\u00e9 et une p\u00e9nurie de m\u00e9decins"}]},{"@type":"WebSite","@id":"https:\/\/vieassociative.be\/actualites\/#website","url":"https:\/\/vieassociative.be\/actualites\/","name":"Vie Associative","description":"","publisher":{"@id":"https:\/\/vieassociative.be\/actualites\/#organization"},"potentialAction":[{"@type":"SearchAction","target":{"@type":"EntryPoint","urlTemplate":"https:\/\/vieassociative.be\/actualites\/?s={search_term_string}"},"query-input":{"@type":"PropertyValueSpecification","valueRequired":true,"valueName":"search_term_string"}}],"inLanguage":"fr-BE"},{"@type":"Organization","@id":"https:\/\/vieassociative.be\/actualites\/#organization","name":"Vie Associative","url":"https:\/\/vieassociative.be\/actualites\/","logo":{"@type":"ImageObject","inLanguage":"fr-BE","@id":"https:\/\/vieassociative.be\/actualites\/#\/schema\/logo\/image\/","url":"https:\/\/vieassociative.be\/actualites\/wp-content\/uploads\/2024\/09\/cropped-vieassociative_favicon.ico.png","contentUrl":"https:\/\/vieassociative.be\/actualites\/wp-content\/uploads\/2024\/09\/cropped-vieassociative_favicon.ico.png","width":512,"height":512,"caption":"Vie Associative"},"image":{"@id":"https:\/\/vieassociative.be\/actualites\/#\/schema\/logo\/image\/"}},{"@type":"Person","@id":"https:\/\/vieassociative.be\/actualites\/#\/schema\/person\/b87ac4f82f9d4e7b7cec7395b679edc4","name":"Julien","image":{"@type":"ImageObject","inLanguage":"fr-BE","@id":"https:\/\/vieassociative.be\/actualites\/#\/schema\/person\/image\/","url":"https:\/\/vieassociative.be\/actualites\/wp-content\/uploads\/2024\/09\/vie-associative-1-150x150.jpg","contentUrl":"https:\/\/vieassociative.be\/actualites\/wp-content\/uploads\/2024\/09\/vie-associative-1-150x150.jpg","caption":"Julien"},"description":"Je suis Julien, r\u00e9dacteur pour Vie Associative. Passionn\u00e9 par le monde associatif depuis plus de 10 ans, j'ai \u00e0 c\u0153ur de partager des histoires inspirantes et de mettre en lumi\u00e8re les initiatives locales. Mon objectif est de sensibiliser et d'encourager l'engagement communautaire \u00e0 travers mes articles.","sameAs":["https:\/\/vieassociative.be\/"]}]}},"_links":{"self":[{"href":"https:\/\/vieassociative.be\/actualites\/wp-json\/wp\/v2\/posts\/9611"}],"collection":[{"href":"https:\/\/vieassociative.be\/actualites\/wp-json\/wp\/v2\/posts"}],"about":[{"href":"https:\/\/vieassociative.be\/actualites\/wp-json\/wp\/v2\/types\/post"}],"author":[{"embeddable":true,"href":"https:\/\/vieassociative.be\/actualites\/wp-json\/wp\/v2\/users\/1"}],"replies":[{"embeddable":true,"href":"https:\/\/vieassociative.be\/actualites\/wp-json\/wp\/v2\/comments?post=9611"}],"version-history":[{"count":0,"href":"https:\/\/vieassociative.be\/actualites\/wp-json\/wp\/v2\/posts\/9611\/revisions"}],"wp:featuredmedia":[{"embeddable":true,"href":"https:\/\/vieassociative.be\/actualites\/wp-json\/wp\/v2\/media\/9612"}],"wp:attachment":[{"href":"https:\/\/vieassociative.be\/actualites\/wp-json\/wp\/v2\/media?parent=9611"}],"wp:term":[{"taxonomy":"category","embeddable":true,"href":"https:\/\/vieassociative.be\/actualites\/wp-json\/wp\/v2\/categories?post=9611"},{"taxonomy":"post_tag","embeddable":true,"href":"https:\/\/vieassociative.be\/actualites\/wp-json\/wp\/v2\/tags?post=9611"}],"curies":[{"name":"wp","href":"https:\/\/api.w.org\/{rel}","templated":true}]}}