{"id":9600,"date":"2025-08-24T10:17:49","date_gmt":"2025-08-24T08:17:49","guid":{"rendered":"https:\/\/vieassociative.be\/actualites\/disaste-de-la-faim-dans-la-bande-de-gaza-pour-netanyahu-une-campagne-de-faim-organisee-par-le-hamas\/"},"modified":"2025-08-24T10:17:49","modified_gmt":"2025-08-24T08:17:49","slug":"disaste-de-la-faim-dans-la-bande-de-gaza-pour-netanyahu-une-campagne-de-faim-organisee-par-le-hamas","status":"publish","type":"post","link":"https:\/\/vieassociative.be\/actualites\/disaste-de-la-faim-dans-la-bande-de-gaza-pour-netanyahu-une-campagne-de-faim-organisee-par-le-hamas\/","title":{"rendered":"Disaste de la faim dans la bande de Gaza? Pour Netanyahu \u00ab\u00a0une campagne de faim organis\u00e9e par le Hamas\u00a0\u00bb"},"content":{"rendered":"<p><strong>Isra\u00ebl subit une pression internationale pour soulager la souffrance des Palestiniens \u00e0 Gaza. Une famine dans le Nord a maintenant contest\u00e9 une famine Netanyahu &#8211; et conserve le cours.<\/strong><\/p>\n<p><span id=\"more-423004\"><\/span>M\u00eame apr\u00e8s l&rsquo;explication d&rsquo;une famine dans la ville de la ville de Gaza, le chef du gouvernement d&rsquo;Isra\u00ebl Benjamin Netanyahu a r\u00e9guli\u00e8rement d\u00e9clar\u00e9 par des experts internationaux \u00e0 ses objectifs de guerre. La campagne de faim organis\u00e9e par l&rsquo;organisation terroriste islamiste Hamas ne nous emp\u00eachera pas de lib\u00e9rer nos otages et d&rsquo;\u00e9liminer le Hamas \u00bb, a-t-il d\u00e9clar\u00e9 en r\u00e9ponse \u00e0 un rapport sensationnel de l&rsquo;initiative IPC reconnue comme une autorit\u00e9 de s\u00e9curit\u00e9 nutritionnelle.<\/p>\n<div id=\"attachment_423009\" class=\"wp-caption alignleft\" style=\"max-width: 300px\"><img fetchpriority=\"high\" decoding=\"async\" class=\"wp-image-423009 size-medium\" src=\"https:\/\/vieassociative.be\/actualites\/wp-content\/uploads\/2025\/08\/Disaste-de-la-faim-dans-la-bande-de-Gaza-Pour.jpg\" alt=\"\" width=\"300\" height=\"200\"><\/div>\n<p>Netanyahu avait pr\u00e9c\u00e9demment approuv\u00e9 des plans pour avoir pris la ville de Gaza dans le nord de la bande de Gaza scell\u00e9e. L&rsquo;arm\u00e9e isra\u00e9lienne se pr\u00e9pare \u00e0 convertir environ un million de r\u00e9sidents en camps de tentes dans le sud.<\/p>\n<p>Selon l&rsquo;initiative IPC, la dur\u00e9e de vie de 132 000 enfants de moins de cinq ans est menac\u00e9e en raison de la malnutrition. 41 000 d&rsquo;entre eux seraient consid\u00e9r\u00e9s comme des cas particuli\u00e8rement mena\u00e7ants, deux fois plus que dans l&rsquo;\u00e9valuation pr\u00e9c\u00e9dente en mai. Il s&rsquo;agit du district de Gaza o\u00f9 se trouve \u00e9galement la ville.<\/p>\n<p>\u00ab\u00a0Certains jours, je ne peux trouver qu&rsquo;un peu de pain et une tomate pour les partager entre trois enfants\u00a0\u00bb, se plaint Mariam al-Scheikh. Avoir quelque chose \u00e0 ses enfants est un combat quotidien, rapporte l&rsquo;homme de 34 ans de la ville de Gaza \u00e0 l&rsquo;agence de presse allemande. Elle cherche souvent du pain ou des casseroles pendant des heures. La nuit, elle entend le plus jeune de ses enfants pleurer de faim. \u00ab\u00a0Plus d&rsquo;un demi-million de personnes dans la bande de Gaza sont confront\u00e9es \u00e0 des conditions catastrophiques, caract\u00e9ris\u00e9es par la faim, la pauvret\u00e9 et la mort\u00a0\u00bb, explique le rapport de l&rsquo;initiative de l&rsquo;IPC.<\/p>\n<p><strong>&#8211; Selon Netanyahu, seuls les otages sont d\u00e9lib\u00e9r\u00e9ment expos\u00e9s \u00e0 la faim:<\/strong> Netanyahu a d\u00e9crit le rapport comme un \u00ab\u00a0mensonge en douceur\u00a0\u00bb. Selon la repr\u00e9sentation isra\u00e9lienne, l&rsquo;\u00e9valuation de l&rsquo;initiative IPC est bas\u00e9e sur les fausses informations du Hamas. \u00ab\u00a0Le rapport ignore d\u00e9lib\u00e9r\u00e9ment les donn\u00e9es auxquelles les auteurs ont \u00e9t\u00e9 pr\u00e9sent\u00e9s lors d&rsquo;une r\u00e9union avant sa publication et n\u00e9gligent les efforts pour \u00eatre stabilis\u00e9s dans la bande de Gaza ces derni\u00e8res semaines\u00a0\u00bb, a d\u00e9clar\u00e9 l&rsquo;autorit\u00e9 isra\u00e9lienne responsable de Cogat. Quelles donn\u00e9es sont, mais sont rest\u00e9es ouvertes.<\/p>\n<div id=\"attachment_423011\" class=\"wp-caption alignleft\" style=\"max-width: 300px\"><img decoding=\"async\" class=\"wp-image-423011 size-medium\" src=\"https:\/\/vieassociative.be\/actualites\/wp-content\/uploads\/2025\/08\/1756023469_995_Disaste-de-la-faim-dans-la-bande-de-Gaza-Pour.jpg\" alt=\"\" width=\"300\" height=\"200\"><\/div>\n<p>Le secr\u00e9taire g\u00e9n\u00e9ral de l&rsquo;ONU, Ant\u00f3nio Guterres, a parl\u00e9 d&rsquo;intention dans le cadre de la famine. Ce qui se passe maintenant, c&rsquo;est \u00ab\u00a0l&rsquo;effondrement intentionnel des syst\u00e8mes n\u00e9cessaires \u00e0 la survie humaine\u00a0\u00bb. En tant que pouvoir occupant, Isra\u00ebl a des obligations claires. Isra\u00ebl rejette toujours ces d\u00e9clarations et all\u00e9gations. Le pays, \u00e0 son tour, accuse l&rsquo;ONU de ne pas distribuer des livraisons d&rsquo;aide disponibles dans la bande de Gaza. Isra\u00ebl ne poursuit pas la politique de faim, mais la pr\u00e9vention de la faim, a soulign\u00e9 Netanyahu. \u00ab\u00a0Les seuls qui sont d\u00e9lib\u00e9r\u00e9ment expos\u00e9s \u00e0 la faim \u00e0 Gaza sont les otages isra\u00e9liens\u00a0\u00bb, a-t-il d\u00e9clar\u00e9.<\/p>\n<p><strong>&#8211; Isra\u00ebl est de plus en plus sous pression:<\/strong> Isra\u00ebl est sous une pression internationale consid\u00e9rable pour soulager la souffrance des Palestiniens dans la bande de Gaza. Les rapports sur les enfants souffrant de malnutrition ont d\u00e9clench\u00e9 l&rsquo;indignation dans le monde entier et ont contribu\u00e9 au fait que des pays comme la France, le Canada et l&rsquo;Australie ont annonc\u00e9 son intention de reconna\u00eetre un \u00c9tat palestinien. L&rsquo;Allemagne a arr\u00eat\u00e9 une partie des exportations d&rsquo;armes vers Isra\u00ebl apr\u00e8s qu&rsquo;Isra\u00ebl ait d\u00e9clar\u00e9 que la guerre de Gaza se d\u00e9velopperait.<\/p>\n<p>Un jour avant la publication du rapport de l&rsquo;IPC, la direction isra\u00e9lienne avait approuv\u00e9 les plans de mission militaire pour prendre la ville de Gaza. Le ministre de la D\u00e9fense Israel Katz a annonc\u00e9 des attaques intensives. \u00ab\u00a0Les portes de l&rsquo;enfer s&rsquo;ouvriront bient\u00f4t sur les meurtriers et les violeurs du Hamas \u00e0 Gaza &#8211; jusqu&rsquo;\u00e0 ce qu&rsquo;ils acceptent les conditions d&rsquo;Isra\u00ebl pour mettre fin \u00e0 la guerre.\u00a0\u00bb Sinon, la ville sera d\u00e9truite. En Isra\u00ebl, il a \u00e9t\u00e9 \u00e9mis que cela pourrait \u00eatre une tactique de n\u00e9gociation pour mettre le Hamas sous pression.<\/p>\n<div id=\"attachment_423012\" class=\"wp-caption alignleft\" style=\"max-width: 300px\"><img decoding=\"async\" class=\"wp-image-423012 size-medium\" src=\"https:\/\/vieassociative.be\/actualites\/wp-content\/uploads\/2025\/08\/1756023469_651_Disaste-de-la-faim-dans-la-bande-de-Gaza-Pour.jpg\" alt=\"\" width=\"300\" height=\"200\"><\/div>\n<p><strong>&#8211; Isra\u00ebl fournit des conditions pour la fin de la guerre:<\/strong> Les demandes d&rsquo;Isra\u00ebl pour la fin de la guerre sont le d\u00e9sarmement du Hamas, le retour de tous les otages, la d\u00e9militarisation de la bande de Gaza, le contr\u00f4le de la s\u00e9curit\u00e9 sur la zone c\u00f4ti\u00e8re par Isra\u00ebl, ainsi que l&rsquo;administration civile, qui n&rsquo;est ni exerc\u00e9e par le Hamas ni la Palestinien Autonomy Authority en rive ouest. Netanyahu a maintenant promis de nouvelles n\u00e9gociations sur la lib\u00e9ration des otages et la fin de la guerre contre les conditions \u00ab\u00a0qui sont acceptables pour Isra\u00ebl\u00a0\u00bb.<\/p>\n<p>Quelques jours plus t\u00f4t, le Hamas a d\u00e9clar\u00e9 que l&rsquo;interm\u00e9diaire avait accept\u00e9 un cessez-le-feu. Selon les rapports des m\u00e9dias, il s&rsquo;agit d&rsquo;une version adapt\u00e9e d&rsquo;une proposition pr\u00e9c\u00e9demment n\u00e9goci\u00e9e par le sp\u00e9cialiste am\u00e9ricain Steve Witkoff. Il pr\u00e9voit une pause de 60 jours, tandis que les dix otages vivants sont lib\u00e9r\u00e9s en \u00e9change de prisonniers palestiniens. Au total, 50 otages sont toujours situ\u00e9s dans la bande de Gaza, dont au moins 20 sont cens\u00e9s \u00eatre en vie.<\/p>\n<p>Selon les m\u00e9dias, Netanyahu n&rsquo;avait r\u00e9cemment accept\u00e9 d&rsquo;\u00eatre un accord que si tous les otages sont lib\u00e9r\u00e9s en m\u00eame temps et que la guerre contre les conditions d&rsquo;Isra\u00ebl est termin\u00e9e. Jusqu&rsquo;\u00e0 pr\u00e9sent, les n\u00e9gociations indirectes sur le nouveau cessez-le-feu ont \u00e9chou\u00e9 et ont r\u00e9cemment interrompu. Les interm\u00e9diaires &#8211; les \u00c9tats-Unis, le Qatar et l&rsquo;\u00c9gypte &#8211; s&rsquo;efforcent de reprendre les contacts. (DPA)<\/p>\n<p><em><strong>Sur le sujet, voir \u00e9galement l&rsquo;article suivant sur OD:<\/strong><\/em><\/p>\n<div class=\"responsive-embed widescreen\">\n<blockquote class=\"wp-embedded-content\" data-secret=\"j7371tJiTQ\">\n<p>Madonna demande \u00e0 Pope de se rendre \u00e0 la bande de Gaza<\/p>\n<\/blockquote>\n<p><iframe loading=\"lazy\" class=\"wp-embedded-content\" sandbox=\"allow-scripts\" security=\"restricted\" style=\"position: absolute; visibility: hidden;\" title=\"\u201eMadonna bittet Papst um Reise in den Gazastreifen\u201c \u2014 Ostbelgien Direkt\" src=\"https:\/\/ostbelgiendirekt.be\/about:blank\" data-secret=\"j7371tJiTQ\" width=\"500\" height=\"282\" frameborder=\"0\" marginwidth=\"0\" marginheight=\"0\" scrolling=\"no\" data-rocket-lazyload=\"fitvidscompatible\" data-lazy-src=\"https:\/\/ostbelgiendirekt.be\/madonna-bittet-papst-422336\/embed#?secret=lkWdTwuuUX#?secret=j7371tJiTQ\"><\/iframe><noscript><iframe class=\"wp-embedded-content\" sandbox=\"allow-scripts\" security=\"restricted\" style=\"position: absolute; visibility: hidden;\" title=\"\u201eMadonna bittet Papst um Reise in den Gazastreifen\u201c \u2014 Ostbelgien Direkt\" src=\"https:\/\/ostbelgiendirekt.be\/madonna-bittet-papst-422336\/embed#?secret=lkWdTwuuUX#?secret=j7371tJiTQ\" data-secret=\"j7371tJiTQ\" width=\"500\" height=\"282\" frameborder=\"0\" marginwidth=\"0\" marginheight=\"0\" scrolling=\"no\"><\/iframe><\/noscript><\/p>\n<\/div>\n","protected":false},"excerpt":{"rendered":"<p>Isra\u00ebl subit une pression internationale pour soulager la souffrance des Palestiniens \u00e0 Gaza. Une famine dans le Nord a maintenant contest\u00e9 une famine Netanyahu &#8211;<\/p>\n","protected":false},"author":1,"featured_media":9601,"comment_status":"","ping_status":"","sticky":false,"template":"","format":"standard","meta":{"footnotes":""},"categories":[298],"tags":[4945,3311,166,8285,8286,4755,4944,7658,4679,676,81,110],"class_list":["post-9600","post","type-post","status-publish","format-standard","has-post-thumbnail","hentry","category-belgique","tag-bande","tag-campagne","tag-dans","tag-disaste","tag-faim","tag-gaza","tag-hamas","tag-netanyahu","tag-organisee","tag-par","tag-pour","tag-une","generate-columns","tablet-grid-50","mobile-grid-100","grid-parent","grid-33"],"yoast_head":"<!-- This site is optimized with the Yoast SEO plugin v24.0 - https:\/\/yoast.com\/wordpress\/plugins\/seo\/ -->\n<title>Disaste de la faim dans la bande de Gaza? Pour Netanyahu &quot;une campagne de faim organis\u00e9e par le Hamas&quot; | Vie Associative<\/title>\n<meta name=\"robots\" content=\"index, follow, max-snippet:-1, max-image-preview:large, max-video-preview:-1\" \/>\n<link rel=\"canonical\" href=\"https:\/\/vieassociative.be\/actualites\/disaste-de-la-faim-dans-la-bande-de-gaza-pour-netanyahu-une-campagne-de-faim-organisee-par-le-hamas\/\" \/>\n<meta property=\"og:locale\" content=\"fr_FR\" \/>\n<meta property=\"og:type\" content=\"article\" \/>\n<meta property=\"og:title\" content=\"Disaste de la faim dans la bande de Gaza? Pour Netanyahu &quot;une campagne de faim organis\u00e9e par le Hamas&quot; | Vie Associative\" \/>\n<meta property=\"og:description\" content=\"Isra\u00ebl subit une pression internationale pour soulager la souffrance des Palestiniens \u00e0 Gaza. Une famine dans le Nord a maintenant contest\u00e9 une famine Netanyahu &#8211;\" \/>\n<meta property=\"og:url\" content=\"https:\/\/vieassociative.be\/actualites\/disaste-de-la-faim-dans-la-bande-de-gaza-pour-netanyahu-une-campagne-de-faim-organisee-par-le-hamas\/\" \/>\n<meta property=\"og:site_name\" content=\"Vie Associative\" \/>\n<meta property=\"article:published_time\" content=\"2025-08-24T08:17:49+00:00\" \/>\n<meta property=\"og:image\" content=\"https:\/\/vieassociative.be\/actualites\/wp-content\/uploads\/2024\/09\/header_backgroundk-01-e1726694325946.png\" \/>\n\t<meta property=\"og:image:width\" content=\"279\" \/>\n\t<meta property=\"og:image:height\" content=\"92\" \/>\n\t<meta property=\"og:image:type\" content=\"image\/png\" \/>\n<meta name=\"author\" content=\"Julien\" \/>\n<meta name=\"twitter:card\" content=\"summary_large_image\" \/>\n<meta name=\"twitter:label1\" content=\"\u00c9crit par\" \/>\n\t<meta name=\"twitter:data1\" content=\"Julien\" \/>\n\t<meta name=\"twitter:label2\" content=\"Dur\u00e9e de lecture est.\" \/>\n\t<meta name=\"twitter:data2\" content=\"5 minutes\" \/>\n<script type=\"application\/ld+json\" class=\"yoast-schema-graph\">{\"@context\":\"https:\/\/schema.org\",\"@graph\":[{\"@type\":\"Article\",\"@id\":\"https:\/\/vieassociative.be\/actualites\/disaste-de-la-faim-dans-la-bande-de-gaza-pour-netanyahu-une-campagne-de-faim-organisee-par-le-hamas\/#article\",\"isPartOf\":{\"@id\":\"https:\/\/vieassociative.be\/actualites\/disaste-de-la-faim-dans-la-bande-de-gaza-pour-netanyahu-une-campagne-de-faim-organisee-par-le-hamas\/\"},\"author\":{\"name\":\"Julien\",\"@id\":\"https:\/\/vieassociative.be\/actualites\/#\/schema\/person\/b87ac4f82f9d4e7b7cec7395b679edc4\"},\"headline\":\"Disaste de la faim dans la bande de Gaza? Pour Netanyahu \u00ab\u00a0une campagne de faim organis\u00e9e par le Hamas\u00a0\u00bb\",\"datePublished\":\"2025-08-24T08:17:49+00:00\",\"dateModified\":\"2025-08-24T08:17:49+00:00\",\"mainEntityOfPage\":{\"@id\":\"https:\/\/vieassociative.be\/actualites\/disaste-de-la-faim-dans-la-bande-de-gaza-pour-netanyahu-une-campagne-de-faim-organisee-par-le-hamas\/\"},\"wordCount\":1092,\"publisher\":{\"@id\":\"https:\/\/vieassociative.be\/actualites\/#organization\"},\"image\":{\"@id\":\"https:\/\/vieassociative.be\/actualites\/disaste-de-la-faim-dans-la-bande-de-gaza-pour-netanyahu-une-campagne-de-faim-organisee-par-le-hamas\/#primaryimage\"},\"thumbnailUrl\":\"https:\/\/vieassociative.be\/actualites\/wp-content\/uploads\/2025\/08\/1756023469_Disaste-de-la-faim-dans-la-bande-de-Gaza-Pour.jpg\",\"keywords\":[\"bande\",\"campagne\",\"dans\",\"Disaste\",\"faim\",\"Gaza\",\"Hamas\",\"Netanyahu\",\"organis\u00e9e\",\"par\",\"pour\",\"une\"],\"articleSection\":[\"Belgique\"],\"inLanguage\":\"fr-BE\"},{\"@type\":\"WebPage\",\"@id\":\"https:\/\/vieassociative.be\/actualites\/disaste-de-la-faim-dans-la-bande-de-gaza-pour-netanyahu-une-campagne-de-faim-organisee-par-le-hamas\/\",\"url\":\"https:\/\/vieassociative.be\/actualites\/disaste-de-la-faim-dans-la-bande-de-gaza-pour-netanyahu-une-campagne-de-faim-organisee-par-le-hamas\/\",\"name\":\"Disaste de la faim dans la bande de Gaza? Pour Netanyahu \\\"une campagne de faim organis\u00e9e par le Hamas\\\" | Vie Associative\",\"isPartOf\":{\"@id\":\"https:\/\/vieassociative.be\/actualites\/#website\"},\"primaryImageOfPage\":{\"@id\":\"https:\/\/vieassociative.be\/actualites\/disaste-de-la-faim-dans-la-bande-de-gaza-pour-netanyahu-une-campagne-de-faim-organisee-par-le-hamas\/#primaryimage\"},\"image\":{\"@id\":\"https:\/\/vieassociative.be\/actualites\/disaste-de-la-faim-dans-la-bande-de-gaza-pour-netanyahu-une-campagne-de-faim-organisee-par-le-hamas\/#primaryimage\"},\"thumbnailUrl\":\"https:\/\/vieassociative.be\/actualites\/wp-content\/uploads\/2025\/08\/1756023469_Disaste-de-la-faim-dans-la-bande-de-Gaza-Pour.jpg\",\"datePublished\":\"2025-08-24T08:17:49+00:00\",\"dateModified\":\"2025-08-24T08:17:49+00:00\",\"breadcrumb\":{\"@id\":\"https:\/\/vieassociative.be\/actualites\/disaste-de-la-faim-dans-la-bande-de-gaza-pour-netanyahu-une-campagne-de-faim-organisee-par-le-hamas\/#breadcrumb\"},\"inLanguage\":\"fr-BE\",\"potentialAction\":[{\"@type\":\"ReadAction\",\"target\":[\"https:\/\/vieassociative.be\/actualites\/disaste-de-la-faim-dans-la-bande-de-gaza-pour-netanyahu-une-campagne-de-faim-organisee-par-le-hamas\/\"]}]},{\"@type\":\"ImageObject\",\"inLanguage\":\"fr-BE\",\"@id\":\"https:\/\/vieassociative.be\/actualites\/disaste-de-la-faim-dans-la-bande-de-gaza-pour-netanyahu-une-campagne-de-faim-organisee-par-le-hamas\/#primaryimage\",\"url\":\"https:\/\/vieassociative.be\/actualites\/wp-content\/uploads\/2025\/08\/1756023469_Disaste-de-la-faim-dans-la-bande-de-Gaza-Pour.jpg\",\"contentUrl\":\"https:\/\/vieassociative.be\/actualites\/wp-content\/uploads\/2025\/08\/1756023469_Disaste-de-la-faim-dans-la-bande-de-Gaza-Pour.jpg\",\"width\":1200,\"height\":800,\"caption\":\"Disaste de la faim dans la bande de Gaza? Pour Netanyahu \\\"une campagne de faim organis\u00e9e par le Hamas\\\"\"},{\"@type\":\"BreadcrumbList\",\"@id\":\"https:\/\/vieassociative.be\/actualites\/disaste-de-la-faim-dans-la-bande-de-gaza-pour-netanyahu-une-campagne-de-faim-organisee-par-le-hamas\/#breadcrumb\",\"itemListElement\":[{\"@type\":\"ListItem\",\"position\":1,\"name\":\"Accueil\",\"item\":\"https:\/\/vieassociative.be\/actualites\/\"},{\"@type\":\"ListItem\",\"position\":2,\"name\":\"Disaste de la faim dans la bande de Gaza? Pour Netanyahu \u00ab\u00a0une campagne de faim organis\u00e9e par le Hamas\u00a0\u00bb\"}]},{\"@type\":\"WebSite\",\"@id\":\"https:\/\/vieassociative.be\/actualites\/#website\",\"url\":\"https:\/\/vieassociative.be\/actualites\/\",\"name\":\"Vie Associative\",\"description\":\"\",\"publisher\":{\"@id\":\"https:\/\/vieassociative.be\/actualites\/#organization\"},\"potentialAction\":[{\"@type\":\"SearchAction\",\"target\":{\"@type\":\"EntryPoint\",\"urlTemplate\":\"https:\/\/vieassociative.be\/actualites\/?s={search_term_string}\"},\"query-input\":{\"@type\":\"PropertyValueSpecification\",\"valueRequired\":true,\"valueName\":\"search_term_string\"}}],\"inLanguage\":\"fr-BE\"},{\"@type\":\"Organization\",\"@id\":\"https:\/\/vieassociative.be\/actualites\/#organization\",\"name\":\"Vie Associative\",\"url\":\"https:\/\/vieassociative.be\/actualites\/\",\"logo\":{\"@type\":\"ImageObject\",\"inLanguage\":\"fr-BE\",\"@id\":\"https:\/\/vieassociative.be\/actualites\/#\/schema\/logo\/image\/\",\"url\":\"https:\/\/vieassociative.be\/actualites\/wp-content\/uploads\/2024\/09\/cropped-vieassociative_favicon.ico.png\",\"contentUrl\":\"https:\/\/vieassociative.be\/actualites\/wp-content\/uploads\/2024\/09\/cropped-vieassociative_favicon.ico.png\",\"width\":512,\"height\":512,\"caption\":\"Vie Associative\"},\"image\":{\"@id\":\"https:\/\/vieassociative.be\/actualites\/#\/schema\/logo\/image\/\"}},{\"@type\":\"Person\",\"@id\":\"https:\/\/vieassociative.be\/actualites\/#\/schema\/person\/b87ac4f82f9d4e7b7cec7395b679edc4\",\"name\":\"Julien\",\"image\":{\"@type\":\"ImageObject\",\"inLanguage\":\"fr-BE\",\"@id\":\"https:\/\/vieassociative.be\/actualites\/#\/schema\/person\/image\/\",\"url\":\"https:\/\/vieassociative.be\/actualites\/wp-content\/uploads\/2024\/09\/vie-associative-1-150x150.jpg\",\"contentUrl\":\"https:\/\/vieassociative.be\/actualites\/wp-content\/uploads\/2024\/09\/vie-associative-1-150x150.jpg\",\"caption\":\"Julien\"},\"description\":\"Je suis Julien, r\u00e9dacteur pour Vie Associative. Passionn\u00e9 par le monde associatif depuis plus de 10 ans, j'ai \u00e0 c\u0153ur de partager des histoires inspirantes et de mettre en lumi\u00e8re les initiatives locales. Mon objectif est de sensibiliser et d'encourager l'engagement communautaire \u00e0 travers mes articles.\",\"sameAs\":[\"https:\/\/vieassociative.be\/\"]}]}<\/script>\n<!-- \/ Yoast SEO plugin. -->","yoast_head_json":{"title":"Disaste de la faim dans la bande de Gaza? Pour Netanyahu \"une campagne de faim organis\u00e9e par le Hamas\" | Vie Associative","robots":{"index":"index","follow":"follow","max-snippet":"max-snippet:-1","max-image-preview":"max-image-preview:large","max-video-preview":"max-video-preview:-1"},"canonical":"https:\/\/vieassociative.be\/actualites\/disaste-de-la-faim-dans-la-bande-de-gaza-pour-netanyahu-une-campagne-de-faim-organisee-par-le-hamas\/","og_locale":"fr_FR","og_type":"article","og_title":"Disaste de la faim dans la bande de Gaza? Pour Netanyahu \"une campagne de faim organis\u00e9e par le Hamas\" | Vie Associative","og_description":"Isra\u00ebl subit une pression internationale pour soulager la souffrance des Palestiniens \u00e0 Gaza. Une famine dans le Nord a maintenant contest\u00e9 une famine Netanyahu &#8211;","og_url":"https:\/\/vieassociative.be\/actualites\/disaste-de-la-faim-dans-la-bande-de-gaza-pour-netanyahu-une-campagne-de-faim-organisee-par-le-hamas\/","og_site_name":"Vie Associative","article_published_time":"2025-08-24T08:17:49+00:00","og_image":[{"width":279,"height":92,"url":"https:\/\/vieassociative.be\/actualites\/wp-content\/uploads\/2024\/09\/header_backgroundk-01-e1726694325946.png","type":"image\/png"}],"author":"Julien","twitter_card":"summary_large_image","twitter_misc":{"\u00c9crit par":"Julien","Dur\u00e9e de lecture est.":"5 minutes"},"schema":{"@context":"https:\/\/schema.org","@graph":[{"@type":"Article","@id":"https:\/\/vieassociative.be\/actualites\/disaste-de-la-faim-dans-la-bande-de-gaza-pour-netanyahu-une-campagne-de-faim-organisee-par-le-hamas\/#article","isPartOf":{"@id":"https:\/\/vieassociative.be\/actualites\/disaste-de-la-faim-dans-la-bande-de-gaza-pour-netanyahu-une-campagne-de-faim-organisee-par-le-hamas\/"},"author":{"name":"Julien","@id":"https:\/\/vieassociative.be\/actualites\/#\/schema\/person\/b87ac4f82f9d4e7b7cec7395b679edc4"},"headline":"Disaste de la faim dans la bande de Gaza? Pour Netanyahu \u00ab\u00a0une campagne de faim organis\u00e9e par le Hamas\u00a0\u00bb","datePublished":"2025-08-24T08:17:49+00:00","dateModified":"2025-08-24T08:17:49+00:00","mainEntityOfPage":{"@id":"https:\/\/vieassociative.be\/actualites\/disaste-de-la-faim-dans-la-bande-de-gaza-pour-netanyahu-une-campagne-de-faim-organisee-par-le-hamas\/"},"wordCount":1092,"publisher":{"@id":"https:\/\/vieassociative.be\/actualites\/#organization"},"image":{"@id":"https:\/\/vieassociative.be\/actualites\/disaste-de-la-faim-dans-la-bande-de-gaza-pour-netanyahu-une-campagne-de-faim-organisee-par-le-hamas\/#primaryimage"},"thumbnailUrl":"https:\/\/vieassociative.be\/actualites\/wp-content\/uploads\/2025\/08\/1756023469_Disaste-de-la-faim-dans-la-bande-de-Gaza-Pour.jpg","keywords":["bande","campagne","dans","Disaste","faim","Gaza","Hamas","Netanyahu","organis\u00e9e","par","pour","une"],"articleSection":["Belgique"],"inLanguage":"fr-BE"},{"@type":"WebPage","@id":"https:\/\/vieassociative.be\/actualites\/disaste-de-la-faim-dans-la-bande-de-gaza-pour-netanyahu-une-campagne-de-faim-organisee-par-le-hamas\/","url":"https:\/\/vieassociative.be\/actualites\/disaste-de-la-faim-dans-la-bande-de-gaza-pour-netanyahu-une-campagne-de-faim-organisee-par-le-hamas\/","name":"Disaste de la faim dans la bande de Gaza? Pour Netanyahu \"une campagne de faim organis\u00e9e par le Hamas\" | Vie Associative","isPartOf":{"@id":"https:\/\/vieassociative.be\/actualites\/#website"},"primaryImageOfPage":{"@id":"https:\/\/vieassociative.be\/actualites\/disaste-de-la-faim-dans-la-bande-de-gaza-pour-netanyahu-une-campagne-de-faim-organisee-par-le-hamas\/#primaryimage"},"image":{"@id":"https:\/\/vieassociative.be\/actualites\/disaste-de-la-faim-dans-la-bande-de-gaza-pour-netanyahu-une-campagne-de-faim-organisee-par-le-hamas\/#primaryimage"},"thumbnailUrl":"https:\/\/vieassociative.be\/actualites\/wp-content\/uploads\/2025\/08\/1756023469_Disaste-de-la-faim-dans-la-bande-de-Gaza-Pour.jpg","datePublished":"2025-08-24T08:17:49+00:00","dateModified":"2025-08-24T08:17:49+00:00","breadcrumb":{"@id":"https:\/\/vieassociative.be\/actualites\/disaste-de-la-faim-dans-la-bande-de-gaza-pour-netanyahu-une-campagne-de-faim-organisee-par-le-hamas\/#breadcrumb"},"inLanguage":"fr-BE","potentialAction":[{"@type":"ReadAction","target":["https:\/\/vieassociative.be\/actualites\/disaste-de-la-faim-dans-la-bande-de-gaza-pour-netanyahu-une-campagne-de-faim-organisee-par-le-hamas\/"]}]},{"@type":"ImageObject","inLanguage":"fr-BE","@id":"https:\/\/vieassociative.be\/actualites\/disaste-de-la-faim-dans-la-bande-de-gaza-pour-netanyahu-une-campagne-de-faim-organisee-par-le-hamas\/#primaryimage","url":"https:\/\/vieassociative.be\/actualites\/wp-content\/uploads\/2025\/08\/1756023469_Disaste-de-la-faim-dans-la-bande-de-Gaza-Pour.jpg","contentUrl":"https:\/\/vieassociative.be\/actualites\/wp-content\/uploads\/2025\/08\/1756023469_Disaste-de-la-faim-dans-la-bande-de-Gaza-Pour.jpg","width":1200,"height":800,"caption":"Disaste de la faim dans la bande de Gaza? Pour Netanyahu \"une campagne de faim organis\u00e9e par le Hamas\""},{"@type":"BreadcrumbList","@id":"https:\/\/vieassociative.be\/actualites\/disaste-de-la-faim-dans-la-bande-de-gaza-pour-netanyahu-une-campagne-de-faim-organisee-par-le-hamas\/#breadcrumb","itemListElement":[{"@type":"ListItem","position":1,"name":"Accueil","item":"https:\/\/vieassociative.be\/actualites\/"},{"@type":"ListItem","position":2,"name":"Disaste de la faim dans la bande de Gaza? Pour Netanyahu \u00ab\u00a0une campagne de faim organis\u00e9e par le Hamas\u00a0\u00bb"}]},{"@type":"WebSite","@id":"https:\/\/vieassociative.be\/actualites\/#website","url":"https:\/\/vieassociative.be\/actualites\/","name":"Vie Associative","description":"","publisher":{"@id":"https:\/\/vieassociative.be\/actualites\/#organization"},"potentialAction":[{"@type":"SearchAction","target":{"@type":"EntryPoint","urlTemplate":"https:\/\/vieassociative.be\/actualites\/?s={search_term_string}"},"query-input":{"@type":"PropertyValueSpecification","valueRequired":true,"valueName":"search_term_string"}}],"inLanguage":"fr-BE"},{"@type":"Organization","@id":"https:\/\/vieassociative.be\/actualites\/#organization","name":"Vie Associative","url":"https:\/\/vieassociative.be\/actualites\/","logo":{"@type":"ImageObject","inLanguage":"fr-BE","@id":"https:\/\/vieassociative.be\/actualites\/#\/schema\/logo\/image\/","url":"https:\/\/vieassociative.be\/actualites\/wp-content\/uploads\/2024\/09\/cropped-vieassociative_favicon.ico.png","contentUrl":"https:\/\/vieassociative.be\/actualites\/wp-content\/uploads\/2024\/09\/cropped-vieassociative_favicon.ico.png","width":512,"height":512,"caption":"Vie Associative"},"image":{"@id":"https:\/\/vieassociative.be\/actualites\/#\/schema\/logo\/image\/"}},{"@type":"Person","@id":"https:\/\/vieassociative.be\/actualites\/#\/schema\/person\/b87ac4f82f9d4e7b7cec7395b679edc4","name":"Julien","image":{"@type":"ImageObject","inLanguage":"fr-BE","@id":"https:\/\/vieassociative.be\/actualites\/#\/schema\/person\/image\/","url":"https:\/\/vieassociative.be\/actualites\/wp-content\/uploads\/2024\/09\/vie-associative-1-150x150.jpg","contentUrl":"https:\/\/vieassociative.be\/actualites\/wp-content\/uploads\/2024\/09\/vie-associative-1-150x150.jpg","caption":"Julien"},"description":"Je suis Julien, r\u00e9dacteur pour Vie Associative. Passionn\u00e9 par le monde associatif depuis plus de 10 ans, j'ai \u00e0 c\u0153ur de partager des histoires inspirantes et de mettre en lumi\u00e8re les initiatives locales. Mon objectif est de sensibiliser et d'encourager l'engagement communautaire \u00e0 travers mes articles.","sameAs":["https:\/\/vieassociative.be\/"]}]}},"_links":{"self":[{"href":"https:\/\/vieassociative.be\/actualites\/wp-json\/wp\/v2\/posts\/9600"}],"collection":[{"href":"https:\/\/vieassociative.be\/actualites\/wp-json\/wp\/v2\/posts"}],"about":[{"href":"https:\/\/vieassociative.be\/actualites\/wp-json\/wp\/v2\/types\/post"}],"author":[{"embeddable":true,"href":"https:\/\/vieassociative.be\/actualites\/wp-json\/wp\/v2\/users\/1"}],"replies":[{"embeddable":true,"href":"https:\/\/vieassociative.be\/actualites\/wp-json\/wp\/v2\/comments?post=9600"}],"version-history":[{"count":0,"href":"https:\/\/vieassociative.be\/actualites\/wp-json\/wp\/v2\/posts\/9600\/revisions"}],"wp:featuredmedia":[{"embeddable":true,"href":"https:\/\/vieassociative.be\/actualites\/wp-json\/wp\/v2\/media\/9601"}],"wp:attachment":[{"href":"https:\/\/vieassociative.be\/actualites\/wp-json\/wp\/v2\/media?parent=9600"}],"wp:term":[{"taxonomy":"category","embeddable":true,"href":"https:\/\/vieassociative.be\/actualites\/wp-json\/wp\/v2\/categories?post=9600"},{"taxonomy":"post_tag","embeddable":true,"href":"https:\/\/vieassociative.be\/actualites\/wp-json\/wp\/v2\/tags?post=9600"}],"curies":[{"name":"wp","href":"https:\/\/api.w.org\/{rel}","templated":true}]}}